{"id":219620,"date":"2025-02-05T19:53:00","date_gmt":"2025-02-05T19:53:00","guid":{"rendered":"https:\/\/www.webdo.tn\/fr\/blog\/la-tunisie-et-expertise-france-annoncent-de-nouveaux-projets-communs\/219620\/"},"modified":"2025-05-21T09:08:36","modified_gmt":"2025-05-21T09:08:36","slug":"la-tunisie-et-expertise-france-annoncent-de-nouveaux-projets-communs","status":"publish","type":"post","link":"https:\/\/www.webdo.tn\/fr\/actualite\/national\/la-tunisie-et-expertise-france-annoncent-de-nouveaux-projets-communs\/219620\/","title":{"rendered":"La Tunisie et Expertise France annoncent de nouveaux projets communs"},"content":{"rendered":"<p>Le 5 f\u00e9vrier 2025, Mohamed Ben Ayed, Secr\u00e9taire d&rsquo;\u00c9tat aupr\u00e8s du ministre des Affaires \u00e9trang\u00e8res, de la Migration et des Tunisiens \u00e0 l&rsquo;\u00e9tranger, a rencontr\u00e9 J\u00e9r\u00e9mie Pellet, directeur g\u00e9n\u00e9ral de l&rsquo;Agence fran\u00e7aise d&rsquo;expertise technique \u00ab\u00a0Expertise France\u00a0\u00bb, accompagn\u00e9 de Anne Gu\u00e9guen, ambassadrice de France en Tunisie.<\/p>\n<p>\t\t\t\t\t\t\t\t\tCette rencontre s&rsquo;inscrit dans le cadre de la visite de travail de Pellet en Tunisie, qui a eu lieu du 3 au 5 f\u00e9vrier 2025.\u00a0<br \/>\nL&rsquo;entretien a \u00e9t\u00e9 l&rsquo;occasion de faire un point sur les projets en cours men\u00e9s par l&rsquo;agence en Tunisie, dont une trentaine dans divers secteurs. Parmi les initiatives les plus marquantes, le programme \u00ab\u00a0QAWAFEL\u00a0\u00bb, qui vise \u00e0 aider les startups et les PME tunisiennes \u00e0 acc\u00e9der aux march\u00e9s africains, et le programme \u00ab\u00a0Patrimoine 3000\u00a0\u00bb, qui met en valeur le patrimoine historique de la Tunisie \u00e0 travers la modernisation du Mus\u00e9e de Carthage et de ses environs.<\/p>\n<p>Ben Ayed a salu\u00e9 le r\u00f4le essentiel jou\u00e9 par Expertise France en Tunisie, insistant sur la n\u00e9cessit\u00e9 de poursuivre cette collaboration dans le respect des priorit\u00e9s nationales. Il a \u00e9galement soulign\u00e9 l&rsquo;importance de l&rsquo;expertise de l&rsquo;agence pour soutenir la comp\u00e9titivit\u00e9 des entreprises tunisiennes sur le march\u00e9 africain et international.<\/p>\n<p>De son c\u00f4t\u00e9, Pellet a exprim\u00e9 sa satisfaction concernant le niveau de coop\u00e9ration entre la Tunisie et l&rsquo;agence, soulignant la qualit\u00e9 des comp\u00e9tences tunisiennes en mati\u00e8re de coop\u00e9ration technique. Il a \u00e9galement pr\u00e9cis\u00e9 que la Tunisie occupe une place de choix dans le r\u00e9seau mondial d&rsquo;Expertise France, qui intervient dans plus de 100 pays. Le directeur g\u00e9n\u00e9ral a r\u00e9affirm\u00e9 l&rsquo;engagement de l&rsquo;agence \u00e0 multiplier les projets conjoints pour renforcer la coop\u00e9ration \u00e9conomique et le partenariat entre les deux pays.<\/p>\n","protected":false},"excerpt":{"rendered":"<p>La Tunisie et Expertise France renforcent leur coop\u00e9ration \u00e0 travers de nouveaux projets communs, visant \u00e0 soutenir les PME, l\u2019exportation et la valorisation du&#8230;<\/p>\n","protected":false},"author":3166,"featured_media":291798,"comment_status":"open","ping_status":"closed","sticky":false,"template":"","format":"standard","meta":{"footnotes":""},"categories":[44],"tags":[10945,2732,2998,2608],"class_list":["post-219620","post","type-post","status-publish","format-standard","has-post-thumbnail","hentry","category-national","tag-expertise-france","tag-cooperation","tag-france","tag-tunisie"],"yoast_head":"<!-- This site is optimized with the Yoast SEO Premium plugin v27.5 (Yoast SEO v27.5) - https:\/\/yoast.com\/product\/yoast-seo-premium-wordpress\/ -->\n<title>La Tunisie et Expertise France annoncent de nouveaux projets communs<\/title>\n<meta name=\"description\" content=\"La Tunisie et Expertise France renforcent leur coop\u00e9ration \u00e0 travers de nouveaux projets communs, visant \u00e0 soutenir les PME, l\u2019exportation et la valorisation du...\" \/>\n<link rel=\"canonical\" href=\"https:\/\/www.webdo.tn\/fr\/actualite\/national\/la-tunisie-et-expertise-france-annoncent-de-nouveaux-projets-communs\/219620\/\" \/>\n<meta property=\"og:locale\" content=\"fr_FR\" \/>\n<meta property=\"og:type\" content=\"article\" \/>\n<meta property=\"og:title\" content=\"La Tunisie et Expertise France annoncent de nouveaux projets communs\" \/>\n<meta property=\"og:description\" content=\"La Tunisie et Expertise France renforcent leur coop\u00e9ration \u00e0 travers de nouveaux projets communs, visant \u00e0 soutenir les PME, l\u2019exportation et la valorisation du...\" \/>\n<meta property=\"og:url\" content=\"https:\/\/www.webdo.tn\/fr\/actualite\/national\/la-tunisie-et-expertise-france-annoncent-de-nouveaux-projets-communs\/219620\/\" \/>\n<meta property=\"og:site_name\" content=\"webdo\" \/>\n<meta property=\"article:publisher\" content=\"https:\/\/www.facebook.com\/webdotn\" \/>\n<meta property=\"article:published_time\" content=\"2025-02-05T19:53:00+00:00\" \/>\n<meta property=\"article:modified_time\" content=\"2025-05-21T09:08:36+00:00\" \/>\n<meta property=\"og:image\" content=\"https:\/\/www.webdo.tn\/fr\/wp-content\/uploads\/2025\/02\/99ece1bd2a7825141987addb355d302f.webp\" \/>\n\t<meta property=\"og:image:width\" content=\"750\" \/>\n\t<meta property=\"og:image:height\" content=\"400\" \/>\n\t<meta property=\"og:image:type\" content=\"image\/webp\" \/>\n<meta name=\"author\" content=\"AZ\" \/>\n<meta name=\"twitter:card\" content=\"summary_large_image\" \/>\n<meta name=\"twitter:creator\" content=\"@webdo_tn\" \/>\n<meta name=\"twitter:site\" content=\"@webdo_tn\" \/>\n<meta name=\"twitter:label1\" content=\"\u00c9crit par\" \/>\n\t<meta name=\"twitter:data1\" content=\"AZ\" \/>\n\t<meta name=\"twitter:label2\" content=\"Dur\u00e9e de lecture estim\u00e9e\" \/>\n\t<meta name=\"twitter:data2\" content=\"1 minute\" \/>\n<script type=\"application\/ld+json\" class=\"yoast-schema-graph\">{\"@context\":\"https:\\\/\\\/schema.org\",\"@graph\":[{\"@type\":\"NewsArticle\",\"@id\":\"https:\\\/\\\/www.webdo.tn\\\/fr\\\/actualite\\\/national\\\/la-tunisie-et-expertise-france-annoncent-de-nouveaux-projets-communs\\\/219620\\\/#article\",\"isPartOf\":{\"@id\":\"https:\\\/\\\/www.webdo.tn\\\/fr\\\/actualite\\\/national\\\/la-tunisie-et-expertise-france-annoncent-de-nouveaux-projets-communs\\\/219620\\\/\"},\"author\":{\"name\":\"AZ\",\"@id\":\"https:\\\/\\\/www.webdo.tn\\\/fr\\\/#\\\/schema\\\/person\\\/b8a41c04d93287d375510db360906b34\"},\"headline\":\"La Tunisie et Expertise France annoncent de nouveaux projets communs\",\"datePublished\":\"2025-02-05T19:53:00+00:00\",\"dateModified\":\"2025-05-21T09:08:36+00:00\",\"mainEntityOfPage\":{\"@id\":\"https:\\\/\\\/www.webdo.tn\\\/fr\\\/actualite\\\/national\\\/la-tunisie-et-expertise-france-annoncent-de-nouveaux-projets-communs\\\/219620\\\/\"},\"wordCount\":316,\"commentCount\":0,\"publisher\":{\"@id\":\"https:\\\/\\\/www.webdo.tn\\\/fr\\\/#organization\"},\"image\":{\"@id\":\"https:\\\/\\\/www.webdo.tn\\\/fr\\\/actualite\\\/national\\\/la-tunisie-et-expertise-france-annoncent-de-nouveaux-projets-communs\\\/219620\\\/#primaryimage\"},\"thumbnailUrl\":\"https:\\\/\\\/www.webdo.tn\\\/fr\\\/wp-content\\\/uploads\\\/2025\\\/02\\\/99ece1bd2a7825141987addb355d302f.webp\",\"keywords\":[\"'Expertise France']\",\"coop\u00e9ration\",\"france\",\"Tunisie\"],\"articleSection\":[\"National\"],\"inLanguage\":\"fr-FR\"},{\"@type\":\"WebPage\",\"@id\":\"https:\\\/\\\/www.webdo.tn\\\/fr\\\/actualite\\\/national\\\/la-tunisie-et-expertise-france-annoncent-de-nouveaux-projets-communs\\\/219620\\\/\",\"url\":\"https:\\\/\\\/www.webdo.tn\\\/fr\\\/actualite\\\/national\\\/la-tunisie-et-expertise-france-annoncent-de-nouveaux-projets-communs\\\/219620\\\/\",\"name\":\"La Tunisie et Expertise France annoncent de nouveaux projets communs\",\"isPartOf\":{\"@id\":\"https:\\\/\\\/www.webdo.tn\\\/fr\\\/#website\"},\"primaryImageOfPage\":{\"@id\":\"https:\\\/\\\/www.webdo.tn\\\/fr\\\/actualite\\\/national\\\/la-tunisie-et-expertise-france-annoncent-de-nouveaux-projets-communs\\\/219620\\\/#primaryimage\"},\"image\":{\"@id\":\"https:\\\/\\\/www.webdo.tn\\\/fr\\\/actualite\\\/national\\\/la-tunisie-et-expertise-france-annoncent-de-nouveaux-projets-communs\\\/219620\\\/#primaryimage\"},\"thumbnailUrl\":\"https:\\\/\\\/www.webdo.tn\\\/fr\\\/wp-content\\\/uploads\\\/2025\\\/02\\\/99ece1bd2a7825141987addb355d302f.webp\",\"datePublished\":\"2025-02-05T19:53:00+00:00\",\"dateModified\":\"2025-05-21T09:08:36+00:00\",\"description\":\"La Tunisie et Expertise France renforcent leur coop\u00e9ration \u00e0 travers de nouveaux projets communs, visant \u00e0 soutenir les PME, l\u2019exportation et la valorisation du...\",\"breadcrumb\":{\"@id\":\"https:\\\/\\\/www.webdo.tn\\\/fr\\\/actualite\\\/national\\\/la-tunisie-et-expertise-france-annoncent-de-nouveaux-projets-communs\\\/219620\\\/#breadcrumb\"},\"inLanguage\":\"fr-FR\",\"potentialAction\":[{\"@type\":\"ReadAction\",\"target\":[\"https:\\\/\\\/www.webdo.tn\\\/fr\\\/actualite\\\/national\\\/la-tunisie-et-expertise-france-annoncent-de-nouveaux-projets-communs\\\/219620\\\/\"]}]},{\"@type\":\"ImageObject\",\"inLanguage\":\"fr-FR\",\"@id\":\"https:\\\/\\\/www.webdo.tn\\\/fr\\\/actualite\\\/national\\\/la-tunisie-et-expertise-france-annoncent-de-nouveaux-projets-communs\\\/219620\\\/#primaryimage\",\"url\":\"https:\\\/\\\/www.webdo.tn\\\/fr\\\/wp-content\\\/uploads\\\/2025\\\/02\\\/99ece1bd2a7825141987addb355d302f.webp\",\"contentUrl\":\"https:\\\/\\\/www.webdo.tn\\\/fr\\\/wp-content\\\/uploads\\\/2025\\\/02\\\/99ece1bd2a7825141987addb355d302f.webp\",\"width\":750,\"height\":400,\"caption\":\"La Tunisie et Expertise France annoncent de nouveaux projets communs\"},{\"@type\":\"BreadcrumbList\",\"@id\":\"https:\\\/\\\/www.webdo.tn\\\/fr\\\/actualite\\\/national\\\/la-tunisie-et-expertise-france-annoncent-de-nouveaux-projets-communs\\\/219620\\\/#breadcrumb\",\"itemListElement\":[{\"@type\":\"ListItem\",\"position\":1,\"name\":\"Accueil\",\"item\":\"https:\\\/\\\/www.webdo.tn\\\/fr\\\/\"},{\"@type\":\"ListItem\",\"position\":2,\"name\":\"La Tunisie et Expertise France annoncent de nouveaux projets communs\"}]},{\"@type\":\"WebSite\",\"@id\":\"https:\\\/\\\/www.webdo.tn\\\/fr\\\/#website\",\"url\":\"https:\\\/\\\/www.webdo.tn\\\/fr\\\/\",\"name\":\"webdo\",\"description\":\"Tunisie - News en Tunisie et \u00e0 l&#039;international sur Webdo.tn\",\"publisher\":{\"@id\":\"https:\\\/\\\/www.webdo.tn\\\/fr\\\/#organization\"},\"potentialAction\":[{\"@type\":\"SearchAction\",\"target\":{\"@type\":\"EntryPoint\",\"urlTemplate\":\"https:\\\/\\\/www.webdo.tn\\\/fr\\\/?s={search_term_string}\"},\"query-input\":{\"@type\":\"PropertyValueSpecification\",\"valueRequired\":true,\"valueName\":\"search_term_string\"}}],\"inLanguage\":\"fr-FR\"},{\"@type\":\"Organization\",\"@id\":\"https:\\\/\\\/www.webdo.tn\\\/fr\\\/#organization\",\"name\":\"Webdo\",\"alternateName\":\"Webdo.tn\",\"url\":\"https:\\\/\\\/www.webdo.tn\\\/fr\\\/\",\"logo\":{\"@type\":\"ImageObject\",\"inLanguage\":\"fr-FR\",\"@id\":\"https:\\\/\\\/www.webdo.tn\\\/fr\\\/#\\\/schema\\\/logo\\\/image\\\/\",\"url\":\"https:\\\/\\\/www.webdo.tn\\\/fr\\\/wp-content\\\/uploads\\\/2025\\\/06\\\/Webdo-Tunisie_168377.jpg\",\"contentUrl\":\"https:\\\/\\\/www.webdo.tn\\\/fr\\\/wp-content\\\/uploads\\\/2025\\\/06\\\/Webdo-Tunisie_168377.jpg\",\"width\":301,\"height\":301,\"caption\":\"Webdo\"},\"image\":{\"@id\":\"https:\\\/\\\/www.webdo.tn\\\/fr\\\/#\\\/schema\\\/logo\\\/image\\\/\"},\"sameAs\":[\"https:\\\/\\\/www.facebook.com\\\/webdotn\",\"https:\\\/\\\/x.com\\\/webdo_tn\"],\"description\":\"Webdo est un m\u00e9dia num\u00e9rique tunisien fond\u00e9 en 2010, sp\u00e9cialis\u00e9 dans l\u2019actualit\u00e9 nationale et internationale, l\u2019\u00e9conomie, la soci\u00e9t\u00e9 et les analyses politiques. Le site s\u2019adresse \u00e0 un large public francophone et couvre l\u2019information tunisienne en temps r\u00e9el.\",\"email\":\"redac@webdo.tn\",\"legalName\":\"YNJ SARL\",\"foundingDate\":\"2010-09-06\",\"numberOfEmployees\":{\"@type\":\"QuantitativeValue\",\"minValue\":\"11\",\"maxValue\":\"50\"}},{\"@type\":\"Person\",\"@id\":\"https:\\\/\\\/www.webdo.tn\\\/fr\\\/#\\\/schema\\\/person\\\/b8a41c04d93287d375510db360906b34\",\"name\":\"AZ\",\"image\":{\"@type\":\"ImageObject\",\"inLanguage\":\"fr-FR\",\"@id\":\"https:\\\/\\\/secure.gravatar.com\\\/avatar\\\/492b80bada79439de4201dce15cd41eece6c277cfdf1b53382073c79105c1f89?s=96&d=mm&r=g\",\"url\":\"https:\\\/\\\/secure.gravatar.com\\\/avatar\\\/492b80bada79439de4201dce15cd41eece6c277cfdf1b53382073c79105c1f89?s=96&d=mm&r=g\",\"contentUrl\":\"https:\\\/\\\/secure.gravatar.com\\\/avatar\\\/492b80bada79439de4201dce15cd41eece6c277cfdf1b53382073c79105c1f89?s=96&d=mm&r=g\",\"caption\":\"AZ\"},\"url\":\"https:\\\/\\\/www.webdo.tn\\\/fr\\\/actualite\\\/author\\\/az\\\/\"}]}<\/script>\n<!-- \/ Yoast SEO Premium plugin. -->","yoast_head_json":{"title":"La Tunisie et Expertise France annoncent de nouveaux projets communs","description":"La Tunisie et Expertise France renforcent leur coop\u00e9ration \u00e0 travers de nouveaux projets communs, visant \u00e0 soutenir les PME, l\u2019exportation et la valorisation du...","canonical":"https:\/\/www.webdo.tn\/fr\/actualite\/national\/la-tunisie-et-expertise-france-annoncent-de-nouveaux-projets-communs\/219620\/","og_locale":"fr_FR","og_type":"article","og_title":"La Tunisie et Expertise France annoncent de nouveaux projets communs","og_description":"La Tunisie et Expertise France renforcent leur coop\u00e9ration \u00e0 travers de nouveaux projets communs, visant \u00e0 soutenir les PME, l\u2019exportation et la valorisation du...","og_url":"https:\/\/www.webdo.tn\/fr\/actualite\/national\/la-tunisie-et-expertise-france-annoncent-de-nouveaux-projets-communs\/219620\/","og_site_name":"webdo","article_publisher":"https:\/\/www.facebook.com\/webdotn","article_published_time":"2025-02-05T19:53:00+00:00","article_modified_time":"2025-05-21T09:08:36+00:00","og_image":[{"width":750,"height":400,"url":"https:\/\/www.webdo.tn\/fr\/wp-content\/uploads\/2025\/02\/99ece1bd2a7825141987addb355d302f.webp","type":"image\/webp"}],"author":"AZ","twitter_card":"summary_large_image","twitter_creator":"@webdo_tn","twitter_site":"@webdo_tn","twitter_misc":{"\u00c9crit par":"AZ","Dur\u00e9e de lecture estim\u00e9e":"1 minute"},"schema":{"@context":"https:\/\/schema.org","@graph":[{"@type":"NewsArticle","@id":"https:\/\/www.webdo.tn\/fr\/actualite\/national\/la-tunisie-et-expertise-france-annoncent-de-nouveaux-projets-communs\/219620\/#article","isPartOf":{"@id":"https:\/\/www.webdo.tn\/fr\/actualite\/national\/la-tunisie-et-expertise-france-annoncent-de-nouveaux-projets-communs\/219620\/"},"author":{"name":"AZ","@id":"https:\/\/www.webdo.tn\/fr\/#\/schema\/person\/b8a41c04d93287d375510db360906b34"},"headline":"La Tunisie et Expertise France annoncent de nouveaux projets communs","datePublished":"2025-02-05T19:53:00+00:00","dateModified":"2025-05-21T09:08:36+00:00","mainEntityOfPage":{"@id":"https:\/\/www.webdo.tn\/fr\/actualite\/national\/la-tunisie-et-expertise-france-annoncent-de-nouveaux-projets-communs\/219620\/"},"wordCount":316,"commentCount":0,"publisher":{"@id":"https:\/\/www.webdo.tn\/fr\/#organization"},"image":{"@id":"https:\/\/www.webdo.tn\/fr\/actualite\/national\/la-tunisie-et-expertise-france-annoncent-de-nouveaux-projets-communs\/219620\/#primaryimage"},"thumbnailUrl":"https:\/\/www.webdo.tn\/fr\/wp-content\/uploads\/2025\/02\/99ece1bd2a7825141987addb355d302f.webp","keywords":["'Expertise France']","coop\u00e9ration","france","Tunisie"],"articleSection":["National"],"inLanguage":"fr-FR"},{"@type":"WebPage","@id":"https:\/\/www.webdo.tn\/fr\/actualite\/national\/la-tunisie-et-expertise-france-annoncent-de-nouveaux-projets-communs\/219620\/","url":"https:\/\/www.webdo.tn\/fr\/actualite\/national\/la-tunisie-et-expertise-france-annoncent-de-nouveaux-projets-communs\/219620\/","name":"La Tunisie et Expertise France annoncent de nouveaux projets communs","isPartOf":{"@id":"https:\/\/www.webdo.tn\/fr\/#website"},"primaryImageOfPage":{"@id":"https:\/\/www.webdo.tn\/fr\/actualite\/national\/la-tunisie-et-expertise-france-annoncent-de-nouveaux-projets-communs\/219620\/#primaryimage"},"image":{"@id":"https:\/\/www.webdo.tn\/fr\/actualite\/national\/la-tunisie-et-expertise-france-annoncent-de-nouveaux-projets-communs\/219620\/#primaryimage"},"thumbnailUrl":"https:\/\/www.webdo.tn\/fr\/wp-content\/uploads\/2025\/02\/99ece1bd2a7825141987addb355d302f.webp","datePublished":"2025-02-05T19:53:00+00:00","dateModified":"2025-05-21T09:08:36+00:00","description":"La Tunisie et Expertise France renforcent leur coop\u00e9ration \u00e0 travers de nouveaux projets communs, visant \u00e0 soutenir les PME, l\u2019exportation et la valorisation du...","breadcrumb":{"@id":"https:\/\/www.webdo.tn\/fr\/actualite\/national\/la-tunisie-et-expertise-france-annoncent-de-nouveaux-projets-communs\/219620\/#breadcrumb"},"inLanguage":"fr-FR","potentialAction":[{"@type":"ReadAction","target":["https:\/\/www.webdo.tn\/fr\/actualite\/national\/la-tunisie-et-expertise-france-annoncent-de-nouveaux-projets-communs\/219620\/"]}]},{"@type":"ImageObject","inLanguage":"fr-FR","@id":"https:\/\/www.webdo.tn\/fr\/actualite\/national\/la-tunisie-et-expertise-france-annoncent-de-nouveaux-projets-communs\/219620\/#primaryimage","url":"https:\/\/www.webdo.tn\/fr\/wp-content\/uploads\/2025\/02\/99ece1bd2a7825141987addb355d302f.webp","contentUrl":"https:\/\/www.webdo.tn\/fr\/wp-content\/uploads\/2025\/02\/99ece1bd2a7825141987addb355d302f.webp","width":750,"height":400,"caption":"La Tunisie et Expertise France annoncent de nouveaux projets communs"},{"@type":"BreadcrumbList","@id":"https:\/\/www.webdo.tn\/fr\/actualite\/national\/la-tunisie-et-expertise-france-annoncent-de-nouveaux-projets-communs\/219620\/#breadcrumb","itemListElement":[{"@type":"ListItem","position":1,"name":"Accueil","item":"https:\/\/www.webdo.tn\/fr\/"},{"@type":"ListItem","position":2,"name":"La Tunisie et Expertise France annoncent de nouveaux projets communs"}]},{"@type":"WebSite","@id":"https:\/\/www.webdo.tn\/fr\/#website","url":"https:\/\/www.webdo.tn\/fr\/","name":"webdo","description":"Tunisie - News en Tunisie et \u00e0 l&#039;international sur Webdo.tn","publisher":{"@id":"https:\/\/www.webdo.tn\/fr\/#organization"},"potentialAction":[{"@type":"SearchAction","target":{"@type":"EntryPoint","urlTemplate":"https:\/\/www.webdo.tn\/fr\/?s={search_term_string}"},"query-input":{"@type":"PropertyValueSpecification","valueRequired":true,"valueName":"search_term_string"}}],"inLanguage":"fr-FR"},{"@type":"Organization","@id":"https:\/\/www.webdo.tn\/fr\/#organization","name":"Webdo","alternateName":"Webdo.tn","url":"https:\/\/www.webdo.tn\/fr\/","logo":{"@type":"ImageObject","inLanguage":"fr-FR","@id":"https:\/\/www.webdo.tn\/fr\/#\/schema\/logo\/image\/","url":"https:\/\/www.webdo.tn\/fr\/wp-content\/uploads\/2025\/06\/Webdo-Tunisie_168377.jpg","contentUrl":"https:\/\/www.webdo.tn\/fr\/wp-content\/uploads\/2025\/06\/Webdo-Tunisie_168377.jpg","width":301,"height":301,"caption":"Webdo"},"image":{"@id":"https:\/\/www.webdo.tn\/fr\/#\/schema\/logo\/image\/"},"sameAs":["https:\/\/www.facebook.com\/webdotn","https:\/\/x.com\/webdo_tn"],"description":"Webdo est un m\u00e9dia num\u00e9rique tunisien fond\u00e9 en 2010, sp\u00e9cialis\u00e9 dans l\u2019actualit\u00e9 nationale et internationale, l\u2019\u00e9conomie, la soci\u00e9t\u00e9 et les analyses politiques. Le site s\u2019adresse \u00e0 un large public francophone et couvre l\u2019information tunisienne en temps r\u00e9el.","email":"redac@webdo.tn","legalName":"YNJ SARL","foundingDate":"2010-09-06","numberOfEmployees":{"@type":"QuantitativeValue","minValue":"11","maxValue":"50"}},{"@type":"Person","@id":"https:\/\/www.webdo.tn\/fr\/#\/schema\/person\/b8a41c04d93287d375510db360906b34","name":"AZ","image":{"@type":"ImageObject","inLanguage":"fr-FR","@id":"https:\/\/secure.gravatar.com\/avatar\/492b80bada79439de4201dce15cd41eece6c277cfdf1b53382073c79105c1f89?s=96&d=mm&r=g","url":"https:\/\/secure.gravatar.com\/avatar\/492b80bada79439de4201dce15cd41eece6c277cfdf1b53382073c79105c1f89?s=96&d=mm&r=g","contentUrl":"https:\/\/secure.gravatar.com\/avatar\/492b80bada79439de4201dce15cd41eece6c277cfdf1b53382073c79105c1f89?s=96&d=mm&r=g","caption":"AZ"},"url":"https:\/\/www.webdo.tn\/fr\/actualite\/author\/az\/"}]}},"_links":{"self":[{"href":"https:\/\/www.webdo.tn\/fr\/wp-json\/wp\/v2\/posts\/219620","targetHints":{"allow":["GET"]}}],"collection":[{"href":"https:\/\/www.webdo.tn\/fr\/wp-json\/wp\/v2\/posts"}],"about":[{"href":"https:\/\/www.webdo.tn\/fr\/wp-json\/wp\/v2\/types\/post"}],"author":[{"embeddable":true,"href":"https:\/\/www.webdo.tn\/fr\/wp-json\/wp\/v2\/users\/3166"}],"replies":[{"embeddable":true,"href":"https:\/\/www.webdo.tn\/fr\/wp-json\/wp\/v2\/comments?post=219620"}],"version-history":[{"count":0,"href":"https:\/\/www.webdo.tn\/fr\/wp-json\/wp\/v2\/posts\/219620\/revisions"}],"wp:featuredmedia":[{"embeddable":true,"href":"https:\/\/www.webdo.tn\/fr\/wp-json\/wp\/v2\/media\/291798"}],"wp:attachment":[{"href":"https:\/\/www.webdo.tn\/fr\/wp-json\/wp\/v2\/media?parent=219620"}],"wp:term":[{"taxonomy":"category","embeddable":true,"href":"https:\/\/www.webdo.tn\/fr\/wp-json\/wp\/v2\/categories?post=219620"},{"taxonomy":"post_tag","embeddable":true,"href":"https:\/\/www.webdo.tn\/fr\/wp-json\/wp\/v2\/tags?post=219620"}],"curies":[{"name":"wp","href":"https:\/\/api.w.org\/{rel}","templated":true}]}}