{"id":219612,"date":"2025-02-05T15:11:00","date_gmt":"2025-02-05T15:11:00","guid":{"rendered":"https:\/\/www.webdo.tn\/fr\/blog\/tunisie-le-parc-actuel-des-smartphones-compatibles-avec-la-5g-ne-depasse-pas-les-10\/219612\/"},"modified":"2025-05-17T21:50:33","modified_gmt":"2025-05-17T21:50:33","slug":"tunisie-le-parc-actuel-des-smartphones-compatibles-avec-la-5g-ne-depasse-pas-les-10","status":"publish","type":"post","link":"https:\/\/www.webdo.tn\/fr\/actualite\/national\/tunisie-le-parc-actuel-des-smartphones-compatibles-avec-la-5g-ne-depasse-pas-les-10\/219612\/","title":{"rendered":"Tunisie : Le parc actuel des smartphones compatibles avec la 5G ne d\u00e9passe pas les 10%"},"content":{"rendered":"<p>Le ministre des Technologies de la Communication, Sofiane Hemissi a accord\u00e9 une interview \u00e0 Leaders dans laquelle il a abord\u00e9 les grands chantiers de son d\u00e9partement et en l\u2019occurrence le lancement tr\u00e8s prochain de la 5G.<\/p>\n<p>\tAvec la 5G, la politique de la fibre optique ne sera nullement abandonn\u00e9e ou ralentie<br \/>\n\tL\u2019e-Health reste une priorit\u00e9<\/p>\n<p>Avec ce lancement, pr\u00e9vu \u00e0 la mi-f\u00e9vrier, la Tunisie sera le premier pays en Afrique du Nord \u00e0 d\u00e9ployer cette technologie pour le grand public, comme pour tous les autres usagers, selon ses dires. Il ouvrira de larges perspectives d\u2019avanc\u00e9e dans de nombreux domaines et accro\u00eetra l\u2019attractivit\u00e9 des investissements ext\u00e9rieurs, a pr\u00e9cis\u00e9 le ministre.<\/p>\n<p>Le c\u0153ur cible pour ce premier d\u00e9marrage viendra des utilisations domestiques, \u00e0 l\u2019instar de la fibre optique, vue que le parc actuel des smartphones compatibles avec la 5G ne d\u00e9passe pas les 10% actuellement en Tunisie.<\/p>\n<p>La politique de la fibre optique ne sera nullement abandonn\u00e9e ou ralentie en Tunisie a soulign\u00e9 le ministre. Au contraire, le d\u00e9ploiement de la 5G et l\u2019extension de la fibre optique seront compl\u00e9mentaires. D\u2019ailleurs, la fibre optique qui assure des d\u00e9bits qui peuvent atteindre les 100 Mbps offre une tr\u00e8s bonne performance avec une stabilit\u00e9 garantie de la connexion.<\/p>\n<p>Concernant les prix de la 5G, le ministre a d\u00e9clar\u00e9 que chaque op\u00e9rateur dispose de sa propre strat\u00e9gie mais le minist\u00e8re veillera \u00e0 ce que les offres se rapprochent des prix actuellement en vigueur.<\/p>\n<p>Sofiane Hemissi a soulign\u00e9 que le secteur qui sera le premier candidat \u00e0 l\u2019utilisation de la 5G est celui de la sant\u00e9, dans un couple mixte avec l\u2019intelligence artificielle. L\u2019e-Health devient ainsi une priorit\u00e9 avec des solutions de t\u00e9l\u00e9m\u00e9decine pour les populations dans les zones \u00e9loign\u00e9es.<\/p>\n","protected":false},"excerpt":{"rendered":"<p>Le ministre des Technologies de la Communication, Sofiane Hemissi a accord\u00e9 une interview \u00e0 Leaders dans laquelle il a abord\u00e9 les grands chantiers de son d\u00e9part&#8230;<\/p>\n","protected":false},"author":4780,"featured_media":291793,"comment_status":"open","ping_status":"closed","sticky":false,"template":"","format":"standard","meta":{"footnotes":""},"categories":[44],"tags":[3834,3513,7481,6216,2608],"class_list":["post-219612","post","type-post","status-publish","format-standard","has-post-thumbnail","hentry","category-national","tag-5g","tag-fibre-optique","tag-lancement","tag-telecommunications","tag-tunisie"],"yoast_head":"<!-- This site is optimized with the Yoast SEO Premium plugin v27.5 (Yoast SEO v27.5) - https:\/\/yoast.com\/product\/yoast-seo-premium-wordpress\/ -->\n<title>Tunisie : Le parc actuel des smartphones compatibles avec la 5G ne d\u00e9passe pas les 10%<\/title>\n<meta name=\"description\" content=\"Le ministre des Technologies de la Communication, Sofiane Hemissi a accord\u00e9 une interview \u00e0 Leaders dans laquelle il a abord\u00e9 les grands chantiers de son d\u00e9part...\" \/>\n<link rel=\"canonical\" href=\"https:\/\/www.webdo.tn\/fr\/actualite\/national\/tunisie-le-parc-actuel-des-smartphones-compatibles-avec-la-5g-ne-depasse-pas-les-10\/219612\/\" \/>\n<meta property=\"og:locale\" content=\"fr_FR\" \/>\n<meta property=\"og:type\" content=\"article\" \/>\n<meta property=\"og:title\" content=\"Tunisie : Le parc actuel des smartphones compatibles avec la 5G ne d\u00e9passe pas les 10%\" \/>\n<meta property=\"og:description\" content=\"Le ministre des Technologies de la Communication, Sofiane Hemissi a accord\u00e9 une interview \u00e0 Leaders dans laquelle il a abord\u00e9 les grands chantiers de son d\u00e9part...\" \/>\n<meta property=\"og:url\" content=\"https:\/\/www.webdo.tn\/fr\/actualite\/national\/tunisie-le-parc-actuel-des-smartphones-compatibles-avec-la-5g-ne-depasse-pas-les-10\/219612\/\" \/>\n<meta property=\"og:site_name\" content=\"webdo\" \/>\n<meta property=\"article:publisher\" content=\"https:\/\/www.facebook.com\/webdotn\" \/>\n<meta property=\"article:published_time\" content=\"2025-02-05T15:11:00+00:00\" \/>\n<meta property=\"article:modified_time\" content=\"2025-05-17T21:50:33+00:00\" \/>\n<meta property=\"og:image\" content=\"https:\/\/www.webdo.tn\/fr\/wp-content\/uploads\/2025\/02\/38f52df4d68d7d24af3ca522bafa04e5.webp\" \/>\n\t<meta property=\"og:image:width\" content=\"680\" \/>\n\t<meta property=\"og:image:height\" content=\"363\" \/>\n\t<meta property=\"og:image:type\" content=\"image\/webp\" \/>\n<meta name=\"author\" content=\"Monia Bamri\" \/>\n<meta name=\"twitter:card\" content=\"summary_large_image\" \/>\n<meta name=\"twitter:creator\" content=\"@webdo_tn\" \/>\n<meta name=\"twitter:site\" content=\"@webdo_tn\" \/>\n<meta name=\"twitter:label1\" content=\"\u00c9crit par\" \/>\n\t<meta name=\"twitter:data1\" content=\"Monia Bamri\" \/>\n\t<meta name=\"twitter:label2\" content=\"Dur\u00e9e de lecture estim\u00e9e\" \/>\n\t<meta name=\"twitter:data2\" content=\"2 minutes\" \/>\n<script type=\"application\/ld+json\" class=\"yoast-schema-graph\">{\"@context\":\"https:\\\/\\\/schema.org\",\"@graph\":[{\"@type\":\"NewsArticle\",\"@id\":\"https:\\\/\\\/www.webdo.tn\\\/fr\\\/actualite\\\/national\\\/tunisie-le-parc-actuel-des-smartphones-compatibles-avec-la-5g-ne-depasse-pas-les-10\\\/219612\\\/#article\",\"isPartOf\":{\"@id\":\"https:\\\/\\\/www.webdo.tn\\\/fr\\\/actualite\\\/national\\\/tunisie-le-parc-actuel-des-smartphones-compatibles-avec-la-5g-ne-depasse-pas-les-10\\\/219612\\\/\"},\"author\":{\"name\":\"Monia Bamri\",\"@id\":\"https:\\\/\\\/www.webdo.tn\\\/fr\\\/#\\\/schema\\\/person\\\/d1da0176a9d8f1249ef4e693c4b29d76\"},\"headline\":\"Tunisie : Le parc actuel des smartphones compatibles avec la 5G ne d\u00e9passe pas les 10%\",\"datePublished\":\"2025-02-05T15:11:00+00:00\",\"dateModified\":\"2025-05-17T21:50:33+00:00\",\"mainEntityOfPage\":{\"@id\":\"https:\\\/\\\/www.webdo.tn\\\/fr\\\/actualite\\\/national\\\/tunisie-le-parc-actuel-des-smartphones-compatibles-avec-la-5g-ne-depasse-pas-les-10\\\/219612\\\/\"},\"wordCount\":327,\"commentCount\":0,\"publisher\":{\"@id\":\"https:\\\/\\\/www.webdo.tn\\\/fr\\\/#organization\"},\"image\":{\"@id\":\"https:\\\/\\\/www.webdo.tn\\\/fr\\\/actualite\\\/national\\\/tunisie-le-parc-actuel-des-smartphones-compatibles-avec-la-5g-ne-depasse-pas-les-10\\\/219612\\\/#primaryimage\"},\"thumbnailUrl\":\"https:\\\/\\\/www.webdo.tn\\\/fr\\\/wp-content\\\/uploads\\\/2025\\\/02\\\/38f52df4d68d7d24af3ca522bafa04e5.webp\",\"keywords\":[\"5G\",\"fibre optique\",\"Lancement\",\"t\u00e9l\u00e9communications\",\"Tunisie\"],\"articleSection\":[\"National\"],\"inLanguage\":\"fr-FR\"},{\"@type\":\"WebPage\",\"@id\":\"https:\\\/\\\/www.webdo.tn\\\/fr\\\/actualite\\\/national\\\/tunisie-le-parc-actuel-des-smartphones-compatibles-avec-la-5g-ne-depasse-pas-les-10\\\/219612\\\/\",\"url\":\"https:\\\/\\\/www.webdo.tn\\\/fr\\\/actualite\\\/national\\\/tunisie-le-parc-actuel-des-smartphones-compatibles-avec-la-5g-ne-depasse-pas-les-10\\\/219612\\\/\",\"name\":\"Tunisie : Le parc actuel des smartphones compatibles avec la 5G ne d\u00e9passe pas les 10%\",\"isPartOf\":{\"@id\":\"https:\\\/\\\/www.webdo.tn\\\/fr\\\/#website\"},\"primaryImageOfPage\":{\"@id\":\"https:\\\/\\\/www.webdo.tn\\\/fr\\\/actualite\\\/national\\\/tunisie-le-parc-actuel-des-smartphones-compatibles-avec-la-5g-ne-depasse-pas-les-10\\\/219612\\\/#primaryimage\"},\"image\":{\"@id\":\"https:\\\/\\\/www.webdo.tn\\\/fr\\\/actualite\\\/national\\\/tunisie-le-parc-actuel-des-smartphones-compatibles-avec-la-5g-ne-depasse-pas-les-10\\\/219612\\\/#primaryimage\"},\"thumbnailUrl\":\"https:\\\/\\\/www.webdo.tn\\\/fr\\\/wp-content\\\/uploads\\\/2025\\\/02\\\/38f52df4d68d7d24af3ca522bafa04e5.webp\",\"datePublished\":\"2025-02-05T15:11:00+00:00\",\"dateModified\":\"2025-05-17T21:50:33+00:00\",\"description\":\"Le ministre des Technologies de la Communication, Sofiane Hemissi a accord\u00e9 une interview \u00e0 Leaders dans laquelle il a abord\u00e9 les grands chantiers de son d\u00e9part...\",\"breadcrumb\":{\"@id\":\"https:\\\/\\\/www.webdo.tn\\\/fr\\\/actualite\\\/national\\\/tunisie-le-parc-actuel-des-smartphones-compatibles-avec-la-5g-ne-depasse-pas-les-10\\\/219612\\\/#breadcrumb\"},\"inLanguage\":\"fr-FR\",\"potentialAction\":[{\"@type\":\"ReadAction\",\"target\":[\"https:\\\/\\\/www.webdo.tn\\\/fr\\\/actualite\\\/national\\\/tunisie-le-parc-actuel-des-smartphones-compatibles-avec-la-5g-ne-depasse-pas-les-10\\\/219612\\\/\"]}]},{\"@type\":\"ImageObject\",\"inLanguage\":\"fr-FR\",\"@id\":\"https:\\\/\\\/www.webdo.tn\\\/fr\\\/actualite\\\/national\\\/tunisie-le-parc-actuel-des-smartphones-compatibles-avec-la-5g-ne-depasse-pas-les-10\\\/219612\\\/#primaryimage\",\"url\":\"https:\\\/\\\/www.webdo.tn\\\/fr\\\/wp-content\\\/uploads\\\/2025\\\/02\\\/38f52df4d68d7d24af3ca522bafa04e5.webp\",\"contentUrl\":\"https:\\\/\\\/www.webdo.tn\\\/fr\\\/wp-content\\\/uploads\\\/2025\\\/02\\\/38f52df4d68d7d24af3ca522bafa04e5.webp\",\"width\":680,\"height\":363,\"caption\":\"Tunisie : Le parc actuel des smartphones compatibles avec la 5G ne d\u00e9passe pas les 10%\"},{\"@type\":\"BreadcrumbList\",\"@id\":\"https:\\\/\\\/www.webdo.tn\\\/fr\\\/actualite\\\/national\\\/tunisie-le-parc-actuel-des-smartphones-compatibles-avec-la-5g-ne-depasse-pas-les-10\\\/219612\\\/#breadcrumb\",\"itemListElement\":[{\"@type\":\"ListItem\",\"position\":1,\"name\":\"Accueil\",\"item\":\"https:\\\/\\\/www.webdo.tn\\\/fr\\\/\"},{\"@type\":\"ListItem\",\"position\":2,\"name\":\"Tunisie : Le parc actuel des smartphones compatibles avec la 5G ne d\u00e9passe pas les 10%\"}]},{\"@type\":\"WebSite\",\"@id\":\"https:\\\/\\\/www.webdo.tn\\\/fr\\\/#website\",\"url\":\"https:\\\/\\\/www.webdo.tn\\\/fr\\\/\",\"name\":\"webdo\",\"description\":\"Tunisie - News en Tunisie et \u00e0 l&#039;international sur Webdo.tn\",\"publisher\":{\"@id\":\"https:\\\/\\\/www.webdo.tn\\\/fr\\\/#organization\"},\"potentialAction\":[{\"@type\":\"SearchAction\",\"target\":{\"@type\":\"EntryPoint\",\"urlTemplate\":\"https:\\\/\\\/www.webdo.tn\\\/fr\\\/?s={search_term_string}\"},\"query-input\":{\"@type\":\"PropertyValueSpecification\",\"valueRequired\":true,\"valueName\":\"search_term_string\"}}],\"inLanguage\":\"fr-FR\"},{\"@type\":\"Organization\",\"@id\":\"https:\\\/\\\/www.webdo.tn\\\/fr\\\/#organization\",\"name\":\"Webdo\",\"alternateName\":\"Webdo.tn\",\"url\":\"https:\\\/\\\/www.webdo.tn\\\/fr\\\/\",\"logo\":{\"@type\":\"ImageObject\",\"inLanguage\":\"fr-FR\",\"@id\":\"https:\\\/\\\/www.webdo.tn\\\/fr\\\/#\\\/schema\\\/logo\\\/image\\\/\",\"url\":\"https:\\\/\\\/www.webdo.tn\\\/fr\\\/wp-content\\\/uploads\\\/2025\\\/06\\\/Webdo-Tunisie_168377.jpg\",\"contentUrl\":\"https:\\\/\\\/www.webdo.tn\\\/fr\\\/wp-content\\\/uploads\\\/2025\\\/06\\\/Webdo-Tunisie_168377.jpg\",\"width\":301,\"height\":301,\"caption\":\"Webdo\"},\"image\":{\"@id\":\"https:\\\/\\\/www.webdo.tn\\\/fr\\\/#\\\/schema\\\/logo\\\/image\\\/\"},\"sameAs\":[\"https:\\\/\\\/www.facebook.com\\\/webdotn\",\"https:\\\/\\\/x.com\\\/webdo_tn\"],\"description\":\"Webdo est un m\u00e9dia num\u00e9rique tunisien fond\u00e9 en 2010, sp\u00e9cialis\u00e9 dans l\u2019actualit\u00e9 nationale et internationale, l\u2019\u00e9conomie, la soci\u00e9t\u00e9 et les analyses politiques. Le site s\u2019adresse \u00e0 un large public francophone et couvre l\u2019information tunisienne en temps r\u00e9el.\",\"email\":\"redac@webdo.tn\",\"legalName\":\"YNJ SARL\",\"foundingDate\":\"2010-09-06\",\"numberOfEmployees\":{\"@type\":\"QuantitativeValue\",\"minValue\":\"11\",\"maxValue\":\"50\"}},{\"@type\":\"Person\",\"@id\":\"https:\\\/\\\/www.webdo.tn\\\/fr\\\/#\\\/schema\\\/person\\\/d1da0176a9d8f1249ef4e693c4b29d76\",\"name\":\"Monia Bamri\",\"image\":{\"@type\":\"ImageObject\",\"inLanguage\":\"fr-FR\",\"@id\":\"https:\\\/\\\/secure.gravatar.com\\\/avatar\\\/c58780455a919732b490d5fecdfd7a031f652d4d8fc4a988ed16599fe2e07b0c?s=96&d=mm&r=g\",\"url\":\"https:\\\/\\\/secure.gravatar.com\\\/avatar\\\/c58780455a919732b490d5fecdfd7a031f652d4d8fc4a988ed16599fe2e07b0c?s=96&d=mm&r=g\",\"contentUrl\":\"https:\\\/\\\/secure.gravatar.com\\\/avatar\\\/c58780455a919732b490d5fecdfd7a031f652d4d8fc4a988ed16599fe2e07b0c?s=96&d=mm&r=g\",\"caption\":\"Monia Bamri\"},\"url\":\"https:\\\/\\\/www.webdo.tn\\\/fr\\\/actualite\\\/author\\\/monia-bamri\\\/\"}]}<\/script>\n<!-- \/ Yoast SEO Premium plugin. -->","yoast_head_json":{"title":"Tunisie : Le parc actuel des smartphones compatibles avec la 5G ne d\u00e9passe pas les 10%","description":"Le ministre des Technologies de la Communication, Sofiane Hemissi a accord\u00e9 une interview \u00e0 Leaders dans laquelle il a abord\u00e9 les grands chantiers de son d\u00e9part...","canonical":"https:\/\/www.webdo.tn\/fr\/actualite\/national\/tunisie-le-parc-actuel-des-smartphones-compatibles-avec-la-5g-ne-depasse-pas-les-10\/219612\/","og_locale":"fr_FR","og_type":"article","og_title":"Tunisie : Le parc actuel des smartphones compatibles avec la 5G ne d\u00e9passe pas les 10%","og_description":"Le ministre des Technologies de la Communication, Sofiane Hemissi a accord\u00e9 une interview \u00e0 Leaders dans laquelle il a abord\u00e9 les grands chantiers de son d\u00e9part...","og_url":"https:\/\/www.webdo.tn\/fr\/actualite\/national\/tunisie-le-parc-actuel-des-smartphones-compatibles-avec-la-5g-ne-depasse-pas-les-10\/219612\/","og_site_name":"webdo","article_publisher":"https:\/\/www.facebook.com\/webdotn","article_published_time":"2025-02-05T15:11:00+00:00","article_modified_time":"2025-05-17T21:50:33+00:00","og_image":[{"width":680,"height":363,"url":"https:\/\/www.webdo.tn\/fr\/wp-content\/uploads\/2025\/02\/38f52df4d68d7d24af3ca522bafa04e5.webp","type":"image\/webp"}],"author":"Monia Bamri","twitter_card":"summary_large_image","twitter_creator":"@webdo_tn","twitter_site":"@webdo_tn","twitter_misc":{"\u00c9crit par":"Monia Bamri","Dur\u00e9e de lecture estim\u00e9e":"2 minutes"},"schema":{"@context":"https:\/\/schema.org","@graph":[{"@type":"NewsArticle","@id":"https:\/\/www.webdo.tn\/fr\/actualite\/national\/tunisie-le-parc-actuel-des-smartphones-compatibles-avec-la-5g-ne-depasse-pas-les-10\/219612\/#article","isPartOf":{"@id":"https:\/\/www.webdo.tn\/fr\/actualite\/national\/tunisie-le-parc-actuel-des-smartphones-compatibles-avec-la-5g-ne-depasse-pas-les-10\/219612\/"},"author":{"name":"Monia Bamri","@id":"https:\/\/www.webdo.tn\/fr\/#\/schema\/person\/d1da0176a9d8f1249ef4e693c4b29d76"},"headline":"Tunisie : Le parc actuel des smartphones compatibles avec la 5G ne d\u00e9passe pas les 10%","datePublished":"2025-02-05T15:11:00+00:00","dateModified":"2025-05-17T21:50:33+00:00","mainEntityOfPage":{"@id":"https:\/\/www.webdo.tn\/fr\/actualite\/national\/tunisie-le-parc-actuel-des-smartphones-compatibles-avec-la-5g-ne-depasse-pas-les-10\/219612\/"},"wordCount":327,"commentCount":0,"publisher":{"@id":"https:\/\/www.webdo.tn\/fr\/#organization"},"image":{"@id":"https:\/\/www.webdo.tn\/fr\/actualite\/national\/tunisie-le-parc-actuel-des-smartphones-compatibles-avec-la-5g-ne-depasse-pas-les-10\/219612\/#primaryimage"},"thumbnailUrl":"https:\/\/www.webdo.tn\/fr\/wp-content\/uploads\/2025\/02\/38f52df4d68d7d24af3ca522bafa04e5.webp","keywords":["5G","fibre optique","Lancement","t\u00e9l\u00e9communications","Tunisie"],"articleSection":["National"],"inLanguage":"fr-FR"},{"@type":"WebPage","@id":"https:\/\/www.webdo.tn\/fr\/actualite\/national\/tunisie-le-parc-actuel-des-smartphones-compatibles-avec-la-5g-ne-depasse-pas-les-10\/219612\/","url":"https:\/\/www.webdo.tn\/fr\/actualite\/national\/tunisie-le-parc-actuel-des-smartphones-compatibles-avec-la-5g-ne-depasse-pas-les-10\/219612\/","name":"Tunisie : Le parc actuel des smartphones compatibles avec la 5G ne d\u00e9passe pas les 10%","isPartOf":{"@id":"https:\/\/www.webdo.tn\/fr\/#website"},"primaryImageOfPage":{"@id":"https:\/\/www.webdo.tn\/fr\/actualite\/national\/tunisie-le-parc-actuel-des-smartphones-compatibles-avec-la-5g-ne-depasse-pas-les-10\/219612\/#primaryimage"},"image":{"@id":"https:\/\/www.webdo.tn\/fr\/actualite\/national\/tunisie-le-parc-actuel-des-smartphones-compatibles-avec-la-5g-ne-depasse-pas-les-10\/219612\/#primaryimage"},"thumbnailUrl":"https:\/\/www.webdo.tn\/fr\/wp-content\/uploads\/2025\/02\/38f52df4d68d7d24af3ca522bafa04e5.webp","datePublished":"2025-02-05T15:11:00+00:00","dateModified":"2025-05-17T21:50:33+00:00","description":"Le ministre des Technologies de la Communication, Sofiane Hemissi a accord\u00e9 une interview \u00e0 Leaders dans laquelle il a abord\u00e9 les grands chantiers de son d\u00e9part...","breadcrumb":{"@id":"https:\/\/www.webdo.tn\/fr\/actualite\/national\/tunisie-le-parc-actuel-des-smartphones-compatibles-avec-la-5g-ne-depasse-pas-les-10\/219612\/#breadcrumb"},"inLanguage":"fr-FR","potentialAction":[{"@type":"ReadAction","target":["https:\/\/www.webdo.tn\/fr\/actualite\/national\/tunisie-le-parc-actuel-des-smartphones-compatibles-avec-la-5g-ne-depasse-pas-les-10\/219612\/"]}]},{"@type":"ImageObject","inLanguage":"fr-FR","@id":"https:\/\/www.webdo.tn\/fr\/actualite\/national\/tunisie-le-parc-actuel-des-smartphones-compatibles-avec-la-5g-ne-depasse-pas-les-10\/219612\/#primaryimage","url":"https:\/\/www.webdo.tn\/fr\/wp-content\/uploads\/2025\/02\/38f52df4d68d7d24af3ca522bafa04e5.webp","contentUrl":"https:\/\/www.webdo.tn\/fr\/wp-content\/uploads\/2025\/02\/38f52df4d68d7d24af3ca522bafa04e5.webp","width":680,"height":363,"caption":"Tunisie : Le parc actuel des smartphones compatibles avec la 5G ne d\u00e9passe pas les 10%"},{"@type":"BreadcrumbList","@id":"https:\/\/www.webdo.tn\/fr\/actualite\/national\/tunisie-le-parc-actuel-des-smartphones-compatibles-avec-la-5g-ne-depasse-pas-les-10\/219612\/#breadcrumb","itemListElement":[{"@type":"ListItem","position":1,"name":"Accueil","item":"https:\/\/www.webdo.tn\/fr\/"},{"@type":"ListItem","position":2,"name":"Tunisie : Le parc actuel des smartphones compatibles avec la 5G ne d\u00e9passe pas les 10%"}]},{"@type":"WebSite","@id":"https:\/\/www.webdo.tn\/fr\/#website","url":"https:\/\/www.webdo.tn\/fr\/","name":"webdo","description":"Tunisie - News en Tunisie et \u00e0 l&#039;international sur Webdo.tn","publisher":{"@id":"https:\/\/www.webdo.tn\/fr\/#organization"},"potentialAction":[{"@type":"SearchAction","target":{"@type":"EntryPoint","urlTemplate":"https:\/\/www.webdo.tn\/fr\/?s={search_term_string}"},"query-input":{"@type":"PropertyValueSpecification","valueRequired":true,"valueName":"search_term_string"}}],"inLanguage":"fr-FR"},{"@type":"Organization","@id":"https:\/\/www.webdo.tn\/fr\/#organization","name":"Webdo","alternateName":"Webdo.tn","url":"https:\/\/www.webdo.tn\/fr\/","logo":{"@type":"ImageObject","inLanguage":"fr-FR","@id":"https:\/\/www.webdo.tn\/fr\/#\/schema\/logo\/image\/","url":"https:\/\/www.webdo.tn\/fr\/wp-content\/uploads\/2025\/06\/Webdo-Tunisie_168377.jpg","contentUrl":"https:\/\/www.webdo.tn\/fr\/wp-content\/uploads\/2025\/06\/Webdo-Tunisie_168377.jpg","width":301,"height":301,"caption":"Webdo"},"image":{"@id":"https:\/\/www.webdo.tn\/fr\/#\/schema\/logo\/image\/"},"sameAs":["https:\/\/www.facebook.com\/webdotn","https:\/\/x.com\/webdo_tn"],"description":"Webdo est un m\u00e9dia num\u00e9rique tunisien fond\u00e9 en 2010, sp\u00e9cialis\u00e9 dans l\u2019actualit\u00e9 nationale et internationale, l\u2019\u00e9conomie, la soci\u00e9t\u00e9 et les analyses politiques. Le site s\u2019adresse \u00e0 un large public francophone et couvre l\u2019information tunisienne en temps r\u00e9el.","email":"redac@webdo.tn","legalName":"YNJ SARL","foundingDate":"2010-09-06","numberOfEmployees":{"@type":"QuantitativeValue","minValue":"11","maxValue":"50"}},{"@type":"Person","@id":"https:\/\/www.webdo.tn\/fr\/#\/schema\/person\/d1da0176a9d8f1249ef4e693c4b29d76","name":"Monia Bamri","image":{"@type":"ImageObject","inLanguage":"fr-FR","@id":"https:\/\/secure.gravatar.com\/avatar\/c58780455a919732b490d5fecdfd7a031f652d4d8fc4a988ed16599fe2e07b0c?s=96&d=mm&r=g","url":"https:\/\/secure.gravatar.com\/avatar\/c58780455a919732b490d5fecdfd7a031f652d4d8fc4a988ed16599fe2e07b0c?s=96&d=mm&r=g","contentUrl":"https:\/\/secure.gravatar.com\/avatar\/c58780455a919732b490d5fecdfd7a031f652d4d8fc4a988ed16599fe2e07b0c?s=96&d=mm&r=g","caption":"Monia Bamri"},"url":"https:\/\/www.webdo.tn\/fr\/actualite\/author\/monia-bamri\/"}]}},"_links":{"self":[{"href":"https:\/\/www.webdo.tn\/fr\/wp-json\/wp\/v2\/posts\/219612","targetHints":{"allow":["GET"]}}],"collection":[{"href":"https:\/\/www.webdo.tn\/fr\/wp-json\/wp\/v2\/posts"}],"about":[{"href":"https:\/\/www.webdo.tn\/fr\/wp-json\/wp\/v2\/types\/post"}],"author":[{"embeddable":true,"href":"https:\/\/www.webdo.tn\/fr\/wp-json\/wp\/v2\/users\/4780"}],"replies":[{"embeddable":true,"href":"https:\/\/www.webdo.tn\/fr\/wp-json\/wp\/v2\/comments?post=219612"}],"version-history":[{"count":0,"href":"https:\/\/www.webdo.tn\/fr\/wp-json\/wp\/v2\/posts\/219612\/revisions"}],"wp:featuredmedia":[{"embeddable":true,"href":"https:\/\/www.webdo.tn\/fr\/wp-json\/wp\/v2\/media\/291793"}],"wp:attachment":[{"href":"https:\/\/www.webdo.tn\/fr\/wp-json\/wp\/v2\/media?parent=219612"}],"wp:term":[{"taxonomy":"category","embeddable":true,"href":"https:\/\/www.webdo.tn\/fr\/wp-json\/wp\/v2\/categories?post=219612"},{"taxonomy":"post_tag","embeddable":true,"href":"https:\/\/www.webdo.tn\/fr\/wp-json\/wp\/v2\/tags?post=219612"}],"curies":[{"name":"wp","href":"https:\/\/api.w.org\/{rel}","templated":true}]}}