{"id":219549,"date":"2025-02-03T14:11:00","date_gmt":"2025-02-03T14:11:00","guid":{"rendered":"https:\/\/www.webdo.tn\/fr\/blog\/2025\/02\/03\/fete-du-japon-le-programme-complet-du-dimanche-9-fevrier-a-la-cite-de-la-culture\/"},"modified":"2025-05-17T20:12:38","modified_gmt":"2025-05-17T20:12:38","slug":"fete-du-japon-le-programme-complet-du-dimanche-9-fevrier-a-la-cite-de-la-culture","status":"publish","type":"post","link":"https:\/\/www.webdo.tn\/fr\/actualite\/culture\/fete-du-japon-le-programme-complet-du-dimanche-9-fevrier-a-la-cite-de-la-culture\/219549\/","title":{"rendered":"F\u00eate du Japon : Le programme complet du dimanche 9 f\u00e9vrier \u00e0 la Cit\u00e9 de la culture"},"content":{"rendered":"<p>Gros plan sur le programme de la F\u00eate du Japon qui aura lieu dimanche 9 f\u00e9vrier de 11h \u00e0 16h \u00e0 la Cit\u00e9 de la culture.<\/p>\n<p>\t\t\t\t\t\t\t\t\tLe programme complet de la F\u00eate du Japon est enfin connu. Organis\u00e9e \u00e0 l&rsquo;initiative de l&rsquo;ambassade du Japon en Tunisie, cette f\u00eate associe plusieurs institutions \u00e0 l&rsquo;image de l&rsquo;Agence japonaise de coop\u00e9ration internationale (JICA), l&rsquo;Association d&rsquo;amiti\u00e9 Tunisie-Japon, la Chambre de commerce tuniso-japonaise et les Anciens \u00e9tudiants tunisiens au Japon (JAT).<\/p>\n<p>Notons qu&rsquo;en parall\u00e8le de la F\u00eate du Japon aura lieu la c\u00e9l\u00e9bration du cinquanti\u00e8me anniversaire de la JICA en Tunisie avec un programme sp\u00e9cifique au Th\u00e9\u00e2tre des jeunes cr\u00e9ateurs.<\/p>\n<p>L&rsquo;\u00e9v\u00e9nement aura lieu le dimanche 9 f\u00e9vrier de 11h \u00e0 16h dans trois espaces de la Cit\u00e9 de la culture selon le programme suivant :<\/p>\n<p>Th\u00e9\u00e2tre de l&rsquo;Op\u00e9ra<\/p>\n<p>\t11h : C\u00e9r\u00e9monie d&rsquo;ouverture avec un concert de tambours japonais par le groupe Wako Rising Sun<br \/>\n\t12h : D\u00e9monstration de budokas tunisiens<br \/>\n\t13h30 : Projection du film \u00ab\u00a0Le mal n&rsquo;existe pas\u00a0\u00bb de Ry\u016bsuke Hamaguchi en premi\u00e8re maghr\u00e9bine<br \/>\n\t15h30 : Concert de tambours japonais avec le groupe Wako Rising Sun<\/p>\n<p>Th\u00e9\u00e2tre des Jeunes cr\u00e9ateurs<\/p>\n<p>\t11h : Danse traditionnelle japonaise<br \/>\n\t11h20 : Langue japonaise avec des discours en japonais par des \u00e9tudiants tunisiens<br \/>\n\t12h : Ikebana : Atelier d&rsquo;art floral japonais avec une ma\u00eetre tunisienne<br \/>\n\t13h : C\u00e9l\u00e9bration du cinquanti\u00e8me anniversaire de la JICA et ses volontaires avec des danses traditionnelles japonaises et tunisiennes<br \/>\n\t13h45 : Contes traditionnels du Japon<br \/>\n\t14h15 : Concert de violon et piano<br \/>\n\t15h : Ikebana : Atelier d&rsquo;art floral japonais avec une ma\u00eetre tunisienne<\/p>\n<p>Foyer du Th\u00e9\u00e2tre de l&rsquo;Op\u00e9ra<\/p>\n<p>\t13h et 13h30 : C\u00e9r\u00e9monie du th\u00e9 (Caf\u00e9t\u00e9ria)<br \/>\n\t12h30 et 14h : D\u00e9monstration d&rsquo;habillage en kimono (Caf\u00e9t\u00e9ria)<br \/>\n\tToute la journ\u00e9e : Cinq stands seront ouverts en permanence de 11h \u00e0 16h<\/p>\n<p>Stand 1 : Jouets enfants traditionnels<br \/>\nStand 2 : Th\u00e9\u00e2tre japonais, Oracles<br \/>\nStand 3 : Pliage en papier<br \/>\nStand 4 : Information B\u00fbdo, \u00c9tudes au Japon, Voyages au Japon, etc<br \/>\nStand 5 : Kenjo, Calligraphie<\/p>\n<p>Toutes les activit\u00e9s sont en acc\u00e8s libre et propos\u00e9es gratuitement.<\/p>\n","protected":false},"excerpt":{"rendered":"<p>Gros plan sur le programme de la F\u00eate du Japon qui aura lieu dimanche 9 f\u00e9vrier de 11h \u00e0 16h \u00e0 la Cit\u00e9 de la culture.<\/p>\n","protected":false},"author":3229,"featured_media":242498,"comment_status":"open","ping_status":"open","sticky":false,"template":"","format":"standard","meta":{"footnotes":""},"categories":[2594],"tags":[4063,4064,2961,2608],"class_list":["post-219549","post","type-post","status-publish","format-standard","has-post-thumbnail","hentry","category-culture","tag-cite-de-la-culture","tag-fete-du-japo","tag-japon","tag-tunisie"],"yoast_head":"<!-- This site is optimized with the Yoast SEO Premium plugin v27.5 (Yoast SEO v27.5) - https:\/\/yoast.com\/product\/yoast-seo-premium-wordpress\/ -->\n<title>F\u00eate du Japon : Le programme complet du dimanche 9 f\u00e9vrier \u00e0 la Cit\u00e9 de la culture<\/title>\n<meta name=\"description\" content=\"Gros plan sur le programme de la F\u00eate du Japon qui aura lieu dimanche 9 f\u00e9vrier de 11h \u00e0 16h \u00e0 la Cit\u00e9 de la culture.\" \/>\n<link rel=\"canonical\" href=\"https:\/\/www.webdo.tn\/fr\/actualite\/culture\/fete-du-japon-le-programme-complet-du-dimanche-9-fevrier-a-la-cite-de-la-culture\/219549\/\" \/>\n<meta property=\"og:locale\" content=\"fr_FR\" \/>\n<meta property=\"og:type\" content=\"article\" \/>\n<meta property=\"og:title\" content=\"F\u00eate du Japon : Le programme complet du dimanche 9 f\u00e9vrier \u00e0 la Cit\u00e9 de la culture\" \/>\n<meta property=\"og:description\" content=\"Gros plan sur le programme de la F\u00eate du Japon qui aura lieu dimanche 9 f\u00e9vrier de 11h \u00e0 16h \u00e0 la Cit\u00e9 de la culture.\" \/>\n<meta property=\"og:url\" content=\"https:\/\/www.webdo.tn\/fr\/actualite\/culture\/fete-du-japon-le-programme-complet-du-dimanche-9-fevrier-a-la-cite-de-la-culture\/219549\/\" \/>\n<meta property=\"og:site_name\" content=\"webdo\" \/>\n<meta property=\"article:publisher\" content=\"https:\/\/www.facebook.com\/webdotn\" \/>\n<meta property=\"article:author\" content=\"https:\/\/www.facebook.com\/hatem.bourial.2025\" \/>\n<meta property=\"article:published_time\" content=\"2025-02-03T14:11:00+00:00\" \/>\n<meta property=\"article:modified_time\" content=\"2025-05-17T20:12:38+00:00\" \/>\n<meta property=\"og:image\" content=\"https:\/\/www.webdo.tn\/fr\/wp-content\/uploads\/2025\/05\/c0681a8bc65ac59484c2fb556b126eef-2.webp\" \/>\n\t<meta property=\"og:image:width\" content=\"750\" \/>\n\t<meta property=\"og:image:height\" content=\"400\" \/>\n\t<meta property=\"og:image:type\" content=\"image\/webp\" \/>\n<meta name=\"author\" content=\"Hatem Bourial\" \/>\n<meta name=\"twitter:card\" content=\"summary_large_image\" \/>\n<meta name=\"twitter:creator\" content=\"@webdo_tn\" \/>\n<meta name=\"twitter:site\" content=\"@webdo_tn\" \/>\n<meta name=\"twitter:label1\" content=\"\u00c9crit par\" \/>\n\t<meta name=\"twitter:data1\" content=\"Hatem Bourial\" \/>\n\t<meta name=\"twitter:label2\" content=\"Dur\u00e9e de lecture estim\u00e9e\" \/>\n\t<meta name=\"twitter:data2\" content=\"2 minutes\" \/>\n<script type=\"application\/ld+json\" class=\"yoast-schema-graph\">{\"@context\":\"https:\\\/\\\/schema.org\",\"@graph\":[{\"@type\":\"NewsArticle\",\"@id\":\"https:\\\/\\\/www.webdo.tn\\\/fr\\\/actualite\\\/culture\\\/fete-du-japon-le-programme-complet-du-dimanche-9-fevrier-a-la-cite-de-la-culture\\\/219549\\\/#article\",\"isPartOf\":{\"@id\":\"https:\\\/\\\/www.webdo.tn\\\/fr\\\/actualite\\\/culture\\\/fete-du-japon-le-programme-complet-du-dimanche-9-fevrier-a-la-cite-de-la-culture\\\/219549\\\/\"},\"author\":{\"name\":\"Hatem Bourial\",\"@id\":\"https:\\\/\\\/www.webdo.tn\\\/fr\\\/#\\\/schema\\\/person\\\/6bc0beba2cd23aec27cb5df85ca2554f\"},\"headline\":\"F\u00eate du Japon : Le programme complet du dimanche 9 f\u00e9vrier \u00e0 la Cit\u00e9 de la culture\",\"datePublished\":\"2025-02-03T14:11:00+00:00\",\"dateModified\":\"2025-05-17T20:12:38+00:00\",\"mainEntityOfPage\":{\"@id\":\"https:\\\/\\\/www.webdo.tn\\\/fr\\\/actualite\\\/culture\\\/fete-du-japon-le-programme-complet-du-dimanche-9-fevrier-a-la-cite-de-la-culture\\\/219549\\\/\"},\"wordCount\":383,\"commentCount\":0,\"publisher\":{\"@id\":\"https:\\\/\\\/www.webdo.tn\\\/fr\\\/#organization\"},\"image\":{\"@id\":\"https:\\\/\\\/www.webdo.tn\\\/fr\\\/actualite\\\/culture\\\/fete-du-japon-le-programme-complet-du-dimanche-9-fevrier-a-la-cite-de-la-culture\\\/219549\\\/#primaryimage\"},\"thumbnailUrl\":\"https:\\\/\\\/www.webdo.tn\\\/fr\\\/wp-content\\\/uploads\\\/2025\\\/05\\\/c0681a8bc65ac59484c2fb556b126eef-2.webp\",\"keywords\":[\"cit\u00e9 de la culture\",\"F\u00eate du Japo\",\"Japon\",\"Tunisie\"],\"articleSection\":[\"Culture\"],\"inLanguage\":\"fr-FR\"},{\"@type\":\"WebPage\",\"@id\":\"https:\\\/\\\/www.webdo.tn\\\/fr\\\/actualite\\\/culture\\\/fete-du-japon-le-programme-complet-du-dimanche-9-fevrier-a-la-cite-de-la-culture\\\/219549\\\/\",\"url\":\"https:\\\/\\\/www.webdo.tn\\\/fr\\\/actualite\\\/culture\\\/fete-du-japon-le-programme-complet-du-dimanche-9-fevrier-a-la-cite-de-la-culture\\\/219549\\\/\",\"name\":\"F\u00eate du Japon : Le programme complet du dimanche 9 f\u00e9vrier \u00e0 la Cit\u00e9 de la culture\",\"isPartOf\":{\"@id\":\"https:\\\/\\\/www.webdo.tn\\\/fr\\\/#website\"},\"primaryImageOfPage\":{\"@id\":\"https:\\\/\\\/www.webdo.tn\\\/fr\\\/actualite\\\/culture\\\/fete-du-japon-le-programme-complet-du-dimanche-9-fevrier-a-la-cite-de-la-culture\\\/219549\\\/#primaryimage\"},\"image\":{\"@id\":\"https:\\\/\\\/www.webdo.tn\\\/fr\\\/actualite\\\/culture\\\/fete-du-japon-le-programme-complet-du-dimanche-9-fevrier-a-la-cite-de-la-culture\\\/219549\\\/#primaryimage\"},\"thumbnailUrl\":\"https:\\\/\\\/www.webdo.tn\\\/fr\\\/wp-content\\\/uploads\\\/2025\\\/05\\\/c0681a8bc65ac59484c2fb556b126eef-2.webp\",\"datePublished\":\"2025-02-03T14:11:00+00:00\",\"dateModified\":\"2025-05-17T20:12:38+00:00\",\"description\":\"Gros plan sur le programme de la F\u00eate du Japon qui aura lieu dimanche 9 f\u00e9vrier de 11h \u00e0 16h \u00e0 la Cit\u00e9 de la culture.\",\"breadcrumb\":{\"@id\":\"https:\\\/\\\/www.webdo.tn\\\/fr\\\/actualite\\\/culture\\\/fete-du-japon-le-programme-complet-du-dimanche-9-fevrier-a-la-cite-de-la-culture\\\/219549\\\/#breadcrumb\"},\"inLanguage\":\"fr-FR\",\"potentialAction\":[{\"@type\":\"ReadAction\",\"target\":[\"https:\\\/\\\/www.webdo.tn\\\/fr\\\/actualite\\\/culture\\\/fete-du-japon-le-programme-complet-du-dimanche-9-fevrier-a-la-cite-de-la-culture\\\/219549\\\/\"]}]},{\"@type\":\"ImageObject\",\"inLanguage\":\"fr-FR\",\"@id\":\"https:\\\/\\\/www.webdo.tn\\\/fr\\\/actualite\\\/culture\\\/fete-du-japon-le-programme-complet-du-dimanche-9-fevrier-a-la-cite-de-la-culture\\\/219549\\\/#primaryimage\",\"url\":\"https:\\\/\\\/www.webdo.tn\\\/fr\\\/wp-content\\\/uploads\\\/2025\\\/05\\\/c0681a8bc65ac59484c2fb556b126eef-2.webp\",\"contentUrl\":\"https:\\\/\\\/www.webdo.tn\\\/fr\\\/wp-content\\\/uploads\\\/2025\\\/05\\\/c0681a8bc65ac59484c2fb556b126eef-2.webp\",\"width\":750,\"height\":400},{\"@type\":\"BreadcrumbList\",\"@id\":\"https:\\\/\\\/www.webdo.tn\\\/fr\\\/actualite\\\/culture\\\/fete-du-japon-le-programme-complet-du-dimanche-9-fevrier-a-la-cite-de-la-culture\\\/219549\\\/#breadcrumb\",\"itemListElement\":[{\"@type\":\"ListItem\",\"position\":1,\"name\":\"Accueil\",\"item\":\"https:\\\/\\\/www.webdo.tn\\\/fr\\\/\"},{\"@type\":\"ListItem\",\"position\":2,\"name\":\"F\u00eate du Japon : Le programme complet du dimanche 9 f\u00e9vrier \u00e0 la Cit\u00e9 de la culture\"}]},{\"@type\":\"WebSite\",\"@id\":\"https:\\\/\\\/www.webdo.tn\\\/fr\\\/#website\",\"url\":\"https:\\\/\\\/www.webdo.tn\\\/fr\\\/\",\"name\":\"webdo\",\"description\":\"Tunisie - News en Tunisie et \u00e0 l&#039;international sur Webdo.tn\",\"publisher\":{\"@id\":\"https:\\\/\\\/www.webdo.tn\\\/fr\\\/#organization\"},\"potentialAction\":[{\"@type\":\"SearchAction\",\"target\":{\"@type\":\"EntryPoint\",\"urlTemplate\":\"https:\\\/\\\/www.webdo.tn\\\/fr\\\/?s={search_term_string}\"},\"query-input\":{\"@type\":\"PropertyValueSpecification\",\"valueRequired\":true,\"valueName\":\"search_term_string\"}}],\"inLanguage\":\"fr-FR\"},{\"@type\":\"Organization\",\"@id\":\"https:\\\/\\\/www.webdo.tn\\\/fr\\\/#organization\",\"name\":\"Webdo\",\"alternateName\":\"Webdo.tn\",\"url\":\"https:\\\/\\\/www.webdo.tn\\\/fr\\\/\",\"logo\":{\"@type\":\"ImageObject\",\"inLanguage\":\"fr-FR\",\"@id\":\"https:\\\/\\\/www.webdo.tn\\\/fr\\\/#\\\/schema\\\/logo\\\/image\\\/\",\"url\":\"https:\\\/\\\/www.webdo.tn\\\/fr\\\/wp-content\\\/uploads\\\/2025\\\/06\\\/Webdo-Tunisie_168377.jpg\",\"contentUrl\":\"https:\\\/\\\/www.webdo.tn\\\/fr\\\/wp-content\\\/uploads\\\/2025\\\/06\\\/Webdo-Tunisie_168377.jpg\",\"width\":301,\"height\":301,\"caption\":\"Webdo\"},\"image\":{\"@id\":\"https:\\\/\\\/www.webdo.tn\\\/fr\\\/#\\\/schema\\\/logo\\\/image\\\/\"},\"sameAs\":[\"https:\\\/\\\/www.facebook.com\\\/webdotn\",\"https:\\\/\\\/x.com\\\/webdo_tn\"],\"description\":\"Webdo est un m\u00e9dia num\u00e9rique tunisien fond\u00e9 en 2010, sp\u00e9cialis\u00e9 dans l\u2019actualit\u00e9 nationale et internationale, l\u2019\u00e9conomie, la soci\u00e9t\u00e9 et les analyses politiques. Le site s\u2019adresse \u00e0 un large public francophone et couvre l\u2019information tunisienne en temps r\u00e9el.\",\"email\":\"redac@webdo.tn\",\"legalName\":\"YNJ SARL\",\"foundingDate\":\"2010-09-06\",\"numberOfEmployees\":{\"@type\":\"QuantitativeValue\",\"minValue\":\"11\",\"maxValue\":\"50\"}},{\"@type\":\"Person\",\"@id\":\"https:\\\/\\\/www.webdo.tn\\\/fr\\\/#\\\/schema\\\/person\\\/6bc0beba2cd23aec27cb5df85ca2554f\",\"name\":\"Hatem Bourial\",\"image\":{\"@type\":\"ImageObject\",\"inLanguage\":\"fr-FR\",\"@id\":\"https:\\\/\\\/www.webdo.tn\\\/fr\\\/wp-content\\\/uploads\\\/2026\\\/04\\\/hatem-bourial_avatar-96x96.jpg\",\"url\":\"https:\\\/\\\/www.webdo.tn\\\/fr\\\/wp-content\\\/uploads\\\/2026\\\/04\\\/hatem-bourial_avatar-96x96.jpg\",\"contentUrl\":\"https:\\\/\\\/www.webdo.tn\\\/fr\\\/wp-content\\\/uploads\\\/2026\\\/04\\\/hatem-bourial_avatar-96x96.jpg\",\"caption\":\"Hatem Bourial\"},\"description\":\"Hatem Bourial est journaliste, \u00e9crivain et chroniqueur tunisien. Actif depuis plusieurs d\u00e9cennies, il s\u2019est impos\u00e9 comme un observateur attentif de la soci\u00e9t\u00e9 tunisienne, m\u00ealant dans ses \u00e9crits m\u00e9moire, culture et analyse du quotidien. Auteur de nombreux ouvrages, il d\u00e9veloppe une \u0153uvre \u00e0 la crois\u00e9e du r\u00e9cit, de la po\u00e9sie et de l\u2019observation sociologique. Parall\u00e8lement \u00e0 ses contributions dans la presse, il intervient r\u00e9guli\u00e8rement \u00e0 la radio et dans des espaces culturels, o\u00f9 il explore les enjeux li\u00e9s au patrimoine, \u00e0 l\u2019identit\u00e9 et aux transformations du monde contemporain. \u00c0 travers ses chroniques, Hatem Bourial propose une lecture sensible et approfondie de l\u2019actualit\u00e9, nourrie par une exp\u00e9rience journalistique et litt\u00e9raire reconnue. \ud83d\udd17 Facebook : https:\\\/\\\/www.facebook.com\\\/hatem.bourial.2025\",\"sameAs\":[\"https:\\\/\\\/www.facebook.com\\\/hatem.bourial.2025\",\"https:\\\/\\\/fr.wikipedia.org\\\/wiki\\\/Fichier:Hatem_Bourial.jpg\"],\"knowsAbout\":[\"Culture & patrimoine tunisien\",\"Chronique soci\u00e9tale\",\"Litt\u00e9rature & m\u00e9moire\",\"Cin\u00e9ma & critique culturelle\",\"Identit\u00e9 & mutations sociales\"],\"knowsLanguage\":[\"Arabe\",\"Fran\u00e7ais\",\"Anglais\",\"Italien\",\"Polonais\"],\"jobTitle\":\"Journaliste, \u00e9crivain et chroniqueur culturel\",\"worksFor\":\"Webdo\",\"url\":\"https:\\\/\\\/www.webdo.tn\\\/fr\\\/actualite\\\/author\\\/hatem-bourial-2\\\/\"}]}<\/script>\n<!-- \/ Yoast SEO Premium plugin. -->","yoast_head_json":{"title":"F\u00eate du Japon : Le programme complet du dimanche 9 f\u00e9vrier \u00e0 la Cit\u00e9 de la culture","description":"Gros plan sur le programme de la F\u00eate du Japon qui aura lieu dimanche 9 f\u00e9vrier de 11h \u00e0 16h \u00e0 la Cit\u00e9 de la culture.","canonical":"https:\/\/www.webdo.tn\/fr\/actualite\/culture\/fete-du-japon-le-programme-complet-du-dimanche-9-fevrier-a-la-cite-de-la-culture\/219549\/","og_locale":"fr_FR","og_type":"article","og_title":"F\u00eate du Japon : Le programme complet du dimanche 9 f\u00e9vrier \u00e0 la Cit\u00e9 de la culture","og_description":"Gros plan sur le programme de la F\u00eate du Japon qui aura lieu dimanche 9 f\u00e9vrier de 11h \u00e0 16h \u00e0 la Cit\u00e9 de la culture.","og_url":"https:\/\/www.webdo.tn\/fr\/actualite\/culture\/fete-du-japon-le-programme-complet-du-dimanche-9-fevrier-a-la-cite-de-la-culture\/219549\/","og_site_name":"webdo","article_publisher":"https:\/\/www.facebook.com\/webdotn","article_author":"https:\/\/www.facebook.com\/hatem.bourial.2025","article_published_time":"2025-02-03T14:11:00+00:00","article_modified_time":"2025-05-17T20:12:38+00:00","og_image":[{"width":750,"height":400,"url":"https:\/\/www.webdo.tn\/fr\/wp-content\/uploads\/2025\/05\/c0681a8bc65ac59484c2fb556b126eef-2.webp","type":"image\/webp"}],"author":"Hatem Bourial","twitter_card":"summary_large_image","twitter_creator":"@webdo_tn","twitter_site":"@webdo_tn","twitter_misc":{"\u00c9crit par":"Hatem Bourial","Dur\u00e9e de lecture estim\u00e9e":"2 minutes"},"schema":{"@context":"https:\/\/schema.org","@graph":[{"@type":"NewsArticle","@id":"https:\/\/www.webdo.tn\/fr\/actualite\/culture\/fete-du-japon-le-programme-complet-du-dimanche-9-fevrier-a-la-cite-de-la-culture\/219549\/#article","isPartOf":{"@id":"https:\/\/www.webdo.tn\/fr\/actualite\/culture\/fete-du-japon-le-programme-complet-du-dimanche-9-fevrier-a-la-cite-de-la-culture\/219549\/"},"author":{"name":"Hatem Bourial","@id":"https:\/\/www.webdo.tn\/fr\/#\/schema\/person\/6bc0beba2cd23aec27cb5df85ca2554f"},"headline":"F\u00eate du Japon : Le programme complet du dimanche 9 f\u00e9vrier \u00e0 la Cit\u00e9 de la culture","datePublished":"2025-02-03T14:11:00+00:00","dateModified":"2025-05-17T20:12:38+00:00","mainEntityOfPage":{"@id":"https:\/\/www.webdo.tn\/fr\/actualite\/culture\/fete-du-japon-le-programme-complet-du-dimanche-9-fevrier-a-la-cite-de-la-culture\/219549\/"},"wordCount":383,"commentCount":0,"publisher":{"@id":"https:\/\/www.webdo.tn\/fr\/#organization"},"image":{"@id":"https:\/\/www.webdo.tn\/fr\/actualite\/culture\/fete-du-japon-le-programme-complet-du-dimanche-9-fevrier-a-la-cite-de-la-culture\/219549\/#primaryimage"},"thumbnailUrl":"https:\/\/www.webdo.tn\/fr\/wp-content\/uploads\/2025\/05\/c0681a8bc65ac59484c2fb556b126eef-2.webp","keywords":["cit\u00e9 de la culture","F\u00eate du Japo","Japon","Tunisie"],"articleSection":["Culture"],"inLanguage":"fr-FR"},{"@type":"WebPage","@id":"https:\/\/www.webdo.tn\/fr\/actualite\/culture\/fete-du-japon-le-programme-complet-du-dimanche-9-fevrier-a-la-cite-de-la-culture\/219549\/","url":"https:\/\/www.webdo.tn\/fr\/actualite\/culture\/fete-du-japon-le-programme-complet-du-dimanche-9-fevrier-a-la-cite-de-la-culture\/219549\/","name":"F\u00eate du Japon : Le programme complet du dimanche 9 f\u00e9vrier \u00e0 la Cit\u00e9 de la culture","isPartOf":{"@id":"https:\/\/www.webdo.tn\/fr\/#website"},"primaryImageOfPage":{"@id":"https:\/\/www.webdo.tn\/fr\/actualite\/culture\/fete-du-japon-le-programme-complet-du-dimanche-9-fevrier-a-la-cite-de-la-culture\/219549\/#primaryimage"},"image":{"@id":"https:\/\/www.webdo.tn\/fr\/actualite\/culture\/fete-du-japon-le-programme-complet-du-dimanche-9-fevrier-a-la-cite-de-la-culture\/219549\/#primaryimage"},"thumbnailUrl":"https:\/\/www.webdo.tn\/fr\/wp-content\/uploads\/2025\/05\/c0681a8bc65ac59484c2fb556b126eef-2.webp","datePublished":"2025-02-03T14:11:00+00:00","dateModified":"2025-05-17T20:12:38+00:00","description":"Gros plan sur le programme de la F\u00eate du Japon qui aura lieu dimanche 9 f\u00e9vrier de 11h \u00e0 16h \u00e0 la Cit\u00e9 de la culture.","breadcrumb":{"@id":"https:\/\/www.webdo.tn\/fr\/actualite\/culture\/fete-du-japon-le-programme-complet-du-dimanche-9-fevrier-a-la-cite-de-la-culture\/219549\/#breadcrumb"},"inLanguage":"fr-FR","potentialAction":[{"@type":"ReadAction","target":["https:\/\/www.webdo.tn\/fr\/actualite\/culture\/fete-du-japon-le-programme-complet-du-dimanche-9-fevrier-a-la-cite-de-la-culture\/219549\/"]}]},{"@type":"ImageObject","inLanguage":"fr-FR","@id":"https:\/\/www.webdo.tn\/fr\/actualite\/culture\/fete-du-japon-le-programme-complet-du-dimanche-9-fevrier-a-la-cite-de-la-culture\/219549\/#primaryimage","url":"https:\/\/www.webdo.tn\/fr\/wp-content\/uploads\/2025\/05\/c0681a8bc65ac59484c2fb556b126eef-2.webp","contentUrl":"https:\/\/www.webdo.tn\/fr\/wp-content\/uploads\/2025\/05\/c0681a8bc65ac59484c2fb556b126eef-2.webp","width":750,"height":400},{"@type":"BreadcrumbList","@id":"https:\/\/www.webdo.tn\/fr\/actualite\/culture\/fete-du-japon-le-programme-complet-du-dimanche-9-fevrier-a-la-cite-de-la-culture\/219549\/#breadcrumb","itemListElement":[{"@type":"ListItem","position":1,"name":"Accueil","item":"https:\/\/www.webdo.tn\/fr\/"},{"@type":"ListItem","position":2,"name":"F\u00eate du Japon : Le programme complet du dimanche 9 f\u00e9vrier \u00e0 la Cit\u00e9 de la culture"}]},{"@type":"WebSite","@id":"https:\/\/www.webdo.tn\/fr\/#website","url":"https:\/\/www.webdo.tn\/fr\/","name":"webdo","description":"Tunisie - News en Tunisie et \u00e0 l&#039;international sur Webdo.tn","publisher":{"@id":"https:\/\/www.webdo.tn\/fr\/#organization"},"potentialAction":[{"@type":"SearchAction","target":{"@type":"EntryPoint","urlTemplate":"https:\/\/www.webdo.tn\/fr\/?s={search_term_string}"},"query-input":{"@type":"PropertyValueSpecification","valueRequired":true,"valueName":"search_term_string"}}],"inLanguage":"fr-FR"},{"@type":"Organization","@id":"https:\/\/www.webdo.tn\/fr\/#organization","name":"Webdo","alternateName":"Webdo.tn","url":"https:\/\/www.webdo.tn\/fr\/","logo":{"@type":"ImageObject","inLanguage":"fr-FR","@id":"https:\/\/www.webdo.tn\/fr\/#\/schema\/logo\/image\/","url":"https:\/\/www.webdo.tn\/fr\/wp-content\/uploads\/2025\/06\/Webdo-Tunisie_168377.jpg","contentUrl":"https:\/\/www.webdo.tn\/fr\/wp-content\/uploads\/2025\/06\/Webdo-Tunisie_168377.jpg","width":301,"height":301,"caption":"Webdo"},"image":{"@id":"https:\/\/www.webdo.tn\/fr\/#\/schema\/logo\/image\/"},"sameAs":["https:\/\/www.facebook.com\/webdotn","https:\/\/x.com\/webdo_tn"],"description":"Webdo est un m\u00e9dia num\u00e9rique tunisien fond\u00e9 en 2010, sp\u00e9cialis\u00e9 dans l\u2019actualit\u00e9 nationale et internationale, l\u2019\u00e9conomie, la soci\u00e9t\u00e9 et les analyses politiques. Le site s\u2019adresse \u00e0 un large public francophone et couvre l\u2019information tunisienne en temps r\u00e9el.","email":"redac@webdo.tn","legalName":"YNJ SARL","foundingDate":"2010-09-06","numberOfEmployees":{"@type":"QuantitativeValue","minValue":"11","maxValue":"50"}},{"@type":"Person","@id":"https:\/\/www.webdo.tn\/fr\/#\/schema\/person\/6bc0beba2cd23aec27cb5df85ca2554f","name":"Hatem Bourial","image":{"@type":"ImageObject","inLanguage":"fr-FR","@id":"https:\/\/www.webdo.tn\/fr\/wp-content\/uploads\/2026\/04\/hatem-bourial_avatar-96x96.jpg","url":"https:\/\/www.webdo.tn\/fr\/wp-content\/uploads\/2026\/04\/hatem-bourial_avatar-96x96.jpg","contentUrl":"https:\/\/www.webdo.tn\/fr\/wp-content\/uploads\/2026\/04\/hatem-bourial_avatar-96x96.jpg","caption":"Hatem Bourial"},"description":"Hatem Bourial est journaliste, \u00e9crivain et chroniqueur tunisien. Actif depuis plusieurs d\u00e9cennies, il s\u2019est impos\u00e9 comme un observateur attentif de la soci\u00e9t\u00e9 tunisienne, m\u00ealant dans ses \u00e9crits m\u00e9moire, culture et analyse du quotidien. Auteur de nombreux ouvrages, il d\u00e9veloppe une \u0153uvre \u00e0 la crois\u00e9e du r\u00e9cit, de la po\u00e9sie et de l\u2019observation sociologique. Parall\u00e8lement \u00e0 ses contributions dans la presse, il intervient r\u00e9guli\u00e8rement \u00e0 la radio et dans des espaces culturels, o\u00f9 il explore les enjeux li\u00e9s au patrimoine, \u00e0 l\u2019identit\u00e9 et aux transformations du monde contemporain. \u00c0 travers ses chroniques, Hatem Bourial propose une lecture sensible et approfondie de l\u2019actualit\u00e9, nourrie par une exp\u00e9rience journalistique et litt\u00e9raire reconnue. \ud83d\udd17 Facebook : https:\/\/www.facebook.com\/hatem.bourial.2025","sameAs":["https:\/\/www.facebook.com\/hatem.bourial.2025","https:\/\/fr.wikipedia.org\/wiki\/Fichier:Hatem_Bourial.jpg"],"knowsAbout":["Culture & patrimoine tunisien","Chronique soci\u00e9tale","Litt\u00e9rature & m\u00e9moire","Cin\u00e9ma & critique culturelle","Identit\u00e9 & mutations sociales"],"knowsLanguage":["Arabe","Fran\u00e7ais","Anglais","Italien","Polonais"],"jobTitle":"Journaliste, \u00e9crivain et chroniqueur culturel","worksFor":"Webdo","url":"https:\/\/www.webdo.tn\/fr\/actualite\/author\/hatem-bourial-2\/"}]}},"_links":{"self":[{"href":"https:\/\/www.webdo.tn\/fr\/wp-json\/wp\/v2\/posts\/219549","targetHints":{"allow":["GET"]}}],"collection":[{"href":"https:\/\/www.webdo.tn\/fr\/wp-json\/wp\/v2\/posts"}],"about":[{"href":"https:\/\/www.webdo.tn\/fr\/wp-json\/wp\/v2\/types\/post"}],"author":[{"embeddable":true,"href":"https:\/\/www.webdo.tn\/fr\/wp-json\/wp\/v2\/users\/3229"}],"replies":[{"embeddable":true,"href":"https:\/\/www.webdo.tn\/fr\/wp-json\/wp\/v2\/comments?post=219549"}],"version-history":[{"count":0,"href":"https:\/\/www.webdo.tn\/fr\/wp-json\/wp\/v2\/posts\/219549\/revisions"}],"wp:featuredmedia":[{"embeddable":true,"href":"https:\/\/www.webdo.tn\/fr\/wp-json\/wp\/v2\/media\/242498"}],"wp:attachment":[{"href":"https:\/\/www.webdo.tn\/fr\/wp-json\/wp\/v2\/media?parent=219549"}],"wp:term":[{"taxonomy":"category","embeddable":true,"href":"https:\/\/www.webdo.tn\/fr\/wp-json\/wp\/v2\/categories?post=219549"},{"taxonomy":"post_tag","embeddable":true,"href":"https:\/\/www.webdo.tn\/fr\/wp-json\/wp\/v2\/tags?post=219549"}],"curies":[{"name":"wp","href":"https:\/\/api.w.org\/{rel}","templated":true}]}}