{"id":219542,"date":"2025-02-03T11:14:00","date_gmt":"2025-02-03T11:14:00","guid":{"rendered":"https:\/\/www.webdo.tn\/fr\/blog\/2025\/02\/03\/ons-jabeur-grimpe-au-classement-wta\/"},"modified":"2025-06-04T18:08:00","modified_gmt":"2025-06-04T18:08:00","slug":"ons-jabeur-grimpe-au-classement-wta-2","status":"publish","type":"post","link":"https:\/\/www.webdo.tn\/fr\/actualite\/sport\/ons-jabeur-grimpe-au-classement-wta-2\/219542\/","title":{"rendered":"Ons Jabeur grimpe au classement WTA"},"content":{"rendered":"<p>Ons Jabeur continue de grimper au classement WTA. Class\u00e9e 39e il y a deux semaines, elle est d\u00e9sormais 33e mondiale.<\/p>\n<p> Ons Jabeur, jouera, demain pour le compte du 1er tour du tournoi d\u2019Abu Dhabi face \u00e0 Jelena Ostapenko (35e WTA).<\/p>\n<p>Revenue \u00e0 la comp\u00e9tition il y a environ un mois apr\u00e8s une longue p\u00e9riode d\u2019indisponibilit\u00e9 due \u00e0 une blessure \u00e0 l\u2019\u00e9paule, la tenniswoman tunisienne est remont\u00e9e dans le classement WTA actualis\u00e9 ce lundi 3 f\u00e9vrier 2025. Ons Jabeur a gagn\u00e9 une position pointant d\u00e9sormais \u00e0 la 33e place avec 1454 points.<\/p>\n<p>Dans ce classement WTA Aryna Sabalenka est toujours 1\u00e8re mondiale (8956 points) devant Iga Swiatek, qui garde la 2e place et Cori Gauff (3e).<\/p>\n<p>Par ailleurs, Ons Jabeur, jouera, demain pour le compte du 1er tour du tournoi d\u2019Abu Dhabi. Elle sera oppos\u00e9e \u00e0 la Lettone, Jelena Ostapenko (35e WTA).<\/p>\n<p>Les deux joueuses se sont affront\u00e9es \u00e0 cinq reprises par le pass\u00e9 et c\u2019est Ons Jabeur qui m\u00e8ne actuellement 3-2. Elle a m\u00eame remport\u00e9 leurs deux derni\u00e8res confrontations, en 2023 \u00e0 Stuttgart et en 2024 \u00e0 Madrid.<\/p>\n","protected":false},"excerpt":{"rendered":"<p>Ons Jabeur continue de grimper au classement WTA. Class\u00e9e 39e il y a deux semaines, elle est d\u00e9sormais 33e mondiale.<\/p>\n","protected":false},"author":3162,"featured_media":242486,"comment_status":"open","ping_status":"open","sticky":false,"template":"","format":"standard","meta":{"footnotes":""},"categories":[2593],"tags":[4114,2663,2604,2605,2608],"class_list":["post-219542","post","type-post","status-publish","format-standard","has-post-thumbnail","hentry","category-sport","tag-abu-dhabi","tag-classement-wta","tag-ons-jabeur","tag-tennis","tag-tunisie"],"yoast_head":"<!-- This site is optimized with the Yoast SEO Premium plugin v27.4 (Yoast SEO v27.5) - https:\/\/yoast.com\/product\/yoast-seo-premium-wordpress\/ -->\n<title>Ons Jabeur grimpe au classement WTA<\/title>\n<meta name=\"description\" content=\"Ons Jabeur continue de grimper au classement WTA. Class\u00e9e 39e il y a deux semaines, elle est d\u00e9sormais 33e mondiale.\" \/>\n<link rel=\"canonical\" href=\"https:\/\/www.webdo.tn\/fr\/actualite\/sport\/ons-jabeur-grimpe-au-classement-wta-2\/219542\/\" \/>\n<meta property=\"og:locale\" content=\"fr_FR\" \/>\n<meta property=\"og:type\" content=\"article\" \/>\n<meta property=\"og:title\" content=\"Ons Jabeur grimpe au classement WTA\" \/>\n<meta property=\"og:description\" content=\"Ons Jabeur continue de grimper au classement WTA. Class\u00e9e 39e il y a deux semaines, elle est d\u00e9sormais 33e mondiale.\" \/>\n<meta property=\"og:url\" content=\"https:\/\/www.webdo.tn\/fr\/actualite\/sport\/ons-jabeur-grimpe-au-classement-wta-2\/219542\/\" \/>\n<meta property=\"og:site_name\" content=\"webdo\" \/>\n<meta property=\"article:publisher\" content=\"https:\/\/www.facebook.com\/webdotn\" \/>\n<meta property=\"article:published_time\" content=\"2025-02-03T11:14:00+00:00\" \/>\n<meta property=\"article:modified_time\" content=\"2025-06-04T18:08:00+00:00\" \/>\n<meta property=\"og:image\" content=\"https:\/\/www.webdo.tn\/fr\/wp-content\/uploads\/2025\/05\/853b491578a05775ab7151fc5df46c5e-2.webp\" \/>\n\t<meta property=\"og:image:width\" content=\"750\" \/>\n\t<meta property=\"og:image:height\" content=\"400\" \/>\n\t<meta property=\"og:image:type\" content=\"image\/webp\" \/>\n<meta name=\"author\" content=\"MC\" \/>\n<meta name=\"twitter:card\" content=\"summary_large_image\" \/>\n<meta name=\"twitter:creator\" content=\"@webdo_tn\" \/>\n<meta name=\"twitter:site\" content=\"@webdo_tn\" \/>\n<meta name=\"twitter:label1\" content=\"\u00c9crit par\" \/>\n\t<meta name=\"twitter:data1\" content=\"MC\" \/>\n\t<meta name=\"twitter:label2\" content=\"Dur\u00e9e de lecture estim\u00e9e\" \/>\n\t<meta name=\"twitter:data2\" content=\"1 minute\" \/>\n<script type=\"application\/ld+json\" class=\"yoast-schema-graph\">{\"@context\":\"https:\\\/\\\/schema.org\",\"@graph\":[{\"@type\":\"NewsArticle\",\"@id\":\"https:\\\/\\\/www.webdo.tn\\\/fr\\\/actualite\\\/sport\\\/ons-jabeur-grimpe-au-classement-wta-2\\\/219542\\\/#article\",\"isPartOf\":{\"@id\":\"https:\\\/\\\/www.webdo.tn\\\/fr\\\/actualite\\\/sport\\\/ons-jabeur-grimpe-au-classement-wta-2\\\/219542\\\/\"},\"author\":{\"name\":\"MC\",\"@id\":\"https:\\\/\\\/www.webdo.tn\\\/fr\\\/#\\\/schema\\\/person\\\/2c4929cbf5a809e3bd38617c6ce150f6\"},\"headline\":\"Ons Jabeur grimpe au classement WTA\",\"datePublished\":\"2025-02-03T11:14:00+00:00\",\"dateModified\":\"2025-06-04T18:08:00+00:00\",\"mainEntityOfPage\":{\"@id\":\"https:\\\/\\\/www.webdo.tn\\\/fr\\\/actualite\\\/sport\\\/ons-jabeur-grimpe-au-classement-wta-2\\\/219542\\\/\"},\"wordCount\":187,\"commentCount\":0,\"publisher\":{\"@id\":\"https:\\\/\\\/www.webdo.tn\\\/fr\\\/#organization\"},\"image\":{\"@id\":\"https:\\\/\\\/www.webdo.tn\\\/fr\\\/actualite\\\/sport\\\/ons-jabeur-grimpe-au-classement-wta-2\\\/219542\\\/#primaryimage\"},\"thumbnailUrl\":\"https:\\\/\\\/www.webdo.tn\\\/fr\\\/wp-content\\\/uploads\\\/2025\\\/05\\\/853b491578a05775ab7151fc5df46c5e-2.webp\",\"keywords\":[\"Abu Dhabi\",\"classement wta\",\"Ons Jabeur\",\"tennis\",\"Tunisie\"],\"articleSection\":[\"Sport\"],\"inLanguage\":\"fr-FR\"},{\"@type\":\"WebPage\",\"@id\":\"https:\\\/\\\/www.webdo.tn\\\/fr\\\/actualite\\\/sport\\\/ons-jabeur-grimpe-au-classement-wta-2\\\/219542\\\/\",\"url\":\"https:\\\/\\\/www.webdo.tn\\\/fr\\\/actualite\\\/sport\\\/ons-jabeur-grimpe-au-classement-wta-2\\\/219542\\\/\",\"name\":\"Ons Jabeur grimpe au classement WTA\",\"isPartOf\":{\"@id\":\"https:\\\/\\\/www.webdo.tn\\\/fr\\\/#website\"},\"primaryImageOfPage\":{\"@id\":\"https:\\\/\\\/www.webdo.tn\\\/fr\\\/actualite\\\/sport\\\/ons-jabeur-grimpe-au-classement-wta-2\\\/219542\\\/#primaryimage\"},\"image\":{\"@id\":\"https:\\\/\\\/www.webdo.tn\\\/fr\\\/actualite\\\/sport\\\/ons-jabeur-grimpe-au-classement-wta-2\\\/219542\\\/#primaryimage\"},\"thumbnailUrl\":\"https:\\\/\\\/www.webdo.tn\\\/fr\\\/wp-content\\\/uploads\\\/2025\\\/05\\\/853b491578a05775ab7151fc5df46c5e-2.webp\",\"datePublished\":\"2025-02-03T11:14:00+00:00\",\"dateModified\":\"2025-06-04T18:08:00+00:00\",\"description\":\"Ons Jabeur continue de grimper au classement WTA. Class\u00e9e 39e il y a deux semaines, elle est d\u00e9sormais 33e mondiale.\",\"breadcrumb\":{\"@id\":\"https:\\\/\\\/www.webdo.tn\\\/fr\\\/actualite\\\/sport\\\/ons-jabeur-grimpe-au-classement-wta-2\\\/219542\\\/#breadcrumb\"},\"inLanguage\":\"fr-FR\",\"potentialAction\":[{\"@type\":\"ReadAction\",\"target\":[\"https:\\\/\\\/www.webdo.tn\\\/fr\\\/actualite\\\/sport\\\/ons-jabeur-grimpe-au-classement-wta-2\\\/219542\\\/\"]}]},{\"@type\":\"ImageObject\",\"inLanguage\":\"fr-FR\",\"@id\":\"https:\\\/\\\/www.webdo.tn\\\/fr\\\/actualite\\\/sport\\\/ons-jabeur-grimpe-au-classement-wta-2\\\/219542\\\/#primaryimage\",\"url\":\"https:\\\/\\\/www.webdo.tn\\\/fr\\\/wp-content\\\/uploads\\\/2025\\\/05\\\/853b491578a05775ab7151fc5df46c5e-2.webp\",\"contentUrl\":\"https:\\\/\\\/www.webdo.tn\\\/fr\\\/wp-content\\\/uploads\\\/2025\\\/05\\\/853b491578a05775ab7151fc5df46c5e-2.webp\",\"width\":750,\"height\":400},{\"@type\":\"BreadcrumbList\",\"@id\":\"https:\\\/\\\/www.webdo.tn\\\/fr\\\/actualite\\\/sport\\\/ons-jabeur-grimpe-au-classement-wta-2\\\/219542\\\/#breadcrumb\",\"itemListElement\":[{\"@type\":\"ListItem\",\"position\":1,\"name\":\"Accueil\",\"item\":\"https:\\\/\\\/www.webdo.tn\\\/fr\\\/\"},{\"@type\":\"ListItem\",\"position\":2,\"name\":\"Ons Jabeur grimpe au classement WTA\"}]},{\"@type\":\"WebSite\",\"@id\":\"https:\\\/\\\/www.webdo.tn\\\/fr\\\/#website\",\"url\":\"https:\\\/\\\/www.webdo.tn\\\/fr\\\/\",\"name\":\"webdo\",\"description\":\"Tunisie - News en Tunisie et \u00e0 l&#039;international sur Webdo.tn\",\"publisher\":{\"@id\":\"https:\\\/\\\/www.webdo.tn\\\/fr\\\/#organization\"},\"potentialAction\":[{\"@type\":\"SearchAction\",\"target\":{\"@type\":\"EntryPoint\",\"urlTemplate\":\"https:\\\/\\\/www.webdo.tn\\\/fr\\\/?s={search_term_string}\"},\"query-input\":{\"@type\":\"PropertyValueSpecification\",\"valueRequired\":true,\"valueName\":\"search_term_string\"}}],\"inLanguage\":\"fr-FR\"},{\"@type\":\"Organization\",\"@id\":\"https:\\\/\\\/www.webdo.tn\\\/fr\\\/#organization\",\"name\":\"Webdo\",\"alternateName\":\"Webdo.tn\",\"url\":\"https:\\\/\\\/www.webdo.tn\\\/fr\\\/\",\"logo\":{\"@type\":\"ImageObject\",\"inLanguage\":\"fr-FR\",\"@id\":\"https:\\\/\\\/www.webdo.tn\\\/fr\\\/#\\\/schema\\\/logo\\\/image\\\/\",\"url\":\"https:\\\/\\\/www.webdo.tn\\\/fr\\\/wp-content\\\/uploads\\\/2025\\\/06\\\/Webdo-Tunisie_168377.jpg\",\"contentUrl\":\"https:\\\/\\\/www.webdo.tn\\\/fr\\\/wp-content\\\/uploads\\\/2025\\\/06\\\/Webdo-Tunisie_168377.jpg\",\"width\":301,\"height\":301,\"caption\":\"Webdo\"},\"image\":{\"@id\":\"https:\\\/\\\/www.webdo.tn\\\/fr\\\/#\\\/schema\\\/logo\\\/image\\\/\"},\"sameAs\":[\"https:\\\/\\\/www.facebook.com\\\/webdotn\",\"https:\\\/\\\/x.com\\\/webdo_tn\"],\"description\":\"Webdo est un m\u00e9dia num\u00e9rique tunisien fond\u00e9 en 2010, sp\u00e9cialis\u00e9 dans l\u2019actualit\u00e9 nationale et internationale, l\u2019\u00e9conomie, la soci\u00e9t\u00e9 et les analyses politiques. Le site s\u2019adresse \u00e0 un large public francophone et couvre l\u2019information tunisienne en temps r\u00e9el.\",\"email\":\"redac@webdo.tn\",\"legalName\":\"YNJ SARL\",\"foundingDate\":\"2010-09-06\",\"numberOfEmployees\":{\"@type\":\"QuantitativeValue\",\"minValue\":\"11\",\"maxValue\":\"50\"}},{\"@type\":\"Person\",\"@id\":\"https:\\\/\\\/www.webdo.tn\\\/fr\\\/#\\\/schema\\\/person\\\/2c4929cbf5a809e3bd38617c6ce150f6\",\"name\":\"MC\",\"image\":{\"@type\":\"ImageObject\",\"inLanguage\":\"fr-FR\",\"@id\":\"https:\\\/\\\/secure.gravatar.com\\\/avatar\\\/a545bbb6f84efdd5553dbbc2895e3ca8f1d12c5215e00a041c9670b54aa9b18a?s=96&d=mm&r=g\",\"url\":\"https:\\\/\\\/secure.gravatar.com\\\/avatar\\\/a545bbb6f84efdd5553dbbc2895e3ca8f1d12c5215e00a041c9670b54aa9b18a?s=96&d=mm&r=g\",\"contentUrl\":\"https:\\\/\\\/secure.gravatar.com\\\/avatar\\\/a545bbb6f84efdd5553dbbc2895e3ca8f1d12c5215e00a041c9670b54aa9b18a?s=96&d=mm&r=g\",\"caption\":\"MC\"},\"url\":\"https:\\\/\\\/www.webdo.tn\\\/fr\\\/actualite\\\/author\\\/mc\\\/\"}]}<\/script>\n<!-- \/ Yoast SEO Premium plugin. -->","yoast_head_json":{"title":"Ons Jabeur grimpe au classement WTA","description":"Ons Jabeur continue de grimper au classement WTA. Class\u00e9e 39e il y a deux semaines, elle est d\u00e9sormais 33e mondiale.","canonical":"https:\/\/www.webdo.tn\/fr\/actualite\/sport\/ons-jabeur-grimpe-au-classement-wta-2\/219542\/","og_locale":"fr_FR","og_type":"article","og_title":"Ons Jabeur grimpe au classement WTA","og_description":"Ons Jabeur continue de grimper au classement WTA. Class\u00e9e 39e il y a deux semaines, elle est d\u00e9sormais 33e mondiale.","og_url":"https:\/\/www.webdo.tn\/fr\/actualite\/sport\/ons-jabeur-grimpe-au-classement-wta-2\/219542\/","og_site_name":"webdo","article_publisher":"https:\/\/www.facebook.com\/webdotn","article_published_time":"2025-02-03T11:14:00+00:00","article_modified_time":"2025-06-04T18:08:00+00:00","og_image":[{"width":750,"height":400,"url":"https:\/\/www.webdo.tn\/fr\/wp-content\/uploads\/2025\/05\/853b491578a05775ab7151fc5df46c5e-2.webp","type":"image\/webp"}],"author":"MC","twitter_card":"summary_large_image","twitter_creator":"@webdo_tn","twitter_site":"@webdo_tn","twitter_misc":{"\u00c9crit par":"MC","Dur\u00e9e de lecture estim\u00e9e":"1 minute"},"schema":{"@context":"https:\/\/schema.org","@graph":[{"@type":"NewsArticle","@id":"https:\/\/www.webdo.tn\/fr\/actualite\/sport\/ons-jabeur-grimpe-au-classement-wta-2\/219542\/#article","isPartOf":{"@id":"https:\/\/www.webdo.tn\/fr\/actualite\/sport\/ons-jabeur-grimpe-au-classement-wta-2\/219542\/"},"author":{"name":"MC","@id":"https:\/\/www.webdo.tn\/fr\/#\/schema\/person\/2c4929cbf5a809e3bd38617c6ce150f6"},"headline":"Ons Jabeur grimpe au classement WTA","datePublished":"2025-02-03T11:14:00+00:00","dateModified":"2025-06-04T18:08:00+00:00","mainEntityOfPage":{"@id":"https:\/\/www.webdo.tn\/fr\/actualite\/sport\/ons-jabeur-grimpe-au-classement-wta-2\/219542\/"},"wordCount":187,"commentCount":0,"publisher":{"@id":"https:\/\/www.webdo.tn\/fr\/#organization"},"image":{"@id":"https:\/\/www.webdo.tn\/fr\/actualite\/sport\/ons-jabeur-grimpe-au-classement-wta-2\/219542\/#primaryimage"},"thumbnailUrl":"https:\/\/www.webdo.tn\/fr\/wp-content\/uploads\/2025\/05\/853b491578a05775ab7151fc5df46c5e-2.webp","keywords":["Abu Dhabi","classement wta","Ons Jabeur","tennis","Tunisie"],"articleSection":["Sport"],"inLanguage":"fr-FR"},{"@type":"WebPage","@id":"https:\/\/www.webdo.tn\/fr\/actualite\/sport\/ons-jabeur-grimpe-au-classement-wta-2\/219542\/","url":"https:\/\/www.webdo.tn\/fr\/actualite\/sport\/ons-jabeur-grimpe-au-classement-wta-2\/219542\/","name":"Ons Jabeur grimpe au classement WTA","isPartOf":{"@id":"https:\/\/www.webdo.tn\/fr\/#website"},"primaryImageOfPage":{"@id":"https:\/\/www.webdo.tn\/fr\/actualite\/sport\/ons-jabeur-grimpe-au-classement-wta-2\/219542\/#primaryimage"},"image":{"@id":"https:\/\/www.webdo.tn\/fr\/actualite\/sport\/ons-jabeur-grimpe-au-classement-wta-2\/219542\/#primaryimage"},"thumbnailUrl":"https:\/\/www.webdo.tn\/fr\/wp-content\/uploads\/2025\/05\/853b491578a05775ab7151fc5df46c5e-2.webp","datePublished":"2025-02-03T11:14:00+00:00","dateModified":"2025-06-04T18:08:00+00:00","description":"Ons Jabeur continue de grimper au classement WTA. Class\u00e9e 39e il y a deux semaines, elle est d\u00e9sormais 33e mondiale.","breadcrumb":{"@id":"https:\/\/www.webdo.tn\/fr\/actualite\/sport\/ons-jabeur-grimpe-au-classement-wta-2\/219542\/#breadcrumb"},"inLanguage":"fr-FR","potentialAction":[{"@type":"ReadAction","target":["https:\/\/www.webdo.tn\/fr\/actualite\/sport\/ons-jabeur-grimpe-au-classement-wta-2\/219542\/"]}]},{"@type":"ImageObject","inLanguage":"fr-FR","@id":"https:\/\/www.webdo.tn\/fr\/actualite\/sport\/ons-jabeur-grimpe-au-classement-wta-2\/219542\/#primaryimage","url":"https:\/\/www.webdo.tn\/fr\/wp-content\/uploads\/2025\/05\/853b491578a05775ab7151fc5df46c5e-2.webp","contentUrl":"https:\/\/www.webdo.tn\/fr\/wp-content\/uploads\/2025\/05\/853b491578a05775ab7151fc5df46c5e-2.webp","width":750,"height":400},{"@type":"BreadcrumbList","@id":"https:\/\/www.webdo.tn\/fr\/actualite\/sport\/ons-jabeur-grimpe-au-classement-wta-2\/219542\/#breadcrumb","itemListElement":[{"@type":"ListItem","position":1,"name":"Accueil","item":"https:\/\/www.webdo.tn\/fr\/"},{"@type":"ListItem","position":2,"name":"Ons Jabeur grimpe au classement WTA"}]},{"@type":"WebSite","@id":"https:\/\/www.webdo.tn\/fr\/#website","url":"https:\/\/www.webdo.tn\/fr\/","name":"webdo","description":"Tunisie - News en Tunisie et \u00e0 l&#039;international sur Webdo.tn","publisher":{"@id":"https:\/\/www.webdo.tn\/fr\/#organization"},"potentialAction":[{"@type":"SearchAction","target":{"@type":"EntryPoint","urlTemplate":"https:\/\/www.webdo.tn\/fr\/?s={search_term_string}"},"query-input":{"@type":"PropertyValueSpecification","valueRequired":true,"valueName":"search_term_string"}}],"inLanguage":"fr-FR"},{"@type":"Organization","@id":"https:\/\/www.webdo.tn\/fr\/#organization","name":"Webdo","alternateName":"Webdo.tn","url":"https:\/\/www.webdo.tn\/fr\/","logo":{"@type":"ImageObject","inLanguage":"fr-FR","@id":"https:\/\/www.webdo.tn\/fr\/#\/schema\/logo\/image\/","url":"https:\/\/www.webdo.tn\/fr\/wp-content\/uploads\/2025\/06\/Webdo-Tunisie_168377.jpg","contentUrl":"https:\/\/www.webdo.tn\/fr\/wp-content\/uploads\/2025\/06\/Webdo-Tunisie_168377.jpg","width":301,"height":301,"caption":"Webdo"},"image":{"@id":"https:\/\/www.webdo.tn\/fr\/#\/schema\/logo\/image\/"},"sameAs":["https:\/\/www.facebook.com\/webdotn","https:\/\/x.com\/webdo_tn"],"description":"Webdo est un m\u00e9dia num\u00e9rique tunisien fond\u00e9 en 2010, sp\u00e9cialis\u00e9 dans l\u2019actualit\u00e9 nationale et internationale, l\u2019\u00e9conomie, la soci\u00e9t\u00e9 et les analyses politiques. Le site s\u2019adresse \u00e0 un large public francophone et couvre l\u2019information tunisienne en temps r\u00e9el.","email":"redac@webdo.tn","legalName":"YNJ SARL","foundingDate":"2010-09-06","numberOfEmployees":{"@type":"QuantitativeValue","minValue":"11","maxValue":"50"}},{"@type":"Person","@id":"https:\/\/www.webdo.tn\/fr\/#\/schema\/person\/2c4929cbf5a809e3bd38617c6ce150f6","name":"MC","image":{"@type":"ImageObject","inLanguage":"fr-FR","@id":"https:\/\/secure.gravatar.com\/avatar\/a545bbb6f84efdd5553dbbc2895e3ca8f1d12c5215e00a041c9670b54aa9b18a?s=96&d=mm&r=g","url":"https:\/\/secure.gravatar.com\/avatar\/a545bbb6f84efdd5553dbbc2895e3ca8f1d12c5215e00a041c9670b54aa9b18a?s=96&d=mm&r=g","contentUrl":"https:\/\/secure.gravatar.com\/avatar\/a545bbb6f84efdd5553dbbc2895e3ca8f1d12c5215e00a041c9670b54aa9b18a?s=96&d=mm&r=g","caption":"MC"},"url":"https:\/\/www.webdo.tn\/fr\/actualite\/author\/mc\/"}]}},"_links":{"self":[{"href":"https:\/\/www.webdo.tn\/fr\/wp-json\/wp\/v2\/posts\/219542","targetHints":{"allow":["GET"]}}],"collection":[{"href":"https:\/\/www.webdo.tn\/fr\/wp-json\/wp\/v2\/posts"}],"about":[{"href":"https:\/\/www.webdo.tn\/fr\/wp-json\/wp\/v2\/types\/post"}],"author":[{"embeddable":true,"href":"https:\/\/www.webdo.tn\/fr\/wp-json\/wp\/v2\/users\/3162"}],"replies":[{"embeddable":true,"href":"https:\/\/www.webdo.tn\/fr\/wp-json\/wp\/v2\/comments?post=219542"}],"version-history":[{"count":0,"href":"https:\/\/www.webdo.tn\/fr\/wp-json\/wp\/v2\/posts\/219542\/revisions"}],"wp:featuredmedia":[{"embeddable":true,"href":"https:\/\/www.webdo.tn\/fr\/wp-json\/wp\/v2\/media\/242486"}],"wp:attachment":[{"href":"https:\/\/www.webdo.tn\/fr\/wp-json\/wp\/v2\/media?parent=219542"}],"wp:term":[{"taxonomy":"category","embeddable":true,"href":"https:\/\/www.webdo.tn\/fr\/wp-json\/wp\/v2\/categories?post=219542"},{"taxonomy":"post_tag","embeddable":true,"href":"https:\/\/www.webdo.tn\/fr\/wp-json\/wp\/v2\/tags?post=219542"}],"curies":[{"name":"wp","href":"https:\/\/api.w.org\/{rel}","templated":true}]}}