{"id":219534,"date":"2025-02-03T08:29:00","date_gmt":"2025-02-03T08:29:00","guid":{"rendered":"https:\/\/www.webdo.tn\/fr\/blog\/2025\/02\/03\/migration-la-tunisie-face-aux-accusations-d-un-rapport-europeen\/"},"modified":"2025-05-20T22:20:12","modified_gmt":"2025-05-20T22:20:12","slug":"migration-la-tunisie-face-aux-accusations-d-un-rapport-europeen","status":"publish","type":"post","link":"https:\/\/www.webdo.tn\/fr\/actualite\/national\/migration-la-tunisie-face-aux-accusations-d-un-rapport-europeen\/219534\/","title":{"rendered":"Migration : La Tunisie face aux accusations d&rsquo;un rapport europ\u00e9en"},"content":{"rendered":"<p>Un rapport europ\u00e9en r\u00e9cemment publi\u00e9 met en cause la Tunisie, l\u2019accusant d\u2019avoir transf\u00e9r\u00e9 des migrants subsahariens vers la Libye, o\u00f9 certains auraient subi des mauvais traitements.\u00a0<\/p>\n<p>Selon RFI, ce document, intitul\u00e9 Traite d\u2019\u00c9tat : expulsion et vente de migrants de la Tunisie vers la Libye, a \u00e9t\u00e9 pr\u00e9sent\u00e9 au Parlement europ\u00e9en le 29 janvier par le collectif \u00ab chercheurs et chercheuses X \u00bb (RRX), un groupe de chercheurs anonymes soutenu par plusieurs d\u00e9put\u00e9s europ\u00e9ens.\u00a0<\/p>\n<p>Le rapport va jusqu\u2019\u00e0 \u00e9voquer une possible implication de l\u2019\u00c9tat tunisien dans des cas de trafic de migrants.\u00a0<\/p>\n<p>Si les autorit\u00e9s tunisiennes n\u2019ont pas encore officiellement r\u00e9agi \u00e0 ce rapport, elles ont toujours r\u00e9fut\u00e9 ce type d\u2019accusations, affirmant que les forces de s\u00e9curit\u00e9 \u0153uvrent activement pour secourir les migrants aux fronti\u00e8res terrestres et maritimes.\u00a0<\/p>\n<p>De janvier \u00e0 juillet, plus de 15 000 migrants, principalement originaires d\u2019Afrique subsaharienne, ont ainsi \u00e9t\u00e9 pris en charge par les autorit\u00e9s tunisiennes. Par ailleurs, la Tunisie et la Libye ont r\u00e9cemment conclu un accord visant \u00e0 organiser l\u2019accueil des migrants bloqu\u00e9s \u00e0 la fronti\u00e8re, t\u00e9moignant d\u2019une volont\u00e9 de coop\u00e9ration r\u00e9gionale face aux d\u00e9fis migratoires.\u00a0<\/p>\n<p>Les autorit\u00e9s tunisiennes rappellent \u00e9galement leur engagement en faveur des droits humains et leur collaboration avec des organisations telles que le Croissant-Rouge tunisien, qui apporte une assistance humanitaire aux migrants en d\u00e9tresse.\u00a0<\/p>\n<p>Si ce rapport suscite des r\u00e9actions, il met surtout en lumi\u00e8re la complexit\u00e9 de la gestion migratoire en M\u00e9diterran\u00e9e et les d\u00e9fis auxquels sont confront\u00e9s les pays de transit comme la Tunisie.<\/p>\n","protected":false},"excerpt":{"rendered":"<p>Le rapport va jusqu\u2019\u00e0 \u00e9voquer une possible implication de l\u2019\u00c9tat tunisien dans des cas de trafic de migrants.<\/p>\n","protected":false},"author":3163,"featured_media":242480,"comment_status":"open","ping_status":"open","sticky":false,"template":"","format":"standard","meta":{"footnotes":""},"categories":[44],"tags":[4155,3725,2615,2761,2608],"class_list":["post-219534","post","type-post","status-publish","format-standard","has-post-thumbnail","hentry","category-national","tag-accusations","tag-europe","tag-migration","tag-rapport","tag-tunisie"],"yoast_head":"<!-- This site is optimized with the Yoast SEO Premium plugin v27.4 (Yoast SEO v27.5) - https:\/\/yoast.com\/product\/yoast-seo-premium-wordpress\/ -->\n<title>Migration : La Tunisie face aux accusations d&#039;un rapport europ\u00e9en<\/title>\n<meta name=\"description\" content=\"Le rapport va jusqu\u2019\u00e0 \u00e9voquer une possible implication de l\u2019\u00c9tat tunisien dans des cas de trafic de migrants.\" \/>\n<link rel=\"canonical\" href=\"https:\/\/www.webdo.tn\/fr\/actualite\/national\/migration-la-tunisie-face-aux-accusations-d-un-rapport-europeen\/219534\/\" \/>\n<meta property=\"og:locale\" content=\"fr_FR\" \/>\n<meta property=\"og:type\" content=\"article\" \/>\n<meta property=\"og:title\" content=\"Migration : La Tunisie face aux accusations d&#039;un rapport europ\u00e9en\" \/>\n<meta property=\"og:description\" content=\"Le rapport va jusqu\u2019\u00e0 \u00e9voquer une possible implication de l\u2019\u00c9tat tunisien dans des cas de trafic de migrants.\" \/>\n<meta property=\"og:url\" content=\"https:\/\/www.webdo.tn\/fr\/actualite\/national\/migration-la-tunisie-face-aux-accusations-d-un-rapport-europeen\/219534\/\" \/>\n<meta property=\"og:site_name\" content=\"webdo\" \/>\n<meta property=\"article:publisher\" content=\"https:\/\/www.facebook.com\/webdotn\" \/>\n<meta property=\"article:published_time\" content=\"2025-02-03T08:29:00+00:00\" \/>\n<meta property=\"article:modified_time\" content=\"2025-05-20T22:20:12+00:00\" \/>\n<meta property=\"og:image\" content=\"https:\/\/www.webdo.tn\/fr\/wp-content\/uploads\/2025\/05\/6a6e1a86c4dfb7af17ab4e9ff56d33ec-2.webp\" \/>\n\t<meta property=\"og:image:width\" content=\"750\" \/>\n\t<meta property=\"og:image:height\" content=\"400\" \/>\n\t<meta property=\"og:image:type\" content=\"image\/webp\" \/>\n<meta name=\"author\" content=\"KJ\" \/>\n<meta name=\"twitter:card\" content=\"summary_large_image\" \/>\n<meta name=\"twitter:creator\" content=\"@webdo_tn\" \/>\n<meta name=\"twitter:site\" content=\"@webdo_tn\" \/>\n<meta name=\"twitter:label1\" content=\"\u00c9crit par\" \/>\n\t<meta name=\"twitter:data1\" content=\"KJ\" \/>\n\t<meta name=\"twitter:label2\" content=\"Dur\u00e9e de lecture estim\u00e9e\" \/>\n\t<meta name=\"twitter:data2\" content=\"1 minute\" \/>\n<script type=\"application\/ld+json\" class=\"yoast-schema-graph\">{\"@context\":\"https:\\\/\\\/schema.org\",\"@graph\":[{\"@type\":\"NewsArticle\",\"@id\":\"https:\\\/\\\/www.webdo.tn\\\/fr\\\/actualite\\\/national\\\/migration-la-tunisie-face-aux-accusations-d-un-rapport-europeen\\\/219534\\\/#article\",\"isPartOf\":{\"@id\":\"https:\\\/\\\/www.webdo.tn\\\/fr\\\/actualite\\\/national\\\/migration-la-tunisie-face-aux-accusations-d-un-rapport-europeen\\\/219534\\\/\"},\"author\":{\"name\":\"KJ\",\"@id\":\"https:\\\/\\\/www.webdo.tn\\\/fr\\\/#\\\/schema\\\/person\\\/82ca085b22037d285e1a3c4b65ba5f71\"},\"headline\":\"Migration : La Tunisie face aux accusations d&rsquo;un rapport europ\u00e9en\",\"datePublished\":\"2025-02-03T08:29:00+00:00\",\"dateModified\":\"2025-05-20T22:20:12+00:00\",\"mainEntityOfPage\":{\"@id\":\"https:\\\/\\\/www.webdo.tn\\\/fr\\\/actualite\\\/national\\\/migration-la-tunisie-face-aux-accusations-d-un-rapport-europeen\\\/219534\\\/\"},\"wordCount\":286,\"commentCount\":0,\"publisher\":{\"@id\":\"https:\\\/\\\/www.webdo.tn\\\/fr\\\/#organization\"},\"image\":{\"@id\":\"https:\\\/\\\/www.webdo.tn\\\/fr\\\/actualite\\\/national\\\/migration-la-tunisie-face-aux-accusations-d-un-rapport-europeen\\\/219534\\\/#primaryimage\"},\"thumbnailUrl\":\"https:\\\/\\\/www.webdo.tn\\\/fr\\\/wp-content\\\/uploads\\\/2025\\\/05\\\/6a6e1a86c4dfb7af17ab4e9ff56d33ec-2.webp\",\"keywords\":[\"accusations\",\"europe\",\"Migration\",\"rapport\",\"Tunisie\"],\"articleSection\":[\"National\"],\"inLanguage\":\"fr-FR\"},{\"@type\":\"WebPage\",\"@id\":\"https:\\\/\\\/www.webdo.tn\\\/fr\\\/actualite\\\/national\\\/migration-la-tunisie-face-aux-accusations-d-un-rapport-europeen\\\/219534\\\/\",\"url\":\"https:\\\/\\\/www.webdo.tn\\\/fr\\\/actualite\\\/national\\\/migration-la-tunisie-face-aux-accusations-d-un-rapport-europeen\\\/219534\\\/\",\"name\":\"Migration : La Tunisie face aux accusations d'un rapport europ\u00e9en\",\"isPartOf\":{\"@id\":\"https:\\\/\\\/www.webdo.tn\\\/fr\\\/#website\"},\"primaryImageOfPage\":{\"@id\":\"https:\\\/\\\/www.webdo.tn\\\/fr\\\/actualite\\\/national\\\/migration-la-tunisie-face-aux-accusations-d-un-rapport-europeen\\\/219534\\\/#primaryimage\"},\"image\":{\"@id\":\"https:\\\/\\\/www.webdo.tn\\\/fr\\\/actualite\\\/national\\\/migration-la-tunisie-face-aux-accusations-d-un-rapport-europeen\\\/219534\\\/#primaryimage\"},\"thumbnailUrl\":\"https:\\\/\\\/www.webdo.tn\\\/fr\\\/wp-content\\\/uploads\\\/2025\\\/05\\\/6a6e1a86c4dfb7af17ab4e9ff56d33ec-2.webp\",\"datePublished\":\"2025-02-03T08:29:00+00:00\",\"dateModified\":\"2025-05-20T22:20:12+00:00\",\"description\":\"Le rapport va jusqu\u2019\u00e0 \u00e9voquer une possible implication de l\u2019\u00c9tat tunisien dans des cas de trafic de migrants.\",\"breadcrumb\":{\"@id\":\"https:\\\/\\\/www.webdo.tn\\\/fr\\\/actualite\\\/national\\\/migration-la-tunisie-face-aux-accusations-d-un-rapport-europeen\\\/219534\\\/#breadcrumb\"},\"inLanguage\":\"fr-FR\",\"potentialAction\":[{\"@type\":\"ReadAction\",\"target\":[\"https:\\\/\\\/www.webdo.tn\\\/fr\\\/actualite\\\/national\\\/migration-la-tunisie-face-aux-accusations-d-un-rapport-europeen\\\/219534\\\/\"]}]},{\"@type\":\"ImageObject\",\"inLanguage\":\"fr-FR\",\"@id\":\"https:\\\/\\\/www.webdo.tn\\\/fr\\\/actualite\\\/national\\\/migration-la-tunisie-face-aux-accusations-d-un-rapport-europeen\\\/219534\\\/#primaryimage\",\"url\":\"https:\\\/\\\/www.webdo.tn\\\/fr\\\/wp-content\\\/uploads\\\/2025\\\/05\\\/6a6e1a86c4dfb7af17ab4e9ff56d33ec-2.webp\",\"contentUrl\":\"https:\\\/\\\/www.webdo.tn\\\/fr\\\/wp-content\\\/uploads\\\/2025\\\/05\\\/6a6e1a86c4dfb7af17ab4e9ff56d33ec-2.webp\",\"width\":750,\"height\":400},{\"@type\":\"BreadcrumbList\",\"@id\":\"https:\\\/\\\/www.webdo.tn\\\/fr\\\/actualite\\\/national\\\/migration-la-tunisie-face-aux-accusations-d-un-rapport-europeen\\\/219534\\\/#breadcrumb\",\"itemListElement\":[{\"@type\":\"ListItem\",\"position\":1,\"name\":\"Accueil\",\"item\":\"https:\\\/\\\/www.webdo.tn\\\/fr\\\/\"},{\"@type\":\"ListItem\",\"position\":2,\"name\":\"Migration : La Tunisie face aux accusations d&#8217;un rapport europ\u00e9en\"}]},{\"@type\":\"WebSite\",\"@id\":\"https:\\\/\\\/www.webdo.tn\\\/fr\\\/#website\",\"url\":\"https:\\\/\\\/www.webdo.tn\\\/fr\\\/\",\"name\":\"webdo\",\"description\":\"Tunisie - News en Tunisie et \u00e0 l&#039;international sur Webdo.tn\",\"publisher\":{\"@id\":\"https:\\\/\\\/www.webdo.tn\\\/fr\\\/#organization\"},\"potentialAction\":[{\"@type\":\"SearchAction\",\"target\":{\"@type\":\"EntryPoint\",\"urlTemplate\":\"https:\\\/\\\/www.webdo.tn\\\/fr\\\/?s={search_term_string}\"},\"query-input\":{\"@type\":\"PropertyValueSpecification\",\"valueRequired\":true,\"valueName\":\"search_term_string\"}}],\"inLanguage\":\"fr-FR\"},{\"@type\":\"Organization\",\"@id\":\"https:\\\/\\\/www.webdo.tn\\\/fr\\\/#organization\",\"name\":\"Webdo\",\"alternateName\":\"Webdo.tn\",\"url\":\"https:\\\/\\\/www.webdo.tn\\\/fr\\\/\",\"logo\":{\"@type\":\"ImageObject\",\"inLanguage\":\"fr-FR\",\"@id\":\"https:\\\/\\\/www.webdo.tn\\\/fr\\\/#\\\/schema\\\/logo\\\/image\\\/\",\"url\":\"https:\\\/\\\/www.webdo.tn\\\/fr\\\/wp-content\\\/uploads\\\/2025\\\/06\\\/Webdo-Tunisie_168377.jpg\",\"contentUrl\":\"https:\\\/\\\/www.webdo.tn\\\/fr\\\/wp-content\\\/uploads\\\/2025\\\/06\\\/Webdo-Tunisie_168377.jpg\",\"width\":301,\"height\":301,\"caption\":\"Webdo\"},\"image\":{\"@id\":\"https:\\\/\\\/www.webdo.tn\\\/fr\\\/#\\\/schema\\\/logo\\\/image\\\/\"},\"sameAs\":[\"https:\\\/\\\/www.facebook.com\\\/webdotn\",\"https:\\\/\\\/x.com\\\/webdo_tn\"],\"description\":\"Webdo est un m\u00e9dia num\u00e9rique tunisien fond\u00e9 en 2010, sp\u00e9cialis\u00e9 dans l\u2019actualit\u00e9 nationale et internationale, l\u2019\u00e9conomie, la soci\u00e9t\u00e9 et les analyses politiques. Le site s\u2019adresse \u00e0 un large public francophone et couvre l\u2019information tunisienne en temps r\u00e9el.\",\"email\":\"redac@webdo.tn\",\"legalName\":\"YNJ SARL\",\"foundingDate\":\"2010-09-06\",\"numberOfEmployees\":{\"@type\":\"QuantitativeValue\",\"minValue\":\"11\",\"maxValue\":\"50\"}},{\"@type\":\"Person\",\"@id\":\"https:\\\/\\\/www.webdo.tn\\\/fr\\\/#\\\/schema\\\/person\\\/82ca085b22037d285e1a3c4b65ba5f71\",\"name\":\"KJ\",\"image\":{\"@type\":\"ImageObject\",\"inLanguage\":\"fr-FR\",\"@id\":\"https:\\\/\\\/secure.gravatar.com\\\/avatar\\\/1a1320de1c1971c893f00068f760b4113d69504aa21273da17ee95650c5944fd?s=96&d=mm&r=g\",\"url\":\"https:\\\/\\\/secure.gravatar.com\\\/avatar\\\/1a1320de1c1971c893f00068f760b4113d69504aa21273da17ee95650c5944fd?s=96&d=mm&r=g\",\"contentUrl\":\"https:\\\/\\\/secure.gravatar.com\\\/avatar\\\/1a1320de1c1971c893f00068f760b4113d69504aa21273da17ee95650c5944fd?s=96&d=mm&r=g\",\"caption\":\"KJ\"},\"url\":\"https:\\\/\\\/www.webdo.tn\\\/fr\\\/actualite\\\/author\\\/kj\\\/\"}]}<\/script>\n<!-- \/ Yoast SEO Premium plugin. -->","yoast_head_json":{"title":"Migration : La Tunisie face aux accusations d'un rapport europ\u00e9en","description":"Le rapport va jusqu\u2019\u00e0 \u00e9voquer une possible implication de l\u2019\u00c9tat tunisien dans des cas de trafic de migrants.","canonical":"https:\/\/www.webdo.tn\/fr\/actualite\/national\/migration-la-tunisie-face-aux-accusations-d-un-rapport-europeen\/219534\/","og_locale":"fr_FR","og_type":"article","og_title":"Migration : La Tunisie face aux accusations d'un rapport europ\u00e9en","og_description":"Le rapport va jusqu\u2019\u00e0 \u00e9voquer une possible implication de l\u2019\u00c9tat tunisien dans des cas de trafic de migrants.","og_url":"https:\/\/www.webdo.tn\/fr\/actualite\/national\/migration-la-tunisie-face-aux-accusations-d-un-rapport-europeen\/219534\/","og_site_name":"webdo","article_publisher":"https:\/\/www.facebook.com\/webdotn","article_published_time":"2025-02-03T08:29:00+00:00","article_modified_time":"2025-05-20T22:20:12+00:00","og_image":[{"width":750,"height":400,"url":"https:\/\/www.webdo.tn\/fr\/wp-content\/uploads\/2025\/05\/6a6e1a86c4dfb7af17ab4e9ff56d33ec-2.webp","type":"image\/webp"}],"author":"KJ","twitter_card":"summary_large_image","twitter_creator":"@webdo_tn","twitter_site":"@webdo_tn","twitter_misc":{"\u00c9crit par":"KJ","Dur\u00e9e de lecture estim\u00e9e":"1 minute"},"schema":{"@context":"https:\/\/schema.org","@graph":[{"@type":"NewsArticle","@id":"https:\/\/www.webdo.tn\/fr\/actualite\/national\/migration-la-tunisie-face-aux-accusations-d-un-rapport-europeen\/219534\/#article","isPartOf":{"@id":"https:\/\/www.webdo.tn\/fr\/actualite\/national\/migration-la-tunisie-face-aux-accusations-d-un-rapport-europeen\/219534\/"},"author":{"name":"KJ","@id":"https:\/\/www.webdo.tn\/fr\/#\/schema\/person\/82ca085b22037d285e1a3c4b65ba5f71"},"headline":"Migration : La Tunisie face aux accusations d&rsquo;un rapport europ\u00e9en","datePublished":"2025-02-03T08:29:00+00:00","dateModified":"2025-05-20T22:20:12+00:00","mainEntityOfPage":{"@id":"https:\/\/www.webdo.tn\/fr\/actualite\/national\/migration-la-tunisie-face-aux-accusations-d-un-rapport-europeen\/219534\/"},"wordCount":286,"commentCount":0,"publisher":{"@id":"https:\/\/www.webdo.tn\/fr\/#organization"},"image":{"@id":"https:\/\/www.webdo.tn\/fr\/actualite\/national\/migration-la-tunisie-face-aux-accusations-d-un-rapport-europeen\/219534\/#primaryimage"},"thumbnailUrl":"https:\/\/www.webdo.tn\/fr\/wp-content\/uploads\/2025\/05\/6a6e1a86c4dfb7af17ab4e9ff56d33ec-2.webp","keywords":["accusations","europe","Migration","rapport","Tunisie"],"articleSection":["National"],"inLanguage":"fr-FR"},{"@type":"WebPage","@id":"https:\/\/www.webdo.tn\/fr\/actualite\/national\/migration-la-tunisie-face-aux-accusations-d-un-rapport-europeen\/219534\/","url":"https:\/\/www.webdo.tn\/fr\/actualite\/national\/migration-la-tunisie-face-aux-accusations-d-un-rapport-europeen\/219534\/","name":"Migration : La Tunisie face aux accusations d'un rapport europ\u00e9en","isPartOf":{"@id":"https:\/\/www.webdo.tn\/fr\/#website"},"primaryImageOfPage":{"@id":"https:\/\/www.webdo.tn\/fr\/actualite\/national\/migration-la-tunisie-face-aux-accusations-d-un-rapport-europeen\/219534\/#primaryimage"},"image":{"@id":"https:\/\/www.webdo.tn\/fr\/actualite\/national\/migration-la-tunisie-face-aux-accusations-d-un-rapport-europeen\/219534\/#primaryimage"},"thumbnailUrl":"https:\/\/www.webdo.tn\/fr\/wp-content\/uploads\/2025\/05\/6a6e1a86c4dfb7af17ab4e9ff56d33ec-2.webp","datePublished":"2025-02-03T08:29:00+00:00","dateModified":"2025-05-20T22:20:12+00:00","description":"Le rapport va jusqu\u2019\u00e0 \u00e9voquer une possible implication de l\u2019\u00c9tat tunisien dans des cas de trafic de migrants.","breadcrumb":{"@id":"https:\/\/www.webdo.tn\/fr\/actualite\/national\/migration-la-tunisie-face-aux-accusations-d-un-rapport-europeen\/219534\/#breadcrumb"},"inLanguage":"fr-FR","potentialAction":[{"@type":"ReadAction","target":["https:\/\/www.webdo.tn\/fr\/actualite\/national\/migration-la-tunisie-face-aux-accusations-d-un-rapport-europeen\/219534\/"]}]},{"@type":"ImageObject","inLanguage":"fr-FR","@id":"https:\/\/www.webdo.tn\/fr\/actualite\/national\/migration-la-tunisie-face-aux-accusations-d-un-rapport-europeen\/219534\/#primaryimage","url":"https:\/\/www.webdo.tn\/fr\/wp-content\/uploads\/2025\/05\/6a6e1a86c4dfb7af17ab4e9ff56d33ec-2.webp","contentUrl":"https:\/\/www.webdo.tn\/fr\/wp-content\/uploads\/2025\/05\/6a6e1a86c4dfb7af17ab4e9ff56d33ec-2.webp","width":750,"height":400},{"@type":"BreadcrumbList","@id":"https:\/\/www.webdo.tn\/fr\/actualite\/national\/migration-la-tunisie-face-aux-accusations-d-un-rapport-europeen\/219534\/#breadcrumb","itemListElement":[{"@type":"ListItem","position":1,"name":"Accueil","item":"https:\/\/www.webdo.tn\/fr\/"},{"@type":"ListItem","position":2,"name":"Migration : La Tunisie face aux accusations d&#8217;un rapport europ\u00e9en"}]},{"@type":"WebSite","@id":"https:\/\/www.webdo.tn\/fr\/#website","url":"https:\/\/www.webdo.tn\/fr\/","name":"webdo","description":"Tunisie - News en Tunisie et \u00e0 l&#039;international sur Webdo.tn","publisher":{"@id":"https:\/\/www.webdo.tn\/fr\/#organization"},"potentialAction":[{"@type":"SearchAction","target":{"@type":"EntryPoint","urlTemplate":"https:\/\/www.webdo.tn\/fr\/?s={search_term_string}"},"query-input":{"@type":"PropertyValueSpecification","valueRequired":true,"valueName":"search_term_string"}}],"inLanguage":"fr-FR"},{"@type":"Organization","@id":"https:\/\/www.webdo.tn\/fr\/#organization","name":"Webdo","alternateName":"Webdo.tn","url":"https:\/\/www.webdo.tn\/fr\/","logo":{"@type":"ImageObject","inLanguage":"fr-FR","@id":"https:\/\/www.webdo.tn\/fr\/#\/schema\/logo\/image\/","url":"https:\/\/www.webdo.tn\/fr\/wp-content\/uploads\/2025\/06\/Webdo-Tunisie_168377.jpg","contentUrl":"https:\/\/www.webdo.tn\/fr\/wp-content\/uploads\/2025\/06\/Webdo-Tunisie_168377.jpg","width":301,"height":301,"caption":"Webdo"},"image":{"@id":"https:\/\/www.webdo.tn\/fr\/#\/schema\/logo\/image\/"},"sameAs":["https:\/\/www.facebook.com\/webdotn","https:\/\/x.com\/webdo_tn"],"description":"Webdo est un m\u00e9dia num\u00e9rique tunisien fond\u00e9 en 2010, sp\u00e9cialis\u00e9 dans l\u2019actualit\u00e9 nationale et internationale, l\u2019\u00e9conomie, la soci\u00e9t\u00e9 et les analyses politiques. Le site s\u2019adresse \u00e0 un large public francophone et couvre l\u2019information tunisienne en temps r\u00e9el.","email":"redac@webdo.tn","legalName":"YNJ SARL","foundingDate":"2010-09-06","numberOfEmployees":{"@type":"QuantitativeValue","minValue":"11","maxValue":"50"}},{"@type":"Person","@id":"https:\/\/www.webdo.tn\/fr\/#\/schema\/person\/82ca085b22037d285e1a3c4b65ba5f71","name":"KJ","image":{"@type":"ImageObject","inLanguage":"fr-FR","@id":"https:\/\/secure.gravatar.com\/avatar\/1a1320de1c1971c893f00068f760b4113d69504aa21273da17ee95650c5944fd?s=96&d=mm&r=g","url":"https:\/\/secure.gravatar.com\/avatar\/1a1320de1c1971c893f00068f760b4113d69504aa21273da17ee95650c5944fd?s=96&d=mm&r=g","contentUrl":"https:\/\/secure.gravatar.com\/avatar\/1a1320de1c1971c893f00068f760b4113d69504aa21273da17ee95650c5944fd?s=96&d=mm&r=g","caption":"KJ"},"url":"https:\/\/www.webdo.tn\/fr\/actualite\/author\/kj\/"}]}},"_links":{"self":[{"href":"https:\/\/www.webdo.tn\/fr\/wp-json\/wp\/v2\/posts\/219534","targetHints":{"allow":["GET"]}}],"collection":[{"href":"https:\/\/www.webdo.tn\/fr\/wp-json\/wp\/v2\/posts"}],"about":[{"href":"https:\/\/www.webdo.tn\/fr\/wp-json\/wp\/v2\/types\/post"}],"author":[{"embeddable":true,"href":"https:\/\/www.webdo.tn\/fr\/wp-json\/wp\/v2\/users\/3163"}],"replies":[{"embeddable":true,"href":"https:\/\/www.webdo.tn\/fr\/wp-json\/wp\/v2\/comments?post=219534"}],"version-history":[{"count":0,"href":"https:\/\/www.webdo.tn\/fr\/wp-json\/wp\/v2\/posts\/219534\/revisions"}],"wp:featuredmedia":[{"embeddable":true,"href":"https:\/\/www.webdo.tn\/fr\/wp-json\/wp\/v2\/media\/242480"}],"wp:attachment":[{"href":"https:\/\/www.webdo.tn\/fr\/wp-json\/wp\/v2\/media?parent=219534"}],"wp:term":[{"taxonomy":"category","embeddable":true,"href":"https:\/\/www.webdo.tn\/fr\/wp-json\/wp\/v2\/categories?post=219534"},{"taxonomy":"post_tag","embeddable":true,"href":"https:\/\/www.webdo.tn\/fr\/wp-json\/wp\/v2\/tags?post=219534"}],"curies":[{"name":"wp","href":"https:\/\/api.w.org\/{rel}","templated":true}]}}