{"id":219522,"date":"2025-02-02T09:59:00","date_gmt":"2025-02-02T09:59:00","guid":{"rendered":"https:\/\/www.webdo.tn\/fr\/blog\/tunisie-sous-les-eaux-inondations-routes-coupees-et-appel-a-la-vigilance\/219522\/"},"modified":"2025-05-20T22:22:34","modified_gmt":"2025-05-20T22:22:34","slug":"tunisie-sous-les-eaux-inondations-routes-coupees-et-appel-a-la-vigilance","status":"publish","type":"post","link":"https:\/\/www.webdo.tn\/fr\/actualite\/national\/tunisie-sous-les-eaux-inondations-routes-coupees-et-appel-a-la-vigilance\/219522\/","title":{"rendered":"La Tunisie sous les eaux : Inondations, routes coup\u00e9es et appel \u00e0 la vigilance"},"content":{"rendered":"<p>Hier samedi 1er f\u00e9vrier 2025, de fortes pr\u00e9cipitations ont entra\u00een\u00e9 des inondations dans plusieurs r\u00e9gions de la Tunisie. Les zones les plus touch\u00e9es incluent le nord du pays, notamment les gouvernorats de Nabeul et de Bizerte o\u00f9 les pr\u00e9cipitations ont \u00e9t\u00e9 particuli\u00e8rement abondantes.<\/p>\n<p>Les autorit\u00e9s locales ont signal\u00e9 des routes coup\u00e9es et des habitations endommag\u00e9es en raison de la mont\u00e9e des eaux. Tunis, la capitale, les services m\u00e9t\u00e9orologiques ont enregistr\u00e9 des pr\u00e9cipitations significatives.\u00a0<\/p>\n<p>Les pr\u00e9visions pour le dimanche 2 f\u00e9vrier indiquent la poursuite des pluies, avec des temp\u00e9ratures similaires. Les habitants sont donc invit\u00e9s \u00e0 la prudence, surtout lors des d\u00e9placements, en raison des risques d&rsquo;inondations soudaines et de glissements de terrain.\u00a0<\/p>\n<p>Selon les donn\u00e9es climatiques, le mois de f\u00e9vrier en Tunisie est g\u00e9n\u00e9ralement caract\u00e9ris\u00e9 par des temp\u00e9ratures douces, oscillant entre 10\u00b0C et 16\u00b0C, et des pr\u00e9cipitations mod\u00e9r\u00e9es, avec une moyenne de 63 mm sur environ 4 jours.<\/p>\n<p>Cependant, les conditions m\u00e9t\u00e9orologiques actuelles semblent d\u00e9vier de ces normales saisonni\u00e8res, entra\u00eenant des pr\u00e9cipitations plus intenses que d&rsquo;habitude.<\/p>\n<p>Les services de protection civile sont en alerte et recommandent aux citoyens de rester inform\u00e9s des bulletins m\u00e9t\u00e9orologiques et des consignes de s\u00e9curit\u00e9.<\/p>\n<p>Il est conseill\u00e9 d&rsquo;\u00e9viter les zones \u00e0 risque, telles que les lits de rivi\u00e8res et les zones basses, et de ne pas tenter de traverser des routes inond\u00e9es. Les autorit\u00e9s continuent de surveiller la situation de pr\u00e8s et fourniront des mises \u00e0 jour r\u00e9guli\u00e8res au fur et \u00e0 mesure de l&rsquo;\u00e9volution des conditions m\u00e9t\u00e9orologiques.<\/p>\n","protected":false},"excerpt":{"rendered":"<p>Les autorit\u00e9s locales ont signal\u00e9 des routes coup\u00e9es et des habitations endommag\u00e9es en raison de la mont\u00e9e des eaux. Tunis, la capitale, les services m\u00e9t\u00e9orolog&#8230;<\/p>\n","protected":false},"author":3163,"featured_media":291780,"comment_status":"open","ping_status":"closed","sticky":false,"template":"","format":"standard","meta":{"footnotes":""},"categories":[44],"tags":[3164,2670,3163,2608],"class_list":["post-219522","post","type-post","status-publish","format-standard","has-post-thumbnail","hentry","category-national","tag-inondations","tag-meteo","tag-pluies","tag-tunisie"],"yoast_head":"<!-- This site is optimized with the Yoast SEO Premium plugin v27.5 (Yoast SEO v27.5) - https:\/\/yoast.com\/product\/yoast-seo-premium-wordpress\/ -->\n<title>La Tunisie sous les eaux : Inondations, routes coup\u00e9es et appel \u00e0 la vigilance<\/title>\n<meta name=\"description\" content=\"Les autorit\u00e9s locales ont signal\u00e9 des routes coup\u00e9es et des habitations endommag\u00e9es en raison de la mont\u00e9e des eaux. Tunis, la capitale, les services m\u00e9t\u00e9orolog...\" \/>\n<link rel=\"canonical\" href=\"https:\/\/www.webdo.tn\/fr\/actualite\/national\/tunisie-sous-les-eaux-inondations-routes-coupees-et-appel-a-la-vigilance\/219522\/\" \/>\n<meta property=\"og:locale\" content=\"fr_FR\" \/>\n<meta property=\"og:type\" content=\"article\" \/>\n<meta property=\"og:title\" content=\"La Tunisie sous les eaux : Inondations, routes coup\u00e9es et appel \u00e0 la vigilance\" \/>\n<meta property=\"og:description\" content=\"Les autorit\u00e9s locales ont signal\u00e9 des routes coup\u00e9es et des habitations endommag\u00e9es en raison de la mont\u00e9e des eaux. Tunis, la capitale, les services m\u00e9t\u00e9orolog...\" \/>\n<meta property=\"og:url\" content=\"https:\/\/www.webdo.tn\/fr\/actualite\/national\/tunisie-sous-les-eaux-inondations-routes-coupees-et-appel-a-la-vigilance\/219522\/\" \/>\n<meta property=\"og:site_name\" content=\"webdo\" \/>\n<meta property=\"article:publisher\" content=\"https:\/\/www.facebook.com\/webdotn\" \/>\n<meta property=\"article:published_time\" content=\"2025-02-02T09:59:00+00:00\" \/>\n<meta property=\"article:modified_time\" content=\"2025-05-20T22:22:34+00:00\" \/>\n<meta property=\"og:image\" content=\"https:\/\/www.webdo.tn\/fr\/wp-content\/uploads\/2025\/02\/b4758f839a60a7df19dfd6a3025a42f0.webp\" \/>\n\t<meta property=\"og:image:width\" content=\"750\" \/>\n\t<meta property=\"og:image:height\" content=\"400\" \/>\n\t<meta property=\"og:image:type\" content=\"image\/webp\" \/>\n<meta name=\"author\" content=\"KJ\" \/>\n<meta name=\"twitter:card\" content=\"summary_large_image\" \/>\n<meta name=\"twitter:creator\" content=\"@webdo_tn\" \/>\n<meta name=\"twitter:site\" content=\"@webdo_tn\" \/>\n<meta name=\"twitter:label1\" content=\"\u00c9crit par\" \/>\n\t<meta name=\"twitter:data1\" content=\"KJ\" \/>\n\t<meta name=\"twitter:label2\" content=\"Dur\u00e9e de lecture estim\u00e9e\" \/>\n\t<meta name=\"twitter:data2\" content=\"1 minute\" \/>\n<script type=\"application\/ld+json\" class=\"yoast-schema-graph\">{\"@context\":\"https:\\\/\\\/schema.org\",\"@graph\":[{\"@type\":\"NewsArticle\",\"@id\":\"https:\\\/\\\/www.webdo.tn\\\/fr\\\/actualite\\\/national\\\/tunisie-sous-les-eaux-inondations-routes-coupees-et-appel-a-la-vigilance\\\/219522\\\/#article\",\"isPartOf\":{\"@id\":\"https:\\\/\\\/www.webdo.tn\\\/fr\\\/actualite\\\/national\\\/tunisie-sous-les-eaux-inondations-routes-coupees-et-appel-a-la-vigilance\\\/219522\\\/\"},\"author\":{\"name\":\"KJ\",\"@id\":\"https:\\\/\\\/www.webdo.tn\\\/fr\\\/#\\\/schema\\\/person\\\/82ca085b22037d285e1a3c4b65ba5f71\"},\"headline\":\"La Tunisie sous les eaux : Inondations, routes coup\u00e9es et appel \u00e0 la vigilance\",\"datePublished\":\"2025-02-02T09:59:00+00:00\",\"dateModified\":\"2025-05-20T22:22:34+00:00\",\"mainEntityOfPage\":{\"@id\":\"https:\\\/\\\/www.webdo.tn\\\/fr\\\/actualite\\\/national\\\/tunisie-sous-les-eaux-inondations-routes-coupees-et-appel-a-la-vigilance\\\/219522\\\/\"},\"wordCount\":298,\"commentCount\":0,\"publisher\":{\"@id\":\"https:\\\/\\\/www.webdo.tn\\\/fr\\\/#organization\"},\"image\":{\"@id\":\"https:\\\/\\\/www.webdo.tn\\\/fr\\\/actualite\\\/national\\\/tunisie-sous-les-eaux-inondations-routes-coupees-et-appel-a-la-vigilance\\\/219522\\\/#primaryimage\"},\"thumbnailUrl\":\"https:\\\/\\\/www.webdo.tn\\\/fr\\\/wp-content\\\/uploads\\\/2025\\\/02\\\/b4758f839a60a7df19dfd6a3025a42f0.webp\",\"keywords\":[\"Inondations\",\"m\u00e9t\u00e9o\",\"pluies\",\"Tunisie\"],\"articleSection\":[\"National\"],\"inLanguage\":\"fr-FR\"},{\"@type\":\"WebPage\",\"@id\":\"https:\\\/\\\/www.webdo.tn\\\/fr\\\/actualite\\\/national\\\/tunisie-sous-les-eaux-inondations-routes-coupees-et-appel-a-la-vigilance\\\/219522\\\/\",\"url\":\"https:\\\/\\\/www.webdo.tn\\\/fr\\\/actualite\\\/national\\\/tunisie-sous-les-eaux-inondations-routes-coupees-et-appel-a-la-vigilance\\\/219522\\\/\",\"name\":\"La Tunisie sous les eaux : Inondations, routes coup\u00e9es et appel \u00e0 la vigilance\",\"isPartOf\":{\"@id\":\"https:\\\/\\\/www.webdo.tn\\\/fr\\\/#website\"},\"primaryImageOfPage\":{\"@id\":\"https:\\\/\\\/www.webdo.tn\\\/fr\\\/actualite\\\/national\\\/tunisie-sous-les-eaux-inondations-routes-coupees-et-appel-a-la-vigilance\\\/219522\\\/#primaryimage\"},\"image\":{\"@id\":\"https:\\\/\\\/www.webdo.tn\\\/fr\\\/actualite\\\/national\\\/tunisie-sous-les-eaux-inondations-routes-coupees-et-appel-a-la-vigilance\\\/219522\\\/#primaryimage\"},\"thumbnailUrl\":\"https:\\\/\\\/www.webdo.tn\\\/fr\\\/wp-content\\\/uploads\\\/2025\\\/02\\\/b4758f839a60a7df19dfd6a3025a42f0.webp\",\"datePublished\":\"2025-02-02T09:59:00+00:00\",\"dateModified\":\"2025-05-20T22:22:34+00:00\",\"description\":\"Les autorit\u00e9s locales ont signal\u00e9 des routes coup\u00e9es et des habitations endommag\u00e9es en raison de la mont\u00e9e des eaux. Tunis, la capitale, les services m\u00e9t\u00e9orolog...\",\"breadcrumb\":{\"@id\":\"https:\\\/\\\/www.webdo.tn\\\/fr\\\/actualite\\\/national\\\/tunisie-sous-les-eaux-inondations-routes-coupees-et-appel-a-la-vigilance\\\/219522\\\/#breadcrumb\"},\"inLanguage\":\"fr-FR\",\"potentialAction\":[{\"@type\":\"ReadAction\",\"target\":[\"https:\\\/\\\/www.webdo.tn\\\/fr\\\/actualite\\\/national\\\/tunisie-sous-les-eaux-inondations-routes-coupees-et-appel-a-la-vigilance\\\/219522\\\/\"]}]},{\"@type\":\"ImageObject\",\"inLanguage\":\"fr-FR\",\"@id\":\"https:\\\/\\\/www.webdo.tn\\\/fr\\\/actualite\\\/national\\\/tunisie-sous-les-eaux-inondations-routes-coupees-et-appel-a-la-vigilance\\\/219522\\\/#primaryimage\",\"url\":\"https:\\\/\\\/www.webdo.tn\\\/fr\\\/wp-content\\\/uploads\\\/2025\\\/02\\\/b4758f839a60a7df19dfd6a3025a42f0.webp\",\"contentUrl\":\"https:\\\/\\\/www.webdo.tn\\\/fr\\\/wp-content\\\/uploads\\\/2025\\\/02\\\/b4758f839a60a7df19dfd6a3025a42f0.webp\",\"width\":750,\"height\":400,\"caption\":\"La Tunisie sous les eaux : Inondations, routes coup\u00e9es et appel \u00e0 la vigilance\"},{\"@type\":\"BreadcrumbList\",\"@id\":\"https:\\\/\\\/www.webdo.tn\\\/fr\\\/actualite\\\/national\\\/tunisie-sous-les-eaux-inondations-routes-coupees-et-appel-a-la-vigilance\\\/219522\\\/#breadcrumb\",\"itemListElement\":[{\"@type\":\"ListItem\",\"position\":1,\"name\":\"Accueil\",\"item\":\"https:\\\/\\\/www.webdo.tn\\\/fr\\\/\"},{\"@type\":\"ListItem\",\"position\":2,\"name\":\"La Tunisie sous les eaux : Inondations, routes coup\u00e9es et appel \u00e0 la vigilance\"}]},{\"@type\":\"WebSite\",\"@id\":\"https:\\\/\\\/www.webdo.tn\\\/fr\\\/#website\",\"url\":\"https:\\\/\\\/www.webdo.tn\\\/fr\\\/\",\"name\":\"webdo\",\"description\":\"Tunisie - News en Tunisie et \u00e0 l&#039;international sur Webdo.tn\",\"publisher\":{\"@id\":\"https:\\\/\\\/www.webdo.tn\\\/fr\\\/#organization\"},\"potentialAction\":[{\"@type\":\"SearchAction\",\"target\":{\"@type\":\"EntryPoint\",\"urlTemplate\":\"https:\\\/\\\/www.webdo.tn\\\/fr\\\/?s={search_term_string}\"},\"query-input\":{\"@type\":\"PropertyValueSpecification\",\"valueRequired\":true,\"valueName\":\"search_term_string\"}}],\"inLanguage\":\"fr-FR\"},{\"@type\":\"Organization\",\"@id\":\"https:\\\/\\\/www.webdo.tn\\\/fr\\\/#organization\",\"name\":\"Webdo\",\"alternateName\":\"Webdo.tn\",\"url\":\"https:\\\/\\\/www.webdo.tn\\\/fr\\\/\",\"logo\":{\"@type\":\"ImageObject\",\"inLanguage\":\"fr-FR\",\"@id\":\"https:\\\/\\\/www.webdo.tn\\\/fr\\\/#\\\/schema\\\/logo\\\/image\\\/\",\"url\":\"https:\\\/\\\/www.webdo.tn\\\/fr\\\/wp-content\\\/uploads\\\/2025\\\/06\\\/Webdo-Tunisie_168377.jpg\",\"contentUrl\":\"https:\\\/\\\/www.webdo.tn\\\/fr\\\/wp-content\\\/uploads\\\/2025\\\/06\\\/Webdo-Tunisie_168377.jpg\",\"width\":301,\"height\":301,\"caption\":\"Webdo\"},\"image\":{\"@id\":\"https:\\\/\\\/www.webdo.tn\\\/fr\\\/#\\\/schema\\\/logo\\\/image\\\/\"},\"sameAs\":[\"https:\\\/\\\/www.facebook.com\\\/webdotn\",\"https:\\\/\\\/x.com\\\/webdo_tn\"],\"description\":\"Webdo est un m\u00e9dia num\u00e9rique tunisien fond\u00e9 en 2010, sp\u00e9cialis\u00e9 dans l\u2019actualit\u00e9 nationale et internationale, l\u2019\u00e9conomie, la soci\u00e9t\u00e9 et les analyses politiques. Le site s\u2019adresse \u00e0 un large public francophone et couvre l\u2019information tunisienne en temps r\u00e9el.\",\"email\":\"redac@webdo.tn\",\"legalName\":\"YNJ SARL\",\"foundingDate\":\"2010-09-06\",\"numberOfEmployees\":{\"@type\":\"QuantitativeValue\",\"minValue\":\"11\",\"maxValue\":\"50\"}},{\"@type\":\"Person\",\"@id\":\"https:\\\/\\\/www.webdo.tn\\\/fr\\\/#\\\/schema\\\/person\\\/82ca085b22037d285e1a3c4b65ba5f71\",\"name\":\"KJ\",\"image\":{\"@type\":\"ImageObject\",\"inLanguage\":\"fr-FR\",\"@id\":\"https:\\\/\\\/secure.gravatar.com\\\/avatar\\\/1a1320de1c1971c893f00068f760b4113d69504aa21273da17ee95650c5944fd?s=96&d=mm&r=g\",\"url\":\"https:\\\/\\\/secure.gravatar.com\\\/avatar\\\/1a1320de1c1971c893f00068f760b4113d69504aa21273da17ee95650c5944fd?s=96&d=mm&r=g\",\"contentUrl\":\"https:\\\/\\\/secure.gravatar.com\\\/avatar\\\/1a1320de1c1971c893f00068f760b4113d69504aa21273da17ee95650c5944fd?s=96&d=mm&r=g\",\"caption\":\"KJ\"},\"url\":\"https:\\\/\\\/www.webdo.tn\\\/fr\\\/actualite\\\/author\\\/kj\\\/\"}]}<\/script>\n<!-- \/ Yoast SEO Premium plugin. -->","yoast_head_json":{"title":"La Tunisie sous les eaux : Inondations, routes coup\u00e9es et appel \u00e0 la vigilance","description":"Les autorit\u00e9s locales ont signal\u00e9 des routes coup\u00e9es et des habitations endommag\u00e9es en raison de la mont\u00e9e des eaux. Tunis, la capitale, les services m\u00e9t\u00e9orolog...","canonical":"https:\/\/www.webdo.tn\/fr\/actualite\/national\/tunisie-sous-les-eaux-inondations-routes-coupees-et-appel-a-la-vigilance\/219522\/","og_locale":"fr_FR","og_type":"article","og_title":"La Tunisie sous les eaux : Inondations, routes coup\u00e9es et appel \u00e0 la vigilance","og_description":"Les autorit\u00e9s locales ont signal\u00e9 des routes coup\u00e9es et des habitations endommag\u00e9es en raison de la mont\u00e9e des eaux. Tunis, la capitale, les services m\u00e9t\u00e9orolog...","og_url":"https:\/\/www.webdo.tn\/fr\/actualite\/national\/tunisie-sous-les-eaux-inondations-routes-coupees-et-appel-a-la-vigilance\/219522\/","og_site_name":"webdo","article_publisher":"https:\/\/www.facebook.com\/webdotn","article_published_time":"2025-02-02T09:59:00+00:00","article_modified_time":"2025-05-20T22:22:34+00:00","og_image":[{"width":750,"height":400,"url":"https:\/\/www.webdo.tn\/fr\/wp-content\/uploads\/2025\/02\/b4758f839a60a7df19dfd6a3025a42f0.webp","type":"image\/webp"}],"author":"KJ","twitter_card":"summary_large_image","twitter_creator":"@webdo_tn","twitter_site":"@webdo_tn","twitter_misc":{"\u00c9crit par":"KJ","Dur\u00e9e de lecture estim\u00e9e":"1 minute"},"schema":{"@context":"https:\/\/schema.org","@graph":[{"@type":"NewsArticle","@id":"https:\/\/www.webdo.tn\/fr\/actualite\/national\/tunisie-sous-les-eaux-inondations-routes-coupees-et-appel-a-la-vigilance\/219522\/#article","isPartOf":{"@id":"https:\/\/www.webdo.tn\/fr\/actualite\/national\/tunisie-sous-les-eaux-inondations-routes-coupees-et-appel-a-la-vigilance\/219522\/"},"author":{"name":"KJ","@id":"https:\/\/www.webdo.tn\/fr\/#\/schema\/person\/82ca085b22037d285e1a3c4b65ba5f71"},"headline":"La Tunisie sous les eaux : Inondations, routes coup\u00e9es et appel \u00e0 la vigilance","datePublished":"2025-02-02T09:59:00+00:00","dateModified":"2025-05-20T22:22:34+00:00","mainEntityOfPage":{"@id":"https:\/\/www.webdo.tn\/fr\/actualite\/national\/tunisie-sous-les-eaux-inondations-routes-coupees-et-appel-a-la-vigilance\/219522\/"},"wordCount":298,"commentCount":0,"publisher":{"@id":"https:\/\/www.webdo.tn\/fr\/#organization"},"image":{"@id":"https:\/\/www.webdo.tn\/fr\/actualite\/national\/tunisie-sous-les-eaux-inondations-routes-coupees-et-appel-a-la-vigilance\/219522\/#primaryimage"},"thumbnailUrl":"https:\/\/www.webdo.tn\/fr\/wp-content\/uploads\/2025\/02\/b4758f839a60a7df19dfd6a3025a42f0.webp","keywords":["Inondations","m\u00e9t\u00e9o","pluies","Tunisie"],"articleSection":["National"],"inLanguage":"fr-FR"},{"@type":"WebPage","@id":"https:\/\/www.webdo.tn\/fr\/actualite\/national\/tunisie-sous-les-eaux-inondations-routes-coupees-et-appel-a-la-vigilance\/219522\/","url":"https:\/\/www.webdo.tn\/fr\/actualite\/national\/tunisie-sous-les-eaux-inondations-routes-coupees-et-appel-a-la-vigilance\/219522\/","name":"La Tunisie sous les eaux : Inondations, routes coup\u00e9es et appel \u00e0 la vigilance","isPartOf":{"@id":"https:\/\/www.webdo.tn\/fr\/#website"},"primaryImageOfPage":{"@id":"https:\/\/www.webdo.tn\/fr\/actualite\/national\/tunisie-sous-les-eaux-inondations-routes-coupees-et-appel-a-la-vigilance\/219522\/#primaryimage"},"image":{"@id":"https:\/\/www.webdo.tn\/fr\/actualite\/national\/tunisie-sous-les-eaux-inondations-routes-coupees-et-appel-a-la-vigilance\/219522\/#primaryimage"},"thumbnailUrl":"https:\/\/www.webdo.tn\/fr\/wp-content\/uploads\/2025\/02\/b4758f839a60a7df19dfd6a3025a42f0.webp","datePublished":"2025-02-02T09:59:00+00:00","dateModified":"2025-05-20T22:22:34+00:00","description":"Les autorit\u00e9s locales ont signal\u00e9 des routes coup\u00e9es et des habitations endommag\u00e9es en raison de la mont\u00e9e des eaux. Tunis, la capitale, les services m\u00e9t\u00e9orolog...","breadcrumb":{"@id":"https:\/\/www.webdo.tn\/fr\/actualite\/national\/tunisie-sous-les-eaux-inondations-routes-coupees-et-appel-a-la-vigilance\/219522\/#breadcrumb"},"inLanguage":"fr-FR","potentialAction":[{"@type":"ReadAction","target":["https:\/\/www.webdo.tn\/fr\/actualite\/national\/tunisie-sous-les-eaux-inondations-routes-coupees-et-appel-a-la-vigilance\/219522\/"]}]},{"@type":"ImageObject","inLanguage":"fr-FR","@id":"https:\/\/www.webdo.tn\/fr\/actualite\/national\/tunisie-sous-les-eaux-inondations-routes-coupees-et-appel-a-la-vigilance\/219522\/#primaryimage","url":"https:\/\/www.webdo.tn\/fr\/wp-content\/uploads\/2025\/02\/b4758f839a60a7df19dfd6a3025a42f0.webp","contentUrl":"https:\/\/www.webdo.tn\/fr\/wp-content\/uploads\/2025\/02\/b4758f839a60a7df19dfd6a3025a42f0.webp","width":750,"height":400,"caption":"La Tunisie sous les eaux : Inondations, routes coup\u00e9es et appel \u00e0 la vigilance"},{"@type":"BreadcrumbList","@id":"https:\/\/www.webdo.tn\/fr\/actualite\/national\/tunisie-sous-les-eaux-inondations-routes-coupees-et-appel-a-la-vigilance\/219522\/#breadcrumb","itemListElement":[{"@type":"ListItem","position":1,"name":"Accueil","item":"https:\/\/www.webdo.tn\/fr\/"},{"@type":"ListItem","position":2,"name":"La Tunisie sous les eaux : Inondations, routes coup\u00e9es et appel \u00e0 la vigilance"}]},{"@type":"WebSite","@id":"https:\/\/www.webdo.tn\/fr\/#website","url":"https:\/\/www.webdo.tn\/fr\/","name":"webdo","description":"Tunisie - News en Tunisie et \u00e0 l&#039;international sur Webdo.tn","publisher":{"@id":"https:\/\/www.webdo.tn\/fr\/#organization"},"potentialAction":[{"@type":"SearchAction","target":{"@type":"EntryPoint","urlTemplate":"https:\/\/www.webdo.tn\/fr\/?s={search_term_string}"},"query-input":{"@type":"PropertyValueSpecification","valueRequired":true,"valueName":"search_term_string"}}],"inLanguage":"fr-FR"},{"@type":"Organization","@id":"https:\/\/www.webdo.tn\/fr\/#organization","name":"Webdo","alternateName":"Webdo.tn","url":"https:\/\/www.webdo.tn\/fr\/","logo":{"@type":"ImageObject","inLanguage":"fr-FR","@id":"https:\/\/www.webdo.tn\/fr\/#\/schema\/logo\/image\/","url":"https:\/\/www.webdo.tn\/fr\/wp-content\/uploads\/2025\/06\/Webdo-Tunisie_168377.jpg","contentUrl":"https:\/\/www.webdo.tn\/fr\/wp-content\/uploads\/2025\/06\/Webdo-Tunisie_168377.jpg","width":301,"height":301,"caption":"Webdo"},"image":{"@id":"https:\/\/www.webdo.tn\/fr\/#\/schema\/logo\/image\/"},"sameAs":["https:\/\/www.facebook.com\/webdotn","https:\/\/x.com\/webdo_tn"],"description":"Webdo est un m\u00e9dia num\u00e9rique tunisien fond\u00e9 en 2010, sp\u00e9cialis\u00e9 dans l\u2019actualit\u00e9 nationale et internationale, l\u2019\u00e9conomie, la soci\u00e9t\u00e9 et les analyses politiques. Le site s\u2019adresse \u00e0 un large public francophone et couvre l\u2019information tunisienne en temps r\u00e9el.","email":"redac@webdo.tn","legalName":"YNJ SARL","foundingDate":"2010-09-06","numberOfEmployees":{"@type":"QuantitativeValue","minValue":"11","maxValue":"50"}},{"@type":"Person","@id":"https:\/\/www.webdo.tn\/fr\/#\/schema\/person\/82ca085b22037d285e1a3c4b65ba5f71","name":"KJ","image":{"@type":"ImageObject","inLanguage":"fr-FR","@id":"https:\/\/secure.gravatar.com\/avatar\/1a1320de1c1971c893f00068f760b4113d69504aa21273da17ee95650c5944fd?s=96&d=mm&r=g","url":"https:\/\/secure.gravatar.com\/avatar\/1a1320de1c1971c893f00068f760b4113d69504aa21273da17ee95650c5944fd?s=96&d=mm&r=g","contentUrl":"https:\/\/secure.gravatar.com\/avatar\/1a1320de1c1971c893f00068f760b4113d69504aa21273da17ee95650c5944fd?s=96&d=mm&r=g","caption":"KJ"},"url":"https:\/\/www.webdo.tn\/fr\/actualite\/author\/kj\/"}]}},"_links":{"self":[{"href":"https:\/\/www.webdo.tn\/fr\/wp-json\/wp\/v2\/posts\/219522","targetHints":{"allow":["GET"]}}],"collection":[{"href":"https:\/\/www.webdo.tn\/fr\/wp-json\/wp\/v2\/posts"}],"about":[{"href":"https:\/\/www.webdo.tn\/fr\/wp-json\/wp\/v2\/types\/post"}],"author":[{"embeddable":true,"href":"https:\/\/www.webdo.tn\/fr\/wp-json\/wp\/v2\/users\/3163"}],"replies":[{"embeddable":true,"href":"https:\/\/www.webdo.tn\/fr\/wp-json\/wp\/v2\/comments?post=219522"}],"version-history":[{"count":0,"href":"https:\/\/www.webdo.tn\/fr\/wp-json\/wp\/v2\/posts\/219522\/revisions"}],"wp:featuredmedia":[{"embeddable":true,"href":"https:\/\/www.webdo.tn\/fr\/wp-json\/wp\/v2\/media\/291780"}],"wp:attachment":[{"href":"https:\/\/www.webdo.tn\/fr\/wp-json\/wp\/v2\/media?parent=219522"}],"wp:term":[{"taxonomy":"category","embeddable":true,"href":"https:\/\/www.webdo.tn\/fr\/wp-json\/wp\/v2\/categories?post=219522"},{"taxonomy":"post_tag","embeddable":true,"href":"https:\/\/www.webdo.tn\/fr\/wp-json\/wp\/v2\/tags?post=219522"}],"curies":[{"name":"wp","href":"https:\/\/api.w.org\/{rel}","templated":true}]}}