{"id":219518,"date":"2025-02-01T12:43:00","date_gmt":"2025-02-01T12:43:00","guid":{"rendered":"https:\/\/www.webdo.tn\/fr\/blog\/tunisie-le-gouvernement-se-penche-la-restructuration-et-le-redressement-de-tunisair\/219518\/"},"modified":"2025-05-20T22:16:29","modified_gmt":"2025-05-20T22:16:29","slug":"tunisie-le-gouvernement-se-penche-la-restructuration-et-le-redressement-de-tunisair","status":"publish","type":"post","link":"https:\/\/www.webdo.tn\/fr\/actualite\/national\/tunisie-le-gouvernement-se-penche-la-restructuration-et-le-redressement-de-tunisair\/219518\/","title":{"rendered":"Tunisie : Le gouvernement se penche la restructuration et le redressement de Tunisair"},"content":{"rendered":"<p>L\u2019examen de la situation actuelle de la compagnie a\u00e9rienne Tunisair ainsi que son programme de restructuration ont \u00e9t\u00e9 au centre d\u2019un conseil minist\u00e9riel restreint tenu, vendredi 31 janvier 2025, au Palais du gouvernement \u00e0 la Kasbah, sous la pr\u00e9sidence du chef du gouvernement, Kamel Maddouri.<\/p>\n<p>\t\t\t\t\t\t\t\t\tSelon un communiqu\u00e9 de la pr\u00e9sidence du gouvernement, cet examen s\u2019inscrit dans la concr\u00e9tisation de la nouvelle vision en mati\u00e8re de gestion publique, qui vise \u00e0 garantir une gestion efficiente des \u00e9tablissements et entreprises publics, d\u00e9velopper leur gouvernance, soutenir leurs \u00e9quilibres financiers, pr\u00e9server leur p\u00e9rennit\u00e9 et am\u00e9liorer leur rendement et leur comp\u00e9titivit\u00e9.<\/p>\n<p>L\u2019objectif principal est de faire de Tunisair une compagnie a\u00e9rienne plus performante et capable de s\u2019aligner sur les standards internationaux en mati\u00e8re de qualit\u00e9 et de services.<\/p>\n<p>Programme de restructuration<\/p>\n<p>Le programme de restructuration de Tunisair s\u2019articule autour de plusieurs axes cl\u00e9s :<\/p>\n<p>\tRenforcement de la flotte : L\u2019acquisition de nouveaux avions et la modernisation des appareils existants afin d\u2019am\u00e9liorer la ponctualit\u00e9 et la qualit\u00e9 du service.<br \/>\n\tOptimisation de la gestion interne : Une meilleure organisation du personnel et des ressources afin de r\u00e9duire les co\u00fbts et d\u2019augmenter l\u2019efficacit\u00e9 op\u00e9rationnelle.<br \/>\n\tAm\u00e9lioration de l\u2019exp\u00e9rience client : Un effort particulier sera fourni pour optimiser les services aux passagers, notamment en ce qui concerne la r\u00e9servation, l\u2019embarquement et la gestion des bagages.<br \/>\n\tRedressement financier : Une strat\u00e9gie pour assainir la situation financi\u00e8re de la compagnie et honorer ses engagements envers ses partenaires et fournisseurs.<br \/>\n\tRenforcement des partenariats strat\u00e9giques : L\u2019ouverture \u00e0 de nouveaux partenariats commerciaux pour diversifier les sources de revenus et \u00e9tendre le r\u00e9seau de destinations.<\/p>\n<p>Mesures imm\u00e9diates pour un redressement<\/p>\n<p>Le Conseil minist\u00e9riel a adopt\u00e9, apr\u00e8s discussions une s\u00e9rie de mesures \u00e0 court terme afin de permettre \u00e0 la compagnie de faire face \u00e0 ses difficult\u00e9s actuelles. Ces mesures visent notamment \u00e0 assurer le paiement des dettes urgentes pour garantir la continuit\u00e9 des op\u00e9rations. Elle visent \u00e9galement \u00e0 am\u00e9liorer la qualit\u00e9 des prestations de services pour regagner la confiance des passagers.<\/p>\n<p>En outre des mesures seront adopt\u00e9es afin d&rsquo;optimiser les co\u00fbts de fonctionnement en rationalisant les d\u00e9penses et en \u00e9liminant les inefficacit\u00e9s ; et \u00e0 acc\u00e9l\u00e9rer la digitalisation des services pour moderniser la gestion et fluidifier les op\u00e9rations.<\/p>\n","protected":false},"excerpt":{"rendered":"<p>L\u2019examen de la situation actuelle de la compagnie a\u00e9rienne Tunisair ainsi que son programme de restructuration ont \u00e9t\u00e9 au centre d\u2019un conseil minist\u00e9riel restre&#8230;<\/p>\n","protected":false},"author":3162,"featured_media":291776,"comment_status":"open","ping_status":"closed","sticky":false,"template":"","format":"standard","meta":{"footnotes":""},"categories":[44],"tags":[10933,10932,2651,3451,2608],"class_list":["post-219518","post","type-post","status-publish","format-standard","has-post-thumbnail","hentry","category-national","tag-redressement","tag-restructuration","tag-gouvernement","tag-tunisair","tag-tunisie"],"yoast_head":"<!-- This site is optimized with the Yoast SEO Premium plugin v27.5 (Yoast SEO v27.5) - https:\/\/yoast.com\/product\/yoast-seo-premium-wordpress\/ -->\n<title>Tunisie : Le gouvernement se penche la restructuration et le redressement de Tunisair<\/title>\n<meta name=\"description\" content=\"L\u2019examen de la situation actuelle de la compagnie a\u00e9rienne Tunisair ainsi que son programme de restructuration ont \u00e9t\u00e9 au centre d\u2019un conseil minist\u00e9riel restre...\" \/>\n<link rel=\"canonical\" href=\"https:\/\/www.webdo.tn\/fr\/actualite\/national\/tunisie-le-gouvernement-se-penche-la-restructuration-et-le-redressement-de-tunisair\/219518\/\" \/>\n<meta property=\"og:locale\" content=\"fr_FR\" \/>\n<meta property=\"og:type\" content=\"article\" \/>\n<meta property=\"og:title\" content=\"Tunisie : Le gouvernement se penche la restructuration et le redressement de Tunisair\" \/>\n<meta property=\"og:description\" content=\"L\u2019examen de la situation actuelle de la compagnie a\u00e9rienne Tunisair ainsi que son programme de restructuration ont \u00e9t\u00e9 au centre d\u2019un conseil minist\u00e9riel restre...\" \/>\n<meta property=\"og:url\" content=\"https:\/\/www.webdo.tn\/fr\/actualite\/national\/tunisie-le-gouvernement-se-penche-la-restructuration-et-le-redressement-de-tunisair\/219518\/\" \/>\n<meta property=\"og:site_name\" content=\"webdo\" \/>\n<meta property=\"article:publisher\" content=\"https:\/\/www.facebook.com\/webdotn\" \/>\n<meta property=\"article:published_time\" content=\"2025-02-01T12:43:00+00:00\" \/>\n<meta property=\"article:modified_time\" content=\"2025-05-20T22:16:29+00:00\" \/>\n<meta property=\"og:image\" content=\"https:\/\/www.webdo.tn\/fr\/wp-content\/uploads\/2025\/02\/fadb676b74d3be3b30b067ad94b1f2a6.webp\" \/>\n\t<meta property=\"og:image:width\" content=\"750\" \/>\n\t<meta property=\"og:image:height\" content=\"400\" \/>\n\t<meta property=\"og:image:type\" content=\"image\/webp\" \/>\n<meta name=\"author\" content=\"MC\" \/>\n<meta name=\"twitter:card\" content=\"summary_large_image\" \/>\n<meta name=\"twitter:creator\" content=\"@webdo_tn\" \/>\n<meta name=\"twitter:site\" content=\"@webdo_tn\" \/>\n<meta name=\"twitter:label1\" content=\"\u00c9crit par\" \/>\n\t<meta name=\"twitter:data1\" content=\"MC\" \/>\n\t<meta name=\"twitter:label2\" content=\"Dur\u00e9e de lecture estim\u00e9e\" \/>\n\t<meta name=\"twitter:data2\" content=\"2 minutes\" \/>\n<script type=\"application\/ld+json\" class=\"yoast-schema-graph\">{\"@context\":\"https:\\\/\\\/schema.org\",\"@graph\":[{\"@type\":\"NewsArticle\",\"@id\":\"https:\\\/\\\/www.webdo.tn\\\/fr\\\/actualite\\\/national\\\/tunisie-le-gouvernement-se-penche-la-restructuration-et-le-redressement-de-tunisair\\\/219518\\\/#article\",\"isPartOf\":{\"@id\":\"https:\\\/\\\/www.webdo.tn\\\/fr\\\/actualite\\\/national\\\/tunisie-le-gouvernement-se-penche-la-restructuration-et-le-redressement-de-tunisair\\\/219518\\\/\"},\"author\":{\"name\":\"MC\",\"@id\":\"https:\\\/\\\/www.webdo.tn\\\/fr\\\/#\\\/schema\\\/person\\\/2c4929cbf5a809e3bd38617c6ce150f6\"},\"headline\":\"Tunisie : Le gouvernement se penche la restructuration et le redressement de Tunisair\",\"datePublished\":\"2025-02-01T12:43:00+00:00\",\"dateModified\":\"2025-05-20T22:16:29+00:00\",\"mainEntityOfPage\":{\"@id\":\"https:\\\/\\\/www.webdo.tn\\\/fr\\\/actualite\\\/national\\\/tunisie-le-gouvernement-se-penche-la-restructuration-et-le-redressement-de-tunisair\\\/219518\\\/\"},\"wordCount\":411,\"commentCount\":0,\"publisher\":{\"@id\":\"https:\\\/\\\/www.webdo.tn\\\/fr\\\/#organization\"},\"image\":{\"@id\":\"https:\\\/\\\/www.webdo.tn\\\/fr\\\/actualite\\\/national\\\/tunisie-le-gouvernement-se-penche-la-restructuration-et-le-redressement-de-tunisair\\\/219518\\\/#primaryimage\"},\"thumbnailUrl\":\"https:\\\/\\\/www.webdo.tn\\\/fr\\\/wp-content\\\/uploads\\\/2025\\\/02\\\/fadb676b74d3be3b30b067ad94b1f2a6.webp\",\"keywords\":[\"'redressement']\",\"'restructuration'\",\"gouvernement\",\"Tunisair\",\"Tunisie\"],\"articleSection\":[\"National\"],\"inLanguage\":\"fr-FR\"},{\"@type\":\"WebPage\",\"@id\":\"https:\\\/\\\/www.webdo.tn\\\/fr\\\/actualite\\\/national\\\/tunisie-le-gouvernement-se-penche-la-restructuration-et-le-redressement-de-tunisair\\\/219518\\\/\",\"url\":\"https:\\\/\\\/www.webdo.tn\\\/fr\\\/actualite\\\/national\\\/tunisie-le-gouvernement-se-penche-la-restructuration-et-le-redressement-de-tunisair\\\/219518\\\/\",\"name\":\"Tunisie : Le gouvernement se penche la restructuration et le redressement de Tunisair\",\"isPartOf\":{\"@id\":\"https:\\\/\\\/www.webdo.tn\\\/fr\\\/#website\"},\"primaryImageOfPage\":{\"@id\":\"https:\\\/\\\/www.webdo.tn\\\/fr\\\/actualite\\\/national\\\/tunisie-le-gouvernement-se-penche-la-restructuration-et-le-redressement-de-tunisair\\\/219518\\\/#primaryimage\"},\"image\":{\"@id\":\"https:\\\/\\\/www.webdo.tn\\\/fr\\\/actualite\\\/national\\\/tunisie-le-gouvernement-se-penche-la-restructuration-et-le-redressement-de-tunisair\\\/219518\\\/#primaryimage\"},\"thumbnailUrl\":\"https:\\\/\\\/www.webdo.tn\\\/fr\\\/wp-content\\\/uploads\\\/2025\\\/02\\\/fadb676b74d3be3b30b067ad94b1f2a6.webp\",\"datePublished\":\"2025-02-01T12:43:00+00:00\",\"dateModified\":\"2025-05-20T22:16:29+00:00\",\"description\":\"L\u2019examen de la situation actuelle de la compagnie a\u00e9rienne Tunisair ainsi que son programme de restructuration ont \u00e9t\u00e9 au centre d\u2019un conseil minist\u00e9riel restre...\",\"breadcrumb\":{\"@id\":\"https:\\\/\\\/www.webdo.tn\\\/fr\\\/actualite\\\/national\\\/tunisie-le-gouvernement-se-penche-la-restructuration-et-le-redressement-de-tunisair\\\/219518\\\/#breadcrumb\"},\"inLanguage\":\"fr-FR\",\"potentialAction\":[{\"@type\":\"ReadAction\",\"target\":[\"https:\\\/\\\/www.webdo.tn\\\/fr\\\/actualite\\\/national\\\/tunisie-le-gouvernement-se-penche-la-restructuration-et-le-redressement-de-tunisair\\\/219518\\\/\"]}]},{\"@type\":\"ImageObject\",\"inLanguage\":\"fr-FR\",\"@id\":\"https:\\\/\\\/www.webdo.tn\\\/fr\\\/actualite\\\/national\\\/tunisie-le-gouvernement-se-penche-la-restructuration-et-le-redressement-de-tunisair\\\/219518\\\/#primaryimage\",\"url\":\"https:\\\/\\\/www.webdo.tn\\\/fr\\\/wp-content\\\/uploads\\\/2025\\\/02\\\/fadb676b74d3be3b30b067ad94b1f2a6.webp\",\"contentUrl\":\"https:\\\/\\\/www.webdo.tn\\\/fr\\\/wp-content\\\/uploads\\\/2025\\\/02\\\/fadb676b74d3be3b30b067ad94b1f2a6.webp\",\"width\":750,\"height\":400,\"caption\":\"Tunisie : Le gouvernement se penche la restructuration et le redressement de Tunisair\"},{\"@type\":\"BreadcrumbList\",\"@id\":\"https:\\\/\\\/www.webdo.tn\\\/fr\\\/actualite\\\/national\\\/tunisie-le-gouvernement-se-penche-la-restructuration-et-le-redressement-de-tunisair\\\/219518\\\/#breadcrumb\",\"itemListElement\":[{\"@type\":\"ListItem\",\"position\":1,\"name\":\"Accueil\",\"item\":\"https:\\\/\\\/www.webdo.tn\\\/fr\\\/\"},{\"@type\":\"ListItem\",\"position\":2,\"name\":\"Tunisie : Le gouvernement se penche la restructuration et le redressement de Tunisair\"}]},{\"@type\":\"WebSite\",\"@id\":\"https:\\\/\\\/www.webdo.tn\\\/fr\\\/#website\",\"url\":\"https:\\\/\\\/www.webdo.tn\\\/fr\\\/\",\"name\":\"webdo\",\"description\":\"Tunisie - News en Tunisie et \u00e0 l&#039;international sur Webdo.tn\",\"publisher\":{\"@id\":\"https:\\\/\\\/www.webdo.tn\\\/fr\\\/#organization\"},\"potentialAction\":[{\"@type\":\"SearchAction\",\"target\":{\"@type\":\"EntryPoint\",\"urlTemplate\":\"https:\\\/\\\/www.webdo.tn\\\/fr\\\/?s={search_term_string}\"},\"query-input\":{\"@type\":\"PropertyValueSpecification\",\"valueRequired\":true,\"valueName\":\"search_term_string\"}}],\"inLanguage\":\"fr-FR\"},{\"@type\":\"Organization\",\"@id\":\"https:\\\/\\\/www.webdo.tn\\\/fr\\\/#organization\",\"name\":\"Webdo\",\"alternateName\":\"Webdo.tn\",\"url\":\"https:\\\/\\\/www.webdo.tn\\\/fr\\\/\",\"logo\":{\"@type\":\"ImageObject\",\"inLanguage\":\"fr-FR\",\"@id\":\"https:\\\/\\\/www.webdo.tn\\\/fr\\\/#\\\/schema\\\/logo\\\/image\\\/\",\"url\":\"https:\\\/\\\/www.webdo.tn\\\/fr\\\/wp-content\\\/uploads\\\/2025\\\/06\\\/Webdo-Tunisie_168377.jpg\",\"contentUrl\":\"https:\\\/\\\/www.webdo.tn\\\/fr\\\/wp-content\\\/uploads\\\/2025\\\/06\\\/Webdo-Tunisie_168377.jpg\",\"width\":301,\"height\":301,\"caption\":\"Webdo\"},\"image\":{\"@id\":\"https:\\\/\\\/www.webdo.tn\\\/fr\\\/#\\\/schema\\\/logo\\\/image\\\/\"},\"sameAs\":[\"https:\\\/\\\/www.facebook.com\\\/webdotn\",\"https:\\\/\\\/x.com\\\/webdo_tn\"],\"description\":\"Webdo est un m\u00e9dia num\u00e9rique tunisien fond\u00e9 en 2010, sp\u00e9cialis\u00e9 dans l\u2019actualit\u00e9 nationale et internationale, l\u2019\u00e9conomie, la soci\u00e9t\u00e9 et les analyses politiques. Le site s\u2019adresse \u00e0 un large public francophone et couvre l\u2019information tunisienne en temps r\u00e9el.\",\"email\":\"redac@webdo.tn\",\"legalName\":\"YNJ SARL\",\"foundingDate\":\"2010-09-06\",\"numberOfEmployees\":{\"@type\":\"QuantitativeValue\",\"minValue\":\"11\",\"maxValue\":\"50\"}},{\"@type\":\"Person\",\"@id\":\"https:\\\/\\\/www.webdo.tn\\\/fr\\\/#\\\/schema\\\/person\\\/2c4929cbf5a809e3bd38617c6ce150f6\",\"name\":\"MC\",\"image\":{\"@type\":\"ImageObject\",\"inLanguage\":\"fr-FR\",\"@id\":\"https:\\\/\\\/secure.gravatar.com\\\/avatar\\\/a545bbb6f84efdd5553dbbc2895e3ca8f1d12c5215e00a041c9670b54aa9b18a?s=96&d=mm&r=g\",\"url\":\"https:\\\/\\\/secure.gravatar.com\\\/avatar\\\/a545bbb6f84efdd5553dbbc2895e3ca8f1d12c5215e00a041c9670b54aa9b18a?s=96&d=mm&r=g\",\"contentUrl\":\"https:\\\/\\\/secure.gravatar.com\\\/avatar\\\/a545bbb6f84efdd5553dbbc2895e3ca8f1d12c5215e00a041c9670b54aa9b18a?s=96&d=mm&r=g\",\"caption\":\"MC\"},\"url\":\"https:\\\/\\\/www.webdo.tn\\\/fr\\\/actualite\\\/author\\\/mc\\\/\"}]}<\/script>\n<!-- \/ Yoast SEO Premium plugin. -->","yoast_head_json":{"title":"Tunisie : Le gouvernement se penche la restructuration et le redressement de Tunisair","description":"L\u2019examen de la situation actuelle de la compagnie a\u00e9rienne Tunisair ainsi que son programme de restructuration ont \u00e9t\u00e9 au centre d\u2019un conseil minist\u00e9riel restre...","canonical":"https:\/\/www.webdo.tn\/fr\/actualite\/national\/tunisie-le-gouvernement-se-penche-la-restructuration-et-le-redressement-de-tunisair\/219518\/","og_locale":"fr_FR","og_type":"article","og_title":"Tunisie : Le gouvernement se penche la restructuration et le redressement de Tunisair","og_description":"L\u2019examen de la situation actuelle de la compagnie a\u00e9rienne Tunisair ainsi que son programme de restructuration ont \u00e9t\u00e9 au centre d\u2019un conseil minist\u00e9riel restre...","og_url":"https:\/\/www.webdo.tn\/fr\/actualite\/national\/tunisie-le-gouvernement-se-penche-la-restructuration-et-le-redressement-de-tunisair\/219518\/","og_site_name":"webdo","article_publisher":"https:\/\/www.facebook.com\/webdotn","article_published_time":"2025-02-01T12:43:00+00:00","article_modified_time":"2025-05-20T22:16:29+00:00","og_image":[{"width":750,"height":400,"url":"https:\/\/www.webdo.tn\/fr\/wp-content\/uploads\/2025\/02\/fadb676b74d3be3b30b067ad94b1f2a6.webp","type":"image\/webp"}],"author":"MC","twitter_card":"summary_large_image","twitter_creator":"@webdo_tn","twitter_site":"@webdo_tn","twitter_misc":{"\u00c9crit par":"MC","Dur\u00e9e de lecture estim\u00e9e":"2 minutes"},"schema":{"@context":"https:\/\/schema.org","@graph":[{"@type":"NewsArticle","@id":"https:\/\/www.webdo.tn\/fr\/actualite\/national\/tunisie-le-gouvernement-se-penche-la-restructuration-et-le-redressement-de-tunisair\/219518\/#article","isPartOf":{"@id":"https:\/\/www.webdo.tn\/fr\/actualite\/national\/tunisie-le-gouvernement-se-penche-la-restructuration-et-le-redressement-de-tunisair\/219518\/"},"author":{"name":"MC","@id":"https:\/\/www.webdo.tn\/fr\/#\/schema\/person\/2c4929cbf5a809e3bd38617c6ce150f6"},"headline":"Tunisie : Le gouvernement se penche la restructuration et le redressement de Tunisair","datePublished":"2025-02-01T12:43:00+00:00","dateModified":"2025-05-20T22:16:29+00:00","mainEntityOfPage":{"@id":"https:\/\/www.webdo.tn\/fr\/actualite\/national\/tunisie-le-gouvernement-se-penche-la-restructuration-et-le-redressement-de-tunisair\/219518\/"},"wordCount":411,"commentCount":0,"publisher":{"@id":"https:\/\/www.webdo.tn\/fr\/#organization"},"image":{"@id":"https:\/\/www.webdo.tn\/fr\/actualite\/national\/tunisie-le-gouvernement-se-penche-la-restructuration-et-le-redressement-de-tunisair\/219518\/#primaryimage"},"thumbnailUrl":"https:\/\/www.webdo.tn\/fr\/wp-content\/uploads\/2025\/02\/fadb676b74d3be3b30b067ad94b1f2a6.webp","keywords":["'redressement']","'restructuration'","gouvernement","Tunisair","Tunisie"],"articleSection":["National"],"inLanguage":"fr-FR"},{"@type":"WebPage","@id":"https:\/\/www.webdo.tn\/fr\/actualite\/national\/tunisie-le-gouvernement-se-penche-la-restructuration-et-le-redressement-de-tunisair\/219518\/","url":"https:\/\/www.webdo.tn\/fr\/actualite\/national\/tunisie-le-gouvernement-se-penche-la-restructuration-et-le-redressement-de-tunisair\/219518\/","name":"Tunisie : Le gouvernement se penche la restructuration et le redressement de Tunisair","isPartOf":{"@id":"https:\/\/www.webdo.tn\/fr\/#website"},"primaryImageOfPage":{"@id":"https:\/\/www.webdo.tn\/fr\/actualite\/national\/tunisie-le-gouvernement-se-penche-la-restructuration-et-le-redressement-de-tunisair\/219518\/#primaryimage"},"image":{"@id":"https:\/\/www.webdo.tn\/fr\/actualite\/national\/tunisie-le-gouvernement-se-penche-la-restructuration-et-le-redressement-de-tunisair\/219518\/#primaryimage"},"thumbnailUrl":"https:\/\/www.webdo.tn\/fr\/wp-content\/uploads\/2025\/02\/fadb676b74d3be3b30b067ad94b1f2a6.webp","datePublished":"2025-02-01T12:43:00+00:00","dateModified":"2025-05-20T22:16:29+00:00","description":"L\u2019examen de la situation actuelle de la compagnie a\u00e9rienne Tunisair ainsi que son programme de restructuration ont \u00e9t\u00e9 au centre d\u2019un conseil minist\u00e9riel restre...","breadcrumb":{"@id":"https:\/\/www.webdo.tn\/fr\/actualite\/national\/tunisie-le-gouvernement-se-penche-la-restructuration-et-le-redressement-de-tunisair\/219518\/#breadcrumb"},"inLanguage":"fr-FR","potentialAction":[{"@type":"ReadAction","target":["https:\/\/www.webdo.tn\/fr\/actualite\/national\/tunisie-le-gouvernement-se-penche-la-restructuration-et-le-redressement-de-tunisair\/219518\/"]}]},{"@type":"ImageObject","inLanguage":"fr-FR","@id":"https:\/\/www.webdo.tn\/fr\/actualite\/national\/tunisie-le-gouvernement-se-penche-la-restructuration-et-le-redressement-de-tunisair\/219518\/#primaryimage","url":"https:\/\/www.webdo.tn\/fr\/wp-content\/uploads\/2025\/02\/fadb676b74d3be3b30b067ad94b1f2a6.webp","contentUrl":"https:\/\/www.webdo.tn\/fr\/wp-content\/uploads\/2025\/02\/fadb676b74d3be3b30b067ad94b1f2a6.webp","width":750,"height":400,"caption":"Tunisie : Le gouvernement se penche la restructuration et le redressement de Tunisair"},{"@type":"BreadcrumbList","@id":"https:\/\/www.webdo.tn\/fr\/actualite\/national\/tunisie-le-gouvernement-se-penche-la-restructuration-et-le-redressement-de-tunisair\/219518\/#breadcrumb","itemListElement":[{"@type":"ListItem","position":1,"name":"Accueil","item":"https:\/\/www.webdo.tn\/fr\/"},{"@type":"ListItem","position":2,"name":"Tunisie : Le gouvernement se penche la restructuration et le redressement de Tunisair"}]},{"@type":"WebSite","@id":"https:\/\/www.webdo.tn\/fr\/#website","url":"https:\/\/www.webdo.tn\/fr\/","name":"webdo","description":"Tunisie - News en Tunisie et \u00e0 l&#039;international sur Webdo.tn","publisher":{"@id":"https:\/\/www.webdo.tn\/fr\/#organization"},"potentialAction":[{"@type":"SearchAction","target":{"@type":"EntryPoint","urlTemplate":"https:\/\/www.webdo.tn\/fr\/?s={search_term_string}"},"query-input":{"@type":"PropertyValueSpecification","valueRequired":true,"valueName":"search_term_string"}}],"inLanguage":"fr-FR"},{"@type":"Organization","@id":"https:\/\/www.webdo.tn\/fr\/#organization","name":"Webdo","alternateName":"Webdo.tn","url":"https:\/\/www.webdo.tn\/fr\/","logo":{"@type":"ImageObject","inLanguage":"fr-FR","@id":"https:\/\/www.webdo.tn\/fr\/#\/schema\/logo\/image\/","url":"https:\/\/www.webdo.tn\/fr\/wp-content\/uploads\/2025\/06\/Webdo-Tunisie_168377.jpg","contentUrl":"https:\/\/www.webdo.tn\/fr\/wp-content\/uploads\/2025\/06\/Webdo-Tunisie_168377.jpg","width":301,"height":301,"caption":"Webdo"},"image":{"@id":"https:\/\/www.webdo.tn\/fr\/#\/schema\/logo\/image\/"},"sameAs":["https:\/\/www.facebook.com\/webdotn","https:\/\/x.com\/webdo_tn"],"description":"Webdo est un m\u00e9dia num\u00e9rique tunisien fond\u00e9 en 2010, sp\u00e9cialis\u00e9 dans l\u2019actualit\u00e9 nationale et internationale, l\u2019\u00e9conomie, la soci\u00e9t\u00e9 et les analyses politiques. Le site s\u2019adresse \u00e0 un large public francophone et couvre l\u2019information tunisienne en temps r\u00e9el.","email":"redac@webdo.tn","legalName":"YNJ SARL","foundingDate":"2010-09-06","numberOfEmployees":{"@type":"QuantitativeValue","minValue":"11","maxValue":"50"}},{"@type":"Person","@id":"https:\/\/www.webdo.tn\/fr\/#\/schema\/person\/2c4929cbf5a809e3bd38617c6ce150f6","name":"MC","image":{"@type":"ImageObject","inLanguage":"fr-FR","@id":"https:\/\/secure.gravatar.com\/avatar\/a545bbb6f84efdd5553dbbc2895e3ca8f1d12c5215e00a041c9670b54aa9b18a?s=96&d=mm&r=g","url":"https:\/\/secure.gravatar.com\/avatar\/a545bbb6f84efdd5553dbbc2895e3ca8f1d12c5215e00a041c9670b54aa9b18a?s=96&d=mm&r=g","contentUrl":"https:\/\/secure.gravatar.com\/avatar\/a545bbb6f84efdd5553dbbc2895e3ca8f1d12c5215e00a041c9670b54aa9b18a?s=96&d=mm&r=g","caption":"MC"},"url":"https:\/\/www.webdo.tn\/fr\/actualite\/author\/mc\/"}]}},"_links":{"self":[{"href":"https:\/\/www.webdo.tn\/fr\/wp-json\/wp\/v2\/posts\/219518","targetHints":{"allow":["GET"]}}],"collection":[{"href":"https:\/\/www.webdo.tn\/fr\/wp-json\/wp\/v2\/posts"}],"about":[{"href":"https:\/\/www.webdo.tn\/fr\/wp-json\/wp\/v2\/types\/post"}],"author":[{"embeddable":true,"href":"https:\/\/www.webdo.tn\/fr\/wp-json\/wp\/v2\/users\/3162"}],"replies":[{"embeddable":true,"href":"https:\/\/www.webdo.tn\/fr\/wp-json\/wp\/v2\/comments?post=219518"}],"version-history":[{"count":0,"href":"https:\/\/www.webdo.tn\/fr\/wp-json\/wp\/v2\/posts\/219518\/revisions"}],"wp:featuredmedia":[{"embeddable":true,"href":"https:\/\/www.webdo.tn\/fr\/wp-json\/wp\/v2\/media\/291776"}],"wp:attachment":[{"href":"https:\/\/www.webdo.tn\/fr\/wp-json\/wp\/v2\/media?parent=219518"}],"wp:term":[{"taxonomy":"category","embeddable":true,"href":"https:\/\/www.webdo.tn\/fr\/wp-json\/wp\/v2\/categories?post=219518"},{"taxonomy":"post_tag","embeddable":true,"href":"https:\/\/www.webdo.tn\/fr\/wp-json\/wp\/v2\/tags?post=219518"}],"curies":[{"name":"wp","href":"https:\/\/api.w.org\/{rel}","templated":true}]}}