{"id":219461,"date":"2025-01-30T13:02:00","date_gmt":"2025-01-30T13:02:00","guid":{"rendered":"https:\/\/www.webdo.tn\/fr\/blog\/suede-le-refugie-irakien-auteur-des-autodafes-du-coran-tue-par-balle\/219461\/"},"modified":"2025-05-20T22:16:24","modified_gmt":"2025-05-20T22:16:24","slug":"suede-le-refugie-irakien-auteur-des-autodafes-du-coran-tue-par-balle","status":"publish","type":"post","link":"https:\/\/www.webdo.tn\/fr\/actualite\/international\/suede-le-refugie-irakien-auteur-des-autodafes-du-coran-tue-par-balle\/219461\/","title":{"rendered":"Su\u00e8de : Le r\u00e9fugi\u00e9 irakien auteur des autodaf\u00e9s du Coran, tu\u00e9 par balle"},"content":{"rendered":"<p>Salwan Momika, r\u00e9fugi\u00e9 irakien connu pour avoir br\u00fbl\u00e9 plusieurs exemplaires du Coran, a \u00e9t\u00e9 tu\u00e9 par balle \u00e0 Stockholm, ce jeudi 30 janvier 2025.<\/p>\n<p>La police a arr\u00eat\u00e9 cinq personnes en lien avec le meurtre, tandis qu&rsquo;un tribunal, qui devait rendre son jugement sur les accusations d&rsquo;incitation \u00e0 la haine ethnique port\u00e9es contre lui, a report\u00e9 sa d\u00e9cision au 3 f\u00e9vrier en raison de son d\u00e9c\u00e8s.<\/p>\n<p>Momika, \u00e2g\u00e9 de 38 ans et chr\u00e9tien, avait \u00e9t\u00e9 impliqu\u00e9 dans des autodaf\u00e9s du Coran en 2023, ce qui avait d\u00e9clench\u00e9 des manifestations violentes dans plusieurs pays musulmans.<\/p>\n<p>Ses actes de provocation, dont des profanations \u00e0 Stockholm, avaient exacerb\u00e9 les tensions entre la Su\u00e8de et certains pays du Moyen-Orient, notamment apr\u00e8s des attaques contre l\u2019ambassade su\u00e9doise \u00e0 Bagdad.<\/p>\n<p>En raison de ces \u00e9v\u00e9nements, la Su\u00e8de avait relev\u00e9 son niveau de menace en 2023. Le gouvernement su\u00e9dois a exprim\u00e9 sa condamnation des profanations tout en d\u00e9fendant la libert\u00e9 d&rsquo;expression, pr\u00e9cisant que de tels actes pouvaient d\u00e9sormais \u00eatre consid\u00e9r\u00e9s comme une \u00ab agitation contre un groupe ethnique \u00bb.<\/p>\n","protected":false},"excerpt":{"rendered":"<p>Salwan Momika, r\u00e9fugi\u00e9 irakien connu pour avoir br\u00fbl\u00e9 plusieurs exemplaires du Coran, a \u00e9t\u00e9 tu\u00e9 par balle \u00e0 Stockholm, ce jeudi 30 janvier 2025.<\/p>\n","protected":false},"author":3162,"featured_media":291761,"comment_status":"open","ping_status":"closed","sticky":false,"template":"","format":"standard","meta":{"footnotes":""},"categories":[2598],"tags":[10920,9289,9278,3429],"class_list":["post-219461","post","type-post","status-publish","format-standard","has-post-thumbnail","hentry","category-international","tag-refugie-irakien","tag-coran","tag-profanation","tag-suede"],"yoast_head":"<!-- This site is optimized with the Yoast SEO Premium plugin v27.5 (Yoast SEO v27.5) - https:\/\/yoast.com\/product\/yoast-seo-premium-wordpress\/ -->\n<title>Su\u00e8de : Le r\u00e9fugi\u00e9 irakien auteur des autodaf\u00e9s du Coran, tu\u00e9 par balle<\/title>\n<meta name=\"description\" content=\"Salwan Momika, r\u00e9fugi\u00e9 irakien connu pour avoir br\u00fbl\u00e9 plusieurs exemplaires du Coran, a \u00e9t\u00e9 tu\u00e9 par balle \u00e0 Stockholm, ce jeudi 30 janvier 2025.\" \/>\n<link rel=\"canonical\" href=\"https:\/\/www.webdo.tn\/fr\/actualite\/international\/suede-le-refugie-irakien-auteur-des-autodafes-du-coran-tue-par-balle\/219461\/\" \/>\n<meta property=\"og:locale\" content=\"fr_FR\" \/>\n<meta property=\"og:type\" content=\"article\" \/>\n<meta property=\"og:title\" content=\"Su\u00e8de : Le r\u00e9fugi\u00e9 irakien auteur des autodaf\u00e9s du Coran, tu\u00e9 par balle\" \/>\n<meta property=\"og:description\" content=\"Salwan Momika, r\u00e9fugi\u00e9 irakien connu pour avoir br\u00fbl\u00e9 plusieurs exemplaires du Coran, a \u00e9t\u00e9 tu\u00e9 par balle \u00e0 Stockholm, ce jeudi 30 janvier 2025.\" \/>\n<meta property=\"og:url\" content=\"https:\/\/www.webdo.tn\/fr\/actualite\/international\/suede-le-refugie-irakien-auteur-des-autodafes-du-coran-tue-par-balle\/219461\/\" \/>\n<meta property=\"og:site_name\" content=\"webdo\" \/>\n<meta property=\"article:publisher\" content=\"https:\/\/www.facebook.com\/webdotn\" \/>\n<meta property=\"article:published_time\" content=\"2025-01-30T13:02:00+00:00\" \/>\n<meta property=\"article:modified_time\" content=\"2025-05-20T22:16:24+00:00\" \/>\n<meta property=\"og:image\" content=\"https:\/\/www.webdo.tn\/fr\/wp-content\/uploads\/2025\/01\/a23148a5f0605ba9f37e9c8b1ac030fd.webp\" \/>\n\t<meta property=\"og:image:width\" content=\"750\" \/>\n\t<meta property=\"og:image:height\" content=\"400\" \/>\n\t<meta property=\"og:image:type\" content=\"image\/webp\" \/>\n<meta name=\"author\" content=\"MC\" \/>\n<meta name=\"twitter:card\" content=\"summary_large_image\" \/>\n<meta name=\"twitter:creator\" content=\"@webdo_tn\" \/>\n<meta name=\"twitter:site\" content=\"@webdo_tn\" \/>\n<meta name=\"twitter:label1\" content=\"\u00c9crit par\" \/>\n\t<meta name=\"twitter:data1\" content=\"MC\" \/>\n\t<meta name=\"twitter:label2\" content=\"Dur\u00e9e de lecture estim\u00e9e\" \/>\n\t<meta name=\"twitter:data2\" content=\"1 minute\" \/>\n<script type=\"application\/ld+json\" class=\"yoast-schema-graph\">{\"@context\":\"https:\\\/\\\/schema.org\",\"@graph\":[{\"@type\":\"NewsArticle\",\"@id\":\"https:\\\/\\\/www.webdo.tn\\\/fr\\\/actualite\\\/international\\\/suede-le-refugie-irakien-auteur-des-autodafes-du-coran-tue-par-balle\\\/219461\\\/#article\",\"isPartOf\":{\"@id\":\"https:\\\/\\\/www.webdo.tn\\\/fr\\\/actualite\\\/international\\\/suede-le-refugie-irakien-auteur-des-autodafes-du-coran-tue-par-balle\\\/219461\\\/\"},\"author\":{\"name\":\"MC\",\"@id\":\"https:\\\/\\\/www.webdo.tn\\\/fr\\\/#\\\/schema\\\/person\\\/2c4929cbf5a809e3bd38617c6ce150f6\"},\"headline\":\"Su\u00e8de : Le r\u00e9fugi\u00e9 irakien auteur des autodaf\u00e9s du Coran, tu\u00e9 par balle\",\"datePublished\":\"2025-01-30T13:02:00+00:00\",\"dateModified\":\"2025-05-20T22:16:24+00:00\",\"mainEntityOfPage\":{\"@id\":\"https:\\\/\\\/www.webdo.tn\\\/fr\\\/actualite\\\/international\\\/suede-le-refugie-irakien-auteur-des-autodafes-du-coran-tue-par-balle\\\/219461\\\/\"},\"wordCount\":201,\"commentCount\":0,\"publisher\":{\"@id\":\"https:\\\/\\\/www.webdo.tn\\\/fr\\\/#organization\"},\"image\":{\"@id\":\"https:\\\/\\\/www.webdo.tn\\\/fr\\\/actualite\\\/international\\\/suede-le-refugie-irakien-auteur-des-autodafes-du-coran-tue-par-balle\\\/219461\\\/#primaryimage\"},\"thumbnailUrl\":\"https:\\\/\\\/www.webdo.tn\\\/fr\\\/wp-content\\\/uploads\\\/2025\\\/01\\\/a23148a5f0605ba9f37e9c8b1ac030fd.webp\",\"keywords\":[\"'r\u00e9fugi\u00e9 irakien']\",\"Coran\",\"profanation\",\"su\u00e8de\"],\"articleSection\":[\"International\"],\"inLanguage\":\"fr-FR\"},{\"@type\":\"WebPage\",\"@id\":\"https:\\\/\\\/www.webdo.tn\\\/fr\\\/actualite\\\/international\\\/suede-le-refugie-irakien-auteur-des-autodafes-du-coran-tue-par-balle\\\/219461\\\/\",\"url\":\"https:\\\/\\\/www.webdo.tn\\\/fr\\\/actualite\\\/international\\\/suede-le-refugie-irakien-auteur-des-autodafes-du-coran-tue-par-balle\\\/219461\\\/\",\"name\":\"Su\u00e8de : Le r\u00e9fugi\u00e9 irakien auteur des autodaf\u00e9s du Coran, tu\u00e9 par balle\",\"isPartOf\":{\"@id\":\"https:\\\/\\\/www.webdo.tn\\\/fr\\\/#website\"},\"primaryImageOfPage\":{\"@id\":\"https:\\\/\\\/www.webdo.tn\\\/fr\\\/actualite\\\/international\\\/suede-le-refugie-irakien-auteur-des-autodafes-du-coran-tue-par-balle\\\/219461\\\/#primaryimage\"},\"image\":{\"@id\":\"https:\\\/\\\/www.webdo.tn\\\/fr\\\/actualite\\\/international\\\/suede-le-refugie-irakien-auteur-des-autodafes-du-coran-tue-par-balle\\\/219461\\\/#primaryimage\"},\"thumbnailUrl\":\"https:\\\/\\\/www.webdo.tn\\\/fr\\\/wp-content\\\/uploads\\\/2025\\\/01\\\/a23148a5f0605ba9f37e9c8b1ac030fd.webp\",\"datePublished\":\"2025-01-30T13:02:00+00:00\",\"dateModified\":\"2025-05-20T22:16:24+00:00\",\"description\":\"Salwan Momika, r\u00e9fugi\u00e9 irakien connu pour avoir br\u00fbl\u00e9 plusieurs exemplaires du Coran, a \u00e9t\u00e9 tu\u00e9 par balle \u00e0 Stockholm, ce jeudi 30 janvier 2025.\",\"breadcrumb\":{\"@id\":\"https:\\\/\\\/www.webdo.tn\\\/fr\\\/actualite\\\/international\\\/suede-le-refugie-irakien-auteur-des-autodafes-du-coran-tue-par-balle\\\/219461\\\/#breadcrumb\"},\"inLanguage\":\"fr-FR\",\"potentialAction\":[{\"@type\":\"ReadAction\",\"target\":[\"https:\\\/\\\/www.webdo.tn\\\/fr\\\/actualite\\\/international\\\/suede-le-refugie-irakien-auteur-des-autodafes-du-coran-tue-par-balle\\\/219461\\\/\"]}]},{\"@type\":\"ImageObject\",\"inLanguage\":\"fr-FR\",\"@id\":\"https:\\\/\\\/www.webdo.tn\\\/fr\\\/actualite\\\/international\\\/suede-le-refugie-irakien-auteur-des-autodafes-du-coran-tue-par-balle\\\/219461\\\/#primaryimage\",\"url\":\"https:\\\/\\\/www.webdo.tn\\\/fr\\\/wp-content\\\/uploads\\\/2025\\\/01\\\/a23148a5f0605ba9f37e9c8b1ac030fd.webp\",\"contentUrl\":\"https:\\\/\\\/www.webdo.tn\\\/fr\\\/wp-content\\\/uploads\\\/2025\\\/01\\\/a23148a5f0605ba9f37e9c8b1ac030fd.webp\",\"width\":750,\"height\":400,\"caption\":\"Su\u00e8de : Le r\u00e9fugi\u00e9 irakien auteur des autodaf\u00e9s du Coran, tu\u00e9 par balle\"},{\"@type\":\"BreadcrumbList\",\"@id\":\"https:\\\/\\\/www.webdo.tn\\\/fr\\\/actualite\\\/international\\\/suede-le-refugie-irakien-auteur-des-autodafes-du-coran-tue-par-balle\\\/219461\\\/#breadcrumb\",\"itemListElement\":[{\"@type\":\"ListItem\",\"position\":1,\"name\":\"Accueil\",\"item\":\"https:\\\/\\\/www.webdo.tn\\\/fr\\\/\"},{\"@type\":\"ListItem\",\"position\":2,\"name\":\"Su\u00e8de : Le r\u00e9fugi\u00e9 irakien auteur des autodaf\u00e9s du Coran, tu\u00e9 par balle\"}]},{\"@type\":\"WebSite\",\"@id\":\"https:\\\/\\\/www.webdo.tn\\\/fr\\\/#website\",\"url\":\"https:\\\/\\\/www.webdo.tn\\\/fr\\\/\",\"name\":\"webdo\",\"description\":\"Tunisie - News en Tunisie et \u00e0 l&#039;international sur Webdo.tn\",\"publisher\":{\"@id\":\"https:\\\/\\\/www.webdo.tn\\\/fr\\\/#organization\"},\"potentialAction\":[{\"@type\":\"SearchAction\",\"target\":{\"@type\":\"EntryPoint\",\"urlTemplate\":\"https:\\\/\\\/www.webdo.tn\\\/fr\\\/?s={search_term_string}\"},\"query-input\":{\"@type\":\"PropertyValueSpecification\",\"valueRequired\":true,\"valueName\":\"search_term_string\"}}],\"inLanguage\":\"fr-FR\"},{\"@type\":\"Organization\",\"@id\":\"https:\\\/\\\/www.webdo.tn\\\/fr\\\/#organization\",\"name\":\"Webdo\",\"alternateName\":\"Webdo.tn\",\"url\":\"https:\\\/\\\/www.webdo.tn\\\/fr\\\/\",\"logo\":{\"@type\":\"ImageObject\",\"inLanguage\":\"fr-FR\",\"@id\":\"https:\\\/\\\/www.webdo.tn\\\/fr\\\/#\\\/schema\\\/logo\\\/image\\\/\",\"url\":\"https:\\\/\\\/www.webdo.tn\\\/fr\\\/wp-content\\\/uploads\\\/2025\\\/06\\\/Webdo-Tunisie_168377.jpg\",\"contentUrl\":\"https:\\\/\\\/www.webdo.tn\\\/fr\\\/wp-content\\\/uploads\\\/2025\\\/06\\\/Webdo-Tunisie_168377.jpg\",\"width\":301,\"height\":301,\"caption\":\"Webdo\"},\"image\":{\"@id\":\"https:\\\/\\\/www.webdo.tn\\\/fr\\\/#\\\/schema\\\/logo\\\/image\\\/\"},\"sameAs\":[\"https:\\\/\\\/www.facebook.com\\\/webdotn\",\"https:\\\/\\\/x.com\\\/webdo_tn\"],\"description\":\"Webdo est un m\u00e9dia num\u00e9rique tunisien fond\u00e9 en 2010, sp\u00e9cialis\u00e9 dans l\u2019actualit\u00e9 nationale et internationale, l\u2019\u00e9conomie, la soci\u00e9t\u00e9 et les analyses politiques. Le site s\u2019adresse \u00e0 un large public francophone et couvre l\u2019information tunisienne en temps r\u00e9el.\",\"email\":\"redac@webdo.tn\",\"legalName\":\"YNJ SARL\",\"foundingDate\":\"2010-09-06\",\"numberOfEmployees\":{\"@type\":\"QuantitativeValue\",\"minValue\":\"11\",\"maxValue\":\"50\"}},{\"@type\":\"Person\",\"@id\":\"https:\\\/\\\/www.webdo.tn\\\/fr\\\/#\\\/schema\\\/person\\\/2c4929cbf5a809e3bd38617c6ce150f6\",\"name\":\"MC\",\"image\":{\"@type\":\"ImageObject\",\"inLanguage\":\"fr-FR\",\"@id\":\"https:\\\/\\\/secure.gravatar.com\\\/avatar\\\/a545bbb6f84efdd5553dbbc2895e3ca8f1d12c5215e00a041c9670b54aa9b18a?s=96&d=mm&r=g\",\"url\":\"https:\\\/\\\/secure.gravatar.com\\\/avatar\\\/a545bbb6f84efdd5553dbbc2895e3ca8f1d12c5215e00a041c9670b54aa9b18a?s=96&d=mm&r=g\",\"contentUrl\":\"https:\\\/\\\/secure.gravatar.com\\\/avatar\\\/a545bbb6f84efdd5553dbbc2895e3ca8f1d12c5215e00a041c9670b54aa9b18a?s=96&d=mm&r=g\",\"caption\":\"MC\"},\"url\":\"https:\\\/\\\/www.webdo.tn\\\/fr\\\/actualite\\\/author\\\/mc\\\/\"}]}<\/script>\n<!-- \/ Yoast SEO Premium plugin. -->","yoast_head_json":{"title":"Su\u00e8de : Le r\u00e9fugi\u00e9 irakien auteur des autodaf\u00e9s du Coran, tu\u00e9 par balle","description":"Salwan Momika, r\u00e9fugi\u00e9 irakien connu pour avoir br\u00fbl\u00e9 plusieurs exemplaires du Coran, a \u00e9t\u00e9 tu\u00e9 par balle \u00e0 Stockholm, ce jeudi 30 janvier 2025.","canonical":"https:\/\/www.webdo.tn\/fr\/actualite\/international\/suede-le-refugie-irakien-auteur-des-autodafes-du-coran-tue-par-balle\/219461\/","og_locale":"fr_FR","og_type":"article","og_title":"Su\u00e8de : Le r\u00e9fugi\u00e9 irakien auteur des autodaf\u00e9s du Coran, tu\u00e9 par balle","og_description":"Salwan Momika, r\u00e9fugi\u00e9 irakien connu pour avoir br\u00fbl\u00e9 plusieurs exemplaires du Coran, a \u00e9t\u00e9 tu\u00e9 par balle \u00e0 Stockholm, ce jeudi 30 janvier 2025.","og_url":"https:\/\/www.webdo.tn\/fr\/actualite\/international\/suede-le-refugie-irakien-auteur-des-autodafes-du-coran-tue-par-balle\/219461\/","og_site_name":"webdo","article_publisher":"https:\/\/www.facebook.com\/webdotn","article_published_time":"2025-01-30T13:02:00+00:00","article_modified_time":"2025-05-20T22:16:24+00:00","og_image":[{"width":750,"height":400,"url":"https:\/\/www.webdo.tn\/fr\/wp-content\/uploads\/2025\/01\/a23148a5f0605ba9f37e9c8b1ac030fd.webp","type":"image\/webp"}],"author":"MC","twitter_card":"summary_large_image","twitter_creator":"@webdo_tn","twitter_site":"@webdo_tn","twitter_misc":{"\u00c9crit par":"MC","Dur\u00e9e de lecture estim\u00e9e":"1 minute"},"schema":{"@context":"https:\/\/schema.org","@graph":[{"@type":"NewsArticle","@id":"https:\/\/www.webdo.tn\/fr\/actualite\/international\/suede-le-refugie-irakien-auteur-des-autodafes-du-coran-tue-par-balle\/219461\/#article","isPartOf":{"@id":"https:\/\/www.webdo.tn\/fr\/actualite\/international\/suede-le-refugie-irakien-auteur-des-autodafes-du-coran-tue-par-balle\/219461\/"},"author":{"name":"MC","@id":"https:\/\/www.webdo.tn\/fr\/#\/schema\/person\/2c4929cbf5a809e3bd38617c6ce150f6"},"headline":"Su\u00e8de : Le r\u00e9fugi\u00e9 irakien auteur des autodaf\u00e9s du Coran, tu\u00e9 par balle","datePublished":"2025-01-30T13:02:00+00:00","dateModified":"2025-05-20T22:16:24+00:00","mainEntityOfPage":{"@id":"https:\/\/www.webdo.tn\/fr\/actualite\/international\/suede-le-refugie-irakien-auteur-des-autodafes-du-coran-tue-par-balle\/219461\/"},"wordCount":201,"commentCount":0,"publisher":{"@id":"https:\/\/www.webdo.tn\/fr\/#organization"},"image":{"@id":"https:\/\/www.webdo.tn\/fr\/actualite\/international\/suede-le-refugie-irakien-auteur-des-autodafes-du-coran-tue-par-balle\/219461\/#primaryimage"},"thumbnailUrl":"https:\/\/www.webdo.tn\/fr\/wp-content\/uploads\/2025\/01\/a23148a5f0605ba9f37e9c8b1ac030fd.webp","keywords":["'r\u00e9fugi\u00e9 irakien']","Coran","profanation","su\u00e8de"],"articleSection":["International"],"inLanguage":"fr-FR"},{"@type":"WebPage","@id":"https:\/\/www.webdo.tn\/fr\/actualite\/international\/suede-le-refugie-irakien-auteur-des-autodafes-du-coran-tue-par-balle\/219461\/","url":"https:\/\/www.webdo.tn\/fr\/actualite\/international\/suede-le-refugie-irakien-auteur-des-autodafes-du-coran-tue-par-balle\/219461\/","name":"Su\u00e8de : Le r\u00e9fugi\u00e9 irakien auteur des autodaf\u00e9s du Coran, tu\u00e9 par balle","isPartOf":{"@id":"https:\/\/www.webdo.tn\/fr\/#website"},"primaryImageOfPage":{"@id":"https:\/\/www.webdo.tn\/fr\/actualite\/international\/suede-le-refugie-irakien-auteur-des-autodafes-du-coran-tue-par-balle\/219461\/#primaryimage"},"image":{"@id":"https:\/\/www.webdo.tn\/fr\/actualite\/international\/suede-le-refugie-irakien-auteur-des-autodafes-du-coran-tue-par-balle\/219461\/#primaryimage"},"thumbnailUrl":"https:\/\/www.webdo.tn\/fr\/wp-content\/uploads\/2025\/01\/a23148a5f0605ba9f37e9c8b1ac030fd.webp","datePublished":"2025-01-30T13:02:00+00:00","dateModified":"2025-05-20T22:16:24+00:00","description":"Salwan Momika, r\u00e9fugi\u00e9 irakien connu pour avoir br\u00fbl\u00e9 plusieurs exemplaires du Coran, a \u00e9t\u00e9 tu\u00e9 par balle \u00e0 Stockholm, ce jeudi 30 janvier 2025.","breadcrumb":{"@id":"https:\/\/www.webdo.tn\/fr\/actualite\/international\/suede-le-refugie-irakien-auteur-des-autodafes-du-coran-tue-par-balle\/219461\/#breadcrumb"},"inLanguage":"fr-FR","potentialAction":[{"@type":"ReadAction","target":["https:\/\/www.webdo.tn\/fr\/actualite\/international\/suede-le-refugie-irakien-auteur-des-autodafes-du-coran-tue-par-balle\/219461\/"]}]},{"@type":"ImageObject","inLanguage":"fr-FR","@id":"https:\/\/www.webdo.tn\/fr\/actualite\/international\/suede-le-refugie-irakien-auteur-des-autodafes-du-coran-tue-par-balle\/219461\/#primaryimage","url":"https:\/\/www.webdo.tn\/fr\/wp-content\/uploads\/2025\/01\/a23148a5f0605ba9f37e9c8b1ac030fd.webp","contentUrl":"https:\/\/www.webdo.tn\/fr\/wp-content\/uploads\/2025\/01\/a23148a5f0605ba9f37e9c8b1ac030fd.webp","width":750,"height":400,"caption":"Su\u00e8de : Le r\u00e9fugi\u00e9 irakien auteur des autodaf\u00e9s du Coran, tu\u00e9 par balle"},{"@type":"BreadcrumbList","@id":"https:\/\/www.webdo.tn\/fr\/actualite\/international\/suede-le-refugie-irakien-auteur-des-autodafes-du-coran-tue-par-balle\/219461\/#breadcrumb","itemListElement":[{"@type":"ListItem","position":1,"name":"Accueil","item":"https:\/\/www.webdo.tn\/fr\/"},{"@type":"ListItem","position":2,"name":"Su\u00e8de : Le r\u00e9fugi\u00e9 irakien auteur des autodaf\u00e9s du Coran, tu\u00e9 par balle"}]},{"@type":"WebSite","@id":"https:\/\/www.webdo.tn\/fr\/#website","url":"https:\/\/www.webdo.tn\/fr\/","name":"webdo","description":"Tunisie - News en Tunisie et \u00e0 l&#039;international sur Webdo.tn","publisher":{"@id":"https:\/\/www.webdo.tn\/fr\/#organization"},"potentialAction":[{"@type":"SearchAction","target":{"@type":"EntryPoint","urlTemplate":"https:\/\/www.webdo.tn\/fr\/?s={search_term_string}"},"query-input":{"@type":"PropertyValueSpecification","valueRequired":true,"valueName":"search_term_string"}}],"inLanguage":"fr-FR"},{"@type":"Organization","@id":"https:\/\/www.webdo.tn\/fr\/#organization","name":"Webdo","alternateName":"Webdo.tn","url":"https:\/\/www.webdo.tn\/fr\/","logo":{"@type":"ImageObject","inLanguage":"fr-FR","@id":"https:\/\/www.webdo.tn\/fr\/#\/schema\/logo\/image\/","url":"https:\/\/www.webdo.tn\/fr\/wp-content\/uploads\/2025\/06\/Webdo-Tunisie_168377.jpg","contentUrl":"https:\/\/www.webdo.tn\/fr\/wp-content\/uploads\/2025\/06\/Webdo-Tunisie_168377.jpg","width":301,"height":301,"caption":"Webdo"},"image":{"@id":"https:\/\/www.webdo.tn\/fr\/#\/schema\/logo\/image\/"},"sameAs":["https:\/\/www.facebook.com\/webdotn","https:\/\/x.com\/webdo_tn"],"description":"Webdo est un m\u00e9dia num\u00e9rique tunisien fond\u00e9 en 2010, sp\u00e9cialis\u00e9 dans l\u2019actualit\u00e9 nationale et internationale, l\u2019\u00e9conomie, la soci\u00e9t\u00e9 et les analyses politiques. Le site s\u2019adresse \u00e0 un large public francophone et couvre l\u2019information tunisienne en temps r\u00e9el.","email":"redac@webdo.tn","legalName":"YNJ SARL","foundingDate":"2010-09-06","numberOfEmployees":{"@type":"QuantitativeValue","minValue":"11","maxValue":"50"}},{"@type":"Person","@id":"https:\/\/www.webdo.tn\/fr\/#\/schema\/person\/2c4929cbf5a809e3bd38617c6ce150f6","name":"MC","image":{"@type":"ImageObject","inLanguage":"fr-FR","@id":"https:\/\/secure.gravatar.com\/avatar\/a545bbb6f84efdd5553dbbc2895e3ca8f1d12c5215e00a041c9670b54aa9b18a?s=96&d=mm&r=g","url":"https:\/\/secure.gravatar.com\/avatar\/a545bbb6f84efdd5553dbbc2895e3ca8f1d12c5215e00a041c9670b54aa9b18a?s=96&d=mm&r=g","contentUrl":"https:\/\/secure.gravatar.com\/avatar\/a545bbb6f84efdd5553dbbc2895e3ca8f1d12c5215e00a041c9670b54aa9b18a?s=96&d=mm&r=g","caption":"MC"},"url":"https:\/\/www.webdo.tn\/fr\/actualite\/author\/mc\/"}]}},"_links":{"self":[{"href":"https:\/\/www.webdo.tn\/fr\/wp-json\/wp\/v2\/posts\/219461","targetHints":{"allow":["GET"]}}],"collection":[{"href":"https:\/\/www.webdo.tn\/fr\/wp-json\/wp\/v2\/posts"}],"about":[{"href":"https:\/\/www.webdo.tn\/fr\/wp-json\/wp\/v2\/types\/post"}],"author":[{"embeddable":true,"href":"https:\/\/www.webdo.tn\/fr\/wp-json\/wp\/v2\/users\/3162"}],"replies":[{"embeddable":true,"href":"https:\/\/www.webdo.tn\/fr\/wp-json\/wp\/v2\/comments?post=219461"}],"version-history":[{"count":0,"href":"https:\/\/www.webdo.tn\/fr\/wp-json\/wp\/v2\/posts\/219461\/revisions"}],"wp:featuredmedia":[{"embeddable":true,"href":"https:\/\/www.webdo.tn\/fr\/wp-json\/wp\/v2\/media\/291761"}],"wp:attachment":[{"href":"https:\/\/www.webdo.tn\/fr\/wp-json\/wp\/v2\/media?parent=219461"}],"wp:term":[{"taxonomy":"category","embeddable":true,"href":"https:\/\/www.webdo.tn\/fr\/wp-json\/wp\/v2\/categories?post=219461"},{"taxonomy":"post_tag","embeddable":true,"href":"https:\/\/www.webdo.tn\/fr\/wp-json\/wp\/v2\/tags?post=219461"}],"curies":[{"name":"wp","href":"https:\/\/api.w.org\/{rel}","templated":true}]}}