{"id":219458,"date":"2025-01-30T11:59:00","date_gmt":"2025-01-30T11:59:00","guid":{"rendered":"https:\/\/www.webdo.tn\/fr\/blog\/totalenergies-et-la-caf-prolongent-leur-partenariat-jusqu-en-2028\/219458\/"},"modified":"2025-05-20T22:34:27","modified_gmt":"2025-05-20T22:34:27","slug":"totalenergies-et-la-caf-prolongent-leur-partenariat-jusqu-en-2028","status":"publish","type":"post","link":"https:\/\/www.webdo.tn\/fr\/actualite\/sport\/totalenergies-et-la-caf-prolongent-leur-partenariat-jusqu-en-2028\/219458\/","title":{"rendered":"TotalEnergies et la CAF prolongent leur partenariat jusqu\u2019en 2028"},"content":{"rendered":"<p>TotalEnergies et la Conf\u00e9d\u00e9ration Africaine de Football (CAF) ont annonc\u00e9 la prolongation de leur partenariat pour une dur\u00e9e de quatre ans, jusqu\u2019en 2028. Cet accord, sign\u00e9 par Patrick Pouyann\u00e9, pr\u00e9sident-directeur g\u00e9n\u00e9ral de TotalEnergies, et Dr Patrice Motsepe, pr\u00e9sident de la CAF, confirme l\u2019engagement du groupe \u00e9nerg\u00e9tique dans le soutien du football africain.<\/p>\n<p>\t\t\t\t\t\t\t\t\tDurant cette p\u00e9riode, TotalEnergies sponsorisera 12 comp\u00e9titions majeures de la CAF, dont la Coupe d&rsquo;Afrique des Nations (CAN) masculine et f\u00e9minine, ainsi que le Championnat d&rsquo;Afrique des Nations et plusieurs tournois des cat\u00e9gories jeunes. Pour la premi\u00e8re fois, la soci\u00e9t\u00e9 soutiendra \u00e9galement le Championnat Africain Scolaire de Football, un programme visant \u00e0 promouvoir la pratique du football chez les jeunes sur le continent. \u00a0<\/p>\n<p>Patrick Pouyann\u00e9 a soulign\u00e9 l\u2019importance de ce partenariat, qui permet \u00e0 TotalEnergies de contribuer au rayonnement du football africain, en mettant en avant les valeurs de diversit\u00e9 et d\u2019unit\u00e9 qu\u2019il incarne.<\/p>\n<p>\u00a0\u00ab Depuis 2016, TotalEnergies a le plaisir et le privil\u00e8ge de contribuer au rayonnement du football africain, et nous sommes enthousiastes \u00e0 l\u2019id\u00e9e de poursuivre cette collaboration aux c\u00f4t\u00e9s de la CAF pour les 4 prochaines ann\u00e9es. TotalEnergies est fi\u00e8re de soutenir l&rsquo;essor de ce sport populaire, qui incarne des valeurs de diversit\u00e9, de coh\u00e9sion et d\u2019unit\u00e9 \u00e0 travers l\u2019Afrique, un continent sur lequel la Compagnie est un acteur historique. Cette prolongation va permettre \u00e0 la Compagnie de continuer \u00e0 c\u00e9l\u00e9brer le football africain avec toutes ses parties prenantes, ses clients et ses collaborateurs, et \u00e0 partager l\u2019engagement et la passion des millions de personnes \u00e0 travers le continent. \u00bb<\/p>\n<p>De son c\u00f4t\u00e9, Dr Patrice Motsepe a salu\u00e9 cette collaboration, estimant qu\u2019elle participe au d\u00e9veloppement du football \u00e0 tous les niveaux en Afrique. \u00a0<\/p>\n<p>Dr Patrice Motsepe, Pr\u00e9sident de la CAF, a d\u00e9clar\u00e9 : \u00ab La CAF se r\u00e9jouit de poursuivre son partenariat avec TotalEnergies et son pr\u00e9sident-directeur g\u00e9n\u00e9ral, Patrick Pouyann\u00e9, que je respecte et connais depuis de nombreuses ann\u00e9es. Ce partenariat contribue au d\u00e9veloppement et \u00e0 la comp\u00e9titivit\u00e9 mondiale du football dans les 54 pays africains dont les f\u00e9d\u00e9rations de football sont membres de la CAF. Au cours des derni\u00e8res ann\u00e9es, la CAF a lanc\u00e9 plusieurs projets pour d\u00e9velopper le football africain chez les jeunes notamment le Championnat d&rsquo;Afrique de football scolaire, auquel environ 800 000 gar\u00e7ons et filles ont particip\u00e9, et qui a connu un \u00e9norme succ\u00e8s. Les valeurs de gouvernance, d&rsquo;\u00e9thique, de transparence et d&rsquo;engagement pour le d\u00e9veloppement et la croissance de nos communaut\u00e9s et de nos pays en Afrique sont \u00e9galement des valeurs auxquelles TotalEnergies est attach\u00e9e, et nous sommes honor\u00e9s de continuer \u00e0 travailler avec cette entreprise et son pr\u00e9sident-directeur g\u00e9n\u00e9ral, Patrick Pouyann\u00e9. \u00bb<\/p>\n<p>Depuis 2016, TotalEnergies est un acteur cl\u00e9 du football africain, avec le parrainage de plus de 1500 matchs et 10 comp\u00e9titions majeures de la CAF (3 comp\u00e9titions interclubs et 7 comp\u00e9titions nationales, dont la prestigieuse Coupe d\u2019Afrique des Nations (CAN), d\u00e9sormais d\u00e9nomm\u00e9e TotalEnergies CAF Coupe d\u2019Afrique des Nations). Cette nouvelle prolongation confirme son engagement \u00e0 accompagner la croissance du sport sur le continent.<\/p>\n<p>Entre 2025 et 2028, TotalEnergies sponsorisera ainsi :<\/p>\n<p>\tla TotalEnergies CAF Coupe d&rsquo;Afrique des Nations<br \/>\n\tla TotalEnergies CAF Coupe d&rsquo;Afrique des Nations F\u00e9minine<br \/>\n\tle TotalEnergies CAF Championnat d&rsquo;Afrique des Nations<br \/>\n\tla TotalEnergies CAF Coupe d&rsquo;Afrique des Nations U17<br \/>\n\tla TotalEnergies CAF Coupe d&rsquo;Afrique des Nations U20<br \/>\n\tla TotalEnergies CAF Coupe d&rsquo;Afrique des Nations U23<br \/>\n\tla TotalEnergies CAF Coupe d&rsquo;Afrique des Nations Futsal<br \/>\n\tla Ligue des Champions de la CAF TotalEnergies<br \/>\n\tla Coupe de la Conf\u00e9d\u00e9ration de la CAF TotalEnergies<br \/>\n\tla TotalEnergies CAF Super Coupe<br \/>\n\tles CAF Awards<br \/>\n\tle Championnat Africain Scolaire de Football de la CAF<\/p>\n","protected":false},"excerpt":{"rendered":"<p>TotalEnergies et la Conf\u00e9d\u00e9ration Africaine de Football (CAF) ont annonc\u00e9 la prolongation de leur partenariat pour une dur\u00e9e de quatre ans, jusqu\u2019en 2028. Cet a&#8230;<\/p>\n","protected":false},"author":3169,"featured_media":291763,"comment_status":"open","ping_status":"closed","sticky":false,"template":"","format":"standard","meta":{"footnotes":""},"categories":[2593],"tags":[10923,3135,3300,3511,3231],"class_list":["post-219458","post","type-post","status-publish","format-standard","has-post-thumbnail","hentry","category-sport","tag-confederation-africaine-de-football","tag-caf","tag-partenariat","tag-sponsor","tag-totalenergies"],"yoast_head":"<!-- This site is optimized with the Yoast SEO Premium plugin v27.5 (Yoast SEO v27.5) - https:\/\/yoast.com\/product\/yoast-seo-premium-wordpress\/ -->\n<title>TotalEnergies et la CAF prolongent leur partenariat jusqu\u2019en 2028<\/title>\n<meta name=\"description\" content=\"TotalEnergies et la Conf\u00e9d\u00e9ration Africaine de Football (CAF) ont annonc\u00e9 la prolongation de leur partenariat pour une dur\u00e9e de quatre ans, jusqu\u2019en 2028. Cet a...\" \/>\n<link rel=\"canonical\" href=\"https:\/\/www.webdo.tn\/fr\/actualite\/sport\/totalenergies-et-la-caf-prolongent-leur-partenariat-jusqu-en-2028\/219458\/\" \/>\n<meta property=\"og:locale\" content=\"fr_FR\" \/>\n<meta property=\"og:type\" content=\"article\" \/>\n<meta property=\"og:title\" content=\"TotalEnergies et la CAF prolongent leur partenariat jusqu\u2019en 2028\" \/>\n<meta property=\"og:description\" content=\"TotalEnergies et la Conf\u00e9d\u00e9ration Africaine de Football (CAF) ont annonc\u00e9 la prolongation de leur partenariat pour une dur\u00e9e de quatre ans, jusqu\u2019en 2028. Cet a...\" \/>\n<meta property=\"og:url\" content=\"https:\/\/www.webdo.tn\/fr\/actualite\/sport\/totalenergies-et-la-caf-prolongent-leur-partenariat-jusqu-en-2028\/219458\/\" \/>\n<meta property=\"og:site_name\" content=\"webdo\" \/>\n<meta property=\"article:publisher\" content=\"https:\/\/www.facebook.com\/webdotn\" \/>\n<meta property=\"article:published_time\" content=\"2025-01-30T11:59:00+00:00\" \/>\n<meta property=\"article:modified_time\" content=\"2025-05-20T22:34:27+00:00\" \/>\n<meta property=\"og:image\" content=\"https:\/\/www.webdo.tn\/fr\/wp-content\/uploads\/2025\/01\/1e1cc3c056502edcf0f07c2d259d7611.webp\" \/>\n\t<meta property=\"og:image:width\" content=\"750\" \/>\n\t<meta property=\"og:image:height\" content=\"400\" \/>\n\t<meta property=\"og:image:type\" content=\"image\/webp\" \/>\n<meta name=\"author\" content=\"Webdo\" \/>\n<meta name=\"twitter:card\" content=\"summary_large_image\" \/>\n<meta name=\"twitter:creator\" content=\"@webdo_tn\" \/>\n<meta name=\"twitter:site\" content=\"@webdo_tn\" \/>\n<meta name=\"twitter:label1\" content=\"\u00c9crit par\" \/>\n\t<meta name=\"twitter:data1\" content=\"Webdo\" \/>\n\t<meta name=\"twitter:label2\" content=\"Dur\u00e9e de lecture estim\u00e9e\" \/>\n\t<meta name=\"twitter:data2\" content=\"3 minutes\" \/>\n<script type=\"application\/ld+json\" class=\"yoast-schema-graph\">{\"@context\":\"https:\\\/\\\/schema.org\",\"@graph\":[{\"@type\":\"NewsArticle\",\"@id\":\"https:\\\/\\\/www.webdo.tn\\\/fr\\\/actualite\\\/sport\\\/totalenergies-et-la-caf-prolongent-leur-partenariat-jusqu-en-2028\\\/219458\\\/#article\",\"isPartOf\":{\"@id\":\"https:\\\/\\\/www.webdo.tn\\\/fr\\\/actualite\\\/sport\\\/totalenergies-et-la-caf-prolongent-leur-partenariat-jusqu-en-2028\\\/219458\\\/\"},\"author\":{\"name\":\"Webdo\",\"@id\":\"https:\\\/\\\/www.webdo.tn\\\/fr\\\/#\\\/schema\\\/person\\\/1f4e491e0907b413d61089e8eb573acc\"},\"headline\":\"TotalEnergies et la CAF prolongent leur partenariat jusqu\u2019en 2028\",\"datePublished\":\"2025-01-30T11:59:00+00:00\",\"dateModified\":\"2025-05-20T22:34:27+00:00\",\"mainEntityOfPage\":{\"@id\":\"https:\\\/\\\/www.webdo.tn\\\/fr\\\/actualite\\\/sport\\\/totalenergies-et-la-caf-prolongent-leur-partenariat-jusqu-en-2028\\\/219458\\\/\"},\"wordCount\":652,\"commentCount\":0,\"publisher\":{\"@id\":\"https:\\\/\\\/www.webdo.tn\\\/fr\\\/#organization\"},\"image\":{\"@id\":\"https:\\\/\\\/www.webdo.tn\\\/fr\\\/actualite\\\/sport\\\/totalenergies-et-la-caf-prolongent-leur-partenariat-jusqu-en-2028\\\/219458\\\/#primaryimage\"},\"thumbnailUrl\":\"https:\\\/\\\/www.webdo.tn\\\/fr\\\/wp-content\\\/uploads\\\/2025\\\/01\\\/1e1cc3c056502edcf0f07c2d259d7611.webp\",\"keywords\":[\"'conf\u00e9d\u00e9ration africaine de football']\",\"CAF\",\"partenariat\",\"sponsor\",\"TotalEnergies\"],\"articleSection\":[\"Sport\"],\"inLanguage\":\"fr-FR\"},{\"@type\":\"WebPage\",\"@id\":\"https:\\\/\\\/www.webdo.tn\\\/fr\\\/actualite\\\/sport\\\/totalenergies-et-la-caf-prolongent-leur-partenariat-jusqu-en-2028\\\/219458\\\/\",\"url\":\"https:\\\/\\\/www.webdo.tn\\\/fr\\\/actualite\\\/sport\\\/totalenergies-et-la-caf-prolongent-leur-partenariat-jusqu-en-2028\\\/219458\\\/\",\"name\":\"TotalEnergies et la CAF prolongent leur partenariat jusqu\u2019en 2028\",\"isPartOf\":{\"@id\":\"https:\\\/\\\/www.webdo.tn\\\/fr\\\/#website\"},\"primaryImageOfPage\":{\"@id\":\"https:\\\/\\\/www.webdo.tn\\\/fr\\\/actualite\\\/sport\\\/totalenergies-et-la-caf-prolongent-leur-partenariat-jusqu-en-2028\\\/219458\\\/#primaryimage\"},\"image\":{\"@id\":\"https:\\\/\\\/www.webdo.tn\\\/fr\\\/actualite\\\/sport\\\/totalenergies-et-la-caf-prolongent-leur-partenariat-jusqu-en-2028\\\/219458\\\/#primaryimage\"},\"thumbnailUrl\":\"https:\\\/\\\/www.webdo.tn\\\/fr\\\/wp-content\\\/uploads\\\/2025\\\/01\\\/1e1cc3c056502edcf0f07c2d259d7611.webp\",\"datePublished\":\"2025-01-30T11:59:00+00:00\",\"dateModified\":\"2025-05-20T22:34:27+00:00\",\"description\":\"TotalEnergies et la Conf\u00e9d\u00e9ration Africaine de Football (CAF) ont annonc\u00e9 la prolongation de leur partenariat pour une dur\u00e9e de quatre ans, jusqu\u2019en 2028. Cet a...\",\"breadcrumb\":{\"@id\":\"https:\\\/\\\/www.webdo.tn\\\/fr\\\/actualite\\\/sport\\\/totalenergies-et-la-caf-prolongent-leur-partenariat-jusqu-en-2028\\\/219458\\\/#breadcrumb\"},\"inLanguage\":\"fr-FR\",\"potentialAction\":[{\"@type\":\"ReadAction\",\"target\":[\"https:\\\/\\\/www.webdo.tn\\\/fr\\\/actualite\\\/sport\\\/totalenergies-et-la-caf-prolongent-leur-partenariat-jusqu-en-2028\\\/219458\\\/\"]}]},{\"@type\":\"ImageObject\",\"inLanguage\":\"fr-FR\",\"@id\":\"https:\\\/\\\/www.webdo.tn\\\/fr\\\/actualite\\\/sport\\\/totalenergies-et-la-caf-prolongent-leur-partenariat-jusqu-en-2028\\\/219458\\\/#primaryimage\",\"url\":\"https:\\\/\\\/www.webdo.tn\\\/fr\\\/wp-content\\\/uploads\\\/2025\\\/01\\\/1e1cc3c056502edcf0f07c2d259d7611.webp\",\"contentUrl\":\"https:\\\/\\\/www.webdo.tn\\\/fr\\\/wp-content\\\/uploads\\\/2025\\\/01\\\/1e1cc3c056502edcf0f07c2d259d7611.webp\",\"width\":750,\"height\":400,\"caption\":\"TotalEnergies et la CAF prolongent leur partenariat jusqu\u2019en 2028\"},{\"@type\":\"BreadcrumbList\",\"@id\":\"https:\\\/\\\/www.webdo.tn\\\/fr\\\/actualite\\\/sport\\\/totalenergies-et-la-caf-prolongent-leur-partenariat-jusqu-en-2028\\\/219458\\\/#breadcrumb\",\"itemListElement\":[{\"@type\":\"ListItem\",\"position\":1,\"name\":\"Accueil\",\"item\":\"https:\\\/\\\/www.webdo.tn\\\/fr\\\/\"},{\"@type\":\"ListItem\",\"position\":2,\"name\":\"TotalEnergies et la CAF prolongent leur partenariat jusqu\u2019en 2028\"}]},{\"@type\":\"WebSite\",\"@id\":\"https:\\\/\\\/www.webdo.tn\\\/fr\\\/#website\",\"url\":\"https:\\\/\\\/www.webdo.tn\\\/fr\\\/\",\"name\":\"webdo\",\"description\":\"Tunisie - News en Tunisie et \u00e0 l&#039;international sur Webdo.tn\",\"publisher\":{\"@id\":\"https:\\\/\\\/www.webdo.tn\\\/fr\\\/#organization\"},\"potentialAction\":[{\"@type\":\"SearchAction\",\"target\":{\"@type\":\"EntryPoint\",\"urlTemplate\":\"https:\\\/\\\/www.webdo.tn\\\/fr\\\/?s={search_term_string}\"},\"query-input\":{\"@type\":\"PropertyValueSpecification\",\"valueRequired\":true,\"valueName\":\"search_term_string\"}}],\"inLanguage\":\"fr-FR\"},{\"@type\":\"Organization\",\"@id\":\"https:\\\/\\\/www.webdo.tn\\\/fr\\\/#organization\",\"name\":\"Webdo\",\"alternateName\":\"Webdo.tn\",\"url\":\"https:\\\/\\\/www.webdo.tn\\\/fr\\\/\",\"logo\":{\"@type\":\"ImageObject\",\"inLanguage\":\"fr-FR\",\"@id\":\"https:\\\/\\\/www.webdo.tn\\\/fr\\\/#\\\/schema\\\/logo\\\/image\\\/\",\"url\":\"https:\\\/\\\/www.webdo.tn\\\/fr\\\/wp-content\\\/uploads\\\/2025\\\/06\\\/Webdo-Tunisie_168377.jpg\",\"contentUrl\":\"https:\\\/\\\/www.webdo.tn\\\/fr\\\/wp-content\\\/uploads\\\/2025\\\/06\\\/Webdo-Tunisie_168377.jpg\",\"width\":301,\"height\":301,\"caption\":\"Webdo\"},\"image\":{\"@id\":\"https:\\\/\\\/www.webdo.tn\\\/fr\\\/#\\\/schema\\\/logo\\\/image\\\/\"},\"sameAs\":[\"https:\\\/\\\/www.facebook.com\\\/webdotn\",\"https:\\\/\\\/x.com\\\/webdo_tn\"],\"description\":\"Webdo est un m\u00e9dia num\u00e9rique tunisien fond\u00e9 en 2010, sp\u00e9cialis\u00e9 dans l\u2019actualit\u00e9 nationale et internationale, l\u2019\u00e9conomie, la soci\u00e9t\u00e9 et les analyses politiques. Le site s\u2019adresse \u00e0 un large public francophone et couvre l\u2019information tunisienne en temps r\u00e9el.\",\"email\":\"redac@webdo.tn\",\"legalName\":\"YNJ SARL\",\"foundingDate\":\"2010-09-06\",\"numberOfEmployees\":{\"@type\":\"QuantitativeValue\",\"minValue\":\"11\",\"maxValue\":\"50\"}},{\"@type\":\"Person\",\"@id\":\"https:\\\/\\\/www.webdo.tn\\\/fr\\\/#\\\/schema\\\/person\\\/1f4e491e0907b413d61089e8eb573acc\",\"name\":\"Webdo\",\"image\":{\"@type\":\"ImageObject\",\"inLanguage\":\"fr-FR\",\"@id\":\"https:\\\/\\\/secure.gravatar.com\\\/avatar\\\/de97aeec1bb80978a9dbb127e47dfc88aaacb2f3c29aac907d8d3222e3495d49?s=96&d=mm&r=g\",\"url\":\"https:\\\/\\\/secure.gravatar.com\\\/avatar\\\/de97aeec1bb80978a9dbb127e47dfc88aaacb2f3c29aac907d8d3222e3495d49?s=96&d=mm&r=g\",\"contentUrl\":\"https:\\\/\\\/secure.gravatar.com\\\/avatar\\\/de97aeec1bb80978a9dbb127e47dfc88aaacb2f3c29aac907d8d3222e3495d49?s=96&d=mm&r=g\",\"caption\":\"Webdo\"},\"url\":\"https:\\\/\\\/www.webdo.tn\\\/fr\\\/actualite\\\/author\\\/webdo\\\/\"}]}<\/script>\n<!-- \/ Yoast SEO Premium plugin. -->","yoast_head_json":{"title":"TotalEnergies et la CAF prolongent leur partenariat jusqu\u2019en 2028","description":"TotalEnergies et la Conf\u00e9d\u00e9ration Africaine de Football (CAF) ont annonc\u00e9 la prolongation de leur partenariat pour une dur\u00e9e de quatre ans, jusqu\u2019en 2028. Cet a...","canonical":"https:\/\/www.webdo.tn\/fr\/actualite\/sport\/totalenergies-et-la-caf-prolongent-leur-partenariat-jusqu-en-2028\/219458\/","og_locale":"fr_FR","og_type":"article","og_title":"TotalEnergies et la CAF prolongent leur partenariat jusqu\u2019en 2028","og_description":"TotalEnergies et la Conf\u00e9d\u00e9ration Africaine de Football (CAF) ont annonc\u00e9 la prolongation de leur partenariat pour une dur\u00e9e de quatre ans, jusqu\u2019en 2028. Cet a...","og_url":"https:\/\/www.webdo.tn\/fr\/actualite\/sport\/totalenergies-et-la-caf-prolongent-leur-partenariat-jusqu-en-2028\/219458\/","og_site_name":"webdo","article_publisher":"https:\/\/www.facebook.com\/webdotn","article_published_time":"2025-01-30T11:59:00+00:00","article_modified_time":"2025-05-20T22:34:27+00:00","og_image":[{"width":750,"height":400,"url":"https:\/\/www.webdo.tn\/fr\/wp-content\/uploads\/2025\/01\/1e1cc3c056502edcf0f07c2d259d7611.webp","type":"image\/webp"}],"author":"Webdo","twitter_card":"summary_large_image","twitter_creator":"@webdo_tn","twitter_site":"@webdo_tn","twitter_misc":{"\u00c9crit par":"Webdo","Dur\u00e9e de lecture estim\u00e9e":"3 minutes"},"schema":{"@context":"https:\/\/schema.org","@graph":[{"@type":"NewsArticle","@id":"https:\/\/www.webdo.tn\/fr\/actualite\/sport\/totalenergies-et-la-caf-prolongent-leur-partenariat-jusqu-en-2028\/219458\/#article","isPartOf":{"@id":"https:\/\/www.webdo.tn\/fr\/actualite\/sport\/totalenergies-et-la-caf-prolongent-leur-partenariat-jusqu-en-2028\/219458\/"},"author":{"name":"Webdo","@id":"https:\/\/www.webdo.tn\/fr\/#\/schema\/person\/1f4e491e0907b413d61089e8eb573acc"},"headline":"TotalEnergies et la CAF prolongent leur partenariat jusqu\u2019en 2028","datePublished":"2025-01-30T11:59:00+00:00","dateModified":"2025-05-20T22:34:27+00:00","mainEntityOfPage":{"@id":"https:\/\/www.webdo.tn\/fr\/actualite\/sport\/totalenergies-et-la-caf-prolongent-leur-partenariat-jusqu-en-2028\/219458\/"},"wordCount":652,"commentCount":0,"publisher":{"@id":"https:\/\/www.webdo.tn\/fr\/#organization"},"image":{"@id":"https:\/\/www.webdo.tn\/fr\/actualite\/sport\/totalenergies-et-la-caf-prolongent-leur-partenariat-jusqu-en-2028\/219458\/#primaryimage"},"thumbnailUrl":"https:\/\/www.webdo.tn\/fr\/wp-content\/uploads\/2025\/01\/1e1cc3c056502edcf0f07c2d259d7611.webp","keywords":["'conf\u00e9d\u00e9ration africaine de football']","CAF","partenariat","sponsor","TotalEnergies"],"articleSection":["Sport"],"inLanguage":"fr-FR"},{"@type":"WebPage","@id":"https:\/\/www.webdo.tn\/fr\/actualite\/sport\/totalenergies-et-la-caf-prolongent-leur-partenariat-jusqu-en-2028\/219458\/","url":"https:\/\/www.webdo.tn\/fr\/actualite\/sport\/totalenergies-et-la-caf-prolongent-leur-partenariat-jusqu-en-2028\/219458\/","name":"TotalEnergies et la CAF prolongent leur partenariat jusqu\u2019en 2028","isPartOf":{"@id":"https:\/\/www.webdo.tn\/fr\/#website"},"primaryImageOfPage":{"@id":"https:\/\/www.webdo.tn\/fr\/actualite\/sport\/totalenergies-et-la-caf-prolongent-leur-partenariat-jusqu-en-2028\/219458\/#primaryimage"},"image":{"@id":"https:\/\/www.webdo.tn\/fr\/actualite\/sport\/totalenergies-et-la-caf-prolongent-leur-partenariat-jusqu-en-2028\/219458\/#primaryimage"},"thumbnailUrl":"https:\/\/www.webdo.tn\/fr\/wp-content\/uploads\/2025\/01\/1e1cc3c056502edcf0f07c2d259d7611.webp","datePublished":"2025-01-30T11:59:00+00:00","dateModified":"2025-05-20T22:34:27+00:00","description":"TotalEnergies et la Conf\u00e9d\u00e9ration Africaine de Football (CAF) ont annonc\u00e9 la prolongation de leur partenariat pour une dur\u00e9e de quatre ans, jusqu\u2019en 2028. Cet a...","breadcrumb":{"@id":"https:\/\/www.webdo.tn\/fr\/actualite\/sport\/totalenergies-et-la-caf-prolongent-leur-partenariat-jusqu-en-2028\/219458\/#breadcrumb"},"inLanguage":"fr-FR","potentialAction":[{"@type":"ReadAction","target":["https:\/\/www.webdo.tn\/fr\/actualite\/sport\/totalenergies-et-la-caf-prolongent-leur-partenariat-jusqu-en-2028\/219458\/"]}]},{"@type":"ImageObject","inLanguage":"fr-FR","@id":"https:\/\/www.webdo.tn\/fr\/actualite\/sport\/totalenergies-et-la-caf-prolongent-leur-partenariat-jusqu-en-2028\/219458\/#primaryimage","url":"https:\/\/www.webdo.tn\/fr\/wp-content\/uploads\/2025\/01\/1e1cc3c056502edcf0f07c2d259d7611.webp","contentUrl":"https:\/\/www.webdo.tn\/fr\/wp-content\/uploads\/2025\/01\/1e1cc3c056502edcf0f07c2d259d7611.webp","width":750,"height":400,"caption":"TotalEnergies et la CAF prolongent leur partenariat jusqu\u2019en 2028"},{"@type":"BreadcrumbList","@id":"https:\/\/www.webdo.tn\/fr\/actualite\/sport\/totalenergies-et-la-caf-prolongent-leur-partenariat-jusqu-en-2028\/219458\/#breadcrumb","itemListElement":[{"@type":"ListItem","position":1,"name":"Accueil","item":"https:\/\/www.webdo.tn\/fr\/"},{"@type":"ListItem","position":2,"name":"TotalEnergies et la CAF prolongent leur partenariat jusqu\u2019en 2028"}]},{"@type":"WebSite","@id":"https:\/\/www.webdo.tn\/fr\/#website","url":"https:\/\/www.webdo.tn\/fr\/","name":"webdo","description":"Tunisie - News en Tunisie et \u00e0 l&#039;international sur Webdo.tn","publisher":{"@id":"https:\/\/www.webdo.tn\/fr\/#organization"},"potentialAction":[{"@type":"SearchAction","target":{"@type":"EntryPoint","urlTemplate":"https:\/\/www.webdo.tn\/fr\/?s={search_term_string}"},"query-input":{"@type":"PropertyValueSpecification","valueRequired":true,"valueName":"search_term_string"}}],"inLanguage":"fr-FR"},{"@type":"Organization","@id":"https:\/\/www.webdo.tn\/fr\/#organization","name":"Webdo","alternateName":"Webdo.tn","url":"https:\/\/www.webdo.tn\/fr\/","logo":{"@type":"ImageObject","inLanguage":"fr-FR","@id":"https:\/\/www.webdo.tn\/fr\/#\/schema\/logo\/image\/","url":"https:\/\/www.webdo.tn\/fr\/wp-content\/uploads\/2025\/06\/Webdo-Tunisie_168377.jpg","contentUrl":"https:\/\/www.webdo.tn\/fr\/wp-content\/uploads\/2025\/06\/Webdo-Tunisie_168377.jpg","width":301,"height":301,"caption":"Webdo"},"image":{"@id":"https:\/\/www.webdo.tn\/fr\/#\/schema\/logo\/image\/"},"sameAs":["https:\/\/www.facebook.com\/webdotn","https:\/\/x.com\/webdo_tn"],"description":"Webdo est un m\u00e9dia num\u00e9rique tunisien fond\u00e9 en 2010, sp\u00e9cialis\u00e9 dans l\u2019actualit\u00e9 nationale et internationale, l\u2019\u00e9conomie, la soci\u00e9t\u00e9 et les analyses politiques. Le site s\u2019adresse \u00e0 un large public francophone et couvre l\u2019information tunisienne en temps r\u00e9el.","email":"redac@webdo.tn","legalName":"YNJ SARL","foundingDate":"2010-09-06","numberOfEmployees":{"@type":"QuantitativeValue","minValue":"11","maxValue":"50"}},{"@type":"Person","@id":"https:\/\/www.webdo.tn\/fr\/#\/schema\/person\/1f4e491e0907b413d61089e8eb573acc","name":"Webdo","image":{"@type":"ImageObject","inLanguage":"fr-FR","@id":"https:\/\/secure.gravatar.com\/avatar\/de97aeec1bb80978a9dbb127e47dfc88aaacb2f3c29aac907d8d3222e3495d49?s=96&d=mm&r=g","url":"https:\/\/secure.gravatar.com\/avatar\/de97aeec1bb80978a9dbb127e47dfc88aaacb2f3c29aac907d8d3222e3495d49?s=96&d=mm&r=g","contentUrl":"https:\/\/secure.gravatar.com\/avatar\/de97aeec1bb80978a9dbb127e47dfc88aaacb2f3c29aac907d8d3222e3495d49?s=96&d=mm&r=g","caption":"Webdo"},"url":"https:\/\/www.webdo.tn\/fr\/actualite\/author\/webdo\/"}]}},"_links":{"self":[{"href":"https:\/\/www.webdo.tn\/fr\/wp-json\/wp\/v2\/posts\/219458","targetHints":{"allow":["GET"]}}],"collection":[{"href":"https:\/\/www.webdo.tn\/fr\/wp-json\/wp\/v2\/posts"}],"about":[{"href":"https:\/\/www.webdo.tn\/fr\/wp-json\/wp\/v2\/types\/post"}],"author":[{"embeddable":true,"href":"https:\/\/www.webdo.tn\/fr\/wp-json\/wp\/v2\/users\/3169"}],"replies":[{"embeddable":true,"href":"https:\/\/www.webdo.tn\/fr\/wp-json\/wp\/v2\/comments?post=219458"}],"version-history":[{"count":0,"href":"https:\/\/www.webdo.tn\/fr\/wp-json\/wp\/v2\/posts\/219458\/revisions"}],"wp:featuredmedia":[{"embeddable":true,"href":"https:\/\/www.webdo.tn\/fr\/wp-json\/wp\/v2\/media\/291763"}],"wp:attachment":[{"href":"https:\/\/www.webdo.tn\/fr\/wp-json\/wp\/v2\/media?parent=219458"}],"wp:term":[{"taxonomy":"category","embeddable":true,"href":"https:\/\/www.webdo.tn\/fr\/wp-json\/wp\/v2\/categories?post=219458"},{"taxonomy":"post_tag","embeddable":true,"href":"https:\/\/www.webdo.tn\/fr\/wp-json\/wp\/v2\/tags?post=219458"}],"curies":[{"name":"wp","href":"https:\/\/api.w.org\/{rel}","templated":true}]}}