{"id":219449,"date":"2025-01-30T09:10:00","date_gmt":"2025-01-30T09:10:00","guid":{"rendered":"https:\/\/www.webdo.tn\/fr\/blog\/2025\/01\/30\/donald-trump-envisage-d-annuler-les-visas-etudiants-des-manifestants-pro-palestiniens\/"},"modified":"2025-05-20T21:43:36","modified_gmt":"2025-05-20T21:43:36","slug":"donald-trump-envisage-d-annuler-les-visas-etudiants-des-manifestants-pro-palestiniens","status":"publish","type":"post","link":"https:\/\/www.webdo.tn\/fr\/actualite\/international\/donald-trump-envisage-d-annuler-les-visas-etudiants-des-manifestants-pro-palestiniens\/219449\/","title":{"rendered":"Donald Trump envisage d&rsquo;annuler les visas \u00e9tudiants des manifestants pro-palestiniens"},"content":{"rendered":"<p>Le pr\u00e9sident am\u00e9ricain Donald Trump s&rsquo;appr\u00eate \u00e0 signer un d\u00e9cret visant \u00e0 combattre l&rsquo;antis\u00e9mitisme, incluant l&rsquo;expulsion des \u00e9tudiants \u00e9trangers et d&rsquo;autres personnes ayant particip\u00e9 \u00e0 des manifestations pro-palestiniennes, a annonc\u00e9 mercredi 29 janvier un responsable de la Maison-Blanche.<\/p>\n<p>\t\t\t\t\t\t\t\t\tUne fiche d&rsquo;information li\u00e9e \u00e0 cette ordonnance pr\u00e9voit des \u00ab actions imm\u00e9diates \u00bb du d\u00e9partement de la Justice contre \u00ab les menaces terroristes, les incendies criminels, le vandalisme et la violence ciblant les Juifs am\u00e9ricains \u00bb. Elle pr\u00e9cise \u00e9galement que toutes les ressources f\u00e9d\u00e9rales seront mobilis\u00e9es pour lutter contre \u00ab l&rsquo;augmentation de l&rsquo;antis\u00e9mitisme sur les campus et dans les rues \u00bb. \u00a0<\/p>\n<p>\u00ab \u00c0 tous les \u00e9trangers r\u00e9sidents ayant pris part aux manifestations pro-jihadistes, sachez qu&rsquo;\u00e0 partir de 2025, nous vous retrouverons et vous expulserons. Je r\u00e9voquerai \u00e9galement les visas \u00e9tudiants de tous les sympathisants du Hamas sur les campus universitaires, qui n&rsquo;ont jamais \u00e9t\u00e9 aussi radicalis\u00e9s \u00bb, a d\u00e9clar\u00e9 M. Trump dans cette fiche d&rsquo;information. \u00a0<\/p>\n<p>Depuis le 7 octobre 2023 des manifestations pro-palestiniennes aux \u00c9tats-Unis, ont perturb\u00e9 les campus universitaires. Parall\u00e8lement, les groupes de d\u00e9fense des droits civiques ont signal\u00e9 une recrudescence des incidents antis\u00e9mites, anti-arabes et islamophobes. \u00a0<\/p>\n<p>L&rsquo;ordonnance exige que les responsables d&rsquo;agences f\u00e9d\u00e9rales soumettent \u00e0 la Maison-Blanche, sous 60 jours, des recommandations sur les moyens juridiques pouvant \u00eatre utilis\u00e9s pour lutter contre l&rsquo;antis\u00e9mitisme. \u00a0<\/p>\n<p>Le document mentionne \u00e9galement que certains manifestants pro-Hamas auraient emp\u00each\u00e9 des \u00e9tudiants juifs d&rsquo;acc\u00e9der \u00e0 leurs cours, agress\u00e9 des fid\u00e8les dans des synagogues et vandalis\u00e9 des monuments et statues aux \u00c9tats-Unis. \u00a0<\/p>\n<p>Le Conseil des relations am\u00e9ricano-islamiques (CAIR), principal groupe de d\u00e9fense des droits des musulmans aux \u00c9tats-Unis, a d\u00e9nonc\u00e9 une atteinte \u00e0 \u00ab la libert\u00e9 d&rsquo;expression et \u00e0 la cause palestinienne sous pr\u00e9texte de combattre l&rsquo;antis\u00e9mitisme \u00bb, qualifiant l&rsquo;ordonnance de \u00ab malhonn\u00eate et inapplicable \u00bb. \u00a0<\/p>\n<p>Lors de sa campagne \u00e9lectorale de 2024, Donald Trump avait promis d\u2019expulser les \u00e9tudiants \u00e9trangers qu&rsquo;il consid\u00e8re comme \u00ab pro-Hamas \u00bb. \u00a0<\/p>\n<p>D\u00e8s son premier jour au pouvoir, il avait d\u00e9j\u00e0 sign\u00e9 un d\u00e9cret que les organisations de d\u00e9fense des droits humains estiment pr\u00e9parer le retour d&rsquo;une interdiction d&rsquo;entr\u00e9e pour les voyageurs en provenance de pays \u00e0 majorit\u00e9 musulmane ou arabe, tout en \u00e9largissant les crit\u00e8res permettant de refuser des visas et d\u2019expulser certaines personnes pour des raisons id\u00e9ologiques.<\/p>\n","protected":false},"excerpt":{"rendered":"<p>Le pr\u00e9sident am\u00e9ricain Donald Trump s&rsquo;appr\u00eate \u00e0 signer un d\u00e9cret visant \u00e0 combattre l&rsquo;antis\u00e9mitisme, incluant l&rsquo;expulsion des \u00e9tudiants \u00e9trangers et d&rsquo;autres pe&#8230;<\/p>\n","protected":false},"author":3162,"featured_media":242564,"comment_status":"open","ping_status":"open","sticky":false,"template":"","format":"standard","meta":{"footnotes":""},"categories":[2598],"tags":[2916,3035,2689,4196,2636,2688],"class_list":["post-219449","post","type-post","status-publish","format-standard","has-post-thumbnail","hentry","category-international","tag-donald-trump","tag-etats-unis","tag-gaza","tag-hams","tag-israel","tag-palestine"],"yoast_head":"<!-- This site is optimized with the Yoast SEO Premium plugin v27.5 (Yoast SEO v27.5) - https:\/\/yoast.com\/product\/yoast-seo-premium-wordpress\/ -->\n<title>Donald Trump envisage d&#039;annuler les visas \u00e9tudiants des manifestants pro-palestiniens<\/title>\n<meta name=\"description\" content=\"Le pr\u00e9sident am\u00e9ricain Donald Trump s&#039;appr\u00eate \u00e0 signer un d\u00e9cret visant \u00e0 combattre l&#039;antis\u00e9mitisme, incluant l&#039;expulsion des \u00e9tudiants \u00e9trangers et d&#039;autres pe...\" \/>\n<link rel=\"canonical\" href=\"https:\/\/www.webdo.tn\/fr\/actualite\/international\/donald-trump-envisage-d-annuler-les-visas-etudiants-des-manifestants-pro-palestiniens\/219449\/\" \/>\n<meta property=\"og:locale\" content=\"fr_FR\" \/>\n<meta property=\"og:type\" content=\"article\" \/>\n<meta property=\"og:title\" content=\"Donald Trump envisage d&#039;annuler les visas \u00e9tudiants des manifestants pro-palestiniens\" \/>\n<meta property=\"og:description\" content=\"Le pr\u00e9sident am\u00e9ricain Donald Trump s&#039;appr\u00eate \u00e0 signer un d\u00e9cret visant \u00e0 combattre l&#039;antis\u00e9mitisme, incluant l&#039;expulsion des \u00e9tudiants \u00e9trangers et d&#039;autres pe...\" \/>\n<meta property=\"og:url\" content=\"https:\/\/www.webdo.tn\/fr\/actualite\/international\/donald-trump-envisage-d-annuler-les-visas-etudiants-des-manifestants-pro-palestiniens\/219449\/\" \/>\n<meta property=\"og:site_name\" content=\"webdo\" \/>\n<meta property=\"article:publisher\" content=\"https:\/\/www.facebook.com\/webdotn\" \/>\n<meta property=\"article:published_time\" content=\"2025-01-30T09:10:00+00:00\" \/>\n<meta property=\"article:modified_time\" content=\"2025-05-20T21:43:36+00:00\" \/>\n<meta property=\"og:image\" content=\"https:\/\/www.webdo.tn\/fr\/wp-content\/uploads\/2025\/05\/b1dad7549f2a8332eae0f803e96abb0a-2.webp\" \/>\n\t<meta property=\"og:image:width\" content=\"750\" \/>\n\t<meta property=\"og:image:height\" content=\"400\" \/>\n\t<meta property=\"og:image:type\" content=\"image\/webp\" \/>\n<meta name=\"author\" content=\"MC\" \/>\n<meta name=\"twitter:card\" content=\"summary_large_image\" \/>\n<meta name=\"twitter:creator\" content=\"@webdo_tn\" \/>\n<meta name=\"twitter:site\" content=\"@webdo_tn\" \/>\n<meta name=\"twitter:label1\" content=\"\u00c9crit par\" \/>\n\t<meta name=\"twitter:data1\" content=\"MC\" \/>\n\t<meta name=\"twitter:label2\" content=\"Dur\u00e9e de lecture estim\u00e9e\" \/>\n\t<meta name=\"twitter:data2\" content=\"2 minutes\" \/>\n<script type=\"application\/ld+json\" class=\"yoast-schema-graph\">{\"@context\":\"https:\\\/\\\/schema.org\",\"@graph\":[{\"@type\":\"NewsArticle\",\"@id\":\"https:\\\/\\\/www.webdo.tn\\\/fr\\\/actualite\\\/international\\\/donald-trump-envisage-d-annuler-les-visas-etudiants-des-manifestants-pro-palestiniens\\\/219449\\\/#article\",\"isPartOf\":{\"@id\":\"https:\\\/\\\/www.webdo.tn\\\/fr\\\/actualite\\\/international\\\/donald-trump-envisage-d-annuler-les-visas-etudiants-des-manifestants-pro-palestiniens\\\/219449\\\/\"},\"author\":{\"name\":\"MC\",\"@id\":\"https:\\\/\\\/www.webdo.tn\\\/fr\\\/#\\\/schema\\\/person\\\/2c4929cbf5a809e3bd38617c6ce150f6\"},\"headline\":\"Donald Trump envisage d&rsquo;annuler les visas \u00e9tudiants des manifestants pro-palestiniens\",\"datePublished\":\"2025-01-30T09:10:00+00:00\",\"dateModified\":\"2025-05-20T21:43:36+00:00\",\"mainEntityOfPage\":{\"@id\":\"https:\\\/\\\/www.webdo.tn\\\/fr\\\/actualite\\\/international\\\/donald-trump-envisage-d-annuler-les-visas-etudiants-des-manifestants-pro-palestiniens\\\/219449\\\/\"},\"wordCount\":412,\"commentCount\":0,\"publisher\":{\"@id\":\"https:\\\/\\\/www.webdo.tn\\\/fr\\\/#organization\"},\"image\":{\"@id\":\"https:\\\/\\\/www.webdo.tn\\\/fr\\\/actualite\\\/international\\\/donald-trump-envisage-d-annuler-les-visas-etudiants-des-manifestants-pro-palestiniens\\\/219449\\\/#primaryimage\"},\"thumbnailUrl\":\"https:\\\/\\\/www.webdo.tn\\\/fr\\\/wp-content\\\/uploads\\\/2025\\\/05\\\/b1dad7549f2a8332eae0f803e96abb0a-2.webp\",\"keywords\":[\"Donald Trump\",\"Etats-Unis\",\"Gaza\",\"Hams\",\"isra\u00ebl\",\"Palestine\"],\"articleSection\":[\"International\"],\"inLanguage\":\"fr-FR\"},{\"@type\":\"WebPage\",\"@id\":\"https:\\\/\\\/www.webdo.tn\\\/fr\\\/actualite\\\/international\\\/donald-trump-envisage-d-annuler-les-visas-etudiants-des-manifestants-pro-palestiniens\\\/219449\\\/\",\"url\":\"https:\\\/\\\/www.webdo.tn\\\/fr\\\/actualite\\\/international\\\/donald-trump-envisage-d-annuler-les-visas-etudiants-des-manifestants-pro-palestiniens\\\/219449\\\/\",\"name\":\"Donald Trump envisage d'annuler les visas \u00e9tudiants des manifestants pro-palestiniens\",\"isPartOf\":{\"@id\":\"https:\\\/\\\/www.webdo.tn\\\/fr\\\/#website\"},\"primaryImageOfPage\":{\"@id\":\"https:\\\/\\\/www.webdo.tn\\\/fr\\\/actualite\\\/international\\\/donald-trump-envisage-d-annuler-les-visas-etudiants-des-manifestants-pro-palestiniens\\\/219449\\\/#primaryimage\"},\"image\":{\"@id\":\"https:\\\/\\\/www.webdo.tn\\\/fr\\\/actualite\\\/international\\\/donald-trump-envisage-d-annuler-les-visas-etudiants-des-manifestants-pro-palestiniens\\\/219449\\\/#primaryimage\"},\"thumbnailUrl\":\"https:\\\/\\\/www.webdo.tn\\\/fr\\\/wp-content\\\/uploads\\\/2025\\\/05\\\/b1dad7549f2a8332eae0f803e96abb0a-2.webp\",\"datePublished\":\"2025-01-30T09:10:00+00:00\",\"dateModified\":\"2025-05-20T21:43:36+00:00\",\"description\":\"Le pr\u00e9sident am\u00e9ricain Donald Trump s'appr\u00eate \u00e0 signer un d\u00e9cret visant \u00e0 combattre l'antis\u00e9mitisme, incluant l'expulsion des \u00e9tudiants \u00e9trangers et d'autres pe...\",\"breadcrumb\":{\"@id\":\"https:\\\/\\\/www.webdo.tn\\\/fr\\\/actualite\\\/international\\\/donald-trump-envisage-d-annuler-les-visas-etudiants-des-manifestants-pro-palestiniens\\\/219449\\\/#breadcrumb\"},\"inLanguage\":\"fr-FR\",\"potentialAction\":[{\"@type\":\"ReadAction\",\"target\":[\"https:\\\/\\\/www.webdo.tn\\\/fr\\\/actualite\\\/international\\\/donald-trump-envisage-d-annuler-les-visas-etudiants-des-manifestants-pro-palestiniens\\\/219449\\\/\"]}]},{\"@type\":\"ImageObject\",\"inLanguage\":\"fr-FR\",\"@id\":\"https:\\\/\\\/www.webdo.tn\\\/fr\\\/actualite\\\/international\\\/donald-trump-envisage-d-annuler-les-visas-etudiants-des-manifestants-pro-palestiniens\\\/219449\\\/#primaryimage\",\"url\":\"https:\\\/\\\/www.webdo.tn\\\/fr\\\/wp-content\\\/uploads\\\/2025\\\/05\\\/b1dad7549f2a8332eae0f803e96abb0a-2.webp\",\"contentUrl\":\"https:\\\/\\\/www.webdo.tn\\\/fr\\\/wp-content\\\/uploads\\\/2025\\\/05\\\/b1dad7549f2a8332eae0f803e96abb0a-2.webp\",\"width\":750,\"height\":400},{\"@type\":\"BreadcrumbList\",\"@id\":\"https:\\\/\\\/www.webdo.tn\\\/fr\\\/actualite\\\/international\\\/donald-trump-envisage-d-annuler-les-visas-etudiants-des-manifestants-pro-palestiniens\\\/219449\\\/#breadcrumb\",\"itemListElement\":[{\"@type\":\"ListItem\",\"position\":1,\"name\":\"Accueil\",\"item\":\"https:\\\/\\\/www.webdo.tn\\\/fr\\\/\"},{\"@type\":\"ListItem\",\"position\":2,\"name\":\"Donald Trump envisage d&rsquo;annuler les visas \u00e9tudiants des manifestants pro-palestiniens\"}]},{\"@type\":\"WebSite\",\"@id\":\"https:\\\/\\\/www.webdo.tn\\\/fr\\\/#website\",\"url\":\"https:\\\/\\\/www.webdo.tn\\\/fr\\\/\",\"name\":\"webdo\",\"description\":\"Tunisie - News en Tunisie et \u00e0 l&#039;international sur Webdo.tn\",\"publisher\":{\"@id\":\"https:\\\/\\\/www.webdo.tn\\\/fr\\\/#organization\"},\"potentialAction\":[{\"@type\":\"SearchAction\",\"target\":{\"@type\":\"EntryPoint\",\"urlTemplate\":\"https:\\\/\\\/www.webdo.tn\\\/fr\\\/?s={search_term_string}\"},\"query-input\":{\"@type\":\"PropertyValueSpecification\",\"valueRequired\":true,\"valueName\":\"search_term_string\"}}],\"inLanguage\":\"fr-FR\"},{\"@type\":\"Organization\",\"@id\":\"https:\\\/\\\/www.webdo.tn\\\/fr\\\/#organization\",\"name\":\"Webdo\",\"alternateName\":\"Webdo.tn\",\"url\":\"https:\\\/\\\/www.webdo.tn\\\/fr\\\/\",\"logo\":{\"@type\":\"ImageObject\",\"inLanguage\":\"fr-FR\",\"@id\":\"https:\\\/\\\/www.webdo.tn\\\/fr\\\/#\\\/schema\\\/logo\\\/image\\\/\",\"url\":\"https:\\\/\\\/www.webdo.tn\\\/fr\\\/wp-content\\\/uploads\\\/2025\\\/06\\\/Webdo-Tunisie_168377.jpg\",\"contentUrl\":\"https:\\\/\\\/www.webdo.tn\\\/fr\\\/wp-content\\\/uploads\\\/2025\\\/06\\\/Webdo-Tunisie_168377.jpg\",\"width\":301,\"height\":301,\"caption\":\"Webdo\"},\"image\":{\"@id\":\"https:\\\/\\\/www.webdo.tn\\\/fr\\\/#\\\/schema\\\/logo\\\/image\\\/\"},\"sameAs\":[\"https:\\\/\\\/www.facebook.com\\\/webdotn\",\"https:\\\/\\\/x.com\\\/webdo_tn\"],\"description\":\"Webdo est un m\u00e9dia num\u00e9rique tunisien fond\u00e9 en 2010, sp\u00e9cialis\u00e9 dans l\u2019actualit\u00e9 nationale et internationale, l\u2019\u00e9conomie, la soci\u00e9t\u00e9 et les analyses politiques. Le site s\u2019adresse \u00e0 un large public francophone et couvre l\u2019information tunisienne en temps r\u00e9el.\",\"email\":\"redac@webdo.tn\",\"legalName\":\"YNJ SARL\",\"foundingDate\":\"2010-09-06\",\"numberOfEmployees\":{\"@type\":\"QuantitativeValue\",\"minValue\":\"11\",\"maxValue\":\"50\"}},{\"@type\":\"Person\",\"@id\":\"https:\\\/\\\/www.webdo.tn\\\/fr\\\/#\\\/schema\\\/person\\\/2c4929cbf5a809e3bd38617c6ce150f6\",\"name\":\"MC\",\"image\":{\"@type\":\"ImageObject\",\"inLanguage\":\"fr-FR\",\"@id\":\"https:\\\/\\\/secure.gravatar.com\\\/avatar\\\/a545bbb6f84efdd5553dbbc2895e3ca8f1d12c5215e00a041c9670b54aa9b18a?s=96&d=mm&r=g\",\"url\":\"https:\\\/\\\/secure.gravatar.com\\\/avatar\\\/a545bbb6f84efdd5553dbbc2895e3ca8f1d12c5215e00a041c9670b54aa9b18a?s=96&d=mm&r=g\",\"contentUrl\":\"https:\\\/\\\/secure.gravatar.com\\\/avatar\\\/a545bbb6f84efdd5553dbbc2895e3ca8f1d12c5215e00a041c9670b54aa9b18a?s=96&d=mm&r=g\",\"caption\":\"MC\"},\"url\":\"https:\\\/\\\/www.webdo.tn\\\/fr\\\/actualite\\\/author\\\/mc\\\/\"}]}<\/script>\n<!-- \/ Yoast SEO Premium plugin. -->","yoast_head_json":{"title":"Donald Trump envisage d'annuler les visas \u00e9tudiants des manifestants pro-palestiniens","description":"Le pr\u00e9sident am\u00e9ricain Donald Trump s'appr\u00eate \u00e0 signer un d\u00e9cret visant \u00e0 combattre l'antis\u00e9mitisme, incluant l'expulsion des \u00e9tudiants \u00e9trangers et d'autres pe...","canonical":"https:\/\/www.webdo.tn\/fr\/actualite\/international\/donald-trump-envisage-d-annuler-les-visas-etudiants-des-manifestants-pro-palestiniens\/219449\/","og_locale":"fr_FR","og_type":"article","og_title":"Donald Trump envisage d'annuler les visas \u00e9tudiants des manifestants pro-palestiniens","og_description":"Le pr\u00e9sident am\u00e9ricain Donald Trump s'appr\u00eate \u00e0 signer un d\u00e9cret visant \u00e0 combattre l'antis\u00e9mitisme, incluant l'expulsion des \u00e9tudiants \u00e9trangers et d'autres pe...","og_url":"https:\/\/www.webdo.tn\/fr\/actualite\/international\/donald-trump-envisage-d-annuler-les-visas-etudiants-des-manifestants-pro-palestiniens\/219449\/","og_site_name":"webdo","article_publisher":"https:\/\/www.facebook.com\/webdotn","article_published_time":"2025-01-30T09:10:00+00:00","article_modified_time":"2025-05-20T21:43:36+00:00","og_image":[{"width":750,"height":400,"url":"https:\/\/www.webdo.tn\/fr\/wp-content\/uploads\/2025\/05\/b1dad7549f2a8332eae0f803e96abb0a-2.webp","type":"image\/webp"}],"author":"MC","twitter_card":"summary_large_image","twitter_creator":"@webdo_tn","twitter_site":"@webdo_tn","twitter_misc":{"\u00c9crit par":"MC","Dur\u00e9e de lecture estim\u00e9e":"2 minutes"},"schema":{"@context":"https:\/\/schema.org","@graph":[{"@type":"NewsArticle","@id":"https:\/\/www.webdo.tn\/fr\/actualite\/international\/donald-trump-envisage-d-annuler-les-visas-etudiants-des-manifestants-pro-palestiniens\/219449\/#article","isPartOf":{"@id":"https:\/\/www.webdo.tn\/fr\/actualite\/international\/donald-trump-envisage-d-annuler-les-visas-etudiants-des-manifestants-pro-palestiniens\/219449\/"},"author":{"name":"MC","@id":"https:\/\/www.webdo.tn\/fr\/#\/schema\/person\/2c4929cbf5a809e3bd38617c6ce150f6"},"headline":"Donald Trump envisage d&rsquo;annuler les visas \u00e9tudiants des manifestants pro-palestiniens","datePublished":"2025-01-30T09:10:00+00:00","dateModified":"2025-05-20T21:43:36+00:00","mainEntityOfPage":{"@id":"https:\/\/www.webdo.tn\/fr\/actualite\/international\/donald-trump-envisage-d-annuler-les-visas-etudiants-des-manifestants-pro-palestiniens\/219449\/"},"wordCount":412,"commentCount":0,"publisher":{"@id":"https:\/\/www.webdo.tn\/fr\/#organization"},"image":{"@id":"https:\/\/www.webdo.tn\/fr\/actualite\/international\/donald-trump-envisage-d-annuler-les-visas-etudiants-des-manifestants-pro-palestiniens\/219449\/#primaryimage"},"thumbnailUrl":"https:\/\/www.webdo.tn\/fr\/wp-content\/uploads\/2025\/05\/b1dad7549f2a8332eae0f803e96abb0a-2.webp","keywords":["Donald Trump","Etats-Unis","Gaza","Hams","isra\u00ebl","Palestine"],"articleSection":["International"],"inLanguage":"fr-FR"},{"@type":"WebPage","@id":"https:\/\/www.webdo.tn\/fr\/actualite\/international\/donald-trump-envisage-d-annuler-les-visas-etudiants-des-manifestants-pro-palestiniens\/219449\/","url":"https:\/\/www.webdo.tn\/fr\/actualite\/international\/donald-trump-envisage-d-annuler-les-visas-etudiants-des-manifestants-pro-palestiniens\/219449\/","name":"Donald Trump envisage d'annuler les visas \u00e9tudiants des manifestants pro-palestiniens","isPartOf":{"@id":"https:\/\/www.webdo.tn\/fr\/#website"},"primaryImageOfPage":{"@id":"https:\/\/www.webdo.tn\/fr\/actualite\/international\/donald-trump-envisage-d-annuler-les-visas-etudiants-des-manifestants-pro-palestiniens\/219449\/#primaryimage"},"image":{"@id":"https:\/\/www.webdo.tn\/fr\/actualite\/international\/donald-trump-envisage-d-annuler-les-visas-etudiants-des-manifestants-pro-palestiniens\/219449\/#primaryimage"},"thumbnailUrl":"https:\/\/www.webdo.tn\/fr\/wp-content\/uploads\/2025\/05\/b1dad7549f2a8332eae0f803e96abb0a-2.webp","datePublished":"2025-01-30T09:10:00+00:00","dateModified":"2025-05-20T21:43:36+00:00","description":"Le pr\u00e9sident am\u00e9ricain Donald Trump s'appr\u00eate \u00e0 signer un d\u00e9cret visant \u00e0 combattre l'antis\u00e9mitisme, incluant l'expulsion des \u00e9tudiants \u00e9trangers et d'autres pe...","breadcrumb":{"@id":"https:\/\/www.webdo.tn\/fr\/actualite\/international\/donald-trump-envisage-d-annuler-les-visas-etudiants-des-manifestants-pro-palestiniens\/219449\/#breadcrumb"},"inLanguage":"fr-FR","potentialAction":[{"@type":"ReadAction","target":["https:\/\/www.webdo.tn\/fr\/actualite\/international\/donald-trump-envisage-d-annuler-les-visas-etudiants-des-manifestants-pro-palestiniens\/219449\/"]}]},{"@type":"ImageObject","inLanguage":"fr-FR","@id":"https:\/\/www.webdo.tn\/fr\/actualite\/international\/donald-trump-envisage-d-annuler-les-visas-etudiants-des-manifestants-pro-palestiniens\/219449\/#primaryimage","url":"https:\/\/www.webdo.tn\/fr\/wp-content\/uploads\/2025\/05\/b1dad7549f2a8332eae0f803e96abb0a-2.webp","contentUrl":"https:\/\/www.webdo.tn\/fr\/wp-content\/uploads\/2025\/05\/b1dad7549f2a8332eae0f803e96abb0a-2.webp","width":750,"height":400},{"@type":"BreadcrumbList","@id":"https:\/\/www.webdo.tn\/fr\/actualite\/international\/donald-trump-envisage-d-annuler-les-visas-etudiants-des-manifestants-pro-palestiniens\/219449\/#breadcrumb","itemListElement":[{"@type":"ListItem","position":1,"name":"Accueil","item":"https:\/\/www.webdo.tn\/fr\/"},{"@type":"ListItem","position":2,"name":"Donald Trump envisage d&rsquo;annuler les visas \u00e9tudiants des manifestants pro-palestiniens"}]},{"@type":"WebSite","@id":"https:\/\/www.webdo.tn\/fr\/#website","url":"https:\/\/www.webdo.tn\/fr\/","name":"webdo","description":"Tunisie - News en Tunisie et \u00e0 l&#039;international sur Webdo.tn","publisher":{"@id":"https:\/\/www.webdo.tn\/fr\/#organization"},"potentialAction":[{"@type":"SearchAction","target":{"@type":"EntryPoint","urlTemplate":"https:\/\/www.webdo.tn\/fr\/?s={search_term_string}"},"query-input":{"@type":"PropertyValueSpecification","valueRequired":true,"valueName":"search_term_string"}}],"inLanguage":"fr-FR"},{"@type":"Organization","@id":"https:\/\/www.webdo.tn\/fr\/#organization","name":"Webdo","alternateName":"Webdo.tn","url":"https:\/\/www.webdo.tn\/fr\/","logo":{"@type":"ImageObject","inLanguage":"fr-FR","@id":"https:\/\/www.webdo.tn\/fr\/#\/schema\/logo\/image\/","url":"https:\/\/www.webdo.tn\/fr\/wp-content\/uploads\/2025\/06\/Webdo-Tunisie_168377.jpg","contentUrl":"https:\/\/www.webdo.tn\/fr\/wp-content\/uploads\/2025\/06\/Webdo-Tunisie_168377.jpg","width":301,"height":301,"caption":"Webdo"},"image":{"@id":"https:\/\/www.webdo.tn\/fr\/#\/schema\/logo\/image\/"},"sameAs":["https:\/\/www.facebook.com\/webdotn","https:\/\/x.com\/webdo_tn"],"description":"Webdo est un m\u00e9dia num\u00e9rique tunisien fond\u00e9 en 2010, sp\u00e9cialis\u00e9 dans l\u2019actualit\u00e9 nationale et internationale, l\u2019\u00e9conomie, la soci\u00e9t\u00e9 et les analyses politiques. Le site s\u2019adresse \u00e0 un large public francophone et couvre l\u2019information tunisienne en temps r\u00e9el.","email":"redac@webdo.tn","legalName":"YNJ SARL","foundingDate":"2010-09-06","numberOfEmployees":{"@type":"QuantitativeValue","minValue":"11","maxValue":"50"}},{"@type":"Person","@id":"https:\/\/www.webdo.tn\/fr\/#\/schema\/person\/2c4929cbf5a809e3bd38617c6ce150f6","name":"MC","image":{"@type":"ImageObject","inLanguage":"fr-FR","@id":"https:\/\/secure.gravatar.com\/avatar\/a545bbb6f84efdd5553dbbc2895e3ca8f1d12c5215e00a041c9670b54aa9b18a?s=96&d=mm&r=g","url":"https:\/\/secure.gravatar.com\/avatar\/a545bbb6f84efdd5553dbbc2895e3ca8f1d12c5215e00a041c9670b54aa9b18a?s=96&d=mm&r=g","contentUrl":"https:\/\/secure.gravatar.com\/avatar\/a545bbb6f84efdd5553dbbc2895e3ca8f1d12c5215e00a041c9670b54aa9b18a?s=96&d=mm&r=g","caption":"MC"},"url":"https:\/\/www.webdo.tn\/fr\/actualite\/author\/mc\/"}]}},"_links":{"self":[{"href":"https:\/\/www.webdo.tn\/fr\/wp-json\/wp\/v2\/posts\/219449","targetHints":{"allow":["GET"]}}],"collection":[{"href":"https:\/\/www.webdo.tn\/fr\/wp-json\/wp\/v2\/posts"}],"about":[{"href":"https:\/\/www.webdo.tn\/fr\/wp-json\/wp\/v2\/types\/post"}],"author":[{"embeddable":true,"href":"https:\/\/www.webdo.tn\/fr\/wp-json\/wp\/v2\/users\/3162"}],"replies":[{"embeddable":true,"href":"https:\/\/www.webdo.tn\/fr\/wp-json\/wp\/v2\/comments?post=219449"}],"version-history":[{"count":0,"href":"https:\/\/www.webdo.tn\/fr\/wp-json\/wp\/v2\/posts\/219449\/revisions"}],"wp:featuredmedia":[{"embeddable":true,"href":"https:\/\/www.webdo.tn\/fr\/wp-json\/wp\/v2\/media\/242564"}],"wp:attachment":[{"href":"https:\/\/www.webdo.tn\/fr\/wp-json\/wp\/v2\/media?parent=219449"}],"wp:term":[{"taxonomy":"category","embeddable":true,"href":"https:\/\/www.webdo.tn\/fr\/wp-json\/wp\/v2\/categories?post=219449"},{"taxonomy":"post_tag","embeddable":true,"href":"https:\/\/www.webdo.tn\/fr\/wp-json\/wp\/v2\/tags?post=219449"}],"curies":[{"name":"wp","href":"https:\/\/api.w.org\/{rel}","templated":true}]}}