{"id":219441,"date":"2025-01-29T16:16:00","date_gmt":"2025-01-29T16:16:00","guid":{"rendered":"https:\/\/www.webdo.tn\/fr\/blog\/2025\/01\/29\/ligue-1-l-es-tunis-grimpe-a-la-2eme-place\/"},"modified":"2025-05-20T21:43:35","modified_gmt":"2025-05-20T21:43:35","slug":"ligue-1-l-es-tunis-grimpe-a-la-2eme-place","status":"publish","type":"post","link":"https:\/\/www.webdo.tn\/fr\/actualite\/sport\/ligue-1-l-es-tunis-grimpe-a-la-2eme-place\/219441\/","title":{"rendered":"Ligue 1 : L&rsquo;ES Tunis grimpe \u00e0 la 2\u00e8me place"},"content":{"rendered":"<p>L&rsquo;Esp\u00e9rance Sportive de Tunis a frapp\u00e9 un grand coup en allant s&rsquo;imposer aujourd&rsquo;hui \u00e0 Tataouine dans un match en retard comptant pour la 16\u00e8me journ\u00e9e de Ligue 1. Sa victoire sur le score de 2-0 face \u00e0 la lanterne rouge, l&rsquo;US Tataouine lui permet de grimper \u00e0 la 2\u00e8me place en compagnie du Club Africain et de l&rsquo;US Monastirienne (33 points) \u00e0 un point du leader stadiste.<\/p>\n<p>Les \u00ab\u00a0Sang et or\u00a0\u00bb n&rsquo;ont pas \u00e9prouv\u00e9 de difficult\u00e9s pour s&rsquo;imposer face \u00e0 une \u00e9quipe qui collectionne les d\u00e9faites. Mohamed Amine Ben Hamida (33&prime;) et Achraf Jabri (45&prime;) ont mat\u00e9rialis\u00e9 la sup\u00e9riorit\u00e9 des Esp\u00e9rantistes dans un match marqu\u00e9 par les blessures de trois joueurs \u00e0 la 16&prime; et qui ont \u00e9t\u00e9 transport\u00e9s \u00e0 l&rsquo;h\u00f4pital (Mohamed Ali Hosni de l&rsquo;UST, Sedki Debchi et Elyas Bouzaiene de l&rsquo;EST).<\/p>\n<p>La deuxi\u00e8me rencontre du jour a vu le CS Sfaxien battre difficilement au stade Taieb Mhiri l&rsquo;AS Gab\u00e8s sur le score de 1-0. Un but marqu\u00e9 par Firas Sakouhi \u00e0 la 76&prime; sur penalty. Mais les Clubistes sfaxiens se sont surtout illustr\u00e9s avec les deux expulsions enregistr\u00e9es dans leurs rangs.<\/p>\n<p>Malgr\u00e9 tout, ils remportent une victoire pr\u00e9cieuse synonyme de bouff\u00e9e d&rsquo;oxyg\u00e8ne apr\u00e8s une s\u00e9rie de mauvais r\u00e9sultats alors que l&rsquo;AS Gab\u00e8s continue de manger son pain noir.<\/p>\n<p>RESULTATS<\/p>\n<p>\tUST-EST 0-2<br \/>\n\tCSS-ASG 1-0<\/p>\n<p>CLASSEMENT<\/p>\n","protected":false},"excerpt":{"rendered":"<p>L&rsquo;Esp\u00e9rance Sportive de Tunis a frapp\u00e9 un grand coup en allant s&rsquo;imposer aujourd&rsquo;hui \u00e0 Tataouine dans un match en retard comptant pour la 16\u00e8me journ\u00e9e de Ligue 1. Sa victoire sur le score de 2-0 face \u00e0 la lanterne rouge, l&rsquo;US Tataouine lui permet de grimper \u00e0 la 2\u00e8me place en compagnie du Club Africain [&hellip;]<\/p>\n","protected":false},"author":3162,"featured_media":242556,"comment_status":"open","ping_status":"open","sticky":false,"template":"","format":"standard","meta":{"footnotes":""},"categories":[2593],"tags":[2622,2777,2608],"class_list":["post-219441","post","type-post","status-publish","format-standard","has-post-thumbnail","hentry","category-sport","tag-football","tag-ligue-1","tag-tunisie"],"yoast_head":"<!-- This site is optimized with the Yoast SEO Premium plugin v27.5 (Yoast SEO v27.5) - https:\/\/yoast.com\/product\/yoast-seo-premium-wordpress\/ -->\n<title>Ligue 1 : L&#039;ES Tunis grimpe \u00e0 la 2\u00e8me place<\/title>\n<link rel=\"canonical\" href=\"https:\/\/www.webdo.tn\/fr\/actualite\/sport\/ligue-1-l-es-tunis-grimpe-a-la-2eme-place\/219441\/\" \/>\n<meta property=\"og:locale\" content=\"fr_FR\" \/>\n<meta property=\"og:type\" content=\"article\" \/>\n<meta property=\"og:title\" content=\"Ligue 1 : L&#039;ES Tunis grimpe \u00e0 la 2\u00e8me place\" \/>\n<meta property=\"og:description\" content=\"L&rsquo;Esp\u00e9rance Sportive de Tunis a frapp\u00e9 un grand coup en allant s&rsquo;imposer aujourd&rsquo;hui \u00e0 Tataouine dans un match en retard comptant pour la 16\u00e8me journ\u00e9e de Ligue 1. Sa victoire sur le score de 2-0 face \u00e0 la lanterne rouge, l&rsquo;US Tataouine lui permet de grimper \u00e0 la 2\u00e8me place en compagnie du Club Africain [&hellip;]\" \/>\n<meta property=\"og:url\" content=\"https:\/\/www.webdo.tn\/fr\/actualite\/sport\/ligue-1-l-es-tunis-grimpe-a-la-2eme-place\/219441\/\" \/>\n<meta property=\"og:site_name\" content=\"webdo\" \/>\n<meta property=\"article:publisher\" content=\"https:\/\/www.facebook.com\/webdotn\" \/>\n<meta property=\"article:published_time\" content=\"2025-01-29T16:16:00+00:00\" \/>\n<meta property=\"article:modified_time\" content=\"2025-05-20T21:43:35+00:00\" \/>\n<meta property=\"og:image\" content=\"https:\/\/www.webdo.tn\/fr\/wp-content\/uploads\/2025\/05\/7ac0d742ab37fc14db9dbfbdfd0a7f07-2.webp\" \/>\n\t<meta property=\"og:image:width\" content=\"750\" \/>\n\t<meta property=\"og:image:height\" content=\"400\" \/>\n\t<meta property=\"og:image:type\" content=\"image\/webp\" \/>\n<meta name=\"author\" content=\"MC\" \/>\n<meta name=\"twitter:card\" content=\"summary_large_image\" \/>\n<meta name=\"twitter:creator\" content=\"@webdo_tn\" \/>\n<meta name=\"twitter:site\" content=\"@webdo_tn\" \/>\n<meta name=\"twitter:label1\" content=\"\u00c9crit par\" \/>\n\t<meta name=\"twitter:data1\" content=\"MC\" \/>\n\t<meta name=\"twitter:label2\" content=\"Dur\u00e9e de lecture estim\u00e9e\" \/>\n\t<meta name=\"twitter:data2\" content=\"1 minute\" \/>\n<script type=\"application\/ld+json\" class=\"yoast-schema-graph\">{\"@context\":\"https:\\\/\\\/schema.org\",\"@graph\":[{\"@type\":\"NewsArticle\",\"@id\":\"https:\\\/\\\/www.webdo.tn\\\/fr\\\/actualite\\\/sport\\\/ligue-1-l-es-tunis-grimpe-a-la-2eme-place\\\/219441\\\/#article\",\"isPartOf\":{\"@id\":\"https:\\\/\\\/www.webdo.tn\\\/fr\\\/actualite\\\/sport\\\/ligue-1-l-es-tunis-grimpe-a-la-2eme-place\\\/219441\\\/\"},\"author\":{\"name\":\"MC\",\"@id\":\"https:\\\/\\\/www.webdo.tn\\\/fr\\\/#\\\/schema\\\/person\\\/2c4929cbf5a809e3bd38617c6ce150f6\"},\"headline\":\"Ligue 1 : L&rsquo;ES Tunis grimpe \u00e0 la 2\u00e8me place\",\"datePublished\":\"2025-01-29T16:16:00+00:00\",\"dateModified\":\"2025-05-20T21:43:35+00:00\",\"mainEntityOfPage\":{\"@id\":\"https:\\\/\\\/www.webdo.tn\\\/fr\\\/actualite\\\/sport\\\/ligue-1-l-es-tunis-grimpe-a-la-2eme-place\\\/219441\\\/\"},\"wordCount\":243,\"commentCount\":0,\"publisher\":{\"@id\":\"https:\\\/\\\/www.webdo.tn\\\/fr\\\/#organization\"},\"image\":{\"@id\":\"https:\\\/\\\/www.webdo.tn\\\/fr\\\/actualite\\\/sport\\\/ligue-1-l-es-tunis-grimpe-a-la-2eme-place\\\/219441\\\/#primaryimage\"},\"thumbnailUrl\":\"https:\\\/\\\/www.webdo.tn\\\/fr\\\/wp-content\\\/uploads\\\/2025\\\/05\\\/7ac0d742ab37fc14db9dbfbdfd0a7f07-2.webp\",\"keywords\":[\"football\",\"Ligue 1\",\"Tunisie\"],\"articleSection\":[\"Sport\"],\"inLanguage\":\"fr-FR\"},{\"@type\":\"WebPage\",\"@id\":\"https:\\\/\\\/www.webdo.tn\\\/fr\\\/actualite\\\/sport\\\/ligue-1-l-es-tunis-grimpe-a-la-2eme-place\\\/219441\\\/\",\"url\":\"https:\\\/\\\/www.webdo.tn\\\/fr\\\/actualite\\\/sport\\\/ligue-1-l-es-tunis-grimpe-a-la-2eme-place\\\/219441\\\/\",\"name\":\"Ligue 1 : L'ES Tunis grimpe \u00e0 la 2\u00e8me place\",\"isPartOf\":{\"@id\":\"https:\\\/\\\/www.webdo.tn\\\/fr\\\/#website\"},\"primaryImageOfPage\":{\"@id\":\"https:\\\/\\\/www.webdo.tn\\\/fr\\\/actualite\\\/sport\\\/ligue-1-l-es-tunis-grimpe-a-la-2eme-place\\\/219441\\\/#primaryimage\"},\"image\":{\"@id\":\"https:\\\/\\\/www.webdo.tn\\\/fr\\\/actualite\\\/sport\\\/ligue-1-l-es-tunis-grimpe-a-la-2eme-place\\\/219441\\\/#primaryimage\"},\"thumbnailUrl\":\"https:\\\/\\\/www.webdo.tn\\\/fr\\\/wp-content\\\/uploads\\\/2025\\\/05\\\/7ac0d742ab37fc14db9dbfbdfd0a7f07-2.webp\",\"datePublished\":\"2025-01-29T16:16:00+00:00\",\"dateModified\":\"2025-05-20T21:43:35+00:00\",\"breadcrumb\":{\"@id\":\"https:\\\/\\\/www.webdo.tn\\\/fr\\\/actualite\\\/sport\\\/ligue-1-l-es-tunis-grimpe-a-la-2eme-place\\\/219441\\\/#breadcrumb\"},\"inLanguage\":\"fr-FR\",\"potentialAction\":[{\"@type\":\"ReadAction\",\"target\":[\"https:\\\/\\\/www.webdo.tn\\\/fr\\\/actualite\\\/sport\\\/ligue-1-l-es-tunis-grimpe-a-la-2eme-place\\\/219441\\\/\"]}]},{\"@type\":\"ImageObject\",\"inLanguage\":\"fr-FR\",\"@id\":\"https:\\\/\\\/www.webdo.tn\\\/fr\\\/actualite\\\/sport\\\/ligue-1-l-es-tunis-grimpe-a-la-2eme-place\\\/219441\\\/#primaryimage\",\"url\":\"https:\\\/\\\/www.webdo.tn\\\/fr\\\/wp-content\\\/uploads\\\/2025\\\/05\\\/7ac0d742ab37fc14db9dbfbdfd0a7f07-2.webp\",\"contentUrl\":\"https:\\\/\\\/www.webdo.tn\\\/fr\\\/wp-content\\\/uploads\\\/2025\\\/05\\\/7ac0d742ab37fc14db9dbfbdfd0a7f07-2.webp\",\"width\":750,\"height\":400},{\"@type\":\"BreadcrumbList\",\"@id\":\"https:\\\/\\\/www.webdo.tn\\\/fr\\\/actualite\\\/sport\\\/ligue-1-l-es-tunis-grimpe-a-la-2eme-place\\\/219441\\\/#breadcrumb\",\"itemListElement\":[{\"@type\":\"ListItem\",\"position\":1,\"name\":\"Accueil\",\"item\":\"https:\\\/\\\/www.webdo.tn\\\/fr\\\/\"},{\"@type\":\"ListItem\",\"position\":2,\"name\":\"Ligue 1 : L&rsquo;ES Tunis grimpe \u00e0 la 2\u00e8me place\"}]},{\"@type\":\"WebSite\",\"@id\":\"https:\\\/\\\/www.webdo.tn\\\/fr\\\/#website\",\"url\":\"https:\\\/\\\/www.webdo.tn\\\/fr\\\/\",\"name\":\"webdo\",\"description\":\"Tunisie - News en Tunisie et \u00e0 l&#039;international sur Webdo.tn\",\"publisher\":{\"@id\":\"https:\\\/\\\/www.webdo.tn\\\/fr\\\/#organization\"},\"potentialAction\":[{\"@type\":\"SearchAction\",\"target\":{\"@type\":\"EntryPoint\",\"urlTemplate\":\"https:\\\/\\\/www.webdo.tn\\\/fr\\\/?s={search_term_string}\"},\"query-input\":{\"@type\":\"PropertyValueSpecification\",\"valueRequired\":true,\"valueName\":\"search_term_string\"}}],\"inLanguage\":\"fr-FR\"},{\"@type\":\"Organization\",\"@id\":\"https:\\\/\\\/www.webdo.tn\\\/fr\\\/#organization\",\"name\":\"Webdo\",\"alternateName\":\"Webdo.tn\",\"url\":\"https:\\\/\\\/www.webdo.tn\\\/fr\\\/\",\"logo\":{\"@type\":\"ImageObject\",\"inLanguage\":\"fr-FR\",\"@id\":\"https:\\\/\\\/www.webdo.tn\\\/fr\\\/#\\\/schema\\\/logo\\\/image\\\/\",\"url\":\"https:\\\/\\\/www.webdo.tn\\\/fr\\\/wp-content\\\/uploads\\\/2025\\\/06\\\/Webdo-Tunisie_168377.jpg\",\"contentUrl\":\"https:\\\/\\\/www.webdo.tn\\\/fr\\\/wp-content\\\/uploads\\\/2025\\\/06\\\/Webdo-Tunisie_168377.jpg\",\"width\":301,\"height\":301,\"caption\":\"Webdo\"},\"image\":{\"@id\":\"https:\\\/\\\/www.webdo.tn\\\/fr\\\/#\\\/schema\\\/logo\\\/image\\\/\"},\"sameAs\":[\"https:\\\/\\\/www.facebook.com\\\/webdotn\",\"https:\\\/\\\/x.com\\\/webdo_tn\"],\"description\":\"Webdo est un m\u00e9dia num\u00e9rique tunisien fond\u00e9 en 2010, sp\u00e9cialis\u00e9 dans l\u2019actualit\u00e9 nationale et internationale, l\u2019\u00e9conomie, la soci\u00e9t\u00e9 et les analyses politiques. Le site s\u2019adresse \u00e0 un large public francophone et couvre l\u2019information tunisienne en temps r\u00e9el.\",\"email\":\"redac@webdo.tn\",\"legalName\":\"YNJ SARL\",\"foundingDate\":\"2010-09-06\",\"numberOfEmployees\":{\"@type\":\"QuantitativeValue\",\"minValue\":\"11\",\"maxValue\":\"50\"}},{\"@type\":\"Person\",\"@id\":\"https:\\\/\\\/www.webdo.tn\\\/fr\\\/#\\\/schema\\\/person\\\/2c4929cbf5a809e3bd38617c6ce150f6\",\"name\":\"MC\",\"image\":{\"@type\":\"ImageObject\",\"inLanguage\":\"fr-FR\",\"@id\":\"https:\\\/\\\/secure.gravatar.com\\\/avatar\\\/a545bbb6f84efdd5553dbbc2895e3ca8f1d12c5215e00a041c9670b54aa9b18a?s=96&d=mm&r=g\",\"url\":\"https:\\\/\\\/secure.gravatar.com\\\/avatar\\\/a545bbb6f84efdd5553dbbc2895e3ca8f1d12c5215e00a041c9670b54aa9b18a?s=96&d=mm&r=g\",\"contentUrl\":\"https:\\\/\\\/secure.gravatar.com\\\/avatar\\\/a545bbb6f84efdd5553dbbc2895e3ca8f1d12c5215e00a041c9670b54aa9b18a?s=96&d=mm&r=g\",\"caption\":\"MC\"},\"url\":\"https:\\\/\\\/www.webdo.tn\\\/fr\\\/actualite\\\/author\\\/mc\\\/\"}]}<\/script>\n<!-- \/ Yoast SEO Premium plugin. -->","yoast_head_json":{"title":"Ligue 1 : L'ES Tunis grimpe \u00e0 la 2\u00e8me place","canonical":"https:\/\/www.webdo.tn\/fr\/actualite\/sport\/ligue-1-l-es-tunis-grimpe-a-la-2eme-place\/219441\/","og_locale":"fr_FR","og_type":"article","og_title":"Ligue 1 : L'ES Tunis grimpe \u00e0 la 2\u00e8me place","og_description":"L&rsquo;Esp\u00e9rance Sportive de Tunis a frapp\u00e9 un grand coup en allant s&rsquo;imposer aujourd&rsquo;hui \u00e0 Tataouine dans un match en retard comptant pour la 16\u00e8me journ\u00e9e de Ligue 1. Sa victoire sur le score de 2-0 face \u00e0 la lanterne rouge, l&rsquo;US Tataouine lui permet de grimper \u00e0 la 2\u00e8me place en compagnie du Club Africain [&hellip;]","og_url":"https:\/\/www.webdo.tn\/fr\/actualite\/sport\/ligue-1-l-es-tunis-grimpe-a-la-2eme-place\/219441\/","og_site_name":"webdo","article_publisher":"https:\/\/www.facebook.com\/webdotn","article_published_time":"2025-01-29T16:16:00+00:00","article_modified_time":"2025-05-20T21:43:35+00:00","og_image":[{"width":750,"height":400,"url":"https:\/\/www.webdo.tn\/fr\/wp-content\/uploads\/2025\/05\/7ac0d742ab37fc14db9dbfbdfd0a7f07-2.webp","type":"image\/webp"}],"author":"MC","twitter_card":"summary_large_image","twitter_creator":"@webdo_tn","twitter_site":"@webdo_tn","twitter_misc":{"\u00c9crit par":"MC","Dur\u00e9e de lecture estim\u00e9e":"1 minute"},"schema":{"@context":"https:\/\/schema.org","@graph":[{"@type":"NewsArticle","@id":"https:\/\/www.webdo.tn\/fr\/actualite\/sport\/ligue-1-l-es-tunis-grimpe-a-la-2eme-place\/219441\/#article","isPartOf":{"@id":"https:\/\/www.webdo.tn\/fr\/actualite\/sport\/ligue-1-l-es-tunis-grimpe-a-la-2eme-place\/219441\/"},"author":{"name":"MC","@id":"https:\/\/www.webdo.tn\/fr\/#\/schema\/person\/2c4929cbf5a809e3bd38617c6ce150f6"},"headline":"Ligue 1 : L&rsquo;ES Tunis grimpe \u00e0 la 2\u00e8me place","datePublished":"2025-01-29T16:16:00+00:00","dateModified":"2025-05-20T21:43:35+00:00","mainEntityOfPage":{"@id":"https:\/\/www.webdo.tn\/fr\/actualite\/sport\/ligue-1-l-es-tunis-grimpe-a-la-2eme-place\/219441\/"},"wordCount":243,"commentCount":0,"publisher":{"@id":"https:\/\/www.webdo.tn\/fr\/#organization"},"image":{"@id":"https:\/\/www.webdo.tn\/fr\/actualite\/sport\/ligue-1-l-es-tunis-grimpe-a-la-2eme-place\/219441\/#primaryimage"},"thumbnailUrl":"https:\/\/www.webdo.tn\/fr\/wp-content\/uploads\/2025\/05\/7ac0d742ab37fc14db9dbfbdfd0a7f07-2.webp","keywords":["football","Ligue 1","Tunisie"],"articleSection":["Sport"],"inLanguage":"fr-FR"},{"@type":"WebPage","@id":"https:\/\/www.webdo.tn\/fr\/actualite\/sport\/ligue-1-l-es-tunis-grimpe-a-la-2eme-place\/219441\/","url":"https:\/\/www.webdo.tn\/fr\/actualite\/sport\/ligue-1-l-es-tunis-grimpe-a-la-2eme-place\/219441\/","name":"Ligue 1 : L'ES Tunis grimpe \u00e0 la 2\u00e8me place","isPartOf":{"@id":"https:\/\/www.webdo.tn\/fr\/#website"},"primaryImageOfPage":{"@id":"https:\/\/www.webdo.tn\/fr\/actualite\/sport\/ligue-1-l-es-tunis-grimpe-a-la-2eme-place\/219441\/#primaryimage"},"image":{"@id":"https:\/\/www.webdo.tn\/fr\/actualite\/sport\/ligue-1-l-es-tunis-grimpe-a-la-2eme-place\/219441\/#primaryimage"},"thumbnailUrl":"https:\/\/www.webdo.tn\/fr\/wp-content\/uploads\/2025\/05\/7ac0d742ab37fc14db9dbfbdfd0a7f07-2.webp","datePublished":"2025-01-29T16:16:00+00:00","dateModified":"2025-05-20T21:43:35+00:00","breadcrumb":{"@id":"https:\/\/www.webdo.tn\/fr\/actualite\/sport\/ligue-1-l-es-tunis-grimpe-a-la-2eme-place\/219441\/#breadcrumb"},"inLanguage":"fr-FR","potentialAction":[{"@type":"ReadAction","target":["https:\/\/www.webdo.tn\/fr\/actualite\/sport\/ligue-1-l-es-tunis-grimpe-a-la-2eme-place\/219441\/"]}]},{"@type":"ImageObject","inLanguage":"fr-FR","@id":"https:\/\/www.webdo.tn\/fr\/actualite\/sport\/ligue-1-l-es-tunis-grimpe-a-la-2eme-place\/219441\/#primaryimage","url":"https:\/\/www.webdo.tn\/fr\/wp-content\/uploads\/2025\/05\/7ac0d742ab37fc14db9dbfbdfd0a7f07-2.webp","contentUrl":"https:\/\/www.webdo.tn\/fr\/wp-content\/uploads\/2025\/05\/7ac0d742ab37fc14db9dbfbdfd0a7f07-2.webp","width":750,"height":400},{"@type":"BreadcrumbList","@id":"https:\/\/www.webdo.tn\/fr\/actualite\/sport\/ligue-1-l-es-tunis-grimpe-a-la-2eme-place\/219441\/#breadcrumb","itemListElement":[{"@type":"ListItem","position":1,"name":"Accueil","item":"https:\/\/www.webdo.tn\/fr\/"},{"@type":"ListItem","position":2,"name":"Ligue 1 : L&rsquo;ES Tunis grimpe \u00e0 la 2\u00e8me place"}]},{"@type":"WebSite","@id":"https:\/\/www.webdo.tn\/fr\/#website","url":"https:\/\/www.webdo.tn\/fr\/","name":"webdo","description":"Tunisie - News en Tunisie et \u00e0 l&#039;international sur Webdo.tn","publisher":{"@id":"https:\/\/www.webdo.tn\/fr\/#organization"},"potentialAction":[{"@type":"SearchAction","target":{"@type":"EntryPoint","urlTemplate":"https:\/\/www.webdo.tn\/fr\/?s={search_term_string}"},"query-input":{"@type":"PropertyValueSpecification","valueRequired":true,"valueName":"search_term_string"}}],"inLanguage":"fr-FR"},{"@type":"Organization","@id":"https:\/\/www.webdo.tn\/fr\/#organization","name":"Webdo","alternateName":"Webdo.tn","url":"https:\/\/www.webdo.tn\/fr\/","logo":{"@type":"ImageObject","inLanguage":"fr-FR","@id":"https:\/\/www.webdo.tn\/fr\/#\/schema\/logo\/image\/","url":"https:\/\/www.webdo.tn\/fr\/wp-content\/uploads\/2025\/06\/Webdo-Tunisie_168377.jpg","contentUrl":"https:\/\/www.webdo.tn\/fr\/wp-content\/uploads\/2025\/06\/Webdo-Tunisie_168377.jpg","width":301,"height":301,"caption":"Webdo"},"image":{"@id":"https:\/\/www.webdo.tn\/fr\/#\/schema\/logo\/image\/"},"sameAs":["https:\/\/www.facebook.com\/webdotn","https:\/\/x.com\/webdo_tn"],"description":"Webdo est un m\u00e9dia num\u00e9rique tunisien fond\u00e9 en 2010, sp\u00e9cialis\u00e9 dans l\u2019actualit\u00e9 nationale et internationale, l\u2019\u00e9conomie, la soci\u00e9t\u00e9 et les analyses politiques. Le site s\u2019adresse \u00e0 un large public francophone et couvre l\u2019information tunisienne en temps r\u00e9el.","email":"redac@webdo.tn","legalName":"YNJ SARL","foundingDate":"2010-09-06","numberOfEmployees":{"@type":"QuantitativeValue","minValue":"11","maxValue":"50"}},{"@type":"Person","@id":"https:\/\/www.webdo.tn\/fr\/#\/schema\/person\/2c4929cbf5a809e3bd38617c6ce150f6","name":"MC","image":{"@type":"ImageObject","inLanguage":"fr-FR","@id":"https:\/\/secure.gravatar.com\/avatar\/a545bbb6f84efdd5553dbbc2895e3ca8f1d12c5215e00a041c9670b54aa9b18a?s=96&d=mm&r=g","url":"https:\/\/secure.gravatar.com\/avatar\/a545bbb6f84efdd5553dbbc2895e3ca8f1d12c5215e00a041c9670b54aa9b18a?s=96&d=mm&r=g","contentUrl":"https:\/\/secure.gravatar.com\/avatar\/a545bbb6f84efdd5553dbbc2895e3ca8f1d12c5215e00a041c9670b54aa9b18a?s=96&d=mm&r=g","caption":"MC"},"url":"https:\/\/www.webdo.tn\/fr\/actualite\/author\/mc\/"}]}},"_links":{"self":[{"href":"https:\/\/www.webdo.tn\/fr\/wp-json\/wp\/v2\/posts\/219441","targetHints":{"allow":["GET"]}}],"collection":[{"href":"https:\/\/www.webdo.tn\/fr\/wp-json\/wp\/v2\/posts"}],"about":[{"href":"https:\/\/www.webdo.tn\/fr\/wp-json\/wp\/v2\/types\/post"}],"author":[{"embeddable":true,"href":"https:\/\/www.webdo.tn\/fr\/wp-json\/wp\/v2\/users\/3162"}],"replies":[{"embeddable":true,"href":"https:\/\/www.webdo.tn\/fr\/wp-json\/wp\/v2\/comments?post=219441"}],"version-history":[{"count":0,"href":"https:\/\/www.webdo.tn\/fr\/wp-json\/wp\/v2\/posts\/219441\/revisions"}],"wp:featuredmedia":[{"embeddable":true,"href":"https:\/\/www.webdo.tn\/fr\/wp-json\/wp\/v2\/media\/242556"}],"wp:attachment":[{"href":"https:\/\/www.webdo.tn\/fr\/wp-json\/wp\/v2\/media?parent=219441"}],"wp:term":[{"taxonomy":"category","embeddable":true,"href":"https:\/\/www.webdo.tn\/fr\/wp-json\/wp\/v2\/categories?post=219441"},{"taxonomy":"post_tag","embeddable":true,"href":"https:\/\/www.webdo.tn\/fr\/wp-json\/wp\/v2\/tags?post=219441"}],"curies":[{"name":"wp","href":"https:\/\/api.w.org\/{rel}","templated":true}]}}