{"id":219439,"date":"2025-01-29T14:30:00","date_gmt":"2025-01-29T14:30:00","guid":{"rendered":"https:\/\/www.webdo.tn\/fr\/blog\/2025\/01\/29\/tunisie-mobilisation-des-surveillants-greve-et-journee-de-protestation-en-fevrier\/"},"modified":"2025-05-20T21:43:34","modified_gmt":"2025-05-20T21:43:34","slug":"tunisie-mobilisation-des-surveillants-greve-et-journee-de-protestation-en-fevrier","status":"publish","type":"post","link":"https:\/\/www.webdo.tn\/fr\/actualite\/national\/tunisie-mobilisation-des-surveillants-greve-et-journee-de-protestation-en-fevrier\/219439\/","title":{"rendered":"Tunisie &#8211; Mobilisation des surveillants : gr\u00e8ve et journ\u00e9e de protestation en f\u00e9vrier"},"content":{"rendered":"<p>La F\u00e9d\u00e9ration g\u00e9n\u00e9rale des surveillants et surveillants g\u00e9n\u00e9raux a annonc\u00e9, ce mardi 28 janvier 2025, une s\u00e9rie de mouvements de protestation pour faire valoir ses revendications.<\/p>\n<p>Une \u00ab\u00a0journ\u00e9e de col\u00e8re nationale\u00a0\u00bb est pr\u00e9vue le jeudi 6 f\u00e9vrier, suivie d\u2019une gr\u00e8ve d\u2019une journ\u00e9e le jeudi 27 f\u00e9vrier. \u00a0<\/p>\n<p>Ces actions visent \u00e0 obtenir la publication de plusieurs d\u00e9crets portant sur la r\u00e9vision du statut g\u00e9n\u00e9ral, l\u2019indemnit\u00e9 des charges p\u00e9dagogiques et son augmentation.<\/p>\n<p>Parmi les autres revendications figurent l\u2019ouverture d\u2019un concours de recrutement, la r\u00e9gularisation des surveillants contractuels et l\u2019application des accords conclus lors des pr\u00e9c\u00e9dentes n\u00e9gociations.<\/p>\n","protected":false},"excerpt":{"rendered":"<p>La F\u00e9d\u00e9ration g\u00e9n\u00e9rale des surveillants et surveillants g\u00e9n\u00e9raux a annonc\u00e9, ce mardi 28 janvier 2025, une s\u00e9rie de mouvements de protestation pour faire valoir&#8230;<\/p>\n","protected":false},"author":3162,"featured_media":242552,"comment_status":"open","ping_status":"open","sticky":false,"template":"","format":"standard","meta":{"footnotes":""},"categories":[44],"tags":[2634,2828,2647,4190,4191,2829,2608],"class_list":["post-219439","post","type-post","status-publish","format-standard","has-post-thumbnail","hentry","category-national","tag-education","tag-enseignement","tag-greve","tag-journee-de-colere","tag-revendications","tag-surveillants","tag-tunisie"],"yoast_head":"<!-- This site is optimized with the Yoast SEO Premium plugin v27.5 (Yoast SEO v27.5) - https:\/\/yoast.com\/product\/yoast-seo-premium-wordpress\/ -->\n<title>Tunisie - Mobilisation des surveillants : gr\u00e8ve et journ\u00e9e de protestation en f\u00e9vrier<\/title>\n<meta name=\"description\" content=\"La F\u00e9d\u00e9ration g\u00e9n\u00e9rale des surveillants et surveillants g\u00e9n\u00e9raux a annonc\u00e9, ce mardi 28 janvier 2025, une s\u00e9rie de mouvements de protestation pour faire valoir...\" \/>\n<link rel=\"canonical\" href=\"https:\/\/www.webdo.tn\/fr\/actualite\/national\/tunisie-mobilisation-des-surveillants-greve-et-journee-de-protestation-en-fevrier\/219439\/\" \/>\n<meta property=\"og:locale\" content=\"fr_FR\" \/>\n<meta property=\"og:type\" content=\"article\" \/>\n<meta property=\"og:title\" content=\"Tunisie - Mobilisation des surveillants : gr\u00e8ve et journ\u00e9e de protestation en f\u00e9vrier\" \/>\n<meta property=\"og:description\" content=\"La F\u00e9d\u00e9ration g\u00e9n\u00e9rale des surveillants et surveillants g\u00e9n\u00e9raux a annonc\u00e9, ce mardi 28 janvier 2025, une s\u00e9rie de mouvements de protestation pour faire valoir...\" \/>\n<meta property=\"og:url\" content=\"https:\/\/www.webdo.tn\/fr\/actualite\/national\/tunisie-mobilisation-des-surveillants-greve-et-journee-de-protestation-en-fevrier\/219439\/\" \/>\n<meta property=\"og:site_name\" content=\"webdo\" \/>\n<meta property=\"article:publisher\" content=\"https:\/\/www.facebook.com\/webdotn\" \/>\n<meta property=\"article:published_time\" content=\"2025-01-29T14:30:00+00:00\" \/>\n<meta property=\"article:modified_time\" content=\"2025-05-20T21:43:34+00:00\" \/>\n<meta property=\"og:image\" content=\"https:\/\/www.webdo.tn\/fr\/wp-content\/uploads\/2025\/05\/64c0daadf6c0202172d8c99de8e2eb4b-2.webp\" \/>\n\t<meta property=\"og:image:width\" content=\"710\" \/>\n\t<meta property=\"og:image:height\" content=\"379\" \/>\n\t<meta property=\"og:image:type\" content=\"image\/webp\" \/>\n<meta name=\"author\" content=\"MC\" \/>\n<meta name=\"twitter:card\" content=\"summary_large_image\" \/>\n<meta name=\"twitter:creator\" content=\"@webdo_tn\" \/>\n<meta name=\"twitter:site\" content=\"@webdo_tn\" \/>\n<meta name=\"twitter:label1\" content=\"\u00c9crit par\" \/>\n\t<meta name=\"twitter:data1\" content=\"MC\" \/>\n\t<meta name=\"twitter:label2\" content=\"Dur\u00e9e de lecture estim\u00e9e\" \/>\n\t<meta name=\"twitter:data2\" content=\"1 minute\" \/>\n<script type=\"application\/ld+json\" class=\"yoast-schema-graph\">{\"@context\":\"https:\\\/\\\/schema.org\",\"@graph\":[{\"@type\":\"NewsArticle\",\"@id\":\"https:\\\/\\\/www.webdo.tn\\\/fr\\\/actualite\\\/national\\\/tunisie-mobilisation-des-surveillants-greve-et-journee-de-protestation-en-fevrier\\\/219439\\\/#article\",\"isPartOf\":{\"@id\":\"https:\\\/\\\/www.webdo.tn\\\/fr\\\/actualite\\\/national\\\/tunisie-mobilisation-des-surveillants-greve-et-journee-de-protestation-en-fevrier\\\/219439\\\/\"},\"author\":{\"name\":\"MC\",\"@id\":\"https:\\\/\\\/www.webdo.tn\\\/fr\\\/#\\\/schema\\\/person\\\/2c4929cbf5a809e3bd38617c6ce150f6\"},\"headline\":\"Tunisie &#8211; Mobilisation des surveillants : gr\u00e8ve et journ\u00e9e de protestation en f\u00e9vrier\",\"datePublished\":\"2025-01-29T14:30:00+00:00\",\"dateModified\":\"2025-05-20T21:43:34+00:00\",\"mainEntityOfPage\":{\"@id\":\"https:\\\/\\\/www.webdo.tn\\\/fr\\\/actualite\\\/national\\\/tunisie-mobilisation-des-surveillants-greve-et-journee-de-protestation-en-fevrier\\\/219439\\\/\"},\"wordCount\":133,\"commentCount\":0,\"publisher\":{\"@id\":\"https:\\\/\\\/www.webdo.tn\\\/fr\\\/#organization\"},\"image\":{\"@id\":\"https:\\\/\\\/www.webdo.tn\\\/fr\\\/actualite\\\/national\\\/tunisie-mobilisation-des-surveillants-greve-et-journee-de-protestation-en-fevrier\\\/219439\\\/#primaryimage\"},\"thumbnailUrl\":\"https:\\\/\\\/www.webdo.tn\\\/fr\\\/wp-content\\\/uploads\\\/2025\\\/05\\\/64c0daadf6c0202172d8c99de8e2eb4b-2.webp\",\"keywords\":[\"\u00e9ducation\",\"enseignement\",\"Gr\u00e8ve\",\"journ\u00e9e de col\u00e8re\",\"revendications\",\"surveillants\",\"Tunisie\"],\"articleSection\":[\"National\"],\"inLanguage\":\"fr-FR\"},{\"@type\":\"WebPage\",\"@id\":\"https:\\\/\\\/www.webdo.tn\\\/fr\\\/actualite\\\/national\\\/tunisie-mobilisation-des-surveillants-greve-et-journee-de-protestation-en-fevrier\\\/219439\\\/\",\"url\":\"https:\\\/\\\/www.webdo.tn\\\/fr\\\/actualite\\\/national\\\/tunisie-mobilisation-des-surveillants-greve-et-journee-de-protestation-en-fevrier\\\/219439\\\/\",\"name\":\"Tunisie - Mobilisation des surveillants : gr\u00e8ve et journ\u00e9e de protestation en f\u00e9vrier\",\"isPartOf\":{\"@id\":\"https:\\\/\\\/www.webdo.tn\\\/fr\\\/#website\"},\"primaryImageOfPage\":{\"@id\":\"https:\\\/\\\/www.webdo.tn\\\/fr\\\/actualite\\\/national\\\/tunisie-mobilisation-des-surveillants-greve-et-journee-de-protestation-en-fevrier\\\/219439\\\/#primaryimage\"},\"image\":{\"@id\":\"https:\\\/\\\/www.webdo.tn\\\/fr\\\/actualite\\\/national\\\/tunisie-mobilisation-des-surveillants-greve-et-journee-de-protestation-en-fevrier\\\/219439\\\/#primaryimage\"},\"thumbnailUrl\":\"https:\\\/\\\/www.webdo.tn\\\/fr\\\/wp-content\\\/uploads\\\/2025\\\/05\\\/64c0daadf6c0202172d8c99de8e2eb4b-2.webp\",\"datePublished\":\"2025-01-29T14:30:00+00:00\",\"dateModified\":\"2025-05-20T21:43:34+00:00\",\"description\":\"La F\u00e9d\u00e9ration g\u00e9n\u00e9rale des surveillants et surveillants g\u00e9n\u00e9raux a annonc\u00e9, ce mardi 28 janvier 2025, une s\u00e9rie de mouvements de protestation pour faire valoir...\",\"breadcrumb\":{\"@id\":\"https:\\\/\\\/www.webdo.tn\\\/fr\\\/actualite\\\/national\\\/tunisie-mobilisation-des-surveillants-greve-et-journee-de-protestation-en-fevrier\\\/219439\\\/#breadcrumb\"},\"inLanguage\":\"fr-FR\",\"potentialAction\":[{\"@type\":\"ReadAction\",\"target\":[\"https:\\\/\\\/www.webdo.tn\\\/fr\\\/actualite\\\/national\\\/tunisie-mobilisation-des-surveillants-greve-et-journee-de-protestation-en-fevrier\\\/219439\\\/\"]}]},{\"@type\":\"ImageObject\",\"inLanguage\":\"fr-FR\",\"@id\":\"https:\\\/\\\/www.webdo.tn\\\/fr\\\/actualite\\\/national\\\/tunisie-mobilisation-des-surveillants-greve-et-journee-de-protestation-en-fevrier\\\/219439\\\/#primaryimage\",\"url\":\"https:\\\/\\\/www.webdo.tn\\\/fr\\\/wp-content\\\/uploads\\\/2025\\\/05\\\/64c0daadf6c0202172d8c99de8e2eb4b-2.webp\",\"contentUrl\":\"https:\\\/\\\/www.webdo.tn\\\/fr\\\/wp-content\\\/uploads\\\/2025\\\/05\\\/64c0daadf6c0202172d8c99de8e2eb4b-2.webp\",\"width\":710,\"height\":379},{\"@type\":\"BreadcrumbList\",\"@id\":\"https:\\\/\\\/www.webdo.tn\\\/fr\\\/actualite\\\/national\\\/tunisie-mobilisation-des-surveillants-greve-et-journee-de-protestation-en-fevrier\\\/219439\\\/#breadcrumb\",\"itemListElement\":[{\"@type\":\"ListItem\",\"position\":1,\"name\":\"Accueil\",\"item\":\"https:\\\/\\\/www.webdo.tn\\\/fr\\\/\"},{\"@type\":\"ListItem\",\"position\":2,\"name\":\"Tunisie &#8211; Mobilisation des surveillants : gr\u00e8ve et journ\u00e9e de protestation en f\u00e9vrier\"}]},{\"@type\":\"WebSite\",\"@id\":\"https:\\\/\\\/www.webdo.tn\\\/fr\\\/#website\",\"url\":\"https:\\\/\\\/www.webdo.tn\\\/fr\\\/\",\"name\":\"webdo\",\"description\":\"Tunisie - News en Tunisie et \u00e0 l&#039;international sur Webdo.tn\",\"publisher\":{\"@id\":\"https:\\\/\\\/www.webdo.tn\\\/fr\\\/#organization\"},\"potentialAction\":[{\"@type\":\"SearchAction\",\"target\":{\"@type\":\"EntryPoint\",\"urlTemplate\":\"https:\\\/\\\/www.webdo.tn\\\/fr\\\/?s={search_term_string}\"},\"query-input\":{\"@type\":\"PropertyValueSpecification\",\"valueRequired\":true,\"valueName\":\"search_term_string\"}}],\"inLanguage\":\"fr-FR\"},{\"@type\":\"Organization\",\"@id\":\"https:\\\/\\\/www.webdo.tn\\\/fr\\\/#organization\",\"name\":\"Webdo\",\"alternateName\":\"Webdo.tn\",\"url\":\"https:\\\/\\\/www.webdo.tn\\\/fr\\\/\",\"logo\":{\"@type\":\"ImageObject\",\"inLanguage\":\"fr-FR\",\"@id\":\"https:\\\/\\\/www.webdo.tn\\\/fr\\\/#\\\/schema\\\/logo\\\/image\\\/\",\"url\":\"https:\\\/\\\/www.webdo.tn\\\/fr\\\/wp-content\\\/uploads\\\/2025\\\/06\\\/Webdo-Tunisie_168377.jpg\",\"contentUrl\":\"https:\\\/\\\/www.webdo.tn\\\/fr\\\/wp-content\\\/uploads\\\/2025\\\/06\\\/Webdo-Tunisie_168377.jpg\",\"width\":301,\"height\":301,\"caption\":\"Webdo\"},\"image\":{\"@id\":\"https:\\\/\\\/www.webdo.tn\\\/fr\\\/#\\\/schema\\\/logo\\\/image\\\/\"},\"sameAs\":[\"https:\\\/\\\/www.facebook.com\\\/webdotn\",\"https:\\\/\\\/x.com\\\/webdo_tn\"],\"description\":\"Webdo est un m\u00e9dia num\u00e9rique tunisien fond\u00e9 en 2010, sp\u00e9cialis\u00e9 dans l\u2019actualit\u00e9 nationale et internationale, l\u2019\u00e9conomie, la soci\u00e9t\u00e9 et les analyses politiques. Le site s\u2019adresse \u00e0 un large public francophone et couvre l\u2019information tunisienne en temps r\u00e9el.\",\"email\":\"redac@webdo.tn\",\"legalName\":\"YNJ SARL\",\"foundingDate\":\"2010-09-06\",\"numberOfEmployees\":{\"@type\":\"QuantitativeValue\",\"minValue\":\"11\",\"maxValue\":\"50\"}},{\"@type\":\"Person\",\"@id\":\"https:\\\/\\\/www.webdo.tn\\\/fr\\\/#\\\/schema\\\/person\\\/2c4929cbf5a809e3bd38617c6ce150f6\",\"name\":\"MC\",\"image\":{\"@type\":\"ImageObject\",\"inLanguage\":\"fr-FR\",\"@id\":\"https:\\\/\\\/secure.gravatar.com\\\/avatar\\\/a545bbb6f84efdd5553dbbc2895e3ca8f1d12c5215e00a041c9670b54aa9b18a?s=96&d=mm&r=g\",\"url\":\"https:\\\/\\\/secure.gravatar.com\\\/avatar\\\/a545bbb6f84efdd5553dbbc2895e3ca8f1d12c5215e00a041c9670b54aa9b18a?s=96&d=mm&r=g\",\"contentUrl\":\"https:\\\/\\\/secure.gravatar.com\\\/avatar\\\/a545bbb6f84efdd5553dbbc2895e3ca8f1d12c5215e00a041c9670b54aa9b18a?s=96&d=mm&r=g\",\"caption\":\"MC\"},\"url\":\"https:\\\/\\\/www.webdo.tn\\\/fr\\\/actualite\\\/author\\\/mc\\\/\"}]}<\/script>\n<!-- \/ Yoast SEO Premium plugin. -->","yoast_head_json":{"title":"Tunisie - Mobilisation des surveillants : gr\u00e8ve et journ\u00e9e de protestation en f\u00e9vrier","description":"La F\u00e9d\u00e9ration g\u00e9n\u00e9rale des surveillants et surveillants g\u00e9n\u00e9raux a annonc\u00e9, ce mardi 28 janvier 2025, une s\u00e9rie de mouvements de protestation pour faire valoir...","canonical":"https:\/\/www.webdo.tn\/fr\/actualite\/national\/tunisie-mobilisation-des-surveillants-greve-et-journee-de-protestation-en-fevrier\/219439\/","og_locale":"fr_FR","og_type":"article","og_title":"Tunisie - Mobilisation des surveillants : gr\u00e8ve et journ\u00e9e de protestation en f\u00e9vrier","og_description":"La F\u00e9d\u00e9ration g\u00e9n\u00e9rale des surveillants et surveillants g\u00e9n\u00e9raux a annonc\u00e9, ce mardi 28 janvier 2025, une s\u00e9rie de mouvements de protestation pour faire valoir...","og_url":"https:\/\/www.webdo.tn\/fr\/actualite\/national\/tunisie-mobilisation-des-surveillants-greve-et-journee-de-protestation-en-fevrier\/219439\/","og_site_name":"webdo","article_publisher":"https:\/\/www.facebook.com\/webdotn","article_published_time":"2025-01-29T14:30:00+00:00","article_modified_time":"2025-05-20T21:43:34+00:00","og_image":[{"width":710,"height":379,"url":"https:\/\/www.webdo.tn\/fr\/wp-content\/uploads\/2025\/05\/64c0daadf6c0202172d8c99de8e2eb4b-2.webp","type":"image\/webp"}],"author":"MC","twitter_card":"summary_large_image","twitter_creator":"@webdo_tn","twitter_site":"@webdo_tn","twitter_misc":{"\u00c9crit par":"MC","Dur\u00e9e de lecture estim\u00e9e":"1 minute"},"schema":{"@context":"https:\/\/schema.org","@graph":[{"@type":"NewsArticle","@id":"https:\/\/www.webdo.tn\/fr\/actualite\/national\/tunisie-mobilisation-des-surveillants-greve-et-journee-de-protestation-en-fevrier\/219439\/#article","isPartOf":{"@id":"https:\/\/www.webdo.tn\/fr\/actualite\/national\/tunisie-mobilisation-des-surveillants-greve-et-journee-de-protestation-en-fevrier\/219439\/"},"author":{"name":"MC","@id":"https:\/\/www.webdo.tn\/fr\/#\/schema\/person\/2c4929cbf5a809e3bd38617c6ce150f6"},"headline":"Tunisie &#8211; Mobilisation des surveillants : gr\u00e8ve et journ\u00e9e de protestation en f\u00e9vrier","datePublished":"2025-01-29T14:30:00+00:00","dateModified":"2025-05-20T21:43:34+00:00","mainEntityOfPage":{"@id":"https:\/\/www.webdo.tn\/fr\/actualite\/national\/tunisie-mobilisation-des-surveillants-greve-et-journee-de-protestation-en-fevrier\/219439\/"},"wordCount":133,"commentCount":0,"publisher":{"@id":"https:\/\/www.webdo.tn\/fr\/#organization"},"image":{"@id":"https:\/\/www.webdo.tn\/fr\/actualite\/national\/tunisie-mobilisation-des-surveillants-greve-et-journee-de-protestation-en-fevrier\/219439\/#primaryimage"},"thumbnailUrl":"https:\/\/www.webdo.tn\/fr\/wp-content\/uploads\/2025\/05\/64c0daadf6c0202172d8c99de8e2eb4b-2.webp","keywords":["\u00e9ducation","enseignement","Gr\u00e8ve","journ\u00e9e de col\u00e8re","revendications","surveillants","Tunisie"],"articleSection":["National"],"inLanguage":"fr-FR"},{"@type":"WebPage","@id":"https:\/\/www.webdo.tn\/fr\/actualite\/national\/tunisie-mobilisation-des-surveillants-greve-et-journee-de-protestation-en-fevrier\/219439\/","url":"https:\/\/www.webdo.tn\/fr\/actualite\/national\/tunisie-mobilisation-des-surveillants-greve-et-journee-de-protestation-en-fevrier\/219439\/","name":"Tunisie - Mobilisation des surveillants : gr\u00e8ve et journ\u00e9e de protestation en f\u00e9vrier","isPartOf":{"@id":"https:\/\/www.webdo.tn\/fr\/#website"},"primaryImageOfPage":{"@id":"https:\/\/www.webdo.tn\/fr\/actualite\/national\/tunisie-mobilisation-des-surveillants-greve-et-journee-de-protestation-en-fevrier\/219439\/#primaryimage"},"image":{"@id":"https:\/\/www.webdo.tn\/fr\/actualite\/national\/tunisie-mobilisation-des-surveillants-greve-et-journee-de-protestation-en-fevrier\/219439\/#primaryimage"},"thumbnailUrl":"https:\/\/www.webdo.tn\/fr\/wp-content\/uploads\/2025\/05\/64c0daadf6c0202172d8c99de8e2eb4b-2.webp","datePublished":"2025-01-29T14:30:00+00:00","dateModified":"2025-05-20T21:43:34+00:00","description":"La F\u00e9d\u00e9ration g\u00e9n\u00e9rale des surveillants et surveillants g\u00e9n\u00e9raux a annonc\u00e9, ce mardi 28 janvier 2025, une s\u00e9rie de mouvements de protestation pour faire valoir...","breadcrumb":{"@id":"https:\/\/www.webdo.tn\/fr\/actualite\/national\/tunisie-mobilisation-des-surveillants-greve-et-journee-de-protestation-en-fevrier\/219439\/#breadcrumb"},"inLanguage":"fr-FR","potentialAction":[{"@type":"ReadAction","target":["https:\/\/www.webdo.tn\/fr\/actualite\/national\/tunisie-mobilisation-des-surveillants-greve-et-journee-de-protestation-en-fevrier\/219439\/"]}]},{"@type":"ImageObject","inLanguage":"fr-FR","@id":"https:\/\/www.webdo.tn\/fr\/actualite\/national\/tunisie-mobilisation-des-surveillants-greve-et-journee-de-protestation-en-fevrier\/219439\/#primaryimage","url":"https:\/\/www.webdo.tn\/fr\/wp-content\/uploads\/2025\/05\/64c0daadf6c0202172d8c99de8e2eb4b-2.webp","contentUrl":"https:\/\/www.webdo.tn\/fr\/wp-content\/uploads\/2025\/05\/64c0daadf6c0202172d8c99de8e2eb4b-2.webp","width":710,"height":379},{"@type":"BreadcrumbList","@id":"https:\/\/www.webdo.tn\/fr\/actualite\/national\/tunisie-mobilisation-des-surveillants-greve-et-journee-de-protestation-en-fevrier\/219439\/#breadcrumb","itemListElement":[{"@type":"ListItem","position":1,"name":"Accueil","item":"https:\/\/www.webdo.tn\/fr\/"},{"@type":"ListItem","position":2,"name":"Tunisie &#8211; Mobilisation des surveillants : gr\u00e8ve et journ\u00e9e de protestation en f\u00e9vrier"}]},{"@type":"WebSite","@id":"https:\/\/www.webdo.tn\/fr\/#website","url":"https:\/\/www.webdo.tn\/fr\/","name":"webdo","description":"Tunisie - News en Tunisie et \u00e0 l&#039;international sur Webdo.tn","publisher":{"@id":"https:\/\/www.webdo.tn\/fr\/#organization"},"potentialAction":[{"@type":"SearchAction","target":{"@type":"EntryPoint","urlTemplate":"https:\/\/www.webdo.tn\/fr\/?s={search_term_string}"},"query-input":{"@type":"PropertyValueSpecification","valueRequired":true,"valueName":"search_term_string"}}],"inLanguage":"fr-FR"},{"@type":"Organization","@id":"https:\/\/www.webdo.tn\/fr\/#organization","name":"Webdo","alternateName":"Webdo.tn","url":"https:\/\/www.webdo.tn\/fr\/","logo":{"@type":"ImageObject","inLanguage":"fr-FR","@id":"https:\/\/www.webdo.tn\/fr\/#\/schema\/logo\/image\/","url":"https:\/\/www.webdo.tn\/fr\/wp-content\/uploads\/2025\/06\/Webdo-Tunisie_168377.jpg","contentUrl":"https:\/\/www.webdo.tn\/fr\/wp-content\/uploads\/2025\/06\/Webdo-Tunisie_168377.jpg","width":301,"height":301,"caption":"Webdo"},"image":{"@id":"https:\/\/www.webdo.tn\/fr\/#\/schema\/logo\/image\/"},"sameAs":["https:\/\/www.facebook.com\/webdotn","https:\/\/x.com\/webdo_tn"],"description":"Webdo est un m\u00e9dia num\u00e9rique tunisien fond\u00e9 en 2010, sp\u00e9cialis\u00e9 dans l\u2019actualit\u00e9 nationale et internationale, l\u2019\u00e9conomie, la soci\u00e9t\u00e9 et les analyses politiques. Le site s\u2019adresse \u00e0 un large public francophone et couvre l\u2019information tunisienne en temps r\u00e9el.","email":"redac@webdo.tn","legalName":"YNJ SARL","foundingDate":"2010-09-06","numberOfEmployees":{"@type":"QuantitativeValue","minValue":"11","maxValue":"50"}},{"@type":"Person","@id":"https:\/\/www.webdo.tn\/fr\/#\/schema\/person\/2c4929cbf5a809e3bd38617c6ce150f6","name":"MC","image":{"@type":"ImageObject","inLanguage":"fr-FR","@id":"https:\/\/secure.gravatar.com\/avatar\/a545bbb6f84efdd5553dbbc2895e3ca8f1d12c5215e00a041c9670b54aa9b18a?s=96&d=mm&r=g","url":"https:\/\/secure.gravatar.com\/avatar\/a545bbb6f84efdd5553dbbc2895e3ca8f1d12c5215e00a041c9670b54aa9b18a?s=96&d=mm&r=g","contentUrl":"https:\/\/secure.gravatar.com\/avatar\/a545bbb6f84efdd5553dbbc2895e3ca8f1d12c5215e00a041c9670b54aa9b18a?s=96&d=mm&r=g","caption":"MC"},"url":"https:\/\/www.webdo.tn\/fr\/actualite\/author\/mc\/"}]}},"_links":{"self":[{"href":"https:\/\/www.webdo.tn\/fr\/wp-json\/wp\/v2\/posts\/219439","targetHints":{"allow":["GET"]}}],"collection":[{"href":"https:\/\/www.webdo.tn\/fr\/wp-json\/wp\/v2\/posts"}],"about":[{"href":"https:\/\/www.webdo.tn\/fr\/wp-json\/wp\/v2\/types\/post"}],"author":[{"embeddable":true,"href":"https:\/\/www.webdo.tn\/fr\/wp-json\/wp\/v2\/users\/3162"}],"replies":[{"embeddable":true,"href":"https:\/\/www.webdo.tn\/fr\/wp-json\/wp\/v2\/comments?post=219439"}],"version-history":[{"count":0,"href":"https:\/\/www.webdo.tn\/fr\/wp-json\/wp\/v2\/posts\/219439\/revisions"}],"wp:featuredmedia":[{"embeddable":true,"href":"https:\/\/www.webdo.tn\/fr\/wp-json\/wp\/v2\/media\/242552"}],"wp:attachment":[{"href":"https:\/\/www.webdo.tn\/fr\/wp-json\/wp\/v2\/media?parent=219439"}],"wp:term":[{"taxonomy":"category","embeddable":true,"href":"https:\/\/www.webdo.tn\/fr\/wp-json\/wp\/v2\/categories?post=219439"},{"taxonomy":"post_tag","embeddable":true,"href":"https:\/\/www.webdo.tn\/fr\/wp-json\/wp\/v2\/tags?post=219439"}],"curies":[{"name":"wp","href":"https:\/\/api.w.org\/{rel}","templated":true}]}}