{"id":219430,"date":"2025-01-29T10:27:00","date_gmt":"2025-01-29T10:27:00","guid":{"rendered":"https:\/\/www.webdo.tn\/fr\/blog\/tunisie-detention-prolongee-de-quatre-mois-pour-sihem-bensedrine\/219430\/"},"modified":"2025-05-20T22:16:21","modified_gmt":"2025-05-20T22:16:21","slug":"tunisie-detention-prolongee-de-quatre-mois-pour-sihem-bensedrine","status":"publish","type":"post","link":"https:\/\/www.webdo.tn\/fr\/actualite\/national\/tunisie-detention-prolongee-de-quatre-mois-pour-sihem-bensedrine\/219430\/","title":{"rendered":"Tunisie : D\u00e9tention prolong\u00e9e de quatre mois pour Sihem Bensedrine"},"content":{"rendered":"<p>Incarc\u00e9r\u00e9e depuis le 1er ao\u00fbt 2024 \u00e0 la prison des femmes de la Manouba, Sihem Bensedrine va rester en d\u00e9tention malgr\u00e9 son \u00e9tat de sant\u00e9. Le juge d\u2019instruction au p\u00f4le judiciaire \u00e9conomique et financier a d\u00e9cid\u00e9 de prolonger sa p\u00e9riode de d\u00e9tention de quatre mois.<\/p>\n<p>\t\t\t\t\t\t\t\t\tIncarc\u00e9r\u00e9e depuis le 1er ao\u00fbt 2024 \u00e0 la prison des femmes de la Manouba, Sihem Bensedrine va rester en d\u00e9tention malgr\u00e9 son \u00e9tat de sant\u00e9. Le juge d\u2019instruction au p\u00f4le judiciaire \u00e9conomique et financier a d\u00e9cid\u00e9 de prolonger sa p\u00e9riode de d\u00e9tention de quatre mois.<\/p>\n<p>C\u2019est ce qu\u2019a indiqu\u00e9 hier, mardi 28 janvier 2025, la page officielle de l\u2019ancienne pr\u00e9sidente de l\u2019Instance V\u00e9rit\u00e9 et Dignit\u00e9 (IVD), annon\u00e7ant que le juge d\u2019instruction au p\u00f4le judiciaire \u00e9conomique et financier a d\u00e9cid\u00e9 de prolonger la p\u00e9riode de d\u00e9tention de Sihem Bensedrine dans le cadre de l\u2019affaire de \u00ab\u00a0falsification du rapport final de l\u2019IVD\u00a0\u00bb.<\/p>\n<p>Cette d\u00e9cision survient apr\u00e8s l\u2019ouverture d\u2019une enqu\u00eate sur des accusations de manipulation des documents relatifs \u00e0 la fin des travaux de l\u2019Instance, un dossier qui suscite de vives r\u00e9actions et qui a aliment\u00e9 de nombreux d\u00e9bats publics sur la transparence et la gestion des affaires li\u00e9es \u00e0 la r\u00e9conciliation nationale en Tunisie.<\/p>\n<p>Avant-hier, Sihem Bensedrine, avait \u00e9t\u00e9 transf\u00e9r\u00e9e d&rsquo;urgence \u00e0 l\u2019h\u00f4pital suite \u00e0 la d\u00e9t\u00e9rioration de son \u00e9tat de sant\u00e9, sachant qu\u2019elle poursuit une gr\u00e8ve de la faim entam\u00e9e le 14 janvier pour protester contre ce qu&rsquo;elle qualifie \u00ab\u00a0d&rsquo;injustice\u00a0\u00bb et alerter les autorit\u00e9s sur sa situation.<\/p>\n<p>L&rsquo;une des principales accusations port\u00e9e contre elle concerne la partie du rapport concernant le contentieux entre l&rsquo;\u00c9tat tunisien et la Banque Franco-Tunisienne, une affaire qui avait \u00e9t\u00e9 tranch\u00e9e en faveur de la Tunisie par l&rsquo;arbitrage international.<\/p>\n","protected":false},"excerpt":{"rendered":"<p>Incarc\u00e9r\u00e9e depuis le 1er ao\u00fbt 2024 \u00e0 la prison des femmes de la Manouba, Sihem Bensedrine va rester en d\u00e9tention malgr\u00e9 son \u00e9tat de sant\u00e9. Le juge d\u2019instruction&#8230;<\/p>\n","protected":false},"author":3162,"featured_media":291753,"comment_status":"open","ping_status":"closed","sticky":false,"template":"","format":"standard","meta":{"footnotes":""},"categories":[44],"tags":[3286,6428,2619,6429],"class_list":["post-219430","post","type-post","status-publish","format-standard","has-post-thumbnail","hentry","category-national","tag-detention","tag-ivd","tag-justice","tag-sihem-bensedrine"],"yoast_head":"<!-- This site is optimized with the Yoast SEO Premium plugin v27.4 (Yoast SEO v27.5) - https:\/\/yoast.com\/product\/yoast-seo-premium-wordpress\/ -->\n<title>Tunisie : D\u00e9tention prolong\u00e9e de quatre mois pour Sihem Bensedrine<\/title>\n<meta name=\"description\" content=\"Incarc\u00e9r\u00e9e depuis le 1er ao\u00fbt 2024 \u00e0 la prison des femmes de la Manouba, Sihem Bensedrine va rester en d\u00e9tention malgr\u00e9 son \u00e9tat de sant\u00e9. Le juge d\u2019instruction...\" \/>\n<link rel=\"canonical\" href=\"https:\/\/www.webdo.tn\/fr\/actualite\/national\/tunisie-detention-prolongee-de-quatre-mois-pour-sihem-bensedrine\/219430\/\" \/>\n<meta property=\"og:locale\" content=\"fr_FR\" \/>\n<meta property=\"og:type\" content=\"article\" \/>\n<meta property=\"og:title\" content=\"Tunisie : D\u00e9tention prolong\u00e9e de quatre mois pour Sihem Bensedrine\" \/>\n<meta property=\"og:description\" content=\"Incarc\u00e9r\u00e9e depuis le 1er ao\u00fbt 2024 \u00e0 la prison des femmes de la Manouba, Sihem Bensedrine va rester en d\u00e9tention malgr\u00e9 son \u00e9tat de sant\u00e9. Le juge d\u2019instruction...\" \/>\n<meta property=\"og:url\" content=\"https:\/\/www.webdo.tn\/fr\/actualite\/national\/tunisie-detention-prolongee-de-quatre-mois-pour-sihem-bensedrine\/219430\/\" \/>\n<meta property=\"og:site_name\" content=\"webdo\" \/>\n<meta property=\"article:publisher\" content=\"https:\/\/www.facebook.com\/webdotn\" \/>\n<meta property=\"article:published_time\" content=\"2025-01-29T10:27:00+00:00\" \/>\n<meta property=\"article:modified_time\" content=\"2025-05-20T22:16:21+00:00\" \/>\n<meta property=\"og:image\" content=\"https:\/\/www.webdo.tn\/fr\/wp-content\/uploads\/2025\/01\/989db3d0384aa7ea014e547d125e529a.webp\" \/>\n\t<meta property=\"og:image:width\" content=\"720\" \/>\n\t<meta property=\"og:image:height\" content=\"384\" \/>\n\t<meta property=\"og:image:type\" content=\"image\/webp\" \/>\n<meta name=\"author\" content=\"MC\" \/>\n<meta name=\"twitter:card\" content=\"summary_large_image\" \/>\n<meta name=\"twitter:creator\" content=\"@webdo_tn\" \/>\n<meta name=\"twitter:site\" content=\"@webdo_tn\" \/>\n<meta name=\"twitter:label1\" content=\"\u00c9crit par\" \/>\n\t<meta name=\"twitter:data1\" content=\"MC\" \/>\n\t<meta name=\"twitter:label2\" content=\"Dur\u00e9e de lecture estim\u00e9e\" \/>\n\t<meta name=\"twitter:data2\" content=\"2 minutes\" \/>\n<script type=\"application\/ld+json\" class=\"yoast-schema-graph\">{\"@context\":\"https:\\\/\\\/schema.org\",\"@graph\":[{\"@type\":\"NewsArticle\",\"@id\":\"https:\\\/\\\/www.webdo.tn\\\/fr\\\/actualite\\\/national\\\/tunisie-detention-prolongee-de-quatre-mois-pour-sihem-bensedrine\\\/219430\\\/#article\",\"isPartOf\":{\"@id\":\"https:\\\/\\\/www.webdo.tn\\\/fr\\\/actualite\\\/national\\\/tunisie-detention-prolongee-de-quatre-mois-pour-sihem-bensedrine\\\/219430\\\/\"},\"author\":{\"name\":\"MC\",\"@id\":\"https:\\\/\\\/www.webdo.tn\\\/fr\\\/#\\\/schema\\\/person\\\/2c4929cbf5a809e3bd38617c6ce150f6\"},\"headline\":\"Tunisie : D\u00e9tention prolong\u00e9e de quatre mois pour Sihem Bensedrine\",\"datePublished\":\"2025-01-29T10:27:00+00:00\",\"dateModified\":\"2025-05-20T22:16:21+00:00\",\"mainEntityOfPage\":{\"@id\":\"https:\\\/\\\/www.webdo.tn\\\/fr\\\/actualite\\\/national\\\/tunisie-detention-prolongee-de-quatre-mois-pour-sihem-bensedrine\\\/219430\\\/\"},\"wordCount\":337,\"commentCount\":0,\"publisher\":{\"@id\":\"https:\\\/\\\/www.webdo.tn\\\/fr\\\/#organization\"},\"image\":{\"@id\":\"https:\\\/\\\/www.webdo.tn\\\/fr\\\/actualite\\\/national\\\/tunisie-detention-prolongee-de-quatre-mois-pour-sihem-bensedrine\\\/219430\\\/#primaryimage\"},\"thumbnailUrl\":\"https:\\\/\\\/www.webdo.tn\\\/fr\\\/wp-content\\\/uploads\\\/2025\\\/01\\\/989db3d0384aa7ea014e547d125e529a.webp\",\"keywords\":[\"d\u00e9tention\",\"ivd\",\"justice\",\"sihem bensedrine\"],\"articleSection\":[\"National\"],\"inLanguage\":\"fr-FR\"},{\"@type\":\"WebPage\",\"@id\":\"https:\\\/\\\/www.webdo.tn\\\/fr\\\/actualite\\\/national\\\/tunisie-detention-prolongee-de-quatre-mois-pour-sihem-bensedrine\\\/219430\\\/\",\"url\":\"https:\\\/\\\/www.webdo.tn\\\/fr\\\/actualite\\\/national\\\/tunisie-detention-prolongee-de-quatre-mois-pour-sihem-bensedrine\\\/219430\\\/\",\"name\":\"Tunisie : D\u00e9tention prolong\u00e9e de quatre mois pour Sihem Bensedrine\",\"isPartOf\":{\"@id\":\"https:\\\/\\\/www.webdo.tn\\\/fr\\\/#website\"},\"primaryImageOfPage\":{\"@id\":\"https:\\\/\\\/www.webdo.tn\\\/fr\\\/actualite\\\/national\\\/tunisie-detention-prolongee-de-quatre-mois-pour-sihem-bensedrine\\\/219430\\\/#primaryimage\"},\"image\":{\"@id\":\"https:\\\/\\\/www.webdo.tn\\\/fr\\\/actualite\\\/national\\\/tunisie-detention-prolongee-de-quatre-mois-pour-sihem-bensedrine\\\/219430\\\/#primaryimage\"},\"thumbnailUrl\":\"https:\\\/\\\/www.webdo.tn\\\/fr\\\/wp-content\\\/uploads\\\/2025\\\/01\\\/989db3d0384aa7ea014e547d125e529a.webp\",\"datePublished\":\"2025-01-29T10:27:00+00:00\",\"dateModified\":\"2025-05-20T22:16:21+00:00\",\"description\":\"Incarc\u00e9r\u00e9e depuis le 1er ao\u00fbt 2024 \u00e0 la prison des femmes de la Manouba, Sihem Bensedrine va rester en d\u00e9tention malgr\u00e9 son \u00e9tat de sant\u00e9. Le juge d\u2019instruction...\",\"breadcrumb\":{\"@id\":\"https:\\\/\\\/www.webdo.tn\\\/fr\\\/actualite\\\/national\\\/tunisie-detention-prolongee-de-quatre-mois-pour-sihem-bensedrine\\\/219430\\\/#breadcrumb\"},\"inLanguage\":\"fr-FR\",\"potentialAction\":[{\"@type\":\"ReadAction\",\"target\":[\"https:\\\/\\\/www.webdo.tn\\\/fr\\\/actualite\\\/national\\\/tunisie-detention-prolongee-de-quatre-mois-pour-sihem-bensedrine\\\/219430\\\/\"]}]},{\"@type\":\"ImageObject\",\"inLanguage\":\"fr-FR\",\"@id\":\"https:\\\/\\\/www.webdo.tn\\\/fr\\\/actualite\\\/national\\\/tunisie-detention-prolongee-de-quatre-mois-pour-sihem-bensedrine\\\/219430\\\/#primaryimage\",\"url\":\"https:\\\/\\\/www.webdo.tn\\\/fr\\\/wp-content\\\/uploads\\\/2025\\\/01\\\/989db3d0384aa7ea014e547d125e529a.webp\",\"contentUrl\":\"https:\\\/\\\/www.webdo.tn\\\/fr\\\/wp-content\\\/uploads\\\/2025\\\/01\\\/989db3d0384aa7ea014e547d125e529a.webp\",\"width\":720,\"height\":384,\"caption\":\"Tunisie : D\u00e9tention prolong\u00e9e de quatre mois pour Sihem Bensedrine\"},{\"@type\":\"BreadcrumbList\",\"@id\":\"https:\\\/\\\/www.webdo.tn\\\/fr\\\/actualite\\\/national\\\/tunisie-detention-prolongee-de-quatre-mois-pour-sihem-bensedrine\\\/219430\\\/#breadcrumb\",\"itemListElement\":[{\"@type\":\"ListItem\",\"position\":1,\"name\":\"Accueil\",\"item\":\"https:\\\/\\\/www.webdo.tn\\\/fr\\\/\"},{\"@type\":\"ListItem\",\"position\":2,\"name\":\"Tunisie : D\u00e9tention prolong\u00e9e de quatre mois pour Sihem Bensedrine\"}]},{\"@type\":\"WebSite\",\"@id\":\"https:\\\/\\\/www.webdo.tn\\\/fr\\\/#website\",\"url\":\"https:\\\/\\\/www.webdo.tn\\\/fr\\\/\",\"name\":\"webdo\",\"description\":\"Tunisie - News en Tunisie et \u00e0 l&#039;international sur Webdo.tn\",\"publisher\":{\"@id\":\"https:\\\/\\\/www.webdo.tn\\\/fr\\\/#organization\"},\"potentialAction\":[{\"@type\":\"SearchAction\",\"target\":{\"@type\":\"EntryPoint\",\"urlTemplate\":\"https:\\\/\\\/www.webdo.tn\\\/fr\\\/?s={search_term_string}\"},\"query-input\":{\"@type\":\"PropertyValueSpecification\",\"valueRequired\":true,\"valueName\":\"search_term_string\"}}],\"inLanguage\":\"fr-FR\"},{\"@type\":\"Organization\",\"@id\":\"https:\\\/\\\/www.webdo.tn\\\/fr\\\/#organization\",\"name\":\"Webdo\",\"alternateName\":\"Webdo.tn\",\"url\":\"https:\\\/\\\/www.webdo.tn\\\/fr\\\/\",\"logo\":{\"@type\":\"ImageObject\",\"inLanguage\":\"fr-FR\",\"@id\":\"https:\\\/\\\/www.webdo.tn\\\/fr\\\/#\\\/schema\\\/logo\\\/image\\\/\",\"url\":\"https:\\\/\\\/www.webdo.tn\\\/fr\\\/wp-content\\\/uploads\\\/2025\\\/06\\\/Webdo-Tunisie_168377.jpg\",\"contentUrl\":\"https:\\\/\\\/www.webdo.tn\\\/fr\\\/wp-content\\\/uploads\\\/2025\\\/06\\\/Webdo-Tunisie_168377.jpg\",\"width\":301,\"height\":301,\"caption\":\"Webdo\"},\"image\":{\"@id\":\"https:\\\/\\\/www.webdo.tn\\\/fr\\\/#\\\/schema\\\/logo\\\/image\\\/\"},\"sameAs\":[\"https:\\\/\\\/www.facebook.com\\\/webdotn\",\"https:\\\/\\\/x.com\\\/webdo_tn\"],\"description\":\"Webdo est un m\u00e9dia num\u00e9rique tunisien fond\u00e9 en 2010, sp\u00e9cialis\u00e9 dans l\u2019actualit\u00e9 nationale et internationale, l\u2019\u00e9conomie, la soci\u00e9t\u00e9 et les analyses politiques. Le site s\u2019adresse \u00e0 un large public francophone et couvre l\u2019information tunisienne en temps r\u00e9el.\",\"email\":\"redac@webdo.tn\",\"legalName\":\"YNJ SARL\",\"foundingDate\":\"2010-09-06\",\"numberOfEmployees\":{\"@type\":\"QuantitativeValue\",\"minValue\":\"11\",\"maxValue\":\"50\"}},{\"@type\":\"Person\",\"@id\":\"https:\\\/\\\/www.webdo.tn\\\/fr\\\/#\\\/schema\\\/person\\\/2c4929cbf5a809e3bd38617c6ce150f6\",\"name\":\"MC\",\"image\":{\"@type\":\"ImageObject\",\"inLanguage\":\"fr-FR\",\"@id\":\"https:\\\/\\\/secure.gravatar.com\\\/avatar\\\/a545bbb6f84efdd5553dbbc2895e3ca8f1d12c5215e00a041c9670b54aa9b18a?s=96&d=mm&r=g\",\"url\":\"https:\\\/\\\/secure.gravatar.com\\\/avatar\\\/a545bbb6f84efdd5553dbbc2895e3ca8f1d12c5215e00a041c9670b54aa9b18a?s=96&d=mm&r=g\",\"contentUrl\":\"https:\\\/\\\/secure.gravatar.com\\\/avatar\\\/a545bbb6f84efdd5553dbbc2895e3ca8f1d12c5215e00a041c9670b54aa9b18a?s=96&d=mm&r=g\",\"caption\":\"MC\"},\"url\":\"https:\\\/\\\/www.webdo.tn\\\/fr\\\/actualite\\\/author\\\/mc\\\/\"}]}<\/script>\n<!-- \/ Yoast SEO Premium plugin. -->","yoast_head_json":{"title":"Tunisie : D\u00e9tention prolong\u00e9e de quatre mois pour Sihem Bensedrine","description":"Incarc\u00e9r\u00e9e depuis le 1er ao\u00fbt 2024 \u00e0 la prison des femmes de la Manouba, Sihem Bensedrine va rester en d\u00e9tention malgr\u00e9 son \u00e9tat de sant\u00e9. Le juge d\u2019instruction...","canonical":"https:\/\/www.webdo.tn\/fr\/actualite\/national\/tunisie-detention-prolongee-de-quatre-mois-pour-sihem-bensedrine\/219430\/","og_locale":"fr_FR","og_type":"article","og_title":"Tunisie : D\u00e9tention prolong\u00e9e de quatre mois pour Sihem Bensedrine","og_description":"Incarc\u00e9r\u00e9e depuis le 1er ao\u00fbt 2024 \u00e0 la prison des femmes de la Manouba, Sihem Bensedrine va rester en d\u00e9tention malgr\u00e9 son \u00e9tat de sant\u00e9. Le juge d\u2019instruction...","og_url":"https:\/\/www.webdo.tn\/fr\/actualite\/national\/tunisie-detention-prolongee-de-quatre-mois-pour-sihem-bensedrine\/219430\/","og_site_name":"webdo","article_publisher":"https:\/\/www.facebook.com\/webdotn","article_published_time":"2025-01-29T10:27:00+00:00","article_modified_time":"2025-05-20T22:16:21+00:00","og_image":[{"width":720,"height":384,"url":"https:\/\/www.webdo.tn\/fr\/wp-content\/uploads\/2025\/01\/989db3d0384aa7ea014e547d125e529a.webp","type":"image\/webp"}],"author":"MC","twitter_card":"summary_large_image","twitter_creator":"@webdo_tn","twitter_site":"@webdo_tn","twitter_misc":{"\u00c9crit par":"MC","Dur\u00e9e de lecture estim\u00e9e":"2 minutes"},"schema":{"@context":"https:\/\/schema.org","@graph":[{"@type":"NewsArticle","@id":"https:\/\/www.webdo.tn\/fr\/actualite\/national\/tunisie-detention-prolongee-de-quatre-mois-pour-sihem-bensedrine\/219430\/#article","isPartOf":{"@id":"https:\/\/www.webdo.tn\/fr\/actualite\/national\/tunisie-detention-prolongee-de-quatre-mois-pour-sihem-bensedrine\/219430\/"},"author":{"name":"MC","@id":"https:\/\/www.webdo.tn\/fr\/#\/schema\/person\/2c4929cbf5a809e3bd38617c6ce150f6"},"headline":"Tunisie : D\u00e9tention prolong\u00e9e de quatre mois pour Sihem Bensedrine","datePublished":"2025-01-29T10:27:00+00:00","dateModified":"2025-05-20T22:16:21+00:00","mainEntityOfPage":{"@id":"https:\/\/www.webdo.tn\/fr\/actualite\/national\/tunisie-detention-prolongee-de-quatre-mois-pour-sihem-bensedrine\/219430\/"},"wordCount":337,"commentCount":0,"publisher":{"@id":"https:\/\/www.webdo.tn\/fr\/#organization"},"image":{"@id":"https:\/\/www.webdo.tn\/fr\/actualite\/national\/tunisie-detention-prolongee-de-quatre-mois-pour-sihem-bensedrine\/219430\/#primaryimage"},"thumbnailUrl":"https:\/\/www.webdo.tn\/fr\/wp-content\/uploads\/2025\/01\/989db3d0384aa7ea014e547d125e529a.webp","keywords":["d\u00e9tention","ivd","justice","sihem bensedrine"],"articleSection":["National"],"inLanguage":"fr-FR"},{"@type":"WebPage","@id":"https:\/\/www.webdo.tn\/fr\/actualite\/national\/tunisie-detention-prolongee-de-quatre-mois-pour-sihem-bensedrine\/219430\/","url":"https:\/\/www.webdo.tn\/fr\/actualite\/national\/tunisie-detention-prolongee-de-quatre-mois-pour-sihem-bensedrine\/219430\/","name":"Tunisie : D\u00e9tention prolong\u00e9e de quatre mois pour Sihem Bensedrine","isPartOf":{"@id":"https:\/\/www.webdo.tn\/fr\/#website"},"primaryImageOfPage":{"@id":"https:\/\/www.webdo.tn\/fr\/actualite\/national\/tunisie-detention-prolongee-de-quatre-mois-pour-sihem-bensedrine\/219430\/#primaryimage"},"image":{"@id":"https:\/\/www.webdo.tn\/fr\/actualite\/national\/tunisie-detention-prolongee-de-quatre-mois-pour-sihem-bensedrine\/219430\/#primaryimage"},"thumbnailUrl":"https:\/\/www.webdo.tn\/fr\/wp-content\/uploads\/2025\/01\/989db3d0384aa7ea014e547d125e529a.webp","datePublished":"2025-01-29T10:27:00+00:00","dateModified":"2025-05-20T22:16:21+00:00","description":"Incarc\u00e9r\u00e9e depuis le 1er ao\u00fbt 2024 \u00e0 la prison des femmes de la Manouba, Sihem Bensedrine va rester en d\u00e9tention malgr\u00e9 son \u00e9tat de sant\u00e9. Le juge d\u2019instruction...","breadcrumb":{"@id":"https:\/\/www.webdo.tn\/fr\/actualite\/national\/tunisie-detention-prolongee-de-quatre-mois-pour-sihem-bensedrine\/219430\/#breadcrumb"},"inLanguage":"fr-FR","potentialAction":[{"@type":"ReadAction","target":["https:\/\/www.webdo.tn\/fr\/actualite\/national\/tunisie-detention-prolongee-de-quatre-mois-pour-sihem-bensedrine\/219430\/"]}]},{"@type":"ImageObject","inLanguage":"fr-FR","@id":"https:\/\/www.webdo.tn\/fr\/actualite\/national\/tunisie-detention-prolongee-de-quatre-mois-pour-sihem-bensedrine\/219430\/#primaryimage","url":"https:\/\/www.webdo.tn\/fr\/wp-content\/uploads\/2025\/01\/989db3d0384aa7ea014e547d125e529a.webp","contentUrl":"https:\/\/www.webdo.tn\/fr\/wp-content\/uploads\/2025\/01\/989db3d0384aa7ea014e547d125e529a.webp","width":720,"height":384,"caption":"Tunisie : D\u00e9tention prolong\u00e9e de quatre mois pour Sihem Bensedrine"},{"@type":"BreadcrumbList","@id":"https:\/\/www.webdo.tn\/fr\/actualite\/national\/tunisie-detention-prolongee-de-quatre-mois-pour-sihem-bensedrine\/219430\/#breadcrumb","itemListElement":[{"@type":"ListItem","position":1,"name":"Accueil","item":"https:\/\/www.webdo.tn\/fr\/"},{"@type":"ListItem","position":2,"name":"Tunisie : D\u00e9tention prolong\u00e9e de quatre mois pour Sihem Bensedrine"}]},{"@type":"WebSite","@id":"https:\/\/www.webdo.tn\/fr\/#website","url":"https:\/\/www.webdo.tn\/fr\/","name":"webdo","description":"Tunisie - News en Tunisie et \u00e0 l&#039;international sur Webdo.tn","publisher":{"@id":"https:\/\/www.webdo.tn\/fr\/#organization"},"potentialAction":[{"@type":"SearchAction","target":{"@type":"EntryPoint","urlTemplate":"https:\/\/www.webdo.tn\/fr\/?s={search_term_string}"},"query-input":{"@type":"PropertyValueSpecification","valueRequired":true,"valueName":"search_term_string"}}],"inLanguage":"fr-FR"},{"@type":"Organization","@id":"https:\/\/www.webdo.tn\/fr\/#organization","name":"Webdo","alternateName":"Webdo.tn","url":"https:\/\/www.webdo.tn\/fr\/","logo":{"@type":"ImageObject","inLanguage":"fr-FR","@id":"https:\/\/www.webdo.tn\/fr\/#\/schema\/logo\/image\/","url":"https:\/\/www.webdo.tn\/fr\/wp-content\/uploads\/2025\/06\/Webdo-Tunisie_168377.jpg","contentUrl":"https:\/\/www.webdo.tn\/fr\/wp-content\/uploads\/2025\/06\/Webdo-Tunisie_168377.jpg","width":301,"height":301,"caption":"Webdo"},"image":{"@id":"https:\/\/www.webdo.tn\/fr\/#\/schema\/logo\/image\/"},"sameAs":["https:\/\/www.facebook.com\/webdotn","https:\/\/x.com\/webdo_tn"],"description":"Webdo est un m\u00e9dia num\u00e9rique tunisien fond\u00e9 en 2010, sp\u00e9cialis\u00e9 dans l\u2019actualit\u00e9 nationale et internationale, l\u2019\u00e9conomie, la soci\u00e9t\u00e9 et les analyses politiques. Le site s\u2019adresse \u00e0 un large public francophone et couvre l\u2019information tunisienne en temps r\u00e9el.","email":"redac@webdo.tn","legalName":"YNJ SARL","foundingDate":"2010-09-06","numberOfEmployees":{"@type":"QuantitativeValue","minValue":"11","maxValue":"50"}},{"@type":"Person","@id":"https:\/\/www.webdo.tn\/fr\/#\/schema\/person\/2c4929cbf5a809e3bd38617c6ce150f6","name":"MC","image":{"@type":"ImageObject","inLanguage":"fr-FR","@id":"https:\/\/secure.gravatar.com\/avatar\/a545bbb6f84efdd5553dbbc2895e3ca8f1d12c5215e00a041c9670b54aa9b18a?s=96&d=mm&r=g","url":"https:\/\/secure.gravatar.com\/avatar\/a545bbb6f84efdd5553dbbc2895e3ca8f1d12c5215e00a041c9670b54aa9b18a?s=96&d=mm&r=g","contentUrl":"https:\/\/secure.gravatar.com\/avatar\/a545bbb6f84efdd5553dbbc2895e3ca8f1d12c5215e00a041c9670b54aa9b18a?s=96&d=mm&r=g","caption":"MC"},"url":"https:\/\/www.webdo.tn\/fr\/actualite\/author\/mc\/"}]}},"_links":{"self":[{"href":"https:\/\/www.webdo.tn\/fr\/wp-json\/wp\/v2\/posts\/219430","targetHints":{"allow":["GET"]}}],"collection":[{"href":"https:\/\/www.webdo.tn\/fr\/wp-json\/wp\/v2\/posts"}],"about":[{"href":"https:\/\/www.webdo.tn\/fr\/wp-json\/wp\/v2\/types\/post"}],"author":[{"embeddable":true,"href":"https:\/\/www.webdo.tn\/fr\/wp-json\/wp\/v2\/users\/3162"}],"replies":[{"embeddable":true,"href":"https:\/\/www.webdo.tn\/fr\/wp-json\/wp\/v2\/comments?post=219430"}],"version-history":[{"count":0,"href":"https:\/\/www.webdo.tn\/fr\/wp-json\/wp\/v2\/posts\/219430\/revisions"}],"wp:featuredmedia":[{"embeddable":true,"href":"https:\/\/www.webdo.tn\/fr\/wp-json\/wp\/v2\/media\/291753"}],"wp:attachment":[{"href":"https:\/\/www.webdo.tn\/fr\/wp-json\/wp\/v2\/media?parent=219430"}],"wp:term":[{"taxonomy":"category","embeddable":true,"href":"https:\/\/www.webdo.tn\/fr\/wp-json\/wp\/v2\/categories?post=219430"},{"taxonomy":"post_tag","embeddable":true,"href":"https:\/\/www.webdo.tn\/fr\/wp-json\/wp\/v2\/tags?post=219430"}],"curies":[{"name":"wp","href":"https:\/\/api.w.org\/{rel}","templated":true}]}}