{"id":219423,"date":"2025-01-29T09:07:00","date_gmt":"2025-01-29T09:07:00","guid":{"rendered":"https:\/\/www.webdo.tn\/fr\/blog\/2025\/01\/29\/tunisie-kais-saied-plaide-pour-un-meilleur-accompagnement-des-tunisiens-a-l-etranger\/"},"modified":"2025-05-20T21:43:39","modified_gmt":"2025-05-20T21:43:39","slug":"tunisie-kais-saied-plaide-pour-un-meilleur-accompagnement-des-tunisiens-a-l-etranger","status":"publish","type":"post","link":"https:\/\/www.webdo.tn\/fr\/actualite\/national\/tunisie-kais-saied-plaide-pour-un-meilleur-accompagnement-des-tunisiens-a-l-etranger\/219423\/","title":{"rendered":"Tunisie : Kais Saied plaide pour un meilleur accompagnement des Tunisiens \u00e0 l&rsquo;\u00e9tranger"},"content":{"rendered":"<p>Le Pr\u00e9sident de la R\u00e9publique, Kais Saied, a \u00e9voqu\u00e9, lors d\u2019une rencontre, mardi 28 janvier 2025 au Palais de Carthage avec Mohamed Ali Nafti, ministre des Affaires \u00e9trang\u00e8res, de la Migration et des Tunisiens \u00e0 l&rsquo;\u00e9tranger, plusieurs sujets.<\/p>\n<p>\t\t\t\t\t\t\t\t\tLe Pr\u00e9sident de la R\u00e9publique, Kais Saied, a \u00e9voqu\u00e9, lors d\u2019une rencontre, mardi 28 janvier 2025 au Palais de Carthage avec Mohamed Ali Nafti, ministre des Affaires \u00e9trang\u00e8res, de la Migration et des Tunisiens \u00e0 l&rsquo;\u00e9tranger, plusieurs sujets.<\/p>\n<p>Il a d\u2019abord \u00e9voqu\u00e9 les r\u00e9sultats de la participation de la Tunisie \u00e0 plusieurs conf\u00e9rences internationales ainsi que les visites r\u00e9ciproques sur le plan bilat\u00e9ral. \u00a0<\/p>\n<p>Le Chef de l&rsquo;\u00c9tat a r\u00e9affirm\u00e9 les principes fondamentaux de la politique \u00e9trang\u00e8re de la Tunisie, au premier rang desquels l&rsquo;ind\u00e9pendance de la d\u00e9cision nationale et son soutien ind\u00e9fectible au peuple palestinien, peut-on lire dans un communiqu\u00e9 publi\u00e9 par la Pr\u00e9sidence de la R\u00e9publique.<\/p>\n<p>Kais Saied a \u00e9galement insist\u00e9 sur la n\u00e9cessit\u00e9 d\u2019anticiper et de se pr\u00e9parer aux \u00e9volutions rapides du monde actuel, o\u00f9 les \u00e9v\u00e9nements s\u2019acc\u00e9l\u00e8rent.<\/p>\n<p>Par ailleurs, le Chef de l&rsquo;\u00c9tat a soulign\u00e9 l&rsquo;importance d\u2019un meilleur accompagnement des Tunisiens \u00e0 l&rsquo;\u00e9tranger et de l&rsquo;\u00e9laboration de nouvelles m\u00e9thodes pour leur fournir les services dont ils ont besoin \u00e0 distance.<\/p>\n<p>A cet \u00e9gard, il a salu\u00e9 les efforts d\u00e9ploy\u00e9s par de nombreux Tunisiens et Tunisiennes, notamment dans les secteurs de la sant\u00e9 et du transport, ainsi que leurs initiatives visant \u00e0 lancer des projets en Tunisie.<\/p>\n<p>Il a exhort\u00e9 l\u2019ensemble des institutions de l\u2019\u00c9tat \u00e0 lever tous les obstacles entravant ces initiatives, afin que ces comp\u00e9tences puissent contribuer \u00e0 la lutte pour la souverainet\u00e9 nationale et participer \u00e0 la reconstruction et au d\u00e9veloppement du pays.<\/p>\n","protected":false},"excerpt":{"rendered":"<p>Le Pr\u00e9sident de la R\u00e9publique, Kais Saied, a \u00e9voqu\u00e9, lors d\u2019une rencontre, mardi 28 janvier 2025 au Palais de Carthage avec Mohamed Ali Nafti, ministre des Affa&#8230;<\/p>\n","protected":false},"author":3162,"featured_media":242594,"comment_status":"open","ping_status":"open","sticky":false,"template":"","format":"standard","meta":{"footnotes":""},"categories":[44],"tags":[2614,2608,4210],"class_list":["post-219423","post","type-post","status-publish","format-standard","has-post-thumbnail","hentry","category-national","tag-kais-saied","tag-tunisie","tag-tunisiens-a-letranger"],"yoast_head":"<!-- This site is optimized with the Yoast SEO Premium plugin v27.4 (Yoast SEO v27.5) - https:\/\/yoast.com\/product\/yoast-seo-premium-wordpress\/ -->\n<title>Tunisie : Kais Saied plaide pour un meilleur accompagnement des Tunisiens \u00e0 l&#039;\u00e9tranger<\/title>\n<meta name=\"description\" content=\"Le Pr\u00e9sident de la R\u00e9publique, Kais Saied, a \u00e9voqu\u00e9, lors d\u2019une rencontre, mardi 28 janvier 2025 au Palais de Carthage avec Mohamed Ali Nafti, ministre des Affa...\" \/>\n<link rel=\"canonical\" href=\"https:\/\/www.webdo.tn\/fr\/actualite\/national\/tunisie-kais-saied-plaide-pour-un-meilleur-accompagnement-des-tunisiens-a-l-etranger\/219423\/\" \/>\n<meta property=\"og:locale\" content=\"fr_FR\" \/>\n<meta property=\"og:type\" content=\"article\" \/>\n<meta property=\"og:title\" content=\"Tunisie : Kais Saied plaide pour un meilleur accompagnement des Tunisiens \u00e0 l&#039;\u00e9tranger\" \/>\n<meta property=\"og:description\" content=\"Le Pr\u00e9sident de la R\u00e9publique, Kais Saied, a \u00e9voqu\u00e9, lors d\u2019une rencontre, mardi 28 janvier 2025 au Palais de Carthage avec Mohamed Ali Nafti, ministre des Affa...\" \/>\n<meta property=\"og:url\" content=\"https:\/\/www.webdo.tn\/fr\/actualite\/national\/tunisie-kais-saied-plaide-pour-un-meilleur-accompagnement-des-tunisiens-a-l-etranger\/219423\/\" \/>\n<meta property=\"og:site_name\" content=\"webdo\" \/>\n<meta property=\"article:publisher\" content=\"https:\/\/www.facebook.com\/webdotn\" \/>\n<meta property=\"article:published_time\" content=\"2025-01-29T09:07:00+00:00\" \/>\n<meta property=\"article:modified_time\" content=\"2025-05-20T21:43:39+00:00\" \/>\n<meta property=\"og:image\" content=\"https:\/\/www.webdo.tn\/fr\/wp-content\/uploads\/2025\/05\/b712fa262e04decf8b9d42bf081e870a-2.webp\" \/>\n\t<meta property=\"og:image:width\" content=\"750\" \/>\n\t<meta property=\"og:image:height\" content=\"400\" \/>\n\t<meta property=\"og:image:type\" content=\"image\/webp\" \/>\n<meta name=\"author\" content=\"MC\" \/>\n<meta name=\"twitter:card\" content=\"summary_large_image\" \/>\n<meta name=\"twitter:creator\" content=\"@webdo_tn\" \/>\n<meta name=\"twitter:site\" content=\"@webdo_tn\" \/>\n<meta name=\"twitter:label1\" content=\"\u00c9crit par\" \/>\n\t<meta name=\"twitter:data1\" content=\"MC\" \/>\n\t<meta name=\"twitter:label2\" content=\"Dur\u00e9e de lecture estim\u00e9e\" \/>\n\t<meta name=\"twitter:data2\" content=\"2 minutes\" \/>\n<script type=\"application\/ld+json\" class=\"yoast-schema-graph\">{\"@context\":\"https:\\\/\\\/schema.org\",\"@graph\":[{\"@type\":\"NewsArticle\",\"@id\":\"https:\\\/\\\/www.webdo.tn\\\/fr\\\/actualite\\\/national\\\/tunisie-kais-saied-plaide-pour-un-meilleur-accompagnement-des-tunisiens-a-l-etranger\\\/219423\\\/#article\",\"isPartOf\":{\"@id\":\"https:\\\/\\\/www.webdo.tn\\\/fr\\\/actualite\\\/national\\\/tunisie-kais-saied-plaide-pour-un-meilleur-accompagnement-des-tunisiens-a-l-etranger\\\/219423\\\/\"},\"author\":{\"name\":\"MC\",\"@id\":\"https:\\\/\\\/www.webdo.tn\\\/fr\\\/#\\\/schema\\\/person\\\/2c4929cbf5a809e3bd38617c6ce150f6\"},\"headline\":\"Tunisie : Kais Saied plaide pour un meilleur accompagnement des Tunisiens \u00e0 l&rsquo;\u00e9tranger\",\"datePublished\":\"2025-01-29T09:07:00+00:00\",\"dateModified\":\"2025-05-20T21:43:39+00:00\",\"mainEntityOfPage\":{\"@id\":\"https:\\\/\\\/www.webdo.tn\\\/fr\\\/actualite\\\/national\\\/tunisie-kais-saied-plaide-pour-un-meilleur-accompagnement-des-tunisiens-a-l-etranger\\\/219423\\\/\"},\"wordCount\":318,\"commentCount\":0,\"publisher\":{\"@id\":\"https:\\\/\\\/www.webdo.tn\\\/fr\\\/#organization\"},\"image\":{\"@id\":\"https:\\\/\\\/www.webdo.tn\\\/fr\\\/actualite\\\/national\\\/tunisie-kais-saied-plaide-pour-un-meilleur-accompagnement-des-tunisiens-a-l-etranger\\\/219423\\\/#primaryimage\"},\"thumbnailUrl\":\"https:\\\/\\\/www.webdo.tn\\\/fr\\\/wp-content\\\/uploads\\\/2025\\\/05\\\/b712fa262e04decf8b9d42bf081e870a-2.webp\",\"keywords\":[\"Kais Saied\",\"Tunisie\",\"tunisiens \u00e0 l'\u00e9tranger\"],\"articleSection\":[\"National\"],\"inLanguage\":\"fr-FR\"},{\"@type\":\"WebPage\",\"@id\":\"https:\\\/\\\/www.webdo.tn\\\/fr\\\/actualite\\\/national\\\/tunisie-kais-saied-plaide-pour-un-meilleur-accompagnement-des-tunisiens-a-l-etranger\\\/219423\\\/\",\"url\":\"https:\\\/\\\/www.webdo.tn\\\/fr\\\/actualite\\\/national\\\/tunisie-kais-saied-plaide-pour-un-meilleur-accompagnement-des-tunisiens-a-l-etranger\\\/219423\\\/\",\"name\":\"Tunisie : Kais Saied plaide pour un meilleur accompagnement des Tunisiens \u00e0 l'\u00e9tranger\",\"isPartOf\":{\"@id\":\"https:\\\/\\\/www.webdo.tn\\\/fr\\\/#website\"},\"primaryImageOfPage\":{\"@id\":\"https:\\\/\\\/www.webdo.tn\\\/fr\\\/actualite\\\/national\\\/tunisie-kais-saied-plaide-pour-un-meilleur-accompagnement-des-tunisiens-a-l-etranger\\\/219423\\\/#primaryimage\"},\"image\":{\"@id\":\"https:\\\/\\\/www.webdo.tn\\\/fr\\\/actualite\\\/national\\\/tunisie-kais-saied-plaide-pour-un-meilleur-accompagnement-des-tunisiens-a-l-etranger\\\/219423\\\/#primaryimage\"},\"thumbnailUrl\":\"https:\\\/\\\/www.webdo.tn\\\/fr\\\/wp-content\\\/uploads\\\/2025\\\/05\\\/b712fa262e04decf8b9d42bf081e870a-2.webp\",\"datePublished\":\"2025-01-29T09:07:00+00:00\",\"dateModified\":\"2025-05-20T21:43:39+00:00\",\"description\":\"Le Pr\u00e9sident de la R\u00e9publique, Kais Saied, a \u00e9voqu\u00e9, lors d\u2019une rencontre, mardi 28 janvier 2025 au Palais de Carthage avec Mohamed Ali Nafti, ministre des Affa...\",\"breadcrumb\":{\"@id\":\"https:\\\/\\\/www.webdo.tn\\\/fr\\\/actualite\\\/national\\\/tunisie-kais-saied-plaide-pour-un-meilleur-accompagnement-des-tunisiens-a-l-etranger\\\/219423\\\/#breadcrumb\"},\"inLanguage\":\"fr-FR\",\"potentialAction\":[{\"@type\":\"ReadAction\",\"target\":[\"https:\\\/\\\/www.webdo.tn\\\/fr\\\/actualite\\\/national\\\/tunisie-kais-saied-plaide-pour-un-meilleur-accompagnement-des-tunisiens-a-l-etranger\\\/219423\\\/\"]}]},{\"@type\":\"ImageObject\",\"inLanguage\":\"fr-FR\",\"@id\":\"https:\\\/\\\/www.webdo.tn\\\/fr\\\/actualite\\\/national\\\/tunisie-kais-saied-plaide-pour-un-meilleur-accompagnement-des-tunisiens-a-l-etranger\\\/219423\\\/#primaryimage\",\"url\":\"https:\\\/\\\/www.webdo.tn\\\/fr\\\/wp-content\\\/uploads\\\/2025\\\/05\\\/b712fa262e04decf8b9d42bf081e870a-2.webp\",\"contentUrl\":\"https:\\\/\\\/www.webdo.tn\\\/fr\\\/wp-content\\\/uploads\\\/2025\\\/05\\\/b712fa262e04decf8b9d42bf081e870a-2.webp\",\"width\":750,\"height\":400},{\"@type\":\"BreadcrumbList\",\"@id\":\"https:\\\/\\\/www.webdo.tn\\\/fr\\\/actualite\\\/national\\\/tunisie-kais-saied-plaide-pour-un-meilleur-accompagnement-des-tunisiens-a-l-etranger\\\/219423\\\/#breadcrumb\",\"itemListElement\":[{\"@type\":\"ListItem\",\"position\":1,\"name\":\"Accueil\",\"item\":\"https:\\\/\\\/www.webdo.tn\\\/fr\\\/\"},{\"@type\":\"ListItem\",\"position\":2,\"name\":\"Tunisie : Kais Saied plaide pour un meilleur accompagnement des Tunisiens \u00e0 l&#8217;\u00e9tranger\"}]},{\"@type\":\"WebSite\",\"@id\":\"https:\\\/\\\/www.webdo.tn\\\/fr\\\/#website\",\"url\":\"https:\\\/\\\/www.webdo.tn\\\/fr\\\/\",\"name\":\"webdo\",\"description\":\"Tunisie - News en Tunisie et \u00e0 l&#039;international sur Webdo.tn\",\"publisher\":{\"@id\":\"https:\\\/\\\/www.webdo.tn\\\/fr\\\/#organization\"},\"potentialAction\":[{\"@type\":\"SearchAction\",\"target\":{\"@type\":\"EntryPoint\",\"urlTemplate\":\"https:\\\/\\\/www.webdo.tn\\\/fr\\\/?s={search_term_string}\"},\"query-input\":{\"@type\":\"PropertyValueSpecification\",\"valueRequired\":true,\"valueName\":\"search_term_string\"}}],\"inLanguage\":\"fr-FR\"},{\"@type\":\"Organization\",\"@id\":\"https:\\\/\\\/www.webdo.tn\\\/fr\\\/#organization\",\"name\":\"Webdo\",\"alternateName\":\"Webdo.tn\",\"url\":\"https:\\\/\\\/www.webdo.tn\\\/fr\\\/\",\"logo\":{\"@type\":\"ImageObject\",\"inLanguage\":\"fr-FR\",\"@id\":\"https:\\\/\\\/www.webdo.tn\\\/fr\\\/#\\\/schema\\\/logo\\\/image\\\/\",\"url\":\"https:\\\/\\\/www.webdo.tn\\\/fr\\\/wp-content\\\/uploads\\\/2025\\\/06\\\/Webdo-Tunisie_168377.jpg\",\"contentUrl\":\"https:\\\/\\\/www.webdo.tn\\\/fr\\\/wp-content\\\/uploads\\\/2025\\\/06\\\/Webdo-Tunisie_168377.jpg\",\"width\":301,\"height\":301,\"caption\":\"Webdo\"},\"image\":{\"@id\":\"https:\\\/\\\/www.webdo.tn\\\/fr\\\/#\\\/schema\\\/logo\\\/image\\\/\"},\"sameAs\":[\"https:\\\/\\\/www.facebook.com\\\/webdotn\",\"https:\\\/\\\/x.com\\\/webdo_tn\"],\"description\":\"Webdo est un m\u00e9dia num\u00e9rique tunisien fond\u00e9 en 2010, sp\u00e9cialis\u00e9 dans l\u2019actualit\u00e9 nationale et internationale, l\u2019\u00e9conomie, la soci\u00e9t\u00e9 et les analyses politiques. Le site s\u2019adresse \u00e0 un large public francophone et couvre l\u2019information tunisienne en temps r\u00e9el.\",\"email\":\"redac@webdo.tn\",\"legalName\":\"YNJ SARL\",\"foundingDate\":\"2010-09-06\",\"numberOfEmployees\":{\"@type\":\"QuantitativeValue\",\"minValue\":\"11\",\"maxValue\":\"50\"}},{\"@type\":\"Person\",\"@id\":\"https:\\\/\\\/www.webdo.tn\\\/fr\\\/#\\\/schema\\\/person\\\/2c4929cbf5a809e3bd38617c6ce150f6\",\"name\":\"MC\",\"image\":{\"@type\":\"ImageObject\",\"inLanguage\":\"fr-FR\",\"@id\":\"https:\\\/\\\/secure.gravatar.com\\\/avatar\\\/a545bbb6f84efdd5553dbbc2895e3ca8f1d12c5215e00a041c9670b54aa9b18a?s=96&d=mm&r=g\",\"url\":\"https:\\\/\\\/secure.gravatar.com\\\/avatar\\\/a545bbb6f84efdd5553dbbc2895e3ca8f1d12c5215e00a041c9670b54aa9b18a?s=96&d=mm&r=g\",\"contentUrl\":\"https:\\\/\\\/secure.gravatar.com\\\/avatar\\\/a545bbb6f84efdd5553dbbc2895e3ca8f1d12c5215e00a041c9670b54aa9b18a?s=96&d=mm&r=g\",\"caption\":\"MC\"},\"url\":\"https:\\\/\\\/www.webdo.tn\\\/fr\\\/actualite\\\/author\\\/mc\\\/\"}]}<\/script>\n<!-- \/ Yoast SEO Premium plugin. -->","yoast_head_json":{"title":"Tunisie : Kais Saied plaide pour un meilleur accompagnement des Tunisiens \u00e0 l'\u00e9tranger","description":"Le Pr\u00e9sident de la R\u00e9publique, Kais Saied, a \u00e9voqu\u00e9, lors d\u2019une rencontre, mardi 28 janvier 2025 au Palais de Carthage avec Mohamed Ali Nafti, ministre des Affa...","canonical":"https:\/\/www.webdo.tn\/fr\/actualite\/national\/tunisie-kais-saied-plaide-pour-un-meilleur-accompagnement-des-tunisiens-a-l-etranger\/219423\/","og_locale":"fr_FR","og_type":"article","og_title":"Tunisie : Kais Saied plaide pour un meilleur accompagnement des Tunisiens \u00e0 l'\u00e9tranger","og_description":"Le Pr\u00e9sident de la R\u00e9publique, Kais Saied, a \u00e9voqu\u00e9, lors d\u2019une rencontre, mardi 28 janvier 2025 au Palais de Carthage avec Mohamed Ali Nafti, ministre des Affa...","og_url":"https:\/\/www.webdo.tn\/fr\/actualite\/national\/tunisie-kais-saied-plaide-pour-un-meilleur-accompagnement-des-tunisiens-a-l-etranger\/219423\/","og_site_name":"webdo","article_publisher":"https:\/\/www.facebook.com\/webdotn","article_published_time":"2025-01-29T09:07:00+00:00","article_modified_time":"2025-05-20T21:43:39+00:00","og_image":[{"width":750,"height":400,"url":"https:\/\/www.webdo.tn\/fr\/wp-content\/uploads\/2025\/05\/b712fa262e04decf8b9d42bf081e870a-2.webp","type":"image\/webp"}],"author":"MC","twitter_card":"summary_large_image","twitter_creator":"@webdo_tn","twitter_site":"@webdo_tn","twitter_misc":{"\u00c9crit par":"MC","Dur\u00e9e de lecture estim\u00e9e":"2 minutes"},"schema":{"@context":"https:\/\/schema.org","@graph":[{"@type":"NewsArticle","@id":"https:\/\/www.webdo.tn\/fr\/actualite\/national\/tunisie-kais-saied-plaide-pour-un-meilleur-accompagnement-des-tunisiens-a-l-etranger\/219423\/#article","isPartOf":{"@id":"https:\/\/www.webdo.tn\/fr\/actualite\/national\/tunisie-kais-saied-plaide-pour-un-meilleur-accompagnement-des-tunisiens-a-l-etranger\/219423\/"},"author":{"name":"MC","@id":"https:\/\/www.webdo.tn\/fr\/#\/schema\/person\/2c4929cbf5a809e3bd38617c6ce150f6"},"headline":"Tunisie : Kais Saied plaide pour un meilleur accompagnement des Tunisiens \u00e0 l&rsquo;\u00e9tranger","datePublished":"2025-01-29T09:07:00+00:00","dateModified":"2025-05-20T21:43:39+00:00","mainEntityOfPage":{"@id":"https:\/\/www.webdo.tn\/fr\/actualite\/national\/tunisie-kais-saied-plaide-pour-un-meilleur-accompagnement-des-tunisiens-a-l-etranger\/219423\/"},"wordCount":318,"commentCount":0,"publisher":{"@id":"https:\/\/www.webdo.tn\/fr\/#organization"},"image":{"@id":"https:\/\/www.webdo.tn\/fr\/actualite\/national\/tunisie-kais-saied-plaide-pour-un-meilleur-accompagnement-des-tunisiens-a-l-etranger\/219423\/#primaryimage"},"thumbnailUrl":"https:\/\/www.webdo.tn\/fr\/wp-content\/uploads\/2025\/05\/b712fa262e04decf8b9d42bf081e870a-2.webp","keywords":["Kais Saied","Tunisie","tunisiens \u00e0 l'\u00e9tranger"],"articleSection":["National"],"inLanguage":"fr-FR"},{"@type":"WebPage","@id":"https:\/\/www.webdo.tn\/fr\/actualite\/national\/tunisie-kais-saied-plaide-pour-un-meilleur-accompagnement-des-tunisiens-a-l-etranger\/219423\/","url":"https:\/\/www.webdo.tn\/fr\/actualite\/national\/tunisie-kais-saied-plaide-pour-un-meilleur-accompagnement-des-tunisiens-a-l-etranger\/219423\/","name":"Tunisie : Kais Saied plaide pour un meilleur accompagnement des Tunisiens \u00e0 l'\u00e9tranger","isPartOf":{"@id":"https:\/\/www.webdo.tn\/fr\/#website"},"primaryImageOfPage":{"@id":"https:\/\/www.webdo.tn\/fr\/actualite\/national\/tunisie-kais-saied-plaide-pour-un-meilleur-accompagnement-des-tunisiens-a-l-etranger\/219423\/#primaryimage"},"image":{"@id":"https:\/\/www.webdo.tn\/fr\/actualite\/national\/tunisie-kais-saied-plaide-pour-un-meilleur-accompagnement-des-tunisiens-a-l-etranger\/219423\/#primaryimage"},"thumbnailUrl":"https:\/\/www.webdo.tn\/fr\/wp-content\/uploads\/2025\/05\/b712fa262e04decf8b9d42bf081e870a-2.webp","datePublished":"2025-01-29T09:07:00+00:00","dateModified":"2025-05-20T21:43:39+00:00","description":"Le Pr\u00e9sident de la R\u00e9publique, Kais Saied, a \u00e9voqu\u00e9, lors d\u2019une rencontre, mardi 28 janvier 2025 au Palais de Carthage avec Mohamed Ali Nafti, ministre des Affa...","breadcrumb":{"@id":"https:\/\/www.webdo.tn\/fr\/actualite\/national\/tunisie-kais-saied-plaide-pour-un-meilleur-accompagnement-des-tunisiens-a-l-etranger\/219423\/#breadcrumb"},"inLanguage":"fr-FR","potentialAction":[{"@type":"ReadAction","target":["https:\/\/www.webdo.tn\/fr\/actualite\/national\/tunisie-kais-saied-plaide-pour-un-meilleur-accompagnement-des-tunisiens-a-l-etranger\/219423\/"]}]},{"@type":"ImageObject","inLanguage":"fr-FR","@id":"https:\/\/www.webdo.tn\/fr\/actualite\/national\/tunisie-kais-saied-plaide-pour-un-meilleur-accompagnement-des-tunisiens-a-l-etranger\/219423\/#primaryimage","url":"https:\/\/www.webdo.tn\/fr\/wp-content\/uploads\/2025\/05\/b712fa262e04decf8b9d42bf081e870a-2.webp","contentUrl":"https:\/\/www.webdo.tn\/fr\/wp-content\/uploads\/2025\/05\/b712fa262e04decf8b9d42bf081e870a-2.webp","width":750,"height":400},{"@type":"BreadcrumbList","@id":"https:\/\/www.webdo.tn\/fr\/actualite\/national\/tunisie-kais-saied-plaide-pour-un-meilleur-accompagnement-des-tunisiens-a-l-etranger\/219423\/#breadcrumb","itemListElement":[{"@type":"ListItem","position":1,"name":"Accueil","item":"https:\/\/www.webdo.tn\/fr\/"},{"@type":"ListItem","position":2,"name":"Tunisie : Kais Saied plaide pour un meilleur accompagnement des Tunisiens \u00e0 l&#8217;\u00e9tranger"}]},{"@type":"WebSite","@id":"https:\/\/www.webdo.tn\/fr\/#website","url":"https:\/\/www.webdo.tn\/fr\/","name":"webdo","description":"Tunisie - News en Tunisie et \u00e0 l&#039;international sur Webdo.tn","publisher":{"@id":"https:\/\/www.webdo.tn\/fr\/#organization"},"potentialAction":[{"@type":"SearchAction","target":{"@type":"EntryPoint","urlTemplate":"https:\/\/www.webdo.tn\/fr\/?s={search_term_string}"},"query-input":{"@type":"PropertyValueSpecification","valueRequired":true,"valueName":"search_term_string"}}],"inLanguage":"fr-FR"},{"@type":"Organization","@id":"https:\/\/www.webdo.tn\/fr\/#organization","name":"Webdo","alternateName":"Webdo.tn","url":"https:\/\/www.webdo.tn\/fr\/","logo":{"@type":"ImageObject","inLanguage":"fr-FR","@id":"https:\/\/www.webdo.tn\/fr\/#\/schema\/logo\/image\/","url":"https:\/\/www.webdo.tn\/fr\/wp-content\/uploads\/2025\/06\/Webdo-Tunisie_168377.jpg","contentUrl":"https:\/\/www.webdo.tn\/fr\/wp-content\/uploads\/2025\/06\/Webdo-Tunisie_168377.jpg","width":301,"height":301,"caption":"Webdo"},"image":{"@id":"https:\/\/www.webdo.tn\/fr\/#\/schema\/logo\/image\/"},"sameAs":["https:\/\/www.facebook.com\/webdotn","https:\/\/x.com\/webdo_tn"],"description":"Webdo est un m\u00e9dia num\u00e9rique tunisien fond\u00e9 en 2010, sp\u00e9cialis\u00e9 dans l\u2019actualit\u00e9 nationale et internationale, l\u2019\u00e9conomie, la soci\u00e9t\u00e9 et les analyses politiques. Le site s\u2019adresse \u00e0 un large public francophone et couvre l\u2019information tunisienne en temps r\u00e9el.","email":"redac@webdo.tn","legalName":"YNJ SARL","foundingDate":"2010-09-06","numberOfEmployees":{"@type":"QuantitativeValue","minValue":"11","maxValue":"50"}},{"@type":"Person","@id":"https:\/\/www.webdo.tn\/fr\/#\/schema\/person\/2c4929cbf5a809e3bd38617c6ce150f6","name":"MC","image":{"@type":"ImageObject","inLanguage":"fr-FR","@id":"https:\/\/secure.gravatar.com\/avatar\/a545bbb6f84efdd5553dbbc2895e3ca8f1d12c5215e00a041c9670b54aa9b18a?s=96&d=mm&r=g","url":"https:\/\/secure.gravatar.com\/avatar\/a545bbb6f84efdd5553dbbc2895e3ca8f1d12c5215e00a041c9670b54aa9b18a?s=96&d=mm&r=g","contentUrl":"https:\/\/secure.gravatar.com\/avatar\/a545bbb6f84efdd5553dbbc2895e3ca8f1d12c5215e00a041c9670b54aa9b18a?s=96&d=mm&r=g","caption":"MC"},"url":"https:\/\/www.webdo.tn\/fr\/actualite\/author\/mc\/"}]}},"_links":{"self":[{"href":"https:\/\/www.webdo.tn\/fr\/wp-json\/wp\/v2\/posts\/219423","targetHints":{"allow":["GET"]}}],"collection":[{"href":"https:\/\/www.webdo.tn\/fr\/wp-json\/wp\/v2\/posts"}],"about":[{"href":"https:\/\/www.webdo.tn\/fr\/wp-json\/wp\/v2\/types\/post"}],"author":[{"embeddable":true,"href":"https:\/\/www.webdo.tn\/fr\/wp-json\/wp\/v2\/users\/3162"}],"replies":[{"embeddable":true,"href":"https:\/\/www.webdo.tn\/fr\/wp-json\/wp\/v2\/comments?post=219423"}],"version-history":[{"count":0,"href":"https:\/\/www.webdo.tn\/fr\/wp-json\/wp\/v2\/posts\/219423\/revisions"}],"wp:featuredmedia":[{"embeddable":true,"href":"https:\/\/www.webdo.tn\/fr\/wp-json\/wp\/v2\/media\/242594"}],"wp:attachment":[{"href":"https:\/\/www.webdo.tn\/fr\/wp-json\/wp\/v2\/media?parent=219423"}],"wp:term":[{"taxonomy":"category","embeddable":true,"href":"https:\/\/www.webdo.tn\/fr\/wp-json\/wp\/v2\/categories?post=219423"},{"taxonomy":"post_tag","embeddable":true,"href":"https:\/\/www.webdo.tn\/fr\/wp-json\/wp\/v2\/tags?post=219423"}],"curies":[{"name":"wp","href":"https:\/\/api.w.org\/{rel}","templated":true}]}}