{"id":219333,"date":"2025-01-25T09:42:00","date_gmt":"2025-01-25T09:42:00","guid":{"rendered":"https:\/\/www.webdo.tn\/fr\/blog\/edito-quand-trump-fait-les-comptes-la-tunisie-refait-ses-calculs\/219333\/"},"modified":"2025-01-25T09:42:00","modified_gmt":"2025-01-25T09:42:00","slug":"edito-quand-trump-fait-les-comptes-la-tunisie-refait-ses-calculs","status":"publish","type":"post","link":"https:\/\/www.webdo.tn\/fr\/actualite\/national\/edito-quand-trump-fait-les-comptes-la-tunisie-refait-ses-calculs\/219333\/","title":{"rendered":"Edito : Quand Trump fait les comptes, la Tunisie refait ses calculs"},"content":{"rendered":"<p>Donald Trump est de retour, et avec lui, une politique \u00e9trang\u00e8re qui n\u2019a rien de subtil. Dernier coup d\u2019\u00e9clat : la suspension temporaire de l\u2019aide am\u00e9ricaine \u00e0 l\u2019\u00e9tranger pour \u00ab \u00e9valuer l&rsquo;efficacit\u00e9 des programmes \u00bb. Traduisons : une mani\u00e8re de dire au monde qu\u2019il est temps de se d\u00e9brouiller seul. Mais pour la Tunisie, ce n\u2019est pas qu\u2019une question de chiffres.<\/p>\n<p>\t\t\t\t\t\t\t\t\tDepuis des ann\u00e9es, la Tunisie b\u00e9n\u00e9ficie d\u2019une assistance am\u00e9ricaine dans le domaine s\u00e9curitaire. Un soutien qui a permis de financer des \u00e9quipements modernes et des formations pointues. Mais voil\u00e0, avec Trump, l\u2019\u00e9poque des aides d\u00e9sint\u00e9ress\u00e9es (si tant est qu\u2019elle ait jamais exist\u00e9) semble toucher \u00e0 sa fin. On en revient \u00e0 une r\u00e8gle simple : rien n\u2019est gratuit, et encore moins en politique internationale.<\/p>\n<p>Cette suspension concerne la majorit\u00e9 des programmes d&rsquo;aide, \u00e0 l&rsquo;exception notable de l&rsquo;assistance militaire \u00e0 Isra\u00ebl et \u00e0 l&rsquo;\u00c9gypte, ainsi que de l&rsquo;aide alimentaire d&rsquo;urgence.\u00a0<\/p>\n<p>Autant rappeler que la Tunisie b\u00e9n\u00e9ficie depuis plusieurs ann\u00e9es d&rsquo;une assistance am\u00e9ricaine significative, notamment dans le domaine de la s\u00e9curit\u00e9. Cette aide vise \u00e0 renforcer les capacit\u00e9s des forces de s\u00e9curit\u00e9 tunisiennes dans la lutte contre le terrorisme et \u00e0 assurer la stabilit\u00e9 r\u00e9gionale.<\/p>\n<p>Faisons un petit bilan. Au cours des derni\u00e8res ann\u00e9es, l&rsquo;aide am\u00e9ricaine \u00e0 la Tunisie a connu des variations notables. Entre 2016 et 2021, cette assistance s&rsquo;\u00e9levait en moyenne \u00e0 plus de 179 millions de dollars par an, destin\u00e9s notamment aux questions s\u00e9curitaires et militaires.\u00a0<\/p>\n<p>En 2020, un record a \u00e9t\u00e9 atteint avec une aide totale de 241,4 millions de dollars, comprenant des fonds pour le soutien \u00e9conomique et des garanties de pr\u00eat.\u00a0<br \/>\nCependant, en 2022, les \u00c9tats-Unis ont annonc\u00e9 une r\u00e9duction significative de leur aide, diminuant de moiti\u00e9 les fonds allou\u00e9s par l&rsquo;USAID \u00e0 la Tunisie, en raison de pr\u00e9occupations concernant des \u00ab r\u00e9gressions d\u00e9mocratiques \u00bb.\u00a0<\/p>\n<p>En novembre 2024, l&rsquo;ambassade des \u00c9tats-Unis \u00e0 Tunis a annonc\u00e9 une contribution de 76,5 millions de dinars tunisiens (environ 24,85 millions de dollars) pour soutenir le secteur des dattes en Tunisie, dans le cadre du programme \u00ab\u00a0Food for Progress\u00a0\u00bb du minist\u00e8re am\u00e9ricain de l&rsquo;Agriculture.\u00a0<\/p>\n<p>Pourquoi ne pas transformer cette situation en opportunit\u00e9 ? Diversifions nos alliances. L\u2019Union europ\u00e9enne, les pays du Golfe ou m\u00eame des puissances \u00e9mergentes comme la Chine pourraient compenser ce d\u00e9ficit. Certes, cela implique des compromis, mais c\u2019est le prix \u00e0 payer pour retrouver une certaine autonomie.<\/p>\n<p>Il est essentiel de noter que la suspension actuelle est pr\u00e9vue pour une dur\u00e9e de 90 jours, p\u00e9riode durant laquelle une \u00e9valuation des programmes sera men\u00e9e. Les r\u00e9sultats de cette \u00e9valuation d\u00e9termineront si l&rsquo;aide sera r\u00e9tablie, modifi\u00e9e ou d\u00e9finitivement suspendue. La Tunisie devra donc suivre de pr\u00e8s l&rsquo;\u00e9volution de cette situation et envisager des strat\u00e9gies alternatives pour garantir sa s\u00e9curit\u00e9 nationale en cas de r\u00e9duction prolong\u00e9e de l&rsquo;aide am\u00e9ricaine.<\/p>\n<p>Cette suspension n\u2019est pas qu\u2019une mesure administrative. C\u2019est un \u00e9lectrochoc. Elle nous rappelle que la Tunisie ne peut plus se contenter de compter sur la g\u00e9n\u00e9rosit\u00e9 des autres. Il est temps d\u2019investir dans nos propres capacit\u00e9s, de renforcer nos institutions et de prouver que nous sommes capables de prendre en main notre destin, c\u2019est la voie que, visiblement, emprunte le pr\u00e9sident de la R\u00e9publique, mais les d\u00e9fis sont \u00e9normes.<\/p>\n","protected":false},"excerpt":{"rendered":"<p>Depuis des ann\u00e9es, la Tunisie b\u00e9n\u00e9ficie d\u2019une assistance am\u00e9ricaine dans le domaine s\u00e9curitaire. Un soutien qui a permis de financer des \u00e9quipements modernes et&#8230;<\/p>\n","protected":false},"author":3204,"featured_media":291735,"comment_status":"open","ping_status":"closed","sticky":false,"template":"","format":"standard","meta":{"footnotes":""},"categories":[44],"tags":[10898,7198,3642,3309,2608],"class_list":["post-219333","post","type-post","status-publish","format-standard","has-post-thumbnail","hentry","category-national","tag-edito","tag-aides","tag-finances","tag-trump","tag-tunisie"],"yoast_head":"<!-- This site is optimized with the Yoast SEO Premium plugin v27.5 (Yoast SEO v27.5) - https:\/\/yoast.com\/product\/yoast-seo-premium-wordpress\/ -->\n<title>Edito : Quand Trump fait les comptes, la Tunisie refait ses calculs<\/title>\n<meta name=\"description\" content=\"Depuis des ann\u00e9es, la Tunisie b\u00e9n\u00e9ficie d\u2019une assistance am\u00e9ricaine dans le domaine s\u00e9curitaire. Un soutien qui a permis de financer des \u00e9quipements modernes et...\" \/>\n<link rel=\"canonical\" href=\"https:\/\/www.webdo.tn\/fr\/actualite\/national\/edito-quand-trump-fait-les-comptes-la-tunisie-refait-ses-calculs\/219333\/\" \/>\n<meta property=\"og:locale\" content=\"fr_FR\" \/>\n<meta property=\"og:type\" content=\"article\" \/>\n<meta property=\"og:title\" content=\"Edito : Quand Trump fait les comptes, la Tunisie refait ses calculs\" \/>\n<meta property=\"og:description\" content=\"Depuis des ann\u00e9es, la Tunisie b\u00e9n\u00e9ficie d\u2019une assistance am\u00e9ricaine dans le domaine s\u00e9curitaire. Un soutien qui a permis de financer des \u00e9quipements modernes et...\" \/>\n<meta property=\"og:url\" content=\"https:\/\/www.webdo.tn\/fr\/actualite\/national\/edito-quand-trump-fait-les-comptes-la-tunisie-refait-ses-calculs\/219333\/\" \/>\n<meta property=\"og:site_name\" content=\"webdo\" \/>\n<meta property=\"article:publisher\" content=\"https:\/\/www.facebook.com\/webdotn\" \/>\n<meta property=\"article:author\" content=\"https:\/\/www.facebook.com\/khalil.jelassi.7\" \/>\n<meta property=\"article:published_time\" content=\"2025-01-25T09:42:00+00:00\" \/>\n<meta property=\"og:image\" content=\"https:\/\/www.webdo.tn\/fr\/wp-content\/uploads\/2025\/01\/16e9bd8336454d720e38ff0a7d427005.webp\" \/>\n\t<meta property=\"og:image:width\" content=\"750\" \/>\n\t<meta property=\"og:image:height\" content=\"400\" \/>\n\t<meta property=\"og:image:type\" content=\"image\/webp\" \/>\n<meta name=\"author\" content=\"Khalil JELASSI\" \/>\n<meta name=\"twitter:card\" content=\"summary_large_image\" \/>\n<meta name=\"twitter:creator\" content=\"@webdo_tn\" \/>\n<meta name=\"twitter:site\" content=\"@webdo_tn\" \/>\n<meta name=\"twitter:label1\" content=\"\u00c9crit par\" \/>\n\t<meta name=\"twitter:data1\" content=\"Khalil JELASSI\" \/>\n\t<meta name=\"twitter:label2\" content=\"Dur\u00e9e de lecture estim\u00e9e\" \/>\n\t<meta name=\"twitter:data2\" content=\"3 minutes\" \/>\n<script type=\"application\/ld+json\" class=\"yoast-schema-graph\">{\"@context\":\"https:\\\/\\\/schema.org\",\"@graph\":[{\"@type\":\"NewsArticle\",\"@id\":\"https:\\\/\\\/www.webdo.tn\\\/fr\\\/actualite\\\/national\\\/edito-quand-trump-fait-les-comptes-la-tunisie-refait-ses-calculs\\\/219333\\\/#article\",\"isPartOf\":{\"@id\":\"https:\\\/\\\/www.webdo.tn\\\/fr\\\/actualite\\\/national\\\/edito-quand-trump-fait-les-comptes-la-tunisie-refait-ses-calculs\\\/219333\\\/\"},\"author\":{\"name\":\"Khalil JELASSI\",\"@id\":\"https:\\\/\\\/www.webdo.tn\\\/fr\\\/#\\\/schema\\\/person\\\/5fb2f8f3d4ef4fd1d129927fd4b020ff\"},\"headline\":\"Edito : Quand Trump fait les comptes, la Tunisie refait ses calculs\",\"datePublished\":\"2025-01-25T09:42:00+00:00\",\"mainEntityOfPage\":{\"@id\":\"https:\\\/\\\/www.webdo.tn\\\/fr\\\/actualite\\\/national\\\/edito-quand-trump-fait-les-comptes-la-tunisie-refait-ses-calculs\\\/219333\\\/\"},\"wordCount\":601,\"commentCount\":0,\"publisher\":{\"@id\":\"https:\\\/\\\/www.webdo.tn\\\/fr\\\/#organization\"},\"image\":{\"@id\":\"https:\\\/\\\/www.webdo.tn\\\/fr\\\/actualite\\\/national\\\/edito-quand-trump-fait-les-comptes-la-tunisie-refait-ses-calculs\\\/219333\\\/#primaryimage\"},\"thumbnailUrl\":\"https:\\\/\\\/www.webdo.tn\\\/fr\\\/wp-content\\\/uploads\\\/2025\\\/01\\\/16e9bd8336454d720e38ff0a7d427005.webp\",\"keywords\":[\"'Edito']\",\"Aides\",\"Finances\",\"trump\",\"Tunisie\"],\"articleSection\":[\"National\"],\"inLanguage\":\"fr-FR\"},{\"@type\":\"WebPage\",\"@id\":\"https:\\\/\\\/www.webdo.tn\\\/fr\\\/actualite\\\/national\\\/edito-quand-trump-fait-les-comptes-la-tunisie-refait-ses-calculs\\\/219333\\\/\",\"url\":\"https:\\\/\\\/www.webdo.tn\\\/fr\\\/actualite\\\/national\\\/edito-quand-trump-fait-les-comptes-la-tunisie-refait-ses-calculs\\\/219333\\\/\",\"name\":\"Edito : Quand Trump fait les comptes, la Tunisie refait ses calculs\",\"isPartOf\":{\"@id\":\"https:\\\/\\\/www.webdo.tn\\\/fr\\\/#website\"},\"primaryImageOfPage\":{\"@id\":\"https:\\\/\\\/www.webdo.tn\\\/fr\\\/actualite\\\/national\\\/edito-quand-trump-fait-les-comptes-la-tunisie-refait-ses-calculs\\\/219333\\\/#primaryimage\"},\"image\":{\"@id\":\"https:\\\/\\\/www.webdo.tn\\\/fr\\\/actualite\\\/national\\\/edito-quand-trump-fait-les-comptes-la-tunisie-refait-ses-calculs\\\/219333\\\/#primaryimage\"},\"thumbnailUrl\":\"https:\\\/\\\/www.webdo.tn\\\/fr\\\/wp-content\\\/uploads\\\/2025\\\/01\\\/16e9bd8336454d720e38ff0a7d427005.webp\",\"datePublished\":\"2025-01-25T09:42:00+00:00\",\"description\":\"Depuis des ann\u00e9es, la Tunisie b\u00e9n\u00e9ficie d\u2019une assistance am\u00e9ricaine dans le domaine s\u00e9curitaire. Un soutien qui a permis de financer des \u00e9quipements modernes et...\",\"breadcrumb\":{\"@id\":\"https:\\\/\\\/www.webdo.tn\\\/fr\\\/actualite\\\/national\\\/edito-quand-trump-fait-les-comptes-la-tunisie-refait-ses-calculs\\\/219333\\\/#breadcrumb\"},\"inLanguage\":\"fr-FR\",\"potentialAction\":[{\"@type\":\"ReadAction\",\"target\":[\"https:\\\/\\\/www.webdo.tn\\\/fr\\\/actualite\\\/national\\\/edito-quand-trump-fait-les-comptes-la-tunisie-refait-ses-calculs\\\/219333\\\/\"]}]},{\"@type\":\"ImageObject\",\"inLanguage\":\"fr-FR\",\"@id\":\"https:\\\/\\\/www.webdo.tn\\\/fr\\\/actualite\\\/national\\\/edito-quand-trump-fait-les-comptes-la-tunisie-refait-ses-calculs\\\/219333\\\/#primaryimage\",\"url\":\"https:\\\/\\\/www.webdo.tn\\\/fr\\\/wp-content\\\/uploads\\\/2025\\\/01\\\/16e9bd8336454d720e38ff0a7d427005.webp\",\"contentUrl\":\"https:\\\/\\\/www.webdo.tn\\\/fr\\\/wp-content\\\/uploads\\\/2025\\\/01\\\/16e9bd8336454d720e38ff0a7d427005.webp\",\"width\":750,\"height\":400,\"caption\":\"Edito : Quand Trump fait les comptes, la Tunisie refait ses calculs\"},{\"@type\":\"BreadcrumbList\",\"@id\":\"https:\\\/\\\/www.webdo.tn\\\/fr\\\/actualite\\\/national\\\/edito-quand-trump-fait-les-comptes-la-tunisie-refait-ses-calculs\\\/219333\\\/#breadcrumb\",\"itemListElement\":[{\"@type\":\"ListItem\",\"position\":1,\"name\":\"Accueil\",\"item\":\"https:\\\/\\\/www.webdo.tn\\\/fr\\\/\"},{\"@type\":\"ListItem\",\"position\":2,\"name\":\"Edito : Quand Trump fait les comptes, la Tunisie refait ses calculs\"}]},{\"@type\":\"WebSite\",\"@id\":\"https:\\\/\\\/www.webdo.tn\\\/fr\\\/#website\",\"url\":\"https:\\\/\\\/www.webdo.tn\\\/fr\\\/\",\"name\":\"webdo\",\"description\":\"Tunisie - News en Tunisie et \u00e0 l&#039;international sur Webdo.tn\",\"publisher\":{\"@id\":\"https:\\\/\\\/www.webdo.tn\\\/fr\\\/#organization\"},\"potentialAction\":[{\"@type\":\"SearchAction\",\"target\":{\"@type\":\"EntryPoint\",\"urlTemplate\":\"https:\\\/\\\/www.webdo.tn\\\/fr\\\/?s={search_term_string}\"},\"query-input\":{\"@type\":\"PropertyValueSpecification\",\"valueRequired\":true,\"valueName\":\"search_term_string\"}}],\"inLanguage\":\"fr-FR\"},{\"@type\":\"Organization\",\"@id\":\"https:\\\/\\\/www.webdo.tn\\\/fr\\\/#organization\",\"name\":\"Webdo\",\"alternateName\":\"Webdo.tn\",\"url\":\"https:\\\/\\\/www.webdo.tn\\\/fr\\\/\",\"logo\":{\"@type\":\"ImageObject\",\"inLanguage\":\"fr-FR\",\"@id\":\"https:\\\/\\\/www.webdo.tn\\\/fr\\\/#\\\/schema\\\/logo\\\/image\\\/\",\"url\":\"https:\\\/\\\/www.webdo.tn\\\/fr\\\/wp-content\\\/uploads\\\/2025\\\/06\\\/Webdo-Tunisie_168377.jpg\",\"contentUrl\":\"https:\\\/\\\/www.webdo.tn\\\/fr\\\/wp-content\\\/uploads\\\/2025\\\/06\\\/Webdo-Tunisie_168377.jpg\",\"width\":301,\"height\":301,\"caption\":\"Webdo\"},\"image\":{\"@id\":\"https:\\\/\\\/www.webdo.tn\\\/fr\\\/#\\\/schema\\\/logo\\\/image\\\/\"},\"sameAs\":[\"https:\\\/\\\/www.facebook.com\\\/webdotn\",\"https:\\\/\\\/x.com\\\/webdo_tn\"],\"description\":\"Webdo est un m\u00e9dia num\u00e9rique tunisien fond\u00e9 en 2010, sp\u00e9cialis\u00e9 dans l\u2019actualit\u00e9 nationale et internationale, l\u2019\u00e9conomie, la soci\u00e9t\u00e9 et les analyses politiques. Le site s\u2019adresse \u00e0 un large public francophone et couvre l\u2019information tunisienne en temps r\u00e9el.\",\"email\":\"redac@webdo.tn\",\"legalName\":\"YNJ SARL\",\"foundingDate\":\"2010-09-06\",\"numberOfEmployees\":{\"@type\":\"QuantitativeValue\",\"minValue\":\"11\",\"maxValue\":\"50\"}},{\"@type\":\"Person\",\"@id\":\"https:\\\/\\\/www.webdo.tn\\\/fr\\\/#\\\/schema\\\/person\\\/5fb2f8f3d4ef4fd1d129927fd4b020ff\",\"name\":\"Khalil JELASSI\",\"image\":{\"@type\":\"ImageObject\",\"inLanguage\":\"fr-FR\",\"@id\":\"https:\\\/\\\/www.webdo.tn\\\/fr\\\/wp-content\\\/uploads\\\/2026\\\/04\\\/khalil-jelassi_avatar-96x96.jpg\",\"url\":\"https:\\\/\\\/www.webdo.tn\\\/fr\\\/wp-content\\\/uploads\\\/2026\\\/04\\\/khalil-jelassi_avatar-96x96.jpg\",\"contentUrl\":\"https:\\\/\\\/www.webdo.tn\\\/fr\\\/wp-content\\\/uploads\\\/2026\\\/04\\\/khalil-jelassi_avatar-96x96.jpg\",\"caption\":\"Khalil JELASSI\"},\"description\":\"Khalil Jelassi est journaliste, ma\u00eetre-assistant \u00e0 l\u2019Institut de presse et des sciences de l\u2019information (IPSI) et chercheur en sciences de l\u2019information et de la communication. Sp\u00e9cialiste des m\u00e9dias, des pratiques journalistiques et des mutations de l\u2019information, il s\u2019int\u00e9resse particuli\u00e8rement aux transformations du paysage m\u00e9diatique, aux enjeux num\u00e9riques et aux dynamiques de production de l\u2019information. \u00c0 travers ses contributions, il propose une lecture analytique de l\u2019actualit\u00e9, en croisant approche acad\u00e9mique et exp\u00e9rience journalistique. \ud83d\udd17 Facebook : https:\\\/\\\/www.facebook.com\\\/khalil.jelassi.7\",\"sameAs\":[\"https:\\\/\\\/www.facebook.com\\\/khalil.jelassi.7\"],\"knowsAbout\":[\"journalisme\",\"m\u00e9dias\",\"communication\",\"sciences de l'information\",\"transformation num\u00e9rique\",\"analyse des m\u00e9dias\"],\"knowsLanguage\":[\"Fran\u00e7ais\",\"Arabe\",\"Anglais\"],\"jobTitle\":\"Ma\u00eetre-assistant et journaliste\",\"worksFor\":\"IPSI \u2013 Institut de presse et des sciences de l'information\",\"url\":\"https:\\\/\\\/www.webdo.tn\\\/fr\\\/actualite\\\/author\\\/khalil-jelassi\\\/\"}]}<\/script>\n<!-- \/ Yoast SEO Premium plugin. -->","yoast_head_json":{"title":"Edito : Quand Trump fait les comptes, la Tunisie refait ses calculs","description":"Depuis des ann\u00e9es, la Tunisie b\u00e9n\u00e9ficie d\u2019une assistance am\u00e9ricaine dans le domaine s\u00e9curitaire. Un soutien qui a permis de financer des \u00e9quipements modernes et...","canonical":"https:\/\/www.webdo.tn\/fr\/actualite\/national\/edito-quand-trump-fait-les-comptes-la-tunisie-refait-ses-calculs\/219333\/","og_locale":"fr_FR","og_type":"article","og_title":"Edito : Quand Trump fait les comptes, la Tunisie refait ses calculs","og_description":"Depuis des ann\u00e9es, la Tunisie b\u00e9n\u00e9ficie d\u2019une assistance am\u00e9ricaine dans le domaine s\u00e9curitaire. Un soutien qui a permis de financer des \u00e9quipements modernes et...","og_url":"https:\/\/www.webdo.tn\/fr\/actualite\/national\/edito-quand-trump-fait-les-comptes-la-tunisie-refait-ses-calculs\/219333\/","og_site_name":"webdo","article_publisher":"https:\/\/www.facebook.com\/webdotn","article_author":"https:\/\/www.facebook.com\/khalil.jelassi.7","article_published_time":"2025-01-25T09:42:00+00:00","og_image":[{"width":750,"height":400,"url":"https:\/\/www.webdo.tn\/fr\/wp-content\/uploads\/2025\/01\/16e9bd8336454d720e38ff0a7d427005.webp","type":"image\/webp"}],"author":"Khalil JELASSI","twitter_card":"summary_large_image","twitter_creator":"@webdo_tn","twitter_site":"@webdo_tn","twitter_misc":{"\u00c9crit par":"Khalil JELASSI","Dur\u00e9e de lecture estim\u00e9e":"3 minutes"},"schema":{"@context":"https:\/\/schema.org","@graph":[{"@type":"NewsArticle","@id":"https:\/\/www.webdo.tn\/fr\/actualite\/national\/edito-quand-trump-fait-les-comptes-la-tunisie-refait-ses-calculs\/219333\/#article","isPartOf":{"@id":"https:\/\/www.webdo.tn\/fr\/actualite\/national\/edito-quand-trump-fait-les-comptes-la-tunisie-refait-ses-calculs\/219333\/"},"author":{"name":"Khalil JELASSI","@id":"https:\/\/www.webdo.tn\/fr\/#\/schema\/person\/5fb2f8f3d4ef4fd1d129927fd4b020ff"},"headline":"Edito : Quand Trump fait les comptes, la Tunisie refait ses calculs","datePublished":"2025-01-25T09:42:00+00:00","mainEntityOfPage":{"@id":"https:\/\/www.webdo.tn\/fr\/actualite\/national\/edito-quand-trump-fait-les-comptes-la-tunisie-refait-ses-calculs\/219333\/"},"wordCount":601,"commentCount":0,"publisher":{"@id":"https:\/\/www.webdo.tn\/fr\/#organization"},"image":{"@id":"https:\/\/www.webdo.tn\/fr\/actualite\/national\/edito-quand-trump-fait-les-comptes-la-tunisie-refait-ses-calculs\/219333\/#primaryimage"},"thumbnailUrl":"https:\/\/www.webdo.tn\/fr\/wp-content\/uploads\/2025\/01\/16e9bd8336454d720e38ff0a7d427005.webp","keywords":["'Edito']","Aides","Finances","trump","Tunisie"],"articleSection":["National"],"inLanguage":"fr-FR"},{"@type":"WebPage","@id":"https:\/\/www.webdo.tn\/fr\/actualite\/national\/edito-quand-trump-fait-les-comptes-la-tunisie-refait-ses-calculs\/219333\/","url":"https:\/\/www.webdo.tn\/fr\/actualite\/national\/edito-quand-trump-fait-les-comptes-la-tunisie-refait-ses-calculs\/219333\/","name":"Edito : Quand Trump fait les comptes, la Tunisie refait ses calculs","isPartOf":{"@id":"https:\/\/www.webdo.tn\/fr\/#website"},"primaryImageOfPage":{"@id":"https:\/\/www.webdo.tn\/fr\/actualite\/national\/edito-quand-trump-fait-les-comptes-la-tunisie-refait-ses-calculs\/219333\/#primaryimage"},"image":{"@id":"https:\/\/www.webdo.tn\/fr\/actualite\/national\/edito-quand-trump-fait-les-comptes-la-tunisie-refait-ses-calculs\/219333\/#primaryimage"},"thumbnailUrl":"https:\/\/www.webdo.tn\/fr\/wp-content\/uploads\/2025\/01\/16e9bd8336454d720e38ff0a7d427005.webp","datePublished":"2025-01-25T09:42:00+00:00","description":"Depuis des ann\u00e9es, la Tunisie b\u00e9n\u00e9ficie d\u2019une assistance am\u00e9ricaine dans le domaine s\u00e9curitaire. Un soutien qui a permis de financer des \u00e9quipements modernes et...","breadcrumb":{"@id":"https:\/\/www.webdo.tn\/fr\/actualite\/national\/edito-quand-trump-fait-les-comptes-la-tunisie-refait-ses-calculs\/219333\/#breadcrumb"},"inLanguage":"fr-FR","potentialAction":[{"@type":"ReadAction","target":["https:\/\/www.webdo.tn\/fr\/actualite\/national\/edito-quand-trump-fait-les-comptes-la-tunisie-refait-ses-calculs\/219333\/"]}]},{"@type":"ImageObject","inLanguage":"fr-FR","@id":"https:\/\/www.webdo.tn\/fr\/actualite\/national\/edito-quand-trump-fait-les-comptes-la-tunisie-refait-ses-calculs\/219333\/#primaryimage","url":"https:\/\/www.webdo.tn\/fr\/wp-content\/uploads\/2025\/01\/16e9bd8336454d720e38ff0a7d427005.webp","contentUrl":"https:\/\/www.webdo.tn\/fr\/wp-content\/uploads\/2025\/01\/16e9bd8336454d720e38ff0a7d427005.webp","width":750,"height":400,"caption":"Edito : Quand Trump fait les comptes, la Tunisie refait ses calculs"},{"@type":"BreadcrumbList","@id":"https:\/\/www.webdo.tn\/fr\/actualite\/national\/edito-quand-trump-fait-les-comptes-la-tunisie-refait-ses-calculs\/219333\/#breadcrumb","itemListElement":[{"@type":"ListItem","position":1,"name":"Accueil","item":"https:\/\/www.webdo.tn\/fr\/"},{"@type":"ListItem","position":2,"name":"Edito : Quand Trump fait les comptes, la Tunisie refait ses calculs"}]},{"@type":"WebSite","@id":"https:\/\/www.webdo.tn\/fr\/#website","url":"https:\/\/www.webdo.tn\/fr\/","name":"webdo","description":"Tunisie - News en Tunisie et \u00e0 l&#039;international sur Webdo.tn","publisher":{"@id":"https:\/\/www.webdo.tn\/fr\/#organization"},"potentialAction":[{"@type":"SearchAction","target":{"@type":"EntryPoint","urlTemplate":"https:\/\/www.webdo.tn\/fr\/?s={search_term_string}"},"query-input":{"@type":"PropertyValueSpecification","valueRequired":true,"valueName":"search_term_string"}}],"inLanguage":"fr-FR"},{"@type":"Organization","@id":"https:\/\/www.webdo.tn\/fr\/#organization","name":"Webdo","alternateName":"Webdo.tn","url":"https:\/\/www.webdo.tn\/fr\/","logo":{"@type":"ImageObject","inLanguage":"fr-FR","@id":"https:\/\/www.webdo.tn\/fr\/#\/schema\/logo\/image\/","url":"https:\/\/www.webdo.tn\/fr\/wp-content\/uploads\/2025\/06\/Webdo-Tunisie_168377.jpg","contentUrl":"https:\/\/www.webdo.tn\/fr\/wp-content\/uploads\/2025\/06\/Webdo-Tunisie_168377.jpg","width":301,"height":301,"caption":"Webdo"},"image":{"@id":"https:\/\/www.webdo.tn\/fr\/#\/schema\/logo\/image\/"},"sameAs":["https:\/\/www.facebook.com\/webdotn","https:\/\/x.com\/webdo_tn"],"description":"Webdo est un m\u00e9dia num\u00e9rique tunisien fond\u00e9 en 2010, sp\u00e9cialis\u00e9 dans l\u2019actualit\u00e9 nationale et internationale, l\u2019\u00e9conomie, la soci\u00e9t\u00e9 et les analyses politiques. Le site s\u2019adresse \u00e0 un large public francophone et couvre l\u2019information tunisienne en temps r\u00e9el.","email":"redac@webdo.tn","legalName":"YNJ SARL","foundingDate":"2010-09-06","numberOfEmployees":{"@type":"QuantitativeValue","minValue":"11","maxValue":"50"}},{"@type":"Person","@id":"https:\/\/www.webdo.tn\/fr\/#\/schema\/person\/5fb2f8f3d4ef4fd1d129927fd4b020ff","name":"Khalil JELASSI","image":{"@type":"ImageObject","inLanguage":"fr-FR","@id":"https:\/\/www.webdo.tn\/fr\/wp-content\/uploads\/2026\/04\/khalil-jelassi_avatar-96x96.jpg","url":"https:\/\/www.webdo.tn\/fr\/wp-content\/uploads\/2026\/04\/khalil-jelassi_avatar-96x96.jpg","contentUrl":"https:\/\/www.webdo.tn\/fr\/wp-content\/uploads\/2026\/04\/khalil-jelassi_avatar-96x96.jpg","caption":"Khalil JELASSI"},"description":"Khalil Jelassi est journaliste, ma\u00eetre-assistant \u00e0 l\u2019Institut de presse et des sciences de l\u2019information (IPSI) et chercheur en sciences de l\u2019information et de la communication. Sp\u00e9cialiste des m\u00e9dias, des pratiques journalistiques et des mutations de l\u2019information, il s\u2019int\u00e9resse particuli\u00e8rement aux transformations du paysage m\u00e9diatique, aux enjeux num\u00e9riques et aux dynamiques de production de l\u2019information. \u00c0 travers ses contributions, il propose une lecture analytique de l\u2019actualit\u00e9, en croisant approche acad\u00e9mique et exp\u00e9rience journalistique. \ud83d\udd17 Facebook : https:\/\/www.facebook.com\/khalil.jelassi.7","sameAs":["https:\/\/www.facebook.com\/khalil.jelassi.7"],"knowsAbout":["journalisme","m\u00e9dias","communication","sciences de l'information","transformation num\u00e9rique","analyse des m\u00e9dias"],"knowsLanguage":["Fran\u00e7ais","Arabe","Anglais"],"jobTitle":"Ma\u00eetre-assistant et journaliste","worksFor":"IPSI \u2013 Institut de presse et des sciences de l'information","url":"https:\/\/www.webdo.tn\/fr\/actualite\/author\/khalil-jelassi\/"}]}},"_links":{"self":[{"href":"https:\/\/www.webdo.tn\/fr\/wp-json\/wp\/v2\/posts\/219333","targetHints":{"allow":["GET"]}}],"collection":[{"href":"https:\/\/www.webdo.tn\/fr\/wp-json\/wp\/v2\/posts"}],"about":[{"href":"https:\/\/www.webdo.tn\/fr\/wp-json\/wp\/v2\/types\/post"}],"author":[{"embeddable":true,"href":"https:\/\/www.webdo.tn\/fr\/wp-json\/wp\/v2\/users\/3204"}],"replies":[{"embeddable":true,"href":"https:\/\/www.webdo.tn\/fr\/wp-json\/wp\/v2\/comments?post=219333"}],"version-history":[{"count":0,"href":"https:\/\/www.webdo.tn\/fr\/wp-json\/wp\/v2\/posts\/219333\/revisions"}],"wp:featuredmedia":[{"embeddable":true,"href":"https:\/\/www.webdo.tn\/fr\/wp-json\/wp\/v2\/media\/291735"}],"wp:attachment":[{"href":"https:\/\/www.webdo.tn\/fr\/wp-json\/wp\/v2\/media?parent=219333"}],"wp:term":[{"taxonomy":"category","embeddable":true,"href":"https:\/\/www.webdo.tn\/fr\/wp-json\/wp\/v2\/categories?post=219333"},{"taxonomy":"post_tag","embeddable":true,"href":"https:\/\/www.webdo.tn\/fr\/wp-json\/wp\/v2\/tags?post=219333"}],"curies":[{"name":"wp","href":"https:\/\/api.w.org\/{rel}","templated":true}]}}