{"id":219329,"date":"2025-01-24T21:48:00","date_gmt":"2025-01-24T21:48:00","guid":{"rendered":"https:\/\/www.webdo.tn\/fr\/blog\/incident-a-lafayette-le-ministere-de-l-interieur-apporte-des-precisions\/219329\/"},"modified":"2025-05-21T09:08:32","modified_gmt":"2025-05-21T09:08:32","slug":"incident-a-lafayette-le-ministere-de-l-interieur-apporte-des-precisions","status":"publish","type":"post","link":"https:\/\/www.webdo.tn\/fr\/actualite\/national\/incident-a-lafayette-le-ministere-de-l-interieur-apporte-des-precisions\/219329\/","title":{"rendered":"Un homme s&rsquo;immole \u00e0 Lafayette : le minist\u00e8re de l&rsquo;Int\u00e9rieur apporte des pr\u00e9cisions"},"content":{"rendered":"<p>Dans la soir\u00e9e du vendredi 24 janvier 2025, le minist\u00e8re de l&rsquo;Int\u00e9rieur a rapport\u00e9 qu\u2019un homme s\u2019est immol\u00e9 par le feu dans le quartier de Lafayette, \u00e0 Tunis.<\/p>\n<p>\t\t\t\t\t\t\t\t\tD&rsquo;apr\u00e8s le communiqu\u00e9 du minist\u00e8re, l&rsquo;assaillant, apr\u00e8s s&rsquo;\u00eatre immol\u00e9, s&rsquo;est dirig\u00e9 vers un agent de s\u00e9curit\u00e9, ce qui a pouss\u00e9 un autre agent \u00e0 ouvrir le feu afin de prot\u00e9ger son coll\u00e8gue. L&rsquo;agent bless\u00e9 a \u00e9t\u00e9 transport\u00e9 \u00e0 l&rsquo;h\u00f4pital en raison de br\u00fblures.<\/p>\n<p>Au cours de l&rsquo;incident, un autre citoyen, se trouvant \u00e0 proximit\u00e9, a \u00e9galement \u00e9t\u00e9 bless\u00e9. Il a \u00e9t\u00e9 pris en charge par les services d&rsquo;urgence, et son \u00e9tat a \u00e9t\u00e9 jug\u00e9 stable.<\/p>\n<p>L&rsquo;identit\u00e9 de l&rsquo;homme d\u00e9c\u00e9d\u00e9 a \u00e9t\u00e9 \u00e9tablie, et il a \u00e9t\u00e9 r\u00e9v\u00e9l\u00e9 qu&rsquo;il souffrait de troubles psychologiques, selon les informations fournies par la source officielle.<\/p>\n","protected":false},"excerpt":{"rendered":"<p>Un homme s&rsquo;est immol\u00e9 par le feu \u00e0 Tunis, entra\u00eenant des blessures pour un policier et un citoyen. La victime souffrait de troubles psychologiques.<\/p>\n","protected":false},"author":3166,"featured_media":291731,"comment_status":"open","ping_status":"closed","sticky":false,"template":"","format":"standard","meta":{"footnotes":""},"categories":[44],"tags":[10894,3915,4082,2608],"class_list":["post-219329","post","type-post","status-publish","format-standard","has-post-thumbnail","hentry","category-national","tag-la-fayette","tag-accident","tag-immolation","tag-tunisie"],"yoast_head":"<!-- This site is optimized with the Yoast SEO Premium plugin v27.5 (Yoast SEO v27.5) - https:\/\/yoast.com\/product\/yoast-seo-premium-wordpress\/ -->\n<title>Un homme s&#039;immole \u00e0 Lafayette : le minist\u00e8re de l&#039;Int\u00e9rieur apporte des pr\u00e9cisions<\/title>\n<meta name=\"description\" content=\"Un homme s&#039;est immol\u00e9 par le feu \u00e0 Tunis, entra\u00eenant des blessures pour un policier et un citoyen. La victime souffrait de troubles psychologiques.\" \/>\n<link rel=\"canonical\" href=\"https:\/\/www.webdo.tn\/fr\/actualite\/national\/incident-a-lafayette-le-ministere-de-l-interieur-apporte-des-precisions\/219329\/\" \/>\n<meta property=\"og:locale\" content=\"fr_FR\" \/>\n<meta property=\"og:type\" content=\"article\" \/>\n<meta property=\"og:title\" content=\"Un homme s&#039;immole \u00e0 Lafayette : le minist\u00e8re de l&#039;Int\u00e9rieur apporte des pr\u00e9cisions\" \/>\n<meta property=\"og:description\" content=\"Un homme s&#039;est immol\u00e9 par le feu \u00e0 Tunis, entra\u00eenant des blessures pour un policier et un citoyen. La victime souffrait de troubles psychologiques.\" \/>\n<meta property=\"og:url\" content=\"https:\/\/www.webdo.tn\/fr\/actualite\/national\/incident-a-lafayette-le-ministere-de-l-interieur-apporte-des-precisions\/219329\/\" \/>\n<meta property=\"og:site_name\" content=\"webdo\" \/>\n<meta property=\"article:publisher\" content=\"https:\/\/www.facebook.com\/webdotn\" \/>\n<meta property=\"article:published_time\" content=\"2025-01-24T21:48:00+00:00\" \/>\n<meta property=\"article:modified_time\" content=\"2025-05-21T09:08:32+00:00\" \/>\n<meta property=\"og:image\" content=\"https:\/\/www.webdo.tn\/fr\/wp-content\/uploads\/2025\/01\/14e3c931664848be627c3d1ae5760c68.webp\" \/>\n\t<meta property=\"og:image:width\" content=\"640\" \/>\n\t<meta property=\"og:image:height\" content=\"341\" \/>\n\t<meta property=\"og:image:type\" content=\"image\/webp\" \/>\n<meta name=\"author\" content=\"AZ\" \/>\n<meta name=\"twitter:card\" content=\"summary_large_image\" \/>\n<meta name=\"twitter:creator\" content=\"@webdo_tn\" \/>\n<meta name=\"twitter:site\" content=\"@webdo_tn\" \/>\n<meta name=\"twitter:label1\" content=\"\u00c9crit par\" \/>\n\t<meta name=\"twitter:data1\" content=\"AZ\" \/>\n\t<meta name=\"twitter:label2\" content=\"Dur\u00e9e de lecture estim\u00e9e\" \/>\n\t<meta name=\"twitter:data2\" content=\"1 minute\" \/>\n<script type=\"application\/ld+json\" class=\"yoast-schema-graph\">{\"@context\":\"https:\\\/\\\/schema.org\",\"@graph\":[{\"@type\":\"NewsArticle\",\"@id\":\"https:\\\/\\\/www.webdo.tn\\\/fr\\\/actualite\\\/national\\\/incident-a-lafayette-le-ministere-de-l-interieur-apporte-des-precisions\\\/219329\\\/#article\",\"isPartOf\":{\"@id\":\"https:\\\/\\\/www.webdo.tn\\\/fr\\\/actualite\\\/national\\\/incident-a-lafayette-le-ministere-de-l-interieur-apporte-des-precisions\\\/219329\\\/\"},\"author\":{\"name\":\"AZ\",\"@id\":\"https:\\\/\\\/www.webdo.tn\\\/fr\\\/#\\\/schema\\\/person\\\/b8a41c04d93287d375510db360906b34\"},\"headline\":\"Un homme s&rsquo;immole \u00e0 Lafayette : le minist\u00e8re de l&rsquo;Int\u00e9rieur apporte des pr\u00e9cisions\",\"datePublished\":\"2025-01-24T21:48:00+00:00\",\"dateModified\":\"2025-05-21T09:08:32+00:00\",\"mainEntityOfPage\":{\"@id\":\"https:\\\/\\\/www.webdo.tn\\\/fr\\\/actualite\\\/national\\\/incident-a-lafayette-le-ministere-de-l-interieur-apporte-des-precisions\\\/219329\\\/\"},\"wordCount\":167,\"commentCount\":0,\"publisher\":{\"@id\":\"https:\\\/\\\/www.webdo.tn\\\/fr\\\/#organization\"},\"image\":{\"@id\":\"https:\\\/\\\/www.webdo.tn\\\/fr\\\/actualite\\\/national\\\/incident-a-lafayette-le-ministere-de-l-interieur-apporte-des-precisions\\\/219329\\\/#primaryimage\"},\"thumbnailUrl\":\"https:\\\/\\\/www.webdo.tn\\\/fr\\\/wp-content\\\/uploads\\\/2025\\\/01\\\/14e3c931664848be627c3d1ae5760c68.webp\",\"keywords\":[\"'La Fayette']\",\"accident\",\"Immolation\",\"Tunisie\"],\"articleSection\":[\"National\"],\"inLanguage\":\"fr-FR\"},{\"@type\":\"WebPage\",\"@id\":\"https:\\\/\\\/www.webdo.tn\\\/fr\\\/actualite\\\/national\\\/incident-a-lafayette-le-ministere-de-l-interieur-apporte-des-precisions\\\/219329\\\/\",\"url\":\"https:\\\/\\\/www.webdo.tn\\\/fr\\\/actualite\\\/national\\\/incident-a-lafayette-le-ministere-de-l-interieur-apporte-des-precisions\\\/219329\\\/\",\"name\":\"Un homme s'immole \u00e0 Lafayette : le minist\u00e8re de l'Int\u00e9rieur apporte des pr\u00e9cisions\",\"isPartOf\":{\"@id\":\"https:\\\/\\\/www.webdo.tn\\\/fr\\\/#website\"},\"primaryImageOfPage\":{\"@id\":\"https:\\\/\\\/www.webdo.tn\\\/fr\\\/actualite\\\/national\\\/incident-a-lafayette-le-ministere-de-l-interieur-apporte-des-precisions\\\/219329\\\/#primaryimage\"},\"image\":{\"@id\":\"https:\\\/\\\/www.webdo.tn\\\/fr\\\/actualite\\\/national\\\/incident-a-lafayette-le-ministere-de-l-interieur-apporte-des-precisions\\\/219329\\\/#primaryimage\"},\"thumbnailUrl\":\"https:\\\/\\\/www.webdo.tn\\\/fr\\\/wp-content\\\/uploads\\\/2025\\\/01\\\/14e3c931664848be627c3d1ae5760c68.webp\",\"datePublished\":\"2025-01-24T21:48:00+00:00\",\"dateModified\":\"2025-05-21T09:08:32+00:00\",\"description\":\"Un homme s'est immol\u00e9 par le feu \u00e0 Tunis, entra\u00eenant des blessures pour un policier et un citoyen. La victime souffrait de troubles psychologiques.\",\"breadcrumb\":{\"@id\":\"https:\\\/\\\/www.webdo.tn\\\/fr\\\/actualite\\\/national\\\/incident-a-lafayette-le-ministere-de-l-interieur-apporte-des-precisions\\\/219329\\\/#breadcrumb\"},\"inLanguage\":\"fr-FR\",\"potentialAction\":[{\"@type\":\"ReadAction\",\"target\":[\"https:\\\/\\\/www.webdo.tn\\\/fr\\\/actualite\\\/national\\\/incident-a-lafayette-le-ministere-de-l-interieur-apporte-des-precisions\\\/219329\\\/\"]}]},{\"@type\":\"ImageObject\",\"inLanguage\":\"fr-FR\",\"@id\":\"https:\\\/\\\/www.webdo.tn\\\/fr\\\/actualite\\\/national\\\/incident-a-lafayette-le-ministere-de-l-interieur-apporte-des-precisions\\\/219329\\\/#primaryimage\",\"url\":\"https:\\\/\\\/www.webdo.tn\\\/fr\\\/wp-content\\\/uploads\\\/2025\\\/01\\\/14e3c931664848be627c3d1ae5760c68.webp\",\"contentUrl\":\"https:\\\/\\\/www.webdo.tn\\\/fr\\\/wp-content\\\/uploads\\\/2025\\\/01\\\/14e3c931664848be627c3d1ae5760c68.webp\",\"width\":640,\"height\":341,\"caption\":\"Un homme s'immole \u00e0 Lafayette : le minist\u00e8re de l'Int\u00e9rieur apporte des pr\u00e9cisions\"},{\"@type\":\"BreadcrumbList\",\"@id\":\"https:\\\/\\\/www.webdo.tn\\\/fr\\\/actualite\\\/national\\\/incident-a-lafayette-le-ministere-de-l-interieur-apporte-des-precisions\\\/219329\\\/#breadcrumb\",\"itemListElement\":[{\"@type\":\"ListItem\",\"position\":1,\"name\":\"Accueil\",\"item\":\"https:\\\/\\\/www.webdo.tn\\\/fr\\\/\"},{\"@type\":\"ListItem\",\"position\":2,\"name\":\"Un homme s&rsquo;immole \u00e0 Lafayette : le minist\u00e8re de l&rsquo;Int\u00e9rieur apporte des pr\u00e9cisions\"}]},{\"@type\":\"WebSite\",\"@id\":\"https:\\\/\\\/www.webdo.tn\\\/fr\\\/#website\",\"url\":\"https:\\\/\\\/www.webdo.tn\\\/fr\\\/\",\"name\":\"webdo\",\"description\":\"Tunisie - News en Tunisie et \u00e0 l&#039;international sur Webdo.tn\",\"publisher\":{\"@id\":\"https:\\\/\\\/www.webdo.tn\\\/fr\\\/#organization\"},\"potentialAction\":[{\"@type\":\"SearchAction\",\"target\":{\"@type\":\"EntryPoint\",\"urlTemplate\":\"https:\\\/\\\/www.webdo.tn\\\/fr\\\/?s={search_term_string}\"},\"query-input\":{\"@type\":\"PropertyValueSpecification\",\"valueRequired\":true,\"valueName\":\"search_term_string\"}}],\"inLanguage\":\"fr-FR\"},{\"@type\":\"Organization\",\"@id\":\"https:\\\/\\\/www.webdo.tn\\\/fr\\\/#organization\",\"name\":\"Webdo\",\"alternateName\":\"Webdo.tn\",\"url\":\"https:\\\/\\\/www.webdo.tn\\\/fr\\\/\",\"logo\":{\"@type\":\"ImageObject\",\"inLanguage\":\"fr-FR\",\"@id\":\"https:\\\/\\\/www.webdo.tn\\\/fr\\\/#\\\/schema\\\/logo\\\/image\\\/\",\"url\":\"https:\\\/\\\/www.webdo.tn\\\/fr\\\/wp-content\\\/uploads\\\/2025\\\/06\\\/Webdo-Tunisie_168377.jpg\",\"contentUrl\":\"https:\\\/\\\/www.webdo.tn\\\/fr\\\/wp-content\\\/uploads\\\/2025\\\/06\\\/Webdo-Tunisie_168377.jpg\",\"width\":301,\"height\":301,\"caption\":\"Webdo\"},\"image\":{\"@id\":\"https:\\\/\\\/www.webdo.tn\\\/fr\\\/#\\\/schema\\\/logo\\\/image\\\/\"},\"sameAs\":[\"https:\\\/\\\/www.facebook.com\\\/webdotn\",\"https:\\\/\\\/x.com\\\/webdo_tn\"],\"description\":\"Webdo est un m\u00e9dia num\u00e9rique tunisien fond\u00e9 en 2010, sp\u00e9cialis\u00e9 dans l\u2019actualit\u00e9 nationale et internationale, l\u2019\u00e9conomie, la soci\u00e9t\u00e9 et les analyses politiques. Le site s\u2019adresse \u00e0 un large public francophone et couvre l\u2019information tunisienne en temps r\u00e9el.\",\"email\":\"redac@webdo.tn\",\"legalName\":\"YNJ SARL\",\"foundingDate\":\"2010-09-06\",\"numberOfEmployees\":{\"@type\":\"QuantitativeValue\",\"minValue\":\"11\",\"maxValue\":\"50\"}},{\"@type\":\"Person\",\"@id\":\"https:\\\/\\\/www.webdo.tn\\\/fr\\\/#\\\/schema\\\/person\\\/b8a41c04d93287d375510db360906b34\",\"name\":\"AZ\",\"image\":{\"@type\":\"ImageObject\",\"inLanguage\":\"fr-FR\",\"@id\":\"https:\\\/\\\/secure.gravatar.com\\\/avatar\\\/492b80bada79439de4201dce15cd41eece6c277cfdf1b53382073c79105c1f89?s=96&d=mm&r=g\",\"url\":\"https:\\\/\\\/secure.gravatar.com\\\/avatar\\\/492b80bada79439de4201dce15cd41eece6c277cfdf1b53382073c79105c1f89?s=96&d=mm&r=g\",\"contentUrl\":\"https:\\\/\\\/secure.gravatar.com\\\/avatar\\\/492b80bada79439de4201dce15cd41eece6c277cfdf1b53382073c79105c1f89?s=96&d=mm&r=g\",\"caption\":\"AZ\"},\"url\":\"https:\\\/\\\/www.webdo.tn\\\/fr\\\/actualite\\\/author\\\/az\\\/\"}]}<\/script>\n<!-- \/ Yoast SEO Premium plugin. -->","yoast_head_json":{"title":"Un homme s'immole \u00e0 Lafayette : le minist\u00e8re de l'Int\u00e9rieur apporte des pr\u00e9cisions","description":"Un homme s'est immol\u00e9 par le feu \u00e0 Tunis, entra\u00eenant des blessures pour un policier et un citoyen. La victime souffrait de troubles psychologiques.","canonical":"https:\/\/www.webdo.tn\/fr\/actualite\/national\/incident-a-lafayette-le-ministere-de-l-interieur-apporte-des-precisions\/219329\/","og_locale":"fr_FR","og_type":"article","og_title":"Un homme s'immole \u00e0 Lafayette : le minist\u00e8re de l'Int\u00e9rieur apporte des pr\u00e9cisions","og_description":"Un homme s'est immol\u00e9 par le feu \u00e0 Tunis, entra\u00eenant des blessures pour un policier et un citoyen. La victime souffrait de troubles psychologiques.","og_url":"https:\/\/www.webdo.tn\/fr\/actualite\/national\/incident-a-lafayette-le-ministere-de-l-interieur-apporte-des-precisions\/219329\/","og_site_name":"webdo","article_publisher":"https:\/\/www.facebook.com\/webdotn","article_published_time":"2025-01-24T21:48:00+00:00","article_modified_time":"2025-05-21T09:08:32+00:00","og_image":[{"width":640,"height":341,"url":"https:\/\/www.webdo.tn\/fr\/wp-content\/uploads\/2025\/01\/14e3c931664848be627c3d1ae5760c68.webp","type":"image\/webp"}],"author":"AZ","twitter_card":"summary_large_image","twitter_creator":"@webdo_tn","twitter_site":"@webdo_tn","twitter_misc":{"\u00c9crit par":"AZ","Dur\u00e9e de lecture estim\u00e9e":"1 minute"},"schema":{"@context":"https:\/\/schema.org","@graph":[{"@type":"NewsArticle","@id":"https:\/\/www.webdo.tn\/fr\/actualite\/national\/incident-a-lafayette-le-ministere-de-l-interieur-apporte-des-precisions\/219329\/#article","isPartOf":{"@id":"https:\/\/www.webdo.tn\/fr\/actualite\/national\/incident-a-lafayette-le-ministere-de-l-interieur-apporte-des-precisions\/219329\/"},"author":{"name":"AZ","@id":"https:\/\/www.webdo.tn\/fr\/#\/schema\/person\/b8a41c04d93287d375510db360906b34"},"headline":"Un homme s&rsquo;immole \u00e0 Lafayette : le minist\u00e8re de l&rsquo;Int\u00e9rieur apporte des pr\u00e9cisions","datePublished":"2025-01-24T21:48:00+00:00","dateModified":"2025-05-21T09:08:32+00:00","mainEntityOfPage":{"@id":"https:\/\/www.webdo.tn\/fr\/actualite\/national\/incident-a-lafayette-le-ministere-de-l-interieur-apporte-des-precisions\/219329\/"},"wordCount":167,"commentCount":0,"publisher":{"@id":"https:\/\/www.webdo.tn\/fr\/#organization"},"image":{"@id":"https:\/\/www.webdo.tn\/fr\/actualite\/national\/incident-a-lafayette-le-ministere-de-l-interieur-apporte-des-precisions\/219329\/#primaryimage"},"thumbnailUrl":"https:\/\/www.webdo.tn\/fr\/wp-content\/uploads\/2025\/01\/14e3c931664848be627c3d1ae5760c68.webp","keywords":["'La Fayette']","accident","Immolation","Tunisie"],"articleSection":["National"],"inLanguage":"fr-FR"},{"@type":"WebPage","@id":"https:\/\/www.webdo.tn\/fr\/actualite\/national\/incident-a-lafayette-le-ministere-de-l-interieur-apporte-des-precisions\/219329\/","url":"https:\/\/www.webdo.tn\/fr\/actualite\/national\/incident-a-lafayette-le-ministere-de-l-interieur-apporte-des-precisions\/219329\/","name":"Un homme s'immole \u00e0 Lafayette : le minist\u00e8re de l'Int\u00e9rieur apporte des pr\u00e9cisions","isPartOf":{"@id":"https:\/\/www.webdo.tn\/fr\/#website"},"primaryImageOfPage":{"@id":"https:\/\/www.webdo.tn\/fr\/actualite\/national\/incident-a-lafayette-le-ministere-de-l-interieur-apporte-des-precisions\/219329\/#primaryimage"},"image":{"@id":"https:\/\/www.webdo.tn\/fr\/actualite\/national\/incident-a-lafayette-le-ministere-de-l-interieur-apporte-des-precisions\/219329\/#primaryimage"},"thumbnailUrl":"https:\/\/www.webdo.tn\/fr\/wp-content\/uploads\/2025\/01\/14e3c931664848be627c3d1ae5760c68.webp","datePublished":"2025-01-24T21:48:00+00:00","dateModified":"2025-05-21T09:08:32+00:00","description":"Un homme s'est immol\u00e9 par le feu \u00e0 Tunis, entra\u00eenant des blessures pour un policier et un citoyen. La victime souffrait de troubles psychologiques.","breadcrumb":{"@id":"https:\/\/www.webdo.tn\/fr\/actualite\/national\/incident-a-lafayette-le-ministere-de-l-interieur-apporte-des-precisions\/219329\/#breadcrumb"},"inLanguage":"fr-FR","potentialAction":[{"@type":"ReadAction","target":["https:\/\/www.webdo.tn\/fr\/actualite\/national\/incident-a-lafayette-le-ministere-de-l-interieur-apporte-des-precisions\/219329\/"]}]},{"@type":"ImageObject","inLanguage":"fr-FR","@id":"https:\/\/www.webdo.tn\/fr\/actualite\/national\/incident-a-lafayette-le-ministere-de-l-interieur-apporte-des-precisions\/219329\/#primaryimage","url":"https:\/\/www.webdo.tn\/fr\/wp-content\/uploads\/2025\/01\/14e3c931664848be627c3d1ae5760c68.webp","contentUrl":"https:\/\/www.webdo.tn\/fr\/wp-content\/uploads\/2025\/01\/14e3c931664848be627c3d1ae5760c68.webp","width":640,"height":341,"caption":"Un homme s'immole \u00e0 Lafayette : le minist\u00e8re de l'Int\u00e9rieur apporte des pr\u00e9cisions"},{"@type":"BreadcrumbList","@id":"https:\/\/www.webdo.tn\/fr\/actualite\/national\/incident-a-lafayette-le-ministere-de-l-interieur-apporte-des-precisions\/219329\/#breadcrumb","itemListElement":[{"@type":"ListItem","position":1,"name":"Accueil","item":"https:\/\/www.webdo.tn\/fr\/"},{"@type":"ListItem","position":2,"name":"Un homme s&rsquo;immole \u00e0 Lafayette : le minist\u00e8re de l&rsquo;Int\u00e9rieur apporte des pr\u00e9cisions"}]},{"@type":"WebSite","@id":"https:\/\/www.webdo.tn\/fr\/#website","url":"https:\/\/www.webdo.tn\/fr\/","name":"webdo","description":"Tunisie - News en Tunisie et \u00e0 l&#039;international sur Webdo.tn","publisher":{"@id":"https:\/\/www.webdo.tn\/fr\/#organization"},"potentialAction":[{"@type":"SearchAction","target":{"@type":"EntryPoint","urlTemplate":"https:\/\/www.webdo.tn\/fr\/?s={search_term_string}"},"query-input":{"@type":"PropertyValueSpecification","valueRequired":true,"valueName":"search_term_string"}}],"inLanguage":"fr-FR"},{"@type":"Organization","@id":"https:\/\/www.webdo.tn\/fr\/#organization","name":"Webdo","alternateName":"Webdo.tn","url":"https:\/\/www.webdo.tn\/fr\/","logo":{"@type":"ImageObject","inLanguage":"fr-FR","@id":"https:\/\/www.webdo.tn\/fr\/#\/schema\/logo\/image\/","url":"https:\/\/www.webdo.tn\/fr\/wp-content\/uploads\/2025\/06\/Webdo-Tunisie_168377.jpg","contentUrl":"https:\/\/www.webdo.tn\/fr\/wp-content\/uploads\/2025\/06\/Webdo-Tunisie_168377.jpg","width":301,"height":301,"caption":"Webdo"},"image":{"@id":"https:\/\/www.webdo.tn\/fr\/#\/schema\/logo\/image\/"},"sameAs":["https:\/\/www.facebook.com\/webdotn","https:\/\/x.com\/webdo_tn"],"description":"Webdo est un m\u00e9dia num\u00e9rique tunisien fond\u00e9 en 2010, sp\u00e9cialis\u00e9 dans l\u2019actualit\u00e9 nationale et internationale, l\u2019\u00e9conomie, la soci\u00e9t\u00e9 et les analyses politiques. Le site s\u2019adresse \u00e0 un large public francophone et couvre l\u2019information tunisienne en temps r\u00e9el.","email":"redac@webdo.tn","legalName":"YNJ SARL","foundingDate":"2010-09-06","numberOfEmployees":{"@type":"QuantitativeValue","minValue":"11","maxValue":"50"}},{"@type":"Person","@id":"https:\/\/www.webdo.tn\/fr\/#\/schema\/person\/b8a41c04d93287d375510db360906b34","name":"AZ","image":{"@type":"ImageObject","inLanguage":"fr-FR","@id":"https:\/\/secure.gravatar.com\/avatar\/492b80bada79439de4201dce15cd41eece6c277cfdf1b53382073c79105c1f89?s=96&d=mm&r=g","url":"https:\/\/secure.gravatar.com\/avatar\/492b80bada79439de4201dce15cd41eece6c277cfdf1b53382073c79105c1f89?s=96&d=mm&r=g","contentUrl":"https:\/\/secure.gravatar.com\/avatar\/492b80bada79439de4201dce15cd41eece6c277cfdf1b53382073c79105c1f89?s=96&d=mm&r=g","caption":"AZ"},"url":"https:\/\/www.webdo.tn\/fr\/actualite\/author\/az\/"}]}},"_links":{"self":[{"href":"https:\/\/www.webdo.tn\/fr\/wp-json\/wp\/v2\/posts\/219329","targetHints":{"allow":["GET"]}}],"collection":[{"href":"https:\/\/www.webdo.tn\/fr\/wp-json\/wp\/v2\/posts"}],"about":[{"href":"https:\/\/www.webdo.tn\/fr\/wp-json\/wp\/v2\/types\/post"}],"author":[{"embeddable":true,"href":"https:\/\/www.webdo.tn\/fr\/wp-json\/wp\/v2\/users\/3166"}],"replies":[{"embeddable":true,"href":"https:\/\/www.webdo.tn\/fr\/wp-json\/wp\/v2\/comments?post=219329"}],"version-history":[{"count":0,"href":"https:\/\/www.webdo.tn\/fr\/wp-json\/wp\/v2\/posts\/219329\/revisions"}],"wp:featuredmedia":[{"embeddable":true,"href":"https:\/\/www.webdo.tn\/fr\/wp-json\/wp\/v2\/media\/291731"}],"wp:attachment":[{"href":"https:\/\/www.webdo.tn\/fr\/wp-json\/wp\/v2\/media?parent=219329"}],"wp:term":[{"taxonomy":"category","embeddable":true,"href":"https:\/\/www.webdo.tn\/fr\/wp-json\/wp\/v2\/categories?post=219329"},{"taxonomy":"post_tag","embeddable":true,"href":"https:\/\/www.webdo.tn\/fr\/wp-json\/wp\/v2\/tags?post=219329"}],"curies":[{"name":"wp","href":"https:\/\/api.w.org\/{rel}","templated":true}]}}