{"id":219303,"date":"2025-01-24T10:08:00","date_gmt":"2025-01-24T10:08:00","guid":{"rendered":"https:\/\/www.webdo.tn\/fr\/blog\/2025\/01\/24\/sousse-l-assassin-d-un-retraite-italien-arrete\/"},"modified":"2025-05-17T20:13:20","modified_gmt":"2025-05-17T20:13:20","slug":"sousse-l-assassin-d-un-retraite-italien-arrete","status":"publish","type":"post","link":"https:\/\/www.webdo.tn\/fr\/actualite\/divers\/sousse-l-assassin-d-un-retraite-italien-arrete\/219303\/","title":{"rendered":"Sousse : L&rsquo;assassin d&rsquo;un retrait\u00e9 italien arr\u00eat\u00e9"},"content":{"rendered":"<p>L&rsquo;assassin pr\u00e9sum\u00e9 de Paolo Corsi a \u00e9t\u00e9 arr\u00eat\u00e9 par la police tunisienne alors qu&rsquo;il tentait de revendre la voiture de sa victime. Le suspect, intercept\u00e9 peu apr\u00e8s le crime, avait en sa possession le portefeuille et le t\u00e9l\u00e9phone portable du professeur italien de 73 ans.<\/p>\n<p>\t\t\t\t\t\t\t\t\tLa victime, Paolo Corsi, ancien professeur de grec et de latin, a \u00e9t\u00e9 retrouv\u00e9 mort mardi 21 janvier 2025 dans sa r\u00e9sidence secondaire \u00e0 Sousse. Les circonstances du crime semblent li\u00e9es \u00e0 un vol avec effraction.<\/p>\n<p>Proche de la communaut\u00e9 locale, Paolo \u00e9tait d\u00e9crit comme un homme chaleureux et sociable. Son int\u00e9gration en Tunisie t\u00e9moignait de son ouverture d&rsquo;esprit et de son adaptabilit\u00e9.<\/p>\n<p>Ce crime soul\u00e8ve des questions sur la s\u00e9curit\u00e9 dans les zones r\u00e9sidentielles tunisiennes, particuli\u00e8rement celles fr\u00e9quent\u00e9es par les expatri\u00e9s. L&rsquo;incident intervient alors que la Tunisie s&rsquo;impose comme une destination attractive pour les retrait\u00e9s.<\/p>\n<p>En 2023, le pays a attir\u00e9 268 retrait\u00e9s italiens, s\u00e9duits par un co\u00fbt de la vie attractif et des avantages fiscaux comp\u00e9titifs. Les autorit\u00e9s ont d\u00e9j\u00e0 proc\u00e9d\u00e9 \u00e0 l&rsquo;autopsie mercredi et le corps devrait prochainement \u00eatre rapatri\u00e9 en Italie.<\/p>\n","protected":false},"excerpt":{"rendered":"<p>Selon les m\u00e9dias italiens, l&rsquo;assassin pr\u00e9sum\u00e9 de Paolo Corsi a \u00e9t\u00e9 arr\u00eat\u00e9 par la police tunisienne alors qu&rsquo;il tentait de revendre la voiture de sa victime. Le&#8230;<\/p>\n","protected":false},"author":4779,"featured_media":242646,"comment_status":"open","ping_status":"open","sticky":false,"template":"","format":"standard","meta":{"footnotes":""},"categories":[2839],"tags":[4254,4253,4255],"class_list":["post-219303","post","type-post","status-publish","format-standard","has-post-thumbnail","hentry","category-divers","tag-crimesousse","tag-meurtretunisie","tag-retraiteitalien"],"yoast_head":"<!-- This site is optimized with the Yoast SEO Premium plugin v27.5 (Yoast SEO v27.5) - https:\/\/yoast.com\/product\/yoast-seo-premium-wordpress\/ -->\n<title>Sousse : L&#039;assassin d&#039;un retrait\u00e9 italien arr\u00eat\u00e9<\/title>\n<meta name=\"description\" content=\"Selon les m\u00e9dias italiens, l&#039;assassin pr\u00e9sum\u00e9 de Paolo Corsi a \u00e9t\u00e9 arr\u00eat\u00e9 par la police tunisienne alors qu&#039;il tentait de revendre la voiture de sa victime. Le...\" \/>\n<link rel=\"canonical\" href=\"https:\/\/www.webdo.tn\/fr\/actualite\/divers\/sousse-l-assassin-d-un-retraite-italien-arrete\/219303\/\" \/>\n<meta property=\"og:locale\" content=\"fr_FR\" \/>\n<meta property=\"og:type\" content=\"article\" \/>\n<meta property=\"og:title\" content=\"Sousse : L&#039;assassin d&#039;un retrait\u00e9 italien arr\u00eat\u00e9\" \/>\n<meta property=\"og:description\" content=\"Selon les m\u00e9dias italiens, l&#039;assassin pr\u00e9sum\u00e9 de Paolo Corsi a \u00e9t\u00e9 arr\u00eat\u00e9 par la police tunisienne alors qu&#039;il tentait de revendre la voiture de sa victime. Le...\" \/>\n<meta property=\"og:url\" content=\"https:\/\/www.webdo.tn\/fr\/actualite\/divers\/sousse-l-assassin-d-un-retraite-italien-arrete\/219303\/\" \/>\n<meta property=\"og:site_name\" content=\"webdo\" \/>\n<meta property=\"article:publisher\" content=\"https:\/\/www.facebook.com\/webdotn\" \/>\n<meta property=\"article:published_time\" content=\"2025-01-24T10:08:00+00:00\" \/>\n<meta property=\"article:modified_time\" content=\"2025-05-17T20:13:20+00:00\" \/>\n<meta property=\"og:image\" content=\"https:\/\/www.webdo.tn\/fr\/wp-content\/uploads\/2025\/05\/914e1a46dd039d2f005878a607a4a2c1-2.webp\" \/>\n\t<meta property=\"og:image:width\" content=\"750\" \/>\n\t<meta property=\"og:image:height\" content=\"400\" \/>\n\t<meta property=\"og:image:type\" content=\"image\/webp\" \/>\n<meta name=\"author\" content=\"Firas Ben Abdeltif\" \/>\n<meta name=\"twitter:card\" content=\"summary_large_image\" \/>\n<meta name=\"twitter:creator\" content=\"@webdo_tn\" \/>\n<meta name=\"twitter:site\" content=\"@webdo_tn\" \/>\n<meta name=\"twitter:label1\" content=\"\u00c9crit par\" \/>\n\t<meta name=\"twitter:data1\" content=\"Firas Ben Abdeltif\" \/>\n\t<meta name=\"twitter:label2\" content=\"Dur\u00e9e de lecture estim\u00e9e\" \/>\n\t<meta name=\"twitter:data2\" content=\"1 minute\" \/>\n<script type=\"application\/ld+json\" class=\"yoast-schema-graph\">{\"@context\":\"https:\\\/\\\/schema.org\",\"@graph\":[{\"@type\":\"NewsArticle\",\"@id\":\"https:\\\/\\\/www.webdo.tn\\\/fr\\\/actualite\\\/divers\\\/sousse-l-assassin-d-un-retraite-italien-arrete\\\/219303\\\/#article\",\"isPartOf\":{\"@id\":\"https:\\\/\\\/www.webdo.tn\\\/fr\\\/actualite\\\/divers\\\/sousse-l-assassin-d-un-retraite-italien-arrete\\\/219303\\\/\"},\"author\":{\"name\":\"Firas Ben Abdeltif\",\"@id\":\"https:\\\/\\\/www.webdo.tn\\\/fr\\\/#\\\/schema\\\/person\\\/19664196c9bfdcda126f3c27709f7d11\"},\"headline\":\"Sousse : L&rsquo;assassin d&rsquo;un retrait\u00e9 italien arr\u00eat\u00e9\",\"datePublished\":\"2025-01-24T10:08:00+00:00\",\"dateModified\":\"2025-05-17T20:13:20+00:00\",\"mainEntityOfPage\":{\"@id\":\"https:\\\/\\\/www.webdo.tn\\\/fr\\\/actualite\\\/divers\\\/sousse-l-assassin-d-un-retraite-italien-arrete\\\/219303\\\/\"},\"wordCount\":212,\"commentCount\":0,\"publisher\":{\"@id\":\"https:\\\/\\\/www.webdo.tn\\\/fr\\\/#organization\"},\"image\":{\"@id\":\"https:\\\/\\\/www.webdo.tn\\\/fr\\\/actualite\\\/divers\\\/sousse-l-assassin-d-un-retraite-italien-arrete\\\/219303\\\/#primaryimage\"},\"thumbnailUrl\":\"https:\\\/\\\/www.webdo.tn\\\/fr\\\/wp-content\\\/uploads\\\/2025\\\/05\\\/914e1a46dd039d2f005878a607a4a2c1-2.webp\",\"keywords\":[\"CrimeSousse\",\"MeurtreTunisie\",\"Retrait\u00e9Italien\"],\"articleSection\":[\"Divers\"],\"inLanguage\":\"fr-FR\"},{\"@type\":\"WebPage\",\"@id\":\"https:\\\/\\\/www.webdo.tn\\\/fr\\\/actualite\\\/divers\\\/sousse-l-assassin-d-un-retraite-italien-arrete\\\/219303\\\/\",\"url\":\"https:\\\/\\\/www.webdo.tn\\\/fr\\\/actualite\\\/divers\\\/sousse-l-assassin-d-un-retraite-italien-arrete\\\/219303\\\/\",\"name\":\"Sousse : L'assassin d'un retrait\u00e9 italien arr\u00eat\u00e9\",\"isPartOf\":{\"@id\":\"https:\\\/\\\/www.webdo.tn\\\/fr\\\/#website\"},\"primaryImageOfPage\":{\"@id\":\"https:\\\/\\\/www.webdo.tn\\\/fr\\\/actualite\\\/divers\\\/sousse-l-assassin-d-un-retraite-italien-arrete\\\/219303\\\/#primaryimage\"},\"image\":{\"@id\":\"https:\\\/\\\/www.webdo.tn\\\/fr\\\/actualite\\\/divers\\\/sousse-l-assassin-d-un-retraite-italien-arrete\\\/219303\\\/#primaryimage\"},\"thumbnailUrl\":\"https:\\\/\\\/www.webdo.tn\\\/fr\\\/wp-content\\\/uploads\\\/2025\\\/05\\\/914e1a46dd039d2f005878a607a4a2c1-2.webp\",\"datePublished\":\"2025-01-24T10:08:00+00:00\",\"dateModified\":\"2025-05-17T20:13:20+00:00\",\"description\":\"Selon les m\u00e9dias italiens, l'assassin pr\u00e9sum\u00e9 de Paolo Corsi a \u00e9t\u00e9 arr\u00eat\u00e9 par la police tunisienne alors qu'il tentait de revendre la voiture de sa victime. Le...\",\"breadcrumb\":{\"@id\":\"https:\\\/\\\/www.webdo.tn\\\/fr\\\/actualite\\\/divers\\\/sousse-l-assassin-d-un-retraite-italien-arrete\\\/219303\\\/#breadcrumb\"},\"inLanguage\":\"fr-FR\",\"potentialAction\":[{\"@type\":\"ReadAction\",\"target\":[\"https:\\\/\\\/www.webdo.tn\\\/fr\\\/actualite\\\/divers\\\/sousse-l-assassin-d-un-retraite-italien-arrete\\\/219303\\\/\"]}]},{\"@type\":\"ImageObject\",\"inLanguage\":\"fr-FR\",\"@id\":\"https:\\\/\\\/www.webdo.tn\\\/fr\\\/actualite\\\/divers\\\/sousse-l-assassin-d-un-retraite-italien-arrete\\\/219303\\\/#primaryimage\",\"url\":\"https:\\\/\\\/www.webdo.tn\\\/fr\\\/wp-content\\\/uploads\\\/2025\\\/05\\\/914e1a46dd039d2f005878a607a4a2c1-2.webp\",\"contentUrl\":\"https:\\\/\\\/www.webdo.tn\\\/fr\\\/wp-content\\\/uploads\\\/2025\\\/05\\\/914e1a46dd039d2f005878a607a4a2c1-2.webp\",\"width\":750,\"height\":400},{\"@type\":\"BreadcrumbList\",\"@id\":\"https:\\\/\\\/www.webdo.tn\\\/fr\\\/actualite\\\/divers\\\/sousse-l-assassin-d-un-retraite-italien-arrete\\\/219303\\\/#breadcrumb\",\"itemListElement\":[{\"@type\":\"ListItem\",\"position\":1,\"name\":\"Accueil\",\"item\":\"https:\\\/\\\/www.webdo.tn\\\/fr\\\/\"},{\"@type\":\"ListItem\",\"position\":2,\"name\":\"Sousse : L&rsquo;assassin d&rsquo;un retrait\u00e9 italien arr\u00eat\u00e9\"}]},{\"@type\":\"WebSite\",\"@id\":\"https:\\\/\\\/www.webdo.tn\\\/fr\\\/#website\",\"url\":\"https:\\\/\\\/www.webdo.tn\\\/fr\\\/\",\"name\":\"webdo\",\"description\":\"Tunisie - News en Tunisie et \u00e0 l&#039;international sur Webdo.tn\",\"publisher\":{\"@id\":\"https:\\\/\\\/www.webdo.tn\\\/fr\\\/#organization\"},\"potentialAction\":[{\"@type\":\"SearchAction\",\"target\":{\"@type\":\"EntryPoint\",\"urlTemplate\":\"https:\\\/\\\/www.webdo.tn\\\/fr\\\/?s={search_term_string}\"},\"query-input\":{\"@type\":\"PropertyValueSpecification\",\"valueRequired\":true,\"valueName\":\"search_term_string\"}}],\"inLanguage\":\"fr-FR\"},{\"@type\":\"Organization\",\"@id\":\"https:\\\/\\\/www.webdo.tn\\\/fr\\\/#organization\",\"name\":\"Webdo\",\"alternateName\":\"Webdo.tn\",\"url\":\"https:\\\/\\\/www.webdo.tn\\\/fr\\\/\",\"logo\":{\"@type\":\"ImageObject\",\"inLanguage\":\"fr-FR\",\"@id\":\"https:\\\/\\\/www.webdo.tn\\\/fr\\\/#\\\/schema\\\/logo\\\/image\\\/\",\"url\":\"https:\\\/\\\/www.webdo.tn\\\/fr\\\/wp-content\\\/uploads\\\/2025\\\/06\\\/Webdo-Tunisie_168377.jpg\",\"contentUrl\":\"https:\\\/\\\/www.webdo.tn\\\/fr\\\/wp-content\\\/uploads\\\/2025\\\/06\\\/Webdo-Tunisie_168377.jpg\",\"width\":301,\"height\":301,\"caption\":\"Webdo\"},\"image\":{\"@id\":\"https:\\\/\\\/www.webdo.tn\\\/fr\\\/#\\\/schema\\\/logo\\\/image\\\/\"},\"sameAs\":[\"https:\\\/\\\/www.facebook.com\\\/webdotn\",\"https:\\\/\\\/x.com\\\/webdo_tn\"],\"description\":\"Webdo est un m\u00e9dia num\u00e9rique tunisien fond\u00e9 en 2010, sp\u00e9cialis\u00e9 dans l\u2019actualit\u00e9 nationale et internationale, l\u2019\u00e9conomie, la soci\u00e9t\u00e9 et les analyses politiques. Le site s\u2019adresse \u00e0 un large public francophone et couvre l\u2019information tunisienne en temps r\u00e9el.\",\"email\":\"redac@webdo.tn\",\"legalName\":\"YNJ SARL\",\"foundingDate\":\"2010-09-06\",\"numberOfEmployees\":{\"@type\":\"QuantitativeValue\",\"minValue\":\"11\",\"maxValue\":\"50\"}},{\"@type\":\"Person\",\"@id\":\"https:\\\/\\\/www.webdo.tn\\\/fr\\\/#\\\/schema\\\/person\\\/19664196c9bfdcda126f3c27709f7d11\",\"name\":\"Firas Ben Abdeltif\",\"image\":{\"@type\":\"ImageObject\",\"inLanguage\":\"fr-FR\",\"@id\":\"https:\\\/\\\/secure.gravatar.com\\\/avatar\\\/161a347d40df098a084778c52ed133dbd85f14df003867067c5948081241ec55?s=96&d=mm&r=g\",\"url\":\"https:\\\/\\\/secure.gravatar.com\\\/avatar\\\/161a347d40df098a084778c52ed133dbd85f14df003867067c5948081241ec55?s=96&d=mm&r=g\",\"contentUrl\":\"https:\\\/\\\/secure.gravatar.com\\\/avatar\\\/161a347d40df098a084778c52ed133dbd85f14df003867067c5948081241ec55?s=96&d=mm&r=g\",\"caption\":\"Firas Ben Abdeltif\"},\"url\":\"https:\\\/\\\/www.webdo.tn\\\/fr\\\/actualite\\\/author\\\/firas-ben-abdeltif\\\/\"}]}<\/script>\n<!-- \/ Yoast SEO Premium plugin. -->","yoast_head_json":{"title":"Sousse : L'assassin d'un retrait\u00e9 italien arr\u00eat\u00e9","description":"Selon les m\u00e9dias italiens, l'assassin pr\u00e9sum\u00e9 de Paolo Corsi a \u00e9t\u00e9 arr\u00eat\u00e9 par la police tunisienne alors qu'il tentait de revendre la voiture de sa victime. Le...","canonical":"https:\/\/www.webdo.tn\/fr\/actualite\/divers\/sousse-l-assassin-d-un-retraite-italien-arrete\/219303\/","og_locale":"fr_FR","og_type":"article","og_title":"Sousse : L'assassin d'un retrait\u00e9 italien arr\u00eat\u00e9","og_description":"Selon les m\u00e9dias italiens, l'assassin pr\u00e9sum\u00e9 de Paolo Corsi a \u00e9t\u00e9 arr\u00eat\u00e9 par la police tunisienne alors qu'il tentait de revendre la voiture de sa victime. Le...","og_url":"https:\/\/www.webdo.tn\/fr\/actualite\/divers\/sousse-l-assassin-d-un-retraite-italien-arrete\/219303\/","og_site_name":"webdo","article_publisher":"https:\/\/www.facebook.com\/webdotn","article_published_time":"2025-01-24T10:08:00+00:00","article_modified_time":"2025-05-17T20:13:20+00:00","og_image":[{"width":750,"height":400,"url":"https:\/\/www.webdo.tn\/fr\/wp-content\/uploads\/2025\/05\/914e1a46dd039d2f005878a607a4a2c1-2.webp","type":"image\/webp"}],"author":"Firas Ben Abdeltif","twitter_card":"summary_large_image","twitter_creator":"@webdo_tn","twitter_site":"@webdo_tn","twitter_misc":{"\u00c9crit par":"Firas Ben Abdeltif","Dur\u00e9e de lecture estim\u00e9e":"1 minute"},"schema":{"@context":"https:\/\/schema.org","@graph":[{"@type":"NewsArticle","@id":"https:\/\/www.webdo.tn\/fr\/actualite\/divers\/sousse-l-assassin-d-un-retraite-italien-arrete\/219303\/#article","isPartOf":{"@id":"https:\/\/www.webdo.tn\/fr\/actualite\/divers\/sousse-l-assassin-d-un-retraite-italien-arrete\/219303\/"},"author":{"name":"Firas Ben Abdeltif","@id":"https:\/\/www.webdo.tn\/fr\/#\/schema\/person\/19664196c9bfdcda126f3c27709f7d11"},"headline":"Sousse : L&rsquo;assassin d&rsquo;un retrait\u00e9 italien arr\u00eat\u00e9","datePublished":"2025-01-24T10:08:00+00:00","dateModified":"2025-05-17T20:13:20+00:00","mainEntityOfPage":{"@id":"https:\/\/www.webdo.tn\/fr\/actualite\/divers\/sousse-l-assassin-d-un-retraite-italien-arrete\/219303\/"},"wordCount":212,"commentCount":0,"publisher":{"@id":"https:\/\/www.webdo.tn\/fr\/#organization"},"image":{"@id":"https:\/\/www.webdo.tn\/fr\/actualite\/divers\/sousse-l-assassin-d-un-retraite-italien-arrete\/219303\/#primaryimage"},"thumbnailUrl":"https:\/\/www.webdo.tn\/fr\/wp-content\/uploads\/2025\/05\/914e1a46dd039d2f005878a607a4a2c1-2.webp","keywords":["CrimeSousse","MeurtreTunisie","Retrait\u00e9Italien"],"articleSection":["Divers"],"inLanguage":"fr-FR"},{"@type":"WebPage","@id":"https:\/\/www.webdo.tn\/fr\/actualite\/divers\/sousse-l-assassin-d-un-retraite-italien-arrete\/219303\/","url":"https:\/\/www.webdo.tn\/fr\/actualite\/divers\/sousse-l-assassin-d-un-retraite-italien-arrete\/219303\/","name":"Sousse : L'assassin d'un retrait\u00e9 italien arr\u00eat\u00e9","isPartOf":{"@id":"https:\/\/www.webdo.tn\/fr\/#website"},"primaryImageOfPage":{"@id":"https:\/\/www.webdo.tn\/fr\/actualite\/divers\/sousse-l-assassin-d-un-retraite-italien-arrete\/219303\/#primaryimage"},"image":{"@id":"https:\/\/www.webdo.tn\/fr\/actualite\/divers\/sousse-l-assassin-d-un-retraite-italien-arrete\/219303\/#primaryimage"},"thumbnailUrl":"https:\/\/www.webdo.tn\/fr\/wp-content\/uploads\/2025\/05\/914e1a46dd039d2f005878a607a4a2c1-2.webp","datePublished":"2025-01-24T10:08:00+00:00","dateModified":"2025-05-17T20:13:20+00:00","description":"Selon les m\u00e9dias italiens, l'assassin pr\u00e9sum\u00e9 de Paolo Corsi a \u00e9t\u00e9 arr\u00eat\u00e9 par la police tunisienne alors qu'il tentait de revendre la voiture de sa victime. Le...","breadcrumb":{"@id":"https:\/\/www.webdo.tn\/fr\/actualite\/divers\/sousse-l-assassin-d-un-retraite-italien-arrete\/219303\/#breadcrumb"},"inLanguage":"fr-FR","potentialAction":[{"@type":"ReadAction","target":["https:\/\/www.webdo.tn\/fr\/actualite\/divers\/sousse-l-assassin-d-un-retraite-italien-arrete\/219303\/"]}]},{"@type":"ImageObject","inLanguage":"fr-FR","@id":"https:\/\/www.webdo.tn\/fr\/actualite\/divers\/sousse-l-assassin-d-un-retraite-italien-arrete\/219303\/#primaryimage","url":"https:\/\/www.webdo.tn\/fr\/wp-content\/uploads\/2025\/05\/914e1a46dd039d2f005878a607a4a2c1-2.webp","contentUrl":"https:\/\/www.webdo.tn\/fr\/wp-content\/uploads\/2025\/05\/914e1a46dd039d2f005878a607a4a2c1-2.webp","width":750,"height":400},{"@type":"BreadcrumbList","@id":"https:\/\/www.webdo.tn\/fr\/actualite\/divers\/sousse-l-assassin-d-un-retraite-italien-arrete\/219303\/#breadcrumb","itemListElement":[{"@type":"ListItem","position":1,"name":"Accueil","item":"https:\/\/www.webdo.tn\/fr\/"},{"@type":"ListItem","position":2,"name":"Sousse : L&rsquo;assassin d&rsquo;un retrait\u00e9 italien arr\u00eat\u00e9"}]},{"@type":"WebSite","@id":"https:\/\/www.webdo.tn\/fr\/#website","url":"https:\/\/www.webdo.tn\/fr\/","name":"webdo","description":"Tunisie - News en Tunisie et \u00e0 l&#039;international sur Webdo.tn","publisher":{"@id":"https:\/\/www.webdo.tn\/fr\/#organization"},"potentialAction":[{"@type":"SearchAction","target":{"@type":"EntryPoint","urlTemplate":"https:\/\/www.webdo.tn\/fr\/?s={search_term_string}"},"query-input":{"@type":"PropertyValueSpecification","valueRequired":true,"valueName":"search_term_string"}}],"inLanguage":"fr-FR"},{"@type":"Organization","@id":"https:\/\/www.webdo.tn\/fr\/#organization","name":"Webdo","alternateName":"Webdo.tn","url":"https:\/\/www.webdo.tn\/fr\/","logo":{"@type":"ImageObject","inLanguage":"fr-FR","@id":"https:\/\/www.webdo.tn\/fr\/#\/schema\/logo\/image\/","url":"https:\/\/www.webdo.tn\/fr\/wp-content\/uploads\/2025\/06\/Webdo-Tunisie_168377.jpg","contentUrl":"https:\/\/www.webdo.tn\/fr\/wp-content\/uploads\/2025\/06\/Webdo-Tunisie_168377.jpg","width":301,"height":301,"caption":"Webdo"},"image":{"@id":"https:\/\/www.webdo.tn\/fr\/#\/schema\/logo\/image\/"},"sameAs":["https:\/\/www.facebook.com\/webdotn","https:\/\/x.com\/webdo_tn"],"description":"Webdo est un m\u00e9dia num\u00e9rique tunisien fond\u00e9 en 2010, sp\u00e9cialis\u00e9 dans l\u2019actualit\u00e9 nationale et internationale, l\u2019\u00e9conomie, la soci\u00e9t\u00e9 et les analyses politiques. Le site s\u2019adresse \u00e0 un large public francophone et couvre l\u2019information tunisienne en temps r\u00e9el.","email":"redac@webdo.tn","legalName":"YNJ SARL","foundingDate":"2010-09-06","numberOfEmployees":{"@type":"QuantitativeValue","minValue":"11","maxValue":"50"}},{"@type":"Person","@id":"https:\/\/www.webdo.tn\/fr\/#\/schema\/person\/19664196c9bfdcda126f3c27709f7d11","name":"Firas Ben Abdeltif","image":{"@type":"ImageObject","inLanguage":"fr-FR","@id":"https:\/\/secure.gravatar.com\/avatar\/161a347d40df098a084778c52ed133dbd85f14df003867067c5948081241ec55?s=96&d=mm&r=g","url":"https:\/\/secure.gravatar.com\/avatar\/161a347d40df098a084778c52ed133dbd85f14df003867067c5948081241ec55?s=96&d=mm&r=g","contentUrl":"https:\/\/secure.gravatar.com\/avatar\/161a347d40df098a084778c52ed133dbd85f14df003867067c5948081241ec55?s=96&d=mm&r=g","caption":"Firas Ben Abdeltif"},"url":"https:\/\/www.webdo.tn\/fr\/actualite\/author\/firas-ben-abdeltif\/"}]}},"_links":{"self":[{"href":"https:\/\/www.webdo.tn\/fr\/wp-json\/wp\/v2\/posts\/219303","targetHints":{"allow":["GET"]}}],"collection":[{"href":"https:\/\/www.webdo.tn\/fr\/wp-json\/wp\/v2\/posts"}],"about":[{"href":"https:\/\/www.webdo.tn\/fr\/wp-json\/wp\/v2\/types\/post"}],"author":[{"embeddable":true,"href":"https:\/\/www.webdo.tn\/fr\/wp-json\/wp\/v2\/users\/4779"}],"replies":[{"embeddable":true,"href":"https:\/\/www.webdo.tn\/fr\/wp-json\/wp\/v2\/comments?post=219303"}],"version-history":[{"count":0,"href":"https:\/\/www.webdo.tn\/fr\/wp-json\/wp\/v2\/posts\/219303\/revisions"}],"wp:featuredmedia":[{"embeddable":true,"href":"https:\/\/www.webdo.tn\/fr\/wp-json\/wp\/v2\/media\/242646"}],"wp:attachment":[{"href":"https:\/\/www.webdo.tn\/fr\/wp-json\/wp\/v2\/media?parent=219303"}],"wp:term":[{"taxonomy":"category","embeddable":true,"href":"https:\/\/www.webdo.tn\/fr\/wp-json\/wp\/v2\/categories?post=219303"},{"taxonomy":"post_tag","embeddable":true,"href":"https:\/\/www.webdo.tn\/fr\/wp-json\/wp\/v2\/tags?post=219303"}],"curies":[{"name":"wp","href":"https:\/\/api.w.org\/{rel}","templated":true}]}}