{"id":219276,"date":"2025-01-23T09:03:00","date_gmt":"2025-01-23T09:03:00","guid":{"rendered":"https:\/\/www.webdo.tn\/fr\/blog\/2025\/01\/23\/tunisie-jugement-reporte-au-5-fevrier-pour-sept-createurs-de-contenu\/"},"modified":"2025-05-20T21:43:41","modified_gmt":"2025-05-20T21:43:41","slug":"tunisie-jugement-reporte-au-5-fevrier-pour-sept-createurs-de-contenu","status":"publish","type":"post","link":"https:\/\/www.webdo.tn\/fr\/actualite\/national\/tunisie-jugement-reporte-au-5-fevrier-pour-sept-createurs-de-contenu\/219276\/","title":{"rendered":"Tunisie : Jugement report\u00e9 au 5 f\u00e9vrier pour sept cr\u00e9ateurs de contenu"},"content":{"rendered":"<p>Condamn\u00e9es pour des contenus jug\u00e9s contraires aux bonnes m\u0153urs, sept cr\u00e9ateurs de contenu ont fait l\u2019objet de nouvelles plaidoiries en appel, qui ont d\u00e9marr\u00e9, hier mercredi 22 janvier 2025.<\/p>\n<p>\t\t\t\t\t\t\t\t\tLa chambre criminelle pr\u00e8s la Cour d&rsquo;appel de Tunis doit examiner de nouveau ces affaires avec de nouvelles plaidoiries, comme si le jugement de premi\u00e8re instance n\u2019avait jamais \u00e9t\u00e9 rendu.<\/p>\n<p>Sept autres cr\u00e9ateurs de contenu, qui ont comparu, hier, restent en prison. La chambre criminelle pr\u00e8s la Cour d&rsquo;appel de Tunis a d\u00e9cid\u00e9 de refuser leur lib\u00e9ration. Elle devrait se prononcer le 5 f\u00e9vrier prochain dans le cadre de leurs affaires respectives.<\/p>\n<p>Pour rappel, la ministre de la Justice avait ordonn\u00e9, fin octobre dernier, au minist\u00e8re public de prendre les mesures juridiques n\u00e9cessaires pour contrer certaines pratiques. Des enqu\u00eates p\u00e9nales avaient \u00e9t\u00e9 ouvertes \u00e0 l\u2019encontre de toute personne produisant, diffusant ou publiant des contenus portant atteinte aux valeurs morales.<\/p>\n<p>A cette occasion, plus d\u2019une dizaine de cr\u00e9ateurs de contenu actifs sur les r\u00e9seaux sociaux avaient \u00e9t\u00e9 arr\u00eat\u00e9s. Ils faisaient face \u00e0 des accusations li\u00e9es au harc\u00e8lement, \u00e0 l\u2019exhibitionnisme d\u00e9lib\u00e9r\u00e9, \u00e0 l\u2019atteinte aux bonnes m\u0153urs, au trouble \u00e0 l\u2019ordre public, \u00e0 l\u2019incitation explicite \u00e0 la d\u00e9bauche, notamment envers des mineurs, et \u00e0 l\u2019utilisation abusive des r\u00e9seaux de communication publics pour nuire \u00e0 autrui.<\/p>\n<p>Les peines prononc\u00e9es vont\u00a0 jusqu\u2019\u00e0 cinq ans de prison pour certains cr\u00e9ateurs et cr\u00e9atrices de contenu. Cette d\u00e9cision avait suscit\u00e9 de vives r\u00e9actions sur les r\u00e9seaux sociaux, divisant les internautes entre partisans et opposants \u00e0 ces verdicts.<\/p>\n<p>\u00a0Le 27 octobre 2024 le minist\u00e8re de la Justice avait annonc\u00e9 des mesures pour lutter contre les contenus immoraux sur TikTok et Instagram. Plusieurs cr\u00e9ateurs de contenu avaient \u00e9t\u00e9 arr\u00eat\u00e9s et poursuivis et onze ont \u00e9t\u00e9 condamn\u00e9s dont quatre ont \u00e9cop\u00e9 d&rsquo;une peine de cinq ans de prison.<\/p>\n","protected":false},"excerpt":{"rendered":"<p>Condamn\u00e9es pour des contenus jug\u00e9s contraires aux bonnes m\u0153urs, sept cr\u00e9ateurs de contenu ont fait l\u2019objet de nouvelles plaidoiries en appel, qui ont d\u00e9marr\u00e9, h&#8230;<\/p>\n","protected":false},"author":3162,"featured_media":242670,"comment_status":"open","ping_status":"open","sticky":false,"template":"","format":"standard","meta":{"footnotes":""},"categories":[44],"tags":[4263,4039,3286,4264,2608],"class_list":["post-219276","post","type-post","status-publish","format-standard","has-post-thumbnail","hentry","category-national","tag-appel","tag-createur-de-contenu","tag-detention","tag-jugement","tag-tunisie"],"yoast_head":"<!-- This site is optimized with the Yoast SEO Premium plugin v27.5 (Yoast SEO v27.5) - https:\/\/yoast.com\/product\/yoast-seo-premium-wordpress\/ -->\n<title>Tunisie : Jugement report\u00e9 au 5 f\u00e9vrier pour sept cr\u00e9ateurs de contenu<\/title>\n<meta name=\"description\" content=\"Condamn\u00e9es pour des contenus jug\u00e9s contraires aux bonnes m\u0153urs, sept cr\u00e9ateurs de contenu ont fait l\u2019objet de nouvelles plaidoiries en appel, qui ont d\u00e9marr\u00e9, h...\" \/>\n<link rel=\"canonical\" href=\"https:\/\/www.webdo.tn\/fr\/actualite\/national\/tunisie-jugement-reporte-au-5-fevrier-pour-sept-createurs-de-contenu\/219276\/\" \/>\n<meta property=\"og:locale\" content=\"fr_FR\" \/>\n<meta property=\"og:type\" content=\"article\" \/>\n<meta property=\"og:title\" content=\"Tunisie : Jugement report\u00e9 au 5 f\u00e9vrier pour sept cr\u00e9ateurs de contenu\" \/>\n<meta property=\"og:description\" content=\"Condamn\u00e9es pour des contenus jug\u00e9s contraires aux bonnes m\u0153urs, sept cr\u00e9ateurs de contenu ont fait l\u2019objet de nouvelles plaidoiries en appel, qui ont d\u00e9marr\u00e9, h...\" \/>\n<meta property=\"og:url\" content=\"https:\/\/www.webdo.tn\/fr\/actualite\/national\/tunisie-jugement-reporte-au-5-fevrier-pour-sept-createurs-de-contenu\/219276\/\" \/>\n<meta property=\"og:site_name\" content=\"webdo\" \/>\n<meta property=\"article:publisher\" content=\"https:\/\/www.facebook.com\/webdotn\" \/>\n<meta property=\"article:published_time\" content=\"2025-01-23T09:03:00+00:00\" \/>\n<meta property=\"article:modified_time\" content=\"2025-05-20T21:43:41+00:00\" \/>\n<meta property=\"og:image\" content=\"https:\/\/www.webdo.tn\/fr\/wp-content\/uploads\/2025\/05\/2b37b723070385ae6521f1e27b42a222-2.webp\" \/>\n\t<meta property=\"og:image:width\" content=\"750\" \/>\n\t<meta property=\"og:image:height\" content=\"400\" \/>\n\t<meta property=\"og:image:type\" content=\"image\/webp\" \/>\n<meta name=\"author\" content=\"MC\" \/>\n<meta name=\"twitter:card\" content=\"summary_large_image\" \/>\n<meta name=\"twitter:creator\" content=\"@webdo_tn\" \/>\n<meta name=\"twitter:site\" content=\"@webdo_tn\" \/>\n<meta name=\"twitter:label1\" content=\"\u00c9crit par\" \/>\n\t<meta name=\"twitter:data1\" content=\"MC\" \/>\n\t<meta name=\"twitter:label2\" content=\"Dur\u00e9e de lecture estim\u00e9e\" \/>\n\t<meta name=\"twitter:data2\" content=\"2 minutes\" \/>\n<script type=\"application\/ld+json\" class=\"yoast-schema-graph\">{\"@context\":\"https:\\\/\\\/schema.org\",\"@graph\":[{\"@type\":\"NewsArticle\",\"@id\":\"https:\\\/\\\/www.webdo.tn\\\/fr\\\/actualite\\\/national\\\/tunisie-jugement-reporte-au-5-fevrier-pour-sept-createurs-de-contenu\\\/219276\\\/#article\",\"isPartOf\":{\"@id\":\"https:\\\/\\\/www.webdo.tn\\\/fr\\\/actualite\\\/national\\\/tunisie-jugement-reporte-au-5-fevrier-pour-sept-createurs-de-contenu\\\/219276\\\/\"},\"author\":{\"name\":\"MC\",\"@id\":\"https:\\\/\\\/www.webdo.tn\\\/fr\\\/#\\\/schema\\\/person\\\/2c4929cbf5a809e3bd38617c6ce150f6\"},\"headline\":\"Tunisie : Jugement report\u00e9 au 5 f\u00e9vrier pour sept cr\u00e9ateurs de contenu\",\"datePublished\":\"2025-01-23T09:03:00+00:00\",\"dateModified\":\"2025-05-20T21:43:41+00:00\",\"mainEntityOfPage\":{\"@id\":\"https:\\\/\\\/www.webdo.tn\\\/fr\\\/actualite\\\/national\\\/tunisie-jugement-reporte-au-5-fevrier-pour-sept-createurs-de-contenu\\\/219276\\\/\"},\"wordCount\":343,\"commentCount\":0,\"publisher\":{\"@id\":\"https:\\\/\\\/www.webdo.tn\\\/fr\\\/#organization\"},\"image\":{\"@id\":\"https:\\\/\\\/www.webdo.tn\\\/fr\\\/actualite\\\/national\\\/tunisie-jugement-reporte-au-5-fevrier-pour-sept-createurs-de-contenu\\\/219276\\\/#primaryimage\"},\"thumbnailUrl\":\"https:\\\/\\\/www.webdo.tn\\\/fr\\\/wp-content\\\/uploads\\\/2025\\\/05\\\/2b37b723070385ae6521f1e27b42a222-2.webp\",\"keywords\":[\"appel\",\"Cr\u00e9ateur de contenu\",\"d\u00e9tention\",\"jugement\",\"Tunisie\"],\"articleSection\":[\"National\"],\"inLanguage\":\"fr-FR\"},{\"@type\":\"WebPage\",\"@id\":\"https:\\\/\\\/www.webdo.tn\\\/fr\\\/actualite\\\/national\\\/tunisie-jugement-reporte-au-5-fevrier-pour-sept-createurs-de-contenu\\\/219276\\\/\",\"url\":\"https:\\\/\\\/www.webdo.tn\\\/fr\\\/actualite\\\/national\\\/tunisie-jugement-reporte-au-5-fevrier-pour-sept-createurs-de-contenu\\\/219276\\\/\",\"name\":\"Tunisie : Jugement report\u00e9 au 5 f\u00e9vrier pour sept cr\u00e9ateurs de contenu\",\"isPartOf\":{\"@id\":\"https:\\\/\\\/www.webdo.tn\\\/fr\\\/#website\"},\"primaryImageOfPage\":{\"@id\":\"https:\\\/\\\/www.webdo.tn\\\/fr\\\/actualite\\\/national\\\/tunisie-jugement-reporte-au-5-fevrier-pour-sept-createurs-de-contenu\\\/219276\\\/#primaryimage\"},\"image\":{\"@id\":\"https:\\\/\\\/www.webdo.tn\\\/fr\\\/actualite\\\/national\\\/tunisie-jugement-reporte-au-5-fevrier-pour-sept-createurs-de-contenu\\\/219276\\\/#primaryimage\"},\"thumbnailUrl\":\"https:\\\/\\\/www.webdo.tn\\\/fr\\\/wp-content\\\/uploads\\\/2025\\\/05\\\/2b37b723070385ae6521f1e27b42a222-2.webp\",\"datePublished\":\"2025-01-23T09:03:00+00:00\",\"dateModified\":\"2025-05-20T21:43:41+00:00\",\"description\":\"Condamn\u00e9es pour des contenus jug\u00e9s contraires aux bonnes m\u0153urs, sept cr\u00e9ateurs de contenu ont fait l\u2019objet de nouvelles plaidoiries en appel, qui ont d\u00e9marr\u00e9, h...\",\"breadcrumb\":{\"@id\":\"https:\\\/\\\/www.webdo.tn\\\/fr\\\/actualite\\\/national\\\/tunisie-jugement-reporte-au-5-fevrier-pour-sept-createurs-de-contenu\\\/219276\\\/#breadcrumb\"},\"inLanguage\":\"fr-FR\",\"potentialAction\":[{\"@type\":\"ReadAction\",\"target\":[\"https:\\\/\\\/www.webdo.tn\\\/fr\\\/actualite\\\/national\\\/tunisie-jugement-reporte-au-5-fevrier-pour-sept-createurs-de-contenu\\\/219276\\\/\"]}]},{\"@type\":\"ImageObject\",\"inLanguage\":\"fr-FR\",\"@id\":\"https:\\\/\\\/www.webdo.tn\\\/fr\\\/actualite\\\/national\\\/tunisie-jugement-reporte-au-5-fevrier-pour-sept-createurs-de-contenu\\\/219276\\\/#primaryimage\",\"url\":\"https:\\\/\\\/www.webdo.tn\\\/fr\\\/wp-content\\\/uploads\\\/2025\\\/05\\\/2b37b723070385ae6521f1e27b42a222-2.webp\",\"contentUrl\":\"https:\\\/\\\/www.webdo.tn\\\/fr\\\/wp-content\\\/uploads\\\/2025\\\/05\\\/2b37b723070385ae6521f1e27b42a222-2.webp\",\"width\":750,\"height\":400},{\"@type\":\"BreadcrumbList\",\"@id\":\"https:\\\/\\\/www.webdo.tn\\\/fr\\\/actualite\\\/national\\\/tunisie-jugement-reporte-au-5-fevrier-pour-sept-createurs-de-contenu\\\/219276\\\/#breadcrumb\",\"itemListElement\":[{\"@type\":\"ListItem\",\"position\":1,\"name\":\"Accueil\",\"item\":\"https:\\\/\\\/www.webdo.tn\\\/fr\\\/\"},{\"@type\":\"ListItem\",\"position\":2,\"name\":\"Tunisie : Jugement report\u00e9 au 5 f\u00e9vrier pour sept cr\u00e9ateurs de contenu\"}]},{\"@type\":\"WebSite\",\"@id\":\"https:\\\/\\\/www.webdo.tn\\\/fr\\\/#website\",\"url\":\"https:\\\/\\\/www.webdo.tn\\\/fr\\\/\",\"name\":\"webdo\",\"description\":\"Tunisie - News en Tunisie et \u00e0 l&#039;international sur Webdo.tn\",\"publisher\":{\"@id\":\"https:\\\/\\\/www.webdo.tn\\\/fr\\\/#organization\"},\"potentialAction\":[{\"@type\":\"SearchAction\",\"target\":{\"@type\":\"EntryPoint\",\"urlTemplate\":\"https:\\\/\\\/www.webdo.tn\\\/fr\\\/?s={search_term_string}\"},\"query-input\":{\"@type\":\"PropertyValueSpecification\",\"valueRequired\":true,\"valueName\":\"search_term_string\"}}],\"inLanguage\":\"fr-FR\"},{\"@type\":\"Organization\",\"@id\":\"https:\\\/\\\/www.webdo.tn\\\/fr\\\/#organization\",\"name\":\"Webdo\",\"alternateName\":\"Webdo.tn\",\"url\":\"https:\\\/\\\/www.webdo.tn\\\/fr\\\/\",\"logo\":{\"@type\":\"ImageObject\",\"inLanguage\":\"fr-FR\",\"@id\":\"https:\\\/\\\/www.webdo.tn\\\/fr\\\/#\\\/schema\\\/logo\\\/image\\\/\",\"url\":\"https:\\\/\\\/www.webdo.tn\\\/fr\\\/wp-content\\\/uploads\\\/2025\\\/06\\\/Webdo-Tunisie_168377.jpg\",\"contentUrl\":\"https:\\\/\\\/www.webdo.tn\\\/fr\\\/wp-content\\\/uploads\\\/2025\\\/06\\\/Webdo-Tunisie_168377.jpg\",\"width\":301,\"height\":301,\"caption\":\"Webdo\"},\"image\":{\"@id\":\"https:\\\/\\\/www.webdo.tn\\\/fr\\\/#\\\/schema\\\/logo\\\/image\\\/\"},\"sameAs\":[\"https:\\\/\\\/www.facebook.com\\\/webdotn\",\"https:\\\/\\\/x.com\\\/webdo_tn\"],\"description\":\"Webdo est un m\u00e9dia num\u00e9rique tunisien fond\u00e9 en 2010, sp\u00e9cialis\u00e9 dans l\u2019actualit\u00e9 nationale et internationale, l\u2019\u00e9conomie, la soci\u00e9t\u00e9 et les analyses politiques. Le site s\u2019adresse \u00e0 un large public francophone et couvre l\u2019information tunisienne en temps r\u00e9el.\",\"email\":\"redac@webdo.tn\",\"legalName\":\"YNJ SARL\",\"foundingDate\":\"2010-09-06\",\"numberOfEmployees\":{\"@type\":\"QuantitativeValue\",\"minValue\":\"11\",\"maxValue\":\"50\"}},{\"@type\":\"Person\",\"@id\":\"https:\\\/\\\/www.webdo.tn\\\/fr\\\/#\\\/schema\\\/person\\\/2c4929cbf5a809e3bd38617c6ce150f6\",\"name\":\"MC\",\"image\":{\"@type\":\"ImageObject\",\"inLanguage\":\"fr-FR\",\"@id\":\"https:\\\/\\\/secure.gravatar.com\\\/avatar\\\/a545bbb6f84efdd5553dbbc2895e3ca8f1d12c5215e00a041c9670b54aa9b18a?s=96&d=mm&r=g\",\"url\":\"https:\\\/\\\/secure.gravatar.com\\\/avatar\\\/a545bbb6f84efdd5553dbbc2895e3ca8f1d12c5215e00a041c9670b54aa9b18a?s=96&d=mm&r=g\",\"contentUrl\":\"https:\\\/\\\/secure.gravatar.com\\\/avatar\\\/a545bbb6f84efdd5553dbbc2895e3ca8f1d12c5215e00a041c9670b54aa9b18a?s=96&d=mm&r=g\",\"caption\":\"MC\"},\"url\":\"https:\\\/\\\/www.webdo.tn\\\/fr\\\/actualite\\\/author\\\/mc\\\/\"}]}<\/script>\n<!-- \/ Yoast SEO Premium plugin. -->","yoast_head_json":{"title":"Tunisie : Jugement report\u00e9 au 5 f\u00e9vrier pour sept cr\u00e9ateurs de contenu","description":"Condamn\u00e9es pour des contenus jug\u00e9s contraires aux bonnes m\u0153urs, sept cr\u00e9ateurs de contenu ont fait l\u2019objet de nouvelles plaidoiries en appel, qui ont d\u00e9marr\u00e9, h...","canonical":"https:\/\/www.webdo.tn\/fr\/actualite\/national\/tunisie-jugement-reporte-au-5-fevrier-pour-sept-createurs-de-contenu\/219276\/","og_locale":"fr_FR","og_type":"article","og_title":"Tunisie : Jugement report\u00e9 au 5 f\u00e9vrier pour sept cr\u00e9ateurs de contenu","og_description":"Condamn\u00e9es pour des contenus jug\u00e9s contraires aux bonnes m\u0153urs, sept cr\u00e9ateurs de contenu ont fait l\u2019objet de nouvelles plaidoiries en appel, qui ont d\u00e9marr\u00e9, h...","og_url":"https:\/\/www.webdo.tn\/fr\/actualite\/national\/tunisie-jugement-reporte-au-5-fevrier-pour-sept-createurs-de-contenu\/219276\/","og_site_name":"webdo","article_publisher":"https:\/\/www.facebook.com\/webdotn","article_published_time":"2025-01-23T09:03:00+00:00","article_modified_time":"2025-05-20T21:43:41+00:00","og_image":[{"width":750,"height":400,"url":"https:\/\/www.webdo.tn\/fr\/wp-content\/uploads\/2025\/05\/2b37b723070385ae6521f1e27b42a222-2.webp","type":"image\/webp"}],"author":"MC","twitter_card":"summary_large_image","twitter_creator":"@webdo_tn","twitter_site":"@webdo_tn","twitter_misc":{"\u00c9crit par":"MC","Dur\u00e9e de lecture estim\u00e9e":"2 minutes"},"schema":{"@context":"https:\/\/schema.org","@graph":[{"@type":"NewsArticle","@id":"https:\/\/www.webdo.tn\/fr\/actualite\/national\/tunisie-jugement-reporte-au-5-fevrier-pour-sept-createurs-de-contenu\/219276\/#article","isPartOf":{"@id":"https:\/\/www.webdo.tn\/fr\/actualite\/national\/tunisie-jugement-reporte-au-5-fevrier-pour-sept-createurs-de-contenu\/219276\/"},"author":{"name":"MC","@id":"https:\/\/www.webdo.tn\/fr\/#\/schema\/person\/2c4929cbf5a809e3bd38617c6ce150f6"},"headline":"Tunisie : Jugement report\u00e9 au 5 f\u00e9vrier pour sept cr\u00e9ateurs de contenu","datePublished":"2025-01-23T09:03:00+00:00","dateModified":"2025-05-20T21:43:41+00:00","mainEntityOfPage":{"@id":"https:\/\/www.webdo.tn\/fr\/actualite\/national\/tunisie-jugement-reporte-au-5-fevrier-pour-sept-createurs-de-contenu\/219276\/"},"wordCount":343,"commentCount":0,"publisher":{"@id":"https:\/\/www.webdo.tn\/fr\/#organization"},"image":{"@id":"https:\/\/www.webdo.tn\/fr\/actualite\/national\/tunisie-jugement-reporte-au-5-fevrier-pour-sept-createurs-de-contenu\/219276\/#primaryimage"},"thumbnailUrl":"https:\/\/www.webdo.tn\/fr\/wp-content\/uploads\/2025\/05\/2b37b723070385ae6521f1e27b42a222-2.webp","keywords":["appel","Cr\u00e9ateur de contenu","d\u00e9tention","jugement","Tunisie"],"articleSection":["National"],"inLanguage":"fr-FR"},{"@type":"WebPage","@id":"https:\/\/www.webdo.tn\/fr\/actualite\/national\/tunisie-jugement-reporte-au-5-fevrier-pour-sept-createurs-de-contenu\/219276\/","url":"https:\/\/www.webdo.tn\/fr\/actualite\/national\/tunisie-jugement-reporte-au-5-fevrier-pour-sept-createurs-de-contenu\/219276\/","name":"Tunisie : Jugement report\u00e9 au 5 f\u00e9vrier pour sept cr\u00e9ateurs de contenu","isPartOf":{"@id":"https:\/\/www.webdo.tn\/fr\/#website"},"primaryImageOfPage":{"@id":"https:\/\/www.webdo.tn\/fr\/actualite\/national\/tunisie-jugement-reporte-au-5-fevrier-pour-sept-createurs-de-contenu\/219276\/#primaryimage"},"image":{"@id":"https:\/\/www.webdo.tn\/fr\/actualite\/national\/tunisie-jugement-reporte-au-5-fevrier-pour-sept-createurs-de-contenu\/219276\/#primaryimage"},"thumbnailUrl":"https:\/\/www.webdo.tn\/fr\/wp-content\/uploads\/2025\/05\/2b37b723070385ae6521f1e27b42a222-2.webp","datePublished":"2025-01-23T09:03:00+00:00","dateModified":"2025-05-20T21:43:41+00:00","description":"Condamn\u00e9es pour des contenus jug\u00e9s contraires aux bonnes m\u0153urs, sept cr\u00e9ateurs de contenu ont fait l\u2019objet de nouvelles plaidoiries en appel, qui ont d\u00e9marr\u00e9, h...","breadcrumb":{"@id":"https:\/\/www.webdo.tn\/fr\/actualite\/national\/tunisie-jugement-reporte-au-5-fevrier-pour-sept-createurs-de-contenu\/219276\/#breadcrumb"},"inLanguage":"fr-FR","potentialAction":[{"@type":"ReadAction","target":["https:\/\/www.webdo.tn\/fr\/actualite\/national\/tunisie-jugement-reporte-au-5-fevrier-pour-sept-createurs-de-contenu\/219276\/"]}]},{"@type":"ImageObject","inLanguage":"fr-FR","@id":"https:\/\/www.webdo.tn\/fr\/actualite\/national\/tunisie-jugement-reporte-au-5-fevrier-pour-sept-createurs-de-contenu\/219276\/#primaryimage","url":"https:\/\/www.webdo.tn\/fr\/wp-content\/uploads\/2025\/05\/2b37b723070385ae6521f1e27b42a222-2.webp","contentUrl":"https:\/\/www.webdo.tn\/fr\/wp-content\/uploads\/2025\/05\/2b37b723070385ae6521f1e27b42a222-2.webp","width":750,"height":400},{"@type":"BreadcrumbList","@id":"https:\/\/www.webdo.tn\/fr\/actualite\/national\/tunisie-jugement-reporte-au-5-fevrier-pour-sept-createurs-de-contenu\/219276\/#breadcrumb","itemListElement":[{"@type":"ListItem","position":1,"name":"Accueil","item":"https:\/\/www.webdo.tn\/fr\/"},{"@type":"ListItem","position":2,"name":"Tunisie : Jugement report\u00e9 au 5 f\u00e9vrier pour sept cr\u00e9ateurs de contenu"}]},{"@type":"WebSite","@id":"https:\/\/www.webdo.tn\/fr\/#website","url":"https:\/\/www.webdo.tn\/fr\/","name":"webdo","description":"Tunisie - News en Tunisie et \u00e0 l&#039;international sur Webdo.tn","publisher":{"@id":"https:\/\/www.webdo.tn\/fr\/#organization"},"potentialAction":[{"@type":"SearchAction","target":{"@type":"EntryPoint","urlTemplate":"https:\/\/www.webdo.tn\/fr\/?s={search_term_string}"},"query-input":{"@type":"PropertyValueSpecification","valueRequired":true,"valueName":"search_term_string"}}],"inLanguage":"fr-FR"},{"@type":"Organization","@id":"https:\/\/www.webdo.tn\/fr\/#organization","name":"Webdo","alternateName":"Webdo.tn","url":"https:\/\/www.webdo.tn\/fr\/","logo":{"@type":"ImageObject","inLanguage":"fr-FR","@id":"https:\/\/www.webdo.tn\/fr\/#\/schema\/logo\/image\/","url":"https:\/\/www.webdo.tn\/fr\/wp-content\/uploads\/2025\/06\/Webdo-Tunisie_168377.jpg","contentUrl":"https:\/\/www.webdo.tn\/fr\/wp-content\/uploads\/2025\/06\/Webdo-Tunisie_168377.jpg","width":301,"height":301,"caption":"Webdo"},"image":{"@id":"https:\/\/www.webdo.tn\/fr\/#\/schema\/logo\/image\/"},"sameAs":["https:\/\/www.facebook.com\/webdotn","https:\/\/x.com\/webdo_tn"],"description":"Webdo est un m\u00e9dia num\u00e9rique tunisien fond\u00e9 en 2010, sp\u00e9cialis\u00e9 dans l\u2019actualit\u00e9 nationale et internationale, l\u2019\u00e9conomie, la soci\u00e9t\u00e9 et les analyses politiques. Le site s\u2019adresse \u00e0 un large public francophone et couvre l\u2019information tunisienne en temps r\u00e9el.","email":"redac@webdo.tn","legalName":"YNJ SARL","foundingDate":"2010-09-06","numberOfEmployees":{"@type":"QuantitativeValue","minValue":"11","maxValue":"50"}},{"@type":"Person","@id":"https:\/\/www.webdo.tn\/fr\/#\/schema\/person\/2c4929cbf5a809e3bd38617c6ce150f6","name":"MC","image":{"@type":"ImageObject","inLanguage":"fr-FR","@id":"https:\/\/secure.gravatar.com\/avatar\/a545bbb6f84efdd5553dbbc2895e3ca8f1d12c5215e00a041c9670b54aa9b18a?s=96&d=mm&r=g","url":"https:\/\/secure.gravatar.com\/avatar\/a545bbb6f84efdd5553dbbc2895e3ca8f1d12c5215e00a041c9670b54aa9b18a?s=96&d=mm&r=g","contentUrl":"https:\/\/secure.gravatar.com\/avatar\/a545bbb6f84efdd5553dbbc2895e3ca8f1d12c5215e00a041c9670b54aa9b18a?s=96&d=mm&r=g","caption":"MC"},"url":"https:\/\/www.webdo.tn\/fr\/actualite\/author\/mc\/"}]}},"_links":{"self":[{"href":"https:\/\/www.webdo.tn\/fr\/wp-json\/wp\/v2\/posts\/219276","targetHints":{"allow":["GET"]}}],"collection":[{"href":"https:\/\/www.webdo.tn\/fr\/wp-json\/wp\/v2\/posts"}],"about":[{"href":"https:\/\/www.webdo.tn\/fr\/wp-json\/wp\/v2\/types\/post"}],"author":[{"embeddable":true,"href":"https:\/\/www.webdo.tn\/fr\/wp-json\/wp\/v2\/users\/3162"}],"replies":[{"embeddable":true,"href":"https:\/\/www.webdo.tn\/fr\/wp-json\/wp\/v2\/comments?post=219276"}],"version-history":[{"count":0,"href":"https:\/\/www.webdo.tn\/fr\/wp-json\/wp\/v2\/posts\/219276\/revisions"}],"wp:featuredmedia":[{"embeddable":true,"href":"https:\/\/www.webdo.tn\/fr\/wp-json\/wp\/v2\/media\/242670"}],"wp:attachment":[{"href":"https:\/\/www.webdo.tn\/fr\/wp-json\/wp\/v2\/media?parent=219276"}],"wp:term":[{"taxonomy":"category","embeddable":true,"href":"https:\/\/www.webdo.tn\/fr\/wp-json\/wp\/v2\/categories?post=219276"},{"taxonomy":"post_tag","embeddable":true,"href":"https:\/\/www.webdo.tn\/fr\/wp-json\/wp\/v2\/tags?post=219276"}],"curies":[{"name":"wp","href":"https:\/\/api.w.org\/{rel}","templated":true}]}}