{"id":219252,"date":"2025-01-22T10:20:00","date_gmt":"2025-01-22T10:20:00","guid":{"rendered":"https:\/\/www.webdo.tn\/fr\/blog\/2025\/01\/22\/tunisie-trois-enseignants-et-une-surveillante-generale-violemment-agresses-par-deux-eleves\/"},"modified":"2025-05-20T21:43:48","modified_gmt":"2025-05-20T21:43:48","slug":"tunisie-trois-enseignants-et-une-surveillante-generale-violemment-agresses-par-deux-eleves","status":"publish","type":"post","link":"https:\/\/www.webdo.tn\/fr\/actualite\/divers\/tunisie-trois-enseignants-et-une-surveillante-generale-violemment-agresses-par-deux-eleves\/219252\/","title":{"rendered":"Tunisie : Trois enseignants et une surveillante g\u00e9n\u00e9rale violemment agress\u00e9s par deux \u00e9l\u00e8ves"},"content":{"rendered":"<p>La violence dans les \u00e9tablissements scolaires en Tunisie continue d&rsquo;inqui\u00e9ter le corps enseignant.<\/p>\n<p>\t\t\t\t\t\t\t\t\tQuatre membres (trois enseignants et la surveillante g\u00e9n\u00e9rale) du lyc\u00e9e Chedly Atallah de Kairouan ont \u00e9t\u00e9 victimes, hier, mardi 21 janvier 2025, de violences physiques et verbales de la part de deux \u00e9l\u00e8ves. Deux enseignantes ont \u00e9t\u00e9 bless\u00e9es et transf\u00e9r\u00e9e au service des urgences de l\u2019h\u00f4pital universitaire Ibn El Jazzar \u00e0 Kairouan.<\/p>\n<p>Le syndicat de base de l\u2019enseignement secondaire \u00e0 Kairouan, relevant de l&rsquo;Union g\u00e9n\u00e9rale tunisienne du travail (UGTT), a r\u00e9agi en annon\u00e7ant dans un communiqu\u00e9, la tenue d\u2019une manifestation, ce mercredi 22 janvier 2025, un sit-in de deux heures (de 08h00 \u00e0 10h00) dans l\u2019ensemble des coll\u00e8ges et lyc\u00e9es de Kairouan et des d\u00e9l\u00e9gations environnantes.<\/p>\n<p>Cette mobilisation a notamment pour objectif de r\u00e9clamer l\u2019application de sanctions disciplinaires et s\u00e9curitaires exemplaires contre les deux \u00e9l\u00e8ves, responsables de ces actes.<\/p>\n<p>Ce cas n&rsquo;est pas isol\u00e9. En novembre dernier, \u00a0l&rsquo;enseignante d&rsquo;une \u00e9cole primaire au Bardo a \u00e9t\u00e9 poignard\u00e9e au ventre et \u00e0 la main apr\u00e8s avoir attribu\u00e9 une note de 2\/20 \u00e0 un \u00e9l\u00e8ve.<\/p>\n<p>A Omrane sup\u00e9rieur, un enseignant en sciences de l&rsquo;\u00e9ducation a \u00e9t\u00e9 attaqu\u00e9 avec un objet tranchant par le p\u00e8re d&rsquo;un \u00e9l\u00e8ve, pour des raisons similaires.<\/p>\n<p>En avril 2024, un professeur a \u00e9t\u00e9 poignard\u00e9 par un de ses \u00e9l\u00e8ves alors qu\u2019il assurait son cours au coll\u00e8ge Dar Al-Aman de Kairouan. L\u2019enseignant bless\u00e9 avait \u00e9t\u00e9 transport\u00e9 \u00e0 l\u2019h\u00f4pital.<br \/>\nLe ph\u00e9nom\u00e8ne, en recrudescence, alimente un climat de peur et de tension dans les \u00e9coles, rendant urgent la mise en place de mesures pour prot\u00e9ger les membres du personnel \u00e9ducatif.<\/p>\n","protected":false},"excerpt":{"rendered":"<p>Quatre membres (trois enseignants et la surveillante g\u00e9n\u00e9rale) du lyc\u00e9e Chedly Atallah de Kairouan ont \u00e9t\u00e9 victimes, hier, mardi 21 janvier 2025, de violences p&#8230;<\/p>\n","protected":false},"author":3162,"featured_media":242714,"comment_status":"open","ping_status":"open","sticky":false,"template":"","format":"standard","meta":{"footnotes":""},"categories":[2839],"tags":[3435,3209,3911,3090,2608],"class_list":["post-219252","post","type-post","status-publish","format-standard","has-post-thumbnail","hentry","category-divers","tag-agression","tag-eleves","tag-enseignants","tag-kairouan","tag-tunisie"],"yoast_head":"<!-- This site is optimized with the Yoast SEO Premium plugin v27.5 (Yoast SEO v27.5) - https:\/\/yoast.com\/product\/yoast-seo-premium-wordpress\/ -->\n<title>Tunisie : Trois enseignants et une surveillante g\u00e9n\u00e9rale violemment agress\u00e9s par deux \u00e9l\u00e8ves<\/title>\n<meta name=\"description\" content=\"Quatre membres (trois enseignants et la surveillante g\u00e9n\u00e9rale) du lyc\u00e9e Chedly Atallah de Kairouan ont \u00e9t\u00e9 victimes, hier, mardi 21 janvier 2025, de violences p...\" \/>\n<link rel=\"canonical\" href=\"https:\/\/www.webdo.tn\/fr\/actualite\/divers\/tunisie-trois-enseignants-et-une-surveillante-generale-violemment-agresses-par-deux-eleves\/219252\/\" \/>\n<meta property=\"og:locale\" content=\"fr_FR\" \/>\n<meta property=\"og:type\" content=\"article\" \/>\n<meta property=\"og:title\" content=\"Tunisie : Trois enseignants et une surveillante g\u00e9n\u00e9rale violemment agress\u00e9s par deux \u00e9l\u00e8ves\" \/>\n<meta property=\"og:description\" content=\"Quatre membres (trois enseignants et la surveillante g\u00e9n\u00e9rale) du lyc\u00e9e Chedly Atallah de Kairouan ont \u00e9t\u00e9 victimes, hier, mardi 21 janvier 2025, de violences p...\" \/>\n<meta property=\"og:url\" content=\"https:\/\/www.webdo.tn\/fr\/actualite\/divers\/tunisie-trois-enseignants-et-une-surveillante-generale-violemment-agresses-par-deux-eleves\/219252\/\" \/>\n<meta property=\"og:site_name\" content=\"webdo\" \/>\n<meta property=\"article:publisher\" content=\"https:\/\/www.facebook.com\/webdotn\" \/>\n<meta property=\"article:published_time\" content=\"2025-01-22T10:20:00+00:00\" \/>\n<meta property=\"article:modified_time\" content=\"2025-05-20T21:43:48+00:00\" \/>\n<meta property=\"og:image\" content=\"https:\/\/www.webdo.tn\/fr\/wp-content\/uploads\/2025\/05\/c0c32409153e48bebd8aff9eaf2bc3a5-2.webp\" \/>\n\t<meta property=\"og:image:width\" content=\"750\" \/>\n\t<meta property=\"og:image:height\" content=\"400\" \/>\n\t<meta property=\"og:image:type\" content=\"image\/webp\" \/>\n<meta name=\"author\" content=\"MC\" \/>\n<meta name=\"twitter:card\" content=\"summary_large_image\" \/>\n<meta name=\"twitter:creator\" content=\"@webdo_tn\" \/>\n<meta name=\"twitter:site\" content=\"@webdo_tn\" \/>\n<meta name=\"twitter:label1\" content=\"\u00c9crit par\" \/>\n\t<meta name=\"twitter:data1\" content=\"MC\" \/>\n\t<meta name=\"twitter:label2\" content=\"Dur\u00e9e de lecture estim\u00e9e\" \/>\n\t<meta name=\"twitter:data2\" content=\"1 minute\" \/>\n<script type=\"application\/ld+json\" class=\"yoast-schema-graph\">{\"@context\":\"https:\\\/\\\/schema.org\",\"@graph\":[{\"@type\":\"NewsArticle\",\"@id\":\"https:\\\/\\\/www.webdo.tn\\\/fr\\\/actualite\\\/divers\\\/tunisie-trois-enseignants-et-une-surveillante-generale-violemment-agresses-par-deux-eleves\\\/219252\\\/#article\",\"isPartOf\":{\"@id\":\"https:\\\/\\\/www.webdo.tn\\\/fr\\\/actualite\\\/divers\\\/tunisie-trois-enseignants-et-une-surveillante-generale-violemment-agresses-par-deux-eleves\\\/219252\\\/\"},\"author\":{\"name\":\"MC\",\"@id\":\"https:\\\/\\\/www.webdo.tn\\\/fr\\\/#\\\/schema\\\/person\\\/2c4929cbf5a809e3bd38617c6ce150f6\"},\"headline\":\"Tunisie : Trois enseignants et une surveillante g\u00e9n\u00e9rale violemment agress\u00e9s par deux \u00e9l\u00e8ves\",\"datePublished\":\"2025-01-22T10:20:00+00:00\",\"dateModified\":\"2025-05-20T21:43:48+00:00\",\"mainEntityOfPage\":{\"@id\":\"https:\\\/\\\/www.webdo.tn\\\/fr\\\/actualite\\\/divers\\\/tunisie-trois-enseignants-et-une-surveillante-generale-violemment-agresses-par-deux-eleves\\\/219252\\\/\"},\"wordCount\":312,\"commentCount\":0,\"publisher\":{\"@id\":\"https:\\\/\\\/www.webdo.tn\\\/fr\\\/#organization\"},\"image\":{\"@id\":\"https:\\\/\\\/www.webdo.tn\\\/fr\\\/actualite\\\/divers\\\/tunisie-trois-enseignants-et-une-surveillante-generale-violemment-agresses-par-deux-eleves\\\/219252\\\/#primaryimage\"},\"thumbnailUrl\":\"https:\\\/\\\/www.webdo.tn\\\/fr\\\/wp-content\\\/uploads\\\/2025\\\/05\\\/c0c32409153e48bebd8aff9eaf2bc3a5-2.webp\",\"keywords\":[\"agression\",\"\u00e9l\u00e8ves\",\"enseignants\",\"Kairouan\",\"Tunisie\"],\"articleSection\":[\"Divers\"],\"inLanguage\":\"fr-FR\"},{\"@type\":\"WebPage\",\"@id\":\"https:\\\/\\\/www.webdo.tn\\\/fr\\\/actualite\\\/divers\\\/tunisie-trois-enseignants-et-une-surveillante-generale-violemment-agresses-par-deux-eleves\\\/219252\\\/\",\"url\":\"https:\\\/\\\/www.webdo.tn\\\/fr\\\/actualite\\\/divers\\\/tunisie-trois-enseignants-et-une-surveillante-generale-violemment-agresses-par-deux-eleves\\\/219252\\\/\",\"name\":\"Tunisie : Trois enseignants et une surveillante g\u00e9n\u00e9rale violemment agress\u00e9s par deux \u00e9l\u00e8ves\",\"isPartOf\":{\"@id\":\"https:\\\/\\\/www.webdo.tn\\\/fr\\\/#website\"},\"primaryImageOfPage\":{\"@id\":\"https:\\\/\\\/www.webdo.tn\\\/fr\\\/actualite\\\/divers\\\/tunisie-trois-enseignants-et-une-surveillante-generale-violemment-agresses-par-deux-eleves\\\/219252\\\/#primaryimage\"},\"image\":{\"@id\":\"https:\\\/\\\/www.webdo.tn\\\/fr\\\/actualite\\\/divers\\\/tunisie-trois-enseignants-et-une-surveillante-generale-violemment-agresses-par-deux-eleves\\\/219252\\\/#primaryimage\"},\"thumbnailUrl\":\"https:\\\/\\\/www.webdo.tn\\\/fr\\\/wp-content\\\/uploads\\\/2025\\\/05\\\/c0c32409153e48bebd8aff9eaf2bc3a5-2.webp\",\"datePublished\":\"2025-01-22T10:20:00+00:00\",\"dateModified\":\"2025-05-20T21:43:48+00:00\",\"description\":\"Quatre membres (trois enseignants et la surveillante g\u00e9n\u00e9rale) du lyc\u00e9e Chedly Atallah de Kairouan ont \u00e9t\u00e9 victimes, hier, mardi 21 janvier 2025, de violences p...\",\"breadcrumb\":{\"@id\":\"https:\\\/\\\/www.webdo.tn\\\/fr\\\/actualite\\\/divers\\\/tunisie-trois-enseignants-et-une-surveillante-generale-violemment-agresses-par-deux-eleves\\\/219252\\\/#breadcrumb\"},\"inLanguage\":\"fr-FR\",\"potentialAction\":[{\"@type\":\"ReadAction\",\"target\":[\"https:\\\/\\\/www.webdo.tn\\\/fr\\\/actualite\\\/divers\\\/tunisie-trois-enseignants-et-une-surveillante-generale-violemment-agresses-par-deux-eleves\\\/219252\\\/\"]}]},{\"@type\":\"ImageObject\",\"inLanguage\":\"fr-FR\",\"@id\":\"https:\\\/\\\/www.webdo.tn\\\/fr\\\/actualite\\\/divers\\\/tunisie-trois-enseignants-et-une-surveillante-generale-violemment-agresses-par-deux-eleves\\\/219252\\\/#primaryimage\",\"url\":\"https:\\\/\\\/www.webdo.tn\\\/fr\\\/wp-content\\\/uploads\\\/2025\\\/05\\\/c0c32409153e48bebd8aff9eaf2bc3a5-2.webp\",\"contentUrl\":\"https:\\\/\\\/www.webdo.tn\\\/fr\\\/wp-content\\\/uploads\\\/2025\\\/05\\\/c0c32409153e48bebd8aff9eaf2bc3a5-2.webp\",\"width\":750,\"height\":400},{\"@type\":\"BreadcrumbList\",\"@id\":\"https:\\\/\\\/www.webdo.tn\\\/fr\\\/actualite\\\/divers\\\/tunisie-trois-enseignants-et-une-surveillante-generale-violemment-agresses-par-deux-eleves\\\/219252\\\/#breadcrumb\",\"itemListElement\":[{\"@type\":\"ListItem\",\"position\":1,\"name\":\"Accueil\",\"item\":\"https:\\\/\\\/www.webdo.tn\\\/fr\\\/\"},{\"@type\":\"ListItem\",\"position\":2,\"name\":\"Tunisie : Trois enseignants et une surveillante g\u00e9n\u00e9rale violemment agress\u00e9s par deux \u00e9l\u00e8ves\"}]},{\"@type\":\"WebSite\",\"@id\":\"https:\\\/\\\/www.webdo.tn\\\/fr\\\/#website\",\"url\":\"https:\\\/\\\/www.webdo.tn\\\/fr\\\/\",\"name\":\"webdo\",\"description\":\"Tunisie - News en Tunisie et \u00e0 l&#039;international sur Webdo.tn\",\"publisher\":{\"@id\":\"https:\\\/\\\/www.webdo.tn\\\/fr\\\/#organization\"},\"potentialAction\":[{\"@type\":\"SearchAction\",\"target\":{\"@type\":\"EntryPoint\",\"urlTemplate\":\"https:\\\/\\\/www.webdo.tn\\\/fr\\\/?s={search_term_string}\"},\"query-input\":{\"@type\":\"PropertyValueSpecification\",\"valueRequired\":true,\"valueName\":\"search_term_string\"}}],\"inLanguage\":\"fr-FR\"},{\"@type\":\"Organization\",\"@id\":\"https:\\\/\\\/www.webdo.tn\\\/fr\\\/#organization\",\"name\":\"Webdo\",\"alternateName\":\"Webdo.tn\",\"url\":\"https:\\\/\\\/www.webdo.tn\\\/fr\\\/\",\"logo\":{\"@type\":\"ImageObject\",\"inLanguage\":\"fr-FR\",\"@id\":\"https:\\\/\\\/www.webdo.tn\\\/fr\\\/#\\\/schema\\\/logo\\\/image\\\/\",\"url\":\"https:\\\/\\\/www.webdo.tn\\\/fr\\\/wp-content\\\/uploads\\\/2025\\\/06\\\/Webdo-Tunisie_168377.jpg\",\"contentUrl\":\"https:\\\/\\\/www.webdo.tn\\\/fr\\\/wp-content\\\/uploads\\\/2025\\\/06\\\/Webdo-Tunisie_168377.jpg\",\"width\":301,\"height\":301,\"caption\":\"Webdo\"},\"image\":{\"@id\":\"https:\\\/\\\/www.webdo.tn\\\/fr\\\/#\\\/schema\\\/logo\\\/image\\\/\"},\"sameAs\":[\"https:\\\/\\\/www.facebook.com\\\/webdotn\",\"https:\\\/\\\/x.com\\\/webdo_tn\"],\"description\":\"Webdo est un m\u00e9dia num\u00e9rique tunisien fond\u00e9 en 2010, sp\u00e9cialis\u00e9 dans l\u2019actualit\u00e9 nationale et internationale, l\u2019\u00e9conomie, la soci\u00e9t\u00e9 et les analyses politiques. Le site s\u2019adresse \u00e0 un large public francophone et couvre l\u2019information tunisienne en temps r\u00e9el.\",\"email\":\"redac@webdo.tn\",\"legalName\":\"YNJ SARL\",\"foundingDate\":\"2010-09-06\",\"numberOfEmployees\":{\"@type\":\"QuantitativeValue\",\"minValue\":\"11\",\"maxValue\":\"50\"}},{\"@type\":\"Person\",\"@id\":\"https:\\\/\\\/www.webdo.tn\\\/fr\\\/#\\\/schema\\\/person\\\/2c4929cbf5a809e3bd38617c6ce150f6\",\"name\":\"MC\",\"image\":{\"@type\":\"ImageObject\",\"inLanguage\":\"fr-FR\",\"@id\":\"https:\\\/\\\/secure.gravatar.com\\\/avatar\\\/a545bbb6f84efdd5553dbbc2895e3ca8f1d12c5215e00a041c9670b54aa9b18a?s=96&d=mm&r=g\",\"url\":\"https:\\\/\\\/secure.gravatar.com\\\/avatar\\\/a545bbb6f84efdd5553dbbc2895e3ca8f1d12c5215e00a041c9670b54aa9b18a?s=96&d=mm&r=g\",\"contentUrl\":\"https:\\\/\\\/secure.gravatar.com\\\/avatar\\\/a545bbb6f84efdd5553dbbc2895e3ca8f1d12c5215e00a041c9670b54aa9b18a?s=96&d=mm&r=g\",\"caption\":\"MC\"},\"url\":\"https:\\\/\\\/www.webdo.tn\\\/fr\\\/actualite\\\/author\\\/mc\\\/\"}]}<\/script>\n<!-- \/ Yoast SEO Premium plugin. -->","yoast_head_json":{"title":"Tunisie : Trois enseignants et une surveillante g\u00e9n\u00e9rale violemment agress\u00e9s par deux \u00e9l\u00e8ves","description":"Quatre membres (trois enseignants et la surveillante g\u00e9n\u00e9rale) du lyc\u00e9e Chedly Atallah de Kairouan ont \u00e9t\u00e9 victimes, hier, mardi 21 janvier 2025, de violences p...","canonical":"https:\/\/www.webdo.tn\/fr\/actualite\/divers\/tunisie-trois-enseignants-et-une-surveillante-generale-violemment-agresses-par-deux-eleves\/219252\/","og_locale":"fr_FR","og_type":"article","og_title":"Tunisie : Trois enseignants et une surveillante g\u00e9n\u00e9rale violemment agress\u00e9s par deux \u00e9l\u00e8ves","og_description":"Quatre membres (trois enseignants et la surveillante g\u00e9n\u00e9rale) du lyc\u00e9e Chedly Atallah de Kairouan ont \u00e9t\u00e9 victimes, hier, mardi 21 janvier 2025, de violences p...","og_url":"https:\/\/www.webdo.tn\/fr\/actualite\/divers\/tunisie-trois-enseignants-et-une-surveillante-generale-violemment-agresses-par-deux-eleves\/219252\/","og_site_name":"webdo","article_publisher":"https:\/\/www.facebook.com\/webdotn","article_published_time":"2025-01-22T10:20:00+00:00","article_modified_time":"2025-05-20T21:43:48+00:00","og_image":[{"width":750,"height":400,"url":"https:\/\/www.webdo.tn\/fr\/wp-content\/uploads\/2025\/05\/c0c32409153e48bebd8aff9eaf2bc3a5-2.webp","type":"image\/webp"}],"author":"MC","twitter_card":"summary_large_image","twitter_creator":"@webdo_tn","twitter_site":"@webdo_tn","twitter_misc":{"\u00c9crit par":"MC","Dur\u00e9e de lecture estim\u00e9e":"1 minute"},"schema":{"@context":"https:\/\/schema.org","@graph":[{"@type":"NewsArticle","@id":"https:\/\/www.webdo.tn\/fr\/actualite\/divers\/tunisie-trois-enseignants-et-une-surveillante-generale-violemment-agresses-par-deux-eleves\/219252\/#article","isPartOf":{"@id":"https:\/\/www.webdo.tn\/fr\/actualite\/divers\/tunisie-trois-enseignants-et-une-surveillante-generale-violemment-agresses-par-deux-eleves\/219252\/"},"author":{"name":"MC","@id":"https:\/\/www.webdo.tn\/fr\/#\/schema\/person\/2c4929cbf5a809e3bd38617c6ce150f6"},"headline":"Tunisie : Trois enseignants et une surveillante g\u00e9n\u00e9rale violemment agress\u00e9s par deux \u00e9l\u00e8ves","datePublished":"2025-01-22T10:20:00+00:00","dateModified":"2025-05-20T21:43:48+00:00","mainEntityOfPage":{"@id":"https:\/\/www.webdo.tn\/fr\/actualite\/divers\/tunisie-trois-enseignants-et-une-surveillante-generale-violemment-agresses-par-deux-eleves\/219252\/"},"wordCount":312,"commentCount":0,"publisher":{"@id":"https:\/\/www.webdo.tn\/fr\/#organization"},"image":{"@id":"https:\/\/www.webdo.tn\/fr\/actualite\/divers\/tunisie-trois-enseignants-et-une-surveillante-generale-violemment-agresses-par-deux-eleves\/219252\/#primaryimage"},"thumbnailUrl":"https:\/\/www.webdo.tn\/fr\/wp-content\/uploads\/2025\/05\/c0c32409153e48bebd8aff9eaf2bc3a5-2.webp","keywords":["agression","\u00e9l\u00e8ves","enseignants","Kairouan","Tunisie"],"articleSection":["Divers"],"inLanguage":"fr-FR"},{"@type":"WebPage","@id":"https:\/\/www.webdo.tn\/fr\/actualite\/divers\/tunisie-trois-enseignants-et-une-surveillante-generale-violemment-agresses-par-deux-eleves\/219252\/","url":"https:\/\/www.webdo.tn\/fr\/actualite\/divers\/tunisie-trois-enseignants-et-une-surveillante-generale-violemment-agresses-par-deux-eleves\/219252\/","name":"Tunisie : Trois enseignants et une surveillante g\u00e9n\u00e9rale violemment agress\u00e9s par deux \u00e9l\u00e8ves","isPartOf":{"@id":"https:\/\/www.webdo.tn\/fr\/#website"},"primaryImageOfPage":{"@id":"https:\/\/www.webdo.tn\/fr\/actualite\/divers\/tunisie-trois-enseignants-et-une-surveillante-generale-violemment-agresses-par-deux-eleves\/219252\/#primaryimage"},"image":{"@id":"https:\/\/www.webdo.tn\/fr\/actualite\/divers\/tunisie-trois-enseignants-et-une-surveillante-generale-violemment-agresses-par-deux-eleves\/219252\/#primaryimage"},"thumbnailUrl":"https:\/\/www.webdo.tn\/fr\/wp-content\/uploads\/2025\/05\/c0c32409153e48bebd8aff9eaf2bc3a5-2.webp","datePublished":"2025-01-22T10:20:00+00:00","dateModified":"2025-05-20T21:43:48+00:00","description":"Quatre membres (trois enseignants et la surveillante g\u00e9n\u00e9rale) du lyc\u00e9e Chedly Atallah de Kairouan ont \u00e9t\u00e9 victimes, hier, mardi 21 janvier 2025, de violences p...","breadcrumb":{"@id":"https:\/\/www.webdo.tn\/fr\/actualite\/divers\/tunisie-trois-enseignants-et-une-surveillante-generale-violemment-agresses-par-deux-eleves\/219252\/#breadcrumb"},"inLanguage":"fr-FR","potentialAction":[{"@type":"ReadAction","target":["https:\/\/www.webdo.tn\/fr\/actualite\/divers\/tunisie-trois-enseignants-et-une-surveillante-generale-violemment-agresses-par-deux-eleves\/219252\/"]}]},{"@type":"ImageObject","inLanguage":"fr-FR","@id":"https:\/\/www.webdo.tn\/fr\/actualite\/divers\/tunisie-trois-enseignants-et-une-surveillante-generale-violemment-agresses-par-deux-eleves\/219252\/#primaryimage","url":"https:\/\/www.webdo.tn\/fr\/wp-content\/uploads\/2025\/05\/c0c32409153e48bebd8aff9eaf2bc3a5-2.webp","contentUrl":"https:\/\/www.webdo.tn\/fr\/wp-content\/uploads\/2025\/05\/c0c32409153e48bebd8aff9eaf2bc3a5-2.webp","width":750,"height":400},{"@type":"BreadcrumbList","@id":"https:\/\/www.webdo.tn\/fr\/actualite\/divers\/tunisie-trois-enseignants-et-une-surveillante-generale-violemment-agresses-par-deux-eleves\/219252\/#breadcrumb","itemListElement":[{"@type":"ListItem","position":1,"name":"Accueil","item":"https:\/\/www.webdo.tn\/fr\/"},{"@type":"ListItem","position":2,"name":"Tunisie : Trois enseignants et une surveillante g\u00e9n\u00e9rale violemment agress\u00e9s par deux \u00e9l\u00e8ves"}]},{"@type":"WebSite","@id":"https:\/\/www.webdo.tn\/fr\/#website","url":"https:\/\/www.webdo.tn\/fr\/","name":"webdo","description":"Tunisie - News en Tunisie et \u00e0 l&#039;international sur Webdo.tn","publisher":{"@id":"https:\/\/www.webdo.tn\/fr\/#organization"},"potentialAction":[{"@type":"SearchAction","target":{"@type":"EntryPoint","urlTemplate":"https:\/\/www.webdo.tn\/fr\/?s={search_term_string}"},"query-input":{"@type":"PropertyValueSpecification","valueRequired":true,"valueName":"search_term_string"}}],"inLanguage":"fr-FR"},{"@type":"Organization","@id":"https:\/\/www.webdo.tn\/fr\/#organization","name":"Webdo","alternateName":"Webdo.tn","url":"https:\/\/www.webdo.tn\/fr\/","logo":{"@type":"ImageObject","inLanguage":"fr-FR","@id":"https:\/\/www.webdo.tn\/fr\/#\/schema\/logo\/image\/","url":"https:\/\/www.webdo.tn\/fr\/wp-content\/uploads\/2025\/06\/Webdo-Tunisie_168377.jpg","contentUrl":"https:\/\/www.webdo.tn\/fr\/wp-content\/uploads\/2025\/06\/Webdo-Tunisie_168377.jpg","width":301,"height":301,"caption":"Webdo"},"image":{"@id":"https:\/\/www.webdo.tn\/fr\/#\/schema\/logo\/image\/"},"sameAs":["https:\/\/www.facebook.com\/webdotn","https:\/\/x.com\/webdo_tn"],"description":"Webdo est un m\u00e9dia num\u00e9rique tunisien fond\u00e9 en 2010, sp\u00e9cialis\u00e9 dans l\u2019actualit\u00e9 nationale et internationale, l\u2019\u00e9conomie, la soci\u00e9t\u00e9 et les analyses politiques. Le site s\u2019adresse \u00e0 un large public francophone et couvre l\u2019information tunisienne en temps r\u00e9el.","email":"redac@webdo.tn","legalName":"YNJ SARL","foundingDate":"2010-09-06","numberOfEmployees":{"@type":"QuantitativeValue","minValue":"11","maxValue":"50"}},{"@type":"Person","@id":"https:\/\/www.webdo.tn\/fr\/#\/schema\/person\/2c4929cbf5a809e3bd38617c6ce150f6","name":"MC","image":{"@type":"ImageObject","inLanguage":"fr-FR","@id":"https:\/\/secure.gravatar.com\/avatar\/a545bbb6f84efdd5553dbbc2895e3ca8f1d12c5215e00a041c9670b54aa9b18a?s=96&d=mm&r=g","url":"https:\/\/secure.gravatar.com\/avatar\/a545bbb6f84efdd5553dbbc2895e3ca8f1d12c5215e00a041c9670b54aa9b18a?s=96&d=mm&r=g","contentUrl":"https:\/\/secure.gravatar.com\/avatar\/a545bbb6f84efdd5553dbbc2895e3ca8f1d12c5215e00a041c9670b54aa9b18a?s=96&d=mm&r=g","caption":"MC"},"url":"https:\/\/www.webdo.tn\/fr\/actualite\/author\/mc\/"}]}},"_links":{"self":[{"href":"https:\/\/www.webdo.tn\/fr\/wp-json\/wp\/v2\/posts\/219252","targetHints":{"allow":["GET"]}}],"collection":[{"href":"https:\/\/www.webdo.tn\/fr\/wp-json\/wp\/v2\/posts"}],"about":[{"href":"https:\/\/www.webdo.tn\/fr\/wp-json\/wp\/v2\/types\/post"}],"author":[{"embeddable":true,"href":"https:\/\/www.webdo.tn\/fr\/wp-json\/wp\/v2\/users\/3162"}],"replies":[{"embeddable":true,"href":"https:\/\/www.webdo.tn\/fr\/wp-json\/wp\/v2\/comments?post=219252"}],"version-history":[{"count":0,"href":"https:\/\/www.webdo.tn\/fr\/wp-json\/wp\/v2\/posts\/219252\/revisions"}],"wp:featuredmedia":[{"embeddable":true,"href":"https:\/\/www.webdo.tn\/fr\/wp-json\/wp\/v2\/media\/242714"}],"wp:attachment":[{"href":"https:\/\/www.webdo.tn\/fr\/wp-json\/wp\/v2\/media?parent=219252"}],"wp:term":[{"taxonomy":"category","embeddable":true,"href":"https:\/\/www.webdo.tn\/fr\/wp-json\/wp\/v2\/categories?post=219252"},{"taxonomy":"post_tag","embeddable":true,"href":"https:\/\/www.webdo.tn\/fr\/wp-json\/wp\/v2\/tags?post=219252"}],"curies":[{"name":"wp","href":"https:\/\/api.w.org\/{rel}","templated":true}]}}