{"id":219235,"date":"2025-01-21T13:54:00","date_gmt":"2025-01-21T13:54:00","guid":{"rendered":"https:\/\/www.webdo.tn\/fr\/blog\/tunisie-aucune-situation-epidemique-preoccupante-selon-le-dg-de-la-sante\/219235\/"},"modified":"2025-05-20T22:16:12","modified_gmt":"2025-05-20T22:16:12","slug":"tunisie-aucune-situation-epidemique-preoccupante-selon-le-dg-de-la-sante","status":"publish","type":"post","link":"https:\/\/www.webdo.tn\/fr\/actualite\/national\/tunisie-aucune-situation-epidemique-preoccupante-selon-le-dg-de-la-sante\/219235\/","title":{"rendered":"Tunisie : Aucune situation \u00e9pid\u00e9mique pr\u00e9occupante selon le DG de la Sant\u00e9"},"content":{"rendered":"<p>Lors d\u2019une intervention ce mardi 21 janvier 2025 sur les ondes de la Radio nationale, le Dr Abderrazzek Bouzouita, directeur g\u00e9n\u00e9ral de la Sant\u00e9, a affirm\u00e9 qu\u2019il n\u2019y a actuellement aucune situation \u00e9pid\u00e9mique dangereuse en Tunisie.<\/p>\n<p>\t\t\t\t\t\t\t\t\tIl a toutefois insist\u00e9 sur l\u2019importance de la vaccination comme principal moyen de pr\u00e9vention contre les virus. Ce geste de protection est particuli\u00e8rement recommand\u00e9 pour les personnes \u00e2g\u00e9es, les malades chroniques, les femmes enceintes, les immunod\u00e9prim\u00e9s et les individus vuln\u00e9rables. \u00a0<\/p>\n<p>Le Dr Bouzouita a \u00e9galement appel\u00e9 \u00e0 adopter certains gestes pr\u00e9ventifs comme \u00e9viter d\u2019embrasser les nourrissons et les enfants en bas \u00e2ge pour les prot\u00e9ger contre les bronchiolites ou porter des masques pour r\u00e9duire les risques de maladies respiratoires. \u00a0<\/p>\n<p>Cette d\u00e9claration intervient alors que le monde reste pr\u00e9occup\u00e9 par la propagation du virus Marburg, un proche parent d\u2019Ebola. Un foyer a \u00e9t\u00e9 d\u00e9tect\u00e9 dans la r\u00e9gion de Kagera, en Tanzanie, avec un taux de mortalit\u00e9 atteignant 88% selon les autorit\u00e9s sanitaires. Malgr\u00e9 cette inqui\u00e9tude internationale, la Tunisie reste pour l\u2019instant \u00e9pargn\u00e9e.<\/p>\n","protected":false},"excerpt":{"rendered":"<p>Lors d\u2019une intervention ce mardi 21 janvier 2025 sur les ondes de la Radio nationale, le Dr Abderrazzek Bouzouita, directeur g\u00e9n\u00e9ral de la Sant\u00e9, a affirm\u00e9 qu\u2019i&#8230;<\/p>\n","protected":false},"author":3162,"featured_media":291716,"comment_status":"open","ping_status":"closed","sticky":false,"template":"","format":"standard","meta":{"footnotes":""},"categories":[44],"tags":[10889,2731,2608,4324],"class_list":["post-219235","post","type-post","status-publish","format-standard","has-post-thumbnail","hentry","category-national","tag-situation-epidemiologique","tag-sante","tag-tunisie","tag-virus-marburg"],"yoast_head":"<!-- This site is optimized with the Yoast SEO Premium plugin v27.5 (Yoast SEO v27.5) - https:\/\/yoast.com\/product\/yoast-seo-premium-wordpress\/ -->\n<title>Tunisie : Aucune situation \u00e9pid\u00e9mique pr\u00e9occupante selon le DG de la Sant\u00e9<\/title>\n<meta name=\"description\" content=\"Lors d\u2019une intervention ce mardi 21 janvier 2025 sur les ondes de la Radio nationale, le Dr Abderrazzek Bouzouita, directeur g\u00e9n\u00e9ral de la Sant\u00e9, a affirm\u00e9 qu\u2019i...\" \/>\n<link rel=\"canonical\" href=\"https:\/\/www.webdo.tn\/fr\/actualite\/national\/tunisie-aucune-situation-epidemique-preoccupante-selon-le-dg-de-la-sante\/219235\/\" \/>\n<meta property=\"og:locale\" content=\"fr_FR\" \/>\n<meta property=\"og:type\" content=\"article\" \/>\n<meta property=\"og:title\" content=\"Tunisie : Aucune situation \u00e9pid\u00e9mique pr\u00e9occupante selon le DG de la Sant\u00e9\" \/>\n<meta property=\"og:description\" content=\"Lors d\u2019une intervention ce mardi 21 janvier 2025 sur les ondes de la Radio nationale, le Dr Abderrazzek Bouzouita, directeur g\u00e9n\u00e9ral de la Sant\u00e9, a affirm\u00e9 qu\u2019i...\" \/>\n<meta property=\"og:url\" content=\"https:\/\/www.webdo.tn\/fr\/actualite\/national\/tunisie-aucune-situation-epidemique-preoccupante-selon-le-dg-de-la-sante\/219235\/\" \/>\n<meta property=\"og:site_name\" content=\"webdo\" \/>\n<meta property=\"article:publisher\" content=\"https:\/\/www.facebook.com\/webdotn\" \/>\n<meta property=\"article:published_time\" content=\"2025-01-21T13:54:00+00:00\" \/>\n<meta property=\"article:modified_time\" content=\"2025-05-20T22:16:12+00:00\" \/>\n<meta property=\"og:image\" content=\"https:\/\/www.webdo.tn\/fr\/wp-content\/uploads\/2025\/01\/ef53f72125b9cc160059dc7a77316bf7.webp\" \/>\n\t<meta property=\"og:image:width\" content=\"750\" \/>\n\t<meta property=\"og:image:height\" content=\"400\" \/>\n\t<meta property=\"og:image:type\" content=\"image\/webp\" \/>\n<meta name=\"author\" content=\"MC\" \/>\n<meta name=\"twitter:card\" content=\"summary_large_image\" \/>\n<meta name=\"twitter:creator\" content=\"@webdo_tn\" \/>\n<meta name=\"twitter:site\" content=\"@webdo_tn\" \/>\n<meta name=\"twitter:label1\" content=\"\u00c9crit par\" \/>\n\t<meta name=\"twitter:data1\" content=\"MC\" \/>\n\t<meta name=\"twitter:label2\" content=\"Dur\u00e9e de lecture estim\u00e9e\" \/>\n\t<meta name=\"twitter:data2\" content=\"1 minute\" \/>\n<script type=\"application\/ld+json\" class=\"yoast-schema-graph\">{\"@context\":\"https:\\\/\\\/schema.org\",\"@graph\":[{\"@type\":\"NewsArticle\",\"@id\":\"https:\\\/\\\/www.webdo.tn\\\/fr\\\/actualite\\\/national\\\/tunisie-aucune-situation-epidemique-preoccupante-selon-le-dg-de-la-sante\\\/219235\\\/#article\",\"isPartOf\":{\"@id\":\"https:\\\/\\\/www.webdo.tn\\\/fr\\\/actualite\\\/national\\\/tunisie-aucune-situation-epidemique-preoccupante-selon-le-dg-de-la-sante\\\/219235\\\/\"},\"author\":{\"name\":\"MC\",\"@id\":\"https:\\\/\\\/www.webdo.tn\\\/fr\\\/#\\\/schema\\\/person\\\/2c4929cbf5a809e3bd38617c6ce150f6\"},\"headline\":\"Tunisie : Aucune situation \u00e9pid\u00e9mique pr\u00e9occupante selon le DG de la Sant\u00e9\",\"datePublished\":\"2025-01-21T13:54:00+00:00\",\"dateModified\":\"2025-05-20T22:16:12+00:00\",\"mainEntityOfPage\":{\"@id\":\"https:\\\/\\\/www.webdo.tn\\\/fr\\\/actualite\\\/national\\\/tunisie-aucune-situation-epidemique-preoccupante-selon-le-dg-de-la-sante\\\/219235\\\/\"},\"wordCount\":202,\"commentCount\":0,\"publisher\":{\"@id\":\"https:\\\/\\\/www.webdo.tn\\\/fr\\\/#organization\"},\"image\":{\"@id\":\"https:\\\/\\\/www.webdo.tn\\\/fr\\\/actualite\\\/national\\\/tunisie-aucune-situation-epidemique-preoccupante-selon-le-dg-de-la-sante\\\/219235\\\/#primaryimage\"},\"thumbnailUrl\":\"https:\\\/\\\/www.webdo.tn\\\/fr\\\/wp-content\\\/uploads\\\/2025\\\/01\\\/ef53f72125b9cc160059dc7a77316bf7.webp\",\"keywords\":[\"'situation \u00e9pid\u00e9miologique']\",\"Sant\u00e9\",\"Tunisie\",\"virus Marburg\"],\"articleSection\":[\"National\"],\"inLanguage\":\"fr-FR\"},{\"@type\":\"WebPage\",\"@id\":\"https:\\\/\\\/www.webdo.tn\\\/fr\\\/actualite\\\/national\\\/tunisie-aucune-situation-epidemique-preoccupante-selon-le-dg-de-la-sante\\\/219235\\\/\",\"url\":\"https:\\\/\\\/www.webdo.tn\\\/fr\\\/actualite\\\/national\\\/tunisie-aucune-situation-epidemique-preoccupante-selon-le-dg-de-la-sante\\\/219235\\\/\",\"name\":\"Tunisie : Aucune situation \u00e9pid\u00e9mique pr\u00e9occupante selon le DG de la Sant\u00e9\",\"isPartOf\":{\"@id\":\"https:\\\/\\\/www.webdo.tn\\\/fr\\\/#website\"},\"primaryImageOfPage\":{\"@id\":\"https:\\\/\\\/www.webdo.tn\\\/fr\\\/actualite\\\/national\\\/tunisie-aucune-situation-epidemique-preoccupante-selon-le-dg-de-la-sante\\\/219235\\\/#primaryimage\"},\"image\":{\"@id\":\"https:\\\/\\\/www.webdo.tn\\\/fr\\\/actualite\\\/national\\\/tunisie-aucune-situation-epidemique-preoccupante-selon-le-dg-de-la-sante\\\/219235\\\/#primaryimage\"},\"thumbnailUrl\":\"https:\\\/\\\/www.webdo.tn\\\/fr\\\/wp-content\\\/uploads\\\/2025\\\/01\\\/ef53f72125b9cc160059dc7a77316bf7.webp\",\"datePublished\":\"2025-01-21T13:54:00+00:00\",\"dateModified\":\"2025-05-20T22:16:12+00:00\",\"description\":\"Lors d\u2019une intervention ce mardi 21 janvier 2025 sur les ondes de la Radio nationale, le Dr Abderrazzek Bouzouita, directeur g\u00e9n\u00e9ral de la Sant\u00e9, a affirm\u00e9 qu\u2019i...\",\"breadcrumb\":{\"@id\":\"https:\\\/\\\/www.webdo.tn\\\/fr\\\/actualite\\\/national\\\/tunisie-aucune-situation-epidemique-preoccupante-selon-le-dg-de-la-sante\\\/219235\\\/#breadcrumb\"},\"inLanguage\":\"fr-FR\",\"potentialAction\":[{\"@type\":\"ReadAction\",\"target\":[\"https:\\\/\\\/www.webdo.tn\\\/fr\\\/actualite\\\/national\\\/tunisie-aucune-situation-epidemique-preoccupante-selon-le-dg-de-la-sante\\\/219235\\\/\"]}]},{\"@type\":\"ImageObject\",\"inLanguage\":\"fr-FR\",\"@id\":\"https:\\\/\\\/www.webdo.tn\\\/fr\\\/actualite\\\/national\\\/tunisie-aucune-situation-epidemique-preoccupante-selon-le-dg-de-la-sante\\\/219235\\\/#primaryimage\",\"url\":\"https:\\\/\\\/www.webdo.tn\\\/fr\\\/wp-content\\\/uploads\\\/2025\\\/01\\\/ef53f72125b9cc160059dc7a77316bf7.webp\",\"contentUrl\":\"https:\\\/\\\/www.webdo.tn\\\/fr\\\/wp-content\\\/uploads\\\/2025\\\/01\\\/ef53f72125b9cc160059dc7a77316bf7.webp\",\"width\":750,\"height\":400,\"caption\":\"Tunisie : Aucune situation \u00e9pid\u00e9mique pr\u00e9occupante selon le DG de la Sant\u00e9\"},{\"@type\":\"BreadcrumbList\",\"@id\":\"https:\\\/\\\/www.webdo.tn\\\/fr\\\/actualite\\\/national\\\/tunisie-aucune-situation-epidemique-preoccupante-selon-le-dg-de-la-sante\\\/219235\\\/#breadcrumb\",\"itemListElement\":[{\"@type\":\"ListItem\",\"position\":1,\"name\":\"Accueil\",\"item\":\"https:\\\/\\\/www.webdo.tn\\\/fr\\\/\"},{\"@type\":\"ListItem\",\"position\":2,\"name\":\"Tunisie : Aucune situation \u00e9pid\u00e9mique pr\u00e9occupante selon le DG de la Sant\u00e9\"}]},{\"@type\":\"WebSite\",\"@id\":\"https:\\\/\\\/www.webdo.tn\\\/fr\\\/#website\",\"url\":\"https:\\\/\\\/www.webdo.tn\\\/fr\\\/\",\"name\":\"webdo\",\"description\":\"Tunisie - News en Tunisie et \u00e0 l&#039;international sur Webdo.tn\",\"publisher\":{\"@id\":\"https:\\\/\\\/www.webdo.tn\\\/fr\\\/#organization\"},\"potentialAction\":[{\"@type\":\"SearchAction\",\"target\":{\"@type\":\"EntryPoint\",\"urlTemplate\":\"https:\\\/\\\/www.webdo.tn\\\/fr\\\/?s={search_term_string}\"},\"query-input\":{\"@type\":\"PropertyValueSpecification\",\"valueRequired\":true,\"valueName\":\"search_term_string\"}}],\"inLanguage\":\"fr-FR\"},{\"@type\":\"Organization\",\"@id\":\"https:\\\/\\\/www.webdo.tn\\\/fr\\\/#organization\",\"name\":\"Webdo\",\"alternateName\":\"Webdo.tn\",\"url\":\"https:\\\/\\\/www.webdo.tn\\\/fr\\\/\",\"logo\":{\"@type\":\"ImageObject\",\"inLanguage\":\"fr-FR\",\"@id\":\"https:\\\/\\\/www.webdo.tn\\\/fr\\\/#\\\/schema\\\/logo\\\/image\\\/\",\"url\":\"https:\\\/\\\/www.webdo.tn\\\/fr\\\/wp-content\\\/uploads\\\/2025\\\/06\\\/Webdo-Tunisie_168377.jpg\",\"contentUrl\":\"https:\\\/\\\/www.webdo.tn\\\/fr\\\/wp-content\\\/uploads\\\/2025\\\/06\\\/Webdo-Tunisie_168377.jpg\",\"width\":301,\"height\":301,\"caption\":\"Webdo\"},\"image\":{\"@id\":\"https:\\\/\\\/www.webdo.tn\\\/fr\\\/#\\\/schema\\\/logo\\\/image\\\/\"},\"sameAs\":[\"https:\\\/\\\/www.facebook.com\\\/webdotn\",\"https:\\\/\\\/x.com\\\/webdo_tn\"],\"description\":\"Webdo est un m\u00e9dia num\u00e9rique tunisien fond\u00e9 en 2010, sp\u00e9cialis\u00e9 dans l\u2019actualit\u00e9 nationale et internationale, l\u2019\u00e9conomie, la soci\u00e9t\u00e9 et les analyses politiques. Le site s\u2019adresse \u00e0 un large public francophone et couvre l\u2019information tunisienne en temps r\u00e9el.\",\"email\":\"redac@webdo.tn\",\"legalName\":\"YNJ SARL\",\"foundingDate\":\"2010-09-06\",\"numberOfEmployees\":{\"@type\":\"QuantitativeValue\",\"minValue\":\"11\",\"maxValue\":\"50\"}},{\"@type\":\"Person\",\"@id\":\"https:\\\/\\\/www.webdo.tn\\\/fr\\\/#\\\/schema\\\/person\\\/2c4929cbf5a809e3bd38617c6ce150f6\",\"name\":\"MC\",\"image\":{\"@type\":\"ImageObject\",\"inLanguage\":\"fr-FR\",\"@id\":\"https:\\\/\\\/secure.gravatar.com\\\/avatar\\\/a545bbb6f84efdd5553dbbc2895e3ca8f1d12c5215e00a041c9670b54aa9b18a?s=96&d=mm&r=g\",\"url\":\"https:\\\/\\\/secure.gravatar.com\\\/avatar\\\/a545bbb6f84efdd5553dbbc2895e3ca8f1d12c5215e00a041c9670b54aa9b18a?s=96&d=mm&r=g\",\"contentUrl\":\"https:\\\/\\\/secure.gravatar.com\\\/avatar\\\/a545bbb6f84efdd5553dbbc2895e3ca8f1d12c5215e00a041c9670b54aa9b18a?s=96&d=mm&r=g\",\"caption\":\"MC\"},\"url\":\"https:\\\/\\\/www.webdo.tn\\\/fr\\\/actualite\\\/author\\\/mc\\\/\"}]}<\/script>\n<!-- \/ Yoast SEO Premium plugin. -->","yoast_head_json":{"title":"Tunisie : Aucune situation \u00e9pid\u00e9mique pr\u00e9occupante selon le DG de la Sant\u00e9","description":"Lors d\u2019une intervention ce mardi 21 janvier 2025 sur les ondes de la Radio nationale, le Dr Abderrazzek Bouzouita, directeur g\u00e9n\u00e9ral de la Sant\u00e9, a affirm\u00e9 qu\u2019i...","canonical":"https:\/\/www.webdo.tn\/fr\/actualite\/national\/tunisie-aucune-situation-epidemique-preoccupante-selon-le-dg-de-la-sante\/219235\/","og_locale":"fr_FR","og_type":"article","og_title":"Tunisie : Aucune situation \u00e9pid\u00e9mique pr\u00e9occupante selon le DG de la Sant\u00e9","og_description":"Lors d\u2019une intervention ce mardi 21 janvier 2025 sur les ondes de la Radio nationale, le Dr Abderrazzek Bouzouita, directeur g\u00e9n\u00e9ral de la Sant\u00e9, a affirm\u00e9 qu\u2019i...","og_url":"https:\/\/www.webdo.tn\/fr\/actualite\/national\/tunisie-aucune-situation-epidemique-preoccupante-selon-le-dg-de-la-sante\/219235\/","og_site_name":"webdo","article_publisher":"https:\/\/www.facebook.com\/webdotn","article_published_time":"2025-01-21T13:54:00+00:00","article_modified_time":"2025-05-20T22:16:12+00:00","og_image":[{"width":750,"height":400,"url":"https:\/\/www.webdo.tn\/fr\/wp-content\/uploads\/2025\/01\/ef53f72125b9cc160059dc7a77316bf7.webp","type":"image\/webp"}],"author":"MC","twitter_card":"summary_large_image","twitter_creator":"@webdo_tn","twitter_site":"@webdo_tn","twitter_misc":{"\u00c9crit par":"MC","Dur\u00e9e de lecture estim\u00e9e":"1 minute"},"schema":{"@context":"https:\/\/schema.org","@graph":[{"@type":"NewsArticle","@id":"https:\/\/www.webdo.tn\/fr\/actualite\/national\/tunisie-aucune-situation-epidemique-preoccupante-selon-le-dg-de-la-sante\/219235\/#article","isPartOf":{"@id":"https:\/\/www.webdo.tn\/fr\/actualite\/national\/tunisie-aucune-situation-epidemique-preoccupante-selon-le-dg-de-la-sante\/219235\/"},"author":{"name":"MC","@id":"https:\/\/www.webdo.tn\/fr\/#\/schema\/person\/2c4929cbf5a809e3bd38617c6ce150f6"},"headline":"Tunisie : Aucune situation \u00e9pid\u00e9mique pr\u00e9occupante selon le DG de la Sant\u00e9","datePublished":"2025-01-21T13:54:00+00:00","dateModified":"2025-05-20T22:16:12+00:00","mainEntityOfPage":{"@id":"https:\/\/www.webdo.tn\/fr\/actualite\/national\/tunisie-aucune-situation-epidemique-preoccupante-selon-le-dg-de-la-sante\/219235\/"},"wordCount":202,"commentCount":0,"publisher":{"@id":"https:\/\/www.webdo.tn\/fr\/#organization"},"image":{"@id":"https:\/\/www.webdo.tn\/fr\/actualite\/national\/tunisie-aucune-situation-epidemique-preoccupante-selon-le-dg-de-la-sante\/219235\/#primaryimage"},"thumbnailUrl":"https:\/\/www.webdo.tn\/fr\/wp-content\/uploads\/2025\/01\/ef53f72125b9cc160059dc7a77316bf7.webp","keywords":["'situation \u00e9pid\u00e9miologique']","Sant\u00e9","Tunisie","virus Marburg"],"articleSection":["National"],"inLanguage":"fr-FR"},{"@type":"WebPage","@id":"https:\/\/www.webdo.tn\/fr\/actualite\/national\/tunisie-aucune-situation-epidemique-preoccupante-selon-le-dg-de-la-sante\/219235\/","url":"https:\/\/www.webdo.tn\/fr\/actualite\/national\/tunisie-aucune-situation-epidemique-preoccupante-selon-le-dg-de-la-sante\/219235\/","name":"Tunisie : Aucune situation \u00e9pid\u00e9mique pr\u00e9occupante selon le DG de la Sant\u00e9","isPartOf":{"@id":"https:\/\/www.webdo.tn\/fr\/#website"},"primaryImageOfPage":{"@id":"https:\/\/www.webdo.tn\/fr\/actualite\/national\/tunisie-aucune-situation-epidemique-preoccupante-selon-le-dg-de-la-sante\/219235\/#primaryimage"},"image":{"@id":"https:\/\/www.webdo.tn\/fr\/actualite\/national\/tunisie-aucune-situation-epidemique-preoccupante-selon-le-dg-de-la-sante\/219235\/#primaryimage"},"thumbnailUrl":"https:\/\/www.webdo.tn\/fr\/wp-content\/uploads\/2025\/01\/ef53f72125b9cc160059dc7a77316bf7.webp","datePublished":"2025-01-21T13:54:00+00:00","dateModified":"2025-05-20T22:16:12+00:00","description":"Lors d\u2019une intervention ce mardi 21 janvier 2025 sur les ondes de la Radio nationale, le Dr Abderrazzek Bouzouita, directeur g\u00e9n\u00e9ral de la Sant\u00e9, a affirm\u00e9 qu\u2019i...","breadcrumb":{"@id":"https:\/\/www.webdo.tn\/fr\/actualite\/national\/tunisie-aucune-situation-epidemique-preoccupante-selon-le-dg-de-la-sante\/219235\/#breadcrumb"},"inLanguage":"fr-FR","potentialAction":[{"@type":"ReadAction","target":["https:\/\/www.webdo.tn\/fr\/actualite\/national\/tunisie-aucune-situation-epidemique-preoccupante-selon-le-dg-de-la-sante\/219235\/"]}]},{"@type":"ImageObject","inLanguage":"fr-FR","@id":"https:\/\/www.webdo.tn\/fr\/actualite\/national\/tunisie-aucune-situation-epidemique-preoccupante-selon-le-dg-de-la-sante\/219235\/#primaryimage","url":"https:\/\/www.webdo.tn\/fr\/wp-content\/uploads\/2025\/01\/ef53f72125b9cc160059dc7a77316bf7.webp","contentUrl":"https:\/\/www.webdo.tn\/fr\/wp-content\/uploads\/2025\/01\/ef53f72125b9cc160059dc7a77316bf7.webp","width":750,"height":400,"caption":"Tunisie : Aucune situation \u00e9pid\u00e9mique pr\u00e9occupante selon le DG de la Sant\u00e9"},{"@type":"BreadcrumbList","@id":"https:\/\/www.webdo.tn\/fr\/actualite\/national\/tunisie-aucune-situation-epidemique-preoccupante-selon-le-dg-de-la-sante\/219235\/#breadcrumb","itemListElement":[{"@type":"ListItem","position":1,"name":"Accueil","item":"https:\/\/www.webdo.tn\/fr\/"},{"@type":"ListItem","position":2,"name":"Tunisie : Aucune situation \u00e9pid\u00e9mique pr\u00e9occupante selon le DG de la Sant\u00e9"}]},{"@type":"WebSite","@id":"https:\/\/www.webdo.tn\/fr\/#website","url":"https:\/\/www.webdo.tn\/fr\/","name":"webdo","description":"Tunisie - News en Tunisie et \u00e0 l&#039;international sur Webdo.tn","publisher":{"@id":"https:\/\/www.webdo.tn\/fr\/#organization"},"potentialAction":[{"@type":"SearchAction","target":{"@type":"EntryPoint","urlTemplate":"https:\/\/www.webdo.tn\/fr\/?s={search_term_string}"},"query-input":{"@type":"PropertyValueSpecification","valueRequired":true,"valueName":"search_term_string"}}],"inLanguage":"fr-FR"},{"@type":"Organization","@id":"https:\/\/www.webdo.tn\/fr\/#organization","name":"Webdo","alternateName":"Webdo.tn","url":"https:\/\/www.webdo.tn\/fr\/","logo":{"@type":"ImageObject","inLanguage":"fr-FR","@id":"https:\/\/www.webdo.tn\/fr\/#\/schema\/logo\/image\/","url":"https:\/\/www.webdo.tn\/fr\/wp-content\/uploads\/2025\/06\/Webdo-Tunisie_168377.jpg","contentUrl":"https:\/\/www.webdo.tn\/fr\/wp-content\/uploads\/2025\/06\/Webdo-Tunisie_168377.jpg","width":301,"height":301,"caption":"Webdo"},"image":{"@id":"https:\/\/www.webdo.tn\/fr\/#\/schema\/logo\/image\/"},"sameAs":["https:\/\/www.facebook.com\/webdotn","https:\/\/x.com\/webdo_tn"],"description":"Webdo est un m\u00e9dia num\u00e9rique tunisien fond\u00e9 en 2010, sp\u00e9cialis\u00e9 dans l\u2019actualit\u00e9 nationale et internationale, l\u2019\u00e9conomie, la soci\u00e9t\u00e9 et les analyses politiques. Le site s\u2019adresse \u00e0 un large public francophone et couvre l\u2019information tunisienne en temps r\u00e9el.","email":"redac@webdo.tn","legalName":"YNJ SARL","foundingDate":"2010-09-06","numberOfEmployees":{"@type":"QuantitativeValue","minValue":"11","maxValue":"50"}},{"@type":"Person","@id":"https:\/\/www.webdo.tn\/fr\/#\/schema\/person\/2c4929cbf5a809e3bd38617c6ce150f6","name":"MC","image":{"@type":"ImageObject","inLanguage":"fr-FR","@id":"https:\/\/secure.gravatar.com\/avatar\/a545bbb6f84efdd5553dbbc2895e3ca8f1d12c5215e00a041c9670b54aa9b18a?s=96&d=mm&r=g","url":"https:\/\/secure.gravatar.com\/avatar\/a545bbb6f84efdd5553dbbc2895e3ca8f1d12c5215e00a041c9670b54aa9b18a?s=96&d=mm&r=g","contentUrl":"https:\/\/secure.gravatar.com\/avatar\/a545bbb6f84efdd5553dbbc2895e3ca8f1d12c5215e00a041c9670b54aa9b18a?s=96&d=mm&r=g","caption":"MC"},"url":"https:\/\/www.webdo.tn\/fr\/actualite\/author\/mc\/"}]}},"_links":{"self":[{"href":"https:\/\/www.webdo.tn\/fr\/wp-json\/wp\/v2\/posts\/219235","targetHints":{"allow":["GET"]}}],"collection":[{"href":"https:\/\/www.webdo.tn\/fr\/wp-json\/wp\/v2\/posts"}],"about":[{"href":"https:\/\/www.webdo.tn\/fr\/wp-json\/wp\/v2\/types\/post"}],"author":[{"embeddable":true,"href":"https:\/\/www.webdo.tn\/fr\/wp-json\/wp\/v2\/users\/3162"}],"replies":[{"embeddable":true,"href":"https:\/\/www.webdo.tn\/fr\/wp-json\/wp\/v2\/comments?post=219235"}],"version-history":[{"count":0,"href":"https:\/\/www.webdo.tn\/fr\/wp-json\/wp\/v2\/posts\/219235\/revisions"}],"wp:featuredmedia":[{"embeddable":true,"href":"https:\/\/www.webdo.tn\/fr\/wp-json\/wp\/v2\/media\/291716"}],"wp:attachment":[{"href":"https:\/\/www.webdo.tn\/fr\/wp-json\/wp\/v2\/media?parent=219235"}],"wp:term":[{"taxonomy":"category","embeddable":true,"href":"https:\/\/www.webdo.tn\/fr\/wp-json\/wp\/v2\/categories?post=219235"},{"taxonomy":"post_tag","embeddable":true,"href":"https:\/\/www.webdo.tn\/fr\/wp-json\/wp\/v2\/tags?post=219235"}],"curies":[{"name":"wp","href":"https:\/\/api.w.org\/{rel}","templated":true}]}}