{"id":219232,"date":"2025-01-21T12:24:00","date_gmt":"2025-01-21T12:24:00","guid":{"rendered":"https:\/\/www.webdo.tn\/fr\/blog\/tunisie-les-enseignants-appeles-a-ne-pas-verser-les-notes-sur-la-plateforme-du-ministere-de-l-education\/219232\/"},"modified":"2025-05-20T22:16:10","modified_gmt":"2025-05-20T22:16:10","slug":"tunisie-les-enseignants-appeles-a-ne-pas-verser-les-notes-sur-la-plateforme-du-ministere-de-l-education","status":"publish","type":"post","link":"https:\/\/www.webdo.tn\/fr\/actualite\/national\/tunisie-les-enseignants-appeles-a-ne-pas-verser-les-notes-sur-la-plateforme-du-ministere-de-l-education\/219232\/","title":{"rendered":"Tunisie : Les enseignants appel\u00e9s \u00e0 ne pas verser les notes sur la plateforme du minist\u00e8re de l\u2019Education"},"content":{"rendered":"<p>Nouveau bras de fer entre la F\u00e9d\u00e9ration G\u00e9n\u00e9rale de l\u2019Enseignement Secondaire et le minist\u00e8re de l\u2019Education.<\/p>\n<p>\t\t\t\t\t\t\t\t\tLe syndicat a publi\u00e9 un communiqu\u00e9, ce mardi 21 janvier 2025 dans lequel il annonce son refus de t\u00e9l\u00e9charger les r\u00e9sultats des examens du premier trimestre sur la plateforme num\u00e9rique du d\u00e9partement de l\u2019Education.<\/p>\n<p>La F\u00e9d\u00e9ration de l\u2019enseignement secondaire d\u00e9nonce, dans son communiqu\u00e9, l\u2019attentisme du minist\u00e8re de l\u2019Education par rapport aux engagements pris lors de la derni\u00e8re r\u00e9union o\u00f9 il a \u00e9t\u00e9 convenu de maintenir la forme habituelle de t\u00e9l\u00e9chargement des r\u00e9sultats.<\/p>\n<p>Le syndicat a ainsi appel\u00e9 tous les enseignants \u00e0 remettre, comme ils en ont l\u2019habitude, les notes \u00e0 l\u2019administration et \u00e0 boycotter la plateforme num\u00e9rique.<\/p>\n<p>Selon la FGES, plusieurs points ont \u00e9t\u00e9 discut\u00e9s avec le minist\u00e8re dont le versement des r\u00e9sultats du premier trimestre sur la plateforme num\u00e9rique, au c\u0153ur d\u2019un nouveau d\u00e9saccord entre les deux parties. Le syndicat estime que le minist\u00e8re de l\u2019Education l\u2019a plac\u00e9 devant le fait accompli et critique cette position alors m\u00eame que plusieurs points ont \u00e9t\u00e9 class\u00e9s d\u2019un commun accord.<\/p>\n","protected":false},"excerpt":{"rendered":"<p>Le syndicat a publi\u00e9 un communiqu\u00e9, ce mardi 21 janvier 2025 dans lequel il annonce son refus de t\u00e9l\u00e9charger les r\u00e9sultats des examens du premier trimestre sur&#8230;<\/p>\n","protected":false},"author":3162,"featured_media":291714,"comment_status":"open","ping_status":"closed","sticky":false,"template":"","format":"standard","meta":{"footnotes":""},"categories":[44],"tags":[7785,6596,3532,6218,4456,3093,2608],"class_list":["post-219232","post","type-post","status-publish","format-standard","has-post-thumbnail","hentry","category-national","tag-enseignement-secondaire","tag-federation","tag-ministere-de-leducation","tag-notes","tag-plateforme-numerique","tag-syndicat","tag-tunisie"],"yoast_head":"<!-- This site is optimized with the Yoast SEO Premium plugin v27.4 (Yoast SEO v27.5) - https:\/\/yoast.com\/product\/yoast-seo-premium-wordpress\/ -->\n<title>Tunisie : Les enseignants appel\u00e9s \u00e0 ne pas verser les notes sur la plateforme du minist\u00e8re de l\u2019Education<\/title>\n<meta name=\"description\" content=\"Le syndicat a publi\u00e9 un communiqu\u00e9, ce mardi 21 janvier 2025 dans lequel il annonce son refus de t\u00e9l\u00e9charger les r\u00e9sultats des examens du premier trimestre sur...\" \/>\n<link rel=\"canonical\" href=\"https:\/\/www.webdo.tn\/fr\/actualite\/national\/tunisie-les-enseignants-appeles-a-ne-pas-verser-les-notes-sur-la-plateforme-du-ministere-de-l-education\/219232\/\" \/>\n<meta property=\"og:locale\" content=\"fr_FR\" \/>\n<meta property=\"og:type\" content=\"article\" \/>\n<meta property=\"og:title\" content=\"Tunisie : Les enseignants appel\u00e9s \u00e0 ne pas verser les notes sur la plateforme du minist\u00e8re de l\u2019Education\" \/>\n<meta property=\"og:description\" content=\"Le syndicat a publi\u00e9 un communiqu\u00e9, ce mardi 21 janvier 2025 dans lequel il annonce son refus de t\u00e9l\u00e9charger les r\u00e9sultats des examens du premier trimestre sur...\" \/>\n<meta property=\"og:url\" content=\"https:\/\/www.webdo.tn\/fr\/actualite\/national\/tunisie-les-enseignants-appeles-a-ne-pas-verser-les-notes-sur-la-plateforme-du-ministere-de-l-education\/219232\/\" \/>\n<meta property=\"og:site_name\" content=\"webdo\" \/>\n<meta property=\"article:publisher\" content=\"https:\/\/www.facebook.com\/webdotn\" \/>\n<meta property=\"article:published_time\" content=\"2025-01-21T12:24:00+00:00\" \/>\n<meta property=\"article:modified_time\" content=\"2025-05-20T22:16:10+00:00\" \/>\n<meta property=\"og:image\" content=\"https:\/\/www.webdo.tn\/fr\/wp-content\/uploads\/2025\/01\/8f19de7b028f3375c7ccc11223a5821b.webp\" \/>\n\t<meta property=\"og:image:width\" content=\"734\" \/>\n\t<meta property=\"og:image:height\" content=\"391\" \/>\n\t<meta property=\"og:image:type\" content=\"image\/webp\" \/>\n<meta name=\"author\" content=\"MC\" \/>\n<meta name=\"twitter:card\" content=\"summary_large_image\" \/>\n<meta name=\"twitter:creator\" content=\"@webdo_tn\" \/>\n<meta name=\"twitter:site\" content=\"@webdo_tn\" \/>\n<meta name=\"twitter:label1\" content=\"\u00c9crit par\" \/>\n\t<meta name=\"twitter:data1\" content=\"MC\" \/>\n\t<meta name=\"twitter:label2\" content=\"Dur\u00e9e de lecture estim\u00e9e\" \/>\n\t<meta name=\"twitter:data2\" content=\"1 minute\" \/>\n<script type=\"application\/ld+json\" class=\"yoast-schema-graph\">{\"@context\":\"https:\\\/\\\/schema.org\",\"@graph\":[{\"@type\":\"NewsArticle\",\"@id\":\"https:\\\/\\\/www.webdo.tn\\\/fr\\\/actualite\\\/national\\\/tunisie-les-enseignants-appeles-a-ne-pas-verser-les-notes-sur-la-plateforme-du-ministere-de-l-education\\\/219232\\\/#article\",\"isPartOf\":{\"@id\":\"https:\\\/\\\/www.webdo.tn\\\/fr\\\/actualite\\\/national\\\/tunisie-les-enseignants-appeles-a-ne-pas-verser-les-notes-sur-la-plateforme-du-ministere-de-l-education\\\/219232\\\/\"},\"author\":{\"name\":\"MC\",\"@id\":\"https:\\\/\\\/www.webdo.tn\\\/fr\\\/#\\\/schema\\\/person\\\/2c4929cbf5a809e3bd38617c6ce150f6\"},\"headline\":\"Tunisie : Les enseignants appel\u00e9s \u00e0 ne pas verser les notes sur la plateforme du minist\u00e8re de l\u2019Education\",\"datePublished\":\"2025-01-21T12:24:00+00:00\",\"dateModified\":\"2025-05-20T22:16:10+00:00\",\"mainEntityOfPage\":{\"@id\":\"https:\\\/\\\/www.webdo.tn\\\/fr\\\/actualite\\\/national\\\/tunisie-les-enseignants-appeles-a-ne-pas-verser-les-notes-sur-la-plateforme-du-ministere-de-l-education\\\/219232\\\/\"},\"wordCount\":229,\"commentCount\":0,\"publisher\":{\"@id\":\"https:\\\/\\\/www.webdo.tn\\\/fr\\\/#organization\"},\"image\":{\"@id\":\"https:\\\/\\\/www.webdo.tn\\\/fr\\\/actualite\\\/national\\\/tunisie-les-enseignants-appeles-a-ne-pas-verser-les-notes-sur-la-plateforme-du-ministere-de-l-education\\\/219232\\\/#primaryimage\"},\"thumbnailUrl\":\"https:\\\/\\\/www.webdo.tn\\\/fr\\\/wp-content\\\/uploads\\\/2025\\\/01\\\/8f19de7b028f3375c7ccc11223a5821b.webp\",\"keywords\":[\"enseignement secondaire\",\"f\u00e9d\u00e9ration\",\"minist\u00e8re de l'Education\",\"notes\",\"plateforme num\u00e9rique\",\"syndicat\",\"Tunisie\"],\"articleSection\":[\"National\"],\"inLanguage\":\"fr-FR\"},{\"@type\":\"WebPage\",\"@id\":\"https:\\\/\\\/www.webdo.tn\\\/fr\\\/actualite\\\/national\\\/tunisie-les-enseignants-appeles-a-ne-pas-verser-les-notes-sur-la-plateforme-du-ministere-de-l-education\\\/219232\\\/\",\"url\":\"https:\\\/\\\/www.webdo.tn\\\/fr\\\/actualite\\\/national\\\/tunisie-les-enseignants-appeles-a-ne-pas-verser-les-notes-sur-la-plateforme-du-ministere-de-l-education\\\/219232\\\/\",\"name\":\"Tunisie : Les enseignants appel\u00e9s \u00e0 ne pas verser les notes sur la plateforme du minist\u00e8re de l\u2019Education\",\"isPartOf\":{\"@id\":\"https:\\\/\\\/www.webdo.tn\\\/fr\\\/#website\"},\"primaryImageOfPage\":{\"@id\":\"https:\\\/\\\/www.webdo.tn\\\/fr\\\/actualite\\\/national\\\/tunisie-les-enseignants-appeles-a-ne-pas-verser-les-notes-sur-la-plateforme-du-ministere-de-l-education\\\/219232\\\/#primaryimage\"},\"image\":{\"@id\":\"https:\\\/\\\/www.webdo.tn\\\/fr\\\/actualite\\\/national\\\/tunisie-les-enseignants-appeles-a-ne-pas-verser-les-notes-sur-la-plateforme-du-ministere-de-l-education\\\/219232\\\/#primaryimage\"},\"thumbnailUrl\":\"https:\\\/\\\/www.webdo.tn\\\/fr\\\/wp-content\\\/uploads\\\/2025\\\/01\\\/8f19de7b028f3375c7ccc11223a5821b.webp\",\"datePublished\":\"2025-01-21T12:24:00+00:00\",\"dateModified\":\"2025-05-20T22:16:10+00:00\",\"description\":\"Le syndicat a publi\u00e9 un communiqu\u00e9, ce mardi 21 janvier 2025 dans lequel il annonce son refus de t\u00e9l\u00e9charger les r\u00e9sultats des examens du premier trimestre sur...\",\"breadcrumb\":{\"@id\":\"https:\\\/\\\/www.webdo.tn\\\/fr\\\/actualite\\\/national\\\/tunisie-les-enseignants-appeles-a-ne-pas-verser-les-notes-sur-la-plateforme-du-ministere-de-l-education\\\/219232\\\/#breadcrumb\"},\"inLanguage\":\"fr-FR\",\"potentialAction\":[{\"@type\":\"ReadAction\",\"target\":[\"https:\\\/\\\/www.webdo.tn\\\/fr\\\/actualite\\\/national\\\/tunisie-les-enseignants-appeles-a-ne-pas-verser-les-notes-sur-la-plateforme-du-ministere-de-l-education\\\/219232\\\/\"]}]},{\"@type\":\"ImageObject\",\"inLanguage\":\"fr-FR\",\"@id\":\"https:\\\/\\\/www.webdo.tn\\\/fr\\\/actualite\\\/national\\\/tunisie-les-enseignants-appeles-a-ne-pas-verser-les-notes-sur-la-plateforme-du-ministere-de-l-education\\\/219232\\\/#primaryimage\",\"url\":\"https:\\\/\\\/www.webdo.tn\\\/fr\\\/wp-content\\\/uploads\\\/2025\\\/01\\\/8f19de7b028f3375c7ccc11223a5821b.webp\",\"contentUrl\":\"https:\\\/\\\/www.webdo.tn\\\/fr\\\/wp-content\\\/uploads\\\/2025\\\/01\\\/8f19de7b028f3375c7ccc11223a5821b.webp\",\"width\":734,\"height\":391,\"caption\":\"Tunisie : Les enseignants appel\u00e9s \u00e0 ne pas verser les notes sur la plateforme du minist\u00e8re de l\u2019Education\"},{\"@type\":\"BreadcrumbList\",\"@id\":\"https:\\\/\\\/www.webdo.tn\\\/fr\\\/actualite\\\/national\\\/tunisie-les-enseignants-appeles-a-ne-pas-verser-les-notes-sur-la-plateforme-du-ministere-de-l-education\\\/219232\\\/#breadcrumb\",\"itemListElement\":[{\"@type\":\"ListItem\",\"position\":1,\"name\":\"Accueil\",\"item\":\"https:\\\/\\\/www.webdo.tn\\\/fr\\\/\"},{\"@type\":\"ListItem\",\"position\":2,\"name\":\"Tunisie : Les enseignants appel\u00e9s \u00e0 ne pas verser les notes sur la plateforme du minist\u00e8re de l\u2019Education\"}]},{\"@type\":\"WebSite\",\"@id\":\"https:\\\/\\\/www.webdo.tn\\\/fr\\\/#website\",\"url\":\"https:\\\/\\\/www.webdo.tn\\\/fr\\\/\",\"name\":\"webdo\",\"description\":\"Tunisie - News en Tunisie et \u00e0 l&#039;international sur Webdo.tn\",\"publisher\":{\"@id\":\"https:\\\/\\\/www.webdo.tn\\\/fr\\\/#organization\"},\"potentialAction\":[{\"@type\":\"SearchAction\",\"target\":{\"@type\":\"EntryPoint\",\"urlTemplate\":\"https:\\\/\\\/www.webdo.tn\\\/fr\\\/?s={search_term_string}\"},\"query-input\":{\"@type\":\"PropertyValueSpecification\",\"valueRequired\":true,\"valueName\":\"search_term_string\"}}],\"inLanguage\":\"fr-FR\"},{\"@type\":\"Organization\",\"@id\":\"https:\\\/\\\/www.webdo.tn\\\/fr\\\/#organization\",\"name\":\"Webdo\",\"alternateName\":\"Webdo.tn\",\"url\":\"https:\\\/\\\/www.webdo.tn\\\/fr\\\/\",\"logo\":{\"@type\":\"ImageObject\",\"inLanguage\":\"fr-FR\",\"@id\":\"https:\\\/\\\/www.webdo.tn\\\/fr\\\/#\\\/schema\\\/logo\\\/image\\\/\",\"url\":\"https:\\\/\\\/www.webdo.tn\\\/fr\\\/wp-content\\\/uploads\\\/2025\\\/06\\\/Webdo-Tunisie_168377.jpg\",\"contentUrl\":\"https:\\\/\\\/www.webdo.tn\\\/fr\\\/wp-content\\\/uploads\\\/2025\\\/06\\\/Webdo-Tunisie_168377.jpg\",\"width\":301,\"height\":301,\"caption\":\"Webdo\"},\"image\":{\"@id\":\"https:\\\/\\\/www.webdo.tn\\\/fr\\\/#\\\/schema\\\/logo\\\/image\\\/\"},\"sameAs\":[\"https:\\\/\\\/www.facebook.com\\\/webdotn\",\"https:\\\/\\\/x.com\\\/webdo_tn\"],\"description\":\"Webdo est un m\u00e9dia num\u00e9rique tunisien fond\u00e9 en 2010, sp\u00e9cialis\u00e9 dans l\u2019actualit\u00e9 nationale et internationale, l\u2019\u00e9conomie, la soci\u00e9t\u00e9 et les analyses politiques. Le site s\u2019adresse \u00e0 un large public francophone et couvre l\u2019information tunisienne en temps r\u00e9el.\",\"email\":\"redac@webdo.tn\",\"legalName\":\"YNJ SARL\",\"foundingDate\":\"2010-09-06\",\"numberOfEmployees\":{\"@type\":\"QuantitativeValue\",\"minValue\":\"11\",\"maxValue\":\"50\"}},{\"@type\":\"Person\",\"@id\":\"https:\\\/\\\/www.webdo.tn\\\/fr\\\/#\\\/schema\\\/person\\\/2c4929cbf5a809e3bd38617c6ce150f6\",\"name\":\"MC\",\"image\":{\"@type\":\"ImageObject\",\"inLanguage\":\"fr-FR\",\"@id\":\"https:\\\/\\\/secure.gravatar.com\\\/avatar\\\/a545bbb6f84efdd5553dbbc2895e3ca8f1d12c5215e00a041c9670b54aa9b18a?s=96&d=mm&r=g\",\"url\":\"https:\\\/\\\/secure.gravatar.com\\\/avatar\\\/a545bbb6f84efdd5553dbbc2895e3ca8f1d12c5215e00a041c9670b54aa9b18a?s=96&d=mm&r=g\",\"contentUrl\":\"https:\\\/\\\/secure.gravatar.com\\\/avatar\\\/a545bbb6f84efdd5553dbbc2895e3ca8f1d12c5215e00a041c9670b54aa9b18a?s=96&d=mm&r=g\",\"caption\":\"MC\"},\"url\":\"https:\\\/\\\/www.webdo.tn\\\/fr\\\/actualite\\\/author\\\/mc\\\/\"}]}<\/script>\n<!-- \/ Yoast SEO Premium plugin. -->","yoast_head_json":{"title":"Tunisie : Les enseignants appel\u00e9s \u00e0 ne pas verser les notes sur la plateforme du minist\u00e8re de l\u2019Education","description":"Le syndicat a publi\u00e9 un communiqu\u00e9, ce mardi 21 janvier 2025 dans lequel il annonce son refus de t\u00e9l\u00e9charger les r\u00e9sultats des examens du premier trimestre sur...","canonical":"https:\/\/www.webdo.tn\/fr\/actualite\/national\/tunisie-les-enseignants-appeles-a-ne-pas-verser-les-notes-sur-la-plateforme-du-ministere-de-l-education\/219232\/","og_locale":"fr_FR","og_type":"article","og_title":"Tunisie : Les enseignants appel\u00e9s \u00e0 ne pas verser les notes sur la plateforme du minist\u00e8re de l\u2019Education","og_description":"Le syndicat a publi\u00e9 un communiqu\u00e9, ce mardi 21 janvier 2025 dans lequel il annonce son refus de t\u00e9l\u00e9charger les r\u00e9sultats des examens du premier trimestre sur...","og_url":"https:\/\/www.webdo.tn\/fr\/actualite\/national\/tunisie-les-enseignants-appeles-a-ne-pas-verser-les-notes-sur-la-plateforme-du-ministere-de-l-education\/219232\/","og_site_name":"webdo","article_publisher":"https:\/\/www.facebook.com\/webdotn","article_published_time":"2025-01-21T12:24:00+00:00","article_modified_time":"2025-05-20T22:16:10+00:00","og_image":[{"width":734,"height":391,"url":"https:\/\/www.webdo.tn\/fr\/wp-content\/uploads\/2025\/01\/8f19de7b028f3375c7ccc11223a5821b.webp","type":"image\/webp"}],"author":"MC","twitter_card":"summary_large_image","twitter_creator":"@webdo_tn","twitter_site":"@webdo_tn","twitter_misc":{"\u00c9crit par":"MC","Dur\u00e9e de lecture estim\u00e9e":"1 minute"},"schema":{"@context":"https:\/\/schema.org","@graph":[{"@type":"NewsArticle","@id":"https:\/\/www.webdo.tn\/fr\/actualite\/national\/tunisie-les-enseignants-appeles-a-ne-pas-verser-les-notes-sur-la-plateforme-du-ministere-de-l-education\/219232\/#article","isPartOf":{"@id":"https:\/\/www.webdo.tn\/fr\/actualite\/national\/tunisie-les-enseignants-appeles-a-ne-pas-verser-les-notes-sur-la-plateforme-du-ministere-de-l-education\/219232\/"},"author":{"name":"MC","@id":"https:\/\/www.webdo.tn\/fr\/#\/schema\/person\/2c4929cbf5a809e3bd38617c6ce150f6"},"headline":"Tunisie : Les enseignants appel\u00e9s \u00e0 ne pas verser les notes sur la plateforme du minist\u00e8re de l\u2019Education","datePublished":"2025-01-21T12:24:00+00:00","dateModified":"2025-05-20T22:16:10+00:00","mainEntityOfPage":{"@id":"https:\/\/www.webdo.tn\/fr\/actualite\/national\/tunisie-les-enseignants-appeles-a-ne-pas-verser-les-notes-sur-la-plateforme-du-ministere-de-l-education\/219232\/"},"wordCount":229,"commentCount":0,"publisher":{"@id":"https:\/\/www.webdo.tn\/fr\/#organization"},"image":{"@id":"https:\/\/www.webdo.tn\/fr\/actualite\/national\/tunisie-les-enseignants-appeles-a-ne-pas-verser-les-notes-sur-la-plateforme-du-ministere-de-l-education\/219232\/#primaryimage"},"thumbnailUrl":"https:\/\/www.webdo.tn\/fr\/wp-content\/uploads\/2025\/01\/8f19de7b028f3375c7ccc11223a5821b.webp","keywords":["enseignement secondaire","f\u00e9d\u00e9ration","minist\u00e8re de l'Education","notes","plateforme num\u00e9rique","syndicat","Tunisie"],"articleSection":["National"],"inLanguage":"fr-FR"},{"@type":"WebPage","@id":"https:\/\/www.webdo.tn\/fr\/actualite\/national\/tunisie-les-enseignants-appeles-a-ne-pas-verser-les-notes-sur-la-plateforme-du-ministere-de-l-education\/219232\/","url":"https:\/\/www.webdo.tn\/fr\/actualite\/national\/tunisie-les-enseignants-appeles-a-ne-pas-verser-les-notes-sur-la-plateforme-du-ministere-de-l-education\/219232\/","name":"Tunisie : Les enseignants appel\u00e9s \u00e0 ne pas verser les notes sur la plateforme du minist\u00e8re de l\u2019Education","isPartOf":{"@id":"https:\/\/www.webdo.tn\/fr\/#website"},"primaryImageOfPage":{"@id":"https:\/\/www.webdo.tn\/fr\/actualite\/national\/tunisie-les-enseignants-appeles-a-ne-pas-verser-les-notes-sur-la-plateforme-du-ministere-de-l-education\/219232\/#primaryimage"},"image":{"@id":"https:\/\/www.webdo.tn\/fr\/actualite\/national\/tunisie-les-enseignants-appeles-a-ne-pas-verser-les-notes-sur-la-plateforme-du-ministere-de-l-education\/219232\/#primaryimage"},"thumbnailUrl":"https:\/\/www.webdo.tn\/fr\/wp-content\/uploads\/2025\/01\/8f19de7b028f3375c7ccc11223a5821b.webp","datePublished":"2025-01-21T12:24:00+00:00","dateModified":"2025-05-20T22:16:10+00:00","description":"Le syndicat a publi\u00e9 un communiqu\u00e9, ce mardi 21 janvier 2025 dans lequel il annonce son refus de t\u00e9l\u00e9charger les r\u00e9sultats des examens du premier trimestre sur...","breadcrumb":{"@id":"https:\/\/www.webdo.tn\/fr\/actualite\/national\/tunisie-les-enseignants-appeles-a-ne-pas-verser-les-notes-sur-la-plateforme-du-ministere-de-l-education\/219232\/#breadcrumb"},"inLanguage":"fr-FR","potentialAction":[{"@type":"ReadAction","target":["https:\/\/www.webdo.tn\/fr\/actualite\/national\/tunisie-les-enseignants-appeles-a-ne-pas-verser-les-notes-sur-la-plateforme-du-ministere-de-l-education\/219232\/"]}]},{"@type":"ImageObject","inLanguage":"fr-FR","@id":"https:\/\/www.webdo.tn\/fr\/actualite\/national\/tunisie-les-enseignants-appeles-a-ne-pas-verser-les-notes-sur-la-plateforme-du-ministere-de-l-education\/219232\/#primaryimage","url":"https:\/\/www.webdo.tn\/fr\/wp-content\/uploads\/2025\/01\/8f19de7b028f3375c7ccc11223a5821b.webp","contentUrl":"https:\/\/www.webdo.tn\/fr\/wp-content\/uploads\/2025\/01\/8f19de7b028f3375c7ccc11223a5821b.webp","width":734,"height":391,"caption":"Tunisie : Les enseignants appel\u00e9s \u00e0 ne pas verser les notes sur la plateforme du minist\u00e8re de l\u2019Education"},{"@type":"BreadcrumbList","@id":"https:\/\/www.webdo.tn\/fr\/actualite\/national\/tunisie-les-enseignants-appeles-a-ne-pas-verser-les-notes-sur-la-plateforme-du-ministere-de-l-education\/219232\/#breadcrumb","itemListElement":[{"@type":"ListItem","position":1,"name":"Accueil","item":"https:\/\/www.webdo.tn\/fr\/"},{"@type":"ListItem","position":2,"name":"Tunisie : Les enseignants appel\u00e9s \u00e0 ne pas verser les notes sur la plateforme du minist\u00e8re de l\u2019Education"}]},{"@type":"WebSite","@id":"https:\/\/www.webdo.tn\/fr\/#website","url":"https:\/\/www.webdo.tn\/fr\/","name":"webdo","description":"Tunisie - News en Tunisie et \u00e0 l&#039;international sur Webdo.tn","publisher":{"@id":"https:\/\/www.webdo.tn\/fr\/#organization"},"potentialAction":[{"@type":"SearchAction","target":{"@type":"EntryPoint","urlTemplate":"https:\/\/www.webdo.tn\/fr\/?s={search_term_string}"},"query-input":{"@type":"PropertyValueSpecification","valueRequired":true,"valueName":"search_term_string"}}],"inLanguage":"fr-FR"},{"@type":"Organization","@id":"https:\/\/www.webdo.tn\/fr\/#organization","name":"Webdo","alternateName":"Webdo.tn","url":"https:\/\/www.webdo.tn\/fr\/","logo":{"@type":"ImageObject","inLanguage":"fr-FR","@id":"https:\/\/www.webdo.tn\/fr\/#\/schema\/logo\/image\/","url":"https:\/\/www.webdo.tn\/fr\/wp-content\/uploads\/2025\/06\/Webdo-Tunisie_168377.jpg","contentUrl":"https:\/\/www.webdo.tn\/fr\/wp-content\/uploads\/2025\/06\/Webdo-Tunisie_168377.jpg","width":301,"height":301,"caption":"Webdo"},"image":{"@id":"https:\/\/www.webdo.tn\/fr\/#\/schema\/logo\/image\/"},"sameAs":["https:\/\/www.facebook.com\/webdotn","https:\/\/x.com\/webdo_tn"],"description":"Webdo est un m\u00e9dia num\u00e9rique tunisien fond\u00e9 en 2010, sp\u00e9cialis\u00e9 dans l\u2019actualit\u00e9 nationale et internationale, l\u2019\u00e9conomie, la soci\u00e9t\u00e9 et les analyses politiques. Le site s\u2019adresse \u00e0 un large public francophone et couvre l\u2019information tunisienne en temps r\u00e9el.","email":"redac@webdo.tn","legalName":"YNJ SARL","foundingDate":"2010-09-06","numberOfEmployees":{"@type":"QuantitativeValue","minValue":"11","maxValue":"50"}},{"@type":"Person","@id":"https:\/\/www.webdo.tn\/fr\/#\/schema\/person\/2c4929cbf5a809e3bd38617c6ce150f6","name":"MC","image":{"@type":"ImageObject","inLanguage":"fr-FR","@id":"https:\/\/secure.gravatar.com\/avatar\/a545bbb6f84efdd5553dbbc2895e3ca8f1d12c5215e00a041c9670b54aa9b18a?s=96&d=mm&r=g","url":"https:\/\/secure.gravatar.com\/avatar\/a545bbb6f84efdd5553dbbc2895e3ca8f1d12c5215e00a041c9670b54aa9b18a?s=96&d=mm&r=g","contentUrl":"https:\/\/secure.gravatar.com\/avatar\/a545bbb6f84efdd5553dbbc2895e3ca8f1d12c5215e00a041c9670b54aa9b18a?s=96&d=mm&r=g","caption":"MC"},"url":"https:\/\/www.webdo.tn\/fr\/actualite\/author\/mc\/"}]}},"_links":{"self":[{"href":"https:\/\/www.webdo.tn\/fr\/wp-json\/wp\/v2\/posts\/219232","targetHints":{"allow":["GET"]}}],"collection":[{"href":"https:\/\/www.webdo.tn\/fr\/wp-json\/wp\/v2\/posts"}],"about":[{"href":"https:\/\/www.webdo.tn\/fr\/wp-json\/wp\/v2\/types\/post"}],"author":[{"embeddable":true,"href":"https:\/\/www.webdo.tn\/fr\/wp-json\/wp\/v2\/users\/3162"}],"replies":[{"embeddable":true,"href":"https:\/\/www.webdo.tn\/fr\/wp-json\/wp\/v2\/comments?post=219232"}],"version-history":[{"count":0,"href":"https:\/\/www.webdo.tn\/fr\/wp-json\/wp\/v2\/posts\/219232\/revisions"}],"wp:featuredmedia":[{"embeddable":true,"href":"https:\/\/www.webdo.tn\/fr\/wp-json\/wp\/v2\/media\/291714"}],"wp:attachment":[{"href":"https:\/\/www.webdo.tn\/fr\/wp-json\/wp\/v2\/media?parent=219232"}],"wp:term":[{"taxonomy":"category","embeddable":true,"href":"https:\/\/www.webdo.tn\/fr\/wp-json\/wp\/v2\/categories?post=219232"},{"taxonomy":"post_tag","embeddable":true,"href":"https:\/\/www.webdo.tn\/fr\/wp-json\/wp\/v2\/tags?post=219232"}],"curies":[{"name":"wp","href":"https:\/\/api.w.org\/{rel}","templated":true}]}}