{"id":219223,"date":"2025-01-21T09:27:00","date_gmt":"2025-01-21T09:27:00","guid":{"rendered":"https:\/\/www.webdo.tn\/fr\/blog\/2025\/01\/21\/le-virus-marburg-une-menace-sanitaire-sous-haute-surveillance-mondiale\/"},"modified":"2025-05-20T21:43:53","modified_gmt":"2025-05-20T21:43:53","slug":"le-virus-marburg-une-menace-sanitaire-sous-haute-surveillance-mondiale","status":"publish","type":"post","link":"https:\/\/www.webdo.tn\/fr\/actualite\/international\/le-virus-marburg-une-menace-sanitaire-sous-haute-surveillance-mondiale\/219223\/","title":{"rendered":"Le virus Marburg, une menace sanitaire sous haute surveillance mondiale"},"content":{"rendered":"<p>Le virus Marburg, appartenant \u00e0 la m\u00eame famille que le virus Ebola, suscite une vive inqui\u00e9tude au niveau international apr\u00e8s l\u2019\u00e9mergence d\u2019un foyer dans la r\u00e9gion de Kagera, au nord-ouest de la Tanzanie. A ce jour, les autorit\u00e9s sanitaires rapportent un taux de mortalit\u00e9 alarmant, atteignant jusqu\u2019\u00e0 88%, avec plusieurs d\u00e9c\u00e8s confirm\u00e9s.<\/p>\n<p>\t\t\t\t\t\t\t\t\tIdentifi\u00e9 pour la premi\u00e8re fois en 1967, le virus Marburg trouve son r\u00e9servoir naturel chez les chauves-souris frugivores. La transmission \u00e0 l\u2019homme se produit par contact direct avec ces animaux, leurs fluides ou leurs excr\u00e9ments. Une fois l\u2019infection \u00e9tablie, le virus peut se propager entre humains par contact avec des fluides corporels contamin\u00e9s, rendant les professionnels de sant\u00e9 particuli\u00e8rement vuln\u00e9rables.<\/p>\n<p>Les sympt\u00f4mes initiaux incluent une fi\u00e8vre \u00e9lev\u00e9e, des maux de t\u00eate intenses et une faiblesse g\u00e9n\u00e9rale. Rapidement, des complications graves surviennent : vomissements, diarrh\u00e9es, h\u00e9morragies internes et externes. Le regard vide et les saignements par les yeux figurent parmi les manifestations caract\u00e9ristiques. Le temps d\u2019incubation varie de quelques jours \u00e0 trois semaines, rendant la d\u00e9tection pr\u00e9coce essentielle pour limiter la propagation.<\/p>\n<p>Malgr\u00e9 l\u2019absence de traitements sp\u00e9cifiques et de vaccins approuv\u00e9s, des th\u00e9rapies de soutien, comme l\u2019hydratation et le maintien des fonctions vitales, peuvent r\u00e9duire le risque de d\u00e9c\u00e8s. L\u2019Organisation mondiale de la sant\u00e9 (OMS) a mobilis\u00e9 des fonds d\u2019urgence pour soutenir les efforts de surveillance, fournir des tests et prot\u00e9ger les \u00e9quipes m\u00e9dicales en premi\u00e8re ligne. La Tanzanie, forte de son exp\u00e9rience dans la gestion d\u2019un foyer similaire en 2023, reste optimiste quant \u00e0 sa capacit\u00e9 \u00e0 contenir l\u2019\u00e9pid\u00e9mie actuelle.<\/p>\n<p>Situ\u00e9e \u00e0 un carrefour strat\u00e9gique reliant le Rwanda, l\u2019Ouganda et la R\u00e9publique D\u00e9mocratique du Congo, la r\u00e9gion de Kagera pr\u00e9sente un risque accru de propagation. Les autorit\u00e9s locales et internationales intensifient les mesures pour \u00e9viter un \u00e9largissement du foyer.<\/p>\n<p>En l\u2019absence de vaccin, la pr\u00e9vention repose sur la sensibilisation des populations, la r\u00e9duction des contacts avec les chauves-souris et le respect des protocoles sanitaires stricts.<\/p>\n","protected":false},"excerpt":{"rendered":"<p>Le virus Marburg, appartenant \u00e0 la m\u00eame famille que le virus Ebola, suscite une vive inqui\u00e9tude au niveau international apr\u00e8s l\u2019\u00e9mergence d\u2019un foyer dans la r\u00e9g&#8230;<\/p>\n","protected":false},"author":3162,"featured_media":242752,"comment_status":"open","ping_status":"open","sticky":false,"template":"","format":"standard","meta":{"footnotes":""},"categories":[2598],"tags":[4325,4322,4326,4323,4324],"class_list":["post-219223","post","type-post","status-publish","format-standard","has-post-thumbnail","hentry","category-international","tag-ebola","tag-oms","tag-tanzanie","tag-urgence","tag-virus-marburg"],"yoast_head":"<!-- This site is optimized with the Yoast SEO Premium plugin v27.5 (Yoast SEO v27.5) - https:\/\/yoast.com\/product\/yoast-seo-premium-wordpress\/ -->\n<title>Le virus Marburg, une menace sanitaire sous haute surveillance mondiale<\/title>\n<meta name=\"description\" content=\"Le virus Marburg, appartenant \u00e0 la m\u00eame famille que le virus Ebola, suscite une vive inqui\u00e9tude au niveau international apr\u00e8s l\u2019\u00e9mergence d\u2019un foyer dans la r\u00e9g...\" \/>\n<link rel=\"canonical\" href=\"https:\/\/www.webdo.tn\/fr\/actualite\/international\/le-virus-marburg-une-menace-sanitaire-sous-haute-surveillance-mondiale\/219223\/\" \/>\n<meta property=\"og:locale\" content=\"fr_FR\" \/>\n<meta property=\"og:type\" content=\"article\" \/>\n<meta property=\"og:title\" content=\"Le virus Marburg, une menace sanitaire sous haute surveillance mondiale\" \/>\n<meta property=\"og:description\" content=\"Le virus Marburg, appartenant \u00e0 la m\u00eame famille que le virus Ebola, suscite une vive inqui\u00e9tude au niveau international apr\u00e8s l\u2019\u00e9mergence d\u2019un foyer dans la r\u00e9g...\" \/>\n<meta property=\"og:url\" content=\"https:\/\/www.webdo.tn\/fr\/actualite\/international\/le-virus-marburg-une-menace-sanitaire-sous-haute-surveillance-mondiale\/219223\/\" \/>\n<meta property=\"og:site_name\" content=\"webdo\" \/>\n<meta property=\"article:publisher\" content=\"https:\/\/www.facebook.com\/webdotn\" \/>\n<meta property=\"article:published_time\" content=\"2025-01-21T09:27:00+00:00\" \/>\n<meta property=\"article:modified_time\" content=\"2025-05-20T21:43:53+00:00\" \/>\n<meta property=\"og:image\" content=\"https:\/\/www.webdo.tn\/fr\/wp-content\/uploads\/2025\/05\/10b90fd1af4c622ee6ab3bca6afc62d0-2.webp\" \/>\n\t<meta property=\"og:image:width\" content=\"750\" \/>\n\t<meta property=\"og:image:height\" content=\"400\" \/>\n\t<meta property=\"og:image:type\" content=\"image\/webp\" \/>\n<meta name=\"author\" content=\"MC\" \/>\n<meta name=\"twitter:card\" content=\"summary_large_image\" \/>\n<meta name=\"twitter:creator\" content=\"@webdo_tn\" \/>\n<meta name=\"twitter:site\" content=\"@webdo_tn\" \/>\n<meta name=\"twitter:label1\" content=\"\u00c9crit par\" \/>\n\t<meta name=\"twitter:data1\" content=\"MC\" \/>\n\t<meta name=\"twitter:label2\" content=\"Dur\u00e9e de lecture estim\u00e9e\" \/>\n\t<meta name=\"twitter:data2\" content=\"2 minutes\" \/>\n<script type=\"application\/ld+json\" class=\"yoast-schema-graph\">{\"@context\":\"https:\\\/\\\/schema.org\",\"@graph\":[{\"@type\":\"NewsArticle\",\"@id\":\"https:\\\/\\\/www.webdo.tn\\\/fr\\\/actualite\\\/international\\\/le-virus-marburg-une-menace-sanitaire-sous-haute-surveillance-mondiale\\\/219223\\\/#article\",\"isPartOf\":{\"@id\":\"https:\\\/\\\/www.webdo.tn\\\/fr\\\/actualite\\\/international\\\/le-virus-marburg-une-menace-sanitaire-sous-haute-surveillance-mondiale\\\/219223\\\/\"},\"author\":{\"name\":\"MC\",\"@id\":\"https:\\\/\\\/www.webdo.tn\\\/fr\\\/#\\\/schema\\\/person\\\/2c4929cbf5a809e3bd38617c6ce150f6\"},\"headline\":\"Le virus Marburg, une menace sanitaire sous haute surveillance mondiale\",\"datePublished\":\"2025-01-21T09:27:00+00:00\",\"dateModified\":\"2025-05-20T21:43:53+00:00\",\"mainEntityOfPage\":{\"@id\":\"https:\\\/\\\/www.webdo.tn\\\/fr\\\/actualite\\\/international\\\/le-virus-marburg-une-menace-sanitaire-sous-haute-surveillance-mondiale\\\/219223\\\/\"},\"wordCount\":375,\"commentCount\":0,\"publisher\":{\"@id\":\"https:\\\/\\\/www.webdo.tn\\\/fr\\\/#organization\"},\"image\":{\"@id\":\"https:\\\/\\\/www.webdo.tn\\\/fr\\\/actualite\\\/international\\\/le-virus-marburg-une-menace-sanitaire-sous-haute-surveillance-mondiale\\\/219223\\\/#primaryimage\"},\"thumbnailUrl\":\"https:\\\/\\\/www.webdo.tn\\\/fr\\\/wp-content\\\/uploads\\\/2025\\\/05\\\/10b90fd1af4c622ee6ab3bca6afc62d0-2.webp\",\"keywords\":[\"ebola\",\"OMS\",\"Tanzanie\",\"Urgence\",\"virus Marburg\"],\"articleSection\":[\"International\"],\"inLanguage\":\"fr-FR\"},{\"@type\":\"WebPage\",\"@id\":\"https:\\\/\\\/www.webdo.tn\\\/fr\\\/actualite\\\/international\\\/le-virus-marburg-une-menace-sanitaire-sous-haute-surveillance-mondiale\\\/219223\\\/\",\"url\":\"https:\\\/\\\/www.webdo.tn\\\/fr\\\/actualite\\\/international\\\/le-virus-marburg-une-menace-sanitaire-sous-haute-surveillance-mondiale\\\/219223\\\/\",\"name\":\"Le virus Marburg, une menace sanitaire sous haute surveillance mondiale\",\"isPartOf\":{\"@id\":\"https:\\\/\\\/www.webdo.tn\\\/fr\\\/#website\"},\"primaryImageOfPage\":{\"@id\":\"https:\\\/\\\/www.webdo.tn\\\/fr\\\/actualite\\\/international\\\/le-virus-marburg-une-menace-sanitaire-sous-haute-surveillance-mondiale\\\/219223\\\/#primaryimage\"},\"image\":{\"@id\":\"https:\\\/\\\/www.webdo.tn\\\/fr\\\/actualite\\\/international\\\/le-virus-marburg-une-menace-sanitaire-sous-haute-surveillance-mondiale\\\/219223\\\/#primaryimage\"},\"thumbnailUrl\":\"https:\\\/\\\/www.webdo.tn\\\/fr\\\/wp-content\\\/uploads\\\/2025\\\/05\\\/10b90fd1af4c622ee6ab3bca6afc62d0-2.webp\",\"datePublished\":\"2025-01-21T09:27:00+00:00\",\"dateModified\":\"2025-05-20T21:43:53+00:00\",\"description\":\"Le virus Marburg, appartenant \u00e0 la m\u00eame famille que le virus Ebola, suscite une vive inqui\u00e9tude au niveau international apr\u00e8s l\u2019\u00e9mergence d\u2019un foyer dans la r\u00e9g...\",\"breadcrumb\":{\"@id\":\"https:\\\/\\\/www.webdo.tn\\\/fr\\\/actualite\\\/international\\\/le-virus-marburg-une-menace-sanitaire-sous-haute-surveillance-mondiale\\\/219223\\\/#breadcrumb\"},\"inLanguage\":\"fr-FR\",\"potentialAction\":[{\"@type\":\"ReadAction\",\"target\":[\"https:\\\/\\\/www.webdo.tn\\\/fr\\\/actualite\\\/international\\\/le-virus-marburg-une-menace-sanitaire-sous-haute-surveillance-mondiale\\\/219223\\\/\"]}]},{\"@type\":\"ImageObject\",\"inLanguage\":\"fr-FR\",\"@id\":\"https:\\\/\\\/www.webdo.tn\\\/fr\\\/actualite\\\/international\\\/le-virus-marburg-une-menace-sanitaire-sous-haute-surveillance-mondiale\\\/219223\\\/#primaryimage\",\"url\":\"https:\\\/\\\/www.webdo.tn\\\/fr\\\/wp-content\\\/uploads\\\/2025\\\/05\\\/10b90fd1af4c622ee6ab3bca6afc62d0-2.webp\",\"contentUrl\":\"https:\\\/\\\/www.webdo.tn\\\/fr\\\/wp-content\\\/uploads\\\/2025\\\/05\\\/10b90fd1af4c622ee6ab3bca6afc62d0-2.webp\",\"width\":750,\"height\":400},{\"@type\":\"BreadcrumbList\",\"@id\":\"https:\\\/\\\/www.webdo.tn\\\/fr\\\/actualite\\\/international\\\/le-virus-marburg-une-menace-sanitaire-sous-haute-surveillance-mondiale\\\/219223\\\/#breadcrumb\",\"itemListElement\":[{\"@type\":\"ListItem\",\"position\":1,\"name\":\"Accueil\",\"item\":\"https:\\\/\\\/www.webdo.tn\\\/fr\\\/\"},{\"@type\":\"ListItem\",\"position\":2,\"name\":\"Le virus Marburg, une menace sanitaire sous haute surveillance mondiale\"}]},{\"@type\":\"WebSite\",\"@id\":\"https:\\\/\\\/www.webdo.tn\\\/fr\\\/#website\",\"url\":\"https:\\\/\\\/www.webdo.tn\\\/fr\\\/\",\"name\":\"webdo\",\"description\":\"Tunisie - News en Tunisie et \u00e0 l&#039;international sur Webdo.tn\",\"publisher\":{\"@id\":\"https:\\\/\\\/www.webdo.tn\\\/fr\\\/#organization\"},\"potentialAction\":[{\"@type\":\"SearchAction\",\"target\":{\"@type\":\"EntryPoint\",\"urlTemplate\":\"https:\\\/\\\/www.webdo.tn\\\/fr\\\/?s={search_term_string}\"},\"query-input\":{\"@type\":\"PropertyValueSpecification\",\"valueRequired\":true,\"valueName\":\"search_term_string\"}}],\"inLanguage\":\"fr-FR\"},{\"@type\":\"Organization\",\"@id\":\"https:\\\/\\\/www.webdo.tn\\\/fr\\\/#organization\",\"name\":\"Webdo\",\"alternateName\":\"Webdo.tn\",\"url\":\"https:\\\/\\\/www.webdo.tn\\\/fr\\\/\",\"logo\":{\"@type\":\"ImageObject\",\"inLanguage\":\"fr-FR\",\"@id\":\"https:\\\/\\\/www.webdo.tn\\\/fr\\\/#\\\/schema\\\/logo\\\/image\\\/\",\"url\":\"https:\\\/\\\/www.webdo.tn\\\/fr\\\/wp-content\\\/uploads\\\/2025\\\/06\\\/Webdo-Tunisie_168377.jpg\",\"contentUrl\":\"https:\\\/\\\/www.webdo.tn\\\/fr\\\/wp-content\\\/uploads\\\/2025\\\/06\\\/Webdo-Tunisie_168377.jpg\",\"width\":301,\"height\":301,\"caption\":\"Webdo\"},\"image\":{\"@id\":\"https:\\\/\\\/www.webdo.tn\\\/fr\\\/#\\\/schema\\\/logo\\\/image\\\/\"},\"sameAs\":[\"https:\\\/\\\/www.facebook.com\\\/webdotn\",\"https:\\\/\\\/x.com\\\/webdo_tn\"],\"description\":\"Webdo est un m\u00e9dia num\u00e9rique tunisien fond\u00e9 en 2010, sp\u00e9cialis\u00e9 dans l\u2019actualit\u00e9 nationale et internationale, l\u2019\u00e9conomie, la soci\u00e9t\u00e9 et les analyses politiques. Le site s\u2019adresse \u00e0 un large public francophone et couvre l\u2019information tunisienne en temps r\u00e9el.\",\"email\":\"redac@webdo.tn\",\"legalName\":\"YNJ SARL\",\"foundingDate\":\"2010-09-06\",\"numberOfEmployees\":{\"@type\":\"QuantitativeValue\",\"minValue\":\"11\",\"maxValue\":\"50\"}},{\"@type\":\"Person\",\"@id\":\"https:\\\/\\\/www.webdo.tn\\\/fr\\\/#\\\/schema\\\/person\\\/2c4929cbf5a809e3bd38617c6ce150f6\",\"name\":\"MC\",\"image\":{\"@type\":\"ImageObject\",\"inLanguage\":\"fr-FR\",\"@id\":\"https:\\\/\\\/secure.gravatar.com\\\/avatar\\\/a545bbb6f84efdd5553dbbc2895e3ca8f1d12c5215e00a041c9670b54aa9b18a?s=96&d=mm&r=g\",\"url\":\"https:\\\/\\\/secure.gravatar.com\\\/avatar\\\/a545bbb6f84efdd5553dbbc2895e3ca8f1d12c5215e00a041c9670b54aa9b18a?s=96&d=mm&r=g\",\"contentUrl\":\"https:\\\/\\\/secure.gravatar.com\\\/avatar\\\/a545bbb6f84efdd5553dbbc2895e3ca8f1d12c5215e00a041c9670b54aa9b18a?s=96&d=mm&r=g\",\"caption\":\"MC\"},\"url\":\"https:\\\/\\\/www.webdo.tn\\\/fr\\\/actualite\\\/author\\\/mc\\\/\"}]}<\/script>\n<!-- \/ Yoast SEO Premium plugin. -->","yoast_head_json":{"title":"Le virus Marburg, une menace sanitaire sous haute surveillance mondiale","description":"Le virus Marburg, appartenant \u00e0 la m\u00eame famille que le virus Ebola, suscite une vive inqui\u00e9tude au niveau international apr\u00e8s l\u2019\u00e9mergence d\u2019un foyer dans la r\u00e9g...","canonical":"https:\/\/www.webdo.tn\/fr\/actualite\/international\/le-virus-marburg-une-menace-sanitaire-sous-haute-surveillance-mondiale\/219223\/","og_locale":"fr_FR","og_type":"article","og_title":"Le virus Marburg, une menace sanitaire sous haute surveillance mondiale","og_description":"Le virus Marburg, appartenant \u00e0 la m\u00eame famille que le virus Ebola, suscite une vive inqui\u00e9tude au niveau international apr\u00e8s l\u2019\u00e9mergence d\u2019un foyer dans la r\u00e9g...","og_url":"https:\/\/www.webdo.tn\/fr\/actualite\/international\/le-virus-marburg-une-menace-sanitaire-sous-haute-surveillance-mondiale\/219223\/","og_site_name":"webdo","article_publisher":"https:\/\/www.facebook.com\/webdotn","article_published_time":"2025-01-21T09:27:00+00:00","article_modified_time":"2025-05-20T21:43:53+00:00","og_image":[{"width":750,"height":400,"url":"https:\/\/www.webdo.tn\/fr\/wp-content\/uploads\/2025\/05\/10b90fd1af4c622ee6ab3bca6afc62d0-2.webp","type":"image\/webp"}],"author":"MC","twitter_card":"summary_large_image","twitter_creator":"@webdo_tn","twitter_site":"@webdo_tn","twitter_misc":{"\u00c9crit par":"MC","Dur\u00e9e de lecture estim\u00e9e":"2 minutes"},"schema":{"@context":"https:\/\/schema.org","@graph":[{"@type":"NewsArticle","@id":"https:\/\/www.webdo.tn\/fr\/actualite\/international\/le-virus-marburg-une-menace-sanitaire-sous-haute-surveillance-mondiale\/219223\/#article","isPartOf":{"@id":"https:\/\/www.webdo.tn\/fr\/actualite\/international\/le-virus-marburg-une-menace-sanitaire-sous-haute-surveillance-mondiale\/219223\/"},"author":{"name":"MC","@id":"https:\/\/www.webdo.tn\/fr\/#\/schema\/person\/2c4929cbf5a809e3bd38617c6ce150f6"},"headline":"Le virus Marburg, une menace sanitaire sous haute surveillance mondiale","datePublished":"2025-01-21T09:27:00+00:00","dateModified":"2025-05-20T21:43:53+00:00","mainEntityOfPage":{"@id":"https:\/\/www.webdo.tn\/fr\/actualite\/international\/le-virus-marburg-une-menace-sanitaire-sous-haute-surveillance-mondiale\/219223\/"},"wordCount":375,"commentCount":0,"publisher":{"@id":"https:\/\/www.webdo.tn\/fr\/#organization"},"image":{"@id":"https:\/\/www.webdo.tn\/fr\/actualite\/international\/le-virus-marburg-une-menace-sanitaire-sous-haute-surveillance-mondiale\/219223\/#primaryimage"},"thumbnailUrl":"https:\/\/www.webdo.tn\/fr\/wp-content\/uploads\/2025\/05\/10b90fd1af4c622ee6ab3bca6afc62d0-2.webp","keywords":["ebola","OMS","Tanzanie","Urgence","virus Marburg"],"articleSection":["International"],"inLanguage":"fr-FR"},{"@type":"WebPage","@id":"https:\/\/www.webdo.tn\/fr\/actualite\/international\/le-virus-marburg-une-menace-sanitaire-sous-haute-surveillance-mondiale\/219223\/","url":"https:\/\/www.webdo.tn\/fr\/actualite\/international\/le-virus-marburg-une-menace-sanitaire-sous-haute-surveillance-mondiale\/219223\/","name":"Le virus Marburg, une menace sanitaire sous haute surveillance mondiale","isPartOf":{"@id":"https:\/\/www.webdo.tn\/fr\/#website"},"primaryImageOfPage":{"@id":"https:\/\/www.webdo.tn\/fr\/actualite\/international\/le-virus-marburg-une-menace-sanitaire-sous-haute-surveillance-mondiale\/219223\/#primaryimage"},"image":{"@id":"https:\/\/www.webdo.tn\/fr\/actualite\/international\/le-virus-marburg-une-menace-sanitaire-sous-haute-surveillance-mondiale\/219223\/#primaryimage"},"thumbnailUrl":"https:\/\/www.webdo.tn\/fr\/wp-content\/uploads\/2025\/05\/10b90fd1af4c622ee6ab3bca6afc62d0-2.webp","datePublished":"2025-01-21T09:27:00+00:00","dateModified":"2025-05-20T21:43:53+00:00","description":"Le virus Marburg, appartenant \u00e0 la m\u00eame famille que le virus Ebola, suscite une vive inqui\u00e9tude au niveau international apr\u00e8s l\u2019\u00e9mergence d\u2019un foyer dans la r\u00e9g...","breadcrumb":{"@id":"https:\/\/www.webdo.tn\/fr\/actualite\/international\/le-virus-marburg-une-menace-sanitaire-sous-haute-surveillance-mondiale\/219223\/#breadcrumb"},"inLanguage":"fr-FR","potentialAction":[{"@type":"ReadAction","target":["https:\/\/www.webdo.tn\/fr\/actualite\/international\/le-virus-marburg-une-menace-sanitaire-sous-haute-surveillance-mondiale\/219223\/"]}]},{"@type":"ImageObject","inLanguage":"fr-FR","@id":"https:\/\/www.webdo.tn\/fr\/actualite\/international\/le-virus-marburg-une-menace-sanitaire-sous-haute-surveillance-mondiale\/219223\/#primaryimage","url":"https:\/\/www.webdo.tn\/fr\/wp-content\/uploads\/2025\/05\/10b90fd1af4c622ee6ab3bca6afc62d0-2.webp","contentUrl":"https:\/\/www.webdo.tn\/fr\/wp-content\/uploads\/2025\/05\/10b90fd1af4c622ee6ab3bca6afc62d0-2.webp","width":750,"height":400},{"@type":"BreadcrumbList","@id":"https:\/\/www.webdo.tn\/fr\/actualite\/international\/le-virus-marburg-une-menace-sanitaire-sous-haute-surveillance-mondiale\/219223\/#breadcrumb","itemListElement":[{"@type":"ListItem","position":1,"name":"Accueil","item":"https:\/\/www.webdo.tn\/fr\/"},{"@type":"ListItem","position":2,"name":"Le virus Marburg, une menace sanitaire sous haute surveillance mondiale"}]},{"@type":"WebSite","@id":"https:\/\/www.webdo.tn\/fr\/#website","url":"https:\/\/www.webdo.tn\/fr\/","name":"webdo","description":"Tunisie - News en Tunisie et \u00e0 l&#039;international sur Webdo.tn","publisher":{"@id":"https:\/\/www.webdo.tn\/fr\/#organization"},"potentialAction":[{"@type":"SearchAction","target":{"@type":"EntryPoint","urlTemplate":"https:\/\/www.webdo.tn\/fr\/?s={search_term_string}"},"query-input":{"@type":"PropertyValueSpecification","valueRequired":true,"valueName":"search_term_string"}}],"inLanguage":"fr-FR"},{"@type":"Organization","@id":"https:\/\/www.webdo.tn\/fr\/#organization","name":"Webdo","alternateName":"Webdo.tn","url":"https:\/\/www.webdo.tn\/fr\/","logo":{"@type":"ImageObject","inLanguage":"fr-FR","@id":"https:\/\/www.webdo.tn\/fr\/#\/schema\/logo\/image\/","url":"https:\/\/www.webdo.tn\/fr\/wp-content\/uploads\/2025\/06\/Webdo-Tunisie_168377.jpg","contentUrl":"https:\/\/www.webdo.tn\/fr\/wp-content\/uploads\/2025\/06\/Webdo-Tunisie_168377.jpg","width":301,"height":301,"caption":"Webdo"},"image":{"@id":"https:\/\/www.webdo.tn\/fr\/#\/schema\/logo\/image\/"},"sameAs":["https:\/\/www.facebook.com\/webdotn","https:\/\/x.com\/webdo_tn"],"description":"Webdo est un m\u00e9dia num\u00e9rique tunisien fond\u00e9 en 2010, sp\u00e9cialis\u00e9 dans l\u2019actualit\u00e9 nationale et internationale, l\u2019\u00e9conomie, la soci\u00e9t\u00e9 et les analyses politiques. Le site s\u2019adresse \u00e0 un large public francophone et couvre l\u2019information tunisienne en temps r\u00e9el.","email":"redac@webdo.tn","legalName":"YNJ SARL","foundingDate":"2010-09-06","numberOfEmployees":{"@type":"QuantitativeValue","minValue":"11","maxValue":"50"}},{"@type":"Person","@id":"https:\/\/www.webdo.tn\/fr\/#\/schema\/person\/2c4929cbf5a809e3bd38617c6ce150f6","name":"MC","image":{"@type":"ImageObject","inLanguage":"fr-FR","@id":"https:\/\/secure.gravatar.com\/avatar\/a545bbb6f84efdd5553dbbc2895e3ca8f1d12c5215e00a041c9670b54aa9b18a?s=96&d=mm&r=g","url":"https:\/\/secure.gravatar.com\/avatar\/a545bbb6f84efdd5553dbbc2895e3ca8f1d12c5215e00a041c9670b54aa9b18a?s=96&d=mm&r=g","contentUrl":"https:\/\/secure.gravatar.com\/avatar\/a545bbb6f84efdd5553dbbc2895e3ca8f1d12c5215e00a041c9670b54aa9b18a?s=96&d=mm&r=g","caption":"MC"},"url":"https:\/\/www.webdo.tn\/fr\/actualite\/author\/mc\/"}]}},"_links":{"self":[{"href":"https:\/\/www.webdo.tn\/fr\/wp-json\/wp\/v2\/posts\/219223","targetHints":{"allow":["GET"]}}],"collection":[{"href":"https:\/\/www.webdo.tn\/fr\/wp-json\/wp\/v2\/posts"}],"about":[{"href":"https:\/\/www.webdo.tn\/fr\/wp-json\/wp\/v2\/types\/post"}],"author":[{"embeddable":true,"href":"https:\/\/www.webdo.tn\/fr\/wp-json\/wp\/v2\/users\/3162"}],"replies":[{"embeddable":true,"href":"https:\/\/www.webdo.tn\/fr\/wp-json\/wp\/v2\/comments?post=219223"}],"version-history":[{"count":0,"href":"https:\/\/www.webdo.tn\/fr\/wp-json\/wp\/v2\/posts\/219223\/revisions"}],"wp:featuredmedia":[{"embeddable":true,"href":"https:\/\/www.webdo.tn\/fr\/wp-json\/wp\/v2\/media\/242752"}],"wp:attachment":[{"href":"https:\/\/www.webdo.tn\/fr\/wp-json\/wp\/v2\/media?parent=219223"}],"wp:term":[{"taxonomy":"category","embeddable":true,"href":"https:\/\/www.webdo.tn\/fr\/wp-json\/wp\/v2\/categories?post=219223"},{"taxonomy":"post_tag","embeddable":true,"href":"https:\/\/www.webdo.tn\/fr\/wp-json\/wp\/v2\/tags?post=219223"}],"curies":[{"name":"wp","href":"https:\/\/api.w.org\/{rel}","templated":true}]}}