{"id":219221,"date":"2025-01-21T08:20:00","date_gmt":"2025-01-21T08:20:00","guid":{"rendered":"https:\/\/www.webdo.tn\/fr\/blog\/2025\/01\/21\/trump-de-retour-a-la-maison-blanche-une-avalanche-de-decrets\/"},"modified":"2025-05-20T22:20:28","modified_gmt":"2025-05-20T22:20:28","slug":"trump-de-retour-a-la-maison-blanche-une-avalanche-de-decrets","status":"publish","type":"post","link":"https:\/\/www.webdo.tn\/fr\/actualite\/international\/trump-de-retour-a-la-maison-blanche-une-avalanche-de-decrets\/219221\/","title":{"rendered":"Trump de retour \u00e0 la Maison-Blanche : Une avalanche de d\u00e9crets !"},"content":{"rendered":"<p>Le nouveau pr\u00e9sident am\u00e9ricain, Donald Trump, a retrouv\u00e9 la Maison-Blanche avec fracas, apr\u00e8s avoir proclam\u00e9 lors de son discours d&rsquo;investiture que \u00ab l&rsquo;\u00e2ge d&rsquo;or de l&rsquo;Am\u00e9rique commence maintenant \u00bb. Fid\u00e8le \u00e0 son style caract\u00e9ristique, il a rapidement mis en place une s\u00e9rie de mesures marquantes.<\/p>\n<p>\u00a0<br \/>\nParmi les premiers d\u00e9crets sign\u00e9s, celui accordant la gr\u00e2ce pr\u00e9sidentielle \u00e0 environ 1 500 personnes condamn\u00e9es pour leur r\u00f4le dans l&rsquo;assaut du Capitole le 6 janvier 2021. Les qualifiant d&rsquo; \u00ab otages \u00bb, Trump a justifi\u00e9 cette mesure en affirmant vouloir r\u00e9parer une \u00ab injustice \u00bb. Cette d\u00e9cision a provoqu\u00e9 une vague de critiques, tant au sein de l&rsquo;opposition que chez certains r\u00e9publicains.<\/p>\n<p>En mati\u00e8re \u00e9conomique, Donald Trump a pris des mesures \u00e0 la fois symboliques et concr\u00e8tes. Il a sign\u00e9 un m\u00e9morandum ordonnant aux agences f\u00e9d\u00e9rales de contr\u00f4ler l&rsquo;inflation en abrogeant certaines r\u00e9glementations de l&rsquo;\u00e8re Biden. Il a \u00e9galement all\u00e9g\u00e9 les contraintes pesant sur la production de p\u00e9trole et de gaz naturel, promettant une baisse des co\u00fbts pour les consommateurs.<\/p>\n<p>En parall\u00e8le, le pr\u00e9sident a annonc\u00e9 la mise en place de droits de douane de 25 % sur les importations en provenance du Canada et du Mexique \u00e0 compter du 1er f\u00e9vrier. Aucun d\u00e9tail n&rsquo;a \u00e9t\u00e9 fourni concernant les \u00e9changes commerciaux avec la Chine, laissant planer une incertitude sur cette question sensible.<\/p>\n<p>Immigration : un retour aux politiques du pass\u00e9<\/p>\n<p>Sur le front de l&rsquo;immigration, Donald Trump a annul\u00e9 plusieurs d\u00e9crets de son pr\u00e9d\u00e9cesseur, notamment celui r\u00e9duisant le champ d&rsquo;application des expulsions. Il a annonc\u00e9 le lancement du \u00ab plus grand programme d&rsquo;expulsion de l&rsquo;histoire des \u00c9tats-Unis \u00bb et d\u00e9clar\u00e9 une urgence nationale \u00e0 la fronti\u00e8re avec le Mexique. Cette mesure inclut le d\u00e9ploiement de troupes pour renforcer la s\u00e9curit\u00e9 et restreindre l&rsquo;acc\u00e8s \u00e0 l&rsquo;asile.<\/p>\n<p>Sur le plan environnemental, Trump a confirm\u00e9 le retrait des \u00c9tats-Unis des accords de Paris sur le climat, une d\u00e9cision qu&rsquo;il avait d\u00e9j\u00e0 prise lors de son premier mandat et que Joe Biden avait annul\u00e9e. Le pr\u00e9sident a \u00e9galement d\u00e9clar\u00e9 une urgence \u00e9nerg\u00e9tique nationale, affirmant vouloir encourager la production nationale de p\u00e9trole et de gaz. Dans le cadre de cette strat\u00e9gie, il pr\u00e9voit de supprimer les obligations impos\u00e9es par l&rsquo;administration Biden en faveur des v\u00e9hicules \u00e9lectriques.<\/p>\n<p>Symboles et gesticulations politiques<\/p>\n<p>En guise de gestes symboliques, Trump a annonc\u00e9 la renomination du golfe du Mexique en \u00ab golfe d&rsquo;Am\u00e9rique \u00bb et le retour au nom \u00ab mont McKinley \u00bb pour la plus haute montagne d&rsquo;Am\u00e9rique du Nord, remettant ainsi en cause les d\u00e9cisions de pr\u00e9sidents pr\u00e9c\u00e9dents.<\/p>\n<p>Enfin, Trump a sign\u00e9 un d\u00e9cret suspendant l&rsquo;interdiction de TikTok pendant 75 jours. Cette p\u00e9riode devrait permettre de n\u00e9gocier un accord pour trouver un acqu\u00e9reur am\u00e9ricain, conciliant s\u00e9curit\u00e9 nationale et acc\u00e8s \u00e0 la plateforme populaire.<\/p>\n<p>Avec cette avalanche de d\u00e9crets, Donald Trump montre qu&rsquo;il est d\u00e9termin\u00e9 \u00e0 r\u00e9tablir ses priorits tout en r\u00e9activant les controverses qui ont marqu\u00e9 son premier mandat. Reste \u00e0 voir si ces d\u00e9cisions seront suffisantes pour concr\u00e9tiser son ambition de \u00ab restaurer l&rsquo;\u00e2ge d&rsquo;or de l&rsquo;Am\u00e9rique \u00bb.<br \/>\n\u00c9crire&#8230;<\/p>\n","protected":false},"excerpt":{"rendered":"<p>Parmi les premiers d\u00e9crets sign\u00e9s, celui accordant la gr\u00e2ce pr\u00e9sidentielle \u00e0 environ 1 500 personnes condamn\u00e9es pour leur r\u00f4le dans l&rsquo;assaut du Capitole le 6 ja&#8230;<\/p>\n","protected":false},"author":3163,"featured_media":242746,"comment_status":"open","ping_status":"open","sticky":false,"template":"","format":"standard","meta":{"footnotes":""},"categories":[2598],"tags":[3766,3035,3309],"class_list":["post-219221","post","type-post","status-publish","format-standard","has-post-thumbnail","hentry","category-international","tag-decret","tag-etats-unis","tag-trump"],"yoast_head":"<!-- This site is optimized with the Yoast SEO Premium plugin v27.5 (Yoast SEO v27.5) - https:\/\/yoast.com\/product\/yoast-seo-premium-wordpress\/ -->\n<title>Trump de retour \u00e0 la Maison-Blanche : Une avalanche de d\u00e9crets !<\/title>\n<meta name=\"description\" content=\"Parmi les premiers d\u00e9crets sign\u00e9s, celui accordant la gr\u00e2ce pr\u00e9sidentielle \u00e0 environ 1 500 personnes condamn\u00e9es pour leur r\u00f4le dans l&#039;assaut du Capitole le 6 ja...\" \/>\n<link rel=\"canonical\" href=\"https:\/\/www.webdo.tn\/fr\/actualite\/international\/trump-de-retour-a-la-maison-blanche-une-avalanche-de-decrets\/219221\/\" \/>\n<meta property=\"og:locale\" content=\"fr_FR\" \/>\n<meta property=\"og:type\" content=\"article\" \/>\n<meta property=\"og:title\" content=\"Trump de retour \u00e0 la Maison-Blanche : Une avalanche de d\u00e9crets !\" \/>\n<meta property=\"og:description\" content=\"Parmi les premiers d\u00e9crets sign\u00e9s, celui accordant la gr\u00e2ce pr\u00e9sidentielle \u00e0 environ 1 500 personnes condamn\u00e9es pour leur r\u00f4le dans l&#039;assaut du Capitole le 6 ja...\" \/>\n<meta property=\"og:url\" content=\"https:\/\/www.webdo.tn\/fr\/actualite\/international\/trump-de-retour-a-la-maison-blanche-une-avalanche-de-decrets\/219221\/\" \/>\n<meta property=\"og:site_name\" content=\"webdo\" \/>\n<meta property=\"article:publisher\" content=\"https:\/\/www.facebook.com\/webdotn\" \/>\n<meta property=\"article:published_time\" content=\"2025-01-21T08:20:00+00:00\" \/>\n<meta property=\"article:modified_time\" content=\"2025-05-20T22:20:28+00:00\" \/>\n<meta property=\"og:image\" content=\"https:\/\/www.webdo.tn\/fr\/wp-content\/uploads\/2025\/05\/f70bb328a660888bf25dd874e1dadbd5-2.webp\" \/>\n\t<meta property=\"og:image:width\" content=\"750\" \/>\n\t<meta property=\"og:image:height\" content=\"400\" \/>\n\t<meta property=\"og:image:type\" content=\"image\/webp\" \/>\n<meta name=\"author\" content=\"KJ\" \/>\n<meta name=\"twitter:card\" content=\"summary_large_image\" \/>\n<meta name=\"twitter:creator\" content=\"@webdo_tn\" \/>\n<meta name=\"twitter:site\" content=\"@webdo_tn\" \/>\n<meta name=\"twitter:label1\" content=\"\u00c9crit par\" \/>\n\t<meta name=\"twitter:data1\" content=\"KJ\" \/>\n\t<meta name=\"twitter:label2\" content=\"Dur\u00e9e de lecture estim\u00e9e\" \/>\n\t<meta name=\"twitter:data2\" content=\"3 minutes\" \/>\n<script type=\"application\/ld+json\" class=\"yoast-schema-graph\">{\"@context\":\"https:\\\/\\\/schema.org\",\"@graph\":[{\"@type\":\"NewsArticle\",\"@id\":\"https:\\\/\\\/www.webdo.tn\\\/fr\\\/actualite\\\/international\\\/trump-de-retour-a-la-maison-blanche-une-avalanche-de-decrets\\\/219221\\\/#article\",\"isPartOf\":{\"@id\":\"https:\\\/\\\/www.webdo.tn\\\/fr\\\/actualite\\\/international\\\/trump-de-retour-a-la-maison-blanche-une-avalanche-de-decrets\\\/219221\\\/\"},\"author\":{\"name\":\"KJ\",\"@id\":\"https:\\\/\\\/www.webdo.tn\\\/fr\\\/#\\\/schema\\\/person\\\/82ca085b22037d285e1a3c4b65ba5f71\"},\"headline\":\"Trump de retour \u00e0 la Maison-Blanche : Une avalanche de d\u00e9crets !\",\"datePublished\":\"2025-01-21T08:20:00+00:00\",\"dateModified\":\"2025-05-20T22:20:28+00:00\",\"mainEntityOfPage\":{\"@id\":\"https:\\\/\\\/www.webdo.tn\\\/fr\\\/actualite\\\/international\\\/trump-de-retour-a-la-maison-blanche-une-avalanche-de-decrets\\\/219221\\\/\"},\"wordCount\":571,\"commentCount\":0,\"publisher\":{\"@id\":\"https:\\\/\\\/www.webdo.tn\\\/fr\\\/#organization\"},\"image\":{\"@id\":\"https:\\\/\\\/www.webdo.tn\\\/fr\\\/actualite\\\/international\\\/trump-de-retour-a-la-maison-blanche-une-avalanche-de-decrets\\\/219221\\\/#primaryimage\"},\"thumbnailUrl\":\"https:\\\/\\\/www.webdo.tn\\\/fr\\\/wp-content\\\/uploads\\\/2025\\\/05\\\/f70bb328a660888bf25dd874e1dadbd5-2.webp\",\"keywords\":[\"D\u00e9cret\",\"Etats-Unis\",\"trump\"],\"articleSection\":[\"International\"],\"inLanguage\":\"fr-FR\"},{\"@type\":\"WebPage\",\"@id\":\"https:\\\/\\\/www.webdo.tn\\\/fr\\\/actualite\\\/international\\\/trump-de-retour-a-la-maison-blanche-une-avalanche-de-decrets\\\/219221\\\/\",\"url\":\"https:\\\/\\\/www.webdo.tn\\\/fr\\\/actualite\\\/international\\\/trump-de-retour-a-la-maison-blanche-une-avalanche-de-decrets\\\/219221\\\/\",\"name\":\"Trump de retour \u00e0 la Maison-Blanche : Une avalanche de d\u00e9crets !\",\"isPartOf\":{\"@id\":\"https:\\\/\\\/www.webdo.tn\\\/fr\\\/#website\"},\"primaryImageOfPage\":{\"@id\":\"https:\\\/\\\/www.webdo.tn\\\/fr\\\/actualite\\\/international\\\/trump-de-retour-a-la-maison-blanche-une-avalanche-de-decrets\\\/219221\\\/#primaryimage\"},\"image\":{\"@id\":\"https:\\\/\\\/www.webdo.tn\\\/fr\\\/actualite\\\/international\\\/trump-de-retour-a-la-maison-blanche-une-avalanche-de-decrets\\\/219221\\\/#primaryimage\"},\"thumbnailUrl\":\"https:\\\/\\\/www.webdo.tn\\\/fr\\\/wp-content\\\/uploads\\\/2025\\\/05\\\/f70bb328a660888bf25dd874e1dadbd5-2.webp\",\"datePublished\":\"2025-01-21T08:20:00+00:00\",\"dateModified\":\"2025-05-20T22:20:28+00:00\",\"description\":\"Parmi les premiers d\u00e9crets sign\u00e9s, celui accordant la gr\u00e2ce pr\u00e9sidentielle \u00e0 environ 1 500 personnes condamn\u00e9es pour leur r\u00f4le dans l'assaut du Capitole le 6 ja...\",\"breadcrumb\":{\"@id\":\"https:\\\/\\\/www.webdo.tn\\\/fr\\\/actualite\\\/international\\\/trump-de-retour-a-la-maison-blanche-une-avalanche-de-decrets\\\/219221\\\/#breadcrumb\"},\"inLanguage\":\"fr-FR\",\"potentialAction\":[{\"@type\":\"ReadAction\",\"target\":[\"https:\\\/\\\/www.webdo.tn\\\/fr\\\/actualite\\\/international\\\/trump-de-retour-a-la-maison-blanche-une-avalanche-de-decrets\\\/219221\\\/\"]}]},{\"@type\":\"ImageObject\",\"inLanguage\":\"fr-FR\",\"@id\":\"https:\\\/\\\/www.webdo.tn\\\/fr\\\/actualite\\\/international\\\/trump-de-retour-a-la-maison-blanche-une-avalanche-de-decrets\\\/219221\\\/#primaryimage\",\"url\":\"https:\\\/\\\/www.webdo.tn\\\/fr\\\/wp-content\\\/uploads\\\/2025\\\/05\\\/f70bb328a660888bf25dd874e1dadbd5-2.webp\",\"contentUrl\":\"https:\\\/\\\/www.webdo.tn\\\/fr\\\/wp-content\\\/uploads\\\/2025\\\/05\\\/f70bb328a660888bf25dd874e1dadbd5-2.webp\",\"width\":750,\"height\":400},{\"@type\":\"BreadcrumbList\",\"@id\":\"https:\\\/\\\/www.webdo.tn\\\/fr\\\/actualite\\\/international\\\/trump-de-retour-a-la-maison-blanche-une-avalanche-de-decrets\\\/219221\\\/#breadcrumb\",\"itemListElement\":[{\"@type\":\"ListItem\",\"position\":1,\"name\":\"Accueil\",\"item\":\"https:\\\/\\\/www.webdo.tn\\\/fr\\\/\"},{\"@type\":\"ListItem\",\"position\":2,\"name\":\"Trump de retour \u00e0 la Maison-Blanche : Une avalanche de d\u00e9crets !\"}]},{\"@type\":\"WebSite\",\"@id\":\"https:\\\/\\\/www.webdo.tn\\\/fr\\\/#website\",\"url\":\"https:\\\/\\\/www.webdo.tn\\\/fr\\\/\",\"name\":\"webdo\",\"description\":\"Tunisie - News en Tunisie et \u00e0 l&#039;international sur Webdo.tn\",\"publisher\":{\"@id\":\"https:\\\/\\\/www.webdo.tn\\\/fr\\\/#organization\"},\"potentialAction\":[{\"@type\":\"SearchAction\",\"target\":{\"@type\":\"EntryPoint\",\"urlTemplate\":\"https:\\\/\\\/www.webdo.tn\\\/fr\\\/?s={search_term_string}\"},\"query-input\":{\"@type\":\"PropertyValueSpecification\",\"valueRequired\":true,\"valueName\":\"search_term_string\"}}],\"inLanguage\":\"fr-FR\"},{\"@type\":\"Organization\",\"@id\":\"https:\\\/\\\/www.webdo.tn\\\/fr\\\/#organization\",\"name\":\"Webdo\",\"alternateName\":\"Webdo.tn\",\"url\":\"https:\\\/\\\/www.webdo.tn\\\/fr\\\/\",\"logo\":{\"@type\":\"ImageObject\",\"inLanguage\":\"fr-FR\",\"@id\":\"https:\\\/\\\/www.webdo.tn\\\/fr\\\/#\\\/schema\\\/logo\\\/image\\\/\",\"url\":\"https:\\\/\\\/www.webdo.tn\\\/fr\\\/wp-content\\\/uploads\\\/2025\\\/06\\\/Webdo-Tunisie_168377.jpg\",\"contentUrl\":\"https:\\\/\\\/www.webdo.tn\\\/fr\\\/wp-content\\\/uploads\\\/2025\\\/06\\\/Webdo-Tunisie_168377.jpg\",\"width\":301,\"height\":301,\"caption\":\"Webdo\"},\"image\":{\"@id\":\"https:\\\/\\\/www.webdo.tn\\\/fr\\\/#\\\/schema\\\/logo\\\/image\\\/\"},\"sameAs\":[\"https:\\\/\\\/www.facebook.com\\\/webdotn\",\"https:\\\/\\\/x.com\\\/webdo_tn\"],\"description\":\"Webdo est un m\u00e9dia num\u00e9rique tunisien fond\u00e9 en 2010, sp\u00e9cialis\u00e9 dans l\u2019actualit\u00e9 nationale et internationale, l\u2019\u00e9conomie, la soci\u00e9t\u00e9 et les analyses politiques. Le site s\u2019adresse \u00e0 un large public francophone et couvre l\u2019information tunisienne en temps r\u00e9el.\",\"email\":\"redac@webdo.tn\",\"legalName\":\"YNJ SARL\",\"foundingDate\":\"2010-09-06\",\"numberOfEmployees\":{\"@type\":\"QuantitativeValue\",\"minValue\":\"11\",\"maxValue\":\"50\"}},{\"@type\":\"Person\",\"@id\":\"https:\\\/\\\/www.webdo.tn\\\/fr\\\/#\\\/schema\\\/person\\\/82ca085b22037d285e1a3c4b65ba5f71\",\"name\":\"KJ\",\"image\":{\"@type\":\"ImageObject\",\"inLanguage\":\"fr-FR\",\"@id\":\"https:\\\/\\\/secure.gravatar.com\\\/avatar\\\/1a1320de1c1971c893f00068f760b4113d69504aa21273da17ee95650c5944fd?s=96&d=mm&r=g\",\"url\":\"https:\\\/\\\/secure.gravatar.com\\\/avatar\\\/1a1320de1c1971c893f00068f760b4113d69504aa21273da17ee95650c5944fd?s=96&d=mm&r=g\",\"contentUrl\":\"https:\\\/\\\/secure.gravatar.com\\\/avatar\\\/1a1320de1c1971c893f00068f760b4113d69504aa21273da17ee95650c5944fd?s=96&d=mm&r=g\",\"caption\":\"KJ\"},\"url\":\"https:\\\/\\\/www.webdo.tn\\\/fr\\\/actualite\\\/author\\\/kj\\\/\"}]}<\/script>\n<!-- \/ Yoast SEO Premium plugin. -->","yoast_head_json":{"title":"Trump de retour \u00e0 la Maison-Blanche : Une avalanche de d\u00e9crets !","description":"Parmi les premiers d\u00e9crets sign\u00e9s, celui accordant la gr\u00e2ce pr\u00e9sidentielle \u00e0 environ 1 500 personnes condamn\u00e9es pour leur r\u00f4le dans l'assaut du Capitole le 6 ja...","canonical":"https:\/\/www.webdo.tn\/fr\/actualite\/international\/trump-de-retour-a-la-maison-blanche-une-avalanche-de-decrets\/219221\/","og_locale":"fr_FR","og_type":"article","og_title":"Trump de retour \u00e0 la Maison-Blanche : Une avalanche de d\u00e9crets !","og_description":"Parmi les premiers d\u00e9crets sign\u00e9s, celui accordant la gr\u00e2ce pr\u00e9sidentielle \u00e0 environ 1 500 personnes condamn\u00e9es pour leur r\u00f4le dans l'assaut du Capitole le 6 ja...","og_url":"https:\/\/www.webdo.tn\/fr\/actualite\/international\/trump-de-retour-a-la-maison-blanche-une-avalanche-de-decrets\/219221\/","og_site_name":"webdo","article_publisher":"https:\/\/www.facebook.com\/webdotn","article_published_time":"2025-01-21T08:20:00+00:00","article_modified_time":"2025-05-20T22:20:28+00:00","og_image":[{"width":750,"height":400,"url":"https:\/\/www.webdo.tn\/fr\/wp-content\/uploads\/2025\/05\/f70bb328a660888bf25dd874e1dadbd5-2.webp","type":"image\/webp"}],"author":"KJ","twitter_card":"summary_large_image","twitter_creator":"@webdo_tn","twitter_site":"@webdo_tn","twitter_misc":{"\u00c9crit par":"KJ","Dur\u00e9e de lecture estim\u00e9e":"3 minutes"},"schema":{"@context":"https:\/\/schema.org","@graph":[{"@type":"NewsArticle","@id":"https:\/\/www.webdo.tn\/fr\/actualite\/international\/trump-de-retour-a-la-maison-blanche-une-avalanche-de-decrets\/219221\/#article","isPartOf":{"@id":"https:\/\/www.webdo.tn\/fr\/actualite\/international\/trump-de-retour-a-la-maison-blanche-une-avalanche-de-decrets\/219221\/"},"author":{"name":"KJ","@id":"https:\/\/www.webdo.tn\/fr\/#\/schema\/person\/82ca085b22037d285e1a3c4b65ba5f71"},"headline":"Trump de retour \u00e0 la Maison-Blanche : Une avalanche de d\u00e9crets !","datePublished":"2025-01-21T08:20:00+00:00","dateModified":"2025-05-20T22:20:28+00:00","mainEntityOfPage":{"@id":"https:\/\/www.webdo.tn\/fr\/actualite\/international\/trump-de-retour-a-la-maison-blanche-une-avalanche-de-decrets\/219221\/"},"wordCount":571,"commentCount":0,"publisher":{"@id":"https:\/\/www.webdo.tn\/fr\/#organization"},"image":{"@id":"https:\/\/www.webdo.tn\/fr\/actualite\/international\/trump-de-retour-a-la-maison-blanche-une-avalanche-de-decrets\/219221\/#primaryimage"},"thumbnailUrl":"https:\/\/www.webdo.tn\/fr\/wp-content\/uploads\/2025\/05\/f70bb328a660888bf25dd874e1dadbd5-2.webp","keywords":["D\u00e9cret","Etats-Unis","trump"],"articleSection":["International"],"inLanguage":"fr-FR"},{"@type":"WebPage","@id":"https:\/\/www.webdo.tn\/fr\/actualite\/international\/trump-de-retour-a-la-maison-blanche-une-avalanche-de-decrets\/219221\/","url":"https:\/\/www.webdo.tn\/fr\/actualite\/international\/trump-de-retour-a-la-maison-blanche-une-avalanche-de-decrets\/219221\/","name":"Trump de retour \u00e0 la Maison-Blanche : Une avalanche de d\u00e9crets !","isPartOf":{"@id":"https:\/\/www.webdo.tn\/fr\/#website"},"primaryImageOfPage":{"@id":"https:\/\/www.webdo.tn\/fr\/actualite\/international\/trump-de-retour-a-la-maison-blanche-une-avalanche-de-decrets\/219221\/#primaryimage"},"image":{"@id":"https:\/\/www.webdo.tn\/fr\/actualite\/international\/trump-de-retour-a-la-maison-blanche-une-avalanche-de-decrets\/219221\/#primaryimage"},"thumbnailUrl":"https:\/\/www.webdo.tn\/fr\/wp-content\/uploads\/2025\/05\/f70bb328a660888bf25dd874e1dadbd5-2.webp","datePublished":"2025-01-21T08:20:00+00:00","dateModified":"2025-05-20T22:20:28+00:00","description":"Parmi les premiers d\u00e9crets sign\u00e9s, celui accordant la gr\u00e2ce pr\u00e9sidentielle \u00e0 environ 1 500 personnes condamn\u00e9es pour leur r\u00f4le dans l'assaut du Capitole le 6 ja...","breadcrumb":{"@id":"https:\/\/www.webdo.tn\/fr\/actualite\/international\/trump-de-retour-a-la-maison-blanche-une-avalanche-de-decrets\/219221\/#breadcrumb"},"inLanguage":"fr-FR","potentialAction":[{"@type":"ReadAction","target":["https:\/\/www.webdo.tn\/fr\/actualite\/international\/trump-de-retour-a-la-maison-blanche-une-avalanche-de-decrets\/219221\/"]}]},{"@type":"ImageObject","inLanguage":"fr-FR","@id":"https:\/\/www.webdo.tn\/fr\/actualite\/international\/trump-de-retour-a-la-maison-blanche-une-avalanche-de-decrets\/219221\/#primaryimage","url":"https:\/\/www.webdo.tn\/fr\/wp-content\/uploads\/2025\/05\/f70bb328a660888bf25dd874e1dadbd5-2.webp","contentUrl":"https:\/\/www.webdo.tn\/fr\/wp-content\/uploads\/2025\/05\/f70bb328a660888bf25dd874e1dadbd5-2.webp","width":750,"height":400},{"@type":"BreadcrumbList","@id":"https:\/\/www.webdo.tn\/fr\/actualite\/international\/trump-de-retour-a-la-maison-blanche-une-avalanche-de-decrets\/219221\/#breadcrumb","itemListElement":[{"@type":"ListItem","position":1,"name":"Accueil","item":"https:\/\/www.webdo.tn\/fr\/"},{"@type":"ListItem","position":2,"name":"Trump de retour \u00e0 la Maison-Blanche : Une avalanche de d\u00e9crets !"}]},{"@type":"WebSite","@id":"https:\/\/www.webdo.tn\/fr\/#website","url":"https:\/\/www.webdo.tn\/fr\/","name":"webdo","description":"Tunisie - News en Tunisie et \u00e0 l&#039;international sur Webdo.tn","publisher":{"@id":"https:\/\/www.webdo.tn\/fr\/#organization"},"potentialAction":[{"@type":"SearchAction","target":{"@type":"EntryPoint","urlTemplate":"https:\/\/www.webdo.tn\/fr\/?s={search_term_string}"},"query-input":{"@type":"PropertyValueSpecification","valueRequired":true,"valueName":"search_term_string"}}],"inLanguage":"fr-FR"},{"@type":"Organization","@id":"https:\/\/www.webdo.tn\/fr\/#organization","name":"Webdo","alternateName":"Webdo.tn","url":"https:\/\/www.webdo.tn\/fr\/","logo":{"@type":"ImageObject","inLanguage":"fr-FR","@id":"https:\/\/www.webdo.tn\/fr\/#\/schema\/logo\/image\/","url":"https:\/\/www.webdo.tn\/fr\/wp-content\/uploads\/2025\/06\/Webdo-Tunisie_168377.jpg","contentUrl":"https:\/\/www.webdo.tn\/fr\/wp-content\/uploads\/2025\/06\/Webdo-Tunisie_168377.jpg","width":301,"height":301,"caption":"Webdo"},"image":{"@id":"https:\/\/www.webdo.tn\/fr\/#\/schema\/logo\/image\/"},"sameAs":["https:\/\/www.facebook.com\/webdotn","https:\/\/x.com\/webdo_tn"],"description":"Webdo est un m\u00e9dia num\u00e9rique tunisien fond\u00e9 en 2010, sp\u00e9cialis\u00e9 dans l\u2019actualit\u00e9 nationale et internationale, l\u2019\u00e9conomie, la soci\u00e9t\u00e9 et les analyses politiques. Le site s\u2019adresse \u00e0 un large public francophone et couvre l\u2019information tunisienne en temps r\u00e9el.","email":"redac@webdo.tn","legalName":"YNJ SARL","foundingDate":"2010-09-06","numberOfEmployees":{"@type":"QuantitativeValue","minValue":"11","maxValue":"50"}},{"@type":"Person","@id":"https:\/\/www.webdo.tn\/fr\/#\/schema\/person\/82ca085b22037d285e1a3c4b65ba5f71","name":"KJ","image":{"@type":"ImageObject","inLanguage":"fr-FR","@id":"https:\/\/secure.gravatar.com\/avatar\/1a1320de1c1971c893f00068f760b4113d69504aa21273da17ee95650c5944fd?s=96&d=mm&r=g","url":"https:\/\/secure.gravatar.com\/avatar\/1a1320de1c1971c893f00068f760b4113d69504aa21273da17ee95650c5944fd?s=96&d=mm&r=g","contentUrl":"https:\/\/secure.gravatar.com\/avatar\/1a1320de1c1971c893f00068f760b4113d69504aa21273da17ee95650c5944fd?s=96&d=mm&r=g","caption":"KJ"},"url":"https:\/\/www.webdo.tn\/fr\/actualite\/author\/kj\/"}]}},"_links":{"self":[{"href":"https:\/\/www.webdo.tn\/fr\/wp-json\/wp\/v2\/posts\/219221","targetHints":{"allow":["GET"]}}],"collection":[{"href":"https:\/\/www.webdo.tn\/fr\/wp-json\/wp\/v2\/posts"}],"about":[{"href":"https:\/\/www.webdo.tn\/fr\/wp-json\/wp\/v2\/types\/post"}],"author":[{"embeddable":true,"href":"https:\/\/www.webdo.tn\/fr\/wp-json\/wp\/v2\/users\/3163"}],"replies":[{"embeddable":true,"href":"https:\/\/www.webdo.tn\/fr\/wp-json\/wp\/v2\/comments?post=219221"}],"version-history":[{"count":0,"href":"https:\/\/www.webdo.tn\/fr\/wp-json\/wp\/v2\/posts\/219221\/revisions"}],"wp:featuredmedia":[{"embeddable":true,"href":"https:\/\/www.webdo.tn\/fr\/wp-json\/wp\/v2\/media\/242746"}],"wp:attachment":[{"href":"https:\/\/www.webdo.tn\/fr\/wp-json\/wp\/v2\/media?parent=219221"}],"wp:term":[{"taxonomy":"category","embeddable":true,"href":"https:\/\/www.webdo.tn\/fr\/wp-json\/wp\/v2\/categories?post=219221"},{"taxonomy":"post_tag","embeddable":true,"href":"https:\/\/www.webdo.tn\/fr\/wp-json\/wp\/v2\/tags?post=219221"}],"curies":[{"name":"wp","href":"https:\/\/api.w.org\/{rel}","templated":true}]}}