{"id":219220,"date":"2025-01-21T08:03:00","date_gmt":"2025-01-21T08:03:00","guid":{"rendered":"https:\/\/www.webdo.tn\/fr\/blog\/2025\/01\/21\/sousse-blocage-d-un-camion-de-gaz-un-conducteur-en-prison\/"},"modified":"2025-05-20T22:20:27","modified_gmt":"2025-05-20T22:20:27","slug":"sousse-blocage-d-un-camion-de-gaz-un-conducteur-en-prison","status":"publish","type":"post","link":"https:\/\/www.webdo.tn\/fr\/actualite\/national\/sousse-blocage-d-un-camion-de-gaz-un-conducteur-en-prison\/219220\/","title":{"rendered":"Sousse : Blocage d\u2019un camion de gaz, un conducteur en prison"},"content":{"rendered":"<p>La porte-parole du tribunal de premi\u00e8re instance de Sousse 2, Hajer Aich, a annonc\u00e9 que le minist\u00e8re public aupr\u00e8s du m\u00eame tribunal a \u00e9mis, ce lundi, un mandat de d\u00e9p\u00f4t \u00e0 l\u2019encontre du propri\u00e9taire d\u2019un v\u00e9hicule qui avait, dimanche dernier, intercept\u00e9 un camion transportant des bonbonnes de gaz domestique.\u00a0<\/p>\n<p>\t\t\t\t\t\t\t\t\tL&rsquo;accus\u00e9 a \u00e9t\u00e9 renvoy\u00e9 devant la chambre correctionnelle du tribunal pour r\u00e9pondre des charges d&rsquo;atteinte pr\u00e9m\u00e9dit\u00e9e \u00e0 la circulation et d&rsquo;entrave \u00e0 la libert\u00e9 de travail.<\/p>\n<p>Dans une d\u00e9claration \u00e0 l&rsquo;agence TAP, Hajer Aich a pr\u00e9cis\u00e9 que le minist\u00e8re public avait ordonn\u00e9, dimanche, la mise en garde \u00e0 vue du propri\u00e9taire du v\u00e9hicule ainsi que la saisie de celui-ci dans le cadre de l\u2019enqu\u00eate.\u00a0<\/p>\n<p>Cette d\u00e9cision fait suite \u00e0 la diffusion d\u2019une vid\u00e9o sur les r\u00e9seaux sociaux montrant un v\u00e9hicule, accompagn\u00e9 d\u2019un groupe de motards, interceptant un camion de grande taille charg\u00e9 de bonbonnes de gaz domestique sur une route locale reliant les villes d\u2019Akouda et Kalaa Sghira.\u00a0Ces individus auraient tent\u00e9 d\u2019arr\u00eater le camion et de s\u2019emparer de sa cargaison.<\/p>\n<p>En effet, \u00e0 Kalaa Sghira, un \u00e9v\u00e9nement marquant avait \u00e9t\u00e9 signal\u00e9 : une tentative de braquage d&rsquo;un camion transportant des bonbonnes de gaz par un groupe d&rsquo;individus \u00e0 moto et par une voiture. L&rsquo;incident s&rsquo;est produit, dimanche 19 janvier, sur la route locale 819 reliant Akouda \u00e0 Kalaa Sghira.<\/p>\n<p>L&rsquo;intervention rapide de la Garde nationale a permis l&rsquo;arrestation des suspects impliqu\u00e9s.<\/p>\n","protected":false},"excerpt":{"rendered":"<p>L&rsquo;accus\u00e9 a \u00e9t\u00e9 renvoy\u00e9 devant la chambre correctionnelle du tribunal pour r\u00e9pondre des charges d&rsquo;atteinte pr\u00e9m\u00e9dit\u00e9e \u00e0 la circulation et d&rsquo;entrave \u00e0 la libert\u00e9&#8230;<\/p>\n","protected":false},"author":3163,"featured_media":242744,"comment_status":"open","ping_status":"open","sticky":false,"template":"","format":"standard","meta":{"footnotes":""},"categories":[44],"tags":[4320,4319,2608],"class_list":["post-219220","post","type-post","status-publish","format-standard","has-post-thumbnail","hentry","category-national","tag-bonbonnes-de-gaz","tag-braquage","tag-tunisie"],"yoast_head":"<!-- This site is optimized with the Yoast SEO Premium plugin v27.5 (Yoast SEO v27.5) - https:\/\/yoast.com\/product\/yoast-seo-premium-wordpress\/ -->\n<title>Sousse : Blocage d\u2019un camion de gaz, un conducteur en prison<\/title>\n<meta name=\"description\" content=\"L&#039;accus\u00e9 a \u00e9t\u00e9 renvoy\u00e9 devant la chambre correctionnelle du tribunal pour r\u00e9pondre des charges d&#039;atteinte pr\u00e9m\u00e9dit\u00e9e \u00e0 la circulation et d&#039;entrave \u00e0 la libert\u00e9...\" \/>\n<link rel=\"canonical\" href=\"https:\/\/www.webdo.tn\/fr\/actualite\/national\/sousse-blocage-d-un-camion-de-gaz-un-conducteur-en-prison\/219220\/\" \/>\n<meta property=\"og:locale\" content=\"fr_FR\" \/>\n<meta property=\"og:type\" content=\"article\" \/>\n<meta property=\"og:title\" content=\"Sousse : Blocage d\u2019un camion de gaz, un conducteur en prison\" \/>\n<meta property=\"og:description\" content=\"L&#039;accus\u00e9 a \u00e9t\u00e9 renvoy\u00e9 devant la chambre correctionnelle du tribunal pour r\u00e9pondre des charges d&#039;atteinte pr\u00e9m\u00e9dit\u00e9e \u00e0 la circulation et d&#039;entrave \u00e0 la libert\u00e9...\" \/>\n<meta property=\"og:url\" content=\"https:\/\/www.webdo.tn\/fr\/actualite\/national\/sousse-blocage-d-un-camion-de-gaz-un-conducteur-en-prison\/219220\/\" \/>\n<meta property=\"og:site_name\" content=\"webdo\" \/>\n<meta property=\"article:publisher\" content=\"https:\/\/www.facebook.com\/webdotn\" \/>\n<meta property=\"article:published_time\" content=\"2025-01-21T08:03:00+00:00\" \/>\n<meta property=\"article:modified_time\" content=\"2025-05-20T22:20:27+00:00\" \/>\n<meta property=\"og:image\" content=\"https:\/\/www.webdo.tn\/fr\/wp-content\/uploads\/2025\/05\/9860c6f94b98d0e5d96b6f883aabeccd-2.webp\" \/>\n\t<meta property=\"og:image:width\" content=\"720\" \/>\n\t<meta property=\"og:image:height\" content=\"384\" \/>\n\t<meta property=\"og:image:type\" content=\"image\/webp\" \/>\n<meta name=\"author\" content=\"KJ\" \/>\n<meta name=\"twitter:card\" content=\"summary_large_image\" \/>\n<meta name=\"twitter:creator\" content=\"@webdo_tn\" \/>\n<meta name=\"twitter:site\" content=\"@webdo_tn\" \/>\n<meta name=\"twitter:label1\" content=\"\u00c9crit par\" \/>\n\t<meta name=\"twitter:data1\" content=\"KJ\" \/>\n\t<meta name=\"twitter:label2\" content=\"Dur\u00e9e de lecture estim\u00e9e\" \/>\n\t<meta name=\"twitter:data2\" content=\"1 minute\" \/>\n<script type=\"application\/ld+json\" class=\"yoast-schema-graph\">{\"@context\":\"https:\\\/\\\/schema.org\",\"@graph\":[{\"@type\":\"NewsArticle\",\"@id\":\"https:\\\/\\\/www.webdo.tn\\\/fr\\\/actualite\\\/national\\\/sousse-blocage-d-un-camion-de-gaz-un-conducteur-en-prison\\\/219220\\\/#article\",\"isPartOf\":{\"@id\":\"https:\\\/\\\/www.webdo.tn\\\/fr\\\/actualite\\\/national\\\/sousse-blocage-d-un-camion-de-gaz-un-conducteur-en-prison\\\/219220\\\/\"},\"author\":{\"name\":\"KJ\",\"@id\":\"https:\\\/\\\/www.webdo.tn\\\/fr\\\/#\\\/schema\\\/person\\\/82ca085b22037d285e1a3c4b65ba5f71\"},\"headline\":\"Sousse : Blocage d\u2019un camion de gaz, un conducteur en prison\",\"datePublished\":\"2025-01-21T08:03:00+00:00\",\"dateModified\":\"2025-05-20T22:20:27+00:00\",\"mainEntityOfPage\":{\"@id\":\"https:\\\/\\\/www.webdo.tn\\\/fr\\\/actualite\\\/national\\\/sousse-blocage-d-un-camion-de-gaz-un-conducteur-en-prison\\\/219220\\\/\"},\"wordCount\":272,\"commentCount\":0,\"publisher\":{\"@id\":\"https:\\\/\\\/www.webdo.tn\\\/fr\\\/#organization\"},\"image\":{\"@id\":\"https:\\\/\\\/www.webdo.tn\\\/fr\\\/actualite\\\/national\\\/sousse-blocage-d-un-camion-de-gaz-un-conducteur-en-prison\\\/219220\\\/#primaryimage\"},\"thumbnailUrl\":\"https:\\\/\\\/www.webdo.tn\\\/fr\\\/wp-content\\\/uploads\\\/2025\\\/05\\\/9860c6f94b98d0e5d96b6f883aabeccd-2.webp\",\"keywords\":[\"Bonbonnes de gaz\",\"Braquage\",\"Tunisie\"],\"articleSection\":[\"National\"],\"inLanguage\":\"fr-FR\"},{\"@type\":\"WebPage\",\"@id\":\"https:\\\/\\\/www.webdo.tn\\\/fr\\\/actualite\\\/national\\\/sousse-blocage-d-un-camion-de-gaz-un-conducteur-en-prison\\\/219220\\\/\",\"url\":\"https:\\\/\\\/www.webdo.tn\\\/fr\\\/actualite\\\/national\\\/sousse-blocage-d-un-camion-de-gaz-un-conducteur-en-prison\\\/219220\\\/\",\"name\":\"Sousse : Blocage d\u2019un camion de gaz, un conducteur en prison\",\"isPartOf\":{\"@id\":\"https:\\\/\\\/www.webdo.tn\\\/fr\\\/#website\"},\"primaryImageOfPage\":{\"@id\":\"https:\\\/\\\/www.webdo.tn\\\/fr\\\/actualite\\\/national\\\/sousse-blocage-d-un-camion-de-gaz-un-conducteur-en-prison\\\/219220\\\/#primaryimage\"},\"image\":{\"@id\":\"https:\\\/\\\/www.webdo.tn\\\/fr\\\/actualite\\\/national\\\/sousse-blocage-d-un-camion-de-gaz-un-conducteur-en-prison\\\/219220\\\/#primaryimage\"},\"thumbnailUrl\":\"https:\\\/\\\/www.webdo.tn\\\/fr\\\/wp-content\\\/uploads\\\/2025\\\/05\\\/9860c6f94b98d0e5d96b6f883aabeccd-2.webp\",\"datePublished\":\"2025-01-21T08:03:00+00:00\",\"dateModified\":\"2025-05-20T22:20:27+00:00\",\"description\":\"L'accus\u00e9 a \u00e9t\u00e9 renvoy\u00e9 devant la chambre correctionnelle du tribunal pour r\u00e9pondre des charges d'atteinte pr\u00e9m\u00e9dit\u00e9e \u00e0 la circulation et d'entrave \u00e0 la libert\u00e9...\",\"breadcrumb\":{\"@id\":\"https:\\\/\\\/www.webdo.tn\\\/fr\\\/actualite\\\/national\\\/sousse-blocage-d-un-camion-de-gaz-un-conducteur-en-prison\\\/219220\\\/#breadcrumb\"},\"inLanguage\":\"fr-FR\",\"potentialAction\":[{\"@type\":\"ReadAction\",\"target\":[\"https:\\\/\\\/www.webdo.tn\\\/fr\\\/actualite\\\/national\\\/sousse-blocage-d-un-camion-de-gaz-un-conducteur-en-prison\\\/219220\\\/\"]}]},{\"@type\":\"ImageObject\",\"inLanguage\":\"fr-FR\",\"@id\":\"https:\\\/\\\/www.webdo.tn\\\/fr\\\/actualite\\\/national\\\/sousse-blocage-d-un-camion-de-gaz-un-conducteur-en-prison\\\/219220\\\/#primaryimage\",\"url\":\"https:\\\/\\\/www.webdo.tn\\\/fr\\\/wp-content\\\/uploads\\\/2025\\\/05\\\/9860c6f94b98d0e5d96b6f883aabeccd-2.webp\",\"contentUrl\":\"https:\\\/\\\/www.webdo.tn\\\/fr\\\/wp-content\\\/uploads\\\/2025\\\/05\\\/9860c6f94b98d0e5d96b6f883aabeccd-2.webp\",\"width\":720,\"height\":384},{\"@type\":\"BreadcrumbList\",\"@id\":\"https:\\\/\\\/www.webdo.tn\\\/fr\\\/actualite\\\/national\\\/sousse-blocage-d-un-camion-de-gaz-un-conducteur-en-prison\\\/219220\\\/#breadcrumb\",\"itemListElement\":[{\"@type\":\"ListItem\",\"position\":1,\"name\":\"Accueil\",\"item\":\"https:\\\/\\\/www.webdo.tn\\\/fr\\\/\"},{\"@type\":\"ListItem\",\"position\":2,\"name\":\"Sousse : Blocage d\u2019un camion de gaz, un conducteur en prison\"}]},{\"@type\":\"WebSite\",\"@id\":\"https:\\\/\\\/www.webdo.tn\\\/fr\\\/#website\",\"url\":\"https:\\\/\\\/www.webdo.tn\\\/fr\\\/\",\"name\":\"webdo\",\"description\":\"Tunisie - News en Tunisie et \u00e0 l&#039;international sur Webdo.tn\",\"publisher\":{\"@id\":\"https:\\\/\\\/www.webdo.tn\\\/fr\\\/#organization\"},\"potentialAction\":[{\"@type\":\"SearchAction\",\"target\":{\"@type\":\"EntryPoint\",\"urlTemplate\":\"https:\\\/\\\/www.webdo.tn\\\/fr\\\/?s={search_term_string}\"},\"query-input\":{\"@type\":\"PropertyValueSpecification\",\"valueRequired\":true,\"valueName\":\"search_term_string\"}}],\"inLanguage\":\"fr-FR\"},{\"@type\":\"Organization\",\"@id\":\"https:\\\/\\\/www.webdo.tn\\\/fr\\\/#organization\",\"name\":\"Webdo\",\"alternateName\":\"Webdo.tn\",\"url\":\"https:\\\/\\\/www.webdo.tn\\\/fr\\\/\",\"logo\":{\"@type\":\"ImageObject\",\"inLanguage\":\"fr-FR\",\"@id\":\"https:\\\/\\\/www.webdo.tn\\\/fr\\\/#\\\/schema\\\/logo\\\/image\\\/\",\"url\":\"https:\\\/\\\/www.webdo.tn\\\/fr\\\/wp-content\\\/uploads\\\/2025\\\/06\\\/Webdo-Tunisie_168377.jpg\",\"contentUrl\":\"https:\\\/\\\/www.webdo.tn\\\/fr\\\/wp-content\\\/uploads\\\/2025\\\/06\\\/Webdo-Tunisie_168377.jpg\",\"width\":301,\"height\":301,\"caption\":\"Webdo\"},\"image\":{\"@id\":\"https:\\\/\\\/www.webdo.tn\\\/fr\\\/#\\\/schema\\\/logo\\\/image\\\/\"},\"sameAs\":[\"https:\\\/\\\/www.facebook.com\\\/webdotn\",\"https:\\\/\\\/x.com\\\/webdo_tn\"],\"description\":\"Webdo est un m\u00e9dia num\u00e9rique tunisien fond\u00e9 en 2010, sp\u00e9cialis\u00e9 dans l\u2019actualit\u00e9 nationale et internationale, l\u2019\u00e9conomie, la soci\u00e9t\u00e9 et les analyses politiques. Le site s\u2019adresse \u00e0 un large public francophone et couvre l\u2019information tunisienne en temps r\u00e9el.\",\"email\":\"redac@webdo.tn\",\"legalName\":\"YNJ SARL\",\"foundingDate\":\"2010-09-06\",\"numberOfEmployees\":{\"@type\":\"QuantitativeValue\",\"minValue\":\"11\",\"maxValue\":\"50\"}},{\"@type\":\"Person\",\"@id\":\"https:\\\/\\\/www.webdo.tn\\\/fr\\\/#\\\/schema\\\/person\\\/82ca085b22037d285e1a3c4b65ba5f71\",\"name\":\"KJ\",\"image\":{\"@type\":\"ImageObject\",\"inLanguage\":\"fr-FR\",\"@id\":\"https:\\\/\\\/secure.gravatar.com\\\/avatar\\\/1a1320de1c1971c893f00068f760b4113d69504aa21273da17ee95650c5944fd?s=96&d=mm&r=g\",\"url\":\"https:\\\/\\\/secure.gravatar.com\\\/avatar\\\/1a1320de1c1971c893f00068f760b4113d69504aa21273da17ee95650c5944fd?s=96&d=mm&r=g\",\"contentUrl\":\"https:\\\/\\\/secure.gravatar.com\\\/avatar\\\/1a1320de1c1971c893f00068f760b4113d69504aa21273da17ee95650c5944fd?s=96&d=mm&r=g\",\"caption\":\"KJ\"},\"url\":\"https:\\\/\\\/www.webdo.tn\\\/fr\\\/actualite\\\/author\\\/kj\\\/\"}]}<\/script>\n<!-- \/ Yoast SEO Premium plugin. -->","yoast_head_json":{"title":"Sousse : Blocage d\u2019un camion de gaz, un conducteur en prison","description":"L'accus\u00e9 a \u00e9t\u00e9 renvoy\u00e9 devant la chambre correctionnelle du tribunal pour r\u00e9pondre des charges d'atteinte pr\u00e9m\u00e9dit\u00e9e \u00e0 la circulation et d'entrave \u00e0 la libert\u00e9...","canonical":"https:\/\/www.webdo.tn\/fr\/actualite\/national\/sousse-blocage-d-un-camion-de-gaz-un-conducteur-en-prison\/219220\/","og_locale":"fr_FR","og_type":"article","og_title":"Sousse : Blocage d\u2019un camion de gaz, un conducteur en prison","og_description":"L'accus\u00e9 a \u00e9t\u00e9 renvoy\u00e9 devant la chambre correctionnelle du tribunal pour r\u00e9pondre des charges d'atteinte pr\u00e9m\u00e9dit\u00e9e \u00e0 la circulation et d'entrave \u00e0 la libert\u00e9...","og_url":"https:\/\/www.webdo.tn\/fr\/actualite\/national\/sousse-blocage-d-un-camion-de-gaz-un-conducteur-en-prison\/219220\/","og_site_name":"webdo","article_publisher":"https:\/\/www.facebook.com\/webdotn","article_published_time":"2025-01-21T08:03:00+00:00","article_modified_time":"2025-05-20T22:20:27+00:00","og_image":[{"width":720,"height":384,"url":"https:\/\/www.webdo.tn\/fr\/wp-content\/uploads\/2025\/05\/9860c6f94b98d0e5d96b6f883aabeccd-2.webp","type":"image\/webp"}],"author":"KJ","twitter_card":"summary_large_image","twitter_creator":"@webdo_tn","twitter_site":"@webdo_tn","twitter_misc":{"\u00c9crit par":"KJ","Dur\u00e9e de lecture estim\u00e9e":"1 minute"},"schema":{"@context":"https:\/\/schema.org","@graph":[{"@type":"NewsArticle","@id":"https:\/\/www.webdo.tn\/fr\/actualite\/national\/sousse-blocage-d-un-camion-de-gaz-un-conducteur-en-prison\/219220\/#article","isPartOf":{"@id":"https:\/\/www.webdo.tn\/fr\/actualite\/national\/sousse-blocage-d-un-camion-de-gaz-un-conducteur-en-prison\/219220\/"},"author":{"name":"KJ","@id":"https:\/\/www.webdo.tn\/fr\/#\/schema\/person\/82ca085b22037d285e1a3c4b65ba5f71"},"headline":"Sousse : Blocage d\u2019un camion de gaz, un conducteur en prison","datePublished":"2025-01-21T08:03:00+00:00","dateModified":"2025-05-20T22:20:27+00:00","mainEntityOfPage":{"@id":"https:\/\/www.webdo.tn\/fr\/actualite\/national\/sousse-blocage-d-un-camion-de-gaz-un-conducteur-en-prison\/219220\/"},"wordCount":272,"commentCount":0,"publisher":{"@id":"https:\/\/www.webdo.tn\/fr\/#organization"},"image":{"@id":"https:\/\/www.webdo.tn\/fr\/actualite\/national\/sousse-blocage-d-un-camion-de-gaz-un-conducteur-en-prison\/219220\/#primaryimage"},"thumbnailUrl":"https:\/\/www.webdo.tn\/fr\/wp-content\/uploads\/2025\/05\/9860c6f94b98d0e5d96b6f883aabeccd-2.webp","keywords":["Bonbonnes de gaz","Braquage","Tunisie"],"articleSection":["National"],"inLanguage":"fr-FR"},{"@type":"WebPage","@id":"https:\/\/www.webdo.tn\/fr\/actualite\/national\/sousse-blocage-d-un-camion-de-gaz-un-conducteur-en-prison\/219220\/","url":"https:\/\/www.webdo.tn\/fr\/actualite\/national\/sousse-blocage-d-un-camion-de-gaz-un-conducteur-en-prison\/219220\/","name":"Sousse : Blocage d\u2019un camion de gaz, un conducteur en prison","isPartOf":{"@id":"https:\/\/www.webdo.tn\/fr\/#website"},"primaryImageOfPage":{"@id":"https:\/\/www.webdo.tn\/fr\/actualite\/national\/sousse-blocage-d-un-camion-de-gaz-un-conducteur-en-prison\/219220\/#primaryimage"},"image":{"@id":"https:\/\/www.webdo.tn\/fr\/actualite\/national\/sousse-blocage-d-un-camion-de-gaz-un-conducteur-en-prison\/219220\/#primaryimage"},"thumbnailUrl":"https:\/\/www.webdo.tn\/fr\/wp-content\/uploads\/2025\/05\/9860c6f94b98d0e5d96b6f883aabeccd-2.webp","datePublished":"2025-01-21T08:03:00+00:00","dateModified":"2025-05-20T22:20:27+00:00","description":"L'accus\u00e9 a \u00e9t\u00e9 renvoy\u00e9 devant la chambre correctionnelle du tribunal pour r\u00e9pondre des charges d'atteinte pr\u00e9m\u00e9dit\u00e9e \u00e0 la circulation et d'entrave \u00e0 la libert\u00e9...","breadcrumb":{"@id":"https:\/\/www.webdo.tn\/fr\/actualite\/national\/sousse-blocage-d-un-camion-de-gaz-un-conducteur-en-prison\/219220\/#breadcrumb"},"inLanguage":"fr-FR","potentialAction":[{"@type":"ReadAction","target":["https:\/\/www.webdo.tn\/fr\/actualite\/national\/sousse-blocage-d-un-camion-de-gaz-un-conducteur-en-prison\/219220\/"]}]},{"@type":"ImageObject","inLanguage":"fr-FR","@id":"https:\/\/www.webdo.tn\/fr\/actualite\/national\/sousse-blocage-d-un-camion-de-gaz-un-conducteur-en-prison\/219220\/#primaryimage","url":"https:\/\/www.webdo.tn\/fr\/wp-content\/uploads\/2025\/05\/9860c6f94b98d0e5d96b6f883aabeccd-2.webp","contentUrl":"https:\/\/www.webdo.tn\/fr\/wp-content\/uploads\/2025\/05\/9860c6f94b98d0e5d96b6f883aabeccd-2.webp","width":720,"height":384},{"@type":"BreadcrumbList","@id":"https:\/\/www.webdo.tn\/fr\/actualite\/national\/sousse-blocage-d-un-camion-de-gaz-un-conducteur-en-prison\/219220\/#breadcrumb","itemListElement":[{"@type":"ListItem","position":1,"name":"Accueil","item":"https:\/\/www.webdo.tn\/fr\/"},{"@type":"ListItem","position":2,"name":"Sousse : Blocage d\u2019un camion de gaz, un conducteur en prison"}]},{"@type":"WebSite","@id":"https:\/\/www.webdo.tn\/fr\/#website","url":"https:\/\/www.webdo.tn\/fr\/","name":"webdo","description":"Tunisie - News en Tunisie et \u00e0 l&#039;international sur Webdo.tn","publisher":{"@id":"https:\/\/www.webdo.tn\/fr\/#organization"},"potentialAction":[{"@type":"SearchAction","target":{"@type":"EntryPoint","urlTemplate":"https:\/\/www.webdo.tn\/fr\/?s={search_term_string}"},"query-input":{"@type":"PropertyValueSpecification","valueRequired":true,"valueName":"search_term_string"}}],"inLanguage":"fr-FR"},{"@type":"Organization","@id":"https:\/\/www.webdo.tn\/fr\/#organization","name":"Webdo","alternateName":"Webdo.tn","url":"https:\/\/www.webdo.tn\/fr\/","logo":{"@type":"ImageObject","inLanguage":"fr-FR","@id":"https:\/\/www.webdo.tn\/fr\/#\/schema\/logo\/image\/","url":"https:\/\/www.webdo.tn\/fr\/wp-content\/uploads\/2025\/06\/Webdo-Tunisie_168377.jpg","contentUrl":"https:\/\/www.webdo.tn\/fr\/wp-content\/uploads\/2025\/06\/Webdo-Tunisie_168377.jpg","width":301,"height":301,"caption":"Webdo"},"image":{"@id":"https:\/\/www.webdo.tn\/fr\/#\/schema\/logo\/image\/"},"sameAs":["https:\/\/www.facebook.com\/webdotn","https:\/\/x.com\/webdo_tn"],"description":"Webdo est un m\u00e9dia num\u00e9rique tunisien fond\u00e9 en 2010, sp\u00e9cialis\u00e9 dans l\u2019actualit\u00e9 nationale et internationale, l\u2019\u00e9conomie, la soci\u00e9t\u00e9 et les analyses politiques. Le site s\u2019adresse \u00e0 un large public francophone et couvre l\u2019information tunisienne en temps r\u00e9el.","email":"redac@webdo.tn","legalName":"YNJ SARL","foundingDate":"2010-09-06","numberOfEmployees":{"@type":"QuantitativeValue","minValue":"11","maxValue":"50"}},{"@type":"Person","@id":"https:\/\/www.webdo.tn\/fr\/#\/schema\/person\/82ca085b22037d285e1a3c4b65ba5f71","name":"KJ","image":{"@type":"ImageObject","inLanguage":"fr-FR","@id":"https:\/\/secure.gravatar.com\/avatar\/1a1320de1c1971c893f00068f760b4113d69504aa21273da17ee95650c5944fd?s=96&d=mm&r=g","url":"https:\/\/secure.gravatar.com\/avatar\/1a1320de1c1971c893f00068f760b4113d69504aa21273da17ee95650c5944fd?s=96&d=mm&r=g","contentUrl":"https:\/\/secure.gravatar.com\/avatar\/1a1320de1c1971c893f00068f760b4113d69504aa21273da17ee95650c5944fd?s=96&d=mm&r=g","caption":"KJ"},"url":"https:\/\/www.webdo.tn\/fr\/actualite\/author\/kj\/"}]}},"_links":{"self":[{"href":"https:\/\/www.webdo.tn\/fr\/wp-json\/wp\/v2\/posts\/219220","targetHints":{"allow":["GET"]}}],"collection":[{"href":"https:\/\/www.webdo.tn\/fr\/wp-json\/wp\/v2\/posts"}],"about":[{"href":"https:\/\/www.webdo.tn\/fr\/wp-json\/wp\/v2\/types\/post"}],"author":[{"embeddable":true,"href":"https:\/\/www.webdo.tn\/fr\/wp-json\/wp\/v2\/users\/3163"}],"replies":[{"embeddable":true,"href":"https:\/\/www.webdo.tn\/fr\/wp-json\/wp\/v2\/comments?post=219220"}],"version-history":[{"count":0,"href":"https:\/\/www.webdo.tn\/fr\/wp-json\/wp\/v2\/posts\/219220\/revisions"}],"wp:featuredmedia":[{"embeddable":true,"href":"https:\/\/www.webdo.tn\/fr\/wp-json\/wp\/v2\/media\/242744"}],"wp:attachment":[{"href":"https:\/\/www.webdo.tn\/fr\/wp-json\/wp\/v2\/media?parent=219220"}],"wp:term":[{"taxonomy":"category","embeddable":true,"href":"https:\/\/www.webdo.tn\/fr\/wp-json\/wp\/v2\/categories?post=219220"},{"taxonomy":"post_tag","embeddable":true,"href":"https:\/\/www.webdo.tn\/fr\/wp-json\/wp\/v2\/tags?post=219220"}],"curies":[{"name":"wp","href":"https:\/\/api.w.org\/{rel}","templated":true}]}}