{"id":219196,"date":"2025-01-20T10:25:00","date_gmt":"2025-01-20T10:25:00","guid":{"rendered":"https:\/\/www.webdo.tn\/fr\/blog\/2025\/01\/20\/tunisie-braquage-d-un-camion-de-bonbonnes-de-gaz-a-kalaa-sghira\/"},"modified":"2025-05-17T20:13:53","modified_gmt":"2025-05-17T20:13:53","slug":"tunisie-braquage-d-un-camion-de-bonbonnes-de-gaz-a-kalaa-sghira","status":"publish","type":"post","link":"https:\/\/www.webdo.tn\/fr\/actualite\/national\/tunisie-braquage-d-un-camion-de-bonbonnes-de-gaz-a-kalaa-sghira\/219196\/","title":{"rendered":"Tunisie : Braquage d\u2019un camion de bonbonnes de gaz \u00e0 Kalaa Sghira"},"content":{"rendered":"<p>Face \u00e0 une vague de froid exceptionnelle qui frappe la Tunisie, une tension grandissante autour de l&rsquo;approvisionnement en bonbonnes de gaz domestique a conduit \u00e0 des incidents pr\u00e9occupants.<\/p>\n<p>\t\t\t\t\t\t\t\t\tA Kalaa Sghira, un \u00e9v\u00e9nement marquant a \u00e9t\u00e9 signal\u00e9 : une tentative de braquage d&rsquo;un camion transportant des bonbonnes de gaz par un groupe d&rsquo;individus \u00e0 moto. L&rsquo;incident s&rsquo;est produit, hier dimanche 19 janvier, sur la route locale 819 reliant Akouda \u00e0 Kalaa Sghira, selon les informations rapport\u00e9es par Jawhara FM. L&rsquo;intervention rapide de la Garde nationale a permis l&rsquo;arrestation des suspects impliqu\u00e9s. \u00a0<\/p>\n<p>Cette situation refl\u00e8te un climat de crise nationale. Les habitants, particuli\u00e8rement dans les r\u00e9gions modestes, d\u00e9pendent fortement des bonbonnes de gaz pour se chauffer, en raison d&rsquo;une isolation souvent d\u00e9ficiente de leurs logements. Les zones les plus touch\u00e9es incluent la r\u00e9gion montagneuse d&rsquo;A\u00efn Draham, dans le gouvernorat de Jendouba, ainsi que plusieurs localit\u00e9s du Sahel, o\u00f9 les files d&rsquo;attente s&rsquo;allongent devant les points de distribution. \u00a0<\/p>\n<p>Pour faire face \u00e0 cette crise, les autorit\u00e9s ont annonc\u00e9 des mesures d&rsquo;urgence. Jeudi dernier, la Soci\u00e9t\u00e9 Nationale de Distribution des P\u00e9troles (Agil) a communiqu\u00e9 l&rsquo;arriv\u00e9e imminente de trois navires transportant du gaz naturel liqu\u00e9fi\u00e9 dans les ports tunisiens. Cette initiative s&rsquo;inscrit dans un plan global visant \u00e0 r\u00e9ceptionner 12 navires suppl\u00e9mentaires d&rsquo;ici la fin du mois. \u00a0<\/p>\n<p>La consommation quotidienne de gaz a explos\u00e9 ces derniers jours, enregistrant une hausse de 60 % pour atteindre 2 400 tonnes, contre 1 600 tonnes habituellement. Le minist\u00e8re de l&rsquo;Industrie, des Mines et de l&rsquo;\u00c9nergie a d\u00e9clar\u00e9 qu&rsquo;il intensifierait ses efforts pour r\u00e9pondre \u00e0 cette demande exceptionnelle, exacerb\u00e9e par les conditions m\u00e9t\u00e9orologiques rigoureuses.<\/p>\n","protected":false},"excerpt":{"rendered":"<p>La Tunisie fait face \u00e0 une vague de froid exceptionnelle, entra\u00eenant une p\u00e9nurie de gaz domestique. Tensions \u00e0 Kal\u00e2a Seghira, files d&rsquo;attente interminables et m&#8230;<\/p>\n","protected":false},"author":4779,"featured_media":242786,"comment_status":"open","ping_status":"open","sticky":false,"template":"","format":"standard","meta":{"footnotes":""},"categories":[44],"tags":[4351,4349,2608,4350],"class_list":["post-219196","post","type-post","status-publish","format-standard","has-post-thumbnail","hentry","category-national","tag-kalaa-sghira","tag-penurie-de-gaz","tag-tunisie","tag-vague-de-froid"],"yoast_head":"<!-- This site is optimized with the Yoast SEO Premium plugin v27.5 (Yoast SEO v27.5) - https:\/\/yoast.com\/product\/yoast-seo-premium-wordpress\/ -->\n<title>Tunisie : Braquage d\u2019un camion de bonbonnes de gaz \u00e0 Kalaa Sghira<\/title>\n<meta name=\"description\" content=\"La Tunisie fait face \u00e0 une vague de froid exceptionnelle, entra\u00eenant une p\u00e9nurie de gaz domestique. Tensions \u00e0 Kal\u00e2a Seghira, files d&#039;attente interminables et m...\" \/>\n<link rel=\"canonical\" href=\"https:\/\/www.webdo.tn\/fr\/actualite\/national\/tunisie-braquage-d-un-camion-de-bonbonnes-de-gaz-a-kalaa-sghira\/219196\/\" \/>\n<meta property=\"og:locale\" content=\"fr_FR\" \/>\n<meta property=\"og:type\" content=\"article\" \/>\n<meta property=\"og:title\" content=\"Tunisie : Braquage d\u2019un camion de bonbonnes de gaz \u00e0 Kalaa Sghira\" \/>\n<meta property=\"og:description\" content=\"La Tunisie fait face \u00e0 une vague de froid exceptionnelle, entra\u00eenant une p\u00e9nurie de gaz domestique. Tensions \u00e0 Kal\u00e2a Seghira, files d&#039;attente interminables et m...\" \/>\n<meta property=\"og:url\" content=\"https:\/\/www.webdo.tn\/fr\/actualite\/national\/tunisie-braquage-d-un-camion-de-bonbonnes-de-gaz-a-kalaa-sghira\/219196\/\" \/>\n<meta property=\"og:site_name\" content=\"webdo\" \/>\n<meta property=\"article:publisher\" content=\"https:\/\/www.facebook.com\/webdotn\" \/>\n<meta property=\"article:published_time\" content=\"2025-01-20T10:25:00+00:00\" \/>\n<meta property=\"article:modified_time\" content=\"2025-05-17T20:13:53+00:00\" \/>\n<meta property=\"og:image\" content=\"https:\/\/www.webdo.tn\/fr\/wp-content\/uploads\/2025\/05\/97f37e54275dbf0f116bdda57849b629-2.webp\" \/>\n\t<meta property=\"og:image:width\" content=\"750\" \/>\n\t<meta property=\"og:image:height\" content=\"400\" \/>\n\t<meta property=\"og:image:type\" content=\"image\/webp\" \/>\n<meta name=\"author\" content=\"Firas Ben Abdeltif\" \/>\n<meta name=\"twitter:card\" content=\"summary_large_image\" \/>\n<meta name=\"twitter:creator\" content=\"@webdo_tn\" \/>\n<meta name=\"twitter:site\" content=\"@webdo_tn\" \/>\n<meta name=\"twitter:label1\" content=\"\u00c9crit par\" \/>\n\t<meta name=\"twitter:data1\" content=\"Firas Ben Abdeltif\" \/>\n\t<meta name=\"twitter:label2\" content=\"Dur\u00e9e de lecture estim\u00e9e\" \/>\n\t<meta name=\"twitter:data2\" content=\"1 minute\" \/>\n<script type=\"application\/ld+json\" class=\"yoast-schema-graph\">{\"@context\":\"https:\\\/\\\/schema.org\",\"@graph\":[{\"@type\":\"NewsArticle\",\"@id\":\"https:\\\/\\\/www.webdo.tn\\\/fr\\\/actualite\\\/national\\\/tunisie-braquage-d-un-camion-de-bonbonnes-de-gaz-a-kalaa-sghira\\\/219196\\\/#article\",\"isPartOf\":{\"@id\":\"https:\\\/\\\/www.webdo.tn\\\/fr\\\/actualite\\\/national\\\/tunisie-braquage-d-un-camion-de-bonbonnes-de-gaz-a-kalaa-sghira\\\/219196\\\/\"},\"author\":{\"name\":\"Firas Ben Abdeltif\",\"@id\":\"https:\\\/\\\/www.webdo.tn\\\/fr\\\/#\\\/schema\\\/person\\\/19664196c9bfdcda126f3c27709f7d11\"},\"headline\":\"Tunisie : Braquage d\u2019un camion de bonbonnes de gaz \u00e0 Kalaa Sghira\",\"datePublished\":\"2025-01-20T10:25:00+00:00\",\"dateModified\":\"2025-05-17T20:13:53+00:00\",\"mainEntityOfPage\":{\"@id\":\"https:\\\/\\\/www.webdo.tn\\\/fr\\\/actualite\\\/national\\\/tunisie-braquage-d-un-camion-de-bonbonnes-de-gaz-a-kalaa-sghira\\\/219196\\\/\"},\"wordCount\":304,\"commentCount\":0,\"publisher\":{\"@id\":\"https:\\\/\\\/www.webdo.tn\\\/fr\\\/#organization\"},\"image\":{\"@id\":\"https:\\\/\\\/www.webdo.tn\\\/fr\\\/actualite\\\/national\\\/tunisie-braquage-d-un-camion-de-bonbonnes-de-gaz-a-kalaa-sghira\\\/219196\\\/#primaryimage\"},\"thumbnailUrl\":\"https:\\\/\\\/www.webdo.tn\\\/fr\\\/wp-content\\\/uploads\\\/2025\\\/05\\\/97f37e54275dbf0f116bdda57849b629-2.webp\",\"keywords\":[\"Kalaa Sghira\",\"p\u00e9nurie de gaz\",\"Tunisie\",\"vague de froid\"],\"articleSection\":[\"National\"],\"inLanguage\":\"fr-FR\"},{\"@type\":\"WebPage\",\"@id\":\"https:\\\/\\\/www.webdo.tn\\\/fr\\\/actualite\\\/national\\\/tunisie-braquage-d-un-camion-de-bonbonnes-de-gaz-a-kalaa-sghira\\\/219196\\\/\",\"url\":\"https:\\\/\\\/www.webdo.tn\\\/fr\\\/actualite\\\/national\\\/tunisie-braquage-d-un-camion-de-bonbonnes-de-gaz-a-kalaa-sghira\\\/219196\\\/\",\"name\":\"Tunisie : Braquage d\u2019un camion de bonbonnes de gaz \u00e0 Kalaa Sghira\",\"isPartOf\":{\"@id\":\"https:\\\/\\\/www.webdo.tn\\\/fr\\\/#website\"},\"primaryImageOfPage\":{\"@id\":\"https:\\\/\\\/www.webdo.tn\\\/fr\\\/actualite\\\/national\\\/tunisie-braquage-d-un-camion-de-bonbonnes-de-gaz-a-kalaa-sghira\\\/219196\\\/#primaryimage\"},\"image\":{\"@id\":\"https:\\\/\\\/www.webdo.tn\\\/fr\\\/actualite\\\/national\\\/tunisie-braquage-d-un-camion-de-bonbonnes-de-gaz-a-kalaa-sghira\\\/219196\\\/#primaryimage\"},\"thumbnailUrl\":\"https:\\\/\\\/www.webdo.tn\\\/fr\\\/wp-content\\\/uploads\\\/2025\\\/05\\\/97f37e54275dbf0f116bdda57849b629-2.webp\",\"datePublished\":\"2025-01-20T10:25:00+00:00\",\"dateModified\":\"2025-05-17T20:13:53+00:00\",\"description\":\"La Tunisie fait face \u00e0 une vague de froid exceptionnelle, entra\u00eenant une p\u00e9nurie de gaz domestique. Tensions \u00e0 Kal\u00e2a Seghira, files d'attente interminables et m...\",\"breadcrumb\":{\"@id\":\"https:\\\/\\\/www.webdo.tn\\\/fr\\\/actualite\\\/national\\\/tunisie-braquage-d-un-camion-de-bonbonnes-de-gaz-a-kalaa-sghira\\\/219196\\\/#breadcrumb\"},\"inLanguage\":\"fr-FR\",\"potentialAction\":[{\"@type\":\"ReadAction\",\"target\":[\"https:\\\/\\\/www.webdo.tn\\\/fr\\\/actualite\\\/national\\\/tunisie-braquage-d-un-camion-de-bonbonnes-de-gaz-a-kalaa-sghira\\\/219196\\\/\"]}]},{\"@type\":\"ImageObject\",\"inLanguage\":\"fr-FR\",\"@id\":\"https:\\\/\\\/www.webdo.tn\\\/fr\\\/actualite\\\/national\\\/tunisie-braquage-d-un-camion-de-bonbonnes-de-gaz-a-kalaa-sghira\\\/219196\\\/#primaryimage\",\"url\":\"https:\\\/\\\/www.webdo.tn\\\/fr\\\/wp-content\\\/uploads\\\/2025\\\/05\\\/97f37e54275dbf0f116bdda57849b629-2.webp\",\"contentUrl\":\"https:\\\/\\\/www.webdo.tn\\\/fr\\\/wp-content\\\/uploads\\\/2025\\\/05\\\/97f37e54275dbf0f116bdda57849b629-2.webp\",\"width\":750,\"height\":400},{\"@type\":\"BreadcrumbList\",\"@id\":\"https:\\\/\\\/www.webdo.tn\\\/fr\\\/actualite\\\/national\\\/tunisie-braquage-d-un-camion-de-bonbonnes-de-gaz-a-kalaa-sghira\\\/219196\\\/#breadcrumb\",\"itemListElement\":[{\"@type\":\"ListItem\",\"position\":1,\"name\":\"Accueil\",\"item\":\"https:\\\/\\\/www.webdo.tn\\\/fr\\\/\"},{\"@type\":\"ListItem\",\"position\":2,\"name\":\"Tunisie : Braquage d\u2019un camion de bonbonnes de gaz \u00e0 Kalaa Sghira\"}]},{\"@type\":\"WebSite\",\"@id\":\"https:\\\/\\\/www.webdo.tn\\\/fr\\\/#website\",\"url\":\"https:\\\/\\\/www.webdo.tn\\\/fr\\\/\",\"name\":\"webdo\",\"description\":\"Tunisie - News en Tunisie et \u00e0 l&#039;international sur Webdo.tn\",\"publisher\":{\"@id\":\"https:\\\/\\\/www.webdo.tn\\\/fr\\\/#organization\"},\"potentialAction\":[{\"@type\":\"SearchAction\",\"target\":{\"@type\":\"EntryPoint\",\"urlTemplate\":\"https:\\\/\\\/www.webdo.tn\\\/fr\\\/?s={search_term_string}\"},\"query-input\":{\"@type\":\"PropertyValueSpecification\",\"valueRequired\":true,\"valueName\":\"search_term_string\"}}],\"inLanguage\":\"fr-FR\"},{\"@type\":\"Organization\",\"@id\":\"https:\\\/\\\/www.webdo.tn\\\/fr\\\/#organization\",\"name\":\"Webdo\",\"alternateName\":\"Webdo.tn\",\"url\":\"https:\\\/\\\/www.webdo.tn\\\/fr\\\/\",\"logo\":{\"@type\":\"ImageObject\",\"inLanguage\":\"fr-FR\",\"@id\":\"https:\\\/\\\/www.webdo.tn\\\/fr\\\/#\\\/schema\\\/logo\\\/image\\\/\",\"url\":\"https:\\\/\\\/www.webdo.tn\\\/fr\\\/wp-content\\\/uploads\\\/2025\\\/06\\\/Webdo-Tunisie_168377.jpg\",\"contentUrl\":\"https:\\\/\\\/www.webdo.tn\\\/fr\\\/wp-content\\\/uploads\\\/2025\\\/06\\\/Webdo-Tunisie_168377.jpg\",\"width\":301,\"height\":301,\"caption\":\"Webdo\"},\"image\":{\"@id\":\"https:\\\/\\\/www.webdo.tn\\\/fr\\\/#\\\/schema\\\/logo\\\/image\\\/\"},\"sameAs\":[\"https:\\\/\\\/www.facebook.com\\\/webdotn\",\"https:\\\/\\\/x.com\\\/webdo_tn\"],\"description\":\"Webdo est un m\u00e9dia num\u00e9rique tunisien fond\u00e9 en 2010, sp\u00e9cialis\u00e9 dans l\u2019actualit\u00e9 nationale et internationale, l\u2019\u00e9conomie, la soci\u00e9t\u00e9 et les analyses politiques. Le site s\u2019adresse \u00e0 un large public francophone et couvre l\u2019information tunisienne en temps r\u00e9el.\",\"email\":\"redac@webdo.tn\",\"legalName\":\"YNJ SARL\",\"foundingDate\":\"2010-09-06\",\"numberOfEmployees\":{\"@type\":\"QuantitativeValue\",\"minValue\":\"11\",\"maxValue\":\"50\"}},{\"@type\":\"Person\",\"@id\":\"https:\\\/\\\/www.webdo.tn\\\/fr\\\/#\\\/schema\\\/person\\\/19664196c9bfdcda126f3c27709f7d11\",\"name\":\"Firas Ben Abdeltif\",\"image\":{\"@type\":\"ImageObject\",\"inLanguage\":\"fr-FR\",\"@id\":\"https:\\\/\\\/secure.gravatar.com\\\/avatar\\\/161a347d40df098a084778c52ed133dbd85f14df003867067c5948081241ec55?s=96&d=mm&r=g\",\"url\":\"https:\\\/\\\/secure.gravatar.com\\\/avatar\\\/161a347d40df098a084778c52ed133dbd85f14df003867067c5948081241ec55?s=96&d=mm&r=g\",\"contentUrl\":\"https:\\\/\\\/secure.gravatar.com\\\/avatar\\\/161a347d40df098a084778c52ed133dbd85f14df003867067c5948081241ec55?s=96&d=mm&r=g\",\"caption\":\"Firas Ben Abdeltif\"},\"url\":\"https:\\\/\\\/www.webdo.tn\\\/fr\\\/actualite\\\/author\\\/firas-ben-abdeltif\\\/\"}]}<\/script>\n<!-- \/ Yoast SEO Premium plugin. -->","yoast_head_json":{"title":"Tunisie : Braquage d\u2019un camion de bonbonnes de gaz \u00e0 Kalaa Sghira","description":"La Tunisie fait face \u00e0 une vague de froid exceptionnelle, entra\u00eenant une p\u00e9nurie de gaz domestique. Tensions \u00e0 Kal\u00e2a Seghira, files d'attente interminables et m...","canonical":"https:\/\/www.webdo.tn\/fr\/actualite\/national\/tunisie-braquage-d-un-camion-de-bonbonnes-de-gaz-a-kalaa-sghira\/219196\/","og_locale":"fr_FR","og_type":"article","og_title":"Tunisie : Braquage d\u2019un camion de bonbonnes de gaz \u00e0 Kalaa Sghira","og_description":"La Tunisie fait face \u00e0 une vague de froid exceptionnelle, entra\u00eenant une p\u00e9nurie de gaz domestique. Tensions \u00e0 Kal\u00e2a Seghira, files d'attente interminables et m...","og_url":"https:\/\/www.webdo.tn\/fr\/actualite\/national\/tunisie-braquage-d-un-camion-de-bonbonnes-de-gaz-a-kalaa-sghira\/219196\/","og_site_name":"webdo","article_publisher":"https:\/\/www.facebook.com\/webdotn","article_published_time":"2025-01-20T10:25:00+00:00","article_modified_time":"2025-05-17T20:13:53+00:00","og_image":[{"width":750,"height":400,"url":"https:\/\/www.webdo.tn\/fr\/wp-content\/uploads\/2025\/05\/97f37e54275dbf0f116bdda57849b629-2.webp","type":"image\/webp"}],"author":"Firas Ben Abdeltif","twitter_card":"summary_large_image","twitter_creator":"@webdo_tn","twitter_site":"@webdo_tn","twitter_misc":{"\u00c9crit par":"Firas Ben Abdeltif","Dur\u00e9e de lecture estim\u00e9e":"1 minute"},"schema":{"@context":"https:\/\/schema.org","@graph":[{"@type":"NewsArticle","@id":"https:\/\/www.webdo.tn\/fr\/actualite\/national\/tunisie-braquage-d-un-camion-de-bonbonnes-de-gaz-a-kalaa-sghira\/219196\/#article","isPartOf":{"@id":"https:\/\/www.webdo.tn\/fr\/actualite\/national\/tunisie-braquage-d-un-camion-de-bonbonnes-de-gaz-a-kalaa-sghira\/219196\/"},"author":{"name":"Firas Ben Abdeltif","@id":"https:\/\/www.webdo.tn\/fr\/#\/schema\/person\/19664196c9bfdcda126f3c27709f7d11"},"headline":"Tunisie : Braquage d\u2019un camion de bonbonnes de gaz \u00e0 Kalaa Sghira","datePublished":"2025-01-20T10:25:00+00:00","dateModified":"2025-05-17T20:13:53+00:00","mainEntityOfPage":{"@id":"https:\/\/www.webdo.tn\/fr\/actualite\/national\/tunisie-braquage-d-un-camion-de-bonbonnes-de-gaz-a-kalaa-sghira\/219196\/"},"wordCount":304,"commentCount":0,"publisher":{"@id":"https:\/\/www.webdo.tn\/fr\/#organization"},"image":{"@id":"https:\/\/www.webdo.tn\/fr\/actualite\/national\/tunisie-braquage-d-un-camion-de-bonbonnes-de-gaz-a-kalaa-sghira\/219196\/#primaryimage"},"thumbnailUrl":"https:\/\/www.webdo.tn\/fr\/wp-content\/uploads\/2025\/05\/97f37e54275dbf0f116bdda57849b629-2.webp","keywords":["Kalaa Sghira","p\u00e9nurie de gaz","Tunisie","vague de froid"],"articleSection":["National"],"inLanguage":"fr-FR"},{"@type":"WebPage","@id":"https:\/\/www.webdo.tn\/fr\/actualite\/national\/tunisie-braquage-d-un-camion-de-bonbonnes-de-gaz-a-kalaa-sghira\/219196\/","url":"https:\/\/www.webdo.tn\/fr\/actualite\/national\/tunisie-braquage-d-un-camion-de-bonbonnes-de-gaz-a-kalaa-sghira\/219196\/","name":"Tunisie : Braquage d\u2019un camion de bonbonnes de gaz \u00e0 Kalaa Sghira","isPartOf":{"@id":"https:\/\/www.webdo.tn\/fr\/#website"},"primaryImageOfPage":{"@id":"https:\/\/www.webdo.tn\/fr\/actualite\/national\/tunisie-braquage-d-un-camion-de-bonbonnes-de-gaz-a-kalaa-sghira\/219196\/#primaryimage"},"image":{"@id":"https:\/\/www.webdo.tn\/fr\/actualite\/national\/tunisie-braquage-d-un-camion-de-bonbonnes-de-gaz-a-kalaa-sghira\/219196\/#primaryimage"},"thumbnailUrl":"https:\/\/www.webdo.tn\/fr\/wp-content\/uploads\/2025\/05\/97f37e54275dbf0f116bdda57849b629-2.webp","datePublished":"2025-01-20T10:25:00+00:00","dateModified":"2025-05-17T20:13:53+00:00","description":"La Tunisie fait face \u00e0 une vague de froid exceptionnelle, entra\u00eenant une p\u00e9nurie de gaz domestique. Tensions \u00e0 Kal\u00e2a Seghira, files d'attente interminables et m...","breadcrumb":{"@id":"https:\/\/www.webdo.tn\/fr\/actualite\/national\/tunisie-braquage-d-un-camion-de-bonbonnes-de-gaz-a-kalaa-sghira\/219196\/#breadcrumb"},"inLanguage":"fr-FR","potentialAction":[{"@type":"ReadAction","target":["https:\/\/www.webdo.tn\/fr\/actualite\/national\/tunisie-braquage-d-un-camion-de-bonbonnes-de-gaz-a-kalaa-sghira\/219196\/"]}]},{"@type":"ImageObject","inLanguage":"fr-FR","@id":"https:\/\/www.webdo.tn\/fr\/actualite\/national\/tunisie-braquage-d-un-camion-de-bonbonnes-de-gaz-a-kalaa-sghira\/219196\/#primaryimage","url":"https:\/\/www.webdo.tn\/fr\/wp-content\/uploads\/2025\/05\/97f37e54275dbf0f116bdda57849b629-2.webp","contentUrl":"https:\/\/www.webdo.tn\/fr\/wp-content\/uploads\/2025\/05\/97f37e54275dbf0f116bdda57849b629-2.webp","width":750,"height":400},{"@type":"BreadcrumbList","@id":"https:\/\/www.webdo.tn\/fr\/actualite\/national\/tunisie-braquage-d-un-camion-de-bonbonnes-de-gaz-a-kalaa-sghira\/219196\/#breadcrumb","itemListElement":[{"@type":"ListItem","position":1,"name":"Accueil","item":"https:\/\/www.webdo.tn\/fr\/"},{"@type":"ListItem","position":2,"name":"Tunisie : Braquage d\u2019un camion de bonbonnes de gaz \u00e0 Kalaa Sghira"}]},{"@type":"WebSite","@id":"https:\/\/www.webdo.tn\/fr\/#website","url":"https:\/\/www.webdo.tn\/fr\/","name":"webdo","description":"Tunisie - News en Tunisie et \u00e0 l&#039;international sur Webdo.tn","publisher":{"@id":"https:\/\/www.webdo.tn\/fr\/#organization"},"potentialAction":[{"@type":"SearchAction","target":{"@type":"EntryPoint","urlTemplate":"https:\/\/www.webdo.tn\/fr\/?s={search_term_string}"},"query-input":{"@type":"PropertyValueSpecification","valueRequired":true,"valueName":"search_term_string"}}],"inLanguage":"fr-FR"},{"@type":"Organization","@id":"https:\/\/www.webdo.tn\/fr\/#organization","name":"Webdo","alternateName":"Webdo.tn","url":"https:\/\/www.webdo.tn\/fr\/","logo":{"@type":"ImageObject","inLanguage":"fr-FR","@id":"https:\/\/www.webdo.tn\/fr\/#\/schema\/logo\/image\/","url":"https:\/\/www.webdo.tn\/fr\/wp-content\/uploads\/2025\/06\/Webdo-Tunisie_168377.jpg","contentUrl":"https:\/\/www.webdo.tn\/fr\/wp-content\/uploads\/2025\/06\/Webdo-Tunisie_168377.jpg","width":301,"height":301,"caption":"Webdo"},"image":{"@id":"https:\/\/www.webdo.tn\/fr\/#\/schema\/logo\/image\/"},"sameAs":["https:\/\/www.facebook.com\/webdotn","https:\/\/x.com\/webdo_tn"],"description":"Webdo est un m\u00e9dia num\u00e9rique tunisien fond\u00e9 en 2010, sp\u00e9cialis\u00e9 dans l\u2019actualit\u00e9 nationale et internationale, l\u2019\u00e9conomie, la soci\u00e9t\u00e9 et les analyses politiques. Le site s\u2019adresse \u00e0 un large public francophone et couvre l\u2019information tunisienne en temps r\u00e9el.","email":"redac@webdo.tn","legalName":"YNJ SARL","foundingDate":"2010-09-06","numberOfEmployees":{"@type":"QuantitativeValue","minValue":"11","maxValue":"50"}},{"@type":"Person","@id":"https:\/\/www.webdo.tn\/fr\/#\/schema\/person\/19664196c9bfdcda126f3c27709f7d11","name":"Firas Ben Abdeltif","image":{"@type":"ImageObject","inLanguage":"fr-FR","@id":"https:\/\/secure.gravatar.com\/avatar\/161a347d40df098a084778c52ed133dbd85f14df003867067c5948081241ec55?s=96&d=mm&r=g","url":"https:\/\/secure.gravatar.com\/avatar\/161a347d40df098a084778c52ed133dbd85f14df003867067c5948081241ec55?s=96&d=mm&r=g","contentUrl":"https:\/\/secure.gravatar.com\/avatar\/161a347d40df098a084778c52ed133dbd85f14df003867067c5948081241ec55?s=96&d=mm&r=g","caption":"Firas Ben Abdeltif"},"url":"https:\/\/www.webdo.tn\/fr\/actualite\/author\/firas-ben-abdeltif\/"}]}},"_links":{"self":[{"href":"https:\/\/www.webdo.tn\/fr\/wp-json\/wp\/v2\/posts\/219196","targetHints":{"allow":["GET"]}}],"collection":[{"href":"https:\/\/www.webdo.tn\/fr\/wp-json\/wp\/v2\/posts"}],"about":[{"href":"https:\/\/www.webdo.tn\/fr\/wp-json\/wp\/v2\/types\/post"}],"author":[{"embeddable":true,"href":"https:\/\/www.webdo.tn\/fr\/wp-json\/wp\/v2\/users\/4779"}],"replies":[{"embeddable":true,"href":"https:\/\/www.webdo.tn\/fr\/wp-json\/wp\/v2\/comments?post=219196"}],"version-history":[{"count":0,"href":"https:\/\/www.webdo.tn\/fr\/wp-json\/wp\/v2\/posts\/219196\/revisions"}],"wp:featuredmedia":[{"embeddable":true,"href":"https:\/\/www.webdo.tn\/fr\/wp-json\/wp\/v2\/media\/242786"}],"wp:attachment":[{"href":"https:\/\/www.webdo.tn\/fr\/wp-json\/wp\/v2\/media?parent=219196"}],"wp:term":[{"taxonomy":"category","embeddable":true,"href":"https:\/\/www.webdo.tn\/fr\/wp-json\/wp\/v2\/categories?post=219196"},{"taxonomy":"post_tag","embeddable":true,"href":"https:\/\/www.webdo.tn\/fr\/wp-json\/wp\/v2\/tags?post=219196"}],"curies":[{"name":"wp","href":"https:\/\/api.w.org\/{rel}","templated":true}]}}