{"id":219192,"date":"2025-01-20T08:57:00","date_gmt":"2025-01-20T08:57:00","guid":{"rendered":"https:\/\/www.webdo.tn\/fr\/blog\/2025\/01\/20\/tunisie-criminalite-arrestation-de-586-individus-recherches\/"},"modified":"2025-05-20T21:43:57","modified_gmt":"2025-05-20T21:43:57","slug":"tunisie-criminalite-arrestation-de-586-individus-recherches","status":"publish","type":"post","link":"https:\/\/www.webdo.tn\/fr\/actualite\/national\/tunisie-criminalite-arrestation-de-586-individus-recherches\/219192\/","title":{"rendered":"Tunisie &#8211; criminalit\u00e9 : Arrestation de 586 individus recherch\u00e9s"},"content":{"rendered":"<p>Les unit\u00e9s de la Garde nationale tunisienne ont proc\u00e9d\u00e9 \u00e0 l\u2019arrestation de 586 individus faisant l\u2019objet de mandats d\u2019amener et \u00e0 la saisie de 92 v\u00e9hicules signal\u00e9s comme recherch\u00e9s.<\/p>\n<p>Cette vaste \u00ab op\u00e9ration s\u00e9curitaire cibl\u00e9e \u00bb, conduite dans les zones de comp\u00e9tence des districts et des postes de la Garde nationale, illustre l&rsquo;engagement des autorit\u00e9s \u00e0 pr\u00e9venir et \u00e0 r\u00e9primer les atteintes \u00e0 l&rsquo;ordre public. Selon un communiqu\u00e9 de la direction g\u00e9n\u00e9rale de la Garde nationale, ces efforts s&rsquo;inscrivent dans une strat\u00e9gie globale visant \u00e0 renforcer la s\u00e9curit\u00e9 et la stabilit\u00e9 dans tout le pays.<\/p>\n<p>La mise en d\u00e9tention de 586 personnes recherch\u00e9es r\u00e9pond aux exigences des mandats d\u2019amener \u00e9mis par les autorit\u00e9s judiciaires. Parmi les individus interpell\u00e9s, certains \u00e9taient impliqu\u00e9s dans des affaires de vol, de trafic de drogue, de violences ou d&rsquo;autres infractions graves mena\u00e7ant la s\u00e9curit\u00e9 publique.<\/p>\n<p>En parall\u00e8le, la saisie de 92 v\u00e9hicules recherch\u00e9s met en \u00e9vidence les efforts men\u00e9s pour lutter contre les r\u00e9seaux criminels actifs dans le vol et le trafic de v\u00e9hicules.<\/p>\n<p>Pour soutenir ses efforts, la Garde nationale invite les citoyens \u00e0 signaler toute activit\u00e9 suspecte ou information pouvant contribuer \u00e0 la pr\u00e9vention des crimes. Un num\u00e9ro sp\u00e9cial (71 860 135) a \u00e9t\u00e9 mis \u00e0 disposition pour faciliter la communication entre la population et les autorit\u00e9s.<\/p>\n<p>Cette collaboration entre les forces de s\u00e9curit\u00e9 et les citoyens est essentielle pour renforcer la lutte contre la criminalit\u00e9, pr\u00e9server la paix sociale et instaurer un sentiment de s\u00e9curit\u00e9 dans toutes les r\u00e9gions de la Tunisie.<\/p>\n","protected":false},"excerpt":{"rendered":"<p>Les unit\u00e9s de la Garde nationale tunisienne ont proc\u00e9d\u00e9 \u00e0 l\u2019arrestation de 586 individus faisant l\u2019objet de mandats d\u2019amener et \u00e0 la saisie de 92 v\u00e9hicules sign&#8230;<\/p>\n","protected":false},"author":3162,"featured_media":242782,"comment_status":"open","ping_status":"open","sticky":false,"template":"","format":"standard","meta":{"footnotes":""},"categories":[44],"tags":[3673,2767,2855,2608],"class_list":["post-219192","post","type-post","status-publish","format-standard","has-post-thumbnail","hentry","category-national","tag-arrestations","tag-garde-nationale","tag-recherches","tag-tunisie"],"yoast_head":"<!-- This site is optimized with the Yoast SEO Premium plugin v27.5 (Yoast SEO v27.5) - https:\/\/yoast.com\/product\/yoast-seo-premium-wordpress\/ -->\n<title>Tunisie - criminalit\u00e9 : Arrestation de 586 individus recherch\u00e9s<\/title>\n<meta name=\"description\" content=\"Les unit\u00e9s de la Garde nationale tunisienne ont proc\u00e9d\u00e9 \u00e0 l\u2019arrestation de 586 individus faisant l\u2019objet de mandats d\u2019amener et \u00e0 la saisie de 92 v\u00e9hicules sign...\" \/>\n<link rel=\"canonical\" href=\"https:\/\/www.webdo.tn\/fr\/actualite\/national\/tunisie-criminalite-arrestation-de-586-individus-recherches\/219192\/\" \/>\n<meta property=\"og:locale\" content=\"fr_FR\" \/>\n<meta property=\"og:type\" content=\"article\" \/>\n<meta property=\"og:title\" content=\"Tunisie - criminalit\u00e9 : Arrestation de 586 individus recherch\u00e9s\" \/>\n<meta property=\"og:description\" content=\"Les unit\u00e9s de la Garde nationale tunisienne ont proc\u00e9d\u00e9 \u00e0 l\u2019arrestation de 586 individus faisant l\u2019objet de mandats d\u2019amener et \u00e0 la saisie de 92 v\u00e9hicules sign...\" \/>\n<meta property=\"og:url\" content=\"https:\/\/www.webdo.tn\/fr\/actualite\/national\/tunisie-criminalite-arrestation-de-586-individus-recherches\/219192\/\" \/>\n<meta property=\"og:site_name\" content=\"webdo\" \/>\n<meta property=\"article:publisher\" content=\"https:\/\/www.facebook.com\/webdotn\" \/>\n<meta property=\"article:published_time\" content=\"2025-01-20T08:57:00+00:00\" \/>\n<meta property=\"article:modified_time\" content=\"2025-05-20T21:43:57+00:00\" \/>\n<meta property=\"og:image\" content=\"https:\/\/www.webdo.tn\/fr\/wp-content\/uploads\/2025\/05\/4fada9de250f604fc96bb01ee291db92-2.webp\" \/>\n\t<meta property=\"og:image:width\" content=\"750\" \/>\n\t<meta property=\"og:image:height\" content=\"400\" \/>\n\t<meta property=\"og:image:type\" content=\"image\/webp\" \/>\n<meta name=\"author\" content=\"MC\" \/>\n<meta name=\"twitter:card\" content=\"summary_large_image\" \/>\n<meta name=\"twitter:creator\" content=\"@webdo_tn\" \/>\n<meta name=\"twitter:site\" content=\"@webdo_tn\" \/>\n<meta name=\"twitter:label1\" content=\"\u00c9crit par\" \/>\n\t<meta name=\"twitter:data1\" content=\"MC\" \/>\n\t<meta name=\"twitter:label2\" content=\"Dur\u00e9e de lecture estim\u00e9e\" \/>\n\t<meta name=\"twitter:data2\" content=\"1 minute\" \/>\n<script type=\"application\/ld+json\" class=\"yoast-schema-graph\">{\"@context\":\"https:\\\/\\\/schema.org\",\"@graph\":[{\"@type\":\"NewsArticle\",\"@id\":\"https:\\\/\\\/www.webdo.tn\\\/fr\\\/actualite\\\/national\\\/tunisie-criminalite-arrestation-de-586-individus-recherches\\\/219192\\\/#article\",\"isPartOf\":{\"@id\":\"https:\\\/\\\/www.webdo.tn\\\/fr\\\/actualite\\\/national\\\/tunisie-criminalite-arrestation-de-586-individus-recherches\\\/219192\\\/\"},\"author\":{\"name\":\"MC\",\"@id\":\"https:\\\/\\\/www.webdo.tn\\\/fr\\\/#\\\/schema\\\/person\\\/2c4929cbf5a809e3bd38617c6ce150f6\"},\"headline\":\"Tunisie &#8211; criminalit\u00e9 : Arrestation de 586 individus recherch\u00e9s\",\"datePublished\":\"2025-01-20T08:57:00+00:00\",\"dateModified\":\"2025-05-20T21:43:57+00:00\",\"mainEntityOfPage\":{\"@id\":\"https:\\\/\\\/www.webdo.tn\\\/fr\\\/actualite\\\/national\\\/tunisie-criminalite-arrestation-de-586-individus-recherches\\\/219192\\\/\"},\"wordCount\":286,\"commentCount\":0,\"publisher\":{\"@id\":\"https:\\\/\\\/www.webdo.tn\\\/fr\\\/#organization\"},\"image\":{\"@id\":\"https:\\\/\\\/www.webdo.tn\\\/fr\\\/actualite\\\/national\\\/tunisie-criminalite-arrestation-de-586-individus-recherches\\\/219192\\\/#primaryimage\"},\"thumbnailUrl\":\"https:\\\/\\\/www.webdo.tn\\\/fr\\\/wp-content\\\/uploads\\\/2025\\\/05\\\/4fada9de250f604fc96bb01ee291db92-2.webp\",\"keywords\":[\"arrestations\",\"Garde nationale\",\"recherch\u00e9s\",\"Tunisie\"],\"articleSection\":[\"National\"],\"inLanguage\":\"fr-FR\"},{\"@type\":\"WebPage\",\"@id\":\"https:\\\/\\\/www.webdo.tn\\\/fr\\\/actualite\\\/national\\\/tunisie-criminalite-arrestation-de-586-individus-recherches\\\/219192\\\/\",\"url\":\"https:\\\/\\\/www.webdo.tn\\\/fr\\\/actualite\\\/national\\\/tunisie-criminalite-arrestation-de-586-individus-recherches\\\/219192\\\/\",\"name\":\"Tunisie - criminalit\u00e9 : Arrestation de 586 individus recherch\u00e9s\",\"isPartOf\":{\"@id\":\"https:\\\/\\\/www.webdo.tn\\\/fr\\\/#website\"},\"primaryImageOfPage\":{\"@id\":\"https:\\\/\\\/www.webdo.tn\\\/fr\\\/actualite\\\/national\\\/tunisie-criminalite-arrestation-de-586-individus-recherches\\\/219192\\\/#primaryimage\"},\"image\":{\"@id\":\"https:\\\/\\\/www.webdo.tn\\\/fr\\\/actualite\\\/national\\\/tunisie-criminalite-arrestation-de-586-individus-recherches\\\/219192\\\/#primaryimage\"},\"thumbnailUrl\":\"https:\\\/\\\/www.webdo.tn\\\/fr\\\/wp-content\\\/uploads\\\/2025\\\/05\\\/4fada9de250f604fc96bb01ee291db92-2.webp\",\"datePublished\":\"2025-01-20T08:57:00+00:00\",\"dateModified\":\"2025-05-20T21:43:57+00:00\",\"description\":\"Les unit\u00e9s de la Garde nationale tunisienne ont proc\u00e9d\u00e9 \u00e0 l\u2019arrestation de 586 individus faisant l\u2019objet de mandats d\u2019amener et \u00e0 la saisie de 92 v\u00e9hicules sign...\",\"breadcrumb\":{\"@id\":\"https:\\\/\\\/www.webdo.tn\\\/fr\\\/actualite\\\/national\\\/tunisie-criminalite-arrestation-de-586-individus-recherches\\\/219192\\\/#breadcrumb\"},\"inLanguage\":\"fr-FR\",\"potentialAction\":[{\"@type\":\"ReadAction\",\"target\":[\"https:\\\/\\\/www.webdo.tn\\\/fr\\\/actualite\\\/national\\\/tunisie-criminalite-arrestation-de-586-individus-recherches\\\/219192\\\/\"]}]},{\"@type\":\"ImageObject\",\"inLanguage\":\"fr-FR\",\"@id\":\"https:\\\/\\\/www.webdo.tn\\\/fr\\\/actualite\\\/national\\\/tunisie-criminalite-arrestation-de-586-individus-recherches\\\/219192\\\/#primaryimage\",\"url\":\"https:\\\/\\\/www.webdo.tn\\\/fr\\\/wp-content\\\/uploads\\\/2025\\\/05\\\/4fada9de250f604fc96bb01ee291db92-2.webp\",\"contentUrl\":\"https:\\\/\\\/www.webdo.tn\\\/fr\\\/wp-content\\\/uploads\\\/2025\\\/05\\\/4fada9de250f604fc96bb01ee291db92-2.webp\",\"width\":750,\"height\":400},{\"@type\":\"BreadcrumbList\",\"@id\":\"https:\\\/\\\/www.webdo.tn\\\/fr\\\/actualite\\\/national\\\/tunisie-criminalite-arrestation-de-586-individus-recherches\\\/219192\\\/#breadcrumb\",\"itemListElement\":[{\"@type\":\"ListItem\",\"position\":1,\"name\":\"Accueil\",\"item\":\"https:\\\/\\\/www.webdo.tn\\\/fr\\\/\"},{\"@type\":\"ListItem\",\"position\":2,\"name\":\"Tunisie &#8211; criminalit\u00e9 : Arrestation de 586 individus recherch\u00e9s\"}]},{\"@type\":\"WebSite\",\"@id\":\"https:\\\/\\\/www.webdo.tn\\\/fr\\\/#website\",\"url\":\"https:\\\/\\\/www.webdo.tn\\\/fr\\\/\",\"name\":\"webdo\",\"description\":\"Tunisie - News en Tunisie et \u00e0 l&#039;international sur Webdo.tn\",\"publisher\":{\"@id\":\"https:\\\/\\\/www.webdo.tn\\\/fr\\\/#organization\"},\"potentialAction\":[{\"@type\":\"SearchAction\",\"target\":{\"@type\":\"EntryPoint\",\"urlTemplate\":\"https:\\\/\\\/www.webdo.tn\\\/fr\\\/?s={search_term_string}\"},\"query-input\":{\"@type\":\"PropertyValueSpecification\",\"valueRequired\":true,\"valueName\":\"search_term_string\"}}],\"inLanguage\":\"fr-FR\"},{\"@type\":\"Organization\",\"@id\":\"https:\\\/\\\/www.webdo.tn\\\/fr\\\/#organization\",\"name\":\"Webdo\",\"alternateName\":\"Webdo.tn\",\"url\":\"https:\\\/\\\/www.webdo.tn\\\/fr\\\/\",\"logo\":{\"@type\":\"ImageObject\",\"inLanguage\":\"fr-FR\",\"@id\":\"https:\\\/\\\/www.webdo.tn\\\/fr\\\/#\\\/schema\\\/logo\\\/image\\\/\",\"url\":\"https:\\\/\\\/www.webdo.tn\\\/fr\\\/wp-content\\\/uploads\\\/2025\\\/06\\\/Webdo-Tunisie_168377.jpg\",\"contentUrl\":\"https:\\\/\\\/www.webdo.tn\\\/fr\\\/wp-content\\\/uploads\\\/2025\\\/06\\\/Webdo-Tunisie_168377.jpg\",\"width\":301,\"height\":301,\"caption\":\"Webdo\"},\"image\":{\"@id\":\"https:\\\/\\\/www.webdo.tn\\\/fr\\\/#\\\/schema\\\/logo\\\/image\\\/\"},\"sameAs\":[\"https:\\\/\\\/www.facebook.com\\\/webdotn\",\"https:\\\/\\\/x.com\\\/webdo_tn\"],\"description\":\"Webdo est un m\u00e9dia num\u00e9rique tunisien fond\u00e9 en 2010, sp\u00e9cialis\u00e9 dans l\u2019actualit\u00e9 nationale et internationale, l\u2019\u00e9conomie, la soci\u00e9t\u00e9 et les analyses politiques. Le site s\u2019adresse \u00e0 un large public francophone et couvre l\u2019information tunisienne en temps r\u00e9el.\",\"email\":\"redac@webdo.tn\",\"legalName\":\"YNJ SARL\",\"foundingDate\":\"2010-09-06\",\"numberOfEmployees\":{\"@type\":\"QuantitativeValue\",\"minValue\":\"11\",\"maxValue\":\"50\"}},{\"@type\":\"Person\",\"@id\":\"https:\\\/\\\/www.webdo.tn\\\/fr\\\/#\\\/schema\\\/person\\\/2c4929cbf5a809e3bd38617c6ce150f6\",\"name\":\"MC\",\"image\":{\"@type\":\"ImageObject\",\"inLanguage\":\"fr-FR\",\"@id\":\"https:\\\/\\\/secure.gravatar.com\\\/avatar\\\/a545bbb6f84efdd5553dbbc2895e3ca8f1d12c5215e00a041c9670b54aa9b18a?s=96&d=mm&r=g\",\"url\":\"https:\\\/\\\/secure.gravatar.com\\\/avatar\\\/a545bbb6f84efdd5553dbbc2895e3ca8f1d12c5215e00a041c9670b54aa9b18a?s=96&d=mm&r=g\",\"contentUrl\":\"https:\\\/\\\/secure.gravatar.com\\\/avatar\\\/a545bbb6f84efdd5553dbbc2895e3ca8f1d12c5215e00a041c9670b54aa9b18a?s=96&d=mm&r=g\",\"caption\":\"MC\"},\"url\":\"https:\\\/\\\/www.webdo.tn\\\/fr\\\/actualite\\\/author\\\/mc\\\/\"}]}<\/script>\n<!-- \/ Yoast SEO Premium plugin. -->","yoast_head_json":{"title":"Tunisie - criminalit\u00e9 : Arrestation de 586 individus recherch\u00e9s","description":"Les unit\u00e9s de la Garde nationale tunisienne ont proc\u00e9d\u00e9 \u00e0 l\u2019arrestation de 586 individus faisant l\u2019objet de mandats d\u2019amener et \u00e0 la saisie de 92 v\u00e9hicules sign...","canonical":"https:\/\/www.webdo.tn\/fr\/actualite\/national\/tunisie-criminalite-arrestation-de-586-individus-recherches\/219192\/","og_locale":"fr_FR","og_type":"article","og_title":"Tunisie - criminalit\u00e9 : Arrestation de 586 individus recherch\u00e9s","og_description":"Les unit\u00e9s de la Garde nationale tunisienne ont proc\u00e9d\u00e9 \u00e0 l\u2019arrestation de 586 individus faisant l\u2019objet de mandats d\u2019amener et \u00e0 la saisie de 92 v\u00e9hicules sign...","og_url":"https:\/\/www.webdo.tn\/fr\/actualite\/national\/tunisie-criminalite-arrestation-de-586-individus-recherches\/219192\/","og_site_name":"webdo","article_publisher":"https:\/\/www.facebook.com\/webdotn","article_published_time":"2025-01-20T08:57:00+00:00","article_modified_time":"2025-05-20T21:43:57+00:00","og_image":[{"width":750,"height":400,"url":"https:\/\/www.webdo.tn\/fr\/wp-content\/uploads\/2025\/05\/4fada9de250f604fc96bb01ee291db92-2.webp","type":"image\/webp"}],"author":"MC","twitter_card":"summary_large_image","twitter_creator":"@webdo_tn","twitter_site":"@webdo_tn","twitter_misc":{"\u00c9crit par":"MC","Dur\u00e9e de lecture estim\u00e9e":"1 minute"},"schema":{"@context":"https:\/\/schema.org","@graph":[{"@type":"NewsArticle","@id":"https:\/\/www.webdo.tn\/fr\/actualite\/national\/tunisie-criminalite-arrestation-de-586-individus-recherches\/219192\/#article","isPartOf":{"@id":"https:\/\/www.webdo.tn\/fr\/actualite\/national\/tunisie-criminalite-arrestation-de-586-individus-recherches\/219192\/"},"author":{"name":"MC","@id":"https:\/\/www.webdo.tn\/fr\/#\/schema\/person\/2c4929cbf5a809e3bd38617c6ce150f6"},"headline":"Tunisie &#8211; criminalit\u00e9 : Arrestation de 586 individus recherch\u00e9s","datePublished":"2025-01-20T08:57:00+00:00","dateModified":"2025-05-20T21:43:57+00:00","mainEntityOfPage":{"@id":"https:\/\/www.webdo.tn\/fr\/actualite\/national\/tunisie-criminalite-arrestation-de-586-individus-recherches\/219192\/"},"wordCount":286,"commentCount":0,"publisher":{"@id":"https:\/\/www.webdo.tn\/fr\/#organization"},"image":{"@id":"https:\/\/www.webdo.tn\/fr\/actualite\/national\/tunisie-criminalite-arrestation-de-586-individus-recherches\/219192\/#primaryimage"},"thumbnailUrl":"https:\/\/www.webdo.tn\/fr\/wp-content\/uploads\/2025\/05\/4fada9de250f604fc96bb01ee291db92-2.webp","keywords":["arrestations","Garde nationale","recherch\u00e9s","Tunisie"],"articleSection":["National"],"inLanguage":"fr-FR"},{"@type":"WebPage","@id":"https:\/\/www.webdo.tn\/fr\/actualite\/national\/tunisie-criminalite-arrestation-de-586-individus-recherches\/219192\/","url":"https:\/\/www.webdo.tn\/fr\/actualite\/national\/tunisie-criminalite-arrestation-de-586-individus-recherches\/219192\/","name":"Tunisie - criminalit\u00e9 : Arrestation de 586 individus recherch\u00e9s","isPartOf":{"@id":"https:\/\/www.webdo.tn\/fr\/#website"},"primaryImageOfPage":{"@id":"https:\/\/www.webdo.tn\/fr\/actualite\/national\/tunisie-criminalite-arrestation-de-586-individus-recherches\/219192\/#primaryimage"},"image":{"@id":"https:\/\/www.webdo.tn\/fr\/actualite\/national\/tunisie-criminalite-arrestation-de-586-individus-recherches\/219192\/#primaryimage"},"thumbnailUrl":"https:\/\/www.webdo.tn\/fr\/wp-content\/uploads\/2025\/05\/4fada9de250f604fc96bb01ee291db92-2.webp","datePublished":"2025-01-20T08:57:00+00:00","dateModified":"2025-05-20T21:43:57+00:00","description":"Les unit\u00e9s de la Garde nationale tunisienne ont proc\u00e9d\u00e9 \u00e0 l\u2019arrestation de 586 individus faisant l\u2019objet de mandats d\u2019amener et \u00e0 la saisie de 92 v\u00e9hicules sign...","breadcrumb":{"@id":"https:\/\/www.webdo.tn\/fr\/actualite\/national\/tunisie-criminalite-arrestation-de-586-individus-recherches\/219192\/#breadcrumb"},"inLanguage":"fr-FR","potentialAction":[{"@type":"ReadAction","target":["https:\/\/www.webdo.tn\/fr\/actualite\/national\/tunisie-criminalite-arrestation-de-586-individus-recherches\/219192\/"]}]},{"@type":"ImageObject","inLanguage":"fr-FR","@id":"https:\/\/www.webdo.tn\/fr\/actualite\/national\/tunisie-criminalite-arrestation-de-586-individus-recherches\/219192\/#primaryimage","url":"https:\/\/www.webdo.tn\/fr\/wp-content\/uploads\/2025\/05\/4fada9de250f604fc96bb01ee291db92-2.webp","contentUrl":"https:\/\/www.webdo.tn\/fr\/wp-content\/uploads\/2025\/05\/4fada9de250f604fc96bb01ee291db92-2.webp","width":750,"height":400},{"@type":"BreadcrumbList","@id":"https:\/\/www.webdo.tn\/fr\/actualite\/national\/tunisie-criminalite-arrestation-de-586-individus-recherches\/219192\/#breadcrumb","itemListElement":[{"@type":"ListItem","position":1,"name":"Accueil","item":"https:\/\/www.webdo.tn\/fr\/"},{"@type":"ListItem","position":2,"name":"Tunisie &#8211; criminalit\u00e9 : Arrestation de 586 individus recherch\u00e9s"}]},{"@type":"WebSite","@id":"https:\/\/www.webdo.tn\/fr\/#website","url":"https:\/\/www.webdo.tn\/fr\/","name":"webdo","description":"Tunisie - News en Tunisie et \u00e0 l&#039;international sur Webdo.tn","publisher":{"@id":"https:\/\/www.webdo.tn\/fr\/#organization"},"potentialAction":[{"@type":"SearchAction","target":{"@type":"EntryPoint","urlTemplate":"https:\/\/www.webdo.tn\/fr\/?s={search_term_string}"},"query-input":{"@type":"PropertyValueSpecification","valueRequired":true,"valueName":"search_term_string"}}],"inLanguage":"fr-FR"},{"@type":"Organization","@id":"https:\/\/www.webdo.tn\/fr\/#organization","name":"Webdo","alternateName":"Webdo.tn","url":"https:\/\/www.webdo.tn\/fr\/","logo":{"@type":"ImageObject","inLanguage":"fr-FR","@id":"https:\/\/www.webdo.tn\/fr\/#\/schema\/logo\/image\/","url":"https:\/\/www.webdo.tn\/fr\/wp-content\/uploads\/2025\/06\/Webdo-Tunisie_168377.jpg","contentUrl":"https:\/\/www.webdo.tn\/fr\/wp-content\/uploads\/2025\/06\/Webdo-Tunisie_168377.jpg","width":301,"height":301,"caption":"Webdo"},"image":{"@id":"https:\/\/www.webdo.tn\/fr\/#\/schema\/logo\/image\/"},"sameAs":["https:\/\/www.facebook.com\/webdotn","https:\/\/x.com\/webdo_tn"],"description":"Webdo est un m\u00e9dia num\u00e9rique tunisien fond\u00e9 en 2010, sp\u00e9cialis\u00e9 dans l\u2019actualit\u00e9 nationale et internationale, l\u2019\u00e9conomie, la soci\u00e9t\u00e9 et les analyses politiques. Le site s\u2019adresse \u00e0 un large public francophone et couvre l\u2019information tunisienne en temps r\u00e9el.","email":"redac@webdo.tn","legalName":"YNJ SARL","foundingDate":"2010-09-06","numberOfEmployees":{"@type":"QuantitativeValue","minValue":"11","maxValue":"50"}},{"@type":"Person","@id":"https:\/\/www.webdo.tn\/fr\/#\/schema\/person\/2c4929cbf5a809e3bd38617c6ce150f6","name":"MC","image":{"@type":"ImageObject","inLanguage":"fr-FR","@id":"https:\/\/secure.gravatar.com\/avatar\/a545bbb6f84efdd5553dbbc2895e3ca8f1d12c5215e00a041c9670b54aa9b18a?s=96&d=mm&r=g","url":"https:\/\/secure.gravatar.com\/avatar\/a545bbb6f84efdd5553dbbc2895e3ca8f1d12c5215e00a041c9670b54aa9b18a?s=96&d=mm&r=g","contentUrl":"https:\/\/secure.gravatar.com\/avatar\/a545bbb6f84efdd5553dbbc2895e3ca8f1d12c5215e00a041c9670b54aa9b18a?s=96&d=mm&r=g","caption":"MC"},"url":"https:\/\/www.webdo.tn\/fr\/actualite\/author\/mc\/"}]}},"_links":{"self":[{"href":"https:\/\/www.webdo.tn\/fr\/wp-json\/wp\/v2\/posts\/219192","targetHints":{"allow":["GET"]}}],"collection":[{"href":"https:\/\/www.webdo.tn\/fr\/wp-json\/wp\/v2\/posts"}],"about":[{"href":"https:\/\/www.webdo.tn\/fr\/wp-json\/wp\/v2\/types\/post"}],"author":[{"embeddable":true,"href":"https:\/\/www.webdo.tn\/fr\/wp-json\/wp\/v2\/users\/3162"}],"replies":[{"embeddable":true,"href":"https:\/\/www.webdo.tn\/fr\/wp-json\/wp\/v2\/comments?post=219192"}],"version-history":[{"count":0,"href":"https:\/\/www.webdo.tn\/fr\/wp-json\/wp\/v2\/posts\/219192\/revisions"}],"wp:featuredmedia":[{"embeddable":true,"href":"https:\/\/www.webdo.tn\/fr\/wp-json\/wp\/v2\/media\/242782"}],"wp:attachment":[{"href":"https:\/\/www.webdo.tn\/fr\/wp-json\/wp\/v2\/media?parent=219192"}],"wp:term":[{"taxonomy":"category","embeddable":true,"href":"https:\/\/www.webdo.tn\/fr\/wp-json\/wp\/v2\/categories?post=219192"},{"taxonomy":"post_tag","embeddable":true,"href":"https:\/\/www.webdo.tn\/fr\/wp-json\/wp\/v2\/tags?post=219192"}],"curies":[{"name":"wp","href":"https:\/\/api.w.org\/{rel}","templated":true}]}}