{"id":219180,"date":"2025-01-18T11:53:00","date_gmt":"2025-01-18T11:53:00","guid":{"rendered":"https:\/\/www.webdo.tn\/fr\/blog\/2025\/01\/18\/tunisie-un-directeur-d-hopital-place-en-garde-a-vue\/"},"modified":"2025-05-20T21:43:55","modified_gmt":"2025-05-20T21:43:55","slug":"tunisie-un-directeur-d-hopital-place-en-garde-a-vue","status":"publish","type":"post","link":"https:\/\/www.webdo.tn\/fr\/actualite\/divers\/tunisie-un-directeur-d-hopital-place-en-garde-a-vue\/219180\/","title":{"rendered":"Tunisie : Un directeur d\u2019h\u00f4pital plac\u00e9 en garde \u00e0 vue"},"content":{"rendered":"<p>Le parquet du Tribunal de Premi\u00e8re Instance du Kef a ordonn\u00e9 la garde \u00e0 vue\u00a0 du directeur de l&rsquo;h\u00f4pital local de Sakiet Sidi Youssef, a confirm\u00e9 aujourd\u2019hui sur les ondes de Mosaique fm, Yosri Haouami, premier substitut du procureur de la R\u00e9publique aupr\u00e8s du Tribunal de Premi\u00e8re Instance du Kef.<\/p>\n<p>Cette d\u00e9cision a \u00e9t\u00e9 prise apr\u00e8s l&rsquo;ouverture d&rsquo;une enqu\u00eate sur les circonstances de la suspicion d&rsquo;implication dudit directeur dans l&rsquo;agression d&rsquo;un infirmier et de son \u00e9pouse, en poignardant l&rsquo;\u00e9pouse et en mettant le feu \u00e0 l&rsquo;infirmier, selon les premi\u00e8res informations.<\/p>\n<p>En effet, le directeur de l\u2019h\u00f4pital local de Sakiet Sidi Youssef, aurait asperg\u00e9 un infirmier de carburant avant de tenter de le br\u00fbler vif. La victime a \u00e9t\u00e9 l\u00e9g\u00e8rement bless\u00e9e, souffrant de br\u00fblures au bras. Le directeur de l&rsquo;h\u00f4pital avait quant \u00e0 lui pris la fuite avant l&rsquo;arriv\u00e9e des forces de l&rsquo;ordre.<\/p>\n","protected":false},"excerpt":{"rendered":"<p>Le parquet du Tribunal de Premi\u00e8re Instance du Kef a ordonn\u00e9 la garde \u00e0 vue  du directeur de l&rsquo;h\u00f4pital local de Sakiet Sidi Youssef, a confirm\u00e9 aujourd\u2019hui sur&#8230;<\/p>\n","protected":false},"author":3162,"featured_media":242760,"comment_status":"open","ping_status":"open","sticky":false,"template":"","format":"standard","meta":{"footnotes":""},"categories":[2839],"tags":[3180,3045,2858,4089],"class_list":["post-219180","post","type-post","status-publish","format-standard","has-post-thumbnail","hentry","category-divers","tag-directeur","tag-garde-a-vue","tag-hopital","tag-sakiet-sidi-youssef"],"yoast_head":"<!-- This site is optimized with the Yoast SEO Premium plugin v27.5 (Yoast SEO v27.5) - https:\/\/yoast.com\/product\/yoast-seo-premium-wordpress\/ -->\n<title>Tunisie : Un directeur d\u2019h\u00f4pital plac\u00e9 en garde \u00e0 vue<\/title>\n<meta name=\"description\" content=\"Le parquet du Tribunal de Premi\u00e8re Instance du Kef a ordonn\u00e9 la garde \u00e0 vue du directeur de l&#039;h\u00f4pital local de Sakiet Sidi Youssef, a confirm\u00e9 aujourd\u2019hui sur...\" \/>\n<link rel=\"canonical\" href=\"https:\/\/www.webdo.tn\/fr\/actualite\/divers\/tunisie-un-directeur-d-hopital-place-en-garde-a-vue\/219180\/\" \/>\n<meta property=\"og:locale\" content=\"fr_FR\" \/>\n<meta property=\"og:type\" content=\"article\" \/>\n<meta property=\"og:title\" content=\"Tunisie : Un directeur d\u2019h\u00f4pital plac\u00e9 en garde \u00e0 vue\" \/>\n<meta property=\"og:description\" content=\"Le parquet du Tribunal de Premi\u00e8re Instance du Kef a ordonn\u00e9 la garde \u00e0 vue du directeur de l&#039;h\u00f4pital local de Sakiet Sidi Youssef, a confirm\u00e9 aujourd\u2019hui sur...\" \/>\n<meta property=\"og:url\" content=\"https:\/\/www.webdo.tn\/fr\/actualite\/divers\/tunisie-un-directeur-d-hopital-place-en-garde-a-vue\/219180\/\" \/>\n<meta property=\"og:site_name\" content=\"webdo\" \/>\n<meta property=\"article:publisher\" content=\"https:\/\/www.facebook.com\/webdotn\" \/>\n<meta property=\"article:published_time\" content=\"2025-01-18T11:53:00+00:00\" \/>\n<meta property=\"article:modified_time\" content=\"2025-05-20T21:43:55+00:00\" \/>\n<meta property=\"og:image\" content=\"https:\/\/www.webdo.tn\/fr\/wp-content\/uploads\/2025\/05\/83742f18f61e9fcaf2701e160608db41-2.webp\" \/>\n\t<meta property=\"og:image:width\" content=\"748\" \/>\n\t<meta property=\"og:image:height\" content=\"399\" \/>\n\t<meta property=\"og:image:type\" content=\"image\/webp\" \/>\n<meta name=\"author\" content=\"MC\" \/>\n<meta name=\"twitter:card\" content=\"summary_large_image\" \/>\n<meta name=\"twitter:creator\" content=\"@webdo_tn\" \/>\n<meta name=\"twitter:site\" content=\"@webdo_tn\" \/>\n<meta name=\"twitter:label1\" content=\"\u00c9crit par\" \/>\n\t<meta name=\"twitter:data1\" content=\"MC\" \/>\n\t<meta name=\"twitter:label2\" content=\"Dur\u00e9e de lecture estim\u00e9e\" \/>\n\t<meta name=\"twitter:data2\" content=\"1 minute\" \/>\n<script type=\"application\/ld+json\" class=\"yoast-schema-graph\">{\"@context\":\"https:\\\/\\\/schema.org\",\"@graph\":[{\"@type\":\"NewsArticle\",\"@id\":\"https:\\\/\\\/www.webdo.tn\\\/fr\\\/actualite\\\/divers\\\/tunisie-un-directeur-d-hopital-place-en-garde-a-vue\\\/219180\\\/#article\",\"isPartOf\":{\"@id\":\"https:\\\/\\\/www.webdo.tn\\\/fr\\\/actualite\\\/divers\\\/tunisie-un-directeur-d-hopital-place-en-garde-a-vue\\\/219180\\\/\"},\"author\":{\"name\":\"MC\",\"@id\":\"https:\\\/\\\/www.webdo.tn\\\/fr\\\/#\\\/schema\\\/person\\\/2c4929cbf5a809e3bd38617c6ce150f6\"},\"headline\":\"Tunisie : Un directeur d\u2019h\u00f4pital plac\u00e9 en garde \u00e0 vue\",\"datePublished\":\"2025-01-18T11:53:00+00:00\",\"dateModified\":\"2025-05-20T21:43:55+00:00\",\"mainEntityOfPage\":{\"@id\":\"https:\\\/\\\/www.webdo.tn\\\/fr\\\/actualite\\\/divers\\\/tunisie-un-directeur-d-hopital-place-en-garde-a-vue\\\/219180\\\/\"},\"wordCount\":179,\"commentCount\":0,\"publisher\":{\"@id\":\"https:\\\/\\\/www.webdo.tn\\\/fr\\\/#organization\"},\"image\":{\"@id\":\"https:\\\/\\\/www.webdo.tn\\\/fr\\\/actualite\\\/divers\\\/tunisie-un-directeur-d-hopital-place-en-garde-a-vue\\\/219180\\\/#primaryimage\"},\"thumbnailUrl\":\"https:\\\/\\\/www.webdo.tn\\\/fr\\\/wp-content\\\/uploads\\\/2025\\\/05\\\/83742f18f61e9fcaf2701e160608db41-2.webp\",\"keywords\":[\"directeur\",\"garde \u00e0 vue\",\"H\u00f4pital\",\"Sakiet Sidi Youssef\"],\"articleSection\":[\"Divers\"],\"inLanguage\":\"fr-FR\"},{\"@type\":\"WebPage\",\"@id\":\"https:\\\/\\\/www.webdo.tn\\\/fr\\\/actualite\\\/divers\\\/tunisie-un-directeur-d-hopital-place-en-garde-a-vue\\\/219180\\\/\",\"url\":\"https:\\\/\\\/www.webdo.tn\\\/fr\\\/actualite\\\/divers\\\/tunisie-un-directeur-d-hopital-place-en-garde-a-vue\\\/219180\\\/\",\"name\":\"Tunisie : Un directeur d\u2019h\u00f4pital plac\u00e9 en garde \u00e0 vue\",\"isPartOf\":{\"@id\":\"https:\\\/\\\/www.webdo.tn\\\/fr\\\/#website\"},\"primaryImageOfPage\":{\"@id\":\"https:\\\/\\\/www.webdo.tn\\\/fr\\\/actualite\\\/divers\\\/tunisie-un-directeur-d-hopital-place-en-garde-a-vue\\\/219180\\\/#primaryimage\"},\"image\":{\"@id\":\"https:\\\/\\\/www.webdo.tn\\\/fr\\\/actualite\\\/divers\\\/tunisie-un-directeur-d-hopital-place-en-garde-a-vue\\\/219180\\\/#primaryimage\"},\"thumbnailUrl\":\"https:\\\/\\\/www.webdo.tn\\\/fr\\\/wp-content\\\/uploads\\\/2025\\\/05\\\/83742f18f61e9fcaf2701e160608db41-2.webp\",\"datePublished\":\"2025-01-18T11:53:00+00:00\",\"dateModified\":\"2025-05-20T21:43:55+00:00\",\"description\":\"Le parquet du Tribunal de Premi\u00e8re Instance du Kef a ordonn\u00e9 la garde \u00e0 vue du directeur de l'h\u00f4pital local de Sakiet Sidi Youssef, a confirm\u00e9 aujourd\u2019hui sur...\",\"breadcrumb\":{\"@id\":\"https:\\\/\\\/www.webdo.tn\\\/fr\\\/actualite\\\/divers\\\/tunisie-un-directeur-d-hopital-place-en-garde-a-vue\\\/219180\\\/#breadcrumb\"},\"inLanguage\":\"fr-FR\",\"potentialAction\":[{\"@type\":\"ReadAction\",\"target\":[\"https:\\\/\\\/www.webdo.tn\\\/fr\\\/actualite\\\/divers\\\/tunisie-un-directeur-d-hopital-place-en-garde-a-vue\\\/219180\\\/\"]}]},{\"@type\":\"ImageObject\",\"inLanguage\":\"fr-FR\",\"@id\":\"https:\\\/\\\/www.webdo.tn\\\/fr\\\/actualite\\\/divers\\\/tunisie-un-directeur-d-hopital-place-en-garde-a-vue\\\/219180\\\/#primaryimage\",\"url\":\"https:\\\/\\\/www.webdo.tn\\\/fr\\\/wp-content\\\/uploads\\\/2025\\\/05\\\/83742f18f61e9fcaf2701e160608db41-2.webp\",\"contentUrl\":\"https:\\\/\\\/www.webdo.tn\\\/fr\\\/wp-content\\\/uploads\\\/2025\\\/05\\\/83742f18f61e9fcaf2701e160608db41-2.webp\",\"width\":748,\"height\":399},{\"@type\":\"BreadcrumbList\",\"@id\":\"https:\\\/\\\/www.webdo.tn\\\/fr\\\/actualite\\\/divers\\\/tunisie-un-directeur-d-hopital-place-en-garde-a-vue\\\/219180\\\/#breadcrumb\",\"itemListElement\":[{\"@type\":\"ListItem\",\"position\":1,\"name\":\"Accueil\",\"item\":\"https:\\\/\\\/www.webdo.tn\\\/fr\\\/\"},{\"@type\":\"ListItem\",\"position\":2,\"name\":\"Tunisie : Un directeur d\u2019h\u00f4pital plac\u00e9 en garde \u00e0 vue\"}]},{\"@type\":\"WebSite\",\"@id\":\"https:\\\/\\\/www.webdo.tn\\\/fr\\\/#website\",\"url\":\"https:\\\/\\\/www.webdo.tn\\\/fr\\\/\",\"name\":\"webdo\",\"description\":\"Tunisie - News en Tunisie et \u00e0 l&#039;international sur Webdo.tn\",\"publisher\":{\"@id\":\"https:\\\/\\\/www.webdo.tn\\\/fr\\\/#organization\"},\"potentialAction\":[{\"@type\":\"SearchAction\",\"target\":{\"@type\":\"EntryPoint\",\"urlTemplate\":\"https:\\\/\\\/www.webdo.tn\\\/fr\\\/?s={search_term_string}\"},\"query-input\":{\"@type\":\"PropertyValueSpecification\",\"valueRequired\":true,\"valueName\":\"search_term_string\"}}],\"inLanguage\":\"fr-FR\"},{\"@type\":\"Organization\",\"@id\":\"https:\\\/\\\/www.webdo.tn\\\/fr\\\/#organization\",\"name\":\"Webdo\",\"alternateName\":\"Webdo.tn\",\"url\":\"https:\\\/\\\/www.webdo.tn\\\/fr\\\/\",\"logo\":{\"@type\":\"ImageObject\",\"inLanguage\":\"fr-FR\",\"@id\":\"https:\\\/\\\/www.webdo.tn\\\/fr\\\/#\\\/schema\\\/logo\\\/image\\\/\",\"url\":\"https:\\\/\\\/www.webdo.tn\\\/fr\\\/wp-content\\\/uploads\\\/2025\\\/06\\\/Webdo-Tunisie_168377.jpg\",\"contentUrl\":\"https:\\\/\\\/www.webdo.tn\\\/fr\\\/wp-content\\\/uploads\\\/2025\\\/06\\\/Webdo-Tunisie_168377.jpg\",\"width\":301,\"height\":301,\"caption\":\"Webdo\"},\"image\":{\"@id\":\"https:\\\/\\\/www.webdo.tn\\\/fr\\\/#\\\/schema\\\/logo\\\/image\\\/\"},\"sameAs\":[\"https:\\\/\\\/www.facebook.com\\\/webdotn\",\"https:\\\/\\\/x.com\\\/webdo_tn\"],\"description\":\"Webdo est un m\u00e9dia num\u00e9rique tunisien fond\u00e9 en 2010, sp\u00e9cialis\u00e9 dans l\u2019actualit\u00e9 nationale et internationale, l\u2019\u00e9conomie, la soci\u00e9t\u00e9 et les analyses politiques. Le site s\u2019adresse \u00e0 un large public francophone et couvre l\u2019information tunisienne en temps r\u00e9el.\",\"email\":\"redac@webdo.tn\",\"legalName\":\"YNJ SARL\",\"foundingDate\":\"2010-09-06\",\"numberOfEmployees\":{\"@type\":\"QuantitativeValue\",\"minValue\":\"11\",\"maxValue\":\"50\"}},{\"@type\":\"Person\",\"@id\":\"https:\\\/\\\/www.webdo.tn\\\/fr\\\/#\\\/schema\\\/person\\\/2c4929cbf5a809e3bd38617c6ce150f6\",\"name\":\"MC\",\"image\":{\"@type\":\"ImageObject\",\"inLanguage\":\"fr-FR\",\"@id\":\"https:\\\/\\\/secure.gravatar.com\\\/avatar\\\/a545bbb6f84efdd5553dbbc2895e3ca8f1d12c5215e00a041c9670b54aa9b18a?s=96&d=mm&r=g\",\"url\":\"https:\\\/\\\/secure.gravatar.com\\\/avatar\\\/a545bbb6f84efdd5553dbbc2895e3ca8f1d12c5215e00a041c9670b54aa9b18a?s=96&d=mm&r=g\",\"contentUrl\":\"https:\\\/\\\/secure.gravatar.com\\\/avatar\\\/a545bbb6f84efdd5553dbbc2895e3ca8f1d12c5215e00a041c9670b54aa9b18a?s=96&d=mm&r=g\",\"caption\":\"MC\"},\"url\":\"https:\\\/\\\/www.webdo.tn\\\/fr\\\/actualite\\\/author\\\/mc\\\/\"}]}<\/script>\n<!-- \/ Yoast SEO Premium plugin. -->","yoast_head_json":{"title":"Tunisie : Un directeur d\u2019h\u00f4pital plac\u00e9 en garde \u00e0 vue","description":"Le parquet du Tribunal de Premi\u00e8re Instance du Kef a ordonn\u00e9 la garde \u00e0 vue du directeur de l'h\u00f4pital local de Sakiet Sidi Youssef, a confirm\u00e9 aujourd\u2019hui sur...","canonical":"https:\/\/www.webdo.tn\/fr\/actualite\/divers\/tunisie-un-directeur-d-hopital-place-en-garde-a-vue\/219180\/","og_locale":"fr_FR","og_type":"article","og_title":"Tunisie : Un directeur d\u2019h\u00f4pital plac\u00e9 en garde \u00e0 vue","og_description":"Le parquet du Tribunal de Premi\u00e8re Instance du Kef a ordonn\u00e9 la garde \u00e0 vue du directeur de l'h\u00f4pital local de Sakiet Sidi Youssef, a confirm\u00e9 aujourd\u2019hui sur...","og_url":"https:\/\/www.webdo.tn\/fr\/actualite\/divers\/tunisie-un-directeur-d-hopital-place-en-garde-a-vue\/219180\/","og_site_name":"webdo","article_publisher":"https:\/\/www.facebook.com\/webdotn","article_published_time":"2025-01-18T11:53:00+00:00","article_modified_time":"2025-05-20T21:43:55+00:00","og_image":[{"width":748,"height":399,"url":"https:\/\/www.webdo.tn\/fr\/wp-content\/uploads\/2025\/05\/83742f18f61e9fcaf2701e160608db41-2.webp","type":"image\/webp"}],"author":"MC","twitter_card":"summary_large_image","twitter_creator":"@webdo_tn","twitter_site":"@webdo_tn","twitter_misc":{"\u00c9crit par":"MC","Dur\u00e9e de lecture estim\u00e9e":"1 minute"},"schema":{"@context":"https:\/\/schema.org","@graph":[{"@type":"NewsArticle","@id":"https:\/\/www.webdo.tn\/fr\/actualite\/divers\/tunisie-un-directeur-d-hopital-place-en-garde-a-vue\/219180\/#article","isPartOf":{"@id":"https:\/\/www.webdo.tn\/fr\/actualite\/divers\/tunisie-un-directeur-d-hopital-place-en-garde-a-vue\/219180\/"},"author":{"name":"MC","@id":"https:\/\/www.webdo.tn\/fr\/#\/schema\/person\/2c4929cbf5a809e3bd38617c6ce150f6"},"headline":"Tunisie : Un directeur d\u2019h\u00f4pital plac\u00e9 en garde \u00e0 vue","datePublished":"2025-01-18T11:53:00+00:00","dateModified":"2025-05-20T21:43:55+00:00","mainEntityOfPage":{"@id":"https:\/\/www.webdo.tn\/fr\/actualite\/divers\/tunisie-un-directeur-d-hopital-place-en-garde-a-vue\/219180\/"},"wordCount":179,"commentCount":0,"publisher":{"@id":"https:\/\/www.webdo.tn\/fr\/#organization"},"image":{"@id":"https:\/\/www.webdo.tn\/fr\/actualite\/divers\/tunisie-un-directeur-d-hopital-place-en-garde-a-vue\/219180\/#primaryimage"},"thumbnailUrl":"https:\/\/www.webdo.tn\/fr\/wp-content\/uploads\/2025\/05\/83742f18f61e9fcaf2701e160608db41-2.webp","keywords":["directeur","garde \u00e0 vue","H\u00f4pital","Sakiet Sidi Youssef"],"articleSection":["Divers"],"inLanguage":"fr-FR"},{"@type":"WebPage","@id":"https:\/\/www.webdo.tn\/fr\/actualite\/divers\/tunisie-un-directeur-d-hopital-place-en-garde-a-vue\/219180\/","url":"https:\/\/www.webdo.tn\/fr\/actualite\/divers\/tunisie-un-directeur-d-hopital-place-en-garde-a-vue\/219180\/","name":"Tunisie : Un directeur d\u2019h\u00f4pital plac\u00e9 en garde \u00e0 vue","isPartOf":{"@id":"https:\/\/www.webdo.tn\/fr\/#website"},"primaryImageOfPage":{"@id":"https:\/\/www.webdo.tn\/fr\/actualite\/divers\/tunisie-un-directeur-d-hopital-place-en-garde-a-vue\/219180\/#primaryimage"},"image":{"@id":"https:\/\/www.webdo.tn\/fr\/actualite\/divers\/tunisie-un-directeur-d-hopital-place-en-garde-a-vue\/219180\/#primaryimage"},"thumbnailUrl":"https:\/\/www.webdo.tn\/fr\/wp-content\/uploads\/2025\/05\/83742f18f61e9fcaf2701e160608db41-2.webp","datePublished":"2025-01-18T11:53:00+00:00","dateModified":"2025-05-20T21:43:55+00:00","description":"Le parquet du Tribunal de Premi\u00e8re Instance du Kef a ordonn\u00e9 la garde \u00e0 vue du directeur de l'h\u00f4pital local de Sakiet Sidi Youssef, a confirm\u00e9 aujourd\u2019hui sur...","breadcrumb":{"@id":"https:\/\/www.webdo.tn\/fr\/actualite\/divers\/tunisie-un-directeur-d-hopital-place-en-garde-a-vue\/219180\/#breadcrumb"},"inLanguage":"fr-FR","potentialAction":[{"@type":"ReadAction","target":["https:\/\/www.webdo.tn\/fr\/actualite\/divers\/tunisie-un-directeur-d-hopital-place-en-garde-a-vue\/219180\/"]}]},{"@type":"ImageObject","inLanguage":"fr-FR","@id":"https:\/\/www.webdo.tn\/fr\/actualite\/divers\/tunisie-un-directeur-d-hopital-place-en-garde-a-vue\/219180\/#primaryimage","url":"https:\/\/www.webdo.tn\/fr\/wp-content\/uploads\/2025\/05\/83742f18f61e9fcaf2701e160608db41-2.webp","contentUrl":"https:\/\/www.webdo.tn\/fr\/wp-content\/uploads\/2025\/05\/83742f18f61e9fcaf2701e160608db41-2.webp","width":748,"height":399},{"@type":"BreadcrumbList","@id":"https:\/\/www.webdo.tn\/fr\/actualite\/divers\/tunisie-un-directeur-d-hopital-place-en-garde-a-vue\/219180\/#breadcrumb","itemListElement":[{"@type":"ListItem","position":1,"name":"Accueil","item":"https:\/\/www.webdo.tn\/fr\/"},{"@type":"ListItem","position":2,"name":"Tunisie : Un directeur d\u2019h\u00f4pital plac\u00e9 en garde \u00e0 vue"}]},{"@type":"WebSite","@id":"https:\/\/www.webdo.tn\/fr\/#website","url":"https:\/\/www.webdo.tn\/fr\/","name":"webdo","description":"Tunisie - News en Tunisie et \u00e0 l&#039;international sur Webdo.tn","publisher":{"@id":"https:\/\/www.webdo.tn\/fr\/#organization"},"potentialAction":[{"@type":"SearchAction","target":{"@type":"EntryPoint","urlTemplate":"https:\/\/www.webdo.tn\/fr\/?s={search_term_string}"},"query-input":{"@type":"PropertyValueSpecification","valueRequired":true,"valueName":"search_term_string"}}],"inLanguage":"fr-FR"},{"@type":"Organization","@id":"https:\/\/www.webdo.tn\/fr\/#organization","name":"Webdo","alternateName":"Webdo.tn","url":"https:\/\/www.webdo.tn\/fr\/","logo":{"@type":"ImageObject","inLanguage":"fr-FR","@id":"https:\/\/www.webdo.tn\/fr\/#\/schema\/logo\/image\/","url":"https:\/\/www.webdo.tn\/fr\/wp-content\/uploads\/2025\/06\/Webdo-Tunisie_168377.jpg","contentUrl":"https:\/\/www.webdo.tn\/fr\/wp-content\/uploads\/2025\/06\/Webdo-Tunisie_168377.jpg","width":301,"height":301,"caption":"Webdo"},"image":{"@id":"https:\/\/www.webdo.tn\/fr\/#\/schema\/logo\/image\/"},"sameAs":["https:\/\/www.facebook.com\/webdotn","https:\/\/x.com\/webdo_tn"],"description":"Webdo est un m\u00e9dia num\u00e9rique tunisien fond\u00e9 en 2010, sp\u00e9cialis\u00e9 dans l\u2019actualit\u00e9 nationale et internationale, l\u2019\u00e9conomie, la soci\u00e9t\u00e9 et les analyses politiques. Le site s\u2019adresse \u00e0 un large public francophone et couvre l\u2019information tunisienne en temps r\u00e9el.","email":"redac@webdo.tn","legalName":"YNJ SARL","foundingDate":"2010-09-06","numberOfEmployees":{"@type":"QuantitativeValue","minValue":"11","maxValue":"50"}},{"@type":"Person","@id":"https:\/\/www.webdo.tn\/fr\/#\/schema\/person\/2c4929cbf5a809e3bd38617c6ce150f6","name":"MC","image":{"@type":"ImageObject","inLanguage":"fr-FR","@id":"https:\/\/secure.gravatar.com\/avatar\/a545bbb6f84efdd5553dbbc2895e3ca8f1d12c5215e00a041c9670b54aa9b18a?s=96&d=mm&r=g","url":"https:\/\/secure.gravatar.com\/avatar\/a545bbb6f84efdd5553dbbc2895e3ca8f1d12c5215e00a041c9670b54aa9b18a?s=96&d=mm&r=g","contentUrl":"https:\/\/secure.gravatar.com\/avatar\/a545bbb6f84efdd5553dbbc2895e3ca8f1d12c5215e00a041c9670b54aa9b18a?s=96&d=mm&r=g","caption":"MC"},"url":"https:\/\/www.webdo.tn\/fr\/actualite\/author\/mc\/"}]}},"_links":{"self":[{"href":"https:\/\/www.webdo.tn\/fr\/wp-json\/wp\/v2\/posts\/219180","targetHints":{"allow":["GET"]}}],"collection":[{"href":"https:\/\/www.webdo.tn\/fr\/wp-json\/wp\/v2\/posts"}],"about":[{"href":"https:\/\/www.webdo.tn\/fr\/wp-json\/wp\/v2\/types\/post"}],"author":[{"embeddable":true,"href":"https:\/\/www.webdo.tn\/fr\/wp-json\/wp\/v2\/users\/3162"}],"replies":[{"embeddable":true,"href":"https:\/\/www.webdo.tn\/fr\/wp-json\/wp\/v2\/comments?post=219180"}],"version-history":[{"count":0,"href":"https:\/\/www.webdo.tn\/fr\/wp-json\/wp\/v2\/posts\/219180\/revisions"}],"wp:featuredmedia":[{"embeddable":true,"href":"https:\/\/www.webdo.tn\/fr\/wp-json\/wp\/v2\/media\/242760"}],"wp:attachment":[{"href":"https:\/\/www.webdo.tn\/fr\/wp-json\/wp\/v2\/media?parent=219180"}],"wp:term":[{"taxonomy":"category","embeddable":true,"href":"https:\/\/www.webdo.tn\/fr\/wp-json\/wp\/v2\/categories?post=219180"},{"taxonomy":"post_tag","embeddable":true,"href":"https:\/\/www.webdo.tn\/fr\/wp-json\/wp\/v2\/tags?post=219180"}],"curies":[{"name":"wp","href":"https:\/\/api.w.org\/{rel}","templated":true}]}}