{"id":219168,"date":"2025-01-17T19:57:00","date_gmt":"2025-01-17T19:57:00","guid":{"rendered":"https:\/\/www.webdo.tn\/fr\/blog\/tunisie-intemperies-suspension-des-cours-a-jendouba\/219168\/"},"modified":"2025-05-21T09:08:29","modified_gmt":"2025-05-21T09:08:29","slug":"tunisie-intemperies-suspension-des-cours-a-jendouba","status":"publish","type":"post","link":"https:\/\/www.webdo.tn\/fr\/actualite\/regions\/tunisie-intemperies-suspension-des-cours-a-jendouba\/219168\/","title":{"rendered":"Tunisie &#8211; intemp\u00e9ries : Suspension des cours \u00e0 Jendouba"},"content":{"rendered":"<p>Face aux conditions climatiques d\u00e9favorables, le gouverneur de Jendouba, Hichem Hassoumi, a annonc\u00e9 la prolongation de la suspension des cours dans toutes les institutions \u00e9ducatives de la r\u00e9gion pour la journ\u00e9e du samedi 18 janvier 2025.<\/p>\n<p>La m\u00eame mesure s&rsquo;applique aux centres de formation et de r\u00e9habilitation.<\/p>\n<p>Cette d\u00e9cision fait suite aux pluies persistantes et \u00e0 l&rsquo;\u00e9l\u00e9vation du niveau des cours d&rsquo;eau dans plusieurs zones, augmentant les risques de glissements de terrain, d&rsquo;inondations et de perturbations de la circulation. L&rsquo;Institut national de m\u00e9t\u00e9orologie a \u00e9mis des alertes, justifiant ainsi cette prudente mesure.<\/p>\n<p>Le gouverneur a \u00e9galement rappel\u00e9 l&rsquo;importance de la vigilance pour les usagers de la route et les habitants des zones proches des cours d&rsquo;eau, les invitant \u00e0 faire preuve de prudence et \u00e0 se rapprocher des autorit\u00e9s comp\u00e9tentes si n\u00e9cessaire pour assurer leur s\u00e9curit\u00e9.<\/p>\n","protected":false},"excerpt":{"rendered":"<p>Suspension des cours \u00e0 Jendouba le samedi 18 janvier 2025 en raison des intemp\u00e9ries. Le gouverneur annonce des mesures de s\u00e9curit\u00e9 face aux risques de glissemen&#8230;<\/p>\n","protected":false},"author":3166,"featured_media":291704,"comment_status":"open","ping_status":"closed","sticky":false,"template":"","format":"standard","meta":{"footnotes":""},"categories":[2595],"tags":[2712,2768,4360,2608],"class_list":["post-219168","post","type-post","status-publish","format-standard","has-post-thumbnail","hentry","category-regions","tag-intemperies","tag-jendouba","tag-suspension-des-cours","tag-tunisie"],"yoast_head":"<!-- This site is optimized with the Yoast SEO Premium plugin v27.5 (Yoast SEO v27.5) - https:\/\/yoast.com\/product\/yoast-seo-premium-wordpress\/ -->\n<title>Tunisie - intemp\u00e9ries : Suspension des cours \u00e0 Jendouba<\/title>\n<meta name=\"description\" content=\"Suspension des cours \u00e0 Jendouba le samedi 18 janvier 2025 en raison des intemp\u00e9ries. Le gouverneur annonce des mesures de s\u00e9curit\u00e9 face aux risques de glissemen...\" \/>\n<link rel=\"canonical\" href=\"https:\/\/www.webdo.tn\/fr\/actualite\/regions\/tunisie-intemperies-suspension-des-cours-a-jendouba\/219168\/\" \/>\n<meta property=\"og:locale\" content=\"fr_FR\" \/>\n<meta property=\"og:type\" content=\"article\" \/>\n<meta property=\"og:title\" content=\"Tunisie - intemp\u00e9ries : Suspension des cours \u00e0 Jendouba\" \/>\n<meta property=\"og:description\" content=\"Suspension des cours \u00e0 Jendouba le samedi 18 janvier 2025 en raison des intemp\u00e9ries. Le gouverneur annonce des mesures de s\u00e9curit\u00e9 face aux risques de glissemen...\" \/>\n<meta property=\"og:url\" content=\"https:\/\/www.webdo.tn\/fr\/actualite\/regions\/tunisie-intemperies-suspension-des-cours-a-jendouba\/219168\/\" \/>\n<meta property=\"og:site_name\" content=\"webdo\" \/>\n<meta property=\"article:publisher\" content=\"https:\/\/www.facebook.com\/webdotn\" \/>\n<meta property=\"article:published_time\" content=\"2025-01-17T19:57:00+00:00\" \/>\n<meta property=\"article:modified_time\" content=\"2025-05-21T09:08:29+00:00\" \/>\n<meta property=\"og:image\" content=\"https:\/\/www.webdo.tn\/fr\/wp-content\/uploads\/2025\/01\/3f5b9192dd6b6e88c78ae5de675dacbe.webp\" \/>\n\t<meta property=\"og:image:width\" content=\"750\" \/>\n\t<meta property=\"og:image:height\" content=\"400\" \/>\n\t<meta property=\"og:image:type\" content=\"image\/webp\" \/>\n<meta name=\"author\" content=\"AZ\" \/>\n<meta name=\"twitter:card\" content=\"summary_large_image\" \/>\n<meta name=\"twitter:creator\" content=\"@webdo_tn\" \/>\n<meta name=\"twitter:site\" content=\"@webdo_tn\" \/>\n<meta name=\"twitter:label1\" content=\"\u00c9crit par\" \/>\n\t<meta name=\"twitter:data1\" content=\"AZ\" \/>\n\t<meta name=\"twitter:label2\" content=\"Dur\u00e9e de lecture estim\u00e9e\" \/>\n\t<meta name=\"twitter:data2\" content=\"1 minute\" \/>\n<script type=\"application\/ld+json\" class=\"yoast-schema-graph\">{\"@context\":\"https:\\\/\\\/schema.org\",\"@graph\":[{\"@type\":\"NewsArticle\",\"@id\":\"https:\\\/\\\/www.webdo.tn\\\/fr\\\/actualite\\\/regions\\\/tunisie-intemperies-suspension-des-cours-a-jendouba\\\/219168\\\/#article\",\"isPartOf\":{\"@id\":\"https:\\\/\\\/www.webdo.tn\\\/fr\\\/actualite\\\/regions\\\/tunisie-intemperies-suspension-des-cours-a-jendouba\\\/219168\\\/\"},\"author\":{\"name\":\"AZ\",\"@id\":\"https:\\\/\\\/www.webdo.tn\\\/fr\\\/#\\\/schema\\\/person\\\/b8a41c04d93287d375510db360906b34\"},\"headline\":\"Tunisie &#8211; intemp\u00e9ries : Suspension des cours \u00e0 Jendouba\",\"datePublished\":\"2025-01-17T19:57:00+00:00\",\"dateModified\":\"2025-05-21T09:08:29+00:00\",\"mainEntityOfPage\":{\"@id\":\"https:\\\/\\\/www.webdo.tn\\\/fr\\\/actualite\\\/regions\\\/tunisie-intemperies-suspension-des-cours-a-jendouba\\\/219168\\\/\"},\"wordCount\":159,\"commentCount\":0,\"publisher\":{\"@id\":\"https:\\\/\\\/www.webdo.tn\\\/fr\\\/#organization\"},\"image\":{\"@id\":\"https:\\\/\\\/www.webdo.tn\\\/fr\\\/actualite\\\/regions\\\/tunisie-intemperies-suspension-des-cours-a-jendouba\\\/219168\\\/#primaryimage\"},\"thumbnailUrl\":\"https:\\\/\\\/www.webdo.tn\\\/fr\\\/wp-content\\\/uploads\\\/2025\\\/01\\\/3f5b9192dd6b6e88c78ae5de675dacbe.webp\",\"keywords\":[\"Intemp\u00e9ries\",\"jendouba\",\"suspension des cours\",\"Tunisie\"],\"articleSection\":[\"regions\"],\"inLanguage\":\"fr-FR\"},{\"@type\":\"WebPage\",\"@id\":\"https:\\\/\\\/www.webdo.tn\\\/fr\\\/actualite\\\/regions\\\/tunisie-intemperies-suspension-des-cours-a-jendouba\\\/219168\\\/\",\"url\":\"https:\\\/\\\/www.webdo.tn\\\/fr\\\/actualite\\\/regions\\\/tunisie-intemperies-suspension-des-cours-a-jendouba\\\/219168\\\/\",\"name\":\"Tunisie - intemp\u00e9ries : Suspension des cours \u00e0 Jendouba\",\"isPartOf\":{\"@id\":\"https:\\\/\\\/www.webdo.tn\\\/fr\\\/#website\"},\"primaryImageOfPage\":{\"@id\":\"https:\\\/\\\/www.webdo.tn\\\/fr\\\/actualite\\\/regions\\\/tunisie-intemperies-suspension-des-cours-a-jendouba\\\/219168\\\/#primaryimage\"},\"image\":{\"@id\":\"https:\\\/\\\/www.webdo.tn\\\/fr\\\/actualite\\\/regions\\\/tunisie-intemperies-suspension-des-cours-a-jendouba\\\/219168\\\/#primaryimage\"},\"thumbnailUrl\":\"https:\\\/\\\/www.webdo.tn\\\/fr\\\/wp-content\\\/uploads\\\/2025\\\/01\\\/3f5b9192dd6b6e88c78ae5de675dacbe.webp\",\"datePublished\":\"2025-01-17T19:57:00+00:00\",\"dateModified\":\"2025-05-21T09:08:29+00:00\",\"description\":\"Suspension des cours \u00e0 Jendouba le samedi 18 janvier 2025 en raison des intemp\u00e9ries. Le gouverneur annonce des mesures de s\u00e9curit\u00e9 face aux risques de glissemen...\",\"breadcrumb\":{\"@id\":\"https:\\\/\\\/www.webdo.tn\\\/fr\\\/actualite\\\/regions\\\/tunisie-intemperies-suspension-des-cours-a-jendouba\\\/219168\\\/#breadcrumb\"},\"inLanguage\":\"fr-FR\",\"potentialAction\":[{\"@type\":\"ReadAction\",\"target\":[\"https:\\\/\\\/www.webdo.tn\\\/fr\\\/actualite\\\/regions\\\/tunisie-intemperies-suspension-des-cours-a-jendouba\\\/219168\\\/\"]}]},{\"@type\":\"ImageObject\",\"inLanguage\":\"fr-FR\",\"@id\":\"https:\\\/\\\/www.webdo.tn\\\/fr\\\/actualite\\\/regions\\\/tunisie-intemperies-suspension-des-cours-a-jendouba\\\/219168\\\/#primaryimage\",\"url\":\"https:\\\/\\\/www.webdo.tn\\\/fr\\\/wp-content\\\/uploads\\\/2025\\\/01\\\/3f5b9192dd6b6e88c78ae5de675dacbe.webp\",\"contentUrl\":\"https:\\\/\\\/www.webdo.tn\\\/fr\\\/wp-content\\\/uploads\\\/2025\\\/01\\\/3f5b9192dd6b6e88c78ae5de675dacbe.webp\",\"width\":750,\"height\":400,\"caption\":\"Tunisie - intemp\u00e9ries\"},{\"@type\":\"BreadcrumbList\",\"@id\":\"https:\\\/\\\/www.webdo.tn\\\/fr\\\/actualite\\\/regions\\\/tunisie-intemperies-suspension-des-cours-a-jendouba\\\/219168\\\/#breadcrumb\",\"itemListElement\":[{\"@type\":\"ListItem\",\"position\":1,\"name\":\"Accueil\",\"item\":\"https:\\\/\\\/www.webdo.tn\\\/fr\\\/\"},{\"@type\":\"ListItem\",\"position\":2,\"name\":\"Tunisie &#8211; intemp\u00e9ries : Suspension des cours \u00e0 Jendouba\"}]},{\"@type\":\"WebSite\",\"@id\":\"https:\\\/\\\/www.webdo.tn\\\/fr\\\/#website\",\"url\":\"https:\\\/\\\/www.webdo.tn\\\/fr\\\/\",\"name\":\"webdo\",\"description\":\"Tunisie - News en Tunisie et \u00e0 l&#039;international sur Webdo.tn\",\"publisher\":{\"@id\":\"https:\\\/\\\/www.webdo.tn\\\/fr\\\/#organization\"},\"potentialAction\":[{\"@type\":\"SearchAction\",\"target\":{\"@type\":\"EntryPoint\",\"urlTemplate\":\"https:\\\/\\\/www.webdo.tn\\\/fr\\\/?s={search_term_string}\"},\"query-input\":{\"@type\":\"PropertyValueSpecification\",\"valueRequired\":true,\"valueName\":\"search_term_string\"}}],\"inLanguage\":\"fr-FR\"},{\"@type\":\"Organization\",\"@id\":\"https:\\\/\\\/www.webdo.tn\\\/fr\\\/#organization\",\"name\":\"Webdo\",\"alternateName\":\"Webdo.tn\",\"url\":\"https:\\\/\\\/www.webdo.tn\\\/fr\\\/\",\"logo\":{\"@type\":\"ImageObject\",\"inLanguage\":\"fr-FR\",\"@id\":\"https:\\\/\\\/www.webdo.tn\\\/fr\\\/#\\\/schema\\\/logo\\\/image\\\/\",\"url\":\"https:\\\/\\\/www.webdo.tn\\\/fr\\\/wp-content\\\/uploads\\\/2025\\\/06\\\/Webdo-Tunisie_168377.jpg\",\"contentUrl\":\"https:\\\/\\\/www.webdo.tn\\\/fr\\\/wp-content\\\/uploads\\\/2025\\\/06\\\/Webdo-Tunisie_168377.jpg\",\"width\":301,\"height\":301,\"caption\":\"Webdo\"},\"image\":{\"@id\":\"https:\\\/\\\/www.webdo.tn\\\/fr\\\/#\\\/schema\\\/logo\\\/image\\\/\"},\"sameAs\":[\"https:\\\/\\\/www.facebook.com\\\/webdotn\",\"https:\\\/\\\/x.com\\\/webdo_tn\"],\"description\":\"Webdo est un m\u00e9dia num\u00e9rique tunisien fond\u00e9 en 2010, sp\u00e9cialis\u00e9 dans l\u2019actualit\u00e9 nationale et internationale, l\u2019\u00e9conomie, la soci\u00e9t\u00e9 et les analyses politiques. Le site s\u2019adresse \u00e0 un large public francophone et couvre l\u2019information tunisienne en temps r\u00e9el.\",\"email\":\"redac@webdo.tn\",\"legalName\":\"YNJ SARL\",\"foundingDate\":\"2010-09-06\",\"numberOfEmployees\":{\"@type\":\"QuantitativeValue\",\"minValue\":\"11\",\"maxValue\":\"50\"}},{\"@type\":\"Person\",\"@id\":\"https:\\\/\\\/www.webdo.tn\\\/fr\\\/#\\\/schema\\\/person\\\/b8a41c04d93287d375510db360906b34\",\"name\":\"AZ\",\"image\":{\"@type\":\"ImageObject\",\"inLanguage\":\"fr-FR\",\"@id\":\"https:\\\/\\\/secure.gravatar.com\\\/avatar\\\/492b80bada79439de4201dce15cd41eece6c277cfdf1b53382073c79105c1f89?s=96&d=mm&r=g\",\"url\":\"https:\\\/\\\/secure.gravatar.com\\\/avatar\\\/492b80bada79439de4201dce15cd41eece6c277cfdf1b53382073c79105c1f89?s=96&d=mm&r=g\",\"contentUrl\":\"https:\\\/\\\/secure.gravatar.com\\\/avatar\\\/492b80bada79439de4201dce15cd41eece6c277cfdf1b53382073c79105c1f89?s=96&d=mm&r=g\",\"caption\":\"AZ\"},\"url\":\"https:\\\/\\\/www.webdo.tn\\\/fr\\\/actualite\\\/author\\\/az\\\/\"}]}<\/script>\n<!-- \/ Yoast SEO Premium plugin. -->","yoast_head_json":{"title":"Tunisie - intemp\u00e9ries : Suspension des cours \u00e0 Jendouba","description":"Suspension des cours \u00e0 Jendouba le samedi 18 janvier 2025 en raison des intemp\u00e9ries. Le gouverneur annonce des mesures de s\u00e9curit\u00e9 face aux risques de glissemen...","canonical":"https:\/\/www.webdo.tn\/fr\/actualite\/regions\/tunisie-intemperies-suspension-des-cours-a-jendouba\/219168\/","og_locale":"fr_FR","og_type":"article","og_title":"Tunisie - intemp\u00e9ries : Suspension des cours \u00e0 Jendouba","og_description":"Suspension des cours \u00e0 Jendouba le samedi 18 janvier 2025 en raison des intemp\u00e9ries. Le gouverneur annonce des mesures de s\u00e9curit\u00e9 face aux risques de glissemen...","og_url":"https:\/\/www.webdo.tn\/fr\/actualite\/regions\/tunisie-intemperies-suspension-des-cours-a-jendouba\/219168\/","og_site_name":"webdo","article_publisher":"https:\/\/www.facebook.com\/webdotn","article_published_time":"2025-01-17T19:57:00+00:00","article_modified_time":"2025-05-21T09:08:29+00:00","og_image":[{"width":750,"height":400,"url":"https:\/\/www.webdo.tn\/fr\/wp-content\/uploads\/2025\/01\/3f5b9192dd6b6e88c78ae5de675dacbe.webp","type":"image\/webp"}],"author":"AZ","twitter_card":"summary_large_image","twitter_creator":"@webdo_tn","twitter_site":"@webdo_tn","twitter_misc":{"\u00c9crit par":"AZ","Dur\u00e9e de lecture estim\u00e9e":"1 minute"},"schema":{"@context":"https:\/\/schema.org","@graph":[{"@type":"NewsArticle","@id":"https:\/\/www.webdo.tn\/fr\/actualite\/regions\/tunisie-intemperies-suspension-des-cours-a-jendouba\/219168\/#article","isPartOf":{"@id":"https:\/\/www.webdo.tn\/fr\/actualite\/regions\/tunisie-intemperies-suspension-des-cours-a-jendouba\/219168\/"},"author":{"name":"AZ","@id":"https:\/\/www.webdo.tn\/fr\/#\/schema\/person\/b8a41c04d93287d375510db360906b34"},"headline":"Tunisie &#8211; intemp\u00e9ries : Suspension des cours \u00e0 Jendouba","datePublished":"2025-01-17T19:57:00+00:00","dateModified":"2025-05-21T09:08:29+00:00","mainEntityOfPage":{"@id":"https:\/\/www.webdo.tn\/fr\/actualite\/regions\/tunisie-intemperies-suspension-des-cours-a-jendouba\/219168\/"},"wordCount":159,"commentCount":0,"publisher":{"@id":"https:\/\/www.webdo.tn\/fr\/#organization"},"image":{"@id":"https:\/\/www.webdo.tn\/fr\/actualite\/regions\/tunisie-intemperies-suspension-des-cours-a-jendouba\/219168\/#primaryimage"},"thumbnailUrl":"https:\/\/www.webdo.tn\/fr\/wp-content\/uploads\/2025\/01\/3f5b9192dd6b6e88c78ae5de675dacbe.webp","keywords":["Intemp\u00e9ries","jendouba","suspension des cours","Tunisie"],"articleSection":["regions"],"inLanguage":"fr-FR"},{"@type":"WebPage","@id":"https:\/\/www.webdo.tn\/fr\/actualite\/regions\/tunisie-intemperies-suspension-des-cours-a-jendouba\/219168\/","url":"https:\/\/www.webdo.tn\/fr\/actualite\/regions\/tunisie-intemperies-suspension-des-cours-a-jendouba\/219168\/","name":"Tunisie - intemp\u00e9ries : Suspension des cours \u00e0 Jendouba","isPartOf":{"@id":"https:\/\/www.webdo.tn\/fr\/#website"},"primaryImageOfPage":{"@id":"https:\/\/www.webdo.tn\/fr\/actualite\/regions\/tunisie-intemperies-suspension-des-cours-a-jendouba\/219168\/#primaryimage"},"image":{"@id":"https:\/\/www.webdo.tn\/fr\/actualite\/regions\/tunisie-intemperies-suspension-des-cours-a-jendouba\/219168\/#primaryimage"},"thumbnailUrl":"https:\/\/www.webdo.tn\/fr\/wp-content\/uploads\/2025\/01\/3f5b9192dd6b6e88c78ae5de675dacbe.webp","datePublished":"2025-01-17T19:57:00+00:00","dateModified":"2025-05-21T09:08:29+00:00","description":"Suspension des cours \u00e0 Jendouba le samedi 18 janvier 2025 en raison des intemp\u00e9ries. Le gouverneur annonce des mesures de s\u00e9curit\u00e9 face aux risques de glissemen...","breadcrumb":{"@id":"https:\/\/www.webdo.tn\/fr\/actualite\/regions\/tunisie-intemperies-suspension-des-cours-a-jendouba\/219168\/#breadcrumb"},"inLanguage":"fr-FR","potentialAction":[{"@type":"ReadAction","target":["https:\/\/www.webdo.tn\/fr\/actualite\/regions\/tunisie-intemperies-suspension-des-cours-a-jendouba\/219168\/"]}]},{"@type":"ImageObject","inLanguage":"fr-FR","@id":"https:\/\/www.webdo.tn\/fr\/actualite\/regions\/tunisie-intemperies-suspension-des-cours-a-jendouba\/219168\/#primaryimage","url":"https:\/\/www.webdo.tn\/fr\/wp-content\/uploads\/2025\/01\/3f5b9192dd6b6e88c78ae5de675dacbe.webp","contentUrl":"https:\/\/www.webdo.tn\/fr\/wp-content\/uploads\/2025\/01\/3f5b9192dd6b6e88c78ae5de675dacbe.webp","width":750,"height":400,"caption":"Tunisie - intemp\u00e9ries"},{"@type":"BreadcrumbList","@id":"https:\/\/www.webdo.tn\/fr\/actualite\/regions\/tunisie-intemperies-suspension-des-cours-a-jendouba\/219168\/#breadcrumb","itemListElement":[{"@type":"ListItem","position":1,"name":"Accueil","item":"https:\/\/www.webdo.tn\/fr\/"},{"@type":"ListItem","position":2,"name":"Tunisie &#8211; intemp\u00e9ries : Suspension des cours \u00e0 Jendouba"}]},{"@type":"WebSite","@id":"https:\/\/www.webdo.tn\/fr\/#website","url":"https:\/\/www.webdo.tn\/fr\/","name":"webdo","description":"Tunisie - News en Tunisie et \u00e0 l&#039;international sur Webdo.tn","publisher":{"@id":"https:\/\/www.webdo.tn\/fr\/#organization"},"potentialAction":[{"@type":"SearchAction","target":{"@type":"EntryPoint","urlTemplate":"https:\/\/www.webdo.tn\/fr\/?s={search_term_string}"},"query-input":{"@type":"PropertyValueSpecification","valueRequired":true,"valueName":"search_term_string"}}],"inLanguage":"fr-FR"},{"@type":"Organization","@id":"https:\/\/www.webdo.tn\/fr\/#organization","name":"Webdo","alternateName":"Webdo.tn","url":"https:\/\/www.webdo.tn\/fr\/","logo":{"@type":"ImageObject","inLanguage":"fr-FR","@id":"https:\/\/www.webdo.tn\/fr\/#\/schema\/logo\/image\/","url":"https:\/\/www.webdo.tn\/fr\/wp-content\/uploads\/2025\/06\/Webdo-Tunisie_168377.jpg","contentUrl":"https:\/\/www.webdo.tn\/fr\/wp-content\/uploads\/2025\/06\/Webdo-Tunisie_168377.jpg","width":301,"height":301,"caption":"Webdo"},"image":{"@id":"https:\/\/www.webdo.tn\/fr\/#\/schema\/logo\/image\/"},"sameAs":["https:\/\/www.facebook.com\/webdotn","https:\/\/x.com\/webdo_tn"],"description":"Webdo est un m\u00e9dia num\u00e9rique tunisien fond\u00e9 en 2010, sp\u00e9cialis\u00e9 dans l\u2019actualit\u00e9 nationale et internationale, l\u2019\u00e9conomie, la soci\u00e9t\u00e9 et les analyses politiques. Le site s\u2019adresse \u00e0 un large public francophone et couvre l\u2019information tunisienne en temps r\u00e9el.","email":"redac@webdo.tn","legalName":"YNJ SARL","foundingDate":"2010-09-06","numberOfEmployees":{"@type":"QuantitativeValue","minValue":"11","maxValue":"50"}},{"@type":"Person","@id":"https:\/\/www.webdo.tn\/fr\/#\/schema\/person\/b8a41c04d93287d375510db360906b34","name":"AZ","image":{"@type":"ImageObject","inLanguage":"fr-FR","@id":"https:\/\/secure.gravatar.com\/avatar\/492b80bada79439de4201dce15cd41eece6c277cfdf1b53382073c79105c1f89?s=96&d=mm&r=g","url":"https:\/\/secure.gravatar.com\/avatar\/492b80bada79439de4201dce15cd41eece6c277cfdf1b53382073c79105c1f89?s=96&d=mm&r=g","contentUrl":"https:\/\/secure.gravatar.com\/avatar\/492b80bada79439de4201dce15cd41eece6c277cfdf1b53382073c79105c1f89?s=96&d=mm&r=g","caption":"AZ"},"url":"https:\/\/www.webdo.tn\/fr\/actualite\/author\/az\/"}]}},"_links":{"self":[{"href":"https:\/\/www.webdo.tn\/fr\/wp-json\/wp\/v2\/posts\/219168","targetHints":{"allow":["GET"]}}],"collection":[{"href":"https:\/\/www.webdo.tn\/fr\/wp-json\/wp\/v2\/posts"}],"about":[{"href":"https:\/\/www.webdo.tn\/fr\/wp-json\/wp\/v2\/types\/post"}],"author":[{"embeddable":true,"href":"https:\/\/www.webdo.tn\/fr\/wp-json\/wp\/v2\/users\/3166"}],"replies":[{"embeddable":true,"href":"https:\/\/www.webdo.tn\/fr\/wp-json\/wp\/v2\/comments?post=219168"}],"version-history":[{"count":0,"href":"https:\/\/www.webdo.tn\/fr\/wp-json\/wp\/v2\/posts\/219168\/revisions"}],"wp:featuredmedia":[{"embeddable":true,"href":"https:\/\/www.webdo.tn\/fr\/wp-json\/wp\/v2\/media\/291704"}],"wp:attachment":[{"href":"https:\/\/www.webdo.tn\/fr\/wp-json\/wp\/v2\/media?parent=219168"}],"wp:term":[{"taxonomy":"category","embeddable":true,"href":"https:\/\/www.webdo.tn\/fr\/wp-json\/wp\/v2\/categories?post=219168"},{"taxonomy":"post_tag","embeddable":true,"href":"https:\/\/www.webdo.tn\/fr\/wp-json\/wp\/v2\/tags?post=219168"}],"curies":[{"name":"wp","href":"https:\/\/api.w.org\/{rel}","templated":true}]}}