{"id":219166,"date":"2025-01-17T19:36:00","date_gmt":"2025-01-17T19:36:00","guid":{"rendered":"https:\/\/www.webdo.tn\/fr\/blog\/le-kef-un-directeur-d-hopital-tente-d-immoler-un-infirmier\/219166\/"},"modified":"2025-05-21T09:08:29","modified_gmt":"2025-05-21T09:08:29","slug":"le-kef-un-directeur-d-hopital-tente-d-immoler-un-infirmier","status":"publish","type":"post","link":"https:\/\/www.webdo.tn\/fr\/actualite\/divers\/le-kef-un-directeur-d-hopital-tente-d-immoler-un-infirmier\/219166\/","title":{"rendered":"Le Kef : Un directeur d\u2019h\u00f4pital tente d&rsquo;immoler un infirmier"},"content":{"rendered":"<p>Le directeur de l\u2019h\u00f4pital local de Sakiet Sidi Youssef, dans le gouvernorat du Kef, aurait asperg\u00e9 un infirmier de carburant avant de tenter de le br\u00fbler vif.<\/p>\n<p>\t\t\t\t\t\t\t\t\tLa victime a \u00e9t\u00e9 l\u00e9g\u00e8rement bless\u00e9e, souffrant de br\u00fblures au bras. Le directeur de l&rsquo;h\u00f4pital a quant \u00e0 lui pris la fuite avant l&rsquo;arriv\u00e9e des forces de l&rsquo;ordre.<\/p>\n<p>Selon Mosa\u00efque FM, une enqu\u00eate a \u00e9t\u00e9 ouverte pour faire la lumi\u00e8re sur cet incident.<\/p>\n","protected":false},"excerpt":{"rendered":"<p>Un incident a eu lieu \u00e0 l\u2019h\u00f4pital de Sakiet Sidi Youssef, o\u00f9 le directeur aurait tent\u00e9 de br\u00fbler un infirmier. Une enqu\u00eate est en cours.<\/p>\n","protected":false},"author":3166,"featured_media":291703,"comment_status":"open","ping_status":"closed","sticky":false,"template":"","format":"standard","meta":{"footnotes":""},"categories":[2839],"tags":[2858,4082,4089,2608],"class_list":["post-219166","post","type-post","status-publish","format-standard","has-post-thumbnail","hentry","category-divers","tag-hopital","tag-immolation","tag-sakiet-sidi-youssef","tag-tunisie"],"yoast_head":"<!-- This site is optimized with the Yoast SEO Premium plugin v27.5 (Yoast SEO v27.5) - https:\/\/yoast.com\/product\/yoast-seo-premium-wordpress\/ -->\n<title>Le Kef : Un directeur d\u2019h\u00f4pital tente d&#039;immoler un infirmier<\/title>\n<meta name=\"description\" content=\"Un incident a eu lieu \u00e0 l\u2019h\u00f4pital de Sakiet Sidi Youssef, o\u00f9 le directeur aurait tent\u00e9 de br\u00fbler un infirmier. Une enqu\u00eate est en cours.\" \/>\n<link rel=\"canonical\" href=\"https:\/\/www.webdo.tn\/fr\/actualite\/divers\/le-kef-un-directeur-d-hopital-tente-d-immoler-un-infirmier\/219166\/\" \/>\n<meta property=\"og:locale\" content=\"fr_FR\" \/>\n<meta property=\"og:type\" content=\"article\" \/>\n<meta property=\"og:title\" content=\"Le Kef : Un directeur d\u2019h\u00f4pital tente d&#039;immoler un infirmier\" \/>\n<meta property=\"og:description\" content=\"Un incident a eu lieu \u00e0 l\u2019h\u00f4pital de Sakiet Sidi Youssef, o\u00f9 le directeur aurait tent\u00e9 de br\u00fbler un infirmier. Une enqu\u00eate est en cours.\" \/>\n<meta property=\"og:url\" content=\"https:\/\/www.webdo.tn\/fr\/actualite\/divers\/le-kef-un-directeur-d-hopital-tente-d-immoler-un-infirmier\/219166\/\" \/>\n<meta property=\"og:site_name\" content=\"webdo\" \/>\n<meta property=\"article:publisher\" content=\"https:\/\/www.facebook.com\/webdotn\" \/>\n<meta property=\"article:published_time\" content=\"2025-01-17T19:36:00+00:00\" \/>\n<meta property=\"article:modified_time\" content=\"2025-05-21T09:08:29+00:00\" \/>\n<meta property=\"og:image\" content=\"https:\/\/www.webdo.tn\/fr\/wp-content\/uploads\/2025\/01\/4236f9c9543e7216fd5962bc0b3b823a.webp\" \/>\n\t<meta property=\"og:image:width\" content=\"750\" \/>\n\t<meta property=\"og:image:height\" content=\"400\" \/>\n\t<meta property=\"og:image:type\" content=\"image\/webp\" \/>\n<meta name=\"author\" content=\"AZ\" \/>\n<meta name=\"twitter:card\" content=\"summary_large_image\" \/>\n<meta name=\"twitter:creator\" content=\"@webdo_tn\" \/>\n<meta name=\"twitter:site\" content=\"@webdo_tn\" \/>\n<meta name=\"twitter:label1\" content=\"\u00c9crit par\" \/>\n\t<meta name=\"twitter:data1\" content=\"AZ\" \/>\n<script type=\"application\/ld+json\" class=\"yoast-schema-graph\">{\"@context\":\"https:\\\/\\\/schema.org\",\"@graph\":[{\"@type\":\"NewsArticle\",\"@id\":\"https:\\\/\\\/www.webdo.tn\\\/fr\\\/actualite\\\/divers\\\/le-kef-un-directeur-d-hopital-tente-d-immoler-un-infirmier\\\/219166\\\/#article\",\"isPartOf\":{\"@id\":\"https:\\\/\\\/www.webdo.tn\\\/fr\\\/actualite\\\/divers\\\/le-kef-un-directeur-d-hopital-tente-d-immoler-un-infirmier\\\/219166\\\/\"},\"author\":{\"name\":\"AZ\",\"@id\":\"https:\\\/\\\/www.webdo.tn\\\/fr\\\/#\\\/schema\\\/person\\\/b8a41c04d93287d375510db360906b34\"},\"headline\":\"Le Kef : Un directeur d\u2019h\u00f4pital tente d&rsquo;immoler un infirmier\",\"datePublished\":\"2025-01-17T19:36:00+00:00\",\"dateModified\":\"2025-05-21T09:08:29+00:00\",\"mainEntityOfPage\":{\"@id\":\"https:\\\/\\\/www.webdo.tn\\\/fr\\\/actualite\\\/divers\\\/le-kef-un-directeur-d-hopital-tente-d-immoler-un-infirmier\\\/219166\\\/\"},\"wordCount\":96,\"commentCount\":0,\"publisher\":{\"@id\":\"https:\\\/\\\/www.webdo.tn\\\/fr\\\/#organization\"},\"image\":{\"@id\":\"https:\\\/\\\/www.webdo.tn\\\/fr\\\/actualite\\\/divers\\\/le-kef-un-directeur-d-hopital-tente-d-immoler-un-infirmier\\\/219166\\\/#primaryimage\"},\"thumbnailUrl\":\"https:\\\/\\\/www.webdo.tn\\\/fr\\\/wp-content\\\/uploads\\\/2025\\\/01\\\/4236f9c9543e7216fd5962bc0b3b823a.webp\",\"keywords\":[\"H\u00f4pital\",\"Immolation\",\"Sakiet Sidi Youssef\",\"Tunisie\"],\"articleSection\":[\"Divers\"],\"inLanguage\":\"fr-FR\"},{\"@type\":\"WebPage\",\"@id\":\"https:\\\/\\\/www.webdo.tn\\\/fr\\\/actualite\\\/divers\\\/le-kef-un-directeur-d-hopital-tente-d-immoler-un-infirmier\\\/219166\\\/\",\"url\":\"https:\\\/\\\/www.webdo.tn\\\/fr\\\/actualite\\\/divers\\\/le-kef-un-directeur-d-hopital-tente-d-immoler-un-infirmier\\\/219166\\\/\",\"name\":\"Le Kef : Un directeur d\u2019h\u00f4pital tente d'immoler un infirmier\",\"isPartOf\":{\"@id\":\"https:\\\/\\\/www.webdo.tn\\\/fr\\\/#website\"},\"primaryImageOfPage\":{\"@id\":\"https:\\\/\\\/www.webdo.tn\\\/fr\\\/actualite\\\/divers\\\/le-kef-un-directeur-d-hopital-tente-d-immoler-un-infirmier\\\/219166\\\/#primaryimage\"},\"image\":{\"@id\":\"https:\\\/\\\/www.webdo.tn\\\/fr\\\/actualite\\\/divers\\\/le-kef-un-directeur-d-hopital-tente-d-immoler-un-infirmier\\\/219166\\\/#primaryimage\"},\"thumbnailUrl\":\"https:\\\/\\\/www.webdo.tn\\\/fr\\\/wp-content\\\/uploads\\\/2025\\\/01\\\/4236f9c9543e7216fd5962bc0b3b823a.webp\",\"datePublished\":\"2025-01-17T19:36:00+00:00\",\"dateModified\":\"2025-05-21T09:08:29+00:00\",\"description\":\"Un incident a eu lieu \u00e0 l\u2019h\u00f4pital de Sakiet Sidi Youssef, o\u00f9 le directeur aurait tent\u00e9 de br\u00fbler un infirmier. Une enqu\u00eate est en cours.\",\"breadcrumb\":{\"@id\":\"https:\\\/\\\/www.webdo.tn\\\/fr\\\/actualite\\\/divers\\\/le-kef-un-directeur-d-hopital-tente-d-immoler-un-infirmier\\\/219166\\\/#breadcrumb\"},\"inLanguage\":\"fr-FR\",\"potentialAction\":[{\"@type\":\"ReadAction\",\"target\":[\"https:\\\/\\\/www.webdo.tn\\\/fr\\\/actualite\\\/divers\\\/le-kef-un-directeur-d-hopital-tente-d-immoler-un-infirmier\\\/219166\\\/\"]}]},{\"@type\":\"ImageObject\",\"inLanguage\":\"fr-FR\",\"@id\":\"https:\\\/\\\/www.webdo.tn\\\/fr\\\/actualite\\\/divers\\\/le-kef-un-directeur-d-hopital-tente-d-immoler-un-infirmier\\\/219166\\\/#primaryimage\",\"url\":\"https:\\\/\\\/www.webdo.tn\\\/fr\\\/wp-content\\\/uploads\\\/2025\\\/01\\\/4236f9c9543e7216fd5962bc0b3b823a.webp\",\"contentUrl\":\"https:\\\/\\\/www.webdo.tn\\\/fr\\\/wp-content\\\/uploads\\\/2025\\\/01\\\/4236f9c9543e7216fd5962bc0b3b823a.webp\",\"width\":750,\"height\":400,\"caption\":\"Le Kef : Un directeur d\u2019h\u00f4pital tente d'immoler un infirmier\"},{\"@type\":\"BreadcrumbList\",\"@id\":\"https:\\\/\\\/www.webdo.tn\\\/fr\\\/actualite\\\/divers\\\/le-kef-un-directeur-d-hopital-tente-d-immoler-un-infirmier\\\/219166\\\/#breadcrumb\",\"itemListElement\":[{\"@type\":\"ListItem\",\"position\":1,\"name\":\"Accueil\",\"item\":\"https:\\\/\\\/www.webdo.tn\\\/fr\\\/\"},{\"@type\":\"ListItem\",\"position\":2,\"name\":\"Le Kef : Un directeur d\u2019h\u00f4pital tente d&rsquo;immoler un infirmier\"}]},{\"@type\":\"WebSite\",\"@id\":\"https:\\\/\\\/www.webdo.tn\\\/fr\\\/#website\",\"url\":\"https:\\\/\\\/www.webdo.tn\\\/fr\\\/\",\"name\":\"webdo\",\"description\":\"Tunisie - News en Tunisie et \u00e0 l&#039;international sur Webdo.tn\",\"publisher\":{\"@id\":\"https:\\\/\\\/www.webdo.tn\\\/fr\\\/#organization\"},\"potentialAction\":[{\"@type\":\"SearchAction\",\"target\":{\"@type\":\"EntryPoint\",\"urlTemplate\":\"https:\\\/\\\/www.webdo.tn\\\/fr\\\/?s={search_term_string}\"},\"query-input\":{\"@type\":\"PropertyValueSpecification\",\"valueRequired\":true,\"valueName\":\"search_term_string\"}}],\"inLanguage\":\"fr-FR\"},{\"@type\":\"Organization\",\"@id\":\"https:\\\/\\\/www.webdo.tn\\\/fr\\\/#organization\",\"name\":\"Webdo\",\"alternateName\":\"Webdo.tn\",\"url\":\"https:\\\/\\\/www.webdo.tn\\\/fr\\\/\",\"logo\":{\"@type\":\"ImageObject\",\"inLanguage\":\"fr-FR\",\"@id\":\"https:\\\/\\\/www.webdo.tn\\\/fr\\\/#\\\/schema\\\/logo\\\/image\\\/\",\"url\":\"https:\\\/\\\/www.webdo.tn\\\/fr\\\/wp-content\\\/uploads\\\/2025\\\/06\\\/Webdo-Tunisie_168377.jpg\",\"contentUrl\":\"https:\\\/\\\/www.webdo.tn\\\/fr\\\/wp-content\\\/uploads\\\/2025\\\/06\\\/Webdo-Tunisie_168377.jpg\",\"width\":301,\"height\":301,\"caption\":\"Webdo\"},\"image\":{\"@id\":\"https:\\\/\\\/www.webdo.tn\\\/fr\\\/#\\\/schema\\\/logo\\\/image\\\/\"},\"sameAs\":[\"https:\\\/\\\/www.facebook.com\\\/webdotn\",\"https:\\\/\\\/x.com\\\/webdo_tn\"],\"description\":\"Webdo est un m\u00e9dia num\u00e9rique tunisien fond\u00e9 en 2010, sp\u00e9cialis\u00e9 dans l\u2019actualit\u00e9 nationale et internationale, l\u2019\u00e9conomie, la soci\u00e9t\u00e9 et les analyses politiques. Le site s\u2019adresse \u00e0 un large public francophone et couvre l\u2019information tunisienne en temps r\u00e9el.\",\"email\":\"redac@webdo.tn\",\"legalName\":\"YNJ SARL\",\"foundingDate\":\"2010-09-06\",\"numberOfEmployees\":{\"@type\":\"QuantitativeValue\",\"minValue\":\"11\",\"maxValue\":\"50\"}},{\"@type\":\"Person\",\"@id\":\"https:\\\/\\\/www.webdo.tn\\\/fr\\\/#\\\/schema\\\/person\\\/b8a41c04d93287d375510db360906b34\",\"name\":\"AZ\",\"image\":{\"@type\":\"ImageObject\",\"inLanguage\":\"fr-FR\",\"@id\":\"https:\\\/\\\/secure.gravatar.com\\\/avatar\\\/492b80bada79439de4201dce15cd41eece6c277cfdf1b53382073c79105c1f89?s=96&d=mm&r=g\",\"url\":\"https:\\\/\\\/secure.gravatar.com\\\/avatar\\\/492b80bada79439de4201dce15cd41eece6c277cfdf1b53382073c79105c1f89?s=96&d=mm&r=g\",\"contentUrl\":\"https:\\\/\\\/secure.gravatar.com\\\/avatar\\\/492b80bada79439de4201dce15cd41eece6c277cfdf1b53382073c79105c1f89?s=96&d=mm&r=g\",\"caption\":\"AZ\"},\"url\":\"https:\\\/\\\/www.webdo.tn\\\/fr\\\/actualite\\\/author\\\/az\\\/\"}]}<\/script>\n<!-- \/ Yoast SEO Premium plugin. -->","yoast_head_json":{"title":"Le Kef : Un directeur d\u2019h\u00f4pital tente d'immoler un infirmier","description":"Un incident a eu lieu \u00e0 l\u2019h\u00f4pital de Sakiet Sidi Youssef, o\u00f9 le directeur aurait tent\u00e9 de br\u00fbler un infirmier. Une enqu\u00eate est en cours.","canonical":"https:\/\/www.webdo.tn\/fr\/actualite\/divers\/le-kef-un-directeur-d-hopital-tente-d-immoler-un-infirmier\/219166\/","og_locale":"fr_FR","og_type":"article","og_title":"Le Kef : Un directeur d\u2019h\u00f4pital tente d'immoler un infirmier","og_description":"Un incident a eu lieu \u00e0 l\u2019h\u00f4pital de Sakiet Sidi Youssef, o\u00f9 le directeur aurait tent\u00e9 de br\u00fbler un infirmier. Une enqu\u00eate est en cours.","og_url":"https:\/\/www.webdo.tn\/fr\/actualite\/divers\/le-kef-un-directeur-d-hopital-tente-d-immoler-un-infirmier\/219166\/","og_site_name":"webdo","article_publisher":"https:\/\/www.facebook.com\/webdotn","article_published_time":"2025-01-17T19:36:00+00:00","article_modified_time":"2025-05-21T09:08:29+00:00","og_image":[{"width":750,"height":400,"url":"https:\/\/www.webdo.tn\/fr\/wp-content\/uploads\/2025\/01\/4236f9c9543e7216fd5962bc0b3b823a.webp","type":"image\/webp"}],"author":"AZ","twitter_card":"summary_large_image","twitter_creator":"@webdo_tn","twitter_site":"@webdo_tn","twitter_misc":{"\u00c9crit par":"AZ"},"schema":{"@context":"https:\/\/schema.org","@graph":[{"@type":"NewsArticle","@id":"https:\/\/www.webdo.tn\/fr\/actualite\/divers\/le-kef-un-directeur-d-hopital-tente-d-immoler-un-infirmier\/219166\/#article","isPartOf":{"@id":"https:\/\/www.webdo.tn\/fr\/actualite\/divers\/le-kef-un-directeur-d-hopital-tente-d-immoler-un-infirmier\/219166\/"},"author":{"name":"AZ","@id":"https:\/\/www.webdo.tn\/fr\/#\/schema\/person\/b8a41c04d93287d375510db360906b34"},"headline":"Le Kef : Un directeur d\u2019h\u00f4pital tente d&rsquo;immoler un infirmier","datePublished":"2025-01-17T19:36:00+00:00","dateModified":"2025-05-21T09:08:29+00:00","mainEntityOfPage":{"@id":"https:\/\/www.webdo.tn\/fr\/actualite\/divers\/le-kef-un-directeur-d-hopital-tente-d-immoler-un-infirmier\/219166\/"},"wordCount":96,"commentCount":0,"publisher":{"@id":"https:\/\/www.webdo.tn\/fr\/#organization"},"image":{"@id":"https:\/\/www.webdo.tn\/fr\/actualite\/divers\/le-kef-un-directeur-d-hopital-tente-d-immoler-un-infirmier\/219166\/#primaryimage"},"thumbnailUrl":"https:\/\/www.webdo.tn\/fr\/wp-content\/uploads\/2025\/01\/4236f9c9543e7216fd5962bc0b3b823a.webp","keywords":["H\u00f4pital","Immolation","Sakiet Sidi Youssef","Tunisie"],"articleSection":["Divers"],"inLanguage":"fr-FR"},{"@type":"WebPage","@id":"https:\/\/www.webdo.tn\/fr\/actualite\/divers\/le-kef-un-directeur-d-hopital-tente-d-immoler-un-infirmier\/219166\/","url":"https:\/\/www.webdo.tn\/fr\/actualite\/divers\/le-kef-un-directeur-d-hopital-tente-d-immoler-un-infirmier\/219166\/","name":"Le Kef : Un directeur d\u2019h\u00f4pital tente d'immoler un infirmier","isPartOf":{"@id":"https:\/\/www.webdo.tn\/fr\/#website"},"primaryImageOfPage":{"@id":"https:\/\/www.webdo.tn\/fr\/actualite\/divers\/le-kef-un-directeur-d-hopital-tente-d-immoler-un-infirmier\/219166\/#primaryimage"},"image":{"@id":"https:\/\/www.webdo.tn\/fr\/actualite\/divers\/le-kef-un-directeur-d-hopital-tente-d-immoler-un-infirmier\/219166\/#primaryimage"},"thumbnailUrl":"https:\/\/www.webdo.tn\/fr\/wp-content\/uploads\/2025\/01\/4236f9c9543e7216fd5962bc0b3b823a.webp","datePublished":"2025-01-17T19:36:00+00:00","dateModified":"2025-05-21T09:08:29+00:00","description":"Un incident a eu lieu \u00e0 l\u2019h\u00f4pital de Sakiet Sidi Youssef, o\u00f9 le directeur aurait tent\u00e9 de br\u00fbler un infirmier. Une enqu\u00eate est en cours.","breadcrumb":{"@id":"https:\/\/www.webdo.tn\/fr\/actualite\/divers\/le-kef-un-directeur-d-hopital-tente-d-immoler-un-infirmier\/219166\/#breadcrumb"},"inLanguage":"fr-FR","potentialAction":[{"@type":"ReadAction","target":["https:\/\/www.webdo.tn\/fr\/actualite\/divers\/le-kef-un-directeur-d-hopital-tente-d-immoler-un-infirmier\/219166\/"]}]},{"@type":"ImageObject","inLanguage":"fr-FR","@id":"https:\/\/www.webdo.tn\/fr\/actualite\/divers\/le-kef-un-directeur-d-hopital-tente-d-immoler-un-infirmier\/219166\/#primaryimage","url":"https:\/\/www.webdo.tn\/fr\/wp-content\/uploads\/2025\/01\/4236f9c9543e7216fd5962bc0b3b823a.webp","contentUrl":"https:\/\/www.webdo.tn\/fr\/wp-content\/uploads\/2025\/01\/4236f9c9543e7216fd5962bc0b3b823a.webp","width":750,"height":400,"caption":"Le Kef : Un directeur d\u2019h\u00f4pital tente d'immoler un infirmier"},{"@type":"BreadcrumbList","@id":"https:\/\/www.webdo.tn\/fr\/actualite\/divers\/le-kef-un-directeur-d-hopital-tente-d-immoler-un-infirmier\/219166\/#breadcrumb","itemListElement":[{"@type":"ListItem","position":1,"name":"Accueil","item":"https:\/\/www.webdo.tn\/fr\/"},{"@type":"ListItem","position":2,"name":"Le Kef : Un directeur d\u2019h\u00f4pital tente d&rsquo;immoler un infirmier"}]},{"@type":"WebSite","@id":"https:\/\/www.webdo.tn\/fr\/#website","url":"https:\/\/www.webdo.tn\/fr\/","name":"webdo","description":"Tunisie - News en Tunisie et \u00e0 l&#039;international sur Webdo.tn","publisher":{"@id":"https:\/\/www.webdo.tn\/fr\/#organization"},"potentialAction":[{"@type":"SearchAction","target":{"@type":"EntryPoint","urlTemplate":"https:\/\/www.webdo.tn\/fr\/?s={search_term_string}"},"query-input":{"@type":"PropertyValueSpecification","valueRequired":true,"valueName":"search_term_string"}}],"inLanguage":"fr-FR"},{"@type":"Organization","@id":"https:\/\/www.webdo.tn\/fr\/#organization","name":"Webdo","alternateName":"Webdo.tn","url":"https:\/\/www.webdo.tn\/fr\/","logo":{"@type":"ImageObject","inLanguage":"fr-FR","@id":"https:\/\/www.webdo.tn\/fr\/#\/schema\/logo\/image\/","url":"https:\/\/www.webdo.tn\/fr\/wp-content\/uploads\/2025\/06\/Webdo-Tunisie_168377.jpg","contentUrl":"https:\/\/www.webdo.tn\/fr\/wp-content\/uploads\/2025\/06\/Webdo-Tunisie_168377.jpg","width":301,"height":301,"caption":"Webdo"},"image":{"@id":"https:\/\/www.webdo.tn\/fr\/#\/schema\/logo\/image\/"},"sameAs":["https:\/\/www.facebook.com\/webdotn","https:\/\/x.com\/webdo_tn"],"description":"Webdo est un m\u00e9dia num\u00e9rique tunisien fond\u00e9 en 2010, sp\u00e9cialis\u00e9 dans l\u2019actualit\u00e9 nationale et internationale, l\u2019\u00e9conomie, la soci\u00e9t\u00e9 et les analyses politiques. Le site s\u2019adresse \u00e0 un large public francophone et couvre l\u2019information tunisienne en temps r\u00e9el.","email":"redac@webdo.tn","legalName":"YNJ SARL","foundingDate":"2010-09-06","numberOfEmployees":{"@type":"QuantitativeValue","minValue":"11","maxValue":"50"}},{"@type":"Person","@id":"https:\/\/www.webdo.tn\/fr\/#\/schema\/person\/b8a41c04d93287d375510db360906b34","name":"AZ","image":{"@type":"ImageObject","inLanguage":"fr-FR","@id":"https:\/\/secure.gravatar.com\/avatar\/492b80bada79439de4201dce15cd41eece6c277cfdf1b53382073c79105c1f89?s=96&d=mm&r=g","url":"https:\/\/secure.gravatar.com\/avatar\/492b80bada79439de4201dce15cd41eece6c277cfdf1b53382073c79105c1f89?s=96&d=mm&r=g","contentUrl":"https:\/\/secure.gravatar.com\/avatar\/492b80bada79439de4201dce15cd41eece6c277cfdf1b53382073c79105c1f89?s=96&d=mm&r=g","caption":"AZ"},"url":"https:\/\/www.webdo.tn\/fr\/actualite\/author\/az\/"}]}},"_links":{"self":[{"href":"https:\/\/www.webdo.tn\/fr\/wp-json\/wp\/v2\/posts\/219166","targetHints":{"allow":["GET"]}}],"collection":[{"href":"https:\/\/www.webdo.tn\/fr\/wp-json\/wp\/v2\/posts"}],"about":[{"href":"https:\/\/www.webdo.tn\/fr\/wp-json\/wp\/v2\/types\/post"}],"author":[{"embeddable":true,"href":"https:\/\/www.webdo.tn\/fr\/wp-json\/wp\/v2\/users\/3166"}],"replies":[{"embeddable":true,"href":"https:\/\/www.webdo.tn\/fr\/wp-json\/wp\/v2\/comments?post=219166"}],"version-history":[{"count":0,"href":"https:\/\/www.webdo.tn\/fr\/wp-json\/wp\/v2\/posts\/219166\/revisions"}],"wp:featuredmedia":[{"embeddable":true,"href":"https:\/\/www.webdo.tn\/fr\/wp-json\/wp\/v2\/media\/291703"}],"wp:attachment":[{"href":"https:\/\/www.webdo.tn\/fr\/wp-json\/wp\/v2\/media?parent=219166"}],"wp:term":[{"taxonomy":"category","embeddable":true,"href":"https:\/\/www.webdo.tn\/fr\/wp-json\/wp\/v2\/categories?post=219166"},{"taxonomy":"post_tag","embeddable":true,"href":"https:\/\/www.webdo.tn\/fr\/wp-json\/wp\/v2\/tags?post=219166"}],"curies":[{"name":"wp","href":"https:\/\/api.w.org\/{rel}","templated":true}]}}