{"id":219152,"date":"2025-01-17T11:15:00","date_gmt":"2025-01-17T11:15:00","guid":{"rendered":"https:\/\/www.webdo.tn\/fr\/blog\/2025\/01\/17\/la-tunisie-sous-des-trombes-d-eau-videos\/"},"modified":"2025-05-20T21:44:00","modified_gmt":"2025-05-20T21:44:00","slug":"la-tunisie-sous-des-trombes-d-eau-videos","status":"publish","type":"post","link":"https:\/\/www.webdo.tn\/fr\/actualite\/national\/la-tunisie-sous-des-trombes-d-eau-videos\/219152\/","title":{"rendered":"La Tunisie sous des trombes d\u2019eau (vid\u00e9os)"},"content":{"rendered":"<p>Ce vendredi 17 janvier 2025, la Tunisie conna\u00eet une journ\u00e9e marqu\u00e9e par des conditions m\u00e9t\u00e9orologiques particuli\u00e8rement instables, caract\u00e9ris\u00e9es par des pluies abondantes et g\u00e9n\u00e9ralis\u00e9es.<\/p>\n<p>Ces pr\u00e9cipitations touchent principalement les r\u00e9gions du nord et du centre, avec des cumuls de pluie importants enregistr\u00e9s dans plusieurs gouvernorats, notamment B\u00e9ja, Jendouba, Bizerte, Siliana, et le Grand Tunis. Les averses sont parfois accompagn\u00e9es de gr\u00eale dans certaines localit\u00e9s, rendant les d\u00e9placements difficiles et provoquant des accumulations d\u2019eau dans les zones urbaines et rurales.<\/p>\n<p>Dans les r\u00e9gions montagneuses de l\u2019ouest, comme Kasserine, le Kef et Siliana, les pluies se m\u00ealent \u00e0 des chutes de neige en altitude, offrant des paysages blancs mais posant \u00e9galement des d\u00e9fis logistiques. Les routes menant \u00e0 certaines localit\u00e9s isol\u00e9es sont devenues impraticables, obligeant les autorit\u00e9s locales \u00e0 mobiliser des moyens pour d\u00e9gager les voies et assurer la s\u00e9curit\u00e9 des habitants.<\/p>\n<p>L\u2019Institut National de la M\u00e9t\u00e9orologie (INM) avait \u00e9mis des bulletins d\u2019alerte d\u00e8s hier, avertissant les citoyens des risques d\u2019inondation dans les r\u00e9gions sensibles. Il a \u00e9galement conseill\u00e9 la prudence lors des d\u00e9placements, en particulier pour les automobilistes confront\u00e9s \u00e0 des routes glissantes ou inond\u00e9es.<\/p>\n<p>Cette journ\u00e9e t\u00e9moigne une fois de plus des d\u00e9fis climatiques que conna\u00eet la Tunisie en cette saison hivernale, avec des \u00e9pisodes de pluies intenses et des temp\u00e9ratures rigoureuses. Les citoyens sont invit\u00e9s \u00e0 rester vigilants, \u00e0 suivre les consignes des autorit\u00e9s et \u00e0 \u00e9viter de s\u2019approcher des cours d\u2019eau ou des zones \u00e0 risque.<\/p>\n","protected":false},"excerpt":{"rendered":"<p>Ce vendredi 17 janvier 2025, la Tunisie conna\u00eet une journ\u00e9e marqu\u00e9e par des conditions m\u00e9t\u00e9orologiques particuli\u00e8rement instables, caract\u00e9ris\u00e9es par des pluies&#8230;<\/p>\n","protected":false},"author":3162,"featured_media":242810,"comment_status":"open","ping_status":"open","sticky":false,"template":"","format":"standard","meta":{"footnotes":""},"categories":[44],"tags":[3164,2670,2671,2608],"class_list":["post-219152","post","type-post","status-publish","format-standard","has-post-thumbnail","hentry","category-national","tag-inondations","tag-meteo","tag-pluie","tag-tunisie"],"yoast_head":"<!-- This site is optimized with the Yoast SEO Premium plugin v27.5 (Yoast SEO v27.5) - https:\/\/yoast.com\/product\/yoast-seo-premium-wordpress\/ -->\n<title>La Tunisie sous des trombes d\u2019eau (vid\u00e9os)<\/title>\n<meta name=\"description\" content=\"Ce vendredi 17 janvier 2025, la Tunisie conna\u00eet une journ\u00e9e marqu\u00e9e par des conditions m\u00e9t\u00e9orologiques particuli\u00e8rement instables, caract\u00e9ris\u00e9es par des pluies...\" \/>\n<link rel=\"canonical\" href=\"https:\/\/www.webdo.tn\/fr\/actualite\/national\/la-tunisie-sous-des-trombes-d-eau-videos\/219152\/\" \/>\n<meta property=\"og:locale\" content=\"fr_FR\" \/>\n<meta property=\"og:type\" content=\"article\" \/>\n<meta property=\"og:title\" content=\"La Tunisie sous des trombes d\u2019eau (vid\u00e9os)\" \/>\n<meta property=\"og:description\" content=\"Ce vendredi 17 janvier 2025, la Tunisie conna\u00eet une journ\u00e9e marqu\u00e9e par des conditions m\u00e9t\u00e9orologiques particuli\u00e8rement instables, caract\u00e9ris\u00e9es par des pluies...\" \/>\n<meta property=\"og:url\" content=\"https:\/\/www.webdo.tn\/fr\/actualite\/national\/la-tunisie-sous-des-trombes-d-eau-videos\/219152\/\" \/>\n<meta property=\"og:site_name\" content=\"webdo\" \/>\n<meta property=\"article:publisher\" content=\"https:\/\/www.facebook.com\/webdotn\" \/>\n<meta property=\"article:published_time\" content=\"2025-01-17T11:15:00+00:00\" \/>\n<meta property=\"article:modified_time\" content=\"2025-05-20T21:44:00+00:00\" \/>\n<meta property=\"og:image\" content=\"https:\/\/www.webdo.tn\/fr\/wp-content\/uploads\/2025\/05\/836f4db2a4ca888d3d85321378f12628-2.webp\" \/>\n\t<meta property=\"og:image:width\" content=\"675\" \/>\n\t<meta property=\"og:image:height\" content=\"360\" \/>\n\t<meta property=\"og:image:type\" content=\"image\/webp\" \/>\n<meta name=\"author\" content=\"MC\" \/>\n<meta name=\"twitter:card\" content=\"summary_large_image\" \/>\n<meta name=\"twitter:creator\" content=\"@webdo_tn\" \/>\n<meta name=\"twitter:site\" content=\"@webdo_tn\" \/>\n<meta name=\"twitter:label1\" content=\"\u00c9crit par\" \/>\n\t<meta name=\"twitter:data1\" content=\"MC\" \/>\n\t<meta name=\"twitter:label2\" content=\"Dur\u00e9e de lecture estim\u00e9e\" \/>\n\t<meta name=\"twitter:data2\" content=\"1 minute\" \/>\n<script type=\"application\/ld+json\" class=\"yoast-schema-graph\">{\"@context\":\"https:\\\/\\\/schema.org\",\"@graph\":[{\"@type\":\"NewsArticle\",\"@id\":\"https:\\\/\\\/www.webdo.tn\\\/fr\\\/actualite\\\/national\\\/la-tunisie-sous-des-trombes-d-eau-videos\\\/219152\\\/#article\",\"isPartOf\":{\"@id\":\"https:\\\/\\\/www.webdo.tn\\\/fr\\\/actualite\\\/national\\\/la-tunisie-sous-des-trombes-d-eau-videos\\\/219152\\\/\"},\"author\":{\"name\":\"MC\",\"@id\":\"https:\\\/\\\/www.webdo.tn\\\/fr\\\/#\\\/schema\\\/person\\\/2c4929cbf5a809e3bd38617c6ce150f6\"},\"headline\":\"La Tunisie sous des trombes d\u2019eau (vid\u00e9os)\",\"datePublished\":\"2025-01-17T11:15:00+00:00\",\"dateModified\":\"2025-05-20T21:44:00+00:00\",\"mainEntityOfPage\":{\"@id\":\"https:\\\/\\\/www.webdo.tn\\\/fr\\\/actualite\\\/national\\\/la-tunisie-sous-des-trombes-d-eau-videos\\\/219152\\\/\"},\"wordCount\":285,\"commentCount\":0,\"publisher\":{\"@id\":\"https:\\\/\\\/www.webdo.tn\\\/fr\\\/#organization\"},\"image\":{\"@id\":\"https:\\\/\\\/www.webdo.tn\\\/fr\\\/actualite\\\/national\\\/la-tunisie-sous-des-trombes-d-eau-videos\\\/219152\\\/#primaryimage\"},\"thumbnailUrl\":\"https:\\\/\\\/www.webdo.tn\\\/fr\\\/wp-content\\\/uploads\\\/2025\\\/05\\\/836f4db2a4ca888d3d85321378f12628-2.webp\",\"keywords\":[\"Inondations\",\"m\u00e9t\u00e9o\",\"Pluie\",\"Tunisie\"],\"articleSection\":[\"National\"],\"inLanguage\":\"fr-FR\"},{\"@type\":\"WebPage\",\"@id\":\"https:\\\/\\\/www.webdo.tn\\\/fr\\\/actualite\\\/national\\\/la-tunisie-sous-des-trombes-d-eau-videos\\\/219152\\\/\",\"url\":\"https:\\\/\\\/www.webdo.tn\\\/fr\\\/actualite\\\/national\\\/la-tunisie-sous-des-trombes-d-eau-videos\\\/219152\\\/\",\"name\":\"La Tunisie sous des trombes d\u2019eau (vid\u00e9os)\",\"isPartOf\":{\"@id\":\"https:\\\/\\\/www.webdo.tn\\\/fr\\\/#website\"},\"primaryImageOfPage\":{\"@id\":\"https:\\\/\\\/www.webdo.tn\\\/fr\\\/actualite\\\/national\\\/la-tunisie-sous-des-trombes-d-eau-videos\\\/219152\\\/#primaryimage\"},\"image\":{\"@id\":\"https:\\\/\\\/www.webdo.tn\\\/fr\\\/actualite\\\/national\\\/la-tunisie-sous-des-trombes-d-eau-videos\\\/219152\\\/#primaryimage\"},\"thumbnailUrl\":\"https:\\\/\\\/www.webdo.tn\\\/fr\\\/wp-content\\\/uploads\\\/2025\\\/05\\\/836f4db2a4ca888d3d85321378f12628-2.webp\",\"datePublished\":\"2025-01-17T11:15:00+00:00\",\"dateModified\":\"2025-05-20T21:44:00+00:00\",\"description\":\"Ce vendredi 17 janvier 2025, la Tunisie conna\u00eet une journ\u00e9e marqu\u00e9e par des conditions m\u00e9t\u00e9orologiques particuli\u00e8rement instables, caract\u00e9ris\u00e9es par des pluies...\",\"breadcrumb\":{\"@id\":\"https:\\\/\\\/www.webdo.tn\\\/fr\\\/actualite\\\/national\\\/la-tunisie-sous-des-trombes-d-eau-videos\\\/219152\\\/#breadcrumb\"},\"inLanguage\":\"fr-FR\",\"potentialAction\":[{\"@type\":\"ReadAction\",\"target\":[\"https:\\\/\\\/www.webdo.tn\\\/fr\\\/actualite\\\/national\\\/la-tunisie-sous-des-trombes-d-eau-videos\\\/219152\\\/\"]}]},{\"@type\":\"ImageObject\",\"inLanguage\":\"fr-FR\",\"@id\":\"https:\\\/\\\/www.webdo.tn\\\/fr\\\/actualite\\\/national\\\/la-tunisie-sous-des-trombes-d-eau-videos\\\/219152\\\/#primaryimage\",\"url\":\"https:\\\/\\\/www.webdo.tn\\\/fr\\\/wp-content\\\/uploads\\\/2025\\\/05\\\/836f4db2a4ca888d3d85321378f12628-2.webp\",\"contentUrl\":\"https:\\\/\\\/www.webdo.tn\\\/fr\\\/wp-content\\\/uploads\\\/2025\\\/05\\\/836f4db2a4ca888d3d85321378f12628-2.webp\",\"width\":675,\"height\":360},{\"@type\":\"BreadcrumbList\",\"@id\":\"https:\\\/\\\/www.webdo.tn\\\/fr\\\/actualite\\\/national\\\/la-tunisie-sous-des-trombes-d-eau-videos\\\/219152\\\/#breadcrumb\",\"itemListElement\":[{\"@type\":\"ListItem\",\"position\":1,\"name\":\"Accueil\",\"item\":\"https:\\\/\\\/www.webdo.tn\\\/fr\\\/\"},{\"@type\":\"ListItem\",\"position\":2,\"name\":\"La Tunisie sous des trombes d\u2019eau (vid\u00e9os)\"}]},{\"@type\":\"WebSite\",\"@id\":\"https:\\\/\\\/www.webdo.tn\\\/fr\\\/#website\",\"url\":\"https:\\\/\\\/www.webdo.tn\\\/fr\\\/\",\"name\":\"webdo\",\"description\":\"Tunisie - News en Tunisie et \u00e0 l&#039;international sur Webdo.tn\",\"publisher\":{\"@id\":\"https:\\\/\\\/www.webdo.tn\\\/fr\\\/#organization\"},\"potentialAction\":[{\"@type\":\"SearchAction\",\"target\":{\"@type\":\"EntryPoint\",\"urlTemplate\":\"https:\\\/\\\/www.webdo.tn\\\/fr\\\/?s={search_term_string}\"},\"query-input\":{\"@type\":\"PropertyValueSpecification\",\"valueRequired\":true,\"valueName\":\"search_term_string\"}}],\"inLanguage\":\"fr-FR\"},{\"@type\":\"Organization\",\"@id\":\"https:\\\/\\\/www.webdo.tn\\\/fr\\\/#organization\",\"name\":\"Webdo\",\"alternateName\":\"Webdo.tn\",\"url\":\"https:\\\/\\\/www.webdo.tn\\\/fr\\\/\",\"logo\":{\"@type\":\"ImageObject\",\"inLanguage\":\"fr-FR\",\"@id\":\"https:\\\/\\\/www.webdo.tn\\\/fr\\\/#\\\/schema\\\/logo\\\/image\\\/\",\"url\":\"https:\\\/\\\/www.webdo.tn\\\/fr\\\/wp-content\\\/uploads\\\/2025\\\/06\\\/Webdo-Tunisie_168377.jpg\",\"contentUrl\":\"https:\\\/\\\/www.webdo.tn\\\/fr\\\/wp-content\\\/uploads\\\/2025\\\/06\\\/Webdo-Tunisie_168377.jpg\",\"width\":301,\"height\":301,\"caption\":\"Webdo\"},\"image\":{\"@id\":\"https:\\\/\\\/www.webdo.tn\\\/fr\\\/#\\\/schema\\\/logo\\\/image\\\/\"},\"sameAs\":[\"https:\\\/\\\/www.facebook.com\\\/webdotn\",\"https:\\\/\\\/x.com\\\/webdo_tn\"],\"description\":\"Webdo est un m\u00e9dia num\u00e9rique tunisien fond\u00e9 en 2010, sp\u00e9cialis\u00e9 dans l\u2019actualit\u00e9 nationale et internationale, l\u2019\u00e9conomie, la soci\u00e9t\u00e9 et les analyses politiques. Le site s\u2019adresse \u00e0 un large public francophone et couvre l\u2019information tunisienne en temps r\u00e9el.\",\"email\":\"redac@webdo.tn\",\"legalName\":\"YNJ SARL\",\"foundingDate\":\"2010-09-06\",\"numberOfEmployees\":{\"@type\":\"QuantitativeValue\",\"minValue\":\"11\",\"maxValue\":\"50\"}},{\"@type\":\"Person\",\"@id\":\"https:\\\/\\\/www.webdo.tn\\\/fr\\\/#\\\/schema\\\/person\\\/2c4929cbf5a809e3bd38617c6ce150f6\",\"name\":\"MC\",\"image\":{\"@type\":\"ImageObject\",\"inLanguage\":\"fr-FR\",\"@id\":\"https:\\\/\\\/secure.gravatar.com\\\/avatar\\\/a545bbb6f84efdd5553dbbc2895e3ca8f1d12c5215e00a041c9670b54aa9b18a?s=96&d=mm&r=g\",\"url\":\"https:\\\/\\\/secure.gravatar.com\\\/avatar\\\/a545bbb6f84efdd5553dbbc2895e3ca8f1d12c5215e00a041c9670b54aa9b18a?s=96&d=mm&r=g\",\"contentUrl\":\"https:\\\/\\\/secure.gravatar.com\\\/avatar\\\/a545bbb6f84efdd5553dbbc2895e3ca8f1d12c5215e00a041c9670b54aa9b18a?s=96&d=mm&r=g\",\"caption\":\"MC\"},\"url\":\"https:\\\/\\\/www.webdo.tn\\\/fr\\\/actualite\\\/author\\\/mc\\\/\"}]}<\/script>\n<!-- \/ Yoast SEO Premium plugin. -->","yoast_head_json":{"title":"La Tunisie sous des trombes d\u2019eau (vid\u00e9os)","description":"Ce vendredi 17 janvier 2025, la Tunisie conna\u00eet une journ\u00e9e marqu\u00e9e par des conditions m\u00e9t\u00e9orologiques particuli\u00e8rement instables, caract\u00e9ris\u00e9es par des pluies...","canonical":"https:\/\/www.webdo.tn\/fr\/actualite\/national\/la-tunisie-sous-des-trombes-d-eau-videos\/219152\/","og_locale":"fr_FR","og_type":"article","og_title":"La Tunisie sous des trombes d\u2019eau (vid\u00e9os)","og_description":"Ce vendredi 17 janvier 2025, la Tunisie conna\u00eet une journ\u00e9e marqu\u00e9e par des conditions m\u00e9t\u00e9orologiques particuli\u00e8rement instables, caract\u00e9ris\u00e9es par des pluies...","og_url":"https:\/\/www.webdo.tn\/fr\/actualite\/national\/la-tunisie-sous-des-trombes-d-eau-videos\/219152\/","og_site_name":"webdo","article_publisher":"https:\/\/www.facebook.com\/webdotn","article_published_time":"2025-01-17T11:15:00+00:00","article_modified_time":"2025-05-20T21:44:00+00:00","og_image":[{"width":675,"height":360,"url":"https:\/\/www.webdo.tn\/fr\/wp-content\/uploads\/2025\/05\/836f4db2a4ca888d3d85321378f12628-2.webp","type":"image\/webp"}],"author":"MC","twitter_card":"summary_large_image","twitter_creator":"@webdo_tn","twitter_site":"@webdo_tn","twitter_misc":{"\u00c9crit par":"MC","Dur\u00e9e de lecture estim\u00e9e":"1 minute"},"schema":{"@context":"https:\/\/schema.org","@graph":[{"@type":"NewsArticle","@id":"https:\/\/www.webdo.tn\/fr\/actualite\/national\/la-tunisie-sous-des-trombes-d-eau-videos\/219152\/#article","isPartOf":{"@id":"https:\/\/www.webdo.tn\/fr\/actualite\/national\/la-tunisie-sous-des-trombes-d-eau-videos\/219152\/"},"author":{"name":"MC","@id":"https:\/\/www.webdo.tn\/fr\/#\/schema\/person\/2c4929cbf5a809e3bd38617c6ce150f6"},"headline":"La Tunisie sous des trombes d\u2019eau (vid\u00e9os)","datePublished":"2025-01-17T11:15:00+00:00","dateModified":"2025-05-20T21:44:00+00:00","mainEntityOfPage":{"@id":"https:\/\/www.webdo.tn\/fr\/actualite\/national\/la-tunisie-sous-des-trombes-d-eau-videos\/219152\/"},"wordCount":285,"commentCount":0,"publisher":{"@id":"https:\/\/www.webdo.tn\/fr\/#organization"},"image":{"@id":"https:\/\/www.webdo.tn\/fr\/actualite\/national\/la-tunisie-sous-des-trombes-d-eau-videos\/219152\/#primaryimage"},"thumbnailUrl":"https:\/\/www.webdo.tn\/fr\/wp-content\/uploads\/2025\/05\/836f4db2a4ca888d3d85321378f12628-2.webp","keywords":["Inondations","m\u00e9t\u00e9o","Pluie","Tunisie"],"articleSection":["National"],"inLanguage":"fr-FR"},{"@type":"WebPage","@id":"https:\/\/www.webdo.tn\/fr\/actualite\/national\/la-tunisie-sous-des-trombes-d-eau-videos\/219152\/","url":"https:\/\/www.webdo.tn\/fr\/actualite\/national\/la-tunisie-sous-des-trombes-d-eau-videos\/219152\/","name":"La Tunisie sous des trombes d\u2019eau (vid\u00e9os)","isPartOf":{"@id":"https:\/\/www.webdo.tn\/fr\/#website"},"primaryImageOfPage":{"@id":"https:\/\/www.webdo.tn\/fr\/actualite\/national\/la-tunisie-sous-des-trombes-d-eau-videos\/219152\/#primaryimage"},"image":{"@id":"https:\/\/www.webdo.tn\/fr\/actualite\/national\/la-tunisie-sous-des-trombes-d-eau-videos\/219152\/#primaryimage"},"thumbnailUrl":"https:\/\/www.webdo.tn\/fr\/wp-content\/uploads\/2025\/05\/836f4db2a4ca888d3d85321378f12628-2.webp","datePublished":"2025-01-17T11:15:00+00:00","dateModified":"2025-05-20T21:44:00+00:00","description":"Ce vendredi 17 janvier 2025, la Tunisie conna\u00eet une journ\u00e9e marqu\u00e9e par des conditions m\u00e9t\u00e9orologiques particuli\u00e8rement instables, caract\u00e9ris\u00e9es par des pluies...","breadcrumb":{"@id":"https:\/\/www.webdo.tn\/fr\/actualite\/national\/la-tunisie-sous-des-trombes-d-eau-videos\/219152\/#breadcrumb"},"inLanguage":"fr-FR","potentialAction":[{"@type":"ReadAction","target":["https:\/\/www.webdo.tn\/fr\/actualite\/national\/la-tunisie-sous-des-trombes-d-eau-videos\/219152\/"]}]},{"@type":"ImageObject","inLanguage":"fr-FR","@id":"https:\/\/www.webdo.tn\/fr\/actualite\/national\/la-tunisie-sous-des-trombes-d-eau-videos\/219152\/#primaryimage","url":"https:\/\/www.webdo.tn\/fr\/wp-content\/uploads\/2025\/05\/836f4db2a4ca888d3d85321378f12628-2.webp","contentUrl":"https:\/\/www.webdo.tn\/fr\/wp-content\/uploads\/2025\/05\/836f4db2a4ca888d3d85321378f12628-2.webp","width":675,"height":360},{"@type":"BreadcrumbList","@id":"https:\/\/www.webdo.tn\/fr\/actualite\/national\/la-tunisie-sous-des-trombes-d-eau-videos\/219152\/#breadcrumb","itemListElement":[{"@type":"ListItem","position":1,"name":"Accueil","item":"https:\/\/www.webdo.tn\/fr\/"},{"@type":"ListItem","position":2,"name":"La Tunisie sous des trombes d\u2019eau (vid\u00e9os)"}]},{"@type":"WebSite","@id":"https:\/\/www.webdo.tn\/fr\/#website","url":"https:\/\/www.webdo.tn\/fr\/","name":"webdo","description":"Tunisie - News en Tunisie et \u00e0 l&#039;international sur Webdo.tn","publisher":{"@id":"https:\/\/www.webdo.tn\/fr\/#organization"},"potentialAction":[{"@type":"SearchAction","target":{"@type":"EntryPoint","urlTemplate":"https:\/\/www.webdo.tn\/fr\/?s={search_term_string}"},"query-input":{"@type":"PropertyValueSpecification","valueRequired":true,"valueName":"search_term_string"}}],"inLanguage":"fr-FR"},{"@type":"Organization","@id":"https:\/\/www.webdo.tn\/fr\/#organization","name":"Webdo","alternateName":"Webdo.tn","url":"https:\/\/www.webdo.tn\/fr\/","logo":{"@type":"ImageObject","inLanguage":"fr-FR","@id":"https:\/\/www.webdo.tn\/fr\/#\/schema\/logo\/image\/","url":"https:\/\/www.webdo.tn\/fr\/wp-content\/uploads\/2025\/06\/Webdo-Tunisie_168377.jpg","contentUrl":"https:\/\/www.webdo.tn\/fr\/wp-content\/uploads\/2025\/06\/Webdo-Tunisie_168377.jpg","width":301,"height":301,"caption":"Webdo"},"image":{"@id":"https:\/\/www.webdo.tn\/fr\/#\/schema\/logo\/image\/"},"sameAs":["https:\/\/www.facebook.com\/webdotn","https:\/\/x.com\/webdo_tn"],"description":"Webdo est un m\u00e9dia num\u00e9rique tunisien fond\u00e9 en 2010, sp\u00e9cialis\u00e9 dans l\u2019actualit\u00e9 nationale et internationale, l\u2019\u00e9conomie, la soci\u00e9t\u00e9 et les analyses politiques. Le site s\u2019adresse \u00e0 un large public francophone et couvre l\u2019information tunisienne en temps r\u00e9el.","email":"redac@webdo.tn","legalName":"YNJ SARL","foundingDate":"2010-09-06","numberOfEmployees":{"@type":"QuantitativeValue","minValue":"11","maxValue":"50"}},{"@type":"Person","@id":"https:\/\/www.webdo.tn\/fr\/#\/schema\/person\/2c4929cbf5a809e3bd38617c6ce150f6","name":"MC","image":{"@type":"ImageObject","inLanguage":"fr-FR","@id":"https:\/\/secure.gravatar.com\/avatar\/a545bbb6f84efdd5553dbbc2895e3ca8f1d12c5215e00a041c9670b54aa9b18a?s=96&d=mm&r=g","url":"https:\/\/secure.gravatar.com\/avatar\/a545bbb6f84efdd5553dbbc2895e3ca8f1d12c5215e00a041c9670b54aa9b18a?s=96&d=mm&r=g","contentUrl":"https:\/\/secure.gravatar.com\/avatar\/a545bbb6f84efdd5553dbbc2895e3ca8f1d12c5215e00a041c9670b54aa9b18a?s=96&d=mm&r=g","caption":"MC"},"url":"https:\/\/www.webdo.tn\/fr\/actualite\/author\/mc\/"}]}},"_links":{"self":[{"href":"https:\/\/www.webdo.tn\/fr\/wp-json\/wp\/v2\/posts\/219152","targetHints":{"allow":["GET"]}}],"collection":[{"href":"https:\/\/www.webdo.tn\/fr\/wp-json\/wp\/v2\/posts"}],"about":[{"href":"https:\/\/www.webdo.tn\/fr\/wp-json\/wp\/v2\/types\/post"}],"author":[{"embeddable":true,"href":"https:\/\/www.webdo.tn\/fr\/wp-json\/wp\/v2\/users\/3162"}],"replies":[{"embeddable":true,"href":"https:\/\/www.webdo.tn\/fr\/wp-json\/wp\/v2\/comments?post=219152"}],"version-history":[{"count":0,"href":"https:\/\/www.webdo.tn\/fr\/wp-json\/wp\/v2\/posts\/219152\/revisions"}],"wp:featuredmedia":[{"embeddable":true,"href":"https:\/\/www.webdo.tn\/fr\/wp-json\/wp\/v2\/media\/242810"}],"wp:attachment":[{"href":"https:\/\/www.webdo.tn\/fr\/wp-json\/wp\/v2\/media?parent=219152"}],"wp:term":[{"taxonomy":"category","embeddable":true,"href":"https:\/\/www.webdo.tn\/fr\/wp-json\/wp\/v2\/categories?post=219152"},{"taxonomy":"post_tag","embeddable":true,"href":"https:\/\/www.webdo.tn\/fr\/wp-json\/wp\/v2\/tags?post=219152"}],"curies":[{"name":"wp","href":"https:\/\/api.w.org\/{rel}","templated":true}]}}