{"id":219136,"date":"2025-01-16T18:50:00","date_gmt":"2025-01-16T18:50:00","guid":{"rendered":"https:\/\/www.webdo.tn\/fr\/blog\/2025\/01\/16\/tunisie-jendouba-suspension-des-cours-en-raison-des-intemperies\/"},"modified":"2025-05-20T22:20:31","modified_gmt":"2025-05-20T22:20:31","slug":"tunisie-jendouba-suspension-des-cours-en-raison-des-intemperies","status":"publish","type":"post","link":"https:\/\/www.webdo.tn\/fr\/actualite\/regions\/tunisie-jendouba-suspension-des-cours-en-raison-des-intemperies\/219136\/","title":{"rendered":"Tunisie \u2013 Jendouba : Suspension des cours en raison des intemp\u00e9ries"},"content":{"rendered":"<p>La commission r\u00e9gionale de pr\u00e9vention et de lutte contre les catastrophes de Jendouba a annonc\u00e9 la suspension des cours dans toutes les institutions \u00e9ducatives du gouvernorat ce vendredi. Cette d\u00e9cision a \u00e9t\u00e9 prise en raison des conditions m\u00e9t\u00e9orologiques particuli\u00e8rement difficiles pr\u00e9vues pour les prochains jours.<\/p>\n<p>Selon les pr\u00e9visions de l\u2019Institut National de la M\u00e9t\u00e9orologie (INM), la Tunisie fait face \u00e0 une vague d\u2019intemp\u00e9ries ce jeudi et vendredi, avec des pluies torrentielles, des rafales de vent et une baisse significative des temp\u00e9ratures dans plusieurs r\u00e9gions du pays, notamment dans le nord-ouest, o\u00f9 se trouve le gouvernorat de Jendouba.<\/p>\n<p>Les autorit\u00e9s locales ont d\u00e9cid\u00e9 d\u2019agir de mani\u00e8re pr\u00e9ventive pour assurer la s\u00e9curit\u00e9 des \u00e9l\u00e8ves et du personnel \u00e9ducatif.\u00a0<\/p>\n<p>Cette mesure concerne l\u2019ensemble des \u00e9tablissements scolaires, y compris les \u00e9coles primaires, les coll\u00e8ges et les lyc\u00e9es.<\/p>\n<p>Les pr\u00e9visions m\u00e9t\u00e9orologiques annoncent des cumuls de pluie importants, susceptibles de provoquer des inondations dans les zones basses. Les vents violents pourraient \u00e9galement causer des d\u00e9g\u00e2ts mat\u00e9riels et perturber la circulation.<\/p>\n","protected":false},"excerpt":{"rendered":"<p>Selon les pr\u00e9visions de l\u2019Institut National de la M\u00e9t\u00e9orologie (INM), la Tunisie fait face \u00e0 une vague d\u2019intemp\u00e9ries ce jeudi et vendredi, avec des pluies torre&#8230;<\/p>\n","protected":false},"author":3163,"featured_media":242788,"comment_status":"open","ping_status":"open","sticky":false,"template":"","format":"standard","meta":{"footnotes":""},"categories":[2595],"tags":[4352,2712,2608],"class_list":["post-219136","post","type-post","status-publish","format-standard","has-post-thumbnail","hentry","category-regions","tag-cours","tag-intemperies","tag-tunisie"],"yoast_head":"<!-- This site is optimized with the Yoast SEO Premium plugin v27.5 (Yoast SEO v27.5) - https:\/\/yoast.com\/product\/yoast-seo-premium-wordpress\/ -->\n<title>Tunisie \u2013 Jendouba : Suspension des cours en raison des intemp\u00e9ries<\/title>\n<meta name=\"description\" content=\"Selon les pr\u00e9visions de l\u2019Institut National de la M\u00e9t\u00e9orologie (INM), la Tunisie fait face \u00e0 une vague d\u2019intemp\u00e9ries ce jeudi et vendredi, avec des pluies torre...\" \/>\n<link rel=\"canonical\" href=\"https:\/\/www.webdo.tn\/fr\/actualite\/regions\/tunisie-jendouba-suspension-des-cours-en-raison-des-intemperies\/219136\/\" \/>\n<meta property=\"og:locale\" content=\"fr_FR\" \/>\n<meta property=\"og:type\" content=\"article\" \/>\n<meta property=\"og:title\" content=\"Tunisie \u2013 Jendouba : Suspension des cours en raison des intemp\u00e9ries\" \/>\n<meta property=\"og:description\" content=\"Selon les pr\u00e9visions de l\u2019Institut National de la M\u00e9t\u00e9orologie (INM), la Tunisie fait face \u00e0 une vague d\u2019intemp\u00e9ries ce jeudi et vendredi, avec des pluies torre...\" \/>\n<meta property=\"og:url\" content=\"https:\/\/www.webdo.tn\/fr\/actualite\/regions\/tunisie-jendouba-suspension-des-cours-en-raison-des-intemperies\/219136\/\" \/>\n<meta property=\"og:site_name\" content=\"webdo\" \/>\n<meta property=\"article:publisher\" content=\"https:\/\/www.facebook.com\/webdotn\" \/>\n<meta property=\"article:published_time\" content=\"2025-01-16T18:50:00+00:00\" \/>\n<meta property=\"article:modified_time\" content=\"2025-05-20T22:20:31+00:00\" \/>\n<meta property=\"og:image\" content=\"https:\/\/www.webdo.tn\/fr\/wp-content\/uploads\/2025\/05\/3d7025785b1bcff798c5d74baa6c927b-2.webp\" \/>\n\t<meta property=\"og:image:width\" content=\"750\" \/>\n\t<meta property=\"og:image:height\" content=\"400\" \/>\n\t<meta property=\"og:image:type\" content=\"image\/webp\" \/>\n<meta name=\"author\" content=\"KJ\" \/>\n<meta name=\"twitter:card\" content=\"summary_large_image\" \/>\n<meta name=\"twitter:creator\" content=\"@webdo_tn\" \/>\n<meta name=\"twitter:site\" content=\"@webdo_tn\" \/>\n<meta name=\"twitter:label1\" content=\"\u00c9crit par\" \/>\n\t<meta name=\"twitter:data1\" content=\"KJ\" \/>\n\t<meta name=\"twitter:label2\" content=\"Dur\u00e9e de lecture estim\u00e9e\" \/>\n\t<meta name=\"twitter:data2\" content=\"1 minute\" \/>\n<script type=\"application\/ld+json\" class=\"yoast-schema-graph\">{\"@context\":\"https:\\\/\\\/schema.org\",\"@graph\":[{\"@type\":\"NewsArticle\",\"@id\":\"https:\\\/\\\/www.webdo.tn\\\/fr\\\/actualite\\\/regions\\\/tunisie-jendouba-suspension-des-cours-en-raison-des-intemperies\\\/219136\\\/#article\",\"isPartOf\":{\"@id\":\"https:\\\/\\\/www.webdo.tn\\\/fr\\\/actualite\\\/regions\\\/tunisie-jendouba-suspension-des-cours-en-raison-des-intemperies\\\/219136\\\/\"},\"author\":{\"name\":\"KJ\",\"@id\":\"https:\\\/\\\/www.webdo.tn\\\/fr\\\/#\\\/schema\\\/person\\\/82ca085b22037d285e1a3c4b65ba5f71\"},\"headline\":\"Tunisie \u2013 Jendouba : Suspension des cours en raison des intemp\u00e9ries\",\"datePublished\":\"2025-01-16T18:50:00+00:00\",\"dateModified\":\"2025-05-20T22:20:31+00:00\",\"mainEntityOfPage\":{\"@id\":\"https:\\\/\\\/www.webdo.tn\\\/fr\\\/actualite\\\/regions\\\/tunisie-jendouba-suspension-des-cours-en-raison-des-intemperies\\\/219136\\\/\"},\"wordCount\":204,\"commentCount\":0,\"publisher\":{\"@id\":\"https:\\\/\\\/www.webdo.tn\\\/fr\\\/#organization\"},\"image\":{\"@id\":\"https:\\\/\\\/www.webdo.tn\\\/fr\\\/actualite\\\/regions\\\/tunisie-jendouba-suspension-des-cours-en-raison-des-intemperies\\\/219136\\\/#primaryimage\"},\"thumbnailUrl\":\"https:\\\/\\\/www.webdo.tn\\\/fr\\\/wp-content\\\/uploads\\\/2025\\\/05\\\/3d7025785b1bcff798c5d74baa6c927b-2.webp\",\"keywords\":[\"cours\",\"Intemp\u00e9ries\",\"Tunisie\"],\"articleSection\":[\"regions\"],\"inLanguage\":\"fr-FR\"},{\"@type\":\"WebPage\",\"@id\":\"https:\\\/\\\/www.webdo.tn\\\/fr\\\/actualite\\\/regions\\\/tunisie-jendouba-suspension-des-cours-en-raison-des-intemperies\\\/219136\\\/\",\"url\":\"https:\\\/\\\/www.webdo.tn\\\/fr\\\/actualite\\\/regions\\\/tunisie-jendouba-suspension-des-cours-en-raison-des-intemperies\\\/219136\\\/\",\"name\":\"Tunisie \u2013 Jendouba : Suspension des cours en raison des intemp\u00e9ries\",\"isPartOf\":{\"@id\":\"https:\\\/\\\/www.webdo.tn\\\/fr\\\/#website\"},\"primaryImageOfPage\":{\"@id\":\"https:\\\/\\\/www.webdo.tn\\\/fr\\\/actualite\\\/regions\\\/tunisie-jendouba-suspension-des-cours-en-raison-des-intemperies\\\/219136\\\/#primaryimage\"},\"image\":{\"@id\":\"https:\\\/\\\/www.webdo.tn\\\/fr\\\/actualite\\\/regions\\\/tunisie-jendouba-suspension-des-cours-en-raison-des-intemperies\\\/219136\\\/#primaryimage\"},\"thumbnailUrl\":\"https:\\\/\\\/www.webdo.tn\\\/fr\\\/wp-content\\\/uploads\\\/2025\\\/05\\\/3d7025785b1bcff798c5d74baa6c927b-2.webp\",\"datePublished\":\"2025-01-16T18:50:00+00:00\",\"dateModified\":\"2025-05-20T22:20:31+00:00\",\"description\":\"Selon les pr\u00e9visions de l\u2019Institut National de la M\u00e9t\u00e9orologie (INM), la Tunisie fait face \u00e0 une vague d\u2019intemp\u00e9ries ce jeudi et vendredi, avec des pluies torre...\",\"breadcrumb\":{\"@id\":\"https:\\\/\\\/www.webdo.tn\\\/fr\\\/actualite\\\/regions\\\/tunisie-jendouba-suspension-des-cours-en-raison-des-intemperies\\\/219136\\\/#breadcrumb\"},\"inLanguage\":\"fr-FR\",\"potentialAction\":[{\"@type\":\"ReadAction\",\"target\":[\"https:\\\/\\\/www.webdo.tn\\\/fr\\\/actualite\\\/regions\\\/tunisie-jendouba-suspension-des-cours-en-raison-des-intemperies\\\/219136\\\/\"]}]},{\"@type\":\"ImageObject\",\"inLanguage\":\"fr-FR\",\"@id\":\"https:\\\/\\\/www.webdo.tn\\\/fr\\\/actualite\\\/regions\\\/tunisie-jendouba-suspension-des-cours-en-raison-des-intemperies\\\/219136\\\/#primaryimage\",\"url\":\"https:\\\/\\\/www.webdo.tn\\\/fr\\\/wp-content\\\/uploads\\\/2025\\\/05\\\/3d7025785b1bcff798c5d74baa6c927b-2.webp\",\"contentUrl\":\"https:\\\/\\\/www.webdo.tn\\\/fr\\\/wp-content\\\/uploads\\\/2025\\\/05\\\/3d7025785b1bcff798c5d74baa6c927b-2.webp\",\"width\":750,\"height\":400},{\"@type\":\"BreadcrumbList\",\"@id\":\"https:\\\/\\\/www.webdo.tn\\\/fr\\\/actualite\\\/regions\\\/tunisie-jendouba-suspension-des-cours-en-raison-des-intemperies\\\/219136\\\/#breadcrumb\",\"itemListElement\":[{\"@type\":\"ListItem\",\"position\":1,\"name\":\"Accueil\",\"item\":\"https:\\\/\\\/www.webdo.tn\\\/fr\\\/\"},{\"@type\":\"ListItem\",\"position\":2,\"name\":\"Tunisie \u2013 Jendouba : Suspension des cours en raison des intemp\u00e9ries\"}]},{\"@type\":\"WebSite\",\"@id\":\"https:\\\/\\\/www.webdo.tn\\\/fr\\\/#website\",\"url\":\"https:\\\/\\\/www.webdo.tn\\\/fr\\\/\",\"name\":\"webdo\",\"description\":\"Tunisie - News en Tunisie et \u00e0 l&#039;international sur Webdo.tn\",\"publisher\":{\"@id\":\"https:\\\/\\\/www.webdo.tn\\\/fr\\\/#organization\"},\"potentialAction\":[{\"@type\":\"SearchAction\",\"target\":{\"@type\":\"EntryPoint\",\"urlTemplate\":\"https:\\\/\\\/www.webdo.tn\\\/fr\\\/?s={search_term_string}\"},\"query-input\":{\"@type\":\"PropertyValueSpecification\",\"valueRequired\":true,\"valueName\":\"search_term_string\"}}],\"inLanguage\":\"fr-FR\"},{\"@type\":\"Organization\",\"@id\":\"https:\\\/\\\/www.webdo.tn\\\/fr\\\/#organization\",\"name\":\"Webdo\",\"alternateName\":\"Webdo.tn\",\"url\":\"https:\\\/\\\/www.webdo.tn\\\/fr\\\/\",\"logo\":{\"@type\":\"ImageObject\",\"inLanguage\":\"fr-FR\",\"@id\":\"https:\\\/\\\/www.webdo.tn\\\/fr\\\/#\\\/schema\\\/logo\\\/image\\\/\",\"url\":\"https:\\\/\\\/www.webdo.tn\\\/fr\\\/wp-content\\\/uploads\\\/2025\\\/06\\\/Webdo-Tunisie_168377.jpg\",\"contentUrl\":\"https:\\\/\\\/www.webdo.tn\\\/fr\\\/wp-content\\\/uploads\\\/2025\\\/06\\\/Webdo-Tunisie_168377.jpg\",\"width\":301,\"height\":301,\"caption\":\"Webdo\"},\"image\":{\"@id\":\"https:\\\/\\\/www.webdo.tn\\\/fr\\\/#\\\/schema\\\/logo\\\/image\\\/\"},\"sameAs\":[\"https:\\\/\\\/www.facebook.com\\\/webdotn\",\"https:\\\/\\\/x.com\\\/webdo_tn\"],\"description\":\"Webdo est un m\u00e9dia num\u00e9rique tunisien fond\u00e9 en 2010, sp\u00e9cialis\u00e9 dans l\u2019actualit\u00e9 nationale et internationale, l\u2019\u00e9conomie, la soci\u00e9t\u00e9 et les analyses politiques. Le site s\u2019adresse \u00e0 un large public francophone et couvre l\u2019information tunisienne en temps r\u00e9el.\",\"email\":\"redac@webdo.tn\",\"legalName\":\"YNJ SARL\",\"foundingDate\":\"2010-09-06\",\"numberOfEmployees\":{\"@type\":\"QuantitativeValue\",\"minValue\":\"11\",\"maxValue\":\"50\"}},{\"@type\":\"Person\",\"@id\":\"https:\\\/\\\/www.webdo.tn\\\/fr\\\/#\\\/schema\\\/person\\\/82ca085b22037d285e1a3c4b65ba5f71\",\"name\":\"KJ\",\"image\":{\"@type\":\"ImageObject\",\"inLanguage\":\"fr-FR\",\"@id\":\"https:\\\/\\\/secure.gravatar.com\\\/avatar\\\/1a1320de1c1971c893f00068f760b4113d69504aa21273da17ee95650c5944fd?s=96&d=mm&r=g\",\"url\":\"https:\\\/\\\/secure.gravatar.com\\\/avatar\\\/1a1320de1c1971c893f00068f760b4113d69504aa21273da17ee95650c5944fd?s=96&d=mm&r=g\",\"contentUrl\":\"https:\\\/\\\/secure.gravatar.com\\\/avatar\\\/1a1320de1c1971c893f00068f760b4113d69504aa21273da17ee95650c5944fd?s=96&d=mm&r=g\",\"caption\":\"KJ\"},\"url\":\"https:\\\/\\\/www.webdo.tn\\\/fr\\\/actualite\\\/author\\\/kj\\\/\"}]}<\/script>\n<!-- \/ Yoast SEO Premium plugin. -->","yoast_head_json":{"title":"Tunisie \u2013 Jendouba : Suspension des cours en raison des intemp\u00e9ries","description":"Selon les pr\u00e9visions de l\u2019Institut National de la M\u00e9t\u00e9orologie (INM), la Tunisie fait face \u00e0 une vague d\u2019intemp\u00e9ries ce jeudi et vendredi, avec des pluies torre...","canonical":"https:\/\/www.webdo.tn\/fr\/actualite\/regions\/tunisie-jendouba-suspension-des-cours-en-raison-des-intemperies\/219136\/","og_locale":"fr_FR","og_type":"article","og_title":"Tunisie \u2013 Jendouba : Suspension des cours en raison des intemp\u00e9ries","og_description":"Selon les pr\u00e9visions de l\u2019Institut National de la M\u00e9t\u00e9orologie (INM), la Tunisie fait face \u00e0 une vague d\u2019intemp\u00e9ries ce jeudi et vendredi, avec des pluies torre...","og_url":"https:\/\/www.webdo.tn\/fr\/actualite\/regions\/tunisie-jendouba-suspension-des-cours-en-raison-des-intemperies\/219136\/","og_site_name":"webdo","article_publisher":"https:\/\/www.facebook.com\/webdotn","article_published_time":"2025-01-16T18:50:00+00:00","article_modified_time":"2025-05-20T22:20:31+00:00","og_image":[{"width":750,"height":400,"url":"https:\/\/www.webdo.tn\/fr\/wp-content\/uploads\/2025\/05\/3d7025785b1bcff798c5d74baa6c927b-2.webp","type":"image\/webp"}],"author":"KJ","twitter_card":"summary_large_image","twitter_creator":"@webdo_tn","twitter_site":"@webdo_tn","twitter_misc":{"\u00c9crit par":"KJ","Dur\u00e9e de lecture estim\u00e9e":"1 minute"},"schema":{"@context":"https:\/\/schema.org","@graph":[{"@type":"NewsArticle","@id":"https:\/\/www.webdo.tn\/fr\/actualite\/regions\/tunisie-jendouba-suspension-des-cours-en-raison-des-intemperies\/219136\/#article","isPartOf":{"@id":"https:\/\/www.webdo.tn\/fr\/actualite\/regions\/tunisie-jendouba-suspension-des-cours-en-raison-des-intemperies\/219136\/"},"author":{"name":"KJ","@id":"https:\/\/www.webdo.tn\/fr\/#\/schema\/person\/82ca085b22037d285e1a3c4b65ba5f71"},"headline":"Tunisie \u2013 Jendouba : Suspension des cours en raison des intemp\u00e9ries","datePublished":"2025-01-16T18:50:00+00:00","dateModified":"2025-05-20T22:20:31+00:00","mainEntityOfPage":{"@id":"https:\/\/www.webdo.tn\/fr\/actualite\/regions\/tunisie-jendouba-suspension-des-cours-en-raison-des-intemperies\/219136\/"},"wordCount":204,"commentCount":0,"publisher":{"@id":"https:\/\/www.webdo.tn\/fr\/#organization"},"image":{"@id":"https:\/\/www.webdo.tn\/fr\/actualite\/regions\/tunisie-jendouba-suspension-des-cours-en-raison-des-intemperies\/219136\/#primaryimage"},"thumbnailUrl":"https:\/\/www.webdo.tn\/fr\/wp-content\/uploads\/2025\/05\/3d7025785b1bcff798c5d74baa6c927b-2.webp","keywords":["cours","Intemp\u00e9ries","Tunisie"],"articleSection":["regions"],"inLanguage":"fr-FR"},{"@type":"WebPage","@id":"https:\/\/www.webdo.tn\/fr\/actualite\/regions\/tunisie-jendouba-suspension-des-cours-en-raison-des-intemperies\/219136\/","url":"https:\/\/www.webdo.tn\/fr\/actualite\/regions\/tunisie-jendouba-suspension-des-cours-en-raison-des-intemperies\/219136\/","name":"Tunisie \u2013 Jendouba : Suspension des cours en raison des intemp\u00e9ries","isPartOf":{"@id":"https:\/\/www.webdo.tn\/fr\/#website"},"primaryImageOfPage":{"@id":"https:\/\/www.webdo.tn\/fr\/actualite\/regions\/tunisie-jendouba-suspension-des-cours-en-raison-des-intemperies\/219136\/#primaryimage"},"image":{"@id":"https:\/\/www.webdo.tn\/fr\/actualite\/regions\/tunisie-jendouba-suspension-des-cours-en-raison-des-intemperies\/219136\/#primaryimage"},"thumbnailUrl":"https:\/\/www.webdo.tn\/fr\/wp-content\/uploads\/2025\/05\/3d7025785b1bcff798c5d74baa6c927b-2.webp","datePublished":"2025-01-16T18:50:00+00:00","dateModified":"2025-05-20T22:20:31+00:00","description":"Selon les pr\u00e9visions de l\u2019Institut National de la M\u00e9t\u00e9orologie (INM), la Tunisie fait face \u00e0 une vague d\u2019intemp\u00e9ries ce jeudi et vendredi, avec des pluies torre...","breadcrumb":{"@id":"https:\/\/www.webdo.tn\/fr\/actualite\/regions\/tunisie-jendouba-suspension-des-cours-en-raison-des-intemperies\/219136\/#breadcrumb"},"inLanguage":"fr-FR","potentialAction":[{"@type":"ReadAction","target":["https:\/\/www.webdo.tn\/fr\/actualite\/regions\/tunisie-jendouba-suspension-des-cours-en-raison-des-intemperies\/219136\/"]}]},{"@type":"ImageObject","inLanguage":"fr-FR","@id":"https:\/\/www.webdo.tn\/fr\/actualite\/regions\/tunisie-jendouba-suspension-des-cours-en-raison-des-intemperies\/219136\/#primaryimage","url":"https:\/\/www.webdo.tn\/fr\/wp-content\/uploads\/2025\/05\/3d7025785b1bcff798c5d74baa6c927b-2.webp","contentUrl":"https:\/\/www.webdo.tn\/fr\/wp-content\/uploads\/2025\/05\/3d7025785b1bcff798c5d74baa6c927b-2.webp","width":750,"height":400},{"@type":"BreadcrumbList","@id":"https:\/\/www.webdo.tn\/fr\/actualite\/regions\/tunisie-jendouba-suspension-des-cours-en-raison-des-intemperies\/219136\/#breadcrumb","itemListElement":[{"@type":"ListItem","position":1,"name":"Accueil","item":"https:\/\/www.webdo.tn\/fr\/"},{"@type":"ListItem","position":2,"name":"Tunisie \u2013 Jendouba : Suspension des cours en raison des intemp\u00e9ries"}]},{"@type":"WebSite","@id":"https:\/\/www.webdo.tn\/fr\/#website","url":"https:\/\/www.webdo.tn\/fr\/","name":"webdo","description":"Tunisie - News en Tunisie et \u00e0 l&#039;international sur Webdo.tn","publisher":{"@id":"https:\/\/www.webdo.tn\/fr\/#organization"},"potentialAction":[{"@type":"SearchAction","target":{"@type":"EntryPoint","urlTemplate":"https:\/\/www.webdo.tn\/fr\/?s={search_term_string}"},"query-input":{"@type":"PropertyValueSpecification","valueRequired":true,"valueName":"search_term_string"}}],"inLanguage":"fr-FR"},{"@type":"Organization","@id":"https:\/\/www.webdo.tn\/fr\/#organization","name":"Webdo","alternateName":"Webdo.tn","url":"https:\/\/www.webdo.tn\/fr\/","logo":{"@type":"ImageObject","inLanguage":"fr-FR","@id":"https:\/\/www.webdo.tn\/fr\/#\/schema\/logo\/image\/","url":"https:\/\/www.webdo.tn\/fr\/wp-content\/uploads\/2025\/06\/Webdo-Tunisie_168377.jpg","contentUrl":"https:\/\/www.webdo.tn\/fr\/wp-content\/uploads\/2025\/06\/Webdo-Tunisie_168377.jpg","width":301,"height":301,"caption":"Webdo"},"image":{"@id":"https:\/\/www.webdo.tn\/fr\/#\/schema\/logo\/image\/"},"sameAs":["https:\/\/www.facebook.com\/webdotn","https:\/\/x.com\/webdo_tn"],"description":"Webdo est un m\u00e9dia num\u00e9rique tunisien fond\u00e9 en 2010, sp\u00e9cialis\u00e9 dans l\u2019actualit\u00e9 nationale et internationale, l\u2019\u00e9conomie, la soci\u00e9t\u00e9 et les analyses politiques. Le site s\u2019adresse \u00e0 un large public francophone et couvre l\u2019information tunisienne en temps r\u00e9el.","email":"redac@webdo.tn","legalName":"YNJ SARL","foundingDate":"2010-09-06","numberOfEmployees":{"@type":"QuantitativeValue","minValue":"11","maxValue":"50"}},{"@type":"Person","@id":"https:\/\/www.webdo.tn\/fr\/#\/schema\/person\/82ca085b22037d285e1a3c4b65ba5f71","name":"KJ","image":{"@type":"ImageObject","inLanguage":"fr-FR","@id":"https:\/\/secure.gravatar.com\/avatar\/1a1320de1c1971c893f00068f760b4113d69504aa21273da17ee95650c5944fd?s=96&d=mm&r=g","url":"https:\/\/secure.gravatar.com\/avatar\/1a1320de1c1971c893f00068f760b4113d69504aa21273da17ee95650c5944fd?s=96&d=mm&r=g","contentUrl":"https:\/\/secure.gravatar.com\/avatar\/1a1320de1c1971c893f00068f760b4113d69504aa21273da17ee95650c5944fd?s=96&d=mm&r=g","caption":"KJ"},"url":"https:\/\/www.webdo.tn\/fr\/actualite\/author\/kj\/"}]}},"_links":{"self":[{"href":"https:\/\/www.webdo.tn\/fr\/wp-json\/wp\/v2\/posts\/219136","targetHints":{"allow":["GET"]}}],"collection":[{"href":"https:\/\/www.webdo.tn\/fr\/wp-json\/wp\/v2\/posts"}],"about":[{"href":"https:\/\/www.webdo.tn\/fr\/wp-json\/wp\/v2\/types\/post"}],"author":[{"embeddable":true,"href":"https:\/\/www.webdo.tn\/fr\/wp-json\/wp\/v2\/users\/3163"}],"replies":[{"embeddable":true,"href":"https:\/\/www.webdo.tn\/fr\/wp-json\/wp\/v2\/comments?post=219136"}],"version-history":[{"count":0,"href":"https:\/\/www.webdo.tn\/fr\/wp-json\/wp\/v2\/posts\/219136\/revisions"}],"wp:featuredmedia":[{"embeddable":true,"href":"https:\/\/www.webdo.tn\/fr\/wp-json\/wp\/v2\/media\/242788"}],"wp:attachment":[{"href":"https:\/\/www.webdo.tn\/fr\/wp-json\/wp\/v2\/media?parent=219136"}],"wp:term":[{"taxonomy":"category","embeddable":true,"href":"https:\/\/www.webdo.tn\/fr\/wp-json\/wp\/v2\/categories?post=219136"},{"taxonomy":"post_tag","embeddable":true,"href":"https:\/\/www.webdo.tn\/fr\/wp-json\/wp\/v2\/tags?post=219136"}],"curies":[{"name":"wp","href":"https:\/\/api.w.org\/{rel}","templated":true}]}}