{"id":219130,"date":"2025-01-16T14:18:00","date_gmt":"2025-01-16T14:18:00","guid":{"rendered":"https:\/\/www.webdo.tn\/fr\/blog\/l-esperance-de-tunis-interdite-de-recrutement\/219130\/"},"modified":"2025-05-20T22:16:04","modified_gmt":"2025-05-20T22:16:04","slug":"l-esperance-de-tunis-interdite-de-recrutement","status":"publish","type":"post","link":"https:\/\/www.webdo.tn\/fr\/actualite\/sport\/l-esperance-de-tunis-interdite-de-recrutement\/219130\/","title":{"rendered":"L&rsquo;Esp\u00e9rance de Tunis interdite de recrutement&#8230;"},"content":{"rendered":"<p>La F\u00e9d\u00e9ration internationale de football a inflig\u00e9 une interdiction de recrutement \u00e0 l&rsquo;Esp\u00e9rance Sportive de Tunis, sur fond de l&rsquo;affaire du joueur jordanien \u00ab\u00a0Mohammad Abu Zrayq\u00a0\u00bb, dit Charara.<\/p>\n<p>L\u2019EST est interdite de recrutement \u00e0 cause d\u2019un retard de paiement m\u00eame si le joueur en question a per\u00e7u environ deux millions de dinars.<\/p>\n<p>La Chambre de r\u00e9solution des litiges de la FIFA a inflig\u00e9 cette sanction, en raison du retard de paiement sachant que l\u2019Esp\u00e9rance a entam\u00e9 les proc\u00e9dures pour le paiement de l&rsquo;indemnit\u00e9 de retard, en vue de lever l&rsquo;interdiction de recrutement.<\/p>\n","protected":false},"excerpt":{"rendered":"<p>La F\u00e9d\u00e9ration internationale de football a inflig\u00e9 une interdiction de recrutement \u00e0 l&rsquo;Esp\u00e9rance Sportive de Tunis, sur fond de l&rsquo;affaire du joueur jordanien  M&#8230;<\/p>\n","protected":false},"author":3162,"featured_media":291697,"comment_status":"open","ping_status":"closed","sticky":false,"template":"","format":"standard","meta":{"footnotes":""},"categories":[2593],"tags":[10877,10876,5122,3487],"class_list":["post-219130","post","type-post","status-publish","format-standard","has-post-thumbnail","hentry","category-sport","tag-charara","tag-interdiction-de-recrutement","tag-esperance-sportive-de-tunis","tag-fifa"],"yoast_head":"<!-- This site is optimized with the Yoast SEO Premium plugin v27.5 (Yoast SEO v27.5) - https:\/\/yoast.com\/product\/yoast-seo-premium-wordpress\/ -->\n<title>L&#039;Esp\u00e9rance de Tunis interdite de recrutement...<\/title>\n<meta name=\"description\" content=\"La F\u00e9d\u00e9ration internationale de football a inflig\u00e9 une interdiction de recrutement \u00e0 l&#039;Esp\u00e9rance Sportive de Tunis, sur fond de l&#039;affaire du joueur jordanien M...\" \/>\n<link rel=\"canonical\" href=\"https:\/\/www.webdo.tn\/fr\/actualite\/sport\/l-esperance-de-tunis-interdite-de-recrutement\/219130\/\" \/>\n<meta property=\"og:locale\" content=\"fr_FR\" \/>\n<meta property=\"og:type\" content=\"article\" \/>\n<meta property=\"og:title\" content=\"L&#039;Esp\u00e9rance de Tunis interdite de recrutement...\" \/>\n<meta property=\"og:description\" content=\"La F\u00e9d\u00e9ration internationale de football a inflig\u00e9 une interdiction de recrutement \u00e0 l&#039;Esp\u00e9rance Sportive de Tunis, sur fond de l&#039;affaire du joueur jordanien M...\" \/>\n<meta property=\"og:url\" content=\"https:\/\/www.webdo.tn\/fr\/actualite\/sport\/l-esperance-de-tunis-interdite-de-recrutement\/219130\/\" \/>\n<meta property=\"og:site_name\" content=\"webdo\" \/>\n<meta property=\"article:publisher\" content=\"https:\/\/www.facebook.com\/webdotn\" \/>\n<meta property=\"article:published_time\" content=\"2025-01-16T14:18:00+00:00\" \/>\n<meta property=\"article:modified_time\" content=\"2025-05-20T22:16:04+00:00\" \/>\n<meta property=\"og:image\" content=\"https:\/\/www.webdo.tn\/fr\/wp-content\/uploads\/2025\/01\/8178461ddfd3beef875ebca981641198.webp\" \/>\n\t<meta property=\"og:image:width\" content=\"640\" \/>\n\t<meta property=\"og:image:height\" content=\"341\" \/>\n\t<meta property=\"og:image:type\" content=\"image\/webp\" \/>\n<meta name=\"author\" content=\"MC\" \/>\n<meta name=\"twitter:card\" content=\"summary_large_image\" \/>\n<meta name=\"twitter:creator\" content=\"@webdo_tn\" \/>\n<meta name=\"twitter:site\" content=\"@webdo_tn\" \/>\n<meta name=\"twitter:label1\" content=\"\u00c9crit par\" \/>\n\t<meta name=\"twitter:data1\" content=\"MC\" \/>\n\t<meta name=\"twitter:label2\" content=\"Dur\u00e9e de lecture estim\u00e9e\" \/>\n\t<meta name=\"twitter:data2\" content=\"1 minute\" \/>\n<script type=\"application\/ld+json\" class=\"yoast-schema-graph\">{\"@context\":\"https:\\\/\\\/schema.org\",\"@graph\":[{\"@type\":\"NewsArticle\",\"@id\":\"https:\\\/\\\/www.webdo.tn\\\/fr\\\/actualite\\\/sport\\\/l-esperance-de-tunis-interdite-de-recrutement\\\/219130\\\/#article\",\"isPartOf\":{\"@id\":\"https:\\\/\\\/www.webdo.tn\\\/fr\\\/actualite\\\/sport\\\/l-esperance-de-tunis-interdite-de-recrutement\\\/219130\\\/\"},\"author\":{\"name\":\"MC\",\"@id\":\"https:\\\/\\\/www.webdo.tn\\\/fr\\\/#\\\/schema\\\/person\\\/2c4929cbf5a809e3bd38617c6ce150f6\"},\"headline\":\"L&rsquo;Esp\u00e9rance de Tunis interdite de recrutement&#8230;\",\"datePublished\":\"2025-01-16T14:18:00+00:00\",\"dateModified\":\"2025-05-20T22:16:04+00:00\",\"mainEntityOfPage\":{\"@id\":\"https:\\\/\\\/www.webdo.tn\\\/fr\\\/actualite\\\/sport\\\/l-esperance-de-tunis-interdite-de-recrutement\\\/219130\\\/\"},\"wordCount\":113,\"commentCount\":0,\"publisher\":{\"@id\":\"https:\\\/\\\/www.webdo.tn\\\/fr\\\/#organization\"},\"image\":{\"@id\":\"https:\\\/\\\/www.webdo.tn\\\/fr\\\/actualite\\\/sport\\\/l-esperance-de-tunis-interdite-de-recrutement\\\/219130\\\/#primaryimage\"},\"thumbnailUrl\":\"https:\\\/\\\/www.webdo.tn\\\/fr\\\/wp-content\\\/uploads\\\/2025\\\/01\\\/8178461ddfd3beef875ebca981641198.webp\",\"keywords\":[\"'charara']\",\"'interdiction de recrutement'\",\"Esp\u00e9rance Sportive de Tunis\",\"FIFA\"],\"articleSection\":[\"Sport\"],\"inLanguage\":\"fr-FR\"},{\"@type\":\"WebPage\",\"@id\":\"https:\\\/\\\/www.webdo.tn\\\/fr\\\/actualite\\\/sport\\\/l-esperance-de-tunis-interdite-de-recrutement\\\/219130\\\/\",\"url\":\"https:\\\/\\\/www.webdo.tn\\\/fr\\\/actualite\\\/sport\\\/l-esperance-de-tunis-interdite-de-recrutement\\\/219130\\\/\",\"name\":\"L'Esp\u00e9rance de Tunis interdite de recrutement...\",\"isPartOf\":{\"@id\":\"https:\\\/\\\/www.webdo.tn\\\/fr\\\/#website\"},\"primaryImageOfPage\":{\"@id\":\"https:\\\/\\\/www.webdo.tn\\\/fr\\\/actualite\\\/sport\\\/l-esperance-de-tunis-interdite-de-recrutement\\\/219130\\\/#primaryimage\"},\"image\":{\"@id\":\"https:\\\/\\\/www.webdo.tn\\\/fr\\\/actualite\\\/sport\\\/l-esperance-de-tunis-interdite-de-recrutement\\\/219130\\\/#primaryimage\"},\"thumbnailUrl\":\"https:\\\/\\\/www.webdo.tn\\\/fr\\\/wp-content\\\/uploads\\\/2025\\\/01\\\/8178461ddfd3beef875ebca981641198.webp\",\"datePublished\":\"2025-01-16T14:18:00+00:00\",\"dateModified\":\"2025-05-20T22:16:04+00:00\",\"description\":\"La F\u00e9d\u00e9ration internationale de football a inflig\u00e9 une interdiction de recrutement \u00e0 l'Esp\u00e9rance Sportive de Tunis, sur fond de l'affaire du joueur jordanien M...\",\"breadcrumb\":{\"@id\":\"https:\\\/\\\/www.webdo.tn\\\/fr\\\/actualite\\\/sport\\\/l-esperance-de-tunis-interdite-de-recrutement\\\/219130\\\/#breadcrumb\"},\"inLanguage\":\"fr-FR\",\"potentialAction\":[{\"@type\":\"ReadAction\",\"target\":[\"https:\\\/\\\/www.webdo.tn\\\/fr\\\/actualite\\\/sport\\\/l-esperance-de-tunis-interdite-de-recrutement\\\/219130\\\/\"]}]},{\"@type\":\"ImageObject\",\"inLanguage\":\"fr-FR\",\"@id\":\"https:\\\/\\\/www.webdo.tn\\\/fr\\\/actualite\\\/sport\\\/l-esperance-de-tunis-interdite-de-recrutement\\\/219130\\\/#primaryimage\",\"url\":\"https:\\\/\\\/www.webdo.tn\\\/fr\\\/wp-content\\\/uploads\\\/2025\\\/01\\\/8178461ddfd3beef875ebca981641198.webp\",\"contentUrl\":\"https:\\\/\\\/www.webdo.tn\\\/fr\\\/wp-content\\\/uploads\\\/2025\\\/01\\\/8178461ddfd3beef875ebca981641198.webp\",\"width\":640,\"height\":341,\"caption\":\"L'Esp\u00e9rance de Tunis interdite de recrutement...\"},{\"@type\":\"BreadcrumbList\",\"@id\":\"https:\\\/\\\/www.webdo.tn\\\/fr\\\/actualite\\\/sport\\\/l-esperance-de-tunis-interdite-de-recrutement\\\/219130\\\/#breadcrumb\",\"itemListElement\":[{\"@type\":\"ListItem\",\"position\":1,\"name\":\"Accueil\",\"item\":\"https:\\\/\\\/www.webdo.tn\\\/fr\\\/\"},{\"@type\":\"ListItem\",\"position\":2,\"name\":\"L&rsquo;Esp\u00e9rance de Tunis interdite de recrutement&#8230;\"}]},{\"@type\":\"WebSite\",\"@id\":\"https:\\\/\\\/www.webdo.tn\\\/fr\\\/#website\",\"url\":\"https:\\\/\\\/www.webdo.tn\\\/fr\\\/\",\"name\":\"webdo\",\"description\":\"Tunisie - News en Tunisie et \u00e0 l&#039;international sur Webdo.tn\",\"publisher\":{\"@id\":\"https:\\\/\\\/www.webdo.tn\\\/fr\\\/#organization\"},\"potentialAction\":[{\"@type\":\"SearchAction\",\"target\":{\"@type\":\"EntryPoint\",\"urlTemplate\":\"https:\\\/\\\/www.webdo.tn\\\/fr\\\/?s={search_term_string}\"},\"query-input\":{\"@type\":\"PropertyValueSpecification\",\"valueRequired\":true,\"valueName\":\"search_term_string\"}}],\"inLanguage\":\"fr-FR\"},{\"@type\":\"Organization\",\"@id\":\"https:\\\/\\\/www.webdo.tn\\\/fr\\\/#organization\",\"name\":\"Webdo\",\"alternateName\":\"Webdo.tn\",\"url\":\"https:\\\/\\\/www.webdo.tn\\\/fr\\\/\",\"logo\":{\"@type\":\"ImageObject\",\"inLanguage\":\"fr-FR\",\"@id\":\"https:\\\/\\\/www.webdo.tn\\\/fr\\\/#\\\/schema\\\/logo\\\/image\\\/\",\"url\":\"https:\\\/\\\/www.webdo.tn\\\/fr\\\/wp-content\\\/uploads\\\/2025\\\/06\\\/Webdo-Tunisie_168377.jpg\",\"contentUrl\":\"https:\\\/\\\/www.webdo.tn\\\/fr\\\/wp-content\\\/uploads\\\/2025\\\/06\\\/Webdo-Tunisie_168377.jpg\",\"width\":301,\"height\":301,\"caption\":\"Webdo\"},\"image\":{\"@id\":\"https:\\\/\\\/www.webdo.tn\\\/fr\\\/#\\\/schema\\\/logo\\\/image\\\/\"},\"sameAs\":[\"https:\\\/\\\/www.facebook.com\\\/webdotn\",\"https:\\\/\\\/x.com\\\/webdo_tn\"],\"description\":\"Webdo est un m\u00e9dia num\u00e9rique tunisien fond\u00e9 en 2010, sp\u00e9cialis\u00e9 dans l\u2019actualit\u00e9 nationale et internationale, l\u2019\u00e9conomie, la soci\u00e9t\u00e9 et les analyses politiques. Le site s\u2019adresse \u00e0 un large public francophone et couvre l\u2019information tunisienne en temps r\u00e9el.\",\"email\":\"redac@webdo.tn\",\"legalName\":\"YNJ SARL\",\"foundingDate\":\"2010-09-06\",\"numberOfEmployees\":{\"@type\":\"QuantitativeValue\",\"minValue\":\"11\",\"maxValue\":\"50\"}},{\"@type\":\"Person\",\"@id\":\"https:\\\/\\\/www.webdo.tn\\\/fr\\\/#\\\/schema\\\/person\\\/2c4929cbf5a809e3bd38617c6ce150f6\",\"name\":\"MC\",\"image\":{\"@type\":\"ImageObject\",\"inLanguage\":\"fr-FR\",\"@id\":\"https:\\\/\\\/secure.gravatar.com\\\/avatar\\\/a545bbb6f84efdd5553dbbc2895e3ca8f1d12c5215e00a041c9670b54aa9b18a?s=96&d=mm&r=g\",\"url\":\"https:\\\/\\\/secure.gravatar.com\\\/avatar\\\/a545bbb6f84efdd5553dbbc2895e3ca8f1d12c5215e00a041c9670b54aa9b18a?s=96&d=mm&r=g\",\"contentUrl\":\"https:\\\/\\\/secure.gravatar.com\\\/avatar\\\/a545bbb6f84efdd5553dbbc2895e3ca8f1d12c5215e00a041c9670b54aa9b18a?s=96&d=mm&r=g\",\"caption\":\"MC\"},\"url\":\"https:\\\/\\\/www.webdo.tn\\\/fr\\\/actualite\\\/author\\\/mc\\\/\"}]}<\/script>\n<!-- \/ Yoast SEO Premium plugin. -->","yoast_head_json":{"title":"L'Esp\u00e9rance de Tunis interdite de recrutement...","description":"La F\u00e9d\u00e9ration internationale de football a inflig\u00e9 une interdiction de recrutement \u00e0 l'Esp\u00e9rance Sportive de Tunis, sur fond de l'affaire du joueur jordanien M...","canonical":"https:\/\/www.webdo.tn\/fr\/actualite\/sport\/l-esperance-de-tunis-interdite-de-recrutement\/219130\/","og_locale":"fr_FR","og_type":"article","og_title":"L'Esp\u00e9rance de Tunis interdite de recrutement...","og_description":"La F\u00e9d\u00e9ration internationale de football a inflig\u00e9 une interdiction de recrutement \u00e0 l'Esp\u00e9rance Sportive de Tunis, sur fond de l'affaire du joueur jordanien M...","og_url":"https:\/\/www.webdo.tn\/fr\/actualite\/sport\/l-esperance-de-tunis-interdite-de-recrutement\/219130\/","og_site_name":"webdo","article_publisher":"https:\/\/www.facebook.com\/webdotn","article_published_time":"2025-01-16T14:18:00+00:00","article_modified_time":"2025-05-20T22:16:04+00:00","og_image":[{"width":640,"height":341,"url":"https:\/\/www.webdo.tn\/fr\/wp-content\/uploads\/2025\/01\/8178461ddfd3beef875ebca981641198.webp","type":"image\/webp"}],"author":"MC","twitter_card":"summary_large_image","twitter_creator":"@webdo_tn","twitter_site":"@webdo_tn","twitter_misc":{"\u00c9crit par":"MC","Dur\u00e9e de lecture estim\u00e9e":"1 minute"},"schema":{"@context":"https:\/\/schema.org","@graph":[{"@type":"NewsArticle","@id":"https:\/\/www.webdo.tn\/fr\/actualite\/sport\/l-esperance-de-tunis-interdite-de-recrutement\/219130\/#article","isPartOf":{"@id":"https:\/\/www.webdo.tn\/fr\/actualite\/sport\/l-esperance-de-tunis-interdite-de-recrutement\/219130\/"},"author":{"name":"MC","@id":"https:\/\/www.webdo.tn\/fr\/#\/schema\/person\/2c4929cbf5a809e3bd38617c6ce150f6"},"headline":"L&rsquo;Esp\u00e9rance de Tunis interdite de recrutement&#8230;","datePublished":"2025-01-16T14:18:00+00:00","dateModified":"2025-05-20T22:16:04+00:00","mainEntityOfPage":{"@id":"https:\/\/www.webdo.tn\/fr\/actualite\/sport\/l-esperance-de-tunis-interdite-de-recrutement\/219130\/"},"wordCount":113,"commentCount":0,"publisher":{"@id":"https:\/\/www.webdo.tn\/fr\/#organization"},"image":{"@id":"https:\/\/www.webdo.tn\/fr\/actualite\/sport\/l-esperance-de-tunis-interdite-de-recrutement\/219130\/#primaryimage"},"thumbnailUrl":"https:\/\/www.webdo.tn\/fr\/wp-content\/uploads\/2025\/01\/8178461ddfd3beef875ebca981641198.webp","keywords":["'charara']","'interdiction de recrutement'","Esp\u00e9rance Sportive de Tunis","FIFA"],"articleSection":["Sport"],"inLanguage":"fr-FR"},{"@type":"WebPage","@id":"https:\/\/www.webdo.tn\/fr\/actualite\/sport\/l-esperance-de-tunis-interdite-de-recrutement\/219130\/","url":"https:\/\/www.webdo.tn\/fr\/actualite\/sport\/l-esperance-de-tunis-interdite-de-recrutement\/219130\/","name":"L'Esp\u00e9rance de Tunis interdite de recrutement...","isPartOf":{"@id":"https:\/\/www.webdo.tn\/fr\/#website"},"primaryImageOfPage":{"@id":"https:\/\/www.webdo.tn\/fr\/actualite\/sport\/l-esperance-de-tunis-interdite-de-recrutement\/219130\/#primaryimage"},"image":{"@id":"https:\/\/www.webdo.tn\/fr\/actualite\/sport\/l-esperance-de-tunis-interdite-de-recrutement\/219130\/#primaryimage"},"thumbnailUrl":"https:\/\/www.webdo.tn\/fr\/wp-content\/uploads\/2025\/01\/8178461ddfd3beef875ebca981641198.webp","datePublished":"2025-01-16T14:18:00+00:00","dateModified":"2025-05-20T22:16:04+00:00","description":"La F\u00e9d\u00e9ration internationale de football a inflig\u00e9 une interdiction de recrutement \u00e0 l'Esp\u00e9rance Sportive de Tunis, sur fond de l'affaire du joueur jordanien M...","breadcrumb":{"@id":"https:\/\/www.webdo.tn\/fr\/actualite\/sport\/l-esperance-de-tunis-interdite-de-recrutement\/219130\/#breadcrumb"},"inLanguage":"fr-FR","potentialAction":[{"@type":"ReadAction","target":["https:\/\/www.webdo.tn\/fr\/actualite\/sport\/l-esperance-de-tunis-interdite-de-recrutement\/219130\/"]}]},{"@type":"ImageObject","inLanguage":"fr-FR","@id":"https:\/\/www.webdo.tn\/fr\/actualite\/sport\/l-esperance-de-tunis-interdite-de-recrutement\/219130\/#primaryimage","url":"https:\/\/www.webdo.tn\/fr\/wp-content\/uploads\/2025\/01\/8178461ddfd3beef875ebca981641198.webp","contentUrl":"https:\/\/www.webdo.tn\/fr\/wp-content\/uploads\/2025\/01\/8178461ddfd3beef875ebca981641198.webp","width":640,"height":341,"caption":"L'Esp\u00e9rance de Tunis interdite de recrutement..."},{"@type":"BreadcrumbList","@id":"https:\/\/www.webdo.tn\/fr\/actualite\/sport\/l-esperance-de-tunis-interdite-de-recrutement\/219130\/#breadcrumb","itemListElement":[{"@type":"ListItem","position":1,"name":"Accueil","item":"https:\/\/www.webdo.tn\/fr\/"},{"@type":"ListItem","position":2,"name":"L&rsquo;Esp\u00e9rance de Tunis interdite de recrutement&#8230;"}]},{"@type":"WebSite","@id":"https:\/\/www.webdo.tn\/fr\/#website","url":"https:\/\/www.webdo.tn\/fr\/","name":"webdo","description":"Tunisie - News en Tunisie et \u00e0 l&#039;international sur Webdo.tn","publisher":{"@id":"https:\/\/www.webdo.tn\/fr\/#organization"},"potentialAction":[{"@type":"SearchAction","target":{"@type":"EntryPoint","urlTemplate":"https:\/\/www.webdo.tn\/fr\/?s={search_term_string}"},"query-input":{"@type":"PropertyValueSpecification","valueRequired":true,"valueName":"search_term_string"}}],"inLanguage":"fr-FR"},{"@type":"Organization","@id":"https:\/\/www.webdo.tn\/fr\/#organization","name":"Webdo","alternateName":"Webdo.tn","url":"https:\/\/www.webdo.tn\/fr\/","logo":{"@type":"ImageObject","inLanguage":"fr-FR","@id":"https:\/\/www.webdo.tn\/fr\/#\/schema\/logo\/image\/","url":"https:\/\/www.webdo.tn\/fr\/wp-content\/uploads\/2025\/06\/Webdo-Tunisie_168377.jpg","contentUrl":"https:\/\/www.webdo.tn\/fr\/wp-content\/uploads\/2025\/06\/Webdo-Tunisie_168377.jpg","width":301,"height":301,"caption":"Webdo"},"image":{"@id":"https:\/\/www.webdo.tn\/fr\/#\/schema\/logo\/image\/"},"sameAs":["https:\/\/www.facebook.com\/webdotn","https:\/\/x.com\/webdo_tn"],"description":"Webdo est un m\u00e9dia num\u00e9rique tunisien fond\u00e9 en 2010, sp\u00e9cialis\u00e9 dans l\u2019actualit\u00e9 nationale et internationale, l\u2019\u00e9conomie, la soci\u00e9t\u00e9 et les analyses politiques. Le site s\u2019adresse \u00e0 un large public francophone et couvre l\u2019information tunisienne en temps r\u00e9el.","email":"redac@webdo.tn","legalName":"YNJ SARL","foundingDate":"2010-09-06","numberOfEmployees":{"@type":"QuantitativeValue","minValue":"11","maxValue":"50"}},{"@type":"Person","@id":"https:\/\/www.webdo.tn\/fr\/#\/schema\/person\/2c4929cbf5a809e3bd38617c6ce150f6","name":"MC","image":{"@type":"ImageObject","inLanguage":"fr-FR","@id":"https:\/\/secure.gravatar.com\/avatar\/a545bbb6f84efdd5553dbbc2895e3ca8f1d12c5215e00a041c9670b54aa9b18a?s=96&d=mm&r=g","url":"https:\/\/secure.gravatar.com\/avatar\/a545bbb6f84efdd5553dbbc2895e3ca8f1d12c5215e00a041c9670b54aa9b18a?s=96&d=mm&r=g","contentUrl":"https:\/\/secure.gravatar.com\/avatar\/a545bbb6f84efdd5553dbbc2895e3ca8f1d12c5215e00a041c9670b54aa9b18a?s=96&d=mm&r=g","caption":"MC"},"url":"https:\/\/www.webdo.tn\/fr\/actualite\/author\/mc\/"}]}},"_links":{"self":[{"href":"https:\/\/www.webdo.tn\/fr\/wp-json\/wp\/v2\/posts\/219130","targetHints":{"allow":["GET"]}}],"collection":[{"href":"https:\/\/www.webdo.tn\/fr\/wp-json\/wp\/v2\/posts"}],"about":[{"href":"https:\/\/www.webdo.tn\/fr\/wp-json\/wp\/v2\/types\/post"}],"author":[{"embeddable":true,"href":"https:\/\/www.webdo.tn\/fr\/wp-json\/wp\/v2\/users\/3162"}],"replies":[{"embeddable":true,"href":"https:\/\/www.webdo.tn\/fr\/wp-json\/wp\/v2\/comments?post=219130"}],"version-history":[{"count":0,"href":"https:\/\/www.webdo.tn\/fr\/wp-json\/wp\/v2\/posts\/219130\/revisions"}],"wp:featuredmedia":[{"embeddable":true,"href":"https:\/\/www.webdo.tn\/fr\/wp-json\/wp\/v2\/media\/291697"}],"wp:attachment":[{"href":"https:\/\/www.webdo.tn\/fr\/wp-json\/wp\/v2\/media?parent=219130"}],"wp:term":[{"taxonomy":"category","embeddable":true,"href":"https:\/\/www.webdo.tn\/fr\/wp-json\/wp\/v2\/categories?post=219130"},{"taxonomy":"post_tag","embeddable":true,"href":"https:\/\/www.webdo.tn\/fr\/wp-json\/wp\/v2\/tags?post=219130"}],"curies":[{"name":"wp","href":"https:\/\/api.w.org\/{rel}","templated":true}]}}