{"id":219103,"date":"2025-01-15T18:54:00","date_gmt":"2025-01-15T18:54:00","guid":{"rendered":"https:\/\/www.webdo.tn\/fr\/blog\/2025\/01\/15\/tunisie-meteo-pluies-eparses-et-baisse-des-temperatures\/"},"modified":"2025-05-21T09:00:33","modified_gmt":"2025-05-21T09:00:33","slug":"tunisie-meteo-pluies-eparses-et-baisse-des-temperatures","status":"publish","type":"post","link":"https:\/\/www.webdo.tn\/fr\/actualite\/national\/tunisie-meteo-pluies-eparses-et-baisse-des-temperatures\/219103\/","title":{"rendered":"Tunisie &#8211; m\u00e9t\u00e9o : pluies \u00e9parses et baisse des temp\u00e9ratures"},"content":{"rendered":"<p>L&rsquo;Institut National de la M\u00e9t\u00e9orologie pr\u00e9voit pour cette nuit, un ciel parfois tr\u00e8s nuageux sur les r\u00e9gions du nord et du centre avec quelques pluies \u00e9parses, tandis que des passages nuageux domineront le sud du pays.<\/p>\n<p>\t\t\t\t\t\t\t\t\tLes vents souffleront du secteur ouest sur le nord et le centre, et du secteur nord sur le sud. Ils seront relativement forts \u00e0 proximit\u00e9 des c\u00f4tes et faibles \u00e0 mod\u00e9r\u00e9s \u00e0 l&rsquo;int\u00e9rieur des terres.<\/p>\n<p>La mer sera agit\u00e9e, offrant des conditions maritimes moyennement instables.<\/p>\n<p>Quant aux temp\u00e9ratures nocturnes, elles oscilleront g\u00e9n\u00e9ralement entre 6 et 10 degr\u00e9s sur la plupart des r\u00e9gions, sauf dans les hauteurs de l&rsquo;ouest o\u00f9 elles seront plus basses, variant entre 0 et 4 degr\u00e9s.<\/p>\n","protected":false},"excerpt":{"rendered":"<p>Pr\u00e9visions m\u00e9t\u00e9o de cette nuit en Tunisie : ciel parfois nuageux avec quelques pluies au nord et au centre, mer agit\u00e9e et temp\u00e9ratures nocturnes entre 6 et 10\u00b0C&#8230;<\/p>\n","protected":false},"author":3166,"featured_media":242826,"comment_status":"open","ping_status":"open","sticky":false,"template":"","format":"standard","meta":{"footnotes":""},"categories":[44],"tags":[2670,4375,2608],"class_list":["post-219103","post","type-post","status-publish","format-standard","has-post-thumbnail","hentry","category-national","tag-meteo","tag-pluie-eparse","tag-tunisie"],"yoast_head":"<!-- This site is optimized with the Yoast SEO Premium plugin v27.5 (Yoast SEO v27.5) - https:\/\/yoast.com\/product\/yoast-seo-premium-wordpress\/ -->\n<title>Tunisie - m\u00e9t\u00e9o : pluies \u00e9parses et baisse des temp\u00e9ratures<\/title>\n<meta name=\"description\" content=\"Pr\u00e9visions m\u00e9t\u00e9o de cette nuit en Tunisie : ciel parfois nuageux avec quelques pluies au nord et au centre, mer agit\u00e9e et temp\u00e9ratures nocturnes entre 6 et 10\u00b0C...\" \/>\n<link rel=\"canonical\" href=\"https:\/\/www.webdo.tn\/fr\/actualite\/national\/tunisie-meteo-pluies-eparses-et-baisse-des-temperatures\/219103\/\" \/>\n<meta property=\"og:locale\" content=\"fr_FR\" \/>\n<meta property=\"og:type\" content=\"article\" \/>\n<meta property=\"og:title\" content=\"Tunisie - m\u00e9t\u00e9o : pluies \u00e9parses et baisse des temp\u00e9ratures\" \/>\n<meta property=\"og:description\" content=\"Pr\u00e9visions m\u00e9t\u00e9o de cette nuit en Tunisie : ciel parfois nuageux avec quelques pluies au nord et au centre, mer agit\u00e9e et temp\u00e9ratures nocturnes entre 6 et 10\u00b0C...\" \/>\n<meta property=\"og:url\" content=\"https:\/\/www.webdo.tn\/fr\/actualite\/national\/tunisie-meteo-pluies-eparses-et-baisse-des-temperatures\/219103\/\" \/>\n<meta property=\"og:site_name\" content=\"webdo\" \/>\n<meta property=\"article:publisher\" content=\"https:\/\/www.facebook.com\/webdotn\" \/>\n<meta property=\"article:published_time\" content=\"2025-01-15T18:54:00+00:00\" \/>\n<meta property=\"article:modified_time\" content=\"2025-05-21T09:00:33+00:00\" \/>\n<meta property=\"og:image\" content=\"https:\/\/www.webdo.tn\/fr\/wp-content\/uploads\/2025\/05\/ddb9b11e17cb92c21e98208321bb6993-2.webp\" \/>\n\t<meta property=\"og:image:width\" content=\"750\" \/>\n\t<meta property=\"og:image:height\" content=\"400\" \/>\n\t<meta property=\"og:image:type\" content=\"image\/webp\" \/>\n<meta name=\"author\" content=\"AZ\" \/>\n<meta name=\"twitter:card\" content=\"summary_large_image\" \/>\n<meta name=\"twitter:creator\" content=\"@webdo_tn\" \/>\n<meta name=\"twitter:site\" content=\"@webdo_tn\" \/>\n<meta name=\"twitter:label1\" content=\"\u00c9crit par\" \/>\n\t<meta name=\"twitter:data1\" content=\"AZ\" \/>\n\t<meta name=\"twitter:label2\" content=\"Dur\u00e9e de lecture estim\u00e9e\" \/>\n\t<meta name=\"twitter:data2\" content=\"1 minute\" \/>\n<script type=\"application\/ld+json\" class=\"yoast-schema-graph\">{\"@context\":\"https:\\\/\\\/schema.org\",\"@graph\":[{\"@type\":\"NewsArticle\",\"@id\":\"https:\\\/\\\/www.webdo.tn\\\/fr\\\/actualite\\\/national\\\/tunisie-meteo-pluies-eparses-et-baisse-des-temperatures\\\/219103\\\/#article\",\"isPartOf\":{\"@id\":\"https:\\\/\\\/www.webdo.tn\\\/fr\\\/actualite\\\/national\\\/tunisie-meteo-pluies-eparses-et-baisse-des-temperatures\\\/219103\\\/\"},\"author\":{\"name\":\"AZ\",\"@id\":\"https:\\\/\\\/www.webdo.tn\\\/fr\\\/#\\\/schema\\\/person\\\/b8a41c04d93287d375510db360906b34\"},\"headline\":\"Tunisie &#8211; m\u00e9t\u00e9o : pluies \u00e9parses et baisse des temp\u00e9ratures\",\"datePublished\":\"2025-01-15T18:54:00+00:00\",\"dateModified\":\"2025-05-21T09:00:33+00:00\",\"mainEntityOfPage\":{\"@id\":\"https:\\\/\\\/www.webdo.tn\\\/fr\\\/actualite\\\/national\\\/tunisie-meteo-pluies-eparses-et-baisse-des-temperatures\\\/219103\\\/\"},\"wordCount\":139,\"commentCount\":0,\"publisher\":{\"@id\":\"https:\\\/\\\/www.webdo.tn\\\/fr\\\/#organization\"},\"image\":{\"@id\":\"https:\\\/\\\/www.webdo.tn\\\/fr\\\/actualite\\\/national\\\/tunisie-meteo-pluies-eparses-et-baisse-des-temperatures\\\/219103\\\/#primaryimage\"},\"thumbnailUrl\":\"https:\\\/\\\/www.webdo.tn\\\/fr\\\/wp-content\\\/uploads\\\/2025\\\/05\\\/ddb9b11e17cb92c21e98208321bb6993-2.webp\",\"keywords\":[\"m\u00e9t\u00e9o\",\"pluie \u00e9parse\",\"Tunisie\"],\"articleSection\":[\"National\"],\"inLanguage\":\"fr-FR\"},{\"@type\":\"WebPage\",\"@id\":\"https:\\\/\\\/www.webdo.tn\\\/fr\\\/actualite\\\/national\\\/tunisie-meteo-pluies-eparses-et-baisse-des-temperatures\\\/219103\\\/\",\"url\":\"https:\\\/\\\/www.webdo.tn\\\/fr\\\/actualite\\\/national\\\/tunisie-meteo-pluies-eparses-et-baisse-des-temperatures\\\/219103\\\/\",\"name\":\"Tunisie - m\u00e9t\u00e9o : pluies \u00e9parses et baisse des temp\u00e9ratures\",\"isPartOf\":{\"@id\":\"https:\\\/\\\/www.webdo.tn\\\/fr\\\/#website\"},\"primaryImageOfPage\":{\"@id\":\"https:\\\/\\\/www.webdo.tn\\\/fr\\\/actualite\\\/national\\\/tunisie-meteo-pluies-eparses-et-baisse-des-temperatures\\\/219103\\\/#primaryimage\"},\"image\":{\"@id\":\"https:\\\/\\\/www.webdo.tn\\\/fr\\\/actualite\\\/national\\\/tunisie-meteo-pluies-eparses-et-baisse-des-temperatures\\\/219103\\\/#primaryimage\"},\"thumbnailUrl\":\"https:\\\/\\\/www.webdo.tn\\\/fr\\\/wp-content\\\/uploads\\\/2025\\\/05\\\/ddb9b11e17cb92c21e98208321bb6993-2.webp\",\"datePublished\":\"2025-01-15T18:54:00+00:00\",\"dateModified\":\"2025-05-21T09:00:33+00:00\",\"description\":\"Pr\u00e9visions m\u00e9t\u00e9o de cette nuit en Tunisie : ciel parfois nuageux avec quelques pluies au nord et au centre, mer agit\u00e9e et temp\u00e9ratures nocturnes entre 6 et 10\u00b0C...\",\"breadcrumb\":{\"@id\":\"https:\\\/\\\/www.webdo.tn\\\/fr\\\/actualite\\\/national\\\/tunisie-meteo-pluies-eparses-et-baisse-des-temperatures\\\/219103\\\/#breadcrumb\"},\"inLanguage\":\"fr-FR\",\"potentialAction\":[{\"@type\":\"ReadAction\",\"target\":[\"https:\\\/\\\/www.webdo.tn\\\/fr\\\/actualite\\\/national\\\/tunisie-meteo-pluies-eparses-et-baisse-des-temperatures\\\/219103\\\/\"]}]},{\"@type\":\"ImageObject\",\"inLanguage\":\"fr-FR\",\"@id\":\"https:\\\/\\\/www.webdo.tn\\\/fr\\\/actualite\\\/national\\\/tunisie-meteo-pluies-eparses-et-baisse-des-temperatures\\\/219103\\\/#primaryimage\",\"url\":\"https:\\\/\\\/www.webdo.tn\\\/fr\\\/wp-content\\\/uploads\\\/2025\\\/05\\\/ddb9b11e17cb92c21e98208321bb6993-2.webp\",\"contentUrl\":\"https:\\\/\\\/www.webdo.tn\\\/fr\\\/wp-content\\\/uploads\\\/2025\\\/05\\\/ddb9b11e17cb92c21e98208321bb6993-2.webp\",\"width\":750,\"height\":400},{\"@type\":\"BreadcrumbList\",\"@id\":\"https:\\\/\\\/www.webdo.tn\\\/fr\\\/actualite\\\/national\\\/tunisie-meteo-pluies-eparses-et-baisse-des-temperatures\\\/219103\\\/#breadcrumb\",\"itemListElement\":[{\"@type\":\"ListItem\",\"position\":1,\"name\":\"Accueil\",\"item\":\"https:\\\/\\\/www.webdo.tn\\\/fr\\\/\"},{\"@type\":\"ListItem\",\"position\":2,\"name\":\"Tunisie &#8211; m\u00e9t\u00e9o : pluies \u00e9parses et baisse des temp\u00e9ratures\"}]},{\"@type\":\"WebSite\",\"@id\":\"https:\\\/\\\/www.webdo.tn\\\/fr\\\/#website\",\"url\":\"https:\\\/\\\/www.webdo.tn\\\/fr\\\/\",\"name\":\"webdo\",\"description\":\"Tunisie - News en Tunisie et \u00e0 l&#039;international sur Webdo.tn\",\"publisher\":{\"@id\":\"https:\\\/\\\/www.webdo.tn\\\/fr\\\/#organization\"},\"potentialAction\":[{\"@type\":\"SearchAction\",\"target\":{\"@type\":\"EntryPoint\",\"urlTemplate\":\"https:\\\/\\\/www.webdo.tn\\\/fr\\\/?s={search_term_string}\"},\"query-input\":{\"@type\":\"PropertyValueSpecification\",\"valueRequired\":true,\"valueName\":\"search_term_string\"}}],\"inLanguage\":\"fr-FR\"},{\"@type\":\"Organization\",\"@id\":\"https:\\\/\\\/www.webdo.tn\\\/fr\\\/#organization\",\"name\":\"Webdo\",\"alternateName\":\"Webdo.tn\",\"url\":\"https:\\\/\\\/www.webdo.tn\\\/fr\\\/\",\"logo\":{\"@type\":\"ImageObject\",\"inLanguage\":\"fr-FR\",\"@id\":\"https:\\\/\\\/www.webdo.tn\\\/fr\\\/#\\\/schema\\\/logo\\\/image\\\/\",\"url\":\"https:\\\/\\\/www.webdo.tn\\\/fr\\\/wp-content\\\/uploads\\\/2025\\\/06\\\/Webdo-Tunisie_168377.jpg\",\"contentUrl\":\"https:\\\/\\\/www.webdo.tn\\\/fr\\\/wp-content\\\/uploads\\\/2025\\\/06\\\/Webdo-Tunisie_168377.jpg\",\"width\":301,\"height\":301,\"caption\":\"Webdo\"},\"image\":{\"@id\":\"https:\\\/\\\/www.webdo.tn\\\/fr\\\/#\\\/schema\\\/logo\\\/image\\\/\"},\"sameAs\":[\"https:\\\/\\\/www.facebook.com\\\/webdotn\",\"https:\\\/\\\/x.com\\\/webdo_tn\"],\"description\":\"Webdo est un m\u00e9dia num\u00e9rique tunisien fond\u00e9 en 2010, sp\u00e9cialis\u00e9 dans l\u2019actualit\u00e9 nationale et internationale, l\u2019\u00e9conomie, la soci\u00e9t\u00e9 et les analyses politiques. Le site s\u2019adresse \u00e0 un large public francophone et couvre l\u2019information tunisienne en temps r\u00e9el.\",\"email\":\"redac@webdo.tn\",\"legalName\":\"YNJ SARL\",\"foundingDate\":\"2010-09-06\",\"numberOfEmployees\":{\"@type\":\"QuantitativeValue\",\"minValue\":\"11\",\"maxValue\":\"50\"}},{\"@type\":\"Person\",\"@id\":\"https:\\\/\\\/www.webdo.tn\\\/fr\\\/#\\\/schema\\\/person\\\/b8a41c04d93287d375510db360906b34\",\"name\":\"AZ\",\"image\":{\"@type\":\"ImageObject\",\"inLanguage\":\"fr-FR\",\"@id\":\"https:\\\/\\\/secure.gravatar.com\\\/avatar\\\/492b80bada79439de4201dce15cd41eece6c277cfdf1b53382073c79105c1f89?s=96&d=mm&r=g\",\"url\":\"https:\\\/\\\/secure.gravatar.com\\\/avatar\\\/492b80bada79439de4201dce15cd41eece6c277cfdf1b53382073c79105c1f89?s=96&d=mm&r=g\",\"contentUrl\":\"https:\\\/\\\/secure.gravatar.com\\\/avatar\\\/492b80bada79439de4201dce15cd41eece6c277cfdf1b53382073c79105c1f89?s=96&d=mm&r=g\",\"caption\":\"AZ\"},\"url\":\"https:\\\/\\\/www.webdo.tn\\\/fr\\\/actualite\\\/author\\\/az\\\/\"}]}<\/script>\n<!-- \/ Yoast SEO Premium plugin. -->","yoast_head_json":{"title":"Tunisie - m\u00e9t\u00e9o : pluies \u00e9parses et baisse des temp\u00e9ratures","description":"Pr\u00e9visions m\u00e9t\u00e9o de cette nuit en Tunisie : ciel parfois nuageux avec quelques pluies au nord et au centre, mer agit\u00e9e et temp\u00e9ratures nocturnes entre 6 et 10\u00b0C...","canonical":"https:\/\/www.webdo.tn\/fr\/actualite\/national\/tunisie-meteo-pluies-eparses-et-baisse-des-temperatures\/219103\/","og_locale":"fr_FR","og_type":"article","og_title":"Tunisie - m\u00e9t\u00e9o : pluies \u00e9parses et baisse des temp\u00e9ratures","og_description":"Pr\u00e9visions m\u00e9t\u00e9o de cette nuit en Tunisie : ciel parfois nuageux avec quelques pluies au nord et au centre, mer agit\u00e9e et temp\u00e9ratures nocturnes entre 6 et 10\u00b0C...","og_url":"https:\/\/www.webdo.tn\/fr\/actualite\/national\/tunisie-meteo-pluies-eparses-et-baisse-des-temperatures\/219103\/","og_site_name":"webdo","article_publisher":"https:\/\/www.facebook.com\/webdotn","article_published_time":"2025-01-15T18:54:00+00:00","article_modified_time":"2025-05-21T09:00:33+00:00","og_image":[{"width":750,"height":400,"url":"https:\/\/www.webdo.tn\/fr\/wp-content\/uploads\/2025\/05\/ddb9b11e17cb92c21e98208321bb6993-2.webp","type":"image\/webp"}],"author":"AZ","twitter_card":"summary_large_image","twitter_creator":"@webdo_tn","twitter_site":"@webdo_tn","twitter_misc":{"\u00c9crit par":"AZ","Dur\u00e9e de lecture estim\u00e9e":"1 minute"},"schema":{"@context":"https:\/\/schema.org","@graph":[{"@type":"NewsArticle","@id":"https:\/\/www.webdo.tn\/fr\/actualite\/national\/tunisie-meteo-pluies-eparses-et-baisse-des-temperatures\/219103\/#article","isPartOf":{"@id":"https:\/\/www.webdo.tn\/fr\/actualite\/national\/tunisie-meteo-pluies-eparses-et-baisse-des-temperatures\/219103\/"},"author":{"name":"AZ","@id":"https:\/\/www.webdo.tn\/fr\/#\/schema\/person\/b8a41c04d93287d375510db360906b34"},"headline":"Tunisie &#8211; m\u00e9t\u00e9o : pluies \u00e9parses et baisse des temp\u00e9ratures","datePublished":"2025-01-15T18:54:00+00:00","dateModified":"2025-05-21T09:00:33+00:00","mainEntityOfPage":{"@id":"https:\/\/www.webdo.tn\/fr\/actualite\/national\/tunisie-meteo-pluies-eparses-et-baisse-des-temperatures\/219103\/"},"wordCount":139,"commentCount":0,"publisher":{"@id":"https:\/\/www.webdo.tn\/fr\/#organization"},"image":{"@id":"https:\/\/www.webdo.tn\/fr\/actualite\/national\/tunisie-meteo-pluies-eparses-et-baisse-des-temperatures\/219103\/#primaryimage"},"thumbnailUrl":"https:\/\/www.webdo.tn\/fr\/wp-content\/uploads\/2025\/05\/ddb9b11e17cb92c21e98208321bb6993-2.webp","keywords":["m\u00e9t\u00e9o","pluie \u00e9parse","Tunisie"],"articleSection":["National"],"inLanguage":"fr-FR"},{"@type":"WebPage","@id":"https:\/\/www.webdo.tn\/fr\/actualite\/national\/tunisie-meteo-pluies-eparses-et-baisse-des-temperatures\/219103\/","url":"https:\/\/www.webdo.tn\/fr\/actualite\/national\/tunisie-meteo-pluies-eparses-et-baisse-des-temperatures\/219103\/","name":"Tunisie - m\u00e9t\u00e9o : pluies \u00e9parses et baisse des temp\u00e9ratures","isPartOf":{"@id":"https:\/\/www.webdo.tn\/fr\/#website"},"primaryImageOfPage":{"@id":"https:\/\/www.webdo.tn\/fr\/actualite\/national\/tunisie-meteo-pluies-eparses-et-baisse-des-temperatures\/219103\/#primaryimage"},"image":{"@id":"https:\/\/www.webdo.tn\/fr\/actualite\/national\/tunisie-meteo-pluies-eparses-et-baisse-des-temperatures\/219103\/#primaryimage"},"thumbnailUrl":"https:\/\/www.webdo.tn\/fr\/wp-content\/uploads\/2025\/05\/ddb9b11e17cb92c21e98208321bb6993-2.webp","datePublished":"2025-01-15T18:54:00+00:00","dateModified":"2025-05-21T09:00:33+00:00","description":"Pr\u00e9visions m\u00e9t\u00e9o de cette nuit en Tunisie : ciel parfois nuageux avec quelques pluies au nord et au centre, mer agit\u00e9e et temp\u00e9ratures nocturnes entre 6 et 10\u00b0C...","breadcrumb":{"@id":"https:\/\/www.webdo.tn\/fr\/actualite\/national\/tunisie-meteo-pluies-eparses-et-baisse-des-temperatures\/219103\/#breadcrumb"},"inLanguage":"fr-FR","potentialAction":[{"@type":"ReadAction","target":["https:\/\/www.webdo.tn\/fr\/actualite\/national\/tunisie-meteo-pluies-eparses-et-baisse-des-temperatures\/219103\/"]}]},{"@type":"ImageObject","inLanguage":"fr-FR","@id":"https:\/\/www.webdo.tn\/fr\/actualite\/national\/tunisie-meteo-pluies-eparses-et-baisse-des-temperatures\/219103\/#primaryimage","url":"https:\/\/www.webdo.tn\/fr\/wp-content\/uploads\/2025\/05\/ddb9b11e17cb92c21e98208321bb6993-2.webp","contentUrl":"https:\/\/www.webdo.tn\/fr\/wp-content\/uploads\/2025\/05\/ddb9b11e17cb92c21e98208321bb6993-2.webp","width":750,"height":400},{"@type":"BreadcrumbList","@id":"https:\/\/www.webdo.tn\/fr\/actualite\/national\/tunisie-meteo-pluies-eparses-et-baisse-des-temperatures\/219103\/#breadcrumb","itemListElement":[{"@type":"ListItem","position":1,"name":"Accueil","item":"https:\/\/www.webdo.tn\/fr\/"},{"@type":"ListItem","position":2,"name":"Tunisie &#8211; m\u00e9t\u00e9o : pluies \u00e9parses et baisse des temp\u00e9ratures"}]},{"@type":"WebSite","@id":"https:\/\/www.webdo.tn\/fr\/#website","url":"https:\/\/www.webdo.tn\/fr\/","name":"webdo","description":"Tunisie - News en Tunisie et \u00e0 l&#039;international sur Webdo.tn","publisher":{"@id":"https:\/\/www.webdo.tn\/fr\/#organization"},"potentialAction":[{"@type":"SearchAction","target":{"@type":"EntryPoint","urlTemplate":"https:\/\/www.webdo.tn\/fr\/?s={search_term_string}"},"query-input":{"@type":"PropertyValueSpecification","valueRequired":true,"valueName":"search_term_string"}}],"inLanguage":"fr-FR"},{"@type":"Organization","@id":"https:\/\/www.webdo.tn\/fr\/#organization","name":"Webdo","alternateName":"Webdo.tn","url":"https:\/\/www.webdo.tn\/fr\/","logo":{"@type":"ImageObject","inLanguage":"fr-FR","@id":"https:\/\/www.webdo.tn\/fr\/#\/schema\/logo\/image\/","url":"https:\/\/www.webdo.tn\/fr\/wp-content\/uploads\/2025\/06\/Webdo-Tunisie_168377.jpg","contentUrl":"https:\/\/www.webdo.tn\/fr\/wp-content\/uploads\/2025\/06\/Webdo-Tunisie_168377.jpg","width":301,"height":301,"caption":"Webdo"},"image":{"@id":"https:\/\/www.webdo.tn\/fr\/#\/schema\/logo\/image\/"},"sameAs":["https:\/\/www.facebook.com\/webdotn","https:\/\/x.com\/webdo_tn"],"description":"Webdo est un m\u00e9dia num\u00e9rique tunisien fond\u00e9 en 2010, sp\u00e9cialis\u00e9 dans l\u2019actualit\u00e9 nationale et internationale, l\u2019\u00e9conomie, la soci\u00e9t\u00e9 et les analyses politiques. Le site s\u2019adresse \u00e0 un large public francophone et couvre l\u2019information tunisienne en temps r\u00e9el.","email":"redac@webdo.tn","legalName":"YNJ SARL","foundingDate":"2010-09-06","numberOfEmployees":{"@type":"QuantitativeValue","minValue":"11","maxValue":"50"}},{"@type":"Person","@id":"https:\/\/www.webdo.tn\/fr\/#\/schema\/person\/b8a41c04d93287d375510db360906b34","name":"AZ","image":{"@type":"ImageObject","inLanguage":"fr-FR","@id":"https:\/\/secure.gravatar.com\/avatar\/492b80bada79439de4201dce15cd41eece6c277cfdf1b53382073c79105c1f89?s=96&d=mm&r=g","url":"https:\/\/secure.gravatar.com\/avatar\/492b80bada79439de4201dce15cd41eece6c277cfdf1b53382073c79105c1f89?s=96&d=mm&r=g","contentUrl":"https:\/\/secure.gravatar.com\/avatar\/492b80bada79439de4201dce15cd41eece6c277cfdf1b53382073c79105c1f89?s=96&d=mm&r=g","caption":"AZ"},"url":"https:\/\/www.webdo.tn\/fr\/actualite\/author\/az\/"}]}},"_links":{"self":[{"href":"https:\/\/www.webdo.tn\/fr\/wp-json\/wp\/v2\/posts\/219103","targetHints":{"allow":["GET"]}}],"collection":[{"href":"https:\/\/www.webdo.tn\/fr\/wp-json\/wp\/v2\/posts"}],"about":[{"href":"https:\/\/www.webdo.tn\/fr\/wp-json\/wp\/v2\/types\/post"}],"author":[{"embeddable":true,"href":"https:\/\/www.webdo.tn\/fr\/wp-json\/wp\/v2\/users\/3166"}],"replies":[{"embeddable":true,"href":"https:\/\/www.webdo.tn\/fr\/wp-json\/wp\/v2\/comments?post=219103"}],"version-history":[{"count":0,"href":"https:\/\/www.webdo.tn\/fr\/wp-json\/wp\/v2\/posts\/219103\/revisions"}],"wp:featuredmedia":[{"embeddable":true,"href":"https:\/\/www.webdo.tn\/fr\/wp-json\/wp\/v2\/media\/242826"}],"wp:attachment":[{"href":"https:\/\/www.webdo.tn\/fr\/wp-json\/wp\/v2\/media?parent=219103"}],"wp:term":[{"taxonomy":"category","embeddable":true,"href":"https:\/\/www.webdo.tn\/fr\/wp-json\/wp\/v2\/categories?post=219103"},{"taxonomy":"post_tag","embeddable":true,"href":"https:\/\/www.webdo.tn\/fr\/wp-json\/wp\/v2\/tags?post=219103"}],"curies":[{"name":"wp","href":"https:\/\/api.w.org\/{rel}","templated":true}]}}