{"id":219096,"date":"2025-01-15T14:38:00","date_gmt":"2025-01-15T14:38:00","guid":{"rendered":"https:\/\/www.webdo.tn\/fr\/blog\/tunisie-decouverte-d-un-reseau-visant-a-attiser-les-mouvements-sociaux\/219096\/"},"modified":"2025-05-20T22:16:00","modified_gmt":"2025-05-20T22:16:00","slug":"tunisie-decouverte-d-un-reseau-visant-a-attiser-les-mouvements-sociaux","status":"publish","type":"post","link":"https:\/\/www.webdo.tn\/fr\/actualite\/national\/tunisie-decouverte-d-un-reseau-visant-a-attiser-les-mouvements-sociaux\/219096\/","title":{"rendered":"Tunisie : D\u00e9couverte d\u2019un r\u00e9seau visant \u00e0 attiser les mouvements sociaux"},"content":{"rendered":"<p>Le porte-parole de la direction g\u00e9n\u00e9rale de la Garde nationale, Houssemeddine Jebabli, a annonc\u00e9 la d\u00e9couverte d\u2019un r\u00e9seau criminel op\u00e9rant au sein d\u2019entreprises l\u00e9galement \u00e9tablies en Tunisie.<\/p>\n<p>Ces entreprises recrutent des individus et pratiquent le phishing \u00e9lectronique, tout en exer\u00e7ant une influence \u00e0 la fois sur le plan national et international. Elles seraient li\u00e9es aux mouvements sociaux et \u00e0 l\u2019exacerbation des tensions dans le pays.<\/p>\n<p>Il a confirm\u00e9, dans une d\u00e9claration rapport\u00e9e par la radio Jawhara FM ce mercredi 15 janvier 2025, en marge d&rsquo;une journ\u00e9e d&rsquo;\u00e9tude sur les crimes \u00e9lectroniques, que cette affaire a \u00e9t\u00e9 transmise \u00e0 la justice.<\/p>\n<p>Selon la source mentionn\u00e9e, d&rsquo;autres crimes ont \u00e9t\u00e9 r\u00e9v\u00e9l\u00e9s, notamment l&rsquo;interception des appels internationaux qui devraient normalement transiter par les r\u00e9seaux nationaux.<\/p>\n<p>Il a ajout\u00e9 qu&rsquo;un crime \u00e9lectronique a \u00e9t\u00e9 d\u00e9tect\u00e9, provoquant un dysfonctionnement lors des paiements \u00e0 distance (TPE) et des transferts d&rsquo;argent, sans laisser de trace dans le traitement, permettant ainsi le d\u00e9tournement de sommes importantes.<\/p>\n<p>Il a \u00e9galement pr\u00e9cis\u00e9 que l&rsquo;ann\u00e9e derni\u00e8re des tentatives de recrutement de plusieurs mineurs par des organisations terroristes \u00e0 travers de nombreuses plateformes, ont \u00e9t\u00e9 d\u00e9voil\u00e9es, et que des enqu\u00eates avaient \u00e9t\u00e9 men\u00e9es dans ce sens.<\/p>\n","protected":false},"excerpt":{"rendered":"<p>Le porte-parole de la direction g\u00e9n\u00e9rale de la Garde nationale, Houssemeddine Jebabli, a annonc\u00e9 la d\u00e9couverte d\u2019un r\u00e9seau criminel op\u00e9rant au sein d\u2019entreprise&#8230;<\/p>\n","protected":false},"author":3162,"featured_media":291689,"comment_status":"open","ping_status":"closed","sticky":false,"template":"","format":"standard","meta":{"footnotes":""},"categories":[44],"tags":[10870,10869,2767,2608],"class_list":["post-219096","post","type-post","status-publish","format-standard","has-post-thumbnail","hentry","category-national","tag-phishing-electronique","tag-reseau-electronique","tag-garde-nationale","tag-tunisie"],"yoast_head":"<!-- This site is optimized with the Yoast SEO Premium plugin v27.4 (Yoast SEO v27.5) - https:\/\/yoast.com\/product\/yoast-seo-premium-wordpress\/ -->\n<title>Tunisie : D\u00e9couverte d\u2019un r\u00e9seau visant \u00e0 attiser les mouvements sociaux<\/title>\n<meta name=\"description\" content=\"Le porte-parole de la direction g\u00e9n\u00e9rale de la Garde nationale, Houssemeddine Jebabli, a annonc\u00e9 la d\u00e9couverte d\u2019un r\u00e9seau criminel op\u00e9rant au sein d\u2019entreprise...\" \/>\n<link rel=\"canonical\" href=\"https:\/\/www.webdo.tn\/fr\/actualite\/national\/tunisie-decouverte-d-un-reseau-visant-a-attiser-les-mouvements-sociaux\/219096\/\" \/>\n<meta property=\"og:locale\" content=\"fr_FR\" \/>\n<meta property=\"og:type\" content=\"article\" \/>\n<meta property=\"og:title\" content=\"Tunisie : D\u00e9couverte d\u2019un r\u00e9seau visant \u00e0 attiser les mouvements sociaux\" \/>\n<meta property=\"og:description\" content=\"Le porte-parole de la direction g\u00e9n\u00e9rale de la Garde nationale, Houssemeddine Jebabli, a annonc\u00e9 la d\u00e9couverte d\u2019un r\u00e9seau criminel op\u00e9rant au sein d\u2019entreprise...\" \/>\n<meta property=\"og:url\" content=\"https:\/\/www.webdo.tn\/fr\/actualite\/national\/tunisie-decouverte-d-un-reseau-visant-a-attiser-les-mouvements-sociaux\/219096\/\" \/>\n<meta property=\"og:site_name\" content=\"webdo\" \/>\n<meta property=\"article:publisher\" content=\"https:\/\/www.facebook.com\/webdotn\" \/>\n<meta property=\"article:published_time\" content=\"2025-01-15T14:38:00+00:00\" \/>\n<meta property=\"article:modified_time\" content=\"2025-05-20T22:16:00+00:00\" \/>\n<meta property=\"og:image\" content=\"https:\/\/www.webdo.tn\/fr\/wp-content\/uploads\/2025\/01\/28f0745f15eec6d8d5025ef04093dc37.webp\" \/>\n\t<meta property=\"og:image:width\" content=\"750\" \/>\n\t<meta property=\"og:image:height\" content=\"400\" \/>\n\t<meta property=\"og:image:type\" content=\"image\/webp\" \/>\n<meta name=\"author\" content=\"MC\" \/>\n<meta name=\"twitter:card\" content=\"summary_large_image\" \/>\n<meta name=\"twitter:creator\" content=\"@webdo_tn\" \/>\n<meta name=\"twitter:site\" content=\"@webdo_tn\" \/>\n<meta name=\"twitter:label1\" content=\"\u00c9crit par\" \/>\n\t<meta name=\"twitter:data1\" content=\"MC\" \/>\n\t<meta name=\"twitter:label2\" content=\"Dur\u00e9e de lecture estim\u00e9e\" \/>\n\t<meta name=\"twitter:data2\" content=\"1 minute\" \/>\n<script type=\"application\/ld+json\" class=\"yoast-schema-graph\">{\"@context\":\"https:\\\/\\\/schema.org\",\"@graph\":[{\"@type\":\"NewsArticle\",\"@id\":\"https:\\\/\\\/www.webdo.tn\\\/fr\\\/actualite\\\/national\\\/tunisie-decouverte-d-un-reseau-visant-a-attiser-les-mouvements-sociaux\\\/219096\\\/#article\",\"isPartOf\":{\"@id\":\"https:\\\/\\\/www.webdo.tn\\\/fr\\\/actualite\\\/national\\\/tunisie-decouverte-d-un-reseau-visant-a-attiser-les-mouvements-sociaux\\\/219096\\\/\"},\"author\":{\"name\":\"MC\",\"@id\":\"https:\\\/\\\/www.webdo.tn\\\/fr\\\/#\\\/schema\\\/person\\\/2c4929cbf5a809e3bd38617c6ce150f6\"},\"headline\":\"Tunisie : D\u00e9couverte d\u2019un r\u00e9seau visant \u00e0 attiser les mouvements sociaux\",\"datePublished\":\"2025-01-15T14:38:00+00:00\",\"dateModified\":\"2025-05-20T22:16:00+00:00\",\"mainEntityOfPage\":{\"@id\":\"https:\\\/\\\/www.webdo.tn\\\/fr\\\/actualite\\\/national\\\/tunisie-decouverte-d-un-reseau-visant-a-attiser-les-mouvements-sociaux\\\/219096\\\/\"},\"wordCount\":234,\"commentCount\":0,\"publisher\":{\"@id\":\"https:\\\/\\\/www.webdo.tn\\\/fr\\\/#organization\"},\"image\":{\"@id\":\"https:\\\/\\\/www.webdo.tn\\\/fr\\\/actualite\\\/national\\\/tunisie-decouverte-d-un-reseau-visant-a-attiser-les-mouvements-sociaux\\\/219096\\\/#primaryimage\"},\"thumbnailUrl\":\"https:\\\/\\\/www.webdo.tn\\\/fr\\\/wp-content\\\/uploads\\\/2025\\\/01\\\/28f0745f15eec6d8d5025ef04093dc37.webp\",\"keywords\":[\"'phishing \u00e9lectronique']\",\"'r\u00e9seau \u00e9lectronique'\",\"Garde nationale\",\"Tunisie\"],\"articleSection\":[\"National\"],\"inLanguage\":\"fr-FR\"},{\"@type\":\"WebPage\",\"@id\":\"https:\\\/\\\/www.webdo.tn\\\/fr\\\/actualite\\\/national\\\/tunisie-decouverte-d-un-reseau-visant-a-attiser-les-mouvements-sociaux\\\/219096\\\/\",\"url\":\"https:\\\/\\\/www.webdo.tn\\\/fr\\\/actualite\\\/national\\\/tunisie-decouverte-d-un-reseau-visant-a-attiser-les-mouvements-sociaux\\\/219096\\\/\",\"name\":\"Tunisie : D\u00e9couverte d\u2019un r\u00e9seau visant \u00e0 attiser les mouvements sociaux\",\"isPartOf\":{\"@id\":\"https:\\\/\\\/www.webdo.tn\\\/fr\\\/#website\"},\"primaryImageOfPage\":{\"@id\":\"https:\\\/\\\/www.webdo.tn\\\/fr\\\/actualite\\\/national\\\/tunisie-decouverte-d-un-reseau-visant-a-attiser-les-mouvements-sociaux\\\/219096\\\/#primaryimage\"},\"image\":{\"@id\":\"https:\\\/\\\/www.webdo.tn\\\/fr\\\/actualite\\\/national\\\/tunisie-decouverte-d-un-reseau-visant-a-attiser-les-mouvements-sociaux\\\/219096\\\/#primaryimage\"},\"thumbnailUrl\":\"https:\\\/\\\/www.webdo.tn\\\/fr\\\/wp-content\\\/uploads\\\/2025\\\/01\\\/28f0745f15eec6d8d5025ef04093dc37.webp\",\"datePublished\":\"2025-01-15T14:38:00+00:00\",\"dateModified\":\"2025-05-20T22:16:00+00:00\",\"description\":\"Le porte-parole de la direction g\u00e9n\u00e9rale de la Garde nationale, Houssemeddine Jebabli, a annonc\u00e9 la d\u00e9couverte d\u2019un r\u00e9seau criminel op\u00e9rant au sein d\u2019entreprise...\",\"breadcrumb\":{\"@id\":\"https:\\\/\\\/www.webdo.tn\\\/fr\\\/actualite\\\/national\\\/tunisie-decouverte-d-un-reseau-visant-a-attiser-les-mouvements-sociaux\\\/219096\\\/#breadcrumb\"},\"inLanguage\":\"fr-FR\",\"potentialAction\":[{\"@type\":\"ReadAction\",\"target\":[\"https:\\\/\\\/www.webdo.tn\\\/fr\\\/actualite\\\/national\\\/tunisie-decouverte-d-un-reseau-visant-a-attiser-les-mouvements-sociaux\\\/219096\\\/\"]}]},{\"@type\":\"ImageObject\",\"inLanguage\":\"fr-FR\",\"@id\":\"https:\\\/\\\/www.webdo.tn\\\/fr\\\/actualite\\\/national\\\/tunisie-decouverte-d-un-reseau-visant-a-attiser-les-mouvements-sociaux\\\/219096\\\/#primaryimage\",\"url\":\"https:\\\/\\\/www.webdo.tn\\\/fr\\\/wp-content\\\/uploads\\\/2025\\\/01\\\/28f0745f15eec6d8d5025ef04093dc37.webp\",\"contentUrl\":\"https:\\\/\\\/www.webdo.tn\\\/fr\\\/wp-content\\\/uploads\\\/2025\\\/01\\\/28f0745f15eec6d8d5025ef04093dc37.webp\",\"width\":750,\"height\":400,\"caption\":\"Tunisie : D\u00e9couverte d\u2019un r\u00e9seau visant \u00e0 attiser les mouvements sociaux\"},{\"@type\":\"BreadcrumbList\",\"@id\":\"https:\\\/\\\/www.webdo.tn\\\/fr\\\/actualite\\\/national\\\/tunisie-decouverte-d-un-reseau-visant-a-attiser-les-mouvements-sociaux\\\/219096\\\/#breadcrumb\",\"itemListElement\":[{\"@type\":\"ListItem\",\"position\":1,\"name\":\"Accueil\",\"item\":\"https:\\\/\\\/www.webdo.tn\\\/fr\\\/\"},{\"@type\":\"ListItem\",\"position\":2,\"name\":\"Tunisie : D\u00e9couverte d\u2019un r\u00e9seau visant \u00e0 attiser les mouvements sociaux\"}]},{\"@type\":\"WebSite\",\"@id\":\"https:\\\/\\\/www.webdo.tn\\\/fr\\\/#website\",\"url\":\"https:\\\/\\\/www.webdo.tn\\\/fr\\\/\",\"name\":\"webdo\",\"description\":\"Tunisie - News en Tunisie et \u00e0 l&#039;international sur Webdo.tn\",\"publisher\":{\"@id\":\"https:\\\/\\\/www.webdo.tn\\\/fr\\\/#organization\"},\"potentialAction\":[{\"@type\":\"SearchAction\",\"target\":{\"@type\":\"EntryPoint\",\"urlTemplate\":\"https:\\\/\\\/www.webdo.tn\\\/fr\\\/?s={search_term_string}\"},\"query-input\":{\"@type\":\"PropertyValueSpecification\",\"valueRequired\":true,\"valueName\":\"search_term_string\"}}],\"inLanguage\":\"fr-FR\"},{\"@type\":\"Organization\",\"@id\":\"https:\\\/\\\/www.webdo.tn\\\/fr\\\/#organization\",\"name\":\"Webdo\",\"alternateName\":\"Webdo.tn\",\"url\":\"https:\\\/\\\/www.webdo.tn\\\/fr\\\/\",\"logo\":{\"@type\":\"ImageObject\",\"inLanguage\":\"fr-FR\",\"@id\":\"https:\\\/\\\/www.webdo.tn\\\/fr\\\/#\\\/schema\\\/logo\\\/image\\\/\",\"url\":\"https:\\\/\\\/www.webdo.tn\\\/fr\\\/wp-content\\\/uploads\\\/2025\\\/06\\\/Webdo-Tunisie_168377.jpg\",\"contentUrl\":\"https:\\\/\\\/www.webdo.tn\\\/fr\\\/wp-content\\\/uploads\\\/2025\\\/06\\\/Webdo-Tunisie_168377.jpg\",\"width\":301,\"height\":301,\"caption\":\"Webdo\"},\"image\":{\"@id\":\"https:\\\/\\\/www.webdo.tn\\\/fr\\\/#\\\/schema\\\/logo\\\/image\\\/\"},\"sameAs\":[\"https:\\\/\\\/www.facebook.com\\\/webdotn\",\"https:\\\/\\\/x.com\\\/webdo_tn\"],\"description\":\"Webdo est un m\u00e9dia num\u00e9rique tunisien fond\u00e9 en 2010, sp\u00e9cialis\u00e9 dans l\u2019actualit\u00e9 nationale et internationale, l\u2019\u00e9conomie, la soci\u00e9t\u00e9 et les analyses politiques. Le site s\u2019adresse \u00e0 un large public francophone et couvre l\u2019information tunisienne en temps r\u00e9el.\",\"email\":\"redac@webdo.tn\",\"legalName\":\"YNJ SARL\",\"foundingDate\":\"2010-09-06\",\"numberOfEmployees\":{\"@type\":\"QuantitativeValue\",\"minValue\":\"11\",\"maxValue\":\"50\"}},{\"@type\":\"Person\",\"@id\":\"https:\\\/\\\/www.webdo.tn\\\/fr\\\/#\\\/schema\\\/person\\\/2c4929cbf5a809e3bd38617c6ce150f6\",\"name\":\"MC\",\"image\":{\"@type\":\"ImageObject\",\"inLanguage\":\"fr-FR\",\"@id\":\"https:\\\/\\\/secure.gravatar.com\\\/avatar\\\/a545bbb6f84efdd5553dbbc2895e3ca8f1d12c5215e00a041c9670b54aa9b18a?s=96&d=mm&r=g\",\"url\":\"https:\\\/\\\/secure.gravatar.com\\\/avatar\\\/a545bbb6f84efdd5553dbbc2895e3ca8f1d12c5215e00a041c9670b54aa9b18a?s=96&d=mm&r=g\",\"contentUrl\":\"https:\\\/\\\/secure.gravatar.com\\\/avatar\\\/a545bbb6f84efdd5553dbbc2895e3ca8f1d12c5215e00a041c9670b54aa9b18a?s=96&d=mm&r=g\",\"caption\":\"MC\"},\"url\":\"https:\\\/\\\/www.webdo.tn\\\/fr\\\/actualite\\\/author\\\/mc\\\/\"}]}<\/script>\n<!-- \/ Yoast SEO Premium plugin. -->","yoast_head_json":{"title":"Tunisie : D\u00e9couverte d\u2019un r\u00e9seau visant \u00e0 attiser les mouvements sociaux","description":"Le porte-parole de la direction g\u00e9n\u00e9rale de la Garde nationale, Houssemeddine Jebabli, a annonc\u00e9 la d\u00e9couverte d\u2019un r\u00e9seau criminel op\u00e9rant au sein d\u2019entreprise...","canonical":"https:\/\/www.webdo.tn\/fr\/actualite\/national\/tunisie-decouverte-d-un-reseau-visant-a-attiser-les-mouvements-sociaux\/219096\/","og_locale":"fr_FR","og_type":"article","og_title":"Tunisie : D\u00e9couverte d\u2019un r\u00e9seau visant \u00e0 attiser les mouvements sociaux","og_description":"Le porte-parole de la direction g\u00e9n\u00e9rale de la Garde nationale, Houssemeddine Jebabli, a annonc\u00e9 la d\u00e9couverte d\u2019un r\u00e9seau criminel op\u00e9rant au sein d\u2019entreprise...","og_url":"https:\/\/www.webdo.tn\/fr\/actualite\/national\/tunisie-decouverte-d-un-reseau-visant-a-attiser-les-mouvements-sociaux\/219096\/","og_site_name":"webdo","article_publisher":"https:\/\/www.facebook.com\/webdotn","article_published_time":"2025-01-15T14:38:00+00:00","article_modified_time":"2025-05-20T22:16:00+00:00","og_image":[{"width":750,"height":400,"url":"https:\/\/www.webdo.tn\/fr\/wp-content\/uploads\/2025\/01\/28f0745f15eec6d8d5025ef04093dc37.webp","type":"image\/webp"}],"author":"MC","twitter_card":"summary_large_image","twitter_creator":"@webdo_tn","twitter_site":"@webdo_tn","twitter_misc":{"\u00c9crit par":"MC","Dur\u00e9e de lecture estim\u00e9e":"1 minute"},"schema":{"@context":"https:\/\/schema.org","@graph":[{"@type":"NewsArticle","@id":"https:\/\/www.webdo.tn\/fr\/actualite\/national\/tunisie-decouverte-d-un-reseau-visant-a-attiser-les-mouvements-sociaux\/219096\/#article","isPartOf":{"@id":"https:\/\/www.webdo.tn\/fr\/actualite\/national\/tunisie-decouverte-d-un-reseau-visant-a-attiser-les-mouvements-sociaux\/219096\/"},"author":{"name":"MC","@id":"https:\/\/www.webdo.tn\/fr\/#\/schema\/person\/2c4929cbf5a809e3bd38617c6ce150f6"},"headline":"Tunisie : D\u00e9couverte d\u2019un r\u00e9seau visant \u00e0 attiser les mouvements sociaux","datePublished":"2025-01-15T14:38:00+00:00","dateModified":"2025-05-20T22:16:00+00:00","mainEntityOfPage":{"@id":"https:\/\/www.webdo.tn\/fr\/actualite\/national\/tunisie-decouverte-d-un-reseau-visant-a-attiser-les-mouvements-sociaux\/219096\/"},"wordCount":234,"commentCount":0,"publisher":{"@id":"https:\/\/www.webdo.tn\/fr\/#organization"},"image":{"@id":"https:\/\/www.webdo.tn\/fr\/actualite\/national\/tunisie-decouverte-d-un-reseau-visant-a-attiser-les-mouvements-sociaux\/219096\/#primaryimage"},"thumbnailUrl":"https:\/\/www.webdo.tn\/fr\/wp-content\/uploads\/2025\/01\/28f0745f15eec6d8d5025ef04093dc37.webp","keywords":["'phishing \u00e9lectronique']","'r\u00e9seau \u00e9lectronique'","Garde nationale","Tunisie"],"articleSection":["National"],"inLanguage":"fr-FR"},{"@type":"WebPage","@id":"https:\/\/www.webdo.tn\/fr\/actualite\/national\/tunisie-decouverte-d-un-reseau-visant-a-attiser-les-mouvements-sociaux\/219096\/","url":"https:\/\/www.webdo.tn\/fr\/actualite\/national\/tunisie-decouverte-d-un-reseau-visant-a-attiser-les-mouvements-sociaux\/219096\/","name":"Tunisie : D\u00e9couverte d\u2019un r\u00e9seau visant \u00e0 attiser les mouvements sociaux","isPartOf":{"@id":"https:\/\/www.webdo.tn\/fr\/#website"},"primaryImageOfPage":{"@id":"https:\/\/www.webdo.tn\/fr\/actualite\/national\/tunisie-decouverte-d-un-reseau-visant-a-attiser-les-mouvements-sociaux\/219096\/#primaryimage"},"image":{"@id":"https:\/\/www.webdo.tn\/fr\/actualite\/national\/tunisie-decouverte-d-un-reseau-visant-a-attiser-les-mouvements-sociaux\/219096\/#primaryimage"},"thumbnailUrl":"https:\/\/www.webdo.tn\/fr\/wp-content\/uploads\/2025\/01\/28f0745f15eec6d8d5025ef04093dc37.webp","datePublished":"2025-01-15T14:38:00+00:00","dateModified":"2025-05-20T22:16:00+00:00","description":"Le porte-parole de la direction g\u00e9n\u00e9rale de la Garde nationale, Houssemeddine Jebabli, a annonc\u00e9 la d\u00e9couverte d\u2019un r\u00e9seau criminel op\u00e9rant au sein d\u2019entreprise...","breadcrumb":{"@id":"https:\/\/www.webdo.tn\/fr\/actualite\/national\/tunisie-decouverte-d-un-reseau-visant-a-attiser-les-mouvements-sociaux\/219096\/#breadcrumb"},"inLanguage":"fr-FR","potentialAction":[{"@type":"ReadAction","target":["https:\/\/www.webdo.tn\/fr\/actualite\/national\/tunisie-decouverte-d-un-reseau-visant-a-attiser-les-mouvements-sociaux\/219096\/"]}]},{"@type":"ImageObject","inLanguage":"fr-FR","@id":"https:\/\/www.webdo.tn\/fr\/actualite\/national\/tunisie-decouverte-d-un-reseau-visant-a-attiser-les-mouvements-sociaux\/219096\/#primaryimage","url":"https:\/\/www.webdo.tn\/fr\/wp-content\/uploads\/2025\/01\/28f0745f15eec6d8d5025ef04093dc37.webp","contentUrl":"https:\/\/www.webdo.tn\/fr\/wp-content\/uploads\/2025\/01\/28f0745f15eec6d8d5025ef04093dc37.webp","width":750,"height":400,"caption":"Tunisie : D\u00e9couverte d\u2019un r\u00e9seau visant \u00e0 attiser les mouvements sociaux"},{"@type":"BreadcrumbList","@id":"https:\/\/www.webdo.tn\/fr\/actualite\/national\/tunisie-decouverte-d-un-reseau-visant-a-attiser-les-mouvements-sociaux\/219096\/#breadcrumb","itemListElement":[{"@type":"ListItem","position":1,"name":"Accueil","item":"https:\/\/www.webdo.tn\/fr\/"},{"@type":"ListItem","position":2,"name":"Tunisie : D\u00e9couverte d\u2019un r\u00e9seau visant \u00e0 attiser les mouvements sociaux"}]},{"@type":"WebSite","@id":"https:\/\/www.webdo.tn\/fr\/#website","url":"https:\/\/www.webdo.tn\/fr\/","name":"webdo","description":"Tunisie - News en Tunisie et \u00e0 l&#039;international sur Webdo.tn","publisher":{"@id":"https:\/\/www.webdo.tn\/fr\/#organization"},"potentialAction":[{"@type":"SearchAction","target":{"@type":"EntryPoint","urlTemplate":"https:\/\/www.webdo.tn\/fr\/?s={search_term_string}"},"query-input":{"@type":"PropertyValueSpecification","valueRequired":true,"valueName":"search_term_string"}}],"inLanguage":"fr-FR"},{"@type":"Organization","@id":"https:\/\/www.webdo.tn\/fr\/#organization","name":"Webdo","alternateName":"Webdo.tn","url":"https:\/\/www.webdo.tn\/fr\/","logo":{"@type":"ImageObject","inLanguage":"fr-FR","@id":"https:\/\/www.webdo.tn\/fr\/#\/schema\/logo\/image\/","url":"https:\/\/www.webdo.tn\/fr\/wp-content\/uploads\/2025\/06\/Webdo-Tunisie_168377.jpg","contentUrl":"https:\/\/www.webdo.tn\/fr\/wp-content\/uploads\/2025\/06\/Webdo-Tunisie_168377.jpg","width":301,"height":301,"caption":"Webdo"},"image":{"@id":"https:\/\/www.webdo.tn\/fr\/#\/schema\/logo\/image\/"},"sameAs":["https:\/\/www.facebook.com\/webdotn","https:\/\/x.com\/webdo_tn"],"description":"Webdo est un m\u00e9dia num\u00e9rique tunisien fond\u00e9 en 2010, sp\u00e9cialis\u00e9 dans l\u2019actualit\u00e9 nationale et internationale, l\u2019\u00e9conomie, la soci\u00e9t\u00e9 et les analyses politiques. Le site s\u2019adresse \u00e0 un large public francophone et couvre l\u2019information tunisienne en temps r\u00e9el.","email":"redac@webdo.tn","legalName":"YNJ SARL","foundingDate":"2010-09-06","numberOfEmployees":{"@type":"QuantitativeValue","minValue":"11","maxValue":"50"}},{"@type":"Person","@id":"https:\/\/www.webdo.tn\/fr\/#\/schema\/person\/2c4929cbf5a809e3bd38617c6ce150f6","name":"MC","image":{"@type":"ImageObject","inLanguage":"fr-FR","@id":"https:\/\/secure.gravatar.com\/avatar\/a545bbb6f84efdd5553dbbc2895e3ca8f1d12c5215e00a041c9670b54aa9b18a?s=96&d=mm&r=g","url":"https:\/\/secure.gravatar.com\/avatar\/a545bbb6f84efdd5553dbbc2895e3ca8f1d12c5215e00a041c9670b54aa9b18a?s=96&d=mm&r=g","contentUrl":"https:\/\/secure.gravatar.com\/avatar\/a545bbb6f84efdd5553dbbc2895e3ca8f1d12c5215e00a041c9670b54aa9b18a?s=96&d=mm&r=g","caption":"MC"},"url":"https:\/\/www.webdo.tn\/fr\/actualite\/author\/mc\/"}]}},"_links":{"self":[{"href":"https:\/\/www.webdo.tn\/fr\/wp-json\/wp\/v2\/posts\/219096","targetHints":{"allow":["GET"]}}],"collection":[{"href":"https:\/\/www.webdo.tn\/fr\/wp-json\/wp\/v2\/posts"}],"about":[{"href":"https:\/\/www.webdo.tn\/fr\/wp-json\/wp\/v2\/types\/post"}],"author":[{"embeddable":true,"href":"https:\/\/www.webdo.tn\/fr\/wp-json\/wp\/v2\/users\/3162"}],"replies":[{"embeddable":true,"href":"https:\/\/www.webdo.tn\/fr\/wp-json\/wp\/v2\/comments?post=219096"}],"version-history":[{"count":0,"href":"https:\/\/www.webdo.tn\/fr\/wp-json\/wp\/v2\/posts\/219096\/revisions"}],"wp:featuredmedia":[{"embeddable":true,"href":"https:\/\/www.webdo.tn\/fr\/wp-json\/wp\/v2\/media\/291689"}],"wp:attachment":[{"href":"https:\/\/www.webdo.tn\/fr\/wp-json\/wp\/v2\/media?parent=219096"}],"wp:term":[{"taxonomy":"category","embeddable":true,"href":"https:\/\/www.webdo.tn\/fr\/wp-json\/wp\/v2\/categories?post=219096"},{"taxonomy":"post_tag","embeddable":true,"href":"https:\/\/www.webdo.tn\/fr\/wp-json\/wp\/v2\/tags?post=219096"}],"curies":[{"name":"wp","href":"https:\/\/api.w.org\/{rel}","templated":true}]}}