{"id":219092,"date":"2025-01-15T11:46:00","date_gmt":"2025-01-15T11:46:00","guid":{"rendered":"https:\/\/www.webdo.tn\/fr\/blog\/la-tunisie-en-mode-machine-learning-une-nouvelle-ere-pour-le-travail\/219092\/"},"modified":"2025-01-15T11:46:00","modified_gmt":"2025-01-15T11:46:00","slug":"la-tunisie-en-mode-machine-learning-une-nouvelle-ere-pour-le-travail","status":"publish","type":"post","link":"https:\/\/www.webdo.tn\/fr\/actualite\/national\/la-tunisie-en-mode-machine-learning-une-nouvelle-ere-pour-le-travail\/219092\/","title":{"rendered":"La Tunisie en mode \u201cmachine learning\u201d : une nouvelle \u00e8re pour le travail"},"content":{"rendered":"<p>D\u2019ici 2030, la Tunisie conna\u00eetra un bouleversement majeur de son march\u00e9 du travail, marqu\u00e9 par une rotation de 20% des emplois. Selon le rapport 2025 du Forum \u00e9conomique mondial, soutenu par l\u2019IACE, les m\u00e9tiers technologiques domineront les secteurs en croissance, tandis que d\u2019autres, li\u00e9s aux t\u00e2ches r\u00e9p\u00e9titives, d\u00e9clineront fortement.<\/p>\n<p>\t20% : taux de rotation des emplois d\u2019ici 2030<br \/>\n\t86% des entreprises pr\u00e9voient de perfectionner leurs effectifs<br \/>\n\t55% investiront dans la reconversion professionnelle<br \/>\n\tM\u00e9tier d\u2019avenir : IA, big data, cybers\u00e9curit\u00e9<br \/>\n\tM\u00e9tier en d\u00e9clin : comptables, ouvriers d\u2019usine.<\/p>\n<p>Parmi les emplois d\u2019avenir, les sp\u00e9cialistes de l\u2019intelligence artificielle, du big data, de la cybers\u00e9curit\u00e9 et de la robotique se distinguent. Ils repr\u00e9senteront une part croissante des besoins du march\u00e9, dans un contexte o\u00f9 86% des entreprises envisagent de perfectionner leurs effectifs pour s\u2019adapter \u00e0 ces \u00e9volutions.<\/p>\n<p>En revanche, des secteurs traditionnels souffriront : les m\u00e9tiers de la comptabilit\u00e9 et de la paie, ainsi que les ouvriers d\u2019usine, enregistreront des baisses significatives, acc\u00e9l\u00e9r\u00e9es par l\u2019automatisation des processus.<\/p>\n<p>Le rapport pr\u00e9cise que 55% des entreprises tunisiennes pr\u00e9voient de financer des formations de reconversion. Par ailleurs, 41% souhaitent des r\u00e9formes favorisant le t\u00e9l\u00e9travail et l\u2019am\u00e9lioration des syst\u00e8mes d\u2019\u00e9ducation publique.<\/p>\n<p>Ces tendances s\u2019inscrivent dans un contexte plus large : 80% des entreprises identifient les p\u00e9nuries de comp\u00e9tences comme leur principal obstacle, tandis que le co\u00fbt de la vie, les ralentissements \u00e9conomiques et l\u2019impact du changement climatique influencent \u00e9galement leurs strat\u00e9gies.<\/p>\n<p>Avec ces changements, la Tunisie se positionne comme un acteur d\u00e9termin\u00e9 \u00e0 tirer parti de l\u2019IA et des technologies de pointe, tout en r\u00e9pondant aux d\u00e9fis sociaux et \u00e9conomiques pour b\u00e2tir une \u00e9conomie durable et inclusive.<\/p>\n","protected":false},"excerpt":{"rendered":"<p>D\u2019ici 2030, la Tunisie conna\u00eetra un bouleversement majeur de son march\u00e9 du travail, marqu\u00e9 par une rotation de 20% des emplois. Les m\u00e9tiers technologiques domin&#8230;<\/p>\n","protected":false},"author":4779,"featured_media":291687,"comment_status":"open","ping_status":"closed","sticky":false,"template":"","format":"standard","meta":{"footnotes":""},"categories":[44],"tags":[10868,4145,3097,2957,9491,2608],"class_list":["post-219092","post","type-post","status-publish","format-standard","has-post-thumbnail","hentry","category-national","tag-big-data","tag-cybersecurite","tag-ia","tag-intelligence-artificielle","tag-metiers","tag-tunisie"],"yoast_head":"<!-- This site is optimized with the Yoast SEO Premium plugin v27.5 (Yoast SEO v27.5) - https:\/\/yoast.com\/product\/yoast-seo-premium-wordpress\/ -->\n<title>La Tunisie en mode \u201cmachine learning\u201d : une nouvelle \u00e8re pour le travail<\/title>\n<meta name=\"description\" content=\"D\u2019ici 2030, la Tunisie conna\u00eetra un bouleversement majeur de son march\u00e9 du travail, marqu\u00e9 par une rotation de 20% des emplois. Les m\u00e9tiers technologiques domin...\" \/>\n<link rel=\"canonical\" href=\"https:\/\/www.webdo.tn\/fr\/actualite\/national\/la-tunisie-en-mode-machine-learning-une-nouvelle-ere-pour-le-travail\/219092\/\" \/>\n<meta property=\"og:locale\" content=\"fr_FR\" \/>\n<meta property=\"og:type\" content=\"article\" \/>\n<meta property=\"og:title\" content=\"La Tunisie en mode \u201cmachine learning\u201d : une nouvelle \u00e8re pour le travail\" \/>\n<meta property=\"og:description\" content=\"D\u2019ici 2030, la Tunisie conna\u00eetra un bouleversement majeur de son march\u00e9 du travail, marqu\u00e9 par une rotation de 20% des emplois. Les m\u00e9tiers technologiques domin...\" \/>\n<meta property=\"og:url\" content=\"https:\/\/www.webdo.tn\/fr\/actualite\/national\/la-tunisie-en-mode-machine-learning-une-nouvelle-ere-pour-le-travail\/219092\/\" \/>\n<meta property=\"og:site_name\" content=\"webdo\" \/>\n<meta property=\"article:publisher\" content=\"https:\/\/www.facebook.com\/webdotn\" \/>\n<meta property=\"article:published_time\" content=\"2025-01-15T11:46:00+00:00\" \/>\n<meta property=\"og:image\" content=\"https:\/\/www.webdo.tn\/fr\/wp-content\/uploads\/2025\/01\/533ce2d0a94fda68a62e3608cc627565.webp\" \/>\n\t<meta property=\"og:image:width\" content=\"750\" \/>\n\t<meta property=\"og:image:height\" content=\"400\" \/>\n\t<meta property=\"og:image:type\" content=\"image\/webp\" \/>\n<meta name=\"author\" content=\"Firas Ben Abdeltif\" \/>\n<meta name=\"twitter:card\" content=\"summary_large_image\" \/>\n<meta name=\"twitter:creator\" content=\"@webdo_tn\" \/>\n<meta name=\"twitter:site\" content=\"@webdo_tn\" \/>\n<meta name=\"twitter:label1\" content=\"\u00c9crit par\" \/>\n\t<meta name=\"twitter:data1\" content=\"Firas Ben Abdeltif\" \/>\n\t<meta name=\"twitter:label2\" content=\"Dur\u00e9e de lecture estim\u00e9e\" \/>\n\t<meta name=\"twitter:data2\" content=\"2 minutes\" \/>\n<script type=\"application\/ld+json\" class=\"yoast-schema-graph\">{\"@context\":\"https:\\\/\\\/schema.org\",\"@graph\":[{\"@type\":\"NewsArticle\",\"@id\":\"https:\\\/\\\/www.webdo.tn\\\/fr\\\/actualite\\\/national\\\/la-tunisie-en-mode-machine-learning-une-nouvelle-ere-pour-le-travail\\\/219092\\\/#article\",\"isPartOf\":{\"@id\":\"https:\\\/\\\/www.webdo.tn\\\/fr\\\/actualite\\\/national\\\/la-tunisie-en-mode-machine-learning-une-nouvelle-ere-pour-le-travail\\\/219092\\\/\"},\"author\":{\"name\":\"Firas Ben Abdeltif\",\"@id\":\"https:\\\/\\\/www.webdo.tn\\\/fr\\\/#\\\/schema\\\/person\\\/19664196c9bfdcda126f3c27709f7d11\"},\"headline\":\"La Tunisie en mode \u201cmachine learning\u201d : une nouvelle \u00e8re pour le travail\",\"datePublished\":\"2025-01-15T11:46:00+00:00\",\"mainEntityOfPage\":{\"@id\":\"https:\\\/\\\/www.webdo.tn\\\/fr\\\/actualite\\\/national\\\/la-tunisie-en-mode-machine-learning-une-nouvelle-ere-pour-le-travail\\\/219092\\\/\"},\"wordCount\":313,\"commentCount\":0,\"publisher\":{\"@id\":\"https:\\\/\\\/www.webdo.tn\\\/fr\\\/#organization\"},\"image\":{\"@id\":\"https:\\\/\\\/www.webdo.tn\\\/fr\\\/actualite\\\/national\\\/la-tunisie-en-mode-machine-learning-une-nouvelle-ere-pour-le-travail\\\/219092\\\/#primaryimage\"},\"thumbnailUrl\":\"https:\\\/\\\/www.webdo.tn\\\/fr\\\/wp-content\\\/uploads\\\/2025\\\/01\\\/533ce2d0a94fda68a62e3608cc627565.webp\",\"keywords\":[\"'big data']\",\"cybers\u00e9curit\u00e9\",\"IA\",\"Intelligence artificielle\",\"m\u00e9tiers\",\"Tunisie\"],\"articleSection\":[\"National\"],\"inLanguage\":\"fr-FR\"},{\"@type\":\"WebPage\",\"@id\":\"https:\\\/\\\/www.webdo.tn\\\/fr\\\/actualite\\\/national\\\/la-tunisie-en-mode-machine-learning-une-nouvelle-ere-pour-le-travail\\\/219092\\\/\",\"url\":\"https:\\\/\\\/www.webdo.tn\\\/fr\\\/actualite\\\/national\\\/la-tunisie-en-mode-machine-learning-une-nouvelle-ere-pour-le-travail\\\/219092\\\/\",\"name\":\"La Tunisie en mode \u201cmachine learning\u201d : une nouvelle \u00e8re pour le travail\",\"isPartOf\":{\"@id\":\"https:\\\/\\\/www.webdo.tn\\\/fr\\\/#website\"},\"primaryImageOfPage\":{\"@id\":\"https:\\\/\\\/www.webdo.tn\\\/fr\\\/actualite\\\/national\\\/la-tunisie-en-mode-machine-learning-une-nouvelle-ere-pour-le-travail\\\/219092\\\/#primaryimage\"},\"image\":{\"@id\":\"https:\\\/\\\/www.webdo.tn\\\/fr\\\/actualite\\\/national\\\/la-tunisie-en-mode-machine-learning-une-nouvelle-ere-pour-le-travail\\\/219092\\\/#primaryimage\"},\"thumbnailUrl\":\"https:\\\/\\\/www.webdo.tn\\\/fr\\\/wp-content\\\/uploads\\\/2025\\\/01\\\/533ce2d0a94fda68a62e3608cc627565.webp\",\"datePublished\":\"2025-01-15T11:46:00+00:00\",\"description\":\"D\u2019ici 2030, la Tunisie conna\u00eetra un bouleversement majeur de son march\u00e9 du travail, marqu\u00e9 par une rotation de 20% des emplois. Les m\u00e9tiers technologiques domin...\",\"breadcrumb\":{\"@id\":\"https:\\\/\\\/www.webdo.tn\\\/fr\\\/actualite\\\/national\\\/la-tunisie-en-mode-machine-learning-une-nouvelle-ere-pour-le-travail\\\/219092\\\/#breadcrumb\"},\"inLanguage\":\"fr-FR\",\"potentialAction\":[{\"@type\":\"ReadAction\",\"target\":[\"https:\\\/\\\/www.webdo.tn\\\/fr\\\/actualite\\\/national\\\/la-tunisie-en-mode-machine-learning-une-nouvelle-ere-pour-le-travail\\\/219092\\\/\"]}]},{\"@type\":\"ImageObject\",\"inLanguage\":\"fr-FR\",\"@id\":\"https:\\\/\\\/www.webdo.tn\\\/fr\\\/actualite\\\/national\\\/la-tunisie-en-mode-machine-learning-une-nouvelle-ere-pour-le-travail\\\/219092\\\/#primaryimage\",\"url\":\"https:\\\/\\\/www.webdo.tn\\\/fr\\\/wp-content\\\/uploads\\\/2025\\\/01\\\/533ce2d0a94fda68a62e3608cc627565.webp\",\"contentUrl\":\"https:\\\/\\\/www.webdo.tn\\\/fr\\\/wp-content\\\/uploads\\\/2025\\\/01\\\/533ce2d0a94fda68a62e3608cc627565.webp\",\"width\":750,\"height\":400,\"caption\":\"La Tunisie en mode \u201cmachine learning\u201d : une nouvelle \u00e8re pour le travail\"},{\"@type\":\"BreadcrumbList\",\"@id\":\"https:\\\/\\\/www.webdo.tn\\\/fr\\\/actualite\\\/national\\\/la-tunisie-en-mode-machine-learning-une-nouvelle-ere-pour-le-travail\\\/219092\\\/#breadcrumb\",\"itemListElement\":[{\"@type\":\"ListItem\",\"position\":1,\"name\":\"Accueil\",\"item\":\"https:\\\/\\\/www.webdo.tn\\\/fr\\\/\"},{\"@type\":\"ListItem\",\"position\":2,\"name\":\"La Tunisie en mode \u201cmachine learning\u201d : une nouvelle \u00e8re pour le travail\"}]},{\"@type\":\"WebSite\",\"@id\":\"https:\\\/\\\/www.webdo.tn\\\/fr\\\/#website\",\"url\":\"https:\\\/\\\/www.webdo.tn\\\/fr\\\/\",\"name\":\"webdo\",\"description\":\"Tunisie - News en Tunisie et \u00e0 l&#039;international sur Webdo.tn\",\"publisher\":{\"@id\":\"https:\\\/\\\/www.webdo.tn\\\/fr\\\/#organization\"},\"potentialAction\":[{\"@type\":\"SearchAction\",\"target\":{\"@type\":\"EntryPoint\",\"urlTemplate\":\"https:\\\/\\\/www.webdo.tn\\\/fr\\\/?s={search_term_string}\"},\"query-input\":{\"@type\":\"PropertyValueSpecification\",\"valueRequired\":true,\"valueName\":\"search_term_string\"}}],\"inLanguage\":\"fr-FR\"},{\"@type\":\"Organization\",\"@id\":\"https:\\\/\\\/www.webdo.tn\\\/fr\\\/#organization\",\"name\":\"Webdo\",\"alternateName\":\"Webdo.tn\",\"url\":\"https:\\\/\\\/www.webdo.tn\\\/fr\\\/\",\"logo\":{\"@type\":\"ImageObject\",\"inLanguage\":\"fr-FR\",\"@id\":\"https:\\\/\\\/www.webdo.tn\\\/fr\\\/#\\\/schema\\\/logo\\\/image\\\/\",\"url\":\"https:\\\/\\\/www.webdo.tn\\\/fr\\\/wp-content\\\/uploads\\\/2025\\\/06\\\/Webdo-Tunisie_168377.jpg\",\"contentUrl\":\"https:\\\/\\\/www.webdo.tn\\\/fr\\\/wp-content\\\/uploads\\\/2025\\\/06\\\/Webdo-Tunisie_168377.jpg\",\"width\":301,\"height\":301,\"caption\":\"Webdo\"},\"image\":{\"@id\":\"https:\\\/\\\/www.webdo.tn\\\/fr\\\/#\\\/schema\\\/logo\\\/image\\\/\"},\"sameAs\":[\"https:\\\/\\\/www.facebook.com\\\/webdotn\",\"https:\\\/\\\/x.com\\\/webdo_tn\"],\"description\":\"Webdo est un m\u00e9dia num\u00e9rique tunisien fond\u00e9 en 2010, sp\u00e9cialis\u00e9 dans l\u2019actualit\u00e9 nationale et internationale, l\u2019\u00e9conomie, la soci\u00e9t\u00e9 et les analyses politiques. Le site s\u2019adresse \u00e0 un large public francophone et couvre l\u2019information tunisienne en temps r\u00e9el.\",\"email\":\"redac@webdo.tn\",\"legalName\":\"YNJ SARL\",\"foundingDate\":\"2010-09-06\",\"numberOfEmployees\":{\"@type\":\"QuantitativeValue\",\"minValue\":\"11\",\"maxValue\":\"50\"}},{\"@type\":\"Person\",\"@id\":\"https:\\\/\\\/www.webdo.tn\\\/fr\\\/#\\\/schema\\\/person\\\/19664196c9bfdcda126f3c27709f7d11\",\"name\":\"Firas Ben Abdeltif\",\"image\":{\"@type\":\"ImageObject\",\"inLanguage\":\"fr-FR\",\"@id\":\"https:\\\/\\\/secure.gravatar.com\\\/avatar\\\/161a347d40df098a084778c52ed133dbd85f14df003867067c5948081241ec55?s=96&d=mm&r=g\",\"url\":\"https:\\\/\\\/secure.gravatar.com\\\/avatar\\\/161a347d40df098a084778c52ed133dbd85f14df003867067c5948081241ec55?s=96&d=mm&r=g\",\"contentUrl\":\"https:\\\/\\\/secure.gravatar.com\\\/avatar\\\/161a347d40df098a084778c52ed133dbd85f14df003867067c5948081241ec55?s=96&d=mm&r=g\",\"caption\":\"Firas Ben Abdeltif\"},\"url\":\"https:\\\/\\\/www.webdo.tn\\\/fr\\\/actualite\\\/author\\\/firas-ben-abdeltif\\\/\"}]}<\/script>\n<!-- \/ Yoast SEO Premium plugin. -->","yoast_head_json":{"title":"La Tunisie en mode \u201cmachine learning\u201d : une nouvelle \u00e8re pour le travail","description":"D\u2019ici 2030, la Tunisie conna\u00eetra un bouleversement majeur de son march\u00e9 du travail, marqu\u00e9 par une rotation de 20% des emplois. Les m\u00e9tiers technologiques domin...","canonical":"https:\/\/www.webdo.tn\/fr\/actualite\/national\/la-tunisie-en-mode-machine-learning-une-nouvelle-ere-pour-le-travail\/219092\/","og_locale":"fr_FR","og_type":"article","og_title":"La Tunisie en mode \u201cmachine learning\u201d : une nouvelle \u00e8re pour le travail","og_description":"D\u2019ici 2030, la Tunisie conna\u00eetra un bouleversement majeur de son march\u00e9 du travail, marqu\u00e9 par une rotation de 20% des emplois. Les m\u00e9tiers technologiques domin...","og_url":"https:\/\/www.webdo.tn\/fr\/actualite\/national\/la-tunisie-en-mode-machine-learning-une-nouvelle-ere-pour-le-travail\/219092\/","og_site_name":"webdo","article_publisher":"https:\/\/www.facebook.com\/webdotn","article_published_time":"2025-01-15T11:46:00+00:00","og_image":[{"width":750,"height":400,"url":"https:\/\/www.webdo.tn\/fr\/wp-content\/uploads\/2025\/01\/533ce2d0a94fda68a62e3608cc627565.webp","type":"image\/webp"}],"author":"Firas Ben Abdeltif","twitter_card":"summary_large_image","twitter_creator":"@webdo_tn","twitter_site":"@webdo_tn","twitter_misc":{"\u00c9crit par":"Firas Ben Abdeltif","Dur\u00e9e de lecture estim\u00e9e":"2 minutes"},"schema":{"@context":"https:\/\/schema.org","@graph":[{"@type":"NewsArticle","@id":"https:\/\/www.webdo.tn\/fr\/actualite\/national\/la-tunisie-en-mode-machine-learning-une-nouvelle-ere-pour-le-travail\/219092\/#article","isPartOf":{"@id":"https:\/\/www.webdo.tn\/fr\/actualite\/national\/la-tunisie-en-mode-machine-learning-une-nouvelle-ere-pour-le-travail\/219092\/"},"author":{"name":"Firas Ben Abdeltif","@id":"https:\/\/www.webdo.tn\/fr\/#\/schema\/person\/19664196c9bfdcda126f3c27709f7d11"},"headline":"La Tunisie en mode \u201cmachine learning\u201d : une nouvelle \u00e8re pour le travail","datePublished":"2025-01-15T11:46:00+00:00","mainEntityOfPage":{"@id":"https:\/\/www.webdo.tn\/fr\/actualite\/national\/la-tunisie-en-mode-machine-learning-une-nouvelle-ere-pour-le-travail\/219092\/"},"wordCount":313,"commentCount":0,"publisher":{"@id":"https:\/\/www.webdo.tn\/fr\/#organization"},"image":{"@id":"https:\/\/www.webdo.tn\/fr\/actualite\/national\/la-tunisie-en-mode-machine-learning-une-nouvelle-ere-pour-le-travail\/219092\/#primaryimage"},"thumbnailUrl":"https:\/\/www.webdo.tn\/fr\/wp-content\/uploads\/2025\/01\/533ce2d0a94fda68a62e3608cc627565.webp","keywords":["'big data']","cybers\u00e9curit\u00e9","IA","Intelligence artificielle","m\u00e9tiers","Tunisie"],"articleSection":["National"],"inLanguage":"fr-FR"},{"@type":"WebPage","@id":"https:\/\/www.webdo.tn\/fr\/actualite\/national\/la-tunisie-en-mode-machine-learning-une-nouvelle-ere-pour-le-travail\/219092\/","url":"https:\/\/www.webdo.tn\/fr\/actualite\/national\/la-tunisie-en-mode-machine-learning-une-nouvelle-ere-pour-le-travail\/219092\/","name":"La Tunisie en mode \u201cmachine learning\u201d : une nouvelle \u00e8re pour le travail","isPartOf":{"@id":"https:\/\/www.webdo.tn\/fr\/#website"},"primaryImageOfPage":{"@id":"https:\/\/www.webdo.tn\/fr\/actualite\/national\/la-tunisie-en-mode-machine-learning-une-nouvelle-ere-pour-le-travail\/219092\/#primaryimage"},"image":{"@id":"https:\/\/www.webdo.tn\/fr\/actualite\/national\/la-tunisie-en-mode-machine-learning-une-nouvelle-ere-pour-le-travail\/219092\/#primaryimage"},"thumbnailUrl":"https:\/\/www.webdo.tn\/fr\/wp-content\/uploads\/2025\/01\/533ce2d0a94fda68a62e3608cc627565.webp","datePublished":"2025-01-15T11:46:00+00:00","description":"D\u2019ici 2030, la Tunisie conna\u00eetra un bouleversement majeur de son march\u00e9 du travail, marqu\u00e9 par une rotation de 20% des emplois. Les m\u00e9tiers technologiques domin...","breadcrumb":{"@id":"https:\/\/www.webdo.tn\/fr\/actualite\/national\/la-tunisie-en-mode-machine-learning-une-nouvelle-ere-pour-le-travail\/219092\/#breadcrumb"},"inLanguage":"fr-FR","potentialAction":[{"@type":"ReadAction","target":["https:\/\/www.webdo.tn\/fr\/actualite\/national\/la-tunisie-en-mode-machine-learning-une-nouvelle-ere-pour-le-travail\/219092\/"]}]},{"@type":"ImageObject","inLanguage":"fr-FR","@id":"https:\/\/www.webdo.tn\/fr\/actualite\/national\/la-tunisie-en-mode-machine-learning-une-nouvelle-ere-pour-le-travail\/219092\/#primaryimage","url":"https:\/\/www.webdo.tn\/fr\/wp-content\/uploads\/2025\/01\/533ce2d0a94fda68a62e3608cc627565.webp","contentUrl":"https:\/\/www.webdo.tn\/fr\/wp-content\/uploads\/2025\/01\/533ce2d0a94fda68a62e3608cc627565.webp","width":750,"height":400,"caption":"La Tunisie en mode \u201cmachine learning\u201d : une nouvelle \u00e8re pour le travail"},{"@type":"BreadcrumbList","@id":"https:\/\/www.webdo.tn\/fr\/actualite\/national\/la-tunisie-en-mode-machine-learning-une-nouvelle-ere-pour-le-travail\/219092\/#breadcrumb","itemListElement":[{"@type":"ListItem","position":1,"name":"Accueil","item":"https:\/\/www.webdo.tn\/fr\/"},{"@type":"ListItem","position":2,"name":"La Tunisie en mode \u201cmachine learning\u201d : une nouvelle \u00e8re pour le travail"}]},{"@type":"WebSite","@id":"https:\/\/www.webdo.tn\/fr\/#website","url":"https:\/\/www.webdo.tn\/fr\/","name":"webdo","description":"Tunisie - News en Tunisie et \u00e0 l&#039;international sur Webdo.tn","publisher":{"@id":"https:\/\/www.webdo.tn\/fr\/#organization"},"potentialAction":[{"@type":"SearchAction","target":{"@type":"EntryPoint","urlTemplate":"https:\/\/www.webdo.tn\/fr\/?s={search_term_string}"},"query-input":{"@type":"PropertyValueSpecification","valueRequired":true,"valueName":"search_term_string"}}],"inLanguage":"fr-FR"},{"@type":"Organization","@id":"https:\/\/www.webdo.tn\/fr\/#organization","name":"Webdo","alternateName":"Webdo.tn","url":"https:\/\/www.webdo.tn\/fr\/","logo":{"@type":"ImageObject","inLanguage":"fr-FR","@id":"https:\/\/www.webdo.tn\/fr\/#\/schema\/logo\/image\/","url":"https:\/\/www.webdo.tn\/fr\/wp-content\/uploads\/2025\/06\/Webdo-Tunisie_168377.jpg","contentUrl":"https:\/\/www.webdo.tn\/fr\/wp-content\/uploads\/2025\/06\/Webdo-Tunisie_168377.jpg","width":301,"height":301,"caption":"Webdo"},"image":{"@id":"https:\/\/www.webdo.tn\/fr\/#\/schema\/logo\/image\/"},"sameAs":["https:\/\/www.facebook.com\/webdotn","https:\/\/x.com\/webdo_tn"],"description":"Webdo est un m\u00e9dia num\u00e9rique tunisien fond\u00e9 en 2010, sp\u00e9cialis\u00e9 dans l\u2019actualit\u00e9 nationale et internationale, l\u2019\u00e9conomie, la soci\u00e9t\u00e9 et les analyses politiques. Le site s\u2019adresse \u00e0 un large public francophone et couvre l\u2019information tunisienne en temps r\u00e9el.","email":"redac@webdo.tn","legalName":"YNJ SARL","foundingDate":"2010-09-06","numberOfEmployees":{"@type":"QuantitativeValue","minValue":"11","maxValue":"50"}},{"@type":"Person","@id":"https:\/\/www.webdo.tn\/fr\/#\/schema\/person\/19664196c9bfdcda126f3c27709f7d11","name":"Firas Ben Abdeltif","image":{"@type":"ImageObject","inLanguage":"fr-FR","@id":"https:\/\/secure.gravatar.com\/avatar\/161a347d40df098a084778c52ed133dbd85f14df003867067c5948081241ec55?s=96&d=mm&r=g","url":"https:\/\/secure.gravatar.com\/avatar\/161a347d40df098a084778c52ed133dbd85f14df003867067c5948081241ec55?s=96&d=mm&r=g","contentUrl":"https:\/\/secure.gravatar.com\/avatar\/161a347d40df098a084778c52ed133dbd85f14df003867067c5948081241ec55?s=96&d=mm&r=g","caption":"Firas Ben Abdeltif"},"url":"https:\/\/www.webdo.tn\/fr\/actualite\/author\/firas-ben-abdeltif\/"}]}},"_links":{"self":[{"href":"https:\/\/www.webdo.tn\/fr\/wp-json\/wp\/v2\/posts\/219092","targetHints":{"allow":["GET"]}}],"collection":[{"href":"https:\/\/www.webdo.tn\/fr\/wp-json\/wp\/v2\/posts"}],"about":[{"href":"https:\/\/www.webdo.tn\/fr\/wp-json\/wp\/v2\/types\/post"}],"author":[{"embeddable":true,"href":"https:\/\/www.webdo.tn\/fr\/wp-json\/wp\/v2\/users\/4779"}],"replies":[{"embeddable":true,"href":"https:\/\/www.webdo.tn\/fr\/wp-json\/wp\/v2\/comments?post=219092"}],"version-history":[{"count":0,"href":"https:\/\/www.webdo.tn\/fr\/wp-json\/wp\/v2\/posts\/219092\/revisions"}],"wp:featuredmedia":[{"embeddable":true,"href":"https:\/\/www.webdo.tn\/fr\/wp-json\/wp\/v2\/media\/291687"}],"wp:attachment":[{"href":"https:\/\/www.webdo.tn\/fr\/wp-json\/wp\/v2\/media?parent=219092"}],"wp:term":[{"taxonomy":"category","embeddable":true,"href":"https:\/\/www.webdo.tn\/fr\/wp-json\/wp\/v2\/categories?post=219092"},{"taxonomy":"post_tag","embeddable":true,"href":"https:\/\/www.webdo.tn\/fr\/wp-json\/wp\/v2\/tags?post=219092"}],"curies":[{"name":"wp","href":"https:\/\/api.w.org\/{rel}","templated":true}]}}