{"id":219090,"date":"2025-01-15T11:09:00","date_gmt":"2025-01-15T11:09:00","guid":{"rendered":"https:\/\/www.webdo.tn\/fr\/blog\/la-tunisie-a-la-conquete-des-etoiles-candidatures-ouvertes-pour-le-space-camp-2025\/219090\/"},"modified":"2025-01-15T11:09:00","modified_gmt":"2025-01-15T11:09:00","slug":"la-tunisie-a-la-conquete-des-etoiles-candidatures-ouvertes-pour-le-space-camp-2025","status":"publish","type":"post","link":"https:\/\/www.webdo.tn\/fr\/actualite\/national\/la-tunisie-a-la-conquete-des-etoiles-candidatures-ouvertes-pour-le-space-camp-2025\/219090\/","title":{"rendered":"La Tunisie \u00e0 la conqu\u00eate des \u00e9toiles : Candidatures ouvertes pour le Space Camp 2025"},"content":{"rendered":"<p>L\u2019Ambassade des \u00c9tats-Unis en Tunisie, en partenariat avec Amideast, annonce l\u2019ouverture des candidatures pour le programme de bourses U.S.-Tunisia Space Camp 2025. Gr\u00e2ce \u00e0 ce programme financ\u00e9 par l\u2019Ambassade, des \u00e9l\u00e8ves tunisiens auront la chance unique de vivre une semaine immersive dans un centre d\u2019entra\u00eenement d\u2019\u00e9lite aux \u00c9tats-Unis, d\u00e9di\u00e9 \u00e0 la formation des plus grands scientifiques et astronautes du monde.<\/p>\n<p>Ce programme prestigieux s\u00e9lectionnera 16 \u00e9tudiants tunisiens, \u00e2g\u00e9s de 15 \u00e0 18 ans, pour repr\u00e9senter la Tunisie au U.S. Space Camp \u00e0 Huntsville, en Alabama, en juillet 2025. Inspir\u00e9 des entra\u00eenements de la NASA, ce camp mettra l\u2019accent sur le travail d\u2019\u00e9quipe et le d\u00e9veloppement des comp\u00e9tences en leadership, tout en plongeant les participants dans l\u2019univers fascinant de l\u2019exploration spatiale.<\/p>\n<p>Pour obtenir plus d\u2019informations sur les activit\u00e9s du Space Camp, les int\u00e9ress\u00e9s peuvent consulter les ressources mises \u00e0 disposition par l\u2019Ambassade et Amideast. Une exp\u00e9rience qui promet de transformer des r\u00eaves en r\u00e9alit\u00e9, et de rapprocher la Tunisie des \u00e9toiles.<\/p>\n","protected":false},"excerpt":{"rendered":"<p>L\u2019Ambassade des \u00c9tats-Unis en Tunisie, en partenariat avec Amideast, annonce l\u2019ouverture des candidatures pour le programme de bourses U.S.-Tunisia Space Camp 2&#8230;<\/p>\n","protected":false},"author":4779,"featured_media":291685,"comment_status":"open","ping_status":"closed","sticky":false,"template":"","format":"standard","meta":{"footnotes":""},"categories":[44],"tags":[10866,10867,3111,9501,3035,5354,2608],"class_list":["post-219090","post","type-post","status-publish","format-standard","has-post-thumbnail","hentry","category-national","tag-amideast","tag-centre-dentrainement-delite","tag-ambassade-us","tag-astronaute","tag-etats-unis","tag-jeunes","tag-tunisie"],"yoast_head":"<!-- This site is optimized with the Yoast SEO Premium plugin v27.4 (Yoast SEO v27.5) - https:\/\/yoast.com\/product\/yoast-seo-premium-wordpress\/ -->\n<title>La Tunisie \u00e0 la conqu\u00eate des \u00e9toiles : Candidatures ouvertes pour le Space Camp 2025<\/title>\n<meta name=\"description\" content=\"L\u2019Ambassade des \u00c9tats-Unis en Tunisie, en partenariat avec Amideast, annonce l\u2019ouverture des candidatures pour le programme de bourses U.S.-Tunisia Space Camp 2...\" \/>\n<link rel=\"canonical\" href=\"https:\/\/www.webdo.tn\/fr\/actualite\/national\/la-tunisie-a-la-conquete-des-etoiles-candidatures-ouvertes-pour-le-space-camp-2025\/219090\/\" \/>\n<meta property=\"og:locale\" content=\"fr_FR\" \/>\n<meta property=\"og:type\" content=\"article\" \/>\n<meta property=\"og:title\" content=\"La Tunisie \u00e0 la conqu\u00eate des \u00e9toiles : Candidatures ouvertes pour le Space Camp 2025\" \/>\n<meta property=\"og:description\" content=\"L\u2019Ambassade des \u00c9tats-Unis en Tunisie, en partenariat avec Amideast, annonce l\u2019ouverture des candidatures pour le programme de bourses U.S.-Tunisia Space Camp 2...\" \/>\n<meta property=\"og:url\" content=\"https:\/\/www.webdo.tn\/fr\/actualite\/national\/la-tunisie-a-la-conquete-des-etoiles-candidatures-ouvertes-pour-le-space-camp-2025\/219090\/\" \/>\n<meta property=\"og:site_name\" content=\"webdo\" \/>\n<meta property=\"article:publisher\" content=\"https:\/\/www.facebook.com\/webdotn\" \/>\n<meta property=\"article:published_time\" content=\"2025-01-15T11:09:00+00:00\" \/>\n<meta property=\"og:image\" content=\"https:\/\/www.webdo.tn\/fr\/wp-content\/uploads\/2025\/01\/fc9bd753cdc991d5e7b3d93a916fe824.webp\" \/>\n\t<meta property=\"og:image:width\" content=\"750\" \/>\n\t<meta property=\"og:image:height\" content=\"400\" \/>\n\t<meta property=\"og:image:type\" content=\"image\/webp\" \/>\n<meta name=\"author\" content=\"Firas Ben Abdeltif\" \/>\n<meta name=\"twitter:card\" content=\"summary_large_image\" \/>\n<meta name=\"twitter:creator\" content=\"@webdo_tn\" \/>\n<meta name=\"twitter:site\" content=\"@webdo_tn\" \/>\n<meta name=\"twitter:label1\" content=\"\u00c9crit par\" \/>\n\t<meta name=\"twitter:data1\" content=\"Firas Ben Abdeltif\" \/>\n\t<meta name=\"twitter:label2\" content=\"Dur\u00e9e de lecture estim\u00e9e\" \/>\n\t<meta name=\"twitter:data2\" content=\"1 minute\" \/>\n<script type=\"application\/ld+json\" class=\"yoast-schema-graph\">{\"@context\":\"https:\\\/\\\/schema.org\",\"@graph\":[{\"@type\":\"NewsArticle\",\"@id\":\"https:\\\/\\\/www.webdo.tn\\\/fr\\\/actualite\\\/national\\\/la-tunisie-a-la-conquete-des-etoiles-candidatures-ouvertes-pour-le-space-camp-2025\\\/219090\\\/#article\",\"isPartOf\":{\"@id\":\"https:\\\/\\\/www.webdo.tn\\\/fr\\\/actualite\\\/national\\\/la-tunisie-a-la-conquete-des-etoiles-candidatures-ouvertes-pour-le-space-camp-2025\\\/219090\\\/\"},\"author\":{\"name\":\"Firas Ben Abdeltif\",\"@id\":\"https:\\\/\\\/www.webdo.tn\\\/fr\\\/#\\\/schema\\\/person\\\/19664196c9bfdcda126f3c27709f7d11\"},\"headline\":\"La Tunisie \u00e0 la conqu\u00eate des \u00e9toiles : Candidatures ouvertes pour le Space Camp 2025\",\"datePublished\":\"2025-01-15T11:09:00+00:00\",\"mainEntityOfPage\":{\"@id\":\"https:\\\/\\\/www.webdo.tn\\\/fr\\\/actualite\\\/national\\\/la-tunisie-a-la-conquete-des-etoiles-candidatures-ouvertes-pour-le-space-camp-2025\\\/219090\\\/\"},\"wordCount\":193,\"commentCount\":0,\"publisher\":{\"@id\":\"https:\\\/\\\/www.webdo.tn\\\/fr\\\/#organization\"},\"image\":{\"@id\":\"https:\\\/\\\/www.webdo.tn\\\/fr\\\/actualite\\\/national\\\/la-tunisie-a-la-conquete-des-etoiles-candidatures-ouvertes-pour-le-space-camp-2025\\\/219090\\\/#primaryimage\"},\"thumbnailUrl\":\"https:\\\/\\\/www.webdo.tn\\\/fr\\\/wp-content\\\/uploads\\\/2025\\\/01\\\/fc9bd753cdc991d5e7b3d93a916fe824.webp\",\"keywords\":[\"'Amideast'\",\"'centre d\u2019entra\u00eenement d\u2019\u00e9lite']\",\"ambassade us\",\"Astronaute\",\"Etats-Unis\",\"Jeunes\",\"Tunisie\"],\"articleSection\":[\"National\"],\"inLanguage\":\"fr-FR\"},{\"@type\":\"WebPage\",\"@id\":\"https:\\\/\\\/www.webdo.tn\\\/fr\\\/actualite\\\/national\\\/la-tunisie-a-la-conquete-des-etoiles-candidatures-ouvertes-pour-le-space-camp-2025\\\/219090\\\/\",\"url\":\"https:\\\/\\\/www.webdo.tn\\\/fr\\\/actualite\\\/national\\\/la-tunisie-a-la-conquete-des-etoiles-candidatures-ouvertes-pour-le-space-camp-2025\\\/219090\\\/\",\"name\":\"La Tunisie \u00e0 la conqu\u00eate des \u00e9toiles : Candidatures ouvertes pour le Space Camp 2025\",\"isPartOf\":{\"@id\":\"https:\\\/\\\/www.webdo.tn\\\/fr\\\/#website\"},\"primaryImageOfPage\":{\"@id\":\"https:\\\/\\\/www.webdo.tn\\\/fr\\\/actualite\\\/national\\\/la-tunisie-a-la-conquete-des-etoiles-candidatures-ouvertes-pour-le-space-camp-2025\\\/219090\\\/#primaryimage\"},\"image\":{\"@id\":\"https:\\\/\\\/www.webdo.tn\\\/fr\\\/actualite\\\/national\\\/la-tunisie-a-la-conquete-des-etoiles-candidatures-ouvertes-pour-le-space-camp-2025\\\/219090\\\/#primaryimage\"},\"thumbnailUrl\":\"https:\\\/\\\/www.webdo.tn\\\/fr\\\/wp-content\\\/uploads\\\/2025\\\/01\\\/fc9bd753cdc991d5e7b3d93a916fe824.webp\",\"datePublished\":\"2025-01-15T11:09:00+00:00\",\"description\":\"L\u2019Ambassade des \u00c9tats-Unis en Tunisie, en partenariat avec Amideast, annonce l\u2019ouverture des candidatures pour le programme de bourses U.S.-Tunisia Space Camp 2...\",\"breadcrumb\":{\"@id\":\"https:\\\/\\\/www.webdo.tn\\\/fr\\\/actualite\\\/national\\\/la-tunisie-a-la-conquete-des-etoiles-candidatures-ouvertes-pour-le-space-camp-2025\\\/219090\\\/#breadcrumb\"},\"inLanguage\":\"fr-FR\",\"potentialAction\":[{\"@type\":\"ReadAction\",\"target\":[\"https:\\\/\\\/www.webdo.tn\\\/fr\\\/actualite\\\/national\\\/la-tunisie-a-la-conquete-des-etoiles-candidatures-ouvertes-pour-le-space-camp-2025\\\/219090\\\/\"]}]},{\"@type\":\"ImageObject\",\"inLanguage\":\"fr-FR\",\"@id\":\"https:\\\/\\\/www.webdo.tn\\\/fr\\\/actualite\\\/national\\\/la-tunisie-a-la-conquete-des-etoiles-candidatures-ouvertes-pour-le-space-camp-2025\\\/219090\\\/#primaryimage\",\"url\":\"https:\\\/\\\/www.webdo.tn\\\/fr\\\/wp-content\\\/uploads\\\/2025\\\/01\\\/fc9bd753cdc991d5e7b3d93a916fe824.webp\",\"contentUrl\":\"https:\\\/\\\/www.webdo.tn\\\/fr\\\/wp-content\\\/uploads\\\/2025\\\/01\\\/fc9bd753cdc991d5e7b3d93a916fe824.webp\",\"width\":750,\"height\":400,\"caption\":\"La Tunisie \u00e0 la conqu\u00eate des \u00e9toiles : Candidatures ouvertes pour le Space Camp 2025\"},{\"@type\":\"BreadcrumbList\",\"@id\":\"https:\\\/\\\/www.webdo.tn\\\/fr\\\/actualite\\\/national\\\/la-tunisie-a-la-conquete-des-etoiles-candidatures-ouvertes-pour-le-space-camp-2025\\\/219090\\\/#breadcrumb\",\"itemListElement\":[{\"@type\":\"ListItem\",\"position\":1,\"name\":\"Accueil\",\"item\":\"https:\\\/\\\/www.webdo.tn\\\/fr\\\/\"},{\"@type\":\"ListItem\",\"position\":2,\"name\":\"La Tunisie \u00e0 la conqu\u00eate des \u00e9toiles : Candidatures ouvertes pour le Space Camp 2025\"}]},{\"@type\":\"WebSite\",\"@id\":\"https:\\\/\\\/www.webdo.tn\\\/fr\\\/#website\",\"url\":\"https:\\\/\\\/www.webdo.tn\\\/fr\\\/\",\"name\":\"webdo\",\"description\":\"Tunisie - News en Tunisie et \u00e0 l&#039;international sur Webdo.tn\",\"publisher\":{\"@id\":\"https:\\\/\\\/www.webdo.tn\\\/fr\\\/#organization\"},\"potentialAction\":[{\"@type\":\"SearchAction\",\"target\":{\"@type\":\"EntryPoint\",\"urlTemplate\":\"https:\\\/\\\/www.webdo.tn\\\/fr\\\/?s={search_term_string}\"},\"query-input\":{\"@type\":\"PropertyValueSpecification\",\"valueRequired\":true,\"valueName\":\"search_term_string\"}}],\"inLanguage\":\"fr-FR\"},{\"@type\":\"Organization\",\"@id\":\"https:\\\/\\\/www.webdo.tn\\\/fr\\\/#organization\",\"name\":\"Webdo\",\"alternateName\":\"Webdo.tn\",\"url\":\"https:\\\/\\\/www.webdo.tn\\\/fr\\\/\",\"logo\":{\"@type\":\"ImageObject\",\"inLanguage\":\"fr-FR\",\"@id\":\"https:\\\/\\\/www.webdo.tn\\\/fr\\\/#\\\/schema\\\/logo\\\/image\\\/\",\"url\":\"https:\\\/\\\/www.webdo.tn\\\/fr\\\/wp-content\\\/uploads\\\/2025\\\/06\\\/Webdo-Tunisie_168377.jpg\",\"contentUrl\":\"https:\\\/\\\/www.webdo.tn\\\/fr\\\/wp-content\\\/uploads\\\/2025\\\/06\\\/Webdo-Tunisie_168377.jpg\",\"width\":301,\"height\":301,\"caption\":\"Webdo\"},\"image\":{\"@id\":\"https:\\\/\\\/www.webdo.tn\\\/fr\\\/#\\\/schema\\\/logo\\\/image\\\/\"},\"sameAs\":[\"https:\\\/\\\/www.facebook.com\\\/webdotn\",\"https:\\\/\\\/x.com\\\/webdo_tn\"],\"description\":\"Webdo est un m\u00e9dia num\u00e9rique tunisien fond\u00e9 en 2010, sp\u00e9cialis\u00e9 dans l\u2019actualit\u00e9 nationale et internationale, l\u2019\u00e9conomie, la soci\u00e9t\u00e9 et les analyses politiques. Le site s\u2019adresse \u00e0 un large public francophone et couvre l\u2019information tunisienne en temps r\u00e9el.\",\"email\":\"redac@webdo.tn\",\"legalName\":\"YNJ SARL\",\"foundingDate\":\"2010-09-06\",\"numberOfEmployees\":{\"@type\":\"QuantitativeValue\",\"minValue\":\"11\",\"maxValue\":\"50\"}},{\"@type\":\"Person\",\"@id\":\"https:\\\/\\\/www.webdo.tn\\\/fr\\\/#\\\/schema\\\/person\\\/19664196c9bfdcda126f3c27709f7d11\",\"name\":\"Firas Ben Abdeltif\",\"image\":{\"@type\":\"ImageObject\",\"inLanguage\":\"fr-FR\",\"@id\":\"https:\\\/\\\/secure.gravatar.com\\\/avatar\\\/161a347d40df098a084778c52ed133dbd85f14df003867067c5948081241ec55?s=96&d=mm&r=g\",\"url\":\"https:\\\/\\\/secure.gravatar.com\\\/avatar\\\/161a347d40df098a084778c52ed133dbd85f14df003867067c5948081241ec55?s=96&d=mm&r=g\",\"contentUrl\":\"https:\\\/\\\/secure.gravatar.com\\\/avatar\\\/161a347d40df098a084778c52ed133dbd85f14df003867067c5948081241ec55?s=96&d=mm&r=g\",\"caption\":\"Firas Ben Abdeltif\"},\"url\":\"https:\\\/\\\/www.webdo.tn\\\/fr\\\/actualite\\\/author\\\/firas-ben-abdeltif\\\/\"}]}<\/script>\n<!-- \/ Yoast SEO Premium plugin. -->","yoast_head_json":{"title":"La Tunisie \u00e0 la conqu\u00eate des \u00e9toiles : Candidatures ouvertes pour le Space Camp 2025","description":"L\u2019Ambassade des \u00c9tats-Unis en Tunisie, en partenariat avec Amideast, annonce l\u2019ouverture des candidatures pour le programme de bourses U.S.-Tunisia Space Camp 2...","canonical":"https:\/\/www.webdo.tn\/fr\/actualite\/national\/la-tunisie-a-la-conquete-des-etoiles-candidatures-ouvertes-pour-le-space-camp-2025\/219090\/","og_locale":"fr_FR","og_type":"article","og_title":"La Tunisie \u00e0 la conqu\u00eate des \u00e9toiles : Candidatures ouvertes pour le Space Camp 2025","og_description":"L\u2019Ambassade des \u00c9tats-Unis en Tunisie, en partenariat avec Amideast, annonce l\u2019ouverture des candidatures pour le programme de bourses U.S.-Tunisia Space Camp 2...","og_url":"https:\/\/www.webdo.tn\/fr\/actualite\/national\/la-tunisie-a-la-conquete-des-etoiles-candidatures-ouvertes-pour-le-space-camp-2025\/219090\/","og_site_name":"webdo","article_publisher":"https:\/\/www.facebook.com\/webdotn","article_published_time":"2025-01-15T11:09:00+00:00","og_image":[{"width":750,"height":400,"url":"https:\/\/www.webdo.tn\/fr\/wp-content\/uploads\/2025\/01\/fc9bd753cdc991d5e7b3d93a916fe824.webp","type":"image\/webp"}],"author":"Firas Ben Abdeltif","twitter_card":"summary_large_image","twitter_creator":"@webdo_tn","twitter_site":"@webdo_tn","twitter_misc":{"\u00c9crit par":"Firas Ben Abdeltif","Dur\u00e9e de lecture estim\u00e9e":"1 minute"},"schema":{"@context":"https:\/\/schema.org","@graph":[{"@type":"NewsArticle","@id":"https:\/\/www.webdo.tn\/fr\/actualite\/national\/la-tunisie-a-la-conquete-des-etoiles-candidatures-ouvertes-pour-le-space-camp-2025\/219090\/#article","isPartOf":{"@id":"https:\/\/www.webdo.tn\/fr\/actualite\/national\/la-tunisie-a-la-conquete-des-etoiles-candidatures-ouvertes-pour-le-space-camp-2025\/219090\/"},"author":{"name":"Firas Ben Abdeltif","@id":"https:\/\/www.webdo.tn\/fr\/#\/schema\/person\/19664196c9bfdcda126f3c27709f7d11"},"headline":"La Tunisie \u00e0 la conqu\u00eate des \u00e9toiles : Candidatures ouvertes pour le Space Camp 2025","datePublished":"2025-01-15T11:09:00+00:00","mainEntityOfPage":{"@id":"https:\/\/www.webdo.tn\/fr\/actualite\/national\/la-tunisie-a-la-conquete-des-etoiles-candidatures-ouvertes-pour-le-space-camp-2025\/219090\/"},"wordCount":193,"commentCount":0,"publisher":{"@id":"https:\/\/www.webdo.tn\/fr\/#organization"},"image":{"@id":"https:\/\/www.webdo.tn\/fr\/actualite\/national\/la-tunisie-a-la-conquete-des-etoiles-candidatures-ouvertes-pour-le-space-camp-2025\/219090\/#primaryimage"},"thumbnailUrl":"https:\/\/www.webdo.tn\/fr\/wp-content\/uploads\/2025\/01\/fc9bd753cdc991d5e7b3d93a916fe824.webp","keywords":["'Amideast'","'centre d\u2019entra\u00eenement d\u2019\u00e9lite']","ambassade us","Astronaute","Etats-Unis","Jeunes","Tunisie"],"articleSection":["National"],"inLanguage":"fr-FR"},{"@type":"WebPage","@id":"https:\/\/www.webdo.tn\/fr\/actualite\/national\/la-tunisie-a-la-conquete-des-etoiles-candidatures-ouvertes-pour-le-space-camp-2025\/219090\/","url":"https:\/\/www.webdo.tn\/fr\/actualite\/national\/la-tunisie-a-la-conquete-des-etoiles-candidatures-ouvertes-pour-le-space-camp-2025\/219090\/","name":"La Tunisie \u00e0 la conqu\u00eate des \u00e9toiles : Candidatures ouvertes pour le Space Camp 2025","isPartOf":{"@id":"https:\/\/www.webdo.tn\/fr\/#website"},"primaryImageOfPage":{"@id":"https:\/\/www.webdo.tn\/fr\/actualite\/national\/la-tunisie-a-la-conquete-des-etoiles-candidatures-ouvertes-pour-le-space-camp-2025\/219090\/#primaryimage"},"image":{"@id":"https:\/\/www.webdo.tn\/fr\/actualite\/national\/la-tunisie-a-la-conquete-des-etoiles-candidatures-ouvertes-pour-le-space-camp-2025\/219090\/#primaryimage"},"thumbnailUrl":"https:\/\/www.webdo.tn\/fr\/wp-content\/uploads\/2025\/01\/fc9bd753cdc991d5e7b3d93a916fe824.webp","datePublished":"2025-01-15T11:09:00+00:00","description":"L\u2019Ambassade des \u00c9tats-Unis en Tunisie, en partenariat avec Amideast, annonce l\u2019ouverture des candidatures pour le programme de bourses U.S.-Tunisia Space Camp 2...","breadcrumb":{"@id":"https:\/\/www.webdo.tn\/fr\/actualite\/national\/la-tunisie-a-la-conquete-des-etoiles-candidatures-ouvertes-pour-le-space-camp-2025\/219090\/#breadcrumb"},"inLanguage":"fr-FR","potentialAction":[{"@type":"ReadAction","target":["https:\/\/www.webdo.tn\/fr\/actualite\/national\/la-tunisie-a-la-conquete-des-etoiles-candidatures-ouvertes-pour-le-space-camp-2025\/219090\/"]}]},{"@type":"ImageObject","inLanguage":"fr-FR","@id":"https:\/\/www.webdo.tn\/fr\/actualite\/national\/la-tunisie-a-la-conquete-des-etoiles-candidatures-ouvertes-pour-le-space-camp-2025\/219090\/#primaryimage","url":"https:\/\/www.webdo.tn\/fr\/wp-content\/uploads\/2025\/01\/fc9bd753cdc991d5e7b3d93a916fe824.webp","contentUrl":"https:\/\/www.webdo.tn\/fr\/wp-content\/uploads\/2025\/01\/fc9bd753cdc991d5e7b3d93a916fe824.webp","width":750,"height":400,"caption":"La Tunisie \u00e0 la conqu\u00eate des \u00e9toiles : Candidatures ouvertes pour le Space Camp 2025"},{"@type":"BreadcrumbList","@id":"https:\/\/www.webdo.tn\/fr\/actualite\/national\/la-tunisie-a-la-conquete-des-etoiles-candidatures-ouvertes-pour-le-space-camp-2025\/219090\/#breadcrumb","itemListElement":[{"@type":"ListItem","position":1,"name":"Accueil","item":"https:\/\/www.webdo.tn\/fr\/"},{"@type":"ListItem","position":2,"name":"La Tunisie \u00e0 la conqu\u00eate des \u00e9toiles : Candidatures ouvertes pour le Space Camp 2025"}]},{"@type":"WebSite","@id":"https:\/\/www.webdo.tn\/fr\/#website","url":"https:\/\/www.webdo.tn\/fr\/","name":"webdo","description":"Tunisie - News en Tunisie et \u00e0 l&#039;international sur Webdo.tn","publisher":{"@id":"https:\/\/www.webdo.tn\/fr\/#organization"},"potentialAction":[{"@type":"SearchAction","target":{"@type":"EntryPoint","urlTemplate":"https:\/\/www.webdo.tn\/fr\/?s={search_term_string}"},"query-input":{"@type":"PropertyValueSpecification","valueRequired":true,"valueName":"search_term_string"}}],"inLanguage":"fr-FR"},{"@type":"Organization","@id":"https:\/\/www.webdo.tn\/fr\/#organization","name":"Webdo","alternateName":"Webdo.tn","url":"https:\/\/www.webdo.tn\/fr\/","logo":{"@type":"ImageObject","inLanguage":"fr-FR","@id":"https:\/\/www.webdo.tn\/fr\/#\/schema\/logo\/image\/","url":"https:\/\/www.webdo.tn\/fr\/wp-content\/uploads\/2025\/06\/Webdo-Tunisie_168377.jpg","contentUrl":"https:\/\/www.webdo.tn\/fr\/wp-content\/uploads\/2025\/06\/Webdo-Tunisie_168377.jpg","width":301,"height":301,"caption":"Webdo"},"image":{"@id":"https:\/\/www.webdo.tn\/fr\/#\/schema\/logo\/image\/"},"sameAs":["https:\/\/www.facebook.com\/webdotn","https:\/\/x.com\/webdo_tn"],"description":"Webdo est un m\u00e9dia num\u00e9rique tunisien fond\u00e9 en 2010, sp\u00e9cialis\u00e9 dans l\u2019actualit\u00e9 nationale et internationale, l\u2019\u00e9conomie, la soci\u00e9t\u00e9 et les analyses politiques. Le site s\u2019adresse \u00e0 un large public francophone et couvre l\u2019information tunisienne en temps r\u00e9el.","email":"redac@webdo.tn","legalName":"YNJ SARL","foundingDate":"2010-09-06","numberOfEmployees":{"@type":"QuantitativeValue","minValue":"11","maxValue":"50"}},{"@type":"Person","@id":"https:\/\/www.webdo.tn\/fr\/#\/schema\/person\/19664196c9bfdcda126f3c27709f7d11","name":"Firas Ben Abdeltif","image":{"@type":"ImageObject","inLanguage":"fr-FR","@id":"https:\/\/secure.gravatar.com\/avatar\/161a347d40df098a084778c52ed133dbd85f14df003867067c5948081241ec55?s=96&d=mm&r=g","url":"https:\/\/secure.gravatar.com\/avatar\/161a347d40df098a084778c52ed133dbd85f14df003867067c5948081241ec55?s=96&d=mm&r=g","contentUrl":"https:\/\/secure.gravatar.com\/avatar\/161a347d40df098a084778c52ed133dbd85f14df003867067c5948081241ec55?s=96&d=mm&r=g","caption":"Firas Ben Abdeltif"},"url":"https:\/\/www.webdo.tn\/fr\/actualite\/author\/firas-ben-abdeltif\/"}]}},"_links":{"self":[{"href":"https:\/\/www.webdo.tn\/fr\/wp-json\/wp\/v2\/posts\/219090","targetHints":{"allow":["GET"]}}],"collection":[{"href":"https:\/\/www.webdo.tn\/fr\/wp-json\/wp\/v2\/posts"}],"about":[{"href":"https:\/\/www.webdo.tn\/fr\/wp-json\/wp\/v2\/types\/post"}],"author":[{"embeddable":true,"href":"https:\/\/www.webdo.tn\/fr\/wp-json\/wp\/v2\/users\/4779"}],"replies":[{"embeddable":true,"href":"https:\/\/www.webdo.tn\/fr\/wp-json\/wp\/v2\/comments?post=219090"}],"version-history":[{"count":0,"href":"https:\/\/www.webdo.tn\/fr\/wp-json\/wp\/v2\/posts\/219090\/revisions"}],"wp:featuredmedia":[{"embeddable":true,"href":"https:\/\/www.webdo.tn\/fr\/wp-json\/wp\/v2\/media\/291685"}],"wp:attachment":[{"href":"https:\/\/www.webdo.tn\/fr\/wp-json\/wp\/v2\/media?parent=219090"}],"wp:term":[{"taxonomy":"category","embeddable":true,"href":"https:\/\/www.webdo.tn\/fr\/wp-json\/wp\/v2\/categories?post=219090"},{"taxonomy":"post_tag","embeddable":true,"href":"https:\/\/www.webdo.tn\/fr\/wp-json\/wp\/v2\/tags?post=219090"}],"curies":[{"name":"wp","href":"https:\/\/api.w.org\/{rel}","templated":true}]}}