{"id":219074,"date":"2025-01-14T20:02:00","date_gmt":"2025-01-14T20:02:00","guid":{"rendered":"https:\/\/www.webdo.tn\/fr\/blog\/2025\/01\/14\/tunisie-service-militaire-vers-une-reforme-des-affectations-individuelles\/"},"modified":"2025-05-21T09:00:36","modified_gmt":"2025-05-21T09:00:36","slug":"tunisie-service-militaire-vers-une-reforme-des-affectations-individuelles","status":"publish","type":"post","link":"https:\/\/www.webdo.tn\/fr\/actualite\/national\/tunisie-service-militaire-vers-une-reforme-des-affectations-individuelles\/219074\/","title":{"rendered":"Tunisie : Vers une r\u00e9vision de la loi sur les affectations militaires"},"content":{"rendered":"<p>Le g\u00e9n\u00e9ral Hatem Soussi, directeur g\u00e9n\u00e9ral de la conscription et de la mobilisation au minist\u00e8re de la D\u00e9fense nationale, a annonc\u00e9, ce mardi 14 janvier 2025, l&rsquo;engagement de son d\u00e9partement dans une r\u00e9vision de la loi sur les affectations individuelles li\u00e9es au service national.<\/p>\n<p>Lors d\u2019une journ\u00e9e de sensibilisation organis\u00e9e \u00e0 Sfax, le g\u00e9n\u00e9ral Soussi a pr\u00e9cis\u00e9 que la loi en vigueur depuis 2004 sera amend\u00e9e afin de mieux r\u00e9pondre aux besoins des jeunes Tunisiens engag\u00e9s dans une activit\u00e9 professionnelle. Ces derniers, qui ne peuvent abandonner leur emploi, pourraient \u00eatre autoris\u00e9s \u00e0 s\u2019acquitter d\u2019une taxe financi\u00e8re en contrepartie de leur service national.<\/p>\n<p>Il a rappel\u00e9 que la loi n\u00b01 de 2004 exige que tout citoyen tunisien, d\u00e8s l\u2019\u00e2ge de 20 ans et jusqu\u2019\u00e0 35 ans pour ceux poursuivant des \u00e9tudes sup\u00e9rieures, effectue son service national. Ceux qui ne se pr\u00e9sentent pas volontairement au cours des quatre sessions annuelles de recrutement (en mars, juin, septembre et d\u00e9cembre) voient leur dossier automatiquement transmis \u00e0 la justice militaire.<\/p>\n<p>En cas de non-respect, des peines peuvent \u00eatre prononc\u00e9es, incluant une ann\u00e9e d\u2019emprisonnement ou une amende. Ces sanctions entra\u00eenent \u00e9galement des cons\u00e9quences graves, comme l&rsquo;inscription de condamnations sur l\u2019extrait de casier judiciaire (bulletin n\u00b03), une stigmatisation sociale et des restrictions d\u2019acc\u00e8s \u00e0 plusieurs activit\u00e9s. De plus, les personnes concern\u00e9es sont activement recherch\u00e9es par les autorit\u00e9s.<\/p>\n<p>Le g\u00e9n\u00e9ral Soussi a soulign\u00e9 la complexit\u00e9 des d\u00e9marches pour annuler une condamnation. Les jeunes doivent se pr\u00e9senter devant le tribunal militaire comp\u00e9tent, assister \u00e0 une audience et obtenir un document pour informer les services de s\u00e9curit\u00e9 de l\u2019annulation de leur statut de personne recherch\u00e9e.<\/p>\n<p>Cette r\u00e9forme, qui vise \u00e0 moderniser et adapter la l\u00e9gislation en fonction des r\u00e9alit\u00e9s sociales, pourrait constituer une r\u00e9ponse aux besoins d\u2019\u00e9quilibre entre le devoir national et les imp\u00e9ratifs professionnels des citoyens.<\/p>\n","protected":false},"excerpt":{"rendered":"<p>R\u00e9vision de la loi sur le service national en Tunisie : nouvelles mesures pour les jeunes actifs, incluant une taxe financi\u00e8re en contrepartie de leur engagemen&#8230;<\/p>\n","protected":false},"author":3166,"featured_media":242842,"comment_status":"open","ping_status":"open","sticky":false,"template":"","format":"standard","meta":{"footnotes":""},"categories":[44],"tags":[4385,2815,2608],"class_list":["post-219074","post","type-post","status-publish","format-standard","has-post-thumbnail","hentry","category-national","tag-revision-de-loi","tag-service-militaire","tag-tunisie"],"yoast_head":"<!-- This site is optimized with the Yoast SEO Premium plugin v27.5 (Yoast SEO v27.5) - https:\/\/yoast.com\/product\/yoast-seo-premium-wordpress\/ -->\n<title>Tunisie : Vers une r\u00e9vision de la loi sur les affectations militaires<\/title>\n<meta name=\"description\" content=\"R\u00e9vision de la loi sur le service national en Tunisie : nouvelles mesures pour les jeunes actifs, incluant une taxe financi\u00e8re en contrepartie de leur engagemen...\" \/>\n<link rel=\"canonical\" href=\"https:\/\/www.webdo.tn\/fr\/actualite\/national\/tunisie-service-militaire-vers-une-reforme-des-affectations-individuelles\/219074\/\" \/>\n<meta property=\"og:locale\" content=\"fr_FR\" \/>\n<meta property=\"og:type\" content=\"article\" \/>\n<meta property=\"og:title\" content=\"Tunisie : Vers une r\u00e9vision de la loi sur les affectations militaires\" \/>\n<meta property=\"og:description\" content=\"R\u00e9vision de la loi sur le service national en Tunisie : nouvelles mesures pour les jeunes actifs, incluant une taxe financi\u00e8re en contrepartie de leur engagemen...\" \/>\n<meta property=\"og:url\" content=\"https:\/\/www.webdo.tn\/fr\/actualite\/national\/tunisie-service-militaire-vers-une-reforme-des-affectations-individuelles\/219074\/\" \/>\n<meta property=\"og:site_name\" content=\"webdo\" \/>\n<meta property=\"article:publisher\" content=\"https:\/\/www.facebook.com\/webdotn\" \/>\n<meta property=\"article:published_time\" content=\"2025-01-14T20:02:00+00:00\" \/>\n<meta property=\"article:modified_time\" content=\"2025-05-21T09:00:36+00:00\" \/>\n<meta property=\"og:image\" content=\"https:\/\/www.webdo.tn\/fr\/wp-content\/uploads\/2025\/05\/b3dbea4bbbe5eaa766145b15718b3c32-2.webp\" \/>\n\t<meta property=\"og:image:width\" content=\"750\" \/>\n\t<meta property=\"og:image:height\" content=\"400\" \/>\n\t<meta property=\"og:image:type\" content=\"image\/webp\" \/>\n<meta name=\"author\" content=\"AZ\" \/>\n<meta name=\"twitter:card\" content=\"summary_large_image\" \/>\n<meta name=\"twitter:creator\" content=\"@webdo_tn\" \/>\n<meta name=\"twitter:site\" content=\"@webdo_tn\" \/>\n<meta name=\"twitter:label1\" content=\"\u00c9crit par\" \/>\n\t<meta name=\"twitter:data1\" content=\"AZ\" \/>\n\t<meta name=\"twitter:label2\" content=\"Dur\u00e9e de lecture estim\u00e9e\" \/>\n\t<meta name=\"twitter:data2\" content=\"2 minutes\" \/>\n<script type=\"application\/ld+json\" class=\"yoast-schema-graph\">{\"@context\":\"https:\\\/\\\/schema.org\",\"@graph\":[{\"@type\":\"NewsArticle\",\"@id\":\"https:\\\/\\\/www.webdo.tn\\\/fr\\\/actualite\\\/national\\\/tunisie-service-militaire-vers-une-reforme-des-affectations-individuelles\\\/219074\\\/#article\",\"isPartOf\":{\"@id\":\"https:\\\/\\\/www.webdo.tn\\\/fr\\\/actualite\\\/national\\\/tunisie-service-militaire-vers-une-reforme-des-affectations-individuelles\\\/219074\\\/\"},\"author\":{\"name\":\"AZ\",\"@id\":\"https:\\\/\\\/www.webdo.tn\\\/fr\\\/#\\\/schema\\\/person\\\/b8a41c04d93287d375510db360906b34\"},\"headline\":\"Tunisie : Vers une r\u00e9vision de la loi sur les affectations militaires\",\"datePublished\":\"2025-01-14T20:02:00+00:00\",\"dateModified\":\"2025-05-21T09:00:36+00:00\",\"mainEntityOfPage\":{\"@id\":\"https:\\\/\\\/www.webdo.tn\\\/fr\\\/actualite\\\/national\\\/tunisie-service-militaire-vers-une-reforme-des-affectations-individuelles\\\/219074\\\/\"},\"wordCount\":353,\"commentCount\":0,\"publisher\":{\"@id\":\"https:\\\/\\\/www.webdo.tn\\\/fr\\\/#organization\"},\"image\":{\"@id\":\"https:\\\/\\\/www.webdo.tn\\\/fr\\\/actualite\\\/national\\\/tunisie-service-militaire-vers-une-reforme-des-affectations-individuelles\\\/219074\\\/#primaryimage\"},\"thumbnailUrl\":\"https:\\\/\\\/www.webdo.tn\\\/fr\\\/wp-content\\\/uploads\\\/2025\\\/05\\\/b3dbea4bbbe5eaa766145b15718b3c32-2.webp\",\"keywords\":[\"R\u00e9vision de Loi\",\"Service militaire\",\"Tunisie\"],\"articleSection\":[\"National\"],\"inLanguage\":\"fr-FR\"},{\"@type\":\"WebPage\",\"@id\":\"https:\\\/\\\/www.webdo.tn\\\/fr\\\/actualite\\\/national\\\/tunisie-service-militaire-vers-une-reforme-des-affectations-individuelles\\\/219074\\\/\",\"url\":\"https:\\\/\\\/www.webdo.tn\\\/fr\\\/actualite\\\/national\\\/tunisie-service-militaire-vers-une-reforme-des-affectations-individuelles\\\/219074\\\/\",\"name\":\"Tunisie : Vers une r\u00e9vision de la loi sur les affectations militaires\",\"isPartOf\":{\"@id\":\"https:\\\/\\\/www.webdo.tn\\\/fr\\\/#website\"},\"primaryImageOfPage\":{\"@id\":\"https:\\\/\\\/www.webdo.tn\\\/fr\\\/actualite\\\/national\\\/tunisie-service-militaire-vers-une-reforme-des-affectations-individuelles\\\/219074\\\/#primaryimage\"},\"image\":{\"@id\":\"https:\\\/\\\/www.webdo.tn\\\/fr\\\/actualite\\\/national\\\/tunisie-service-militaire-vers-une-reforme-des-affectations-individuelles\\\/219074\\\/#primaryimage\"},\"thumbnailUrl\":\"https:\\\/\\\/www.webdo.tn\\\/fr\\\/wp-content\\\/uploads\\\/2025\\\/05\\\/b3dbea4bbbe5eaa766145b15718b3c32-2.webp\",\"datePublished\":\"2025-01-14T20:02:00+00:00\",\"dateModified\":\"2025-05-21T09:00:36+00:00\",\"description\":\"R\u00e9vision de la loi sur le service national en Tunisie : nouvelles mesures pour les jeunes actifs, incluant une taxe financi\u00e8re en contrepartie de leur engagemen...\",\"breadcrumb\":{\"@id\":\"https:\\\/\\\/www.webdo.tn\\\/fr\\\/actualite\\\/national\\\/tunisie-service-militaire-vers-une-reforme-des-affectations-individuelles\\\/219074\\\/#breadcrumb\"},\"inLanguage\":\"fr-FR\",\"potentialAction\":[{\"@type\":\"ReadAction\",\"target\":[\"https:\\\/\\\/www.webdo.tn\\\/fr\\\/actualite\\\/national\\\/tunisie-service-militaire-vers-une-reforme-des-affectations-individuelles\\\/219074\\\/\"]}]},{\"@type\":\"ImageObject\",\"inLanguage\":\"fr-FR\",\"@id\":\"https:\\\/\\\/www.webdo.tn\\\/fr\\\/actualite\\\/national\\\/tunisie-service-militaire-vers-une-reforme-des-affectations-individuelles\\\/219074\\\/#primaryimage\",\"url\":\"https:\\\/\\\/www.webdo.tn\\\/fr\\\/wp-content\\\/uploads\\\/2025\\\/05\\\/b3dbea4bbbe5eaa766145b15718b3c32-2.webp\",\"contentUrl\":\"https:\\\/\\\/www.webdo.tn\\\/fr\\\/wp-content\\\/uploads\\\/2025\\\/05\\\/b3dbea4bbbe5eaa766145b15718b3c32-2.webp\",\"width\":750,\"height\":400},{\"@type\":\"BreadcrumbList\",\"@id\":\"https:\\\/\\\/www.webdo.tn\\\/fr\\\/actualite\\\/national\\\/tunisie-service-militaire-vers-une-reforme-des-affectations-individuelles\\\/219074\\\/#breadcrumb\",\"itemListElement\":[{\"@type\":\"ListItem\",\"position\":1,\"name\":\"Accueil\",\"item\":\"https:\\\/\\\/www.webdo.tn\\\/fr\\\/\"},{\"@type\":\"ListItem\",\"position\":2,\"name\":\"Tunisie : Vers une r\u00e9vision de la loi sur les affectations militaires\"}]},{\"@type\":\"WebSite\",\"@id\":\"https:\\\/\\\/www.webdo.tn\\\/fr\\\/#website\",\"url\":\"https:\\\/\\\/www.webdo.tn\\\/fr\\\/\",\"name\":\"webdo\",\"description\":\"Tunisie - News en Tunisie et \u00e0 l&#039;international sur Webdo.tn\",\"publisher\":{\"@id\":\"https:\\\/\\\/www.webdo.tn\\\/fr\\\/#organization\"},\"potentialAction\":[{\"@type\":\"SearchAction\",\"target\":{\"@type\":\"EntryPoint\",\"urlTemplate\":\"https:\\\/\\\/www.webdo.tn\\\/fr\\\/?s={search_term_string}\"},\"query-input\":{\"@type\":\"PropertyValueSpecification\",\"valueRequired\":true,\"valueName\":\"search_term_string\"}}],\"inLanguage\":\"fr-FR\"},{\"@type\":\"Organization\",\"@id\":\"https:\\\/\\\/www.webdo.tn\\\/fr\\\/#organization\",\"name\":\"Webdo\",\"alternateName\":\"Webdo.tn\",\"url\":\"https:\\\/\\\/www.webdo.tn\\\/fr\\\/\",\"logo\":{\"@type\":\"ImageObject\",\"inLanguage\":\"fr-FR\",\"@id\":\"https:\\\/\\\/www.webdo.tn\\\/fr\\\/#\\\/schema\\\/logo\\\/image\\\/\",\"url\":\"https:\\\/\\\/www.webdo.tn\\\/fr\\\/wp-content\\\/uploads\\\/2025\\\/06\\\/Webdo-Tunisie_168377.jpg\",\"contentUrl\":\"https:\\\/\\\/www.webdo.tn\\\/fr\\\/wp-content\\\/uploads\\\/2025\\\/06\\\/Webdo-Tunisie_168377.jpg\",\"width\":301,\"height\":301,\"caption\":\"Webdo\"},\"image\":{\"@id\":\"https:\\\/\\\/www.webdo.tn\\\/fr\\\/#\\\/schema\\\/logo\\\/image\\\/\"},\"sameAs\":[\"https:\\\/\\\/www.facebook.com\\\/webdotn\",\"https:\\\/\\\/x.com\\\/webdo_tn\"],\"description\":\"Webdo est un m\u00e9dia num\u00e9rique tunisien fond\u00e9 en 2010, sp\u00e9cialis\u00e9 dans l\u2019actualit\u00e9 nationale et internationale, l\u2019\u00e9conomie, la soci\u00e9t\u00e9 et les analyses politiques. Le site s\u2019adresse \u00e0 un large public francophone et couvre l\u2019information tunisienne en temps r\u00e9el.\",\"email\":\"redac@webdo.tn\",\"legalName\":\"YNJ SARL\",\"foundingDate\":\"2010-09-06\",\"numberOfEmployees\":{\"@type\":\"QuantitativeValue\",\"minValue\":\"11\",\"maxValue\":\"50\"}},{\"@type\":\"Person\",\"@id\":\"https:\\\/\\\/www.webdo.tn\\\/fr\\\/#\\\/schema\\\/person\\\/b8a41c04d93287d375510db360906b34\",\"name\":\"AZ\",\"image\":{\"@type\":\"ImageObject\",\"inLanguage\":\"fr-FR\",\"@id\":\"https:\\\/\\\/secure.gravatar.com\\\/avatar\\\/492b80bada79439de4201dce15cd41eece6c277cfdf1b53382073c79105c1f89?s=96&d=mm&r=g\",\"url\":\"https:\\\/\\\/secure.gravatar.com\\\/avatar\\\/492b80bada79439de4201dce15cd41eece6c277cfdf1b53382073c79105c1f89?s=96&d=mm&r=g\",\"contentUrl\":\"https:\\\/\\\/secure.gravatar.com\\\/avatar\\\/492b80bada79439de4201dce15cd41eece6c277cfdf1b53382073c79105c1f89?s=96&d=mm&r=g\",\"caption\":\"AZ\"},\"url\":\"https:\\\/\\\/www.webdo.tn\\\/fr\\\/actualite\\\/author\\\/az\\\/\"}]}<\/script>\n<!-- \/ Yoast SEO Premium plugin. -->","yoast_head_json":{"title":"Tunisie : Vers une r\u00e9vision de la loi sur les affectations militaires","description":"R\u00e9vision de la loi sur le service national en Tunisie : nouvelles mesures pour les jeunes actifs, incluant une taxe financi\u00e8re en contrepartie de leur engagemen...","canonical":"https:\/\/www.webdo.tn\/fr\/actualite\/national\/tunisie-service-militaire-vers-une-reforme-des-affectations-individuelles\/219074\/","og_locale":"fr_FR","og_type":"article","og_title":"Tunisie : Vers une r\u00e9vision de la loi sur les affectations militaires","og_description":"R\u00e9vision de la loi sur le service national en Tunisie : nouvelles mesures pour les jeunes actifs, incluant une taxe financi\u00e8re en contrepartie de leur engagemen...","og_url":"https:\/\/www.webdo.tn\/fr\/actualite\/national\/tunisie-service-militaire-vers-une-reforme-des-affectations-individuelles\/219074\/","og_site_name":"webdo","article_publisher":"https:\/\/www.facebook.com\/webdotn","article_published_time":"2025-01-14T20:02:00+00:00","article_modified_time":"2025-05-21T09:00:36+00:00","og_image":[{"width":750,"height":400,"url":"https:\/\/www.webdo.tn\/fr\/wp-content\/uploads\/2025\/05\/b3dbea4bbbe5eaa766145b15718b3c32-2.webp","type":"image\/webp"}],"author":"AZ","twitter_card":"summary_large_image","twitter_creator":"@webdo_tn","twitter_site":"@webdo_tn","twitter_misc":{"\u00c9crit par":"AZ","Dur\u00e9e de lecture estim\u00e9e":"2 minutes"},"schema":{"@context":"https:\/\/schema.org","@graph":[{"@type":"NewsArticle","@id":"https:\/\/www.webdo.tn\/fr\/actualite\/national\/tunisie-service-militaire-vers-une-reforme-des-affectations-individuelles\/219074\/#article","isPartOf":{"@id":"https:\/\/www.webdo.tn\/fr\/actualite\/national\/tunisie-service-militaire-vers-une-reforme-des-affectations-individuelles\/219074\/"},"author":{"name":"AZ","@id":"https:\/\/www.webdo.tn\/fr\/#\/schema\/person\/b8a41c04d93287d375510db360906b34"},"headline":"Tunisie : Vers une r\u00e9vision de la loi sur les affectations militaires","datePublished":"2025-01-14T20:02:00+00:00","dateModified":"2025-05-21T09:00:36+00:00","mainEntityOfPage":{"@id":"https:\/\/www.webdo.tn\/fr\/actualite\/national\/tunisie-service-militaire-vers-une-reforme-des-affectations-individuelles\/219074\/"},"wordCount":353,"commentCount":0,"publisher":{"@id":"https:\/\/www.webdo.tn\/fr\/#organization"},"image":{"@id":"https:\/\/www.webdo.tn\/fr\/actualite\/national\/tunisie-service-militaire-vers-une-reforme-des-affectations-individuelles\/219074\/#primaryimage"},"thumbnailUrl":"https:\/\/www.webdo.tn\/fr\/wp-content\/uploads\/2025\/05\/b3dbea4bbbe5eaa766145b15718b3c32-2.webp","keywords":["R\u00e9vision de Loi","Service militaire","Tunisie"],"articleSection":["National"],"inLanguage":"fr-FR"},{"@type":"WebPage","@id":"https:\/\/www.webdo.tn\/fr\/actualite\/national\/tunisie-service-militaire-vers-une-reforme-des-affectations-individuelles\/219074\/","url":"https:\/\/www.webdo.tn\/fr\/actualite\/national\/tunisie-service-militaire-vers-une-reforme-des-affectations-individuelles\/219074\/","name":"Tunisie : Vers une r\u00e9vision de la loi sur les affectations militaires","isPartOf":{"@id":"https:\/\/www.webdo.tn\/fr\/#website"},"primaryImageOfPage":{"@id":"https:\/\/www.webdo.tn\/fr\/actualite\/national\/tunisie-service-militaire-vers-une-reforme-des-affectations-individuelles\/219074\/#primaryimage"},"image":{"@id":"https:\/\/www.webdo.tn\/fr\/actualite\/national\/tunisie-service-militaire-vers-une-reforme-des-affectations-individuelles\/219074\/#primaryimage"},"thumbnailUrl":"https:\/\/www.webdo.tn\/fr\/wp-content\/uploads\/2025\/05\/b3dbea4bbbe5eaa766145b15718b3c32-2.webp","datePublished":"2025-01-14T20:02:00+00:00","dateModified":"2025-05-21T09:00:36+00:00","description":"R\u00e9vision de la loi sur le service national en Tunisie : nouvelles mesures pour les jeunes actifs, incluant une taxe financi\u00e8re en contrepartie de leur engagemen...","breadcrumb":{"@id":"https:\/\/www.webdo.tn\/fr\/actualite\/national\/tunisie-service-militaire-vers-une-reforme-des-affectations-individuelles\/219074\/#breadcrumb"},"inLanguage":"fr-FR","potentialAction":[{"@type":"ReadAction","target":["https:\/\/www.webdo.tn\/fr\/actualite\/national\/tunisie-service-militaire-vers-une-reforme-des-affectations-individuelles\/219074\/"]}]},{"@type":"ImageObject","inLanguage":"fr-FR","@id":"https:\/\/www.webdo.tn\/fr\/actualite\/national\/tunisie-service-militaire-vers-une-reforme-des-affectations-individuelles\/219074\/#primaryimage","url":"https:\/\/www.webdo.tn\/fr\/wp-content\/uploads\/2025\/05\/b3dbea4bbbe5eaa766145b15718b3c32-2.webp","contentUrl":"https:\/\/www.webdo.tn\/fr\/wp-content\/uploads\/2025\/05\/b3dbea4bbbe5eaa766145b15718b3c32-2.webp","width":750,"height":400},{"@type":"BreadcrumbList","@id":"https:\/\/www.webdo.tn\/fr\/actualite\/national\/tunisie-service-militaire-vers-une-reforme-des-affectations-individuelles\/219074\/#breadcrumb","itemListElement":[{"@type":"ListItem","position":1,"name":"Accueil","item":"https:\/\/www.webdo.tn\/fr\/"},{"@type":"ListItem","position":2,"name":"Tunisie : Vers une r\u00e9vision de la loi sur les affectations militaires"}]},{"@type":"WebSite","@id":"https:\/\/www.webdo.tn\/fr\/#website","url":"https:\/\/www.webdo.tn\/fr\/","name":"webdo","description":"Tunisie - News en Tunisie et \u00e0 l&#039;international sur Webdo.tn","publisher":{"@id":"https:\/\/www.webdo.tn\/fr\/#organization"},"potentialAction":[{"@type":"SearchAction","target":{"@type":"EntryPoint","urlTemplate":"https:\/\/www.webdo.tn\/fr\/?s={search_term_string}"},"query-input":{"@type":"PropertyValueSpecification","valueRequired":true,"valueName":"search_term_string"}}],"inLanguage":"fr-FR"},{"@type":"Organization","@id":"https:\/\/www.webdo.tn\/fr\/#organization","name":"Webdo","alternateName":"Webdo.tn","url":"https:\/\/www.webdo.tn\/fr\/","logo":{"@type":"ImageObject","inLanguage":"fr-FR","@id":"https:\/\/www.webdo.tn\/fr\/#\/schema\/logo\/image\/","url":"https:\/\/www.webdo.tn\/fr\/wp-content\/uploads\/2025\/06\/Webdo-Tunisie_168377.jpg","contentUrl":"https:\/\/www.webdo.tn\/fr\/wp-content\/uploads\/2025\/06\/Webdo-Tunisie_168377.jpg","width":301,"height":301,"caption":"Webdo"},"image":{"@id":"https:\/\/www.webdo.tn\/fr\/#\/schema\/logo\/image\/"},"sameAs":["https:\/\/www.facebook.com\/webdotn","https:\/\/x.com\/webdo_tn"],"description":"Webdo est un m\u00e9dia num\u00e9rique tunisien fond\u00e9 en 2010, sp\u00e9cialis\u00e9 dans l\u2019actualit\u00e9 nationale et internationale, l\u2019\u00e9conomie, la soci\u00e9t\u00e9 et les analyses politiques. Le site s\u2019adresse \u00e0 un large public francophone et couvre l\u2019information tunisienne en temps r\u00e9el.","email":"redac@webdo.tn","legalName":"YNJ SARL","foundingDate":"2010-09-06","numberOfEmployees":{"@type":"QuantitativeValue","minValue":"11","maxValue":"50"}},{"@type":"Person","@id":"https:\/\/www.webdo.tn\/fr\/#\/schema\/person\/b8a41c04d93287d375510db360906b34","name":"AZ","image":{"@type":"ImageObject","inLanguage":"fr-FR","@id":"https:\/\/secure.gravatar.com\/avatar\/492b80bada79439de4201dce15cd41eece6c277cfdf1b53382073c79105c1f89?s=96&d=mm&r=g","url":"https:\/\/secure.gravatar.com\/avatar\/492b80bada79439de4201dce15cd41eece6c277cfdf1b53382073c79105c1f89?s=96&d=mm&r=g","contentUrl":"https:\/\/secure.gravatar.com\/avatar\/492b80bada79439de4201dce15cd41eece6c277cfdf1b53382073c79105c1f89?s=96&d=mm&r=g","caption":"AZ"},"url":"https:\/\/www.webdo.tn\/fr\/actualite\/author\/az\/"}]}},"_links":{"self":[{"href":"https:\/\/www.webdo.tn\/fr\/wp-json\/wp\/v2\/posts\/219074","targetHints":{"allow":["GET"]}}],"collection":[{"href":"https:\/\/www.webdo.tn\/fr\/wp-json\/wp\/v2\/posts"}],"about":[{"href":"https:\/\/www.webdo.tn\/fr\/wp-json\/wp\/v2\/types\/post"}],"author":[{"embeddable":true,"href":"https:\/\/www.webdo.tn\/fr\/wp-json\/wp\/v2\/users\/3166"}],"replies":[{"embeddable":true,"href":"https:\/\/www.webdo.tn\/fr\/wp-json\/wp\/v2\/comments?post=219074"}],"version-history":[{"count":0,"href":"https:\/\/www.webdo.tn\/fr\/wp-json\/wp\/v2\/posts\/219074\/revisions"}],"wp:featuredmedia":[{"embeddable":true,"href":"https:\/\/www.webdo.tn\/fr\/wp-json\/wp\/v2\/media\/242842"}],"wp:attachment":[{"href":"https:\/\/www.webdo.tn\/fr\/wp-json\/wp\/v2\/media?parent=219074"}],"wp:term":[{"taxonomy":"category","embeddable":true,"href":"https:\/\/www.webdo.tn\/fr\/wp-json\/wp\/v2\/categories?post=219074"},{"taxonomy":"post_tag","embeddable":true,"href":"https:\/\/www.webdo.tn\/fr\/wp-json\/wp\/v2\/tags?post=219074"}],"curies":[{"name":"wp","href":"https:\/\/api.w.org\/{rel}","templated":true}]}}