{"id":219059,"date":"2025-01-14T10:45:00","date_gmt":"2025-01-14T10:45:00","guid":{"rendered":"https:\/\/www.webdo.tn\/fr\/blog\/phosphate-la-tunisie-entre-espoirs-de-reprise-et-tensions-sociales\/219059\/"},"modified":"2025-01-14T10:45:00","modified_gmt":"2025-01-14T10:45:00","slug":"phosphate-la-tunisie-entre-espoirs-de-reprise-et-tensions-sociales","status":"publish","type":"post","link":"https:\/\/www.webdo.tn\/fr\/actualite\/national\/phosphate-la-tunisie-entre-espoirs-de-reprise-et-tensions-sociales\/219059\/","title":{"rendered":"Phosphate : la Tunisie entre espoirs de reprise et tensions sociales"},"content":{"rendered":"<p>Malgr\u00e9 une augmentation notable de sa production en 2024, atteignant 3,03 millions de tonnes de phosphate commercial, la Compagnie des Phosphates de Gafsa (CPG) est une nouvelle fois confront\u00e9e \u00e0 un arr\u00eat de travail. La gr\u00e8ve g\u00e9n\u00e9rale, annonc\u00e9e par la f\u00e9d\u00e9ration g\u00e9n\u00e9rale des mines, aura lieu les 27, 28 et 29 janvier, rapporte Mosaique FM.<\/p>\n<p>\t\t\t\t\t\t\t\t\tCe mouvement social fait suite \u00e0 une premi\u00e8re gr\u00e8ve de deux jours en d\u00e9cembre dernier, visant \u00e0 r\u00e9clamer le versement de primes arri\u00e9r\u00e9es et l\u2019int\u00e9gration des augmentations salariales dans le revenu de base. Alors que la compagnie se positionne comme un acteur cl\u00e9 de l\u2019\u00e9conomie tunisienne, ces perturbations r\u00e9p\u00e9t\u00e9es menacent sa relance.<\/p>\n<p>Avec une production mensuelle moyenne de 250 000 tonnes, la CPG semblait amorcer un retour en force apr\u00e8s des ann\u00e9es de d\u00e9clin marqu\u00e9 par des gr\u00e8ves, un vieillissement des \u00e9quipements, et une concurrence accrue sur le march\u00e9 mondial. Cependant, les tensions sociales r\u00e9currentes r\u00e9v\u00e8lent les failles structurelles qui p\u00e8sent encore sur l\u2019entreprise.<\/p>\n<p>En 2010, la production atteignait un record de 8,1 millions de tonnes, mais les ann\u00e9es post\u00e9rieures \u00e0 la r\u00e9volution ont vu une chute drastique. Aujourd\u2019hui, malgr\u00e9 les efforts de modernisation et de recrutement, la CPG peine \u00e0 stabiliser son activit\u00e9. Les gr\u00e8ves pourraient non seulement compromettre la production, mais aussi la comp\u00e9titivit\u00e9 internationale de la Tunisie face \u00e0 des pays comme le Maroc, mieux \u00e9quip\u00e9s et organis\u00e9s.<\/p>\n<p>Cette gr\u00e8ve souligne l\u2019urgence de trouver un \u00e9quilibre entre revendications sociales et exigences \u00e9conomiques. Pour garantir une relance durable, la CPG devra non seulement investir dans ses infrastructures mais \u00e9galement dans le dialogue social.<\/p>\n","protected":false},"excerpt":{"rendered":"<p>La Compagnie des Phosphates de Gafsa (CPG) est une nouvelle fois confront\u00e9e \u00e0 une gr\u00e8ve g\u00e9n\u00e9rale, annonc\u00e9e par la f\u00e9d\u00e9ration g\u00e9n\u00e9rale des mines.<\/p>\n","protected":false},"author":4779,"featured_media":291678,"comment_status":"open","ping_status":"closed","sticky":false,"template":"","format":"standard","meta":{"footnotes":""},"categories":[44],"tags":[2978,2782,2979,2608],"class_list":["post-219059","post","type-post","status-publish","format-standard","has-post-thumbnail","hentry","category-national","tag-compagnie-des-phosphates-de-gafsa","tag-greve-generale","tag-phosphate","tag-tunisie"],"yoast_head":"<!-- This site is optimized with the Yoast SEO Premium plugin v27.5 (Yoast SEO v27.5) - https:\/\/yoast.com\/product\/yoast-seo-premium-wordpress\/ -->\n<title>Phosphate : la Tunisie entre espoirs de reprise et tensions sociales<\/title>\n<meta name=\"description\" content=\"La Compagnie des Phosphates de Gafsa (CPG) est une nouvelle fois confront\u00e9e \u00e0 une gr\u00e8ve g\u00e9n\u00e9rale, annonc\u00e9e par la f\u00e9d\u00e9ration g\u00e9n\u00e9rale des mines.\" \/>\n<link rel=\"canonical\" href=\"https:\/\/www.webdo.tn\/fr\/actualite\/national\/phosphate-la-tunisie-entre-espoirs-de-reprise-et-tensions-sociales\/219059\/\" \/>\n<meta property=\"og:locale\" content=\"fr_FR\" \/>\n<meta property=\"og:type\" content=\"article\" \/>\n<meta property=\"og:title\" content=\"Phosphate : la Tunisie entre espoirs de reprise et tensions sociales\" \/>\n<meta property=\"og:description\" content=\"La Compagnie des Phosphates de Gafsa (CPG) est une nouvelle fois confront\u00e9e \u00e0 une gr\u00e8ve g\u00e9n\u00e9rale, annonc\u00e9e par la f\u00e9d\u00e9ration g\u00e9n\u00e9rale des mines.\" \/>\n<meta property=\"og:url\" content=\"https:\/\/www.webdo.tn\/fr\/actualite\/national\/phosphate-la-tunisie-entre-espoirs-de-reprise-et-tensions-sociales\/219059\/\" \/>\n<meta property=\"og:site_name\" content=\"webdo\" \/>\n<meta property=\"article:publisher\" content=\"https:\/\/www.facebook.com\/webdotn\" \/>\n<meta property=\"article:published_time\" content=\"2025-01-14T10:45:00+00:00\" \/>\n<meta property=\"og:image\" content=\"https:\/\/www.webdo.tn\/fr\/wp-content\/uploads\/2025\/01\/42b7217a8c4a780b4d6458a431ea972b.webp\" \/>\n\t<meta property=\"og:image:width\" content=\"750\" \/>\n\t<meta property=\"og:image:height\" content=\"400\" \/>\n\t<meta property=\"og:image:type\" content=\"image\/webp\" \/>\n<meta name=\"author\" content=\"Firas Ben Abdeltif\" \/>\n<meta name=\"twitter:card\" content=\"summary_large_image\" \/>\n<meta name=\"twitter:creator\" content=\"@webdo_tn\" \/>\n<meta name=\"twitter:site\" content=\"@webdo_tn\" \/>\n<meta name=\"twitter:label1\" content=\"\u00c9crit par\" \/>\n\t<meta name=\"twitter:data1\" content=\"Firas Ben Abdeltif\" \/>\n\t<meta name=\"twitter:label2\" content=\"Dur\u00e9e de lecture estim\u00e9e\" \/>\n\t<meta name=\"twitter:data2\" content=\"1 minute\" \/>\n<script type=\"application\/ld+json\" class=\"yoast-schema-graph\">{\"@context\":\"https:\\\/\\\/schema.org\",\"@graph\":[{\"@type\":\"NewsArticle\",\"@id\":\"https:\\\/\\\/www.webdo.tn\\\/fr\\\/actualite\\\/national\\\/phosphate-la-tunisie-entre-espoirs-de-reprise-et-tensions-sociales\\\/219059\\\/#article\",\"isPartOf\":{\"@id\":\"https:\\\/\\\/www.webdo.tn\\\/fr\\\/actualite\\\/national\\\/phosphate-la-tunisie-entre-espoirs-de-reprise-et-tensions-sociales\\\/219059\\\/\"},\"author\":{\"name\":\"Firas Ben Abdeltif\",\"@id\":\"https:\\\/\\\/www.webdo.tn\\\/fr\\\/#\\\/schema\\\/person\\\/19664196c9bfdcda126f3c27709f7d11\"},\"headline\":\"Phosphate : la Tunisie entre espoirs de reprise et tensions sociales\",\"datePublished\":\"2025-01-14T10:45:00+00:00\",\"mainEntityOfPage\":{\"@id\":\"https:\\\/\\\/www.webdo.tn\\\/fr\\\/actualite\\\/national\\\/phosphate-la-tunisie-entre-espoirs-de-reprise-et-tensions-sociales\\\/219059\\\/\"},\"wordCount\":296,\"commentCount\":0,\"publisher\":{\"@id\":\"https:\\\/\\\/www.webdo.tn\\\/fr\\\/#organization\"},\"image\":{\"@id\":\"https:\\\/\\\/www.webdo.tn\\\/fr\\\/actualite\\\/national\\\/phosphate-la-tunisie-entre-espoirs-de-reprise-et-tensions-sociales\\\/219059\\\/#primaryimage\"},\"thumbnailUrl\":\"https:\\\/\\\/www.webdo.tn\\\/fr\\\/wp-content\\\/uploads\\\/2025\\\/01\\\/42b7217a8c4a780b4d6458a431ea972b.webp\",\"keywords\":[\"compagnie des Phosphates de Gafsa\",\"Gr\u00e8ve g\u00e9n\u00e9rale\",\"phosphate\",\"Tunisie\"],\"articleSection\":[\"National\"],\"inLanguage\":\"fr-FR\"},{\"@type\":\"WebPage\",\"@id\":\"https:\\\/\\\/www.webdo.tn\\\/fr\\\/actualite\\\/national\\\/phosphate-la-tunisie-entre-espoirs-de-reprise-et-tensions-sociales\\\/219059\\\/\",\"url\":\"https:\\\/\\\/www.webdo.tn\\\/fr\\\/actualite\\\/national\\\/phosphate-la-tunisie-entre-espoirs-de-reprise-et-tensions-sociales\\\/219059\\\/\",\"name\":\"Phosphate : la Tunisie entre espoirs de reprise et tensions sociales\",\"isPartOf\":{\"@id\":\"https:\\\/\\\/www.webdo.tn\\\/fr\\\/#website\"},\"primaryImageOfPage\":{\"@id\":\"https:\\\/\\\/www.webdo.tn\\\/fr\\\/actualite\\\/national\\\/phosphate-la-tunisie-entre-espoirs-de-reprise-et-tensions-sociales\\\/219059\\\/#primaryimage\"},\"image\":{\"@id\":\"https:\\\/\\\/www.webdo.tn\\\/fr\\\/actualite\\\/national\\\/phosphate-la-tunisie-entre-espoirs-de-reprise-et-tensions-sociales\\\/219059\\\/#primaryimage\"},\"thumbnailUrl\":\"https:\\\/\\\/www.webdo.tn\\\/fr\\\/wp-content\\\/uploads\\\/2025\\\/01\\\/42b7217a8c4a780b4d6458a431ea972b.webp\",\"datePublished\":\"2025-01-14T10:45:00+00:00\",\"description\":\"La Compagnie des Phosphates de Gafsa (CPG) est une nouvelle fois confront\u00e9e \u00e0 une gr\u00e8ve g\u00e9n\u00e9rale, annonc\u00e9e par la f\u00e9d\u00e9ration g\u00e9n\u00e9rale des mines.\",\"breadcrumb\":{\"@id\":\"https:\\\/\\\/www.webdo.tn\\\/fr\\\/actualite\\\/national\\\/phosphate-la-tunisie-entre-espoirs-de-reprise-et-tensions-sociales\\\/219059\\\/#breadcrumb\"},\"inLanguage\":\"fr-FR\",\"potentialAction\":[{\"@type\":\"ReadAction\",\"target\":[\"https:\\\/\\\/www.webdo.tn\\\/fr\\\/actualite\\\/national\\\/phosphate-la-tunisie-entre-espoirs-de-reprise-et-tensions-sociales\\\/219059\\\/\"]}]},{\"@type\":\"ImageObject\",\"inLanguage\":\"fr-FR\",\"@id\":\"https:\\\/\\\/www.webdo.tn\\\/fr\\\/actualite\\\/national\\\/phosphate-la-tunisie-entre-espoirs-de-reprise-et-tensions-sociales\\\/219059\\\/#primaryimage\",\"url\":\"https:\\\/\\\/www.webdo.tn\\\/fr\\\/wp-content\\\/uploads\\\/2025\\\/01\\\/42b7217a8c4a780b4d6458a431ea972b.webp\",\"contentUrl\":\"https:\\\/\\\/www.webdo.tn\\\/fr\\\/wp-content\\\/uploads\\\/2025\\\/01\\\/42b7217a8c4a780b4d6458a431ea972b.webp\",\"width\":750,\"height\":400,\"caption\":\"Phosphate : la Tunisie entre espoirs de reprise et tensions sociales\"},{\"@type\":\"BreadcrumbList\",\"@id\":\"https:\\\/\\\/www.webdo.tn\\\/fr\\\/actualite\\\/national\\\/phosphate-la-tunisie-entre-espoirs-de-reprise-et-tensions-sociales\\\/219059\\\/#breadcrumb\",\"itemListElement\":[{\"@type\":\"ListItem\",\"position\":1,\"name\":\"Accueil\",\"item\":\"https:\\\/\\\/www.webdo.tn\\\/fr\\\/\"},{\"@type\":\"ListItem\",\"position\":2,\"name\":\"Phosphate : la Tunisie entre espoirs de reprise et tensions sociales\"}]},{\"@type\":\"WebSite\",\"@id\":\"https:\\\/\\\/www.webdo.tn\\\/fr\\\/#website\",\"url\":\"https:\\\/\\\/www.webdo.tn\\\/fr\\\/\",\"name\":\"webdo\",\"description\":\"Tunisie - News en Tunisie et \u00e0 l&#039;international sur Webdo.tn\",\"publisher\":{\"@id\":\"https:\\\/\\\/www.webdo.tn\\\/fr\\\/#organization\"},\"potentialAction\":[{\"@type\":\"SearchAction\",\"target\":{\"@type\":\"EntryPoint\",\"urlTemplate\":\"https:\\\/\\\/www.webdo.tn\\\/fr\\\/?s={search_term_string}\"},\"query-input\":{\"@type\":\"PropertyValueSpecification\",\"valueRequired\":true,\"valueName\":\"search_term_string\"}}],\"inLanguage\":\"fr-FR\"},{\"@type\":\"Organization\",\"@id\":\"https:\\\/\\\/www.webdo.tn\\\/fr\\\/#organization\",\"name\":\"Webdo\",\"alternateName\":\"Webdo.tn\",\"url\":\"https:\\\/\\\/www.webdo.tn\\\/fr\\\/\",\"logo\":{\"@type\":\"ImageObject\",\"inLanguage\":\"fr-FR\",\"@id\":\"https:\\\/\\\/www.webdo.tn\\\/fr\\\/#\\\/schema\\\/logo\\\/image\\\/\",\"url\":\"https:\\\/\\\/www.webdo.tn\\\/fr\\\/wp-content\\\/uploads\\\/2025\\\/06\\\/Webdo-Tunisie_168377.jpg\",\"contentUrl\":\"https:\\\/\\\/www.webdo.tn\\\/fr\\\/wp-content\\\/uploads\\\/2025\\\/06\\\/Webdo-Tunisie_168377.jpg\",\"width\":301,\"height\":301,\"caption\":\"Webdo\"},\"image\":{\"@id\":\"https:\\\/\\\/www.webdo.tn\\\/fr\\\/#\\\/schema\\\/logo\\\/image\\\/\"},\"sameAs\":[\"https:\\\/\\\/www.facebook.com\\\/webdotn\",\"https:\\\/\\\/x.com\\\/webdo_tn\"],\"description\":\"Webdo est un m\u00e9dia num\u00e9rique tunisien fond\u00e9 en 2010, sp\u00e9cialis\u00e9 dans l\u2019actualit\u00e9 nationale et internationale, l\u2019\u00e9conomie, la soci\u00e9t\u00e9 et les analyses politiques. Le site s\u2019adresse \u00e0 un large public francophone et couvre l\u2019information tunisienne en temps r\u00e9el.\",\"email\":\"redac@webdo.tn\",\"legalName\":\"YNJ SARL\",\"foundingDate\":\"2010-09-06\",\"numberOfEmployees\":{\"@type\":\"QuantitativeValue\",\"minValue\":\"11\",\"maxValue\":\"50\"}},{\"@type\":\"Person\",\"@id\":\"https:\\\/\\\/www.webdo.tn\\\/fr\\\/#\\\/schema\\\/person\\\/19664196c9bfdcda126f3c27709f7d11\",\"name\":\"Firas Ben Abdeltif\",\"image\":{\"@type\":\"ImageObject\",\"inLanguage\":\"fr-FR\",\"@id\":\"https:\\\/\\\/secure.gravatar.com\\\/avatar\\\/161a347d40df098a084778c52ed133dbd85f14df003867067c5948081241ec55?s=96&d=mm&r=g\",\"url\":\"https:\\\/\\\/secure.gravatar.com\\\/avatar\\\/161a347d40df098a084778c52ed133dbd85f14df003867067c5948081241ec55?s=96&d=mm&r=g\",\"contentUrl\":\"https:\\\/\\\/secure.gravatar.com\\\/avatar\\\/161a347d40df098a084778c52ed133dbd85f14df003867067c5948081241ec55?s=96&d=mm&r=g\",\"caption\":\"Firas Ben Abdeltif\"},\"url\":\"https:\\\/\\\/www.webdo.tn\\\/fr\\\/actualite\\\/author\\\/firas-ben-abdeltif\\\/\"}]}<\/script>\n<!-- \/ Yoast SEO Premium plugin. -->","yoast_head_json":{"title":"Phosphate : la Tunisie entre espoirs de reprise et tensions sociales","description":"La Compagnie des Phosphates de Gafsa (CPG) est une nouvelle fois confront\u00e9e \u00e0 une gr\u00e8ve g\u00e9n\u00e9rale, annonc\u00e9e par la f\u00e9d\u00e9ration g\u00e9n\u00e9rale des mines.","canonical":"https:\/\/www.webdo.tn\/fr\/actualite\/national\/phosphate-la-tunisie-entre-espoirs-de-reprise-et-tensions-sociales\/219059\/","og_locale":"fr_FR","og_type":"article","og_title":"Phosphate : la Tunisie entre espoirs de reprise et tensions sociales","og_description":"La Compagnie des Phosphates de Gafsa (CPG) est une nouvelle fois confront\u00e9e \u00e0 une gr\u00e8ve g\u00e9n\u00e9rale, annonc\u00e9e par la f\u00e9d\u00e9ration g\u00e9n\u00e9rale des mines.","og_url":"https:\/\/www.webdo.tn\/fr\/actualite\/national\/phosphate-la-tunisie-entre-espoirs-de-reprise-et-tensions-sociales\/219059\/","og_site_name":"webdo","article_publisher":"https:\/\/www.facebook.com\/webdotn","article_published_time":"2025-01-14T10:45:00+00:00","og_image":[{"width":750,"height":400,"url":"https:\/\/www.webdo.tn\/fr\/wp-content\/uploads\/2025\/01\/42b7217a8c4a780b4d6458a431ea972b.webp","type":"image\/webp"}],"author":"Firas Ben Abdeltif","twitter_card":"summary_large_image","twitter_creator":"@webdo_tn","twitter_site":"@webdo_tn","twitter_misc":{"\u00c9crit par":"Firas Ben Abdeltif","Dur\u00e9e de lecture estim\u00e9e":"1 minute"},"schema":{"@context":"https:\/\/schema.org","@graph":[{"@type":"NewsArticle","@id":"https:\/\/www.webdo.tn\/fr\/actualite\/national\/phosphate-la-tunisie-entre-espoirs-de-reprise-et-tensions-sociales\/219059\/#article","isPartOf":{"@id":"https:\/\/www.webdo.tn\/fr\/actualite\/national\/phosphate-la-tunisie-entre-espoirs-de-reprise-et-tensions-sociales\/219059\/"},"author":{"name":"Firas Ben Abdeltif","@id":"https:\/\/www.webdo.tn\/fr\/#\/schema\/person\/19664196c9bfdcda126f3c27709f7d11"},"headline":"Phosphate : la Tunisie entre espoirs de reprise et tensions sociales","datePublished":"2025-01-14T10:45:00+00:00","mainEntityOfPage":{"@id":"https:\/\/www.webdo.tn\/fr\/actualite\/national\/phosphate-la-tunisie-entre-espoirs-de-reprise-et-tensions-sociales\/219059\/"},"wordCount":296,"commentCount":0,"publisher":{"@id":"https:\/\/www.webdo.tn\/fr\/#organization"},"image":{"@id":"https:\/\/www.webdo.tn\/fr\/actualite\/national\/phosphate-la-tunisie-entre-espoirs-de-reprise-et-tensions-sociales\/219059\/#primaryimage"},"thumbnailUrl":"https:\/\/www.webdo.tn\/fr\/wp-content\/uploads\/2025\/01\/42b7217a8c4a780b4d6458a431ea972b.webp","keywords":["compagnie des Phosphates de Gafsa","Gr\u00e8ve g\u00e9n\u00e9rale","phosphate","Tunisie"],"articleSection":["National"],"inLanguage":"fr-FR"},{"@type":"WebPage","@id":"https:\/\/www.webdo.tn\/fr\/actualite\/national\/phosphate-la-tunisie-entre-espoirs-de-reprise-et-tensions-sociales\/219059\/","url":"https:\/\/www.webdo.tn\/fr\/actualite\/national\/phosphate-la-tunisie-entre-espoirs-de-reprise-et-tensions-sociales\/219059\/","name":"Phosphate : la Tunisie entre espoirs de reprise et tensions sociales","isPartOf":{"@id":"https:\/\/www.webdo.tn\/fr\/#website"},"primaryImageOfPage":{"@id":"https:\/\/www.webdo.tn\/fr\/actualite\/national\/phosphate-la-tunisie-entre-espoirs-de-reprise-et-tensions-sociales\/219059\/#primaryimage"},"image":{"@id":"https:\/\/www.webdo.tn\/fr\/actualite\/national\/phosphate-la-tunisie-entre-espoirs-de-reprise-et-tensions-sociales\/219059\/#primaryimage"},"thumbnailUrl":"https:\/\/www.webdo.tn\/fr\/wp-content\/uploads\/2025\/01\/42b7217a8c4a780b4d6458a431ea972b.webp","datePublished":"2025-01-14T10:45:00+00:00","description":"La Compagnie des Phosphates de Gafsa (CPG) est une nouvelle fois confront\u00e9e \u00e0 une gr\u00e8ve g\u00e9n\u00e9rale, annonc\u00e9e par la f\u00e9d\u00e9ration g\u00e9n\u00e9rale des mines.","breadcrumb":{"@id":"https:\/\/www.webdo.tn\/fr\/actualite\/national\/phosphate-la-tunisie-entre-espoirs-de-reprise-et-tensions-sociales\/219059\/#breadcrumb"},"inLanguage":"fr-FR","potentialAction":[{"@type":"ReadAction","target":["https:\/\/www.webdo.tn\/fr\/actualite\/national\/phosphate-la-tunisie-entre-espoirs-de-reprise-et-tensions-sociales\/219059\/"]}]},{"@type":"ImageObject","inLanguage":"fr-FR","@id":"https:\/\/www.webdo.tn\/fr\/actualite\/national\/phosphate-la-tunisie-entre-espoirs-de-reprise-et-tensions-sociales\/219059\/#primaryimage","url":"https:\/\/www.webdo.tn\/fr\/wp-content\/uploads\/2025\/01\/42b7217a8c4a780b4d6458a431ea972b.webp","contentUrl":"https:\/\/www.webdo.tn\/fr\/wp-content\/uploads\/2025\/01\/42b7217a8c4a780b4d6458a431ea972b.webp","width":750,"height":400,"caption":"Phosphate : la Tunisie entre espoirs de reprise et tensions sociales"},{"@type":"BreadcrumbList","@id":"https:\/\/www.webdo.tn\/fr\/actualite\/national\/phosphate-la-tunisie-entre-espoirs-de-reprise-et-tensions-sociales\/219059\/#breadcrumb","itemListElement":[{"@type":"ListItem","position":1,"name":"Accueil","item":"https:\/\/www.webdo.tn\/fr\/"},{"@type":"ListItem","position":2,"name":"Phosphate : la Tunisie entre espoirs de reprise et tensions sociales"}]},{"@type":"WebSite","@id":"https:\/\/www.webdo.tn\/fr\/#website","url":"https:\/\/www.webdo.tn\/fr\/","name":"webdo","description":"Tunisie - News en Tunisie et \u00e0 l&#039;international sur Webdo.tn","publisher":{"@id":"https:\/\/www.webdo.tn\/fr\/#organization"},"potentialAction":[{"@type":"SearchAction","target":{"@type":"EntryPoint","urlTemplate":"https:\/\/www.webdo.tn\/fr\/?s={search_term_string}"},"query-input":{"@type":"PropertyValueSpecification","valueRequired":true,"valueName":"search_term_string"}}],"inLanguage":"fr-FR"},{"@type":"Organization","@id":"https:\/\/www.webdo.tn\/fr\/#organization","name":"Webdo","alternateName":"Webdo.tn","url":"https:\/\/www.webdo.tn\/fr\/","logo":{"@type":"ImageObject","inLanguage":"fr-FR","@id":"https:\/\/www.webdo.tn\/fr\/#\/schema\/logo\/image\/","url":"https:\/\/www.webdo.tn\/fr\/wp-content\/uploads\/2025\/06\/Webdo-Tunisie_168377.jpg","contentUrl":"https:\/\/www.webdo.tn\/fr\/wp-content\/uploads\/2025\/06\/Webdo-Tunisie_168377.jpg","width":301,"height":301,"caption":"Webdo"},"image":{"@id":"https:\/\/www.webdo.tn\/fr\/#\/schema\/logo\/image\/"},"sameAs":["https:\/\/www.facebook.com\/webdotn","https:\/\/x.com\/webdo_tn"],"description":"Webdo est un m\u00e9dia num\u00e9rique tunisien fond\u00e9 en 2010, sp\u00e9cialis\u00e9 dans l\u2019actualit\u00e9 nationale et internationale, l\u2019\u00e9conomie, la soci\u00e9t\u00e9 et les analyses politiques. Le site s\u2019adresse \u00e0 un large public francophone et couvre l\u2019information tunisienne en temps r\u00e9el.","email":"redac@webdo.tn","legalName":"YNJ SARL","foundingDate":"2010-09-06","numberOfEmployees":{"@type":"QuantitativeValue","minValue":"11","maxValue":"50"}},{"@type":"Person","@id":"https:\/\/www.webdo.tn\/fr\/#\/schema\/person\/19664196c9bfdcda126f3c27709f7d11","name":"Firas Ben Abdeltif","image":{"@type":"ImageObject","inLanguage":"fr-FR","@id":"https:\/\/secure.gravatar.com\/avatar\/161a347d40df098a084778c52ed133dbd85f14df003867067c5948081241ec55?s=96&d=mm&r=g","url":"https:\/\/secure.gravatar.com\/avatar\/161a347d40df098a084778c52ed133dbd85f14df003867067c5948081241ec55?s=96&d=mm&r=g","contentUrl":"https:\/\/secure.gravatar.com\/avatar\/161a347d40df098a084778c52ed133dbd85f14df003867067c5948081241ec55?s=96&d=mm&r=g","caption":"Firas Ben Abdeltif"},"url":"https:\/\/www.webdo.tn\/fr\/actualite\/author\/firas-ben-abdeltif\/"}]}},"_links":{"self":[{"href":"https:\/\/www.webdo.tn\/fr\/wp-json\/wp\/v2\/posts\/219059","targetHints":{"allow":["GET"]}}],"collection":[{"href":"https:\/\/www.webdo.tn\/fr\/wp-json\/wp\/v2\/posts"}],"about":[{"href":"https:\/\/www.webdo.tn\/fr\/wp-json\/wp\/v2\/types\/post"}],"author":[{"embeddable":true,"href":"https:\/\/www.webdo.tn\/fr\/wp-json\/wp\/v2\/users\/4779"}],"replies":[{"embeddable":true,"href":"https:\/\/www.webdo.tn\/fr\/wp-json\/wp\/v2\/comments?post=219059"}],"version-history":[{"count":0,"href":"https:\/\/www.webdo.tn\/fr\/wp-json\/wp\/v2\/posts\/219059\/revisions"}],"wp:featuredmedia":[{"embeddable":true,"href":"https:\/\/www.webdo.tn\/fr\/wp-json\/wp\/v2\/media\/291678"}],"wp:attachment":[{"href":"https:\/\/www.webdo.tn\/fr\/wp-json\/wp\/v2\/media?parent=219059"}],"wp:term":[{"taxonomy":"category","embeddable":true,"href":"https:\/\/www.webdo.tn\/fr\/wp-json\/wp\/v2\/categories?post=219059"},{"taxonomy":"post_tag","embeddable":true,"href":"https:\/\/www.webdo.tn\/fr\/wp-json\/wp\/v2\/tags?post=219059"}],"curies":[{"name":"wp","href":"https:\/\/api.w.org\/{rel}","templated":true}]}}