{"id":219047,"date":"2025-01-14T07:53:00","date_gmt":"2025-01-14T07:53:00","guid":{"rendered":"https:\/\/www.webdo.tn\/fr\/blog\/2025\/01\/14\/tunisie-liste-des-routes-coupees-a-a-cause-des-intemperies\/"},"modified":"2025-05-20T22:20:35","modified_gmt":"2025-05-20T22:20:35","slug":"tunisie-liste-des-routes-coupees-a-a-cause-des-intemperies","status":"publish","type":"post","link":"https:\/\/www.webdo.tn\/fr\/actualite\/national\/tunisie-liste-des-routes-coupees-a-a-cause-des-intemperies\/219047\/","title":{"rendered":"Tunisie : Liste des routes coup\u00e9es \u00e0 cause des intemp\u00e9ries"},"content":{"rendered":"<p>La direction g\u00e9n\u00e9rale de la Garde nationale a mis \u00e0 jour la liste des coupures enregistr\u00e9es sur certaines routes \u00e0 Tabarka et Jendouba, dans le gouvernorat de Jendouba, selon un communiqu\u00e9 publi\u00e9 lundi soir.<\/p>\n<p>La direction g\u00e9n\u00e9rale de la Garde nationale a signal\u00e9, au niveau de Tabarka, une interruption de la circulation sur la route rev\u00eatue et non num\u00e9rot\u00e9e pr\u00e8s du pont Jnini, dans la d\u00e9l\u00e9gation de Tabarka, reliant la route r\u00e9gionale 161 \u00e0 la r\u00e9gion de Zaga dans la d\u00e9l\u00e9gation de Nefza. Cette coupure est due \u00e0 la mont\u00e9e du niveau des eaux de l\u2019oued El Maleh, dans la d\u00e9l\u00e9gation de Tabarka, suite aux fortes pluies, rendant impossible tout d\u00e9tournement de la circulation.<\/p>\n<p>Au niveau de Jendouba, la circulation a \u00e9t\u00e9 interrompue en raison de l&rsquo;accumulation de boue et des eaux de pluie sur la route r\u00e9gionale num\u00e9ro 53, au niveau de la r\u00e9gion d&rsquo;A\u00efn El Beya, dans la d\u00e9l\u00e9gation de Fernana, reliant Fernana \u00e0 Halima. Cependant, la circulation peut \u00eatre d\u00e9vi\u00e9e via les routes secondaires avoisinantes.<\/p>\n<p>La direction g\u00e9n\u00e9rale de la Garde nationale appelle les usagers de la route \u00e0 prendre les pr\u00e9cautions n\u00e9cessaires, \u00e0 respecter les distances de s\u00e9curit\u00e9, \u00e0 ajuster leur vitesse, \u00e0 utiliser les feux de signalisation lors de leurs d\u00e9placements, et \u00e0 se conformer aux r\u00e8gles de circulation. Il est fortement d\u00e9conseill\u00e9 de s&rsquo;aventurer dans les zones inond\u00e9es ou les points o\u00f9 les eaux ruissellent fortement.<\/p>\n<p>Elle pr\u00e9cise \u00e9galement que pour toute information ou pour signaler des situations d\u2019urgence, il est possible de contacter le centre de permanence des affaires routi\u00e8res de la direction des op\u00e9rations de la Garde nationale aux num\u00e9ros suivants : 71 960 448 ou 71 963 512. De plus, le contact peut se faire au niveau r\u00e9gional via les districts et r\u00e9gions de la Garde nationale au num\u00e9ro gratuit 193.<\/p>\n","protected":false},"excerpt":{"rendered":"<p>La direction g\u00e9n\u00e9rale de la Garde nationale a signal\u00e9, au niveau de Tabarka, une interruption de la circulation sur la route rev\u00eatue et non num\u00e9rot\u00e9e pr\u00e8s du po&#8230;<\/p>\n","protected":false},"author":3163,"featured_media":242876,"comment_status":"open","ping_status":"open","sticky":false,"template":"","format":"standard","meta":{"footnotes":""},"categories":[44],"tags":[2712,3163,4187,2608],"class_list":["post-219047","post","type-post","status-publish","format-standard","has-post-thumbnail","hentry","category-national","tag-intemperies","tag-pluies","tag-routes","tag-tunisie"],"yoast_head":"<!-- This site is optimized with the Yoast SEO Premium plugin v27.5 (Yoast SEO v27.5) - https:\/\/yoast.com\/product\/yoast-seo-premium-wordpress\/ -->\n<title>Tunisie : Liste des routes coup\u00e9es \u00e0 cause des intemp\u00e9ries<\/title>\n<meta name=\"description\" content=\"La direction g\u00e9n\u00e9rale de la Garde nationale a signal\u00e9, au niveau de Tabarka, une interruption de la circulation sur la route rev\u00eatue et non num\u00e9rot\u00e9e pr\u00e8s du po...\" \/>\n<link rel=\"canonical\" href=\"https:\/\/www.webdo.tn\/fr\/actualite\/national\/tunisie-liste-des-routes-coupees-a-a-cause-des-intemperies\/219047\/\" \/>\n<meta property=\"og:locale\" content=\"fr_FR\" \/>\n<meta property=\"og:type\" content=\"article\" \/>\n<meta property=\"og:title\" content=\"Tunisie : Liste des routes coup\u00e9es \u00e0 cause des intemp\u00e9ries\" \/>\n<meta property=\"og:description\" content=\"La direction g\u00e9n\u00e9rale de la Garde nationale a signal\u00e9, au niveau de Tabarka, une interruption de la circulation sur la route rev\u00eatue et non num\u00e9rot\u00e9e pr\u00e8s du po...\" \/>\n<meta property=\"og:url\" content=\"https:\/\/www.webdo.tn\/fr\/actualite\/national\/tunisie-liste-des-routes-coupees-a-a-cause-des-intemperies\/219047\/\" \/>\n<meta property=\"og:site_name\" content=\"webdo\" \/>\n<meta property=\"article:publisher\" content=\"https:\/\/www.facebook.com\/webdotn\" \/>\n<meta property=\"article:published_time\" content=\"2025-01-14T07:53:00+00:00\" \/>\n<meta property=\"article:modified_time\" content=\"2025-05-20T22:20:35+00:00\" \/>\n<meta property=\"og:image\" content=\"https:\/\/www.webdo.tn\/fr\/wp-content\/uploads\/2025\/05\/b5065ca9c77e6abe9753154b267ba440-2.webp\" \/>\n\t<meta property=\"og:image:width\" content=\"750\" \/>\n\t<meta property=\"og:image:height\" content=\"400\" \/>\n\t<meta property=\"og:image:type\" content=\"image\/webp\" \/>\n<meta name=\"author\" content=\"KJ\" \/>\n<meta name=\"twitter:card\" content=\"summary_large_image\" \/>\n<meta name=\"twitter:creator\" content=\"@webdo_tn\" \/>\n<meta name=\"twitter:site\" content=\"@webdo_tn\" \/>\n<meta name=\"twitter:label1\" content=\"\u00c9crit par\" \/>\n\t<meta name=\"twitter:data1\" content=\"KJ\" \/>\n\t<meta name=\"twitter:label2\" content=\"Dur\u00e9e de lecture estim\u00e9e\" \/>\n\t<meta name=\"twitter:data2\" content=\"2 minutes\" \/>\n<script type=\"application\/ld+json\" class=\"yoast-schema-graph\">{\"@context\":\"https:\\\/\\\/schema.org\",\"@graph\":[{\"@type\":\"NewsArticle\",\"@id\":\"https:\\\/\\\/www.webdo.tn\\\/fr\\\/actualite\\\/national\\\/tunisie-liste-des-routes-coupees-a-a-cause-des-intemperies\\\/219047\\\/#article\",\"isPartOf\":{\"@id\":\"https:\\\/\\\/www.webdo.tn\\\/fr\\\/actualite\\\/national\\\/tunisie-liste-des-routes-coupees-a-a-cause-des-intemperies\\\/219047\\\/\"},\"author\":{\"name\":\"KJ\",\"@id\":\"https:\\\/\\\/www.webdo.tn\\\/fr\\\/#\\\/schema\\\/person\\\/82ca085b22037d285e1a3c4b65ba5f71\"},\"headline\":\"Tunisie : Liste des routes coup\u00e9es \u00e0 cause des intemp\u00e9ries\",\"datePublished\":\"2025-01-14T07:53:00+00:00\",\"dateModified\":\"2025-05-20T22:20:35+00:00\",\"mainEntityOfPage\":{\"@id\":\"https:\\\/\\\/www.webdo.tn\\\/fr\\\/actualite\\\/national\\\/tunisie-liste-des-routes-coupees-a-a-cause-des-intemperies\\\/219047\\\/\"},\"wordCount\":338,\"commentCount\":0,\"publisher\":{\"@id\":\"https:\\\/\\\/www.webdo.tn\\\/fr\\\/#organization\"},\"image\":{\"@id\":\"https:\\\/\\\/www.webdo.tn\\\/fr\\\/actualite\\\/national\\\/tunisie-liste-des-routes-coupees-a-a-cause-des-intemperies\\\/219047\\\/#primaryimage\"},\"thumbnailUrl\":\"https:\\\/\\\/www.webdo.tn\\\/fr\\\/wp-content\\\/uploads\\\/2025\\\/05\\\/b5065ca9c77e6abe9753154b267ba440-2.webp\",\"keywords\":[\"Intemp\u00e9ries\",\"pluies\",\"routes\",\"Tunisie\"],\"articleSection\":[\"National\"],\"inLanguage\":\"fr-FR\"},{\"@type\":\"WebPage\",\"@id\":\"https:\\\/\\\/www.webdo.tn\\\/fr\\\/actualite\\\/national\\\/tunisie-liste-des-routes-coupees-a-a-cause-des-intemperies\\\/219047\\\/\",\"url\":\"https:\\\/\\\/www.webdo.tn\\\/fr\\\/actualite\\\/national\\\/tunisie-liste-des-routes-coupees-a-a-cause-des-intemperies\\\/219047\\\/\",\"name\":\"Tunisie : Liste des routes coup\u00e9es \u00e0 cause des intemp\u00e9ries\",\"isPartOf\":{\"@id\":\"https:\\\/\\\/www.webdo.tn\\\/fr\\\/#website\"},\"primaryImageOfPage\":{\"@id\":\"https:\\\/\\\/www.webdo.tn\\\/fr\\\/actualite\\\/national\\\/tunisie-liste-des-routes-coupees-a-a-cause-des-intemperies\\\/219047\\\/#primaryimage\"},\"image\":{\"@id\":\"https:\\\/\\\/www.webdo.tn\\\/fr\\\/actualite\\\/national\\\/tunisie-liste-des-routes-coupees-a-a-cause-des-intemperies\\\/219047\\\/#primaryimage\"},\"thumbnailUrl\":\"https:\\\/\\\/www.webdo.tn\\\/fr\\\/wp-content\\\/uploads\\\/2025\\\/05\\\/b5065ca9c77e6abe9753154b267ba440-2.webp\",\"datePublished\":\"2025-01-14T07:53:00+00:00\",\"dateModified\":\"2025-05-20T22:20:35+00:00\",\"description\":\"La direction g\u00e9n\u00e9rale de la Garde nationale a signal\u00e9, au niveau de Tabarka, une interruption de la circulation sur la route rev\u00eatue et non num\u00e9rot\u00e9e pr\u00e8s du po...\",\"breadcrumb\":{\"@id\":\"https:\\\/\\\/www.webdo.tn\\\/fr\\\/actualite\\\/national\\\/tunisie-liste-des-routes-coupees-a-a-cause-des-intemperies\\\/219047\\\/#breadcrumb\"},\"inLanguage\":\"fr-FR\",\"potentialAction\":[{\"@type\":\"ReadAction\",\"target\":[\"https:\\\/\\\/www.webdo.tn\\\/fr\\\/actualite\\\/national\\\/tunisie-liste-des-routes-coupees-a-a-cause-des-intemperies\\\/219047\\\/\"]}]},{\"@type\":\"ImageObject\",\"inLanguage\":\"fr-FR\",\"@id\":\"https:\\\/\\\/www.webdo.tn\\\/fr\\\/actualite\\\/national\\\/tunisie-liste-des-routes-coupees-a-a-cause-des-intemperies\\\/219047\\\/#primaryimage\",\"url\":\"https:\\\/\\\/www.webdo.tn\\\/fr\\\/wp-content\\\/uploads\\\/2025\\\/05\\\/b5065ca9c77e6abe9753154b267ba440-2.webp\",\"contentUrl\":\"https:\\\/\\\/www.webdo.tn\\\/fr\\\/wp-content\\\/uploads\\\/2025\\\/05\\\/b5065ca9c77e6abe9753154b267ba440-2.webp\",\"width\":750,\"height\":400},{\"@type\":\"BreadcrumbList\",\"@id\":\"https:\\\/\\\/www.webdo.tn\\\/fr\\\/actualite\\\/national\\\/tunisie-liste-des-routes-coupees-a-a-cause-des-intemperies\\\/219047\\\/#breadcrumb\",\"itemListElement\":[{\"@type\":\"ListItem\",\"position\":1,\"name\":\"Accueil\",\"item\":\"https:\\\/\\\/www.webdo.tn\\\/fr\\\/\"},{\"@type\":\"ListItem\",\"position\":2,\"name\":\"Tunisie : Liste des routes coup\u00e9es \u00e0 cause des intemp\u00e9ries\"}]},{\"@type\":\"WebSite\",\"@id\":\"https:\\\/\\\/www.webdo.tn\\\/fr\\\/#website\",\"url\":\"https:\\\/\\\/www.webdo.tn\\\/fr\\\/\",\"name\":\"webdo\",\"description\":\"Tunisie - News en Tunisie et \u00e0 l&#039;international sur Webdo.tn\",\"publisher\":{\"@id\":\"https:\\\/\\\/www.webdo.tn\\\/fr\\\/#organization\"},\"potentialAction\":[{\"@type\":\"SearchAction\",\"target\":{\"@type\":\"EntryPoint\",\"urlTemplate\":\"https:\\\/\\\/www.webdo.tn\\\/fr\\\/?s={search_term_string}\"},\"query-input\":{\"@type\":\"PropertyValueSpecification\",\"valueRequired\":true,\"valueName\":\"search_term_string\"}}],\"inLanguage\":\"fr-FR\"},{\"@type\":\"Organization\",\"@id\":\"https:\\\/\\\/www.webdo.tn\\\/fr\\\/#organization\",\"name\":\"Webdo\",\"alternateName\":\"Webdo.tn\",\"url\":\"https:\\\/\\\/www.webdo.tn\\\/fr\\\/\",\"logo\":{\"@type\":\"ImageObject\",\"inLanguage\":\"fr-FR\",\"@id\":\"https:\\\/\\\/www.webdo.tn\\\/fr\\\/#\\\/schema\\\/logo\\\/image\\\/\",\"url\":\"https:\\\/\\\/www.webdo.tn\\\/fr\\\/wp-content\\\/uploads\\\/2025\\\/06\\\/Webdo-Tunisie_168377.jpg\",\"contentUrl\":\"https:\\\/\\\/www.webdo.tn\\\/fr\\\/wp-content\\\/uploads\\\/2025\\\/06\\\/Webdo-Tunisie_168377.jpg\",\"width\":301,\"height\":301,\"caption\":\"Webdo\"},\"image\":{\"@id\":\"https:\\\/\\\/www.webdo.tn\\\/fr\\\/#\\\/schema\\\/logo\\\/image\\\/\"},\"sameAs\":[\"https:\\\/\\\/www.facebook.com\\\/webdotn\",\"https:\\\/\\\/x.com\\\/webdo_tn\"],\"description\":\"Webdo est un m\u00e9dia num\u00e9rique tunisien fond\u00e9 en 2010, sp\u00e9cialis\u00e9 dans l\u2019actualit\u00e9 nationale et internationale, l\u2019\u00e9conomie, la soci\u00e9t\u00e9 et les analyses politiques. Le site s\u2019adresse \u00e0 un large public francophone et couvre l\u2019information tunisienne en temps r\u00e9el.\",\"email\":\"redac@webdo.tn\",\"legalName\":\"YNJ SARL\",\"foundingDate\":\"2010-09-06\",\"numberOfEmployees\":{\"@type\":\"QuantitativeValue\",\"minValue\":\"11\",\"maxValue\":\"50\"}},{\"@type\":\"Person\",\"@id\":\"https:\\\/\\\/www.webdo.tn\\\/fr\\\/#\\\/schema\\\/person\\\/82ca085b22037d285e1a3c4b65ba5f71\",\"name\":\"KJ\",\"image\":{\"@type\":\"ImageObject\",\"inLanguage\":\"fr-FR\",\"@id\":\"https:\\\/\\\/secure.gravatar.com\\\/avatar\\\/1a1320de1c1971c893f00068f760b4113d69504aa21273da17ee95650c5944fd?s=96&d=mm&r=g\",\"url\":\"https:\\\/\\\/secure.gravatar.com\\\/avatar\\\/1a1320de1c1971c893f00068f760b4113d69504aa21273da17ee95650c5944fd?s=96&d=mm&r=g\",\"contentUrl\":\"https:\\\/\\\/secure.gravatar.com\\\/avatar\\\/1a1320de1c1971c893f00068f760b4113d69504aa21273da17ee95650c5944fd?s=96&d=mm&r=g\",\"caption\":\"KJ\"},\"url\":\"https:\\\/\\\/www.webdo.tn\\\/fr\\\/actualite\\\/author\\\/kj\\\/\"}]}<\/script>\n<!-- \/ Yoast SEO Premium plugin. -->","yoast_head_json":{"title":"Tunisie : Liste des routes coup\u00e9es \u00e0 cause des intemp\u00e9ries","description":"La direction g\u00e9n\u00e9rale de la Garde nationale a signal\u00e9, au niveau de Tabarka, une interruption de la circulation sur la route rev\u00eatue et non num\u00e9rot\u00e9e pr\u00e8s du po...","canonical":"https:\/\/www.webdo.tn\/fr\/actualite\/national\/tunisie-liste-des-routes-coupees-a-a-cause-des-intemperies\/219047\/","og_locale":"fr_FR","og_type":"article","og_title":"Tunisie : Liste des routes coup\u00e9es \u00e0 cause des intemp\u00e9ries","og_description":"La direction g\u00e9n\u00e9rale de la Garde nationale a signal\u00e9, au niveau de Tabarka, une interruption de la circulation sur la route rev\u00eatue et non num\u00e9rot\u00e9e pr\u00e8s du po...","og_url":"https:\/\/www.webdo.tn\/fr\/actualite\/national\/tunisie-liste-des-routes-coupees-a-a-cause-des-intemperies\/219047\/","og_site_name":"webdo","article_publisher":"https:\/\/www.facebook.com\/webdotn","article_published_time":"2025-01-14T07:53:00+00:00","article_modified_time":"2025-05-20T22:20:35+00:00","og_image":[{"width":750,"height":400,"url":"https:\/\/www.webdo.tn\/fr\/wp-content\/uploads\/2025\/05\/b5065ca9c77e6abe9753154b267ba440-2.webp","type":"image\/webp"}],"author":"KJ","twitter_card":"summary_large_image","twitter_creator":"@webdo_tn","twitter_site":"@webdo_tn","twitter_misc":{"\u00c9crit par":"KJ","Dur\u00e9e de lecture estim\u00e9e":"2 minutes"},"schema":{"@context":"https:\/\/schema.org","@graph":[{"@type":"NewsArticle","@id":"https:\/\/www.webdo.tn\/fr\/actualite\/national\/tunisie-liste-des-routes-coupees-a-a-cause-des-intemperies\/219047\/#article","isPartOf":{"@id":"https:\/\/www.webdo.tn\/fr\/actualite\/national\/tunisie-liste-des-routes-coupees-a-a-cause-des-intemperies\/219047\/"},"author":{"name":"KJ","@id":"https:\/\/www.webdo.tn\/fr\/#\/schema\/person\/82ca085b22037d285e1a3c4b65ba5f71"},"headline":"Tunisie : Liste des routes coup\u00e9es \u00e0 cause des intemp\u00e9ries","datePublished":"2025-01-14T07:53:00+00:00","dateModified":"2025-05-20T22:20:35+00:00","mainEntityOfPage":{"@id":"https:\/\/www.webdo.tn\/fr\/actualite\/national\/tunisie-liste-des-routes-coupees-a-a-cause-des-intemperies\/219047\/"},"wordCount":338,"commentCount":0,"publisher":{"@id":"https:\/\/www.webdo.tn\/fr\/#organization"},"image":{"@id":"https:\/\/www.webdo.tn\/fr\/actualite\/national\/tunisie-liste-des-routes-coupees-a-a-cause-des-intemperies\/219047\/#primaryimage"},"thumbnailUrl":"https:\/\/www.webdo.tn\/fr\/wp-content\/uploads\/2025\/05\/b5065ca9c77e6abe9753154b267ba440-2.webp","keywords":["Intemp\u00e9ries","pluies","routes","Tunisie"],"articleSection":["National"],"inLanguage":"fr-FR"},{"@type":"WebPage","@id":"https:\/\/www.webdo.tn\/fr\/actualite\/national\/tunisie-liste-des-routes-coupees-a-a-cause-des-intemperies\/219047\/","url":"https:\/\/www.webdo.tn\/fr\/actualite\/national\/tunisie-liste-des-routes-coupees-a-a-cause-des-intemperies\/219047\/","name":"Tunisie : Liste des routes coup\u00e9es \u00e0 cause des intemp\u00e9ries","isPartOf":{"@id":"https:\/\/www.webdo.tn\/fr\/#website"},"primaryImageOfPage":{"@id":"https:\/\/www.webdo.tn\/fr\/actualite\/national\/tunisie-liste-des-routes-coupees-a-a-cause-des-intemperies\/219047\/#primaryimage"},"image":{"@id":"https:\/\/www.webdo.tn\/fr\/actualite\/national\/tunisie-liste-des-routes-coupees-a-a-cause-des-intemperies\/219047\/#primaryimage"},"thumbnailUrl":"https:\/\/www.webdo.tn\/fr\/wp-content\/uploads\/2025\/05\/b5065ca9c77e6abe9753154b267ba440-2.webp","datePublished":"2025-01-14T07:53:00+00:00","dateModified":"2025-05-20T22:20:35+00:00","description":"La direction g\u00e9n\u00e9rale de la Garde nationale a signal\u00e9, au niveau de Tabarka, une interruption de la circulation sur la route rev\u00eatue et non num\u00e9rot\u00e9e pr\u00e8s du po...","breadcrumb":{"@id":"https:\/\/www.webdo.tn\/fr\/actualite\/national\/tunisie-liste-des-routes-coupees-a-a-cause-des-intemperies\/219047\/#breadcrumb"},"inLanguage":"fr-FR","potentialAction":[{"@type":"ReadAction","target":["https:\/\/www.webdo.tn\/fr\/actualite\/national\/tunisie-liste-des-routes-coupees-a-a-cause-des-intemperies\/219047\/"]}]},{"@type":"ImageObject","inLanguage":"fr-FR","@id":"https:\/\/www.webdo.tn\/fr\/actualite\/national\/tunisie-liste-des-routes-coupees-a-a-cause-des-intemperies\/219047\/#primaryimage","url":"https:\/\/www.webdo.tn\/fr\/wp-content\/uploads\/2025\/05\/b5065ca9c77e6abe9753154b267ba440-2.webp","contentUrl":"https:\/\/www.webdo.tn\/fr\/wp-content\/uploads\/2025\/05\/b5065ca9c77e6abe9753154b267ba440-2.webp","width":750,"height":400},{"@type":"BreadcrumbList","@id":"https:\/\/www.webdo.tn\/fr\/actualite\/national\/tunisie-liste-des-routes-coupees-a-a-cause-des-intemperies\/219047\/#breadcrumb","itemListElement":[{"@type":"ListItem","position":1,"name":"Accueil","item":"https:\/\/www.webdo.tn\/fr\/"},{"@type":"ListItem","position":2,"name":"Tunisie : Liste des routes coup\u00e9es \u00e0 cause des intemp\u00e9ries"}]},{"@type":"WebSite","@id":"https:\/\/www.webdo.tn\/fr\/#website","url":"https:\/\/www.webdo.tn\/fr\/","name":"webdo","description":"Tunisie - News en Tunisie et \u00e0 l&#039;international sur Webdo.tn","publisher":{"@id":"https:\/\/www.webdo.tn\/fr\/#organization"},"potentialAction":[{"@type":"SearchAction","target":{"@type":"EntryPoint","urlTemplate":"https:\/\/www.webdo.tn\/fr\/?s={search_term_string}"},"query-input":{"@type":"PropertyValueSpecification","valueRequired":true,"valueName":"search_term_string"}}],"inLanguage":"fr-FR"},{"@type":"Organization","@id":"https:\/\/www.webdo.tn\/fr\/#organization","name":"Webdo","alternateName":"Webdo.tn","url":"https:\/\/www.webdo.tn\/fr\/","logo":{"@type":"ImageObject","inLanguage":"fr-FR","@id":"https:\/\/www.webdo.tn\/fr\/#\/schema\/logo\/image\/","url":"https:\/\/www.webdo.tn\/fr\/wp-content\/uploads\/2025\/06\/Webdo-Tunisie_168377.jpg","contentUrl":"https:\/\/www.webdo.tn\/fr\/wp-content\/uploads\/2025\/06\/Webdo-Tunisie_168377.jpg","width":301,"height":301,"caption":"Webdo"},"image":{"@id":"https:\/\/www.webdo.tn\/fr\/#\/schema\/logo\/image\/"},"sameAs":["https:\/\/www.facebook.com\/webdotn","https:\/\/x.com\/webdo_tn"],"description":"Webdo est un m\u00e9dia num\u00e9rique tunisien fond\u00e9 en 2010, sp\u00e9cialis\u00e9 dans l\u2019actualit\u00e9 nationale et internationale, l\u2019\u00e9conomie, la soci\u00e9t\u00e9 et les analyses politiques. Le site s\u2019adresse \u00e0 un large public francophone et couvre l\u2019information tunisienne en temps r\u00e9el.","email":"redac@webdo.tn","legalName":"YNJ SARL","foundingDate":"2010-09-06","numberOfEmployees":{"@type":"QuantitativeValue","minValue":"11","maxValue":"50"}},{"@type":"Person","@id":"https:\/\/www.webdo.tn\/fr\/#\/schema\/person\/82ca085b22037d285e1a3c4b65ba5f71","name":"KJ","image":{"@type":"ImageObject","inLanguage":"fr-FR","@id":"https:\/\/secure.gravatar.com\/avatar\/1a1320de1c1971c893f00068f760b4113d69504aa21273da17ee95650c5944fd?s=96&d=mm&r=g","url":"https:\/\/secure.gravatar.com\/avatar\/1a1320de1c1971c893f00068f760b4113d69504aa21273da17ee95650c5944fd?s=96&d=mm&r=g","contentUrl":"https:\/\/secure.gravatar.com\/avatar\/1a1320de1c1971c893f00068f760b4113d69504aa21273da17ee95650c5944fd?s=96&d=mm&r=g","caption":"KJ"},"url":"https:\/\/www.webdo.tn\/fr\/actualite\/author\/kj\/"}]}},"_links":{"self":[{"href":"https:\/\/www.webdo.tn\/fr\/wp-json\/wp\/v2\/posts\/219047","targetHints":{"allow":["GET"]}}],"collection":[{"href":"https:\/\/www.webdo.tn\/fr\/wp-json\/wp\/v2\/posts"}],"about":[{"href":"https:\/\/www.webdo.tn\/fr\/wp-json\/wp\/v2\/types\/post"}],"author":[{"embeddable":true,"href":"https:\/\/www.webdo.tn\/fr\/wp-json\/wp\/v2\/users\/3163"}],"replies":[{"embeddable":true,"href":"https:\/\/www.webdo.tn\/fr\/wp-json\/wp\/v2\/comments?post=219047"}],"version-history":[{"count":0,"href":"https:\/\/www.webdo.tn\/fr\/wp-json\/wp\/v2\/posts\/219047\/revisions"}],"wp:featuredmedia":[{"embeddable":true,"href":"https:\/\/www.webdo.tn\/fr\/wp-json\/wp\/v2\/media\/242876"}],"wp:attachment":[{"href":"https:\/\/www.webdo.tn\/fr\/wp-json\/wp\/v2\/media?parent=219047"}],"wp:term":[{"taxonomy":"category","embeddable":true,"href":"https:\/\/www.webdo.tn\/fr\/wp-json\/wp\/v2\/categories?post=219047"},{"taxonomy":"post_tag","embeddable":true,"href":"https:\/\/www.webdo.tn\/fr\/wp-json\/wp\/v2\/tags?post=219047"}],"curies":[{"name":"wp","href":"https:\/\/api.w.org\/{rel}","templated":true}]}}