{"id":219044,"date":"2025-01-13T20:49:00","date_gmt":"2025-01-13T20:49:00","guid":{"rendered":"https:\/\/www.webdo.tn\/fr\/blog\/2025\/01\/13\/tunisie-vers-un-renforcement-de-la-production-locale-de-vaccins\/"},"modified":"2025-05-21T09:00:41","modified_gmt":"2025-05-21T09:00:41","slug":"tunisie-vers-un-renforcement-de-la-production-locale-de-vaccins","status":"publish","type":"post","link":"https:\/\/www.webdo.tn\/fr\/actualite\/national\/tunisie-vers-un-renforcement-de-la-production-locale-de-vaccins\/219044\/","title":{"rendered":"Tunisie : Vers un renforcement de la production locale de vaccins"},"content":{"rendered":"<p>Le minist\u00e8re de la Sant\u00e9 a tenu, lundi 13 janvier 2025, une r\u00e9union au si\u00e8ge du minist\u00e8re pour examiner les moyens de d\u00e9velopper la production locale de vaccins et de m\u00e9dicaments biologiques \u00e0 l\u2019Institut Pasteur de Tunis.<\/p>\n<p>Ce projet, pr\u00e9sent\u00e9 comme une priorit\u00e9 nationale, s\u2019inscrit dans une strat\u00e9gie visant \u00e0 r\u00e9pondre aux d\u00e9fis sanitaires mondiaux tout en renfor\u00e7ant la s\u00e9curit\u00e9 sanitaire du pays.<\/p>\n<p>La r\u00e9union a permis d\u2019annoncer plusieurs mesures concr\u00e8tes :<\/p>\n<p>\tNum\u00e9risation des processus de production pour am\u00e9liorer l\u2019efficacit\u00e9 et la qualit\u00e9 des vaccins.<br \/>\n\tAvancement du projet mRNA, consid\u00e9r\u00e9 comme essentiel pour le d\u00e9veloppement de vaccins innovants.<br \/>\n\t\u00c9tude de faisabilit\u00e9 pour localiser la fabrication de m\u00e9dicaments biologiques en Tunisie.<br \/>\n\tRenforcement des recherches sur les technologies mRNA, en phase avec les \u00e9volutions mondiales.<br \/>\n\tFormations et collaborations pour renforcer les comp\u00e9tences locales et int\u00e9grer des expertises internationales.<\/p>\n<p>Partenariats internationaux<\/p>\n<p>L\u2019Institut Pasteur de Tunis b\u00e9n\u00e9ficie du soutien d\u2019accords sign\u00e9s avec des instituts internationaux, tels que ceux de Paris, Dakar, Cor\u00e9e et la Fondation Fiocruz du Br\u00e9sil. Ces partenariats, \u00e9tablis en octobre 2024 lors du sommet annuel de la R\u00e9seau des Instituts Pasteur, visent \u00e0 d\u00e9velopper des recherches conjointes, notamment sur les vaccins bas\u00e9s sur la technologie de l\u2019ARN messager.<\/p>\n<p>Vers une position r\u00e9gionale strat\u00e9gique<\/p>\n<p>Le ministre de la Sant\u00e9 a soulign\u00e9 l\u2019importance de cette initiative pour positionner l\u2019Institut Pasteur de Tunis comme un centre r\u00e9gional d\u2019excellence en biotechnologie. En misant sur l\u2019innovation et la coop\u00e9ration internationale, la Tunisie ambitionne de devenir un acteur cl\u00e9 dans le domaine de la sant\u00e9 publique, tout en renfor\u00e7ant son ind\u00e9pendance sanitaire.<\/p>\n","protected":false},"excerpt":{"rendered":"<p>La Tunisie renforce sa production de vaccins gr\u00e2ce \u00e0 l&rsquo;Institut Pasteur. Objectifs : innovation technologique, s\u00e9curit\u00e9 sanitaire et partenariats internationaux&#8230;<\/p>\n","protected":false},"author":3166,"featured_media":242870,"comment_status":"open","ping_status":"open","sticky":false,"template":"","format":"standard","meta":{"footnotes":""},"categories":[44],"tags":[3838,2731,2608,3348],"class_list":["post-219044","post","type-post","status-publish","format-standard","has-post-thumbnail","hentry","category-national","tag-institut-pasteur","tag-sante","tag-tunisie","tag-vaccin"],"yoast_head":"<!-- This site is optimized with the Yoast SEO Premium plugin v27.4 (Yoast SEO v27.5) - https:\/\/yoast.com\/product\/yoast-seo-premium-wordpress\/ -->\n<title>Tunisie : Vers un renforcement de la production locale de vaccins<\/title>\n<meta name=\"description\" content=\"La Tunisie renforce sa production de vaccins gr\u00e2ce \u00e0 l&#039;Institut Pasteur. Objectifs : innovation technologique, s\u00e9curit\u00e9 sanitaire et partenariats internationaux...\" \/>\n<link rel=\"canonical\" href=\"https:\/\/www.webdo.tn\/fr\/actualite\/national\/tunisie-vers-un-renforcement-de-la-production-locale-de-vaccins\/219044\/\" \/>\n<meta property=\"og:locale\" content=\"fr_FR\" \/>\n<meta property=\"og:type\" content=\"article\" \/>\n<meta property=\"og:title\" content=\"Tunisie : Vers un renforcement de la production locale de vaccins\" \/>\n<meta property=\"og:description\" content=\"La Tunisie renforce sa production de vaccins gr\u00e2ce \u00e0 l&#039;Institut Pasteur. Objectifs : innovation technologique, s\u00e9curit\u00e9 sanitaire et partenariats internationaux...\" \/>\n<meta property=\"og:url\" content=\"https:\/\/www.webdo.tn\/fr\/actualite\/national\/tunisie-vers-un-renforcement-de-la-production-locale-de-vaccins\/219044\/\" \/>\n<meta property=\"og:site_name\" content=\"webdo\" \/>\n<meta property=\"article:publisher\" content=\"https:\/\/www.facebook.com\/webdotn\" \/>\n<meta property=\"article:published_time\" content=\"2025-01-13T20:49:00+00:00\" \/>\n<meta property=\"article:modified_time\" content=\"2025-05-21T09:00:41+00:00\" \/>\n<meta property=\"og:image\" content=\"https:\/\/www.webdo.tn\/fr\/wp-content\/uploads\/2025\/05\/8deabcf7078c80ef76567b97385656ac-2.webp\" \/>\n\t<meta property=\"og:image:width\" content=\"750\" \/>\n\t<meta property=\"og:image:height\" content=\"400\" \/>\n\t<meta property=\"og:image:type\" content=\"image\/webp\" \/>\n<meta name=\"author\" content=\"AZ\" \/>\n<meta name=\"twitter:card\" content=\"summary_large_image\" \/>\n<meta name=\"twitter:creator\" content=\"@webdo_tn\" \/>\n<meta name=\"twitter:site\" content=\"@webdo_tn\" \/>\n<meta name=\"twitter:label1\" content=\"\u00c9crit par\" \/>\n\t<meta name=\"twitter:data1\" content=\"AZ\" \/>\n\t<meta name=\"twitter:label2\" content=\"Dur\u00e9e de lecture estim\u00e9e\" \/>\n\t<meta name=\"twitter:data2\" content=\"1 minute\" \/>\n<script type=\"application\/ld+json\" class=\"yoast-schema-graph\">{\"@context\":\"https:\\\/\\\/schema.org\",\"@graph\":[{\"@type\":\"NewsArticle\",\"@id\":\"https:\\\/\\\/www.webdo.tn\\\/fr\\\/actualite\\\/national\\\/tunisie-vers-un-renforcement-de-la-production-locale-de-vaccins\\\/219044\\\/#article\",\"isPartOf\":{\"@id\":\"https:\\\/\\\/www.webdo.tn\\\/fr\\\/actualite\\\/national\\\/tunisie-vers-un-renforcement-de-la-production-locale-de-vaccins\\\/219044\\\/\"},\"author\":{\"name\":\"AZ\",\"@id\":\"https:\\\/\\\/www.webdo.tn\\\/fr\\\/#\\\/schema\\\/person\\\/b8a41c04d93287d375510db360906b34\"},\"headline\":\"Tunisie : Vers un renforcement de la production locale de vaccins\",\"datePublished\":\"2025-01-13T20:49:00+00:00\",\"dateModified\":\"2025-05-21T09:00:41+00:00\",\"mainEntityOfPage\":{\"@id\":\"https:\\\/\\\/www.webdo.tn\\\/fr\\\/actualite\\\/national\\\/tunisie-vers-un-renforcement-de-la-production-locale-de-vaccins\\\/219044\\\/\"},\"wordCount\":304,\"commentCount\":0,\"publisher\":{\"@id\":\"https:\\\/\\\/www.webdo.tn\\\/fr\\\/#organization\"},\"image\":{\"@id\":\"https:\\\/\\\/www.webdo.tn\\\/fr\\\/actualite\\\/national\\\/tunisie-vers-un-renforcement-de-la-production-locale-de-vaccins\\\/219044\\\/#primaryimage\"},\"thumbnailUrl\":\"https:\\\/\\\/www.webdo.tn\\\/fr\\\/wp-content\\\/uploads\\\/2025\\\/05\\\/8deabcf7078c80ef76567b97385656ac-2.webp\",\"keywords\":[\"Institut Pasteur\",\"Sant\u00e9\",\"Tunisie\",\"vaccin\"],\"articleSection\":[\"National\"],\"inLanguage\":\"fr-FR\"},{\"@type\":\"WebPage\",\"@id\":\"https:\\\/\\\/www.webdo.tn\\\/fr\\\/actualite\\\/national\\\/tunisie-vers-un-renforcement-de-la-production-locale-de-vaccins\\\/219044\\\/\",\"url\":\"https:\\\/\\\/www.webdo.tn\\\/fr\\\/actualite\\\/national\\\/tunisie-vers-un-renforcement-de-la-production-locale-de-vaccins\\\/219044\\\/\",\"name\":\"Tunisie : Vers un renforcement de la production locale de vaccins\",\"isPartOf\":{\"@id\":\"https:\\\/\\\/www.webdo.tn\\\/fr\\\/#website\"},\"primaryImageOfPage\":{\"@id\":\"https:\\\/\\\/www.webdo.tn\\\/fr\\\/actualite\\\/national\\\/tunisie-vers-un-renforcement-de-la-production-locale-de-vaccins\\\/219044\\\/#primaryimage\"},\"image\":{\"@id\":\"https:\\\/\\\/www.webdo.tn\\\/fr\\\/actualite\\\/national\\\/tunisie-vers-un-renforcement-de-la-production-locale-de-vaccins\\\/219044\\\/#primaryimage\"},\"thumbnailUrl\":\"https:\\\/\\\/www.webdo.tn\\\/fr\\\/wp-content\\\/uploads\\\/2025\\\/05\\\/8deabcf7078c80ef76567b97385656ac-2.webp\",\"datePublished\":\"2025-01-13T20:49:00+00:00\",\"dateModified\":\"2025-05-21T09:00:41+00:00\",\"description\":\"La Tunisie renforce sa production de vaccins gr\u00e2ce \u00e0 l'Institut Pasteur. Objectifs : innovation technologique, s\u00e9curit\u00e9 sanitaire et partenariats internationaux...\",\"breadcrumb\":{\"@id\":\"https:\\\/\\\/www.webdo.tn\\\/fr\\\/actualite\\\/national\\\/tunisie-vers-un-renforcement-de-la-production-locale-de-vaccins\\\/219044\\\/#breadcrumb\"},\"inLanguage\":\"fr-FR\",\"potentialAction\":[{\"@type\":\"ReadAction\",\"target\":[\"https:\\\/\\\/www.webdo.tn\\\/fr\\\/actualite\\\/national\\\/tunisie-vers-un-renforcement-de-la-production-locale-de-vaccins\\\/219044\\\/\"]}]},{\"@type\":\"ImageObject\",\"inLanguage\":\"fr-FR\",\"@id\":\"https:\\\/\\\/www.webdo.tn\\\/fr\\\/actualite\\\/national\\\/tunisie-vers-un-renforcement-de-la-production-locale-de-vaccins\\\/219044\\\/#primaryimage\",\"url\":\"https:\\\/\\\/www.webdo.tn\\\/fr\\\/wp-content\\\/uploads\\\/2025\\\/05\\\/8deabcf7078c80ef76567b97385656ac-2.webp\",\"contentUrl\":\"https:\\\/\\\/www.webdo.tn\\\/fr\\\/wp-content\\\/uploads\\\/2025\\\/05\\\/8deabcf7078c80ef76567b97385656ac-2.webp\",\"width\":750,\"height\":400},{\"@type\":\"BreadcrumbList\",\"@id\":\"https:\\\/\\\/www.webdo.tn\\\/fr\\\/actualite\\\/national\\\/tunisie-vers-un-renforcement-de-la-production-locale-de-vaccins\\\/219044\\\/#breadcrumb\",\"itemListElement\":[{\"@type\":\"ListItem\",\"position\":1,\"name\":\"Accueil\",\"item\":\"https:\\\/\\\/www.webdo.tn\\\/fr\\\/\"},{\"@type\":\"ListItem\",\"position\":2,\"name\":\"Tunisie : Vers un renforcement de la production locale de vaccins\"}]},{\"@type\":\"WebSite\",\"@id\":\"https:\\\/\\\/www.webdo.tn\\\/fr\\\/#website\",\"url\":\"https:\\\/\\\/www.webdo.tn\\\/fr\\\/\",\"name\":\"webdo\",\"description\":\"Tunisie - News en Tunisie et \u00e0 l&#039;international sur Webdo.tn\",\"publisher\":{\"@id\":\"https:\\\/\\\/www.webdo.tn\\\/fr\\\/#organization\"},\"potentialAction\":[{\"@type\":\"SearchAction\",\"target\":{\"@type\":\"EntryPoint\",\"urlTemplate\":\"https:\\\/\\\/www.webdo.tn\\\/fr\\\/?s={search_term_string}\"},\"query-input\":{\"@type\":\"PropertyValueSpecification\",\"valueRequired\":true,\"valueName\":\"search_term_string\"}}],\"inLanguage\":\"fr-FR\"},{\"@type\":\"Organization\",\"@id\":\"https:\\\/\\\/www.webdo.tn\\\/fr\\\/#organization\",\"name\":\"Webdo\",\"alternateName\":\"Webdo.tn\",\"url\":\"https:\\\/\\\/www.webdo.tn\\\/fr\\\/\",\"logo\":{\"@type\":\"ImageObject\",\"inLanguage\":\"fr-FR\",\"@id\":\"https:\\\/\\\/www.webdo.tn\\\/fr\\\/#\\\/schema\\\/logo\\\/image\\\/\",\"url\":\"https:\\\/\\\/www.webdo.tn\\\/fr\\\/wp-content\\\/uploads\\\/2025\\\/06\\\/Webdo-Tunisie_168377.jpg\",\"contentUrl\":\"https:\\\/\\\/www.webdo.tn\\\/fr\\\/wp-content\\\/uploads\\\/2025\\\/06\\\/Webdo-Tunisie_168377.jpg\",\"width\":301,\"height\":301,\"caption\":\"Webdo\"},\"image\":{\"@id\":\"https:\\\/\\\/www.webdo.tn\\\/fr\\\/#\\\/schema\\\/logo\\\/image\\\/\"},\"sameAs\":[\"https:\\\/\\\/www.facebook.com\\\/webdotn\",\"https:\\\/\\\/x.com\\\/webdo_tn\"],\"description\":\"Webdo est un m\u00e9dia num\u00e9rique tunisien fond\u00e9 en 2010, sp\u00e9cialis\u00e9 dans l\u2019actualit\u00e9 nationale et internationale, l\u2019\u00e9conomie, la soci\u00e9t\u00e9 et les analyses politiques. Le site s\u2019adresse \u00e0 un large public francophone et couvre l\u2019information tunisienne en temps r\u00e9el.\",\"email\":\"redac@webdo.tn\",\"legalName\":\"YNJ SARL\",\"foundingDate\":\"2010-09-06\",\"numberOfEmployees\":{\"@type\":\"QuantitativeValue\",\"minValue\":\"11\",\"maxValue\":\"50\"}},{\"@type\":\"Person\",\"@id\":\"https:\\\/\\\/www.webdo.tn\\\/fr\\\/#\\\/schema\\\/person\\\/b8a41c04d93287d375510db360906b34\",\"name\":\"AZ\",\"image\":{\"@type\":\"ImageObject\",\"inLanguage\":\"fr-FR\",\"@id\":\"https:\\\/\\\/secure.gravatar.com\\\/avatar\\\/492b80bada79439de4201dce15cd41eece6c277cfdf1b53382073c79105c1f89?s=96&d=mm&r=g\",\"url\":\"https:\\\/\\\/secure.gravatar.com\\\/avatar\\\/492b80bada79439de4201dce15cd41eece6c277cfdf1b53382073c79105c1f89?s=96&d=mm&r=g\",\"contentUrl\":\"https:\\\/\\\/secure.gravatar.com\\\/avatar\\\/492b80bada79439de4201dce15cd41eece6c277cfdf1b53382073c79105c1f89?s=96&d=mm&r=g\",\"caption\":\"AZ\"},\"url\":\"https:\\\/\\\/www.webdo.tn\\\/fr\\\/actualite\\\/author\\\/az\\\/\"}]}<\/script>\n<!-- \/ Yoast SEO Premium plugin. -->","yoast_head_json":{"title":"Tunisie : Vers un renforcement de la production locale de vaccins","description":"La Tunisie renforce sa production de vaccins gr\u00e2ce \u00e0 l'Institut Pasteur. Objectifs : innovation technologique, s\u00e9curit\u00e9 sanitaire et partenariats internationaux...","canonical":"https:\/\/www.webdo.tn\/fr\/actualite\/national\/tunisie-vers-un-renforcement-de-la-production-locale-de-vaccins\/219044\/","og_locale":"fr_FR","og_type":"article","og_title":"Tunisie : Vers un renforcement de la production locale de vaccins","og_description":"La Tunisie renforce sa production de vaccins gr\u00e2ce \u00e0 l'Institut Pasteur. Objectifs : innovation technologique, s\u00e9curit\u00e9 sanitaire et partenariats internationaux...","og_url":"https:\/\/www.webdo.tn\/fr\/actualite\/national\/tunisie-vers-un-renforcement-de-la-production-locale-de-vaccins\/219044\/","og_site_name":"webdo","article_publisher":"https:\/\/www.facebook.com\/webdotn","article_published_time":"2025-01-13T20:49:00+00:00","article_modified_time":"2025-05-21T09:00:41+00:00","og_image":[{"width":750,"height":400,"url":"https:\/\/www.webdo.tn\/fr\/wp-content\/uploads\/2025\/05\/8deabcf7078c80ef76567b97385656ac-2.webp","type":"image\/webp"}],"author":"AZ","twitter_card":"summary_large_image","twitter_creator":"@webdo_tn","twitter_site":"@webdo_tn","twitter_misc":{"\u00c9crit par":"AZ","Dur\u00e9e de lecture estim\u00e9e":"1 minute"},"schema":{"@context":"https:\/\/schema.org","@graph":[{"@type":"NewsArticle","@id":"https:\/\/www.webdo.tn\/fr\/actualite\/national\/tunisie-vers-un-renforcement-de-la-production-locale-de-vaccins\/219044\/#article","isPartOf":{"@id":"https:\/\/www.webdo.tn\/fr\/actualite\/national\/tunisie-vers-un-renforcement-de-la-production-locale-de-vaccins\/219044\/"},"author":{"name":"AZ","@id":"https:\/\/www.webdo.tn\/fr\/#\/schema\/person\/b8a41c04d93287d375510db360906b34"},"headline":"Tunisie : Vers un renforcement de la production locale de vaccins","datePublished":"2025-01-13T20:49:00+00:00","dateModified":"2025-05-21T09:00:41+00:00","mainEntityOfPage":{"@id":"https:\/\/www.webdo.tn\/fr\/actualite\/national\/tunisie-vers-un-renforcement-de-la-production-locale-de-vaccins\/219044\/"},"wordCount":304,"commentCount":0,"publisher":{"@id":"https:\/\/www.webdo.tn\/fr\/#organization"},"image":{"@id":"https:\/\/www.webdo.tn\/fr\/actualite\/national\/tunisie-vers-un-renforcement-de-la-production-locale-de-vaccins\/219044\/#primaryimage"},"thumbnailUrl":"https:\/\/www.webdo.tn\/fr\/wp-content\/uploads\/2025\/05\/8deabcf7078c80ef76567b97385656ac-2.webp","keywords":["Institut Pasteur","Sant\u00e9","Tunisie","vaccin"],"articleSection":["National"],"inLanguage":"fr-FR"},{"@type":"WebPage","@id":"https:\/\/www.webdo.tn\/fr\/actualite\/national\/tunisie-vers-un-renforcement-de-la-production-locale-de-vaccins\/219044\/","url":"https:\/\/www.webdo.tn\/fr\/actualite\/national\/tunisie-vers-un-renforcement-de-la-production-locale-de-vaccins\/219044\/","name":"Tunisie : Vers un renforcement de la production locale de vaccins","isPartOf":{"@id":"https:\/\/www.webdo.tn\/fr\/#website"},"primaryImageOfPage":{"@id":"https:\/\/www.webdo.tn\/fr\/actualite\/national\/tunisie-vers-un-renforcement-de-la-production-locale-de-vaccins\/219044\/#primaryimage"},"image":{"@id":"https:\/\/www.webdo.tn\/fr\/actualite\/national\/tunisie-vers-un-renforcement-de-la-production-locale-de-vaccins\/219044\/#primaryimage"},"thumbnailUrl":"https:\/\/www.webdo.tn\/fr\/wp-content\/uploads\/2025\/05\/8deabcf7078c80ef76567b97385656ac-2.webp","datePublished":"2025-01-13T20:49:00+00:00","dateModified":"2025-05-21T09:00:41+00:00","description":"La Tunisie renforce sa production de vaccins gr\u00e2ce \u00e0 l'Institut Pasteur. Objectifs : innovation technologique, s\u00e9curit\u00e9 sanitaire et partenariats internationaux...","breadcrumb":{"@id":"https:\/\/www.webdo.tn\/fr\/actualite\/national\/tunisie-vers-un-renforcement-de-la-production-locale-de-vaccins\/219044\/#breadcrumb"},"inLanguage":"fr-FR","potentialAction":[{"@type":"ReadAction","target":["https:\/\/www.webdo.tn\/fr\/actualite\/national\/tunisie-vers-un-renforcement-de-la-production-locale-de-vaccins\/219044\/"]}]},{"@type":"ImageObject","inLanguage":"fr-FR","@id":"https:\/\/www.webdo.tn\/fr\/actualite\/national\/tunisie-vers-un-renforcement-de-la-production-locale-de-vaccins\/219044\/#primaryimage","url":"https:\/\/www.webdo.tn\/fr\/wp-content\/uploads\/2025\/05\/8deabcf7078c80ef76567b97385656ac-2.webp","contentUrl":"https:\/\/www.webdo.tn\/fr\/wp-content\/uploads\/2025\/05\/8deabcf7078c80ef76567b97385656ac-2.webp","width":750,"height":400},{"@type":"BreadcrumbList","@id":"https:\/\/www.webdo.tn\/fr\/actualite\/national\/tunisie-vers-un-renforcement-de-la-production-locale-de-vaccins\/219044\/#breadcrumb","itemListElement":[{"@type":"ListItem","position":1,"name":"Accueil","item":"https:\/\/www.webdo.tn\/fr\/"},{"@type":"ListItem","position":2,"name":"Tunisie : Vers un renforcement de la production locale de vaccins"}]},{"@type":"WebSite","@id":"https:\/\/www.webdo.tn\/fr\/#website","url":"https:\/\/www.webdo.tn\/fr\/","name":"webdo","description":"Tunisie - News en Tunisie et \u00e0 l&#039;international sur Webdo.tn","publisher":{"@id":"https:\/\/www.webdo.tn\/fr\/#organization"},"potentialAction":[{"@type":"SearchAction","target":{"@type":"EntryPoint","urlTemplate":"https:\/\/www.webdo.tn\/fr\/?s={search_term_string}"},"query-input":{"@type":"PropertyValueSpecification","valueRequired":true,"valueName":"search_term_string"}}],"inLanguage":"fr-FR"},{"@type":"Organization","@id":"https:\/\/www.webdo.tn\/fr\/#organization","name":"Webdo","alternateName":"Webdo.tn","url":"https:\/\/www.webdo.tn\/fr\/","logo":{"@type":"ImageObject","inLanguage":"fr-FR","@id":"https:\/\/www.webdo.tn\/fr\/#\/schema\/logo\/image\/","url":"https:\/\/www.webdo.tn\/fr\/wp-content\/uploads\/2025\/06\/Webdo-Tunisie_168377.jpg","contentUrl":"https:\/\/www.webdo.tn\/fr\/wp-content\/uploads\/2025\/06\/Webdo-Tunisie_168377.jpg","width":301,"height":301,"caption":"Webdo"},"image":{"@id":"https:\/\/www.webdo.tn\/fr\/#\/schema\/logo\/image\/"},"sameAs":["https:\/\/www.facebook.com\/webdotn","https:\/\/x.com\/webdo_tn"],"description":"Webdo est un m\u00e9dia num\u00e9rique tunisien fond\u00e9 en 2010, sp\u00e9cialis\u00e9 dans l\u2019actualit\u00e9 nationale et internationale, l\u2019\u00e9conomie, la soci\u00e9t\u00e9 et les analyses politiques. Le site s\u2019adresse \u00e0 un large public francophone et couvre l\u2019information tunisienne en temps r\u00e9el.","email":"redac@webdo.tn","legalName":"YNJ SARL","foundingDate":"2010-09-06","numberOfEmployees":{"@type":"QuantitativeValue","minValue":"11","maxValue":"50"}},{"@type":"Person","@id":"https:\/\/www.webdo.tn\/fr\/#\/schema\/person\/b8a41c04d93287d375510db360906b34","name":"AZ","image":{"@type":"ImageObject","inLanguage":"fr-FR","@id":"https:\/\/secure.gravatar.com\/avatar\/492b80bada79439de4201dce15cd41eece6c277cfdf1b53382073c79105c1f89?s=96&d=mm&r=g","url":"https:\/\/secure.gravatar.com\/avatar\/492b80bada79439de4201dce15cd41eece6c277cfdf1b53382073c79105c1f89?s=96&d=mm&r=g","contentUrl":"https:\/\/secure.gravatar.com\/avatar\/492b80bada79439de4201dce15cd41eece6c277cfdf1b53382073c79105c1f89?s=96&d=mm&r=g","caption":"AZ"},"url":"https:\/\/www.webdo.tn\/fr\/actualite\/author\/az\/"}]}},"_links":{"self":[{"href":"https:\/\/www.webdo.tn\/fr\/wp-json\/wp\/v2\/posts\/219044","targetHints":{"allow":["GET"]}}],"collection":[{"href":"https:\/\/www.webdo.tn\/fr\/wp-json\/wp\/v2\/posts"}],"about":[{"href":"https:\/\/www.webdo.tn\/fr\/wp-json\/wp\/v2\/types\/post"}],"author":[{"embeddable":true,"href":"https:\/\/www.webdo.tn\/fr\/wp-json\/wp\/v2\/users\/3166"}],"replies":[{"embeddable":true,"href":"https:\/\/www.webdo.tn\/fr\/wp-json\/wp\/v2\/comments?post=219044"}],"version-history":[{"count":0,"href":"https:\/\/www.webdo.tn\/fr\/wp-json\/wp\/v2\/posts\/219044\/revisions"}],"wp:featuredmedia":[{"embeddable":true,"href":"https:\/\/www.webdo.tn\/fr\/wp-json\/wp\/v2\/media\/242870"}],"wp:attachment":[{"href":"https:\/\/www.webdo.tn\/fr\/wp-json\/wp\/v2\/media?parent=219044"}],"wp:term":[{"taxonomy":"category","embeddable":true,"href":"https:\/\/www.webdo.tn\/fr\/wp-json\/wp\/v2\/categories?post=219044"},{"taxonomy":"post_tag","embeddable":true,"href":"https:\/\/www.webdo.tn\/fr\/wp-json\/wp\/v2\/tags?post=219044"}],"curies":[{"name":"wp","href":"https:\/\/api.w.org\/{rel}","templated":true}]}}