{"id":218999,"date":"2025-01-11T10:37:00","date_gmt":"2025-01-11T10:37:00","guid":{"rendered":"https:\/\/www.webdo.tn\/fr\/blog\/tunisie-le-president-kais-saied-appelle-a-une-reforme-legislative-economique-et-sociale\/218999\/"},"modified":"2025-05-20T22:15:55","modified_gmt":"2025-05-20T22:15:55","slug":"tunisie-le-president-kais-saied-appelle-a-une-reforme-legislative-economique-et-sociale","status":"publish","type":"post","link":"https:\/\/www.webdo.tn\/fr\/actualite\/national\/tunisie-le-president-kais-saied-appelle-a-une-reforme-legislative-economique-et-sociale\/218999\/","title":{"rendered":"Tunisie : Le pr\u00e9sident Kais Saied appelle \u00e0 une r\u00e9forme l\u00e9gislative \u00e9conomique et sociale"},"content":{"rendered":"<p>Le pr\u00e9sident de la R\u00e9publique, Kais Saied, a tenu une r\u00e9union ce vendredi 10 janvier 2025 au palais de Carthage avec le chef du gouvernement, Kamel Maddouri, et le ministre des Affaires sociales, Issam Lahmar.<\/p>\n<p>\t\t\t\t\t\t\t\t\tLors de cette rencontre, le pr\u00e9sident a insist\u00e9 sur la n\u00e9cessit\u00e9 d\u2019adopter de nouvelles l\u00e9gislations \u00e0 la hauteur des attentes du peuple tunisien. Il a soulign\u00e9 l\u2019importance de rompre avec les demi-mesures, affirmant que la r\u00e9volution l\u00e9gislative exige une rupture nette avec les lois obsol\u00e8tes, notamment dans les domaines \u00e9conomique et social, indique un communiqu\u00e9 de la Pr\u00e9sidence de la R\u00e9publique.<\/p>\n<p>Parmi les priorit\u00e9s abord\u00e9es, le chef de l\u2019\u00c9tat a mis l\u2019accent sur \u00ab\u00a0la n\u00e9cessit\u00e9 de mettre fin d\u00e9finitivement \u00e0 la sous-traitance dans les secteurs public et priv\u00e9, tout en garantissant les droits des travailleurs affect\u00e9s par ces pratiques. Il a insist\u00e9 sur l\u2019importance d\u2019indemniser \u00e0 juste titre chaque goutte de sueur, estimant qu\u2019il ne peut y avoir de stabilit\u00e9 sociale sans justice ni \u00e9quit\u00e9\u00a0\u00bb.<\/p>\n<p>\u00ab\u00a0Tout comme l\u2019employeur aspire \u00e0 la stabilit\u00e9 de son entreprise, le travailleur a droit \u00e0 une vie stable, \u00e0 la dignit\u00e9 et \u00e0 la pr\u00e9servation de ses droits\u00a0\u00bb, a d\u00e9clar\u00e9 le pr\u00e9sident. Cette vision r\u00e9affirme l\u2019engagement de l\u2019Etat \u00e0 renforcer la justice sociale et \u00e0 promouvoir des conditions de travail \u00e9quitables pour tous les citoyens.<\/p>\n","protected":false},"excerpt":{"rendered":"<p>Le pr\u00e9sident a insist\u00e9 sur la n\u00e9cessit\u00e9 d\u2019adopter de nouvelles l\u00e9gislations \u00e0 la hauteur des attentes du peuple tunisien. Il a soulign\u00e9 l\u2019importance de rompre a&#8230;<\/p>\n","protected":false},"author":3162,"featured_media":291669,"comment_status":"open","ping_status":"closed","sticky":false,"template":"","format":"standard","meta":{"footnotes":""},"categories":[44],"tags":[3310,2614,4620,9464,2608],"class_list":["post-218999","post","type-post","status-publish","format-standard","has-post-thumbnail","hentry","category-national","tag-droits","tag-kais-saied","tag-legislation","tag-travailleurs","tag-tunisie"],"yoast_head":"<!-- This site is optimized with the Yoast SEO Premium plugin v27.5 (Yoast SEO v27.5) - https:\/\/yoast.com\/product\/yoast-seo-premium-wordpress\/ -->\n<title>Tunisie : Le pr\u00e9sident Kais Saied appelle \u00e0 une r\u00e9forme l\u00e9gislative \u00e9conomique et sociale<\/title>\n<meta name=\"description\" content=\"Le pr\u00e9sident a insist\u00e9 sur la n\u00e9cessit\u00e9 d\u2019adopter de nouvelles l\u00e9gislations \u00e0 la hauteur des attentes du peuple tunisien. Il a soulign\u00e9 l\u2019importance de rompre a...\" \/>\n<link rel=\"canonical\" href=\"https:\/\/www.webdo.tn\/fr\/actualite\/national\/tunisie-le-president-kais-saied-appelle-a-une-reforme-legislative-economique-et-sociale\/218999\/\" \/>\n<meta property=\"og:locale\" content=\"fr_FR\" \/>\n<meta property=\"og:type\" content=\"article\" \/>\n<meta property=\"og:title\" content=\"Tunisie : Le pr\u00e9sident Kais Saied appelle \u00e0 une r\u00e9forme l\u00e9gislative \u00e9conomique et sociale\" \/>\n<meta property=\"og:description\" content=\"Le pr\u00e9sident a insist\u00e9 sur la n\u00e9cessit\u00e9 d\u2019adopter de nouvelles l\u00e9gislations \u00e0 la hauteur des attentes du peuple tunisien. Il a soulign\u00e9 l\u2019importance de rompre a...\" \/>\n<meta property=\"og:url\" content=\"https:\/\/www.webdo.tn\/fr\/actualite\/national\/tunisie-le-president-kais-saied-appelle-a-une-reforme-legislative-economique-et-sociale\/218999\/\" \/>\n<meta property=\"og:site_name\" content=\"webdo\" \/>\n<meta property=\"article:publisher\" content=\"https:\/\/www.facebook.com\/webdotn\" \/>\n<meta property=\"article:published_time\" content=\"2025-01-11T10:37:00+00:00\" \/>\n<meta property=\"article:modified_time\" content=\"2025-05-20T22:15:55+00:00\" \/>\n<meta property=\"og:image\" content=\"https:\/\/www.webdo.tn\/fr\/wp-content\/uploads\/2025\/01\/9a37e8ef3b3e664e88bac11569431420.webp\" \/>\n\t<meta property=\"og:image:width\" content=\"750\" \/>\n\t<meta property=\"og:image:height\" content=\"400\" \/>\n\t<meta property=\"og:image:type\" content=\"image\/webp\" \/>\n<meta name=\"author\" content=\"MC\" \/>\n<meta name=\"twitter:card\" content=\"summary_large_image\" \/>\n<meta name=\"twitter:creator\" content=\"@webdo_tn\" \/>\n<meta name=\"twitter:site\" content=\"@webdo_tn\" \/>\n<meta name=\"twitter:label1\" content=\"\u00c9crit par\" \/>\n\t<meta name=\"twitter:data1\" content=\"MC\" \/>\n\t<meta name=\"twitter:label2\" content=\"Dur\u00e9e de lecture estim\u00e9e\" \/>\n\t<meta name=\"twitter:data2\" content=\"1 minute\" \/>\n<script type=\"application\/ld+json\" class=\"yoast-schema-graph\">{\"@context\":\"https:\\\/\\\/schema.org\",\"@graph\":[{\"@type\":\"NewsArticle\",\"@id\":\"https:\\\/\\\/www.webdo.tn\\\/fr\\\/actualite\\\/national\\\/tunisie-le-president-kais-saied-appelle-a-une-reforme-legislative-economique-et-sociale\\\/218999\\\/#article\",\"isPartOf\":{\"@id\":\"https:\\\/\\\/www.webdo.tn\\\/fr\\\/actualite\\\/national\\\/tunisie-le-president-kais-saied-appelle-a-une-reforme-legislative-economique-et-sociale\\\/218999\\\/\"},\"author\":{\"name\":\"MC\",\"@id\":\"https:\\\/\\\/www.webdo.tn\\\/fr\\\/#\\\/schema\\\/person\\\/2c4929cbf5a809e3bd38617c6ce150f6\"},\"headline\":\"Tunisie : Le pr\u00e9sident Kais Saied appelle \u00e0 une r\u00e9forme l\u00e9gislative \u00e9conomique et sociale\",\"datePublished\":\"2025-01-11T10:37:00+00:00\",\"dateModified\":\"2025-05-20T22:15:55+00:00\",\"mainEntityOfPage\":{\"@id\":\"https:\\\/\\\/www.webdo.tn\\\/fr\\\/actualite\\\/national\\\/tunisie-le-president-kais-saied-appelle-a-une-reforme-legislative-economique-et-sociale\\\/218999\\\/\"},\"wordCount\":249,\"commentCount\":0,\"publisher\":{\"@id\":\"https:\\\/\\\/www.webdo.tn\\\/fr\\\/#organization\"},\"image\":{\"@id\":\"https:\\\/\\\/www.webdo.tn\\\/fr\\\/actualite\\\/national\\\/tunisie-le-president-kais-saied-appelle-a-une-reforme-legislative-economique-et-sociale\\\/218999\\\/#primaryimage\"},\"thumbnailUrl\":\"https:\\\/\\\/www.webdo.tn\\\/fr\\\/wp-content\\\/uploads\\\/2025\\\/01\\\/9a37e8ef3b3e664e88bac11569431420.webp\",\"keywords\":[\"droits\",\"Kais Saied\",\"l\u00e9gislation\",\"travailleurs\",\"Tunisie\"],\"articleSection\":[\"National\"],\"inLanguage\":\"fr-FR\"},{\"@type\":\"WebPage\",\"@id\":\"https:\\\/\\\/www.webdo.tn\\\/fr\\\/actualite\\\/national\\\/tunisie-le-president-kais-saied-appelle-a-une-reforme-legislative-economique-et-sociale\\\/218999\\\/\",\"url\":\"https:\\\/\\\/www.webdo.tn\\\/fr\\\/actualite\\\/national\\\/tunisie-le-president-kais-saied-appelle-a-une-reforme-legislative-economique-et-sociale\\\/218999\\\/\",\"name\":\"Tunisie : Le pr\u00e9sident Kais Saied appelle \u00e0 une r\u00e9forme l\u00e9gislative \u00e9conomique et sociale\",\"isPartOf\":{\"@id\":\"https:\\\/\\\/www.webdo.tn\\\/fr\\\/#website\"},\"primaryImageOfPage\":{\"@id\":\"https:\\\/\\\/www.webdo.tn\\\/fr\\\/actualite\\\/national\\\/tunisie-le-president-kais-saied-appelle-a-une-reforme-legislative-economique-et-sociale\\\/218999\\\/#primaryimage\"},\"image\":{\"@id\":\"https:\\\/\\\/www.webdo.tn\\\/fr\\\/actualite\\\/national\\\/tunisie-le-president-kais-saied-appelle-a-une-reforme-legislative-economique-et-sociale\\\/218999\\\/#primaryimage\"},\"thumbnailUrl\":\"https:\\\/\\\/www.webdo.tn\\\/fr\\\/wp-content\\\/uploads\\\/2025\\\/01\\\/9a37e8ef3b3e664e88bac11569431420.webp\",\"datePublished\":\"2025-01-11T10:37:00+00:00\",\"dateModified\":\"2025-05-20T22:15:55+00:00\",\"description\":\"Le pr\u00e9sident a insist\u00e9 sur la n\u00e9cessit\u00e9 d\u2019adopter de nouvelles l\u00e9gislations \u00e0 la hauteur des attentes du peuple tunisien. Il a soulign\u00e9 l\u2019importance de rompre a...\",\"breadcrumb\":{\"@id\":\"https:\\\/\\\/www.webdo.tn\\\/fr\\\/actualite\\\/national\\\/tunisie-le-president-kais-saied-appelle-a-une-reforme-legislative-economique-et-sociale\\\/218999\\\/#breadcrumb\"},\"inLanguage\":\"fr-FR\",\"potentialAction\":[{\"@type\":\"ReadAction\",\"target\":[\"https:\\\/\\\/www.webdo.tn\\\/fr\\\/actualite\\\/national\\\/tunisie-le-president-kais-saied-appelle-a-une-reforme-legislative-economique-et-sociale\\\/218999\\\/\"]}]},{\"@type\":\"ImageObject\",\"inLanguage\":\"fr-FR\",\"@id\":\"https:\\\/\\\/www.webdo.tn\\\/fr\\\/actualite\\\/national\\\/tunisie-le-president-kais-saied-appelle-a-une-reforme-legislative-economique-et-sociale\\\/218999\\\/#primaryimage\",\"url\":\"https:\\\/\\\/www.webdo.tn\\\/fr\\\/wp-content\\\/uploads\\\/2025\\\/01\\\/9a37e8ef3b3e664e88bac11569431420.webp\",\"contentUrl\":\"https:\\\/\\\/www.webdo.tn\\\/fr\\\/wp-content\\\/uploads\\\/2025\\\/01\\\/9a37e8ef3b3e664e88bac11569431420.webp\",\"width\":750,\"height\":400,\"caption\":\"Tunisie : Le pr\u00e9sident Kais Saied appelle \u00e0 une r\u00e9forme l\u00e9gislative \u00e9conomique et sociale\"},{\"@type\":\"BreadcrumbList\",\"@id\":\"https:\\\/\\\/www.webdo.tn\\\/fr\\\/actualite\\\/national\\\/tunisie-le-president-kais-saied-appelle-a-une-reforme-legislative-economique-et-sociale\\\/218999\\\/#breadcrumb\",\"itemListElement\":[{\"@type\":\"ListItem\",\"position\":1,\"name\":\"Accueil\",\"item\":\"https:\\\/\\\/www.webdo.tn\\\/fr\\\/\"},{\"@type\":\"ListItem\",\"position\":2,\"name\":\"Tunisie : Le pr\u00e9sident Kais Saied appelle \u00e0 une r\u00e9forme l\u00e9gislative \u00e9conomique et sociale\"}]},{\"@type\":\"WebSite\",\"@id\":\"https:\\\/\\\/www.webdo.tn\\\/fr\\\/#website\",\"url\":\"https:\\\/\\\/www.webdo.tn\\\/fr\\\/\",\"name\":\"webdo\",\"description\":\"Tunisie - News en Tunisie et \u00e0 l&#039;international sur Webdo.tn\",\"publisher\":{\"@id\":\"https:\\\/\\\/www.webdo.tn\\\/fr\\\/#organization\"},\"potentialAction\":[{\"@type\":\"SearchAction\",\"target\":{\"@type\":\"EntryPoint\",\"urlTemplate\":\"https:\\\/\\\/www.webdo.tn\\\/fr\\\/?s={search_term_string}\"},\"query-input\":{\"@type\":\"PropertyValueSpecification\",\"valueRequired\":true,\"valueName\":\"search_term_string\"}}],\"inLanguage\":\"fr-FR\"},{\"@type\":\"Organization\",\"@id\":\"https:\\\/\\\/www.webdo.tn\\\/fr\\\/#organization\",\"name\":\"Webdo\",\"alternateName\":\"Webdo.tn\",\"url\":\"https:\\\/\\\/www.webdo.tn\\\/fr\\\/\",\"logo\":{\"@type\":\"ImageObject\",\"inLanguage\":\"fr-FR\",\"@id\":\"https:\\\/\\\/www.webdo.tn\\\/fr\\\/#\\\/schema\\\/logo\\\/image\\\/\",\"url\":\"https:\\\/\\\/www.webdo.tn\\\/fr\\\/wp-content\\\/uploads\\\/2025\\\/06\\\/Webdo-Tunisie_168377.jpg\",\"contentUrl\":\"https:\\\/\\\/www.webdo.tn\\\/fr\\\/wp-content\\\/uploads\\\/2025\\\/06\\\/Webdo-Tunisie_168377.jpg\",\"width\":301,\"height\":301,\"caption\":\"Webdo\"},\"image\":{\"@id\":\"https:\\\/\\\/www.webdo.tn\\\/fr\\\/#\\\/schema\\\/logo\\\/image\\\/\"},\"sameAs\":[\"https:\\\/\\\/www.facebook.com\\\/webdotn\",\"https:\\\/\\\/x.com\\\/webdo_tn\"],\"description\":\"Webdo est un m\u00e9dia num\u00e9rique tunisien fond\u00e9 en 2010, sp\u00e9cialis\u00e9 dans l\u2019actualit\u00e9 nationale et internationale, l\u2019\u00e9conomie, la soci\u00e9t\u00e9 et les analyses politiques. Le site s\u2019adresse \u00e0 un large public francophone et couvre l\u2019information tunisienne en temps r\u00e9el.\",\"email\":\"redac@webdo.tn\",\"legalName\":\"YNJ SARL\",\"foundingDate\":\"2010-09-06\",\"numberOfEmployees\":{\"@type\":\"QuantitativeValue\",\"minValue\":\"11\",\"maxValue\":\"50\"}},{\"@type\":\"Person\",\"@id\":\"https:\\\/\\\/www.webdo.tn\\\/fr\\\/#\\\/schema\\\/person\\\/2c4929cbf5a809e3bd38617c6ce150f6\",\"name\":\"MC\",\"image\":{\"@type\":\"ImageObject\",\"inLanguage\":\"fr-FR\",\"@id\":\"https:\\\/\\\/secure.gravatar.com\\\/avatar\\\/a545bbb6f84efdd5553dbbc2895e3ca8f1d12c5215e00a041c9670b54aa9b18a?s=96&d=mm&r=g\",\"url\":\"https:\\\/\\\/secure.gravatar.com\\\/avatar\\\/a545bbb6f84efdd5553dbbc2895e3ca8f1d12c5215e00a041c9670b54aa9b18a?s=96&d=mm&r=g\",\"contentUrl\":\"https:\\\/\\\/secure.gravatar.com\\\/avatar\\\/a545bbb6f84efdd5553dbbc2895e3ca8f1d12c5215e00a041c9670b54aa9b18a?s=96&d=mm&r=g\",\"caption\":\"MC\"},\"url\":\"https:\\\/\\\/www.webdo.tn\\\/fr\\\/actualite\\\/author\\\/mc\\\/\"}]}<\/script>\n<!-- \/ Yoast SEO Premium plugin. -->","yoast_head_json":{"title":"Tunisie : Le pr\u00e9sident Kais Saied appelle \u00e0 une r\u00e9forme l\u00e9gislative \u00e9conomique et sociale","description":"Le pr\u00e9sident a insist\u00e9 sur la n\u00e9cessit\u00e9 d\u2019adopter de nouvelles l\u00e9gislations \u00e0 la hauteur des attentes du peuple tunisien. Il a soulign\u00e9 l\u2019importance de rompre a...","canonical":"https:\/\/www.webdo.tn\/fr\/actualite\/national\/tunisie-le-president-kais-saied-appelle-a-une-reforme-legislative-economique-et-sociale\/218999\/","og_locale":"fr_FR","og_type":"article","og_title":"Tunisie : Le pr\u00e9sident Kais Saied appelle \u00e0 une r\u00e9forme l\u00e9gislative \u00e9conomique et sociale","og_description":"Le pr\u00e9sident a insist\u00e9 sur la n\u00e9cessit\u00e9 d\u2019adopter de nouvelles l\u00e9gislations \u00e0 la hauteur des attentes du peuple tunisien. Il a soulign\u00e9 l\u2019importance de rompre a...","og_url":"https:\/\/www.webdo.tn\/fr\/actualite\/national\/tunisie-le-president-kais-saied-appelle-a-une-reforme-legislative-economique-et-sociale\/218999\/","og_site_name":"webdo","article_publisher":"https:\/\/www.facebook.com\/webdotn","article_published_time":"2025-01-11T10:37:00+00:00","article_modified_time":"2025-05-20T22:15:55+00:00","og_image":[{"width":750,"height":400,"url":"https:\/\/www.webdo.tn\/fr\/wp-content\/uploads\/2025\/01\/9a37e8ef3b3e664e88bac11569431420.webp","type":"image\/webp"}],"author":"MC","twitter_card":"summary_large_image","twitter_creator":"@webdo_tn","twitter_site":"@webdo_tn","twitter_misc":{"\u00c9crit par":"MC","Dur\u00e9e de lecture estim\u00e9e":"1 minute"},"schema":{"@context":"https:\/\/schema.org","@graph":[{"@type":"NewsArticle","@id":"https:\/\/www.webdo.tn\/fr\/actualite\/national\/tunisie-le-president-kais-saied-appelle-a-une-reforme-legislative-economique-et-sociale\/218999\/#article","isPartOf":{"@id":"https:\/\/www.webdo.tn\/fr\/actualite\/national\/tunisie-le-president-kais-saied-appelle-a-une-reforme-legislative-economique-et-sociale\/218999\/"},"author":{"name":"MC","@id":"https:\/\/www.webdo.tn\/fr\/#\/schema\/person\/2c4929cbf5a809e3bd38617c6ce150f6"},"headline":"Tunisie : Le pr\u00e9sident Kais Saied appelle \u00e0 une r\u00e9forme l\u00e9gislative \u00e9conomique et sociale","datePublished":"2025-01-11T10:37:00+00:00","dateModified":"2025-05-20T22:15:55+00:00","mainEntityOfPage":{"@id":"https:\/\/www.webdo.tn\/fr\/actualite\/national\/tunisie-le-president-kais-saied-appelle-a-une-reforme-legislative-economique-et-sociale\/218999\/"},"wordCount":249,"commentCount":0,"publisher":{"@id":"https:\/\/www.webdo.tn\/fr\/#organization"},"image":{"@id":"https:\/\/www.webdo.tn\/fr\/actualite\/national\/tunisie-le-president-kais-saied-appelle-a-une-reforme-legislative-economique-et-sociale\/218999\/#primaryimage"},"thumbnailUrl":"https:\/\/www.webdo.tn\/fr\/wp-content\/uploads\/2025\/01\/9a37e8ef3b3e664e88bac11569431420.webp","keywords":["droits","Kais Saied","l\u00e9gislation","travailleurs","Tunisie"],"articleSection":["National"],"inLanguage":"fr-FR"},{"@type":"WebPage","@id":"https:\/\/www.webdo.tn\/fr\/actualite\/national\/tunisie-le-president-kais-saied-appelle-a-une-reforme-legislative-economique-et-sociale\/218999\/","url":"https:\/\/www.webdo.tn\/fr\/actualite\/national\/tunisie-le-president-kais-saied-appelle-a-une-reforme-legislative-economique-et-sociale\/218999\/","name":"Tunisie : Le pr\u00e9sident Kais Saied appelle \u00e0 une r\u00e9forme l\u00e9gislative \u00e9conomique et sociale","isPartOf":{"@id":"https:\/\/www.webdo.tn\/fr\/#website"},"primaryImageOfPage":{"@id":"https:\/\/www.webdo.tn\/fr\/actualite\/national\/tunisie-le-president-kais-saied-appelle-a-une-reforme-legislative-economique-et-sociale\/218999\/#primaryimage"},"image":{"@id":"https:\/\/www.webdo.tn\/fr\/actualite\/national\/tunisie-le-president-kais-saied-appelle-a-une-reforme-legislative-economique-et-sociale\/218999\/#primaryimage"},"thumbnailUrl":"https:\/\/www.webdo.tn\/fr\/wp-content\/uploads\/2025\/01\/9a37e8ef3b3e664e88bac11569431420.webp","datePublished":"2025-01-11T10:37:00+00:00","dateModified":"2025-05-20T22:15:55+00:00","description":"Le pr\u00e9sident a insist\u00e9 sur la n\u00e9cessit\u00e9 d\u2019adopter de nouvelles l\u00e9gislations \u00e0 la hauteur des attentes du peuple tunisien. Il a soulign\u00e9 l\u2019importance de rompre a...","breadcrumb":{"@id":"https:\/\/www.webdo.tn\/fr\/actualite\/national\/tunisie-le-president-kais-saied-appelle-a-une-reforme-legislative-economique-et-sociale\/218999\/#breadcrumb"},"inLanguage":"fr-FR","potentialAction":[{"@type":"ReadAction","target":["https:\/\/www.webdo.tn\/fr\/actualite\/national\/tunisie-le-president-kais-saied-appelle-a-une-reforme-legislative-economique-et-sociale\/218999\/"]}]},{"@type":"ImageObject","inLanguage":"fr-FR","@id":"https:\/\/www.webdo.tn\/fr\/actualite\/national\/tunisie-le-president-kais-saied-appelle-a-une-reforme-legislative-economique-et-sociale\/218999\/#primaryimage","url":"https:\/\/www.webdo.tn\/fr\/wp-content\/uploads\/2025\/01\/9a37e8ef3b3e664e88bac11569431420.webp","contentUrl":"https:\/\/www.webdo.tn\/fr\/wp-content\/uploads\/2025\/01\/9a37e8ef3b3e664e88bac11569431420.webp","width":750,"height":400,"caption":"Tunisie : Le pr\u00e9sident Kais Saied appelle \u00e0 une r\u00e9forme l\u00e9gislative \u00e9conomique et sociale"},{"@type":"BreadcrumbList","@id":"https:\/\/www.webdo.tn\/fr\/actualite\/national\/tunisie-le-president-kais-saied-appelle-a-une-reforme-legislative-economique-et-sociale\/218999\/#breadcrumb","itemListElement":[{"@type":"ListItem","position":1,"name":"Accueil","item":"https:\/\/www.webdo.tn\/fr\/"},{"@type":"ListItem","position":2,"name":"Tunisie : Le pr\u00e9sident Kais Saied appelle \u00e0 une r\u00e9forme l\u00e9gislative \u00e9conomique et sociale"}]},{"@type":"WebSite","@id":"https:\/\/www.webdo.tn\/fr\/#website","url":"https:\/\/www.webdo.tn\/fr\/","name":"webdo","description":"Tunisie - News en Tunisie et \u00e0 l&#039;international sur Webdo.tn","publisher":{"@id":"https:\/\/www.webdo.tn\/fr\/#organization"},"potentialAction":[{"@type":"SearchAction","target":{"@type":"EntryPoint","urlTemplate":"https:\/\/www.webdo.tn\/fr\/?s={search_term_string}"},"query-input":{"@type":"PropertyValueSpecification","valueRequired":true,"valueName":"search_term_string"}}],"inLanguage":"fr-FR"},{"@type":"Organization","@id":"https:\/\/www.webdo.tn\/fr\/#organization","name":"Webdo","alternateName":"Webdo.tn","url":"https:\/\/www.webdo.tn\/fr\/","logo":{"@type":"ImageObject","inLanguage":"fr-FR","@id":"https:\/\/www.webdo.tn\/fr\/#\/schema\/logo\/image\/","url":"https:\/\/www.webdo.tn\/fr\/wp-content\/uploads\/2025\/06\/Webdo-Tunisie_168377.jpg","contentUrl":"https:\/\/www.webdo.tn\/fr\/wp-content\/uploads\/2025\/06\/Webdo-Tunisie_168377.jpg","width":301,"height":301,"caption":"Webdo"},"image":{"@id":"https:\/\/www.webdo.tn\/fr\/#\/schema\/logo\/image\/"},"sameAs":["https:\/\/www.facebook.com\/webdotn","https:\/\/x.com\/webdo_tn"],"description":"Webdo est un m\u00e9dia num\u00e9rique tunisien fond\u00e9 en 2010, sp\u00e9cialis\u00e9 dans l\u2019actualit\u00e9 nationale et internationale, l\u2019\u00e9conomie, la soci\u00e9t\u00e9 et les analyses politiques. Le site s\u2019adresse \u00e0 un large public francophone et couvre l\u2019information tunisienne en temps r\u00e9el.","email":"redac@webdo.tn","legalName":"YNJ SARL","foundingDate":"2010-09-06","numberOfEmployees":{"@type":"QuantitativeValue","minValue":"11","maxValue":"50"}},{"@type":"Person","@id":"https:\/\/www.webdo.tn\/fr\/#\/schema\/person\/2c4929cbf5a809e3bd38617c6ce150f6","name":"MC","image":{"@type":"ImageObject","inLanguage":"fr-FR","@id":"https:\/\/secure.gravatar.com\/avatar\/a545bbb6f84efdd5553dbbc2895e3ca8f1d12c5215e00a041c9670b54aa9b18a?s=96&d=mm&r=g","url":"https:\/\/secure.gravatar.com\/avatar\/a545bbb6f84efdd5553dbbc2895e3ca8f1d12c5215e00a041c9670b54aa9b18a?s=96&d=mm&r=g","contentUrl":"https:\/\/secure.gravatar.com\/avatar\/a545bbb6f84efdd5553dbbc2895e3ca8f1d12c5215e00a041c9670b54aa9b18a?s=96&d=mm&r=g","caption":"MC"},"url":"https:\/\/www.webdo.tn\/fr\/actualite\/author\/mc\/"}]}},"_links":{"self":[{"href":"https:\/\/www.webdo.tn\/fr\/wp-json\/wp\/v2\/posts\/218999","targetHints":{"allow":["GET"]}}],"collection":[{"href":"https:\/\/www.webdo.tn\/fr\/wp-json\/wp\/v2\/posts"}],"about":[{"href":"https:\/\/www.webdo.tn\/fr\/wp-json\/wp\/v2\/types\/post"}],"author":[{"embeddable":true,"href":"https:\/\/www.webdo.tn\/fr\/wp-json\/wp\/v2\/users\/3162"}],"replies":[{"embeddable":true,"href":"https:\/\/www.webdo.tn\/fr\/wp-json\/wp\/v2\/comments?post=218999"}],"version-history":[{"count":0,"href":"https:\/\/www.webdo.tn\/fr\/wp-json\/wp\/v2\/posts\/218999\/revisions"}],"wp:featuredmedia":[{"embeddable":true,"href":"https:\/\/www.webdo.tn\/fr\/wp-json\/wp\/v2\/media\/291669"}],"wp:attachment":[{"href":"https:\/\/www.webdo.tn\/fr\/wp-json\/wp\/v2\/media?parent=218999"}],"wp:term":[{"taxonomy":"category","embeddable":true,"href":"https:\/\/www.webdo.tn\/fr\/wp-json\/wp\/v2\/categories?post=218999"},{"taxonomy":"post_tag","embeddable":true,"href":"https:\/\/www.webdo.tn\/fr\/wp-json\/wp\/v2\/tags?post=218999"}],"curies":[{"name":"wp","href":"https:\/\/api.w.org\/{rel}","templated":true}]}}