{"id":218997,"date":"2025-01-11T09:58:00","date_gmt":"2025-01-11T09:58:00","guid":{"rendered":"https:\/\/www.webdo.tn\/fr\/blog\/tunisie-abdelaziz-chebil-ecrivain-universitaire-et-fervent-defenseur-de-la-culture-s-est-eteint\/218997\/"},"modified":"2025-05-20T22:15:54","modified_gmt":"2025-05-20T22:15:54","slug":"tunisie-abdelaziz-chebil-ecrivain-universitaire-et-fervent-defenseur-de-la-culture-s-est-eteint","status":"publish","type":"post","link":"https:\/\/www.webdo.tn\/fr\/actualite\/culture\/tunisie-abdelaziz-chebil-ecrivain-universitaire-et-fervent-defenseur-de-la-culture-s-est-eteint\/218997\/","title":{"rendered":"Tunisie : Abdelaziz Chebil, \u00e9crivain, universitaire et fervent d\u00e9fenseur de la culture, s\u2019est \u00e9teint"},"content":{"rendered":"<p>C&rsquo;est une grande perte pour le monde litt\u00e9raire tunisien. Abdelaziz Chebil, \u00e9crivain, universitaire et fervent d\u00e9fenseur de la culture, s&rsquo;est \u00e9teint ce vendredi 10 janvier 2025 \u00e0 l&rsquo;\u00e2ge de 75 ans, a annonc\u00e9 sa famille.<\/p>\n<p>Originaire de Teboulba, cet \u00e9rudit passionn\u00e9 avait d\u00e9di\u00e9 sa vie \u00e0 l&rsquo;enrichissement et \u00e0 la transmission du patrimoine litt\u00e9raire tunisien. \u00a0<\/p>\n<p>Docteur en litt\u00e9rature, il a laiss\u00e9 une empreinte ind\u00e9l\u00e9bile dans le paysage culturel du pays, aussi bien dans les salles de classe que dans les studios radiophoniques. Professeur charismatique, il a partag\u00e9 son amour des mots avec des g\u00e9n\u00e9rations d&rsquo;\u00e9tudiants.<\/p>\n<p>Sur les ondes, il a captiv\u00e9 les auditeurs en produisant et en animant des \u00e9missions litt\u00e9raires et culturelles sur Radio Monastir, avant de jouer un r\u00f4le cl\u00e9 dans la fondation de la Radio Culturelle de Tunis en 2006. \u00a0<\/p>\n<p>Auteur prolifique, Abdelaziz Chebil a enrichi les biblioth\u00e8ques tunisiennes de nombreuses \u0153uvres, t\u00e9moignant de son immense talent et de sa vision singuli\u00e8re. Sa disparition laisse un vide dans le c\u0153ur de ceux qui l&rsquo;ont connu et admir\u00e9. \u00a0<\/p>\n<p>Adieu \u00e0 une figure embl\u00e9matique de la litt\u00e9rature tunisienne. Que son h\u00e9ritage perdure et que son \u00e2me repose en paix.<\/p>\n","protected":false},"excerpt":{"rendered":"<p>C&rsquo;est une grande perte pour le monde litt\u00e9raire tunisien. Abdelaziz Chebil, \u00e9crivain, universitaire et fervent d\u00e9fenseur de la culture, s&rsquo;est \u00e9teint ce vendredi&#8230;<\/p>\n","protected":false},"author":3162,"featured_media":291666,"comment_status":"open","ping_status":"closed","sticky":false,"template":"","format":"standard","meta":{"footnotes":""},"categories":[2594],"tags":[10854,5596,4025,2608],"class_list":["post-218997","post","type-post","status-publish","format-standard","has-post-thumbnail","hentry","category-culture","tag-abdelaziz-chebil","tag-culture","tag-litterature","tag-tunisie"],"yoast_head":"<!-- This site is optimized with the Yoast SEO Premium plugin v27.5 (Yoast SEO v27.5) - https:\/\/yoast.com\/product\/yoast-seo-premium-wordpress\/ -->\n<title>Tunisie : Abdelaziz Chebil, \u00e9crivain, universitaire et fervent d\u00e9fenseur de la culture, s\u2019est \u00e9teint<\/title>\n<meta name=\"description\" content=\"C&#039;est une grande perte pour le monde litt\u00e9raire tunisien. Abdelaziz Chebil, \u00e9crivain, universitaire et fervent d\u00e9fenseur de la culture, s&#039;est \u00e9teint ce vendredi...\" \/>\n<link rel=\"canonical\" href=\"https:\/\/www.webdo.tn\/fr\/actualite\/culture\/tunisie-abdelaziz-chebil-ecrivain-universitaire-et-fervent-defenseur-de-la-culture-s-est-eteint\/218997\/\" \/>\n<meta property=\"og:locale\" content=\"fr_FR\" \/>\n<meta property=\"og:type\" content=\"article\" \/>\n<meta property=\"og:title\" content=\"Tunisie : Abdelaziz Chebil, \u00e9crivain, universitaire et fervent d\u00e9fenseur de la culture, s\u2019est \u00e9teint\" \/>\n<meta property=\"og:description\" content=\"C&#039;est une grande perte pour le monde litt\u00e9raire tunisien. Abdelaziz Chebil, \u00e9crivain, universitaire et fervent d\u00e9fenseur de la culture, s&#039;est \u00e9teint ce vendredi...\" \/>\n<meta property=\"og:url\" content=\"https:\/\/www.webdo.tn\/fr\/actualite\/culture\/tunisie-abdelaziz-chebil-ecrivain-universitaire-et-fervent-defenseur-de-la-culture-s-est-eteint\/218997\/\" \/>\n<meta property=\"og:site_name\" content=\"webdo\" \/>\n<meta property=\"article:publisher\" content=\"https:\/\/www.facebook.com\/webdotn\" \/>\n<meta property=\"article:published_time\" content=\"2025-01-11T09:58:00+00:00\" \/>\n<meta property=\"article:modified_time\" content=\"2025-05-20T22:15:54+00:00\" \/>\n<meta property=\"og:image\" content=\"https:\/\/www.webdo.tn\/fr\/wp-content\/uploads\/2025\/01\/4ae5fe43e299b453bb4093d1376db549.webp\" \/>\n\t<meta property=\"og:image:width\" content=\"693\" \/>\n\t<meta property=\"og:image:height\" content=\"370\" \/>\n\t<meta property=\"og:image:type\" content=\"image\/webp\" \/>\n<meta name=\"author\" content=\"MC\" \/>\n<meta name=\"twitter:card\" content=\"summary_large_image\" \/>\n<meta name=\"twitter:creator\" content=\"@webdo_tn\" \/>\n<meta name=\"twitter:site\" content=\"@webdo_tn\" \/>\n<meta name=\"twitter:label1\" content=\"\u00c9crit par\" \/>\n\t<meta name=\"twitter:data1\" content=\"MC\" \/>\n\t<meta name=\"twitter:label2\" content=\"Dur\u00e9e de lecture estim\u00e9e\" \/>\n\t<meta name=\"twitter:data2\" content=\"1 minute\" \/>\n<script type=\"application\/ld+json\" class=\"yoast-schema-graph\">{\"@context\":\"https:\\\/\\\/schema.org\",\"@graph\":[{\"@type\":\"NewsArticle\",\"@id\":\"https:\\\/\\\/www.webdo.tn\\\/fr\\\/actualite\\\/culture\\\/tunisie-abdelaziz-chebil-ecrivain-universitaire-et-fervent-defenseur-de-la-culture-s-est-eteint\\\/218997\\\/#article\",\"isPartOf\":{\"@id\":\"https:\\\/\\\/www.webdo.tn\\\/fr\\\/actualite\\\/culture\\\/tunisie-abdelaziz-chebil-ecrivain-universitaire-et-fervent-defenseur-de-la-culture-s-est-eteint\\\/218997\\\/\"},\"author\":{\"name\":\"MC\",\"@id\":\"https:\\\/\\\/www.webdo.tn\\\/fr\\\/#\\\/schema\\\/person\\\/2c4929cbf5a809e3bd38617c6ce150f6\"},\"headline\":\"Tunisie : Abdelaziz Chebil, \u00e9crivain, universitaire et fervent d\u00e9fenseur de la culture, s\u2019est \u00e9teint\",\"datePublished\":\"2025-01-11T09:58:00+00:00\",\"dateModified\":\"2025-05-20T22:15:54+00:00\",\"mainEntityOfPage\":{\"@id\":\"https:\\\/\\\/www.webdo.tn\\\/fr\\\/actualite\\\/culture\\\/tunisie-abdelaziz-chebil-ecrivain-universitaire-et-fervent-defenseur-de-la-culture-s-est-eteint\\\/218997\\\/\"},\"wordCount\":221,\"commentCount\":0,\"publisher\":{\"@id\":\"https:\\\/\\\/www.webdo.tn\\\/fr\\\/#organization\"},\"image\":{\"@id\":\"https:\\\/\\\/www.webdo.tn\\\/fr\\\/actualite\\\/culture\\\/tunisie-abdelaziz-chebil-ecrivain-universitaire-et-fervent-defenseur-de-la-culture-s-est-eteint\\\/218997\\\/#primaryimage\"},\"thumbnailUrl\":\"https:\\\/\\\/www.webdo.tn\\\/fr\\\/wp-content\\\/uploads\\\/2025\\\/01\\\/4ae5fe43e299b453bb4093d1376db549.webp\",\"keywords\":[\"'abdelaziz chebil']\",\"culture\",\"litt\u00e9rature\",\"Tunisie\"],\"articleSection\":[\"Culture\"],\"inLanguage\":\"fr-FR\"},{\"@type\":\"WebPage\",\"@id\":\"https:\\\/\\\/www.webdo.tn\\\/fr\\\/actualite\\\/culture\\\/tunisie-abdelaziz-chebil-ecrivain-universitaire-et-fervent-defenseur-de-la-culture-s-est-eteint\\\/218997\\\/\",\"url\":\"https:\\\/\\\/www.webdo.tn\\\/fr\\\/actualite\\\/culture\\\/tunisie-abdelaziz-chebil-ecrivain-universitaire-et-fervent-defenseur-de-la-culture-s-est-eteint\\\/218997\\\/\",\"name\":\"Tunisie : Abdelaziz Chebil, \u00e9crivain, universitaire et fervent d\u00e9fenseur de la culture, s\u2019est \u00e9teint\",\"isPartOf\":{\"@id\":\"https:\\\/\\\/www.webdo.tn\\\/fr\\\/#website\"},\"primaryImageOfPage\":{\"@id\":\"https:\\\/\\\/www.webdo.tn\\\/fr\\\/actualite\\\/culture\\\/tunisie-abdelaziz-chebil-ecrivain-universitaire-et-fervent-defenseur-de-la-culture-s-est-eteint\\\/218997\\\/#primaryimage\"},\"image\":{\"@id\":\"https:\\\/\\\/www.webdo.tn\\\/fr\\\/actualite\\\/culture\\\/tunisie-abdelaziz-chebil-ecrivain-universitaire-et-fervent-defenseur-de-la-culture-s-est-eteint\\\/218997\\\/#primaryimage\"},\"thumbnailUrl\":\"https:\\\/\\\/www.webdo.tn\\\/fr\\\/wp-content\\\/uploads\\\/2025\\\/01\\\/4ae5fe43e299b453bb4093d1376db549.webp\",\"datePublished\":\"2025-01-11T09:58:00+00:00\",\"dateModified\":\"2025-05-20T22:15:54+00:00\",\"description\":\"C'est une grande perte pour le monde litt\u00e9raire tunisien. Abdelaziz Chebil, \u00e9crivain, universitaire et fervent d\u00e9fenseur de la culture, s'est \u00e9teint ce vendredi...\",\"breadcrumb\":{\"@id\":\"https:\\\/\\\/www.webdo.tn\\\/fr\\\/actualite\\\/culture\\\/tunisie-abdelaziz-chebil-ecrivain-universitaire-et-fervent-defenseur-de-la-culture-s-est-eteint\\\/218997\\\/#breadcrumb\"},\"inLanguage\":\"fr-FR\",\"potentialAction\":[{\"@type\":\"ReadAction\",\"target\":[\"https:\\\/\\\/www.webdo.tn\\\/fr\\\/actualite\\\/culture\\\/tunisie-abdelaziz-chebil-ecrivain-universitaire-et-fervent-defenseur-de-la-culture-s-est-eteint\\\/218997\\\/\"]}]},{\"@type\":\"ImageObject\",\"inLanguage\":\"fr-FR\",\"@id\":\"https:\\\/\\\/www.webdo.tn\\\/fr\\\/actualite\\\/culture\\\/tunisie-abdelaziz-chebil-ecrivain-universitaire-et-fervent-defenseur-de-la-culture-s-est-eteint\\\/218997\\\/#primaryimage\",\"url\":\"https:\\\/\\\/www.webdo.tn\\\/fr\\\/wp-content\\\/uploads\\\/2025\\\/01\\\/4ae5fe43e299b453bb4093d1376db549.webp\",\"contentUrl\":\"https:\\\/\\\/www.webdo.tn\\\/fr\\\/wp-content\\\/uploads\\\/2025\\\/01\\\/4ae5fe43e299b453bb4093d1376db549.webp\",\"width\":693,\"height\":370,\"caption\":\"Tunisie : Abdelaziz Chebil, \u00e9crivain, universitaire et fervent d\u00e9fenseur de la culture, s\u2019est \u00e9teint\"},{\"@type\":\"BreadcrumbList\",\"@id\":\"https:\\\/\\\/www.webdo.tn\\\/fr\\\/actualite\\\/culture\\\/tunisie-abdelaziz-chebil-ecrivain-universitaire-et-fervent-defenseur-de-la-culture-s-est-eteint\\\/218997\\\/#breadcrumb\",\"itemListElement\":[{\"@type\":\"ListItem\",\"position\":1,\"name\":\"Accueil\",\"item\":\"https:\\\/\\\/www.webdo.tn\\\/fr\\\/\"},{\"@type\":\"ListItem\",\"position\":2,\"name\":\"Tunisie : Abdelaziz Chebil, \u00e9crivain, universitaire et fervent d\u00e9fenseur de la culture, s\u2019est \u00e9teint\"}]},{\"@type\":\"WebSite\",\"@id\":\"https:\\\/\\\/www.webdo.tn\\\/fr\\\/#website\",\"url\":\"https:\\\/\\\/www.webdo.tn\\\/fr\\\/\",\"name\":\"webdo\",\"description\":\"Tunisie - News en Tunisie et \u00e0 l&#039;international sur Webdo.tn\",\"publisher\":{\"@id\":\"https:\\\/\\\/www.webdo.tn\\\/fr\\\/#organization\"},\"potentialAction\":[{\"@type\":\"SearchAction\",\"target\":{\"@type\":\"EntryPoint\",\"urlTemplate\":\"https:\\\/\\\/www.webdo.tn\\\/fr\\\/?s={search_term_string}\"},\"query-input\":{\"@type\":\"PropertyValueSpecification\",\"valueRequired\":true,\"valueName\":\"search_term_string\"}}],\"inLanguage\":\"fr-FR\"},{\"@type\":\"Organization\",\"@id\":\"https:\\\/\\\/www.webdo.tn\\\/fr\\\/#organization\",\"name\":\"Webdo\",\"alternateName\":\"Webdo.tn\",\"url\":\"https:\\\/\\\/www.webdo.tn\\\/fr\\\/\",\"logo\":{\"@type\":\"ImageObject\",\"inLanguage\":\"fr-FR\",\"@id\":\"https:\\\/\\\/www.webdo.tn\\\/fr\\\/#\\\/schema\\\/logo\\\/image\\\/\",\"url\":\"https:\\\/\\\/www.webdo.tn\\\/fr\\\/wp-content\\\/uploads\\\/2025\\\/06\\\/Webdo-Tunisie_168377.jpg\",\"contentUrl\":\"https:\\\/\\\/www.webdo.tn\\\/fr\\\/wp-content\\\/uploads\\\/2025\\\/06\\\/Webdo-Tunisie_168377.jpg\",\"width\":301,\"height\":301,\"caption\":\"Webdo\"},\"image\":{\"@id\":\"https:\\\/\\\/www.webdo.tn\\\/fr\\\/#\\\/schema\\\/logo\\\/image\\\/\"},\"sameAs\":[\"https:\\\/\\\/www.facebook.com\\\/webdotn\",\"https:\\\/\\\/x.com\\\/webdo_tn\"],\"description\":\"Webdo est un m\u00e9dia num\u00e9rique tunisien fond\u00e9 en 2010, sp\u00e9cialis\u00e9 dans l\u2019actualit\u00e9 nationale et internationale, l\u2019\u00e9conomie, la soci\u00e9t\u00e9 et les analyses politiques. Le site s\u2019adresse \u00e0 un large public francophone et couvre l\u2019information tunisienne en temps r\u00e9el.\",\"email\":\"redac@webdo.tn\",\"legalName\":\"YNJ SARL\",\"foundingDate\":\"2010-09-06\",\"numberOfEmployees\":{\"@type\":\"QuantitativeValue\",\"minValue\":\"11\",\"maxValue\":\"50\"}},{\"@type\":\"Person\",\"@id\":\"https:\\\/\\\/www.webdo.tn\\\/fr\\\/#\\\/schema\\\/person\\\/2c4929cbf5a809e3bd38617c6ce150f6\",\"name\":\"MC\",\"image\":{\"@type\":\"ImageObject\",\"inLanguage\":\"fr-FR\",\"@id\":\"https:\\\/\\\/secure.gravatar.com\\\/avatar\\\/a545bbb6f84efdd5553dbbc2895e3ca8f1d12c5215e00a041c9670b54aa9b18a?s=96&d=mm&r=g\",\"url\":\"https:\\\/\\\/secure.gravatar.com\\\/avatar\\\/a545bbb6f84efdd5553dbbc2895e3ca8f1d12c5215e00a041c9670b54aa9b18a?s=96&d=mm&r=g\",\"contentUrl\":\"https:\\\/\\\/secure.gravatar.com\\\/avatar\\\/a545bbb6f84efdd5553dbbc2895e3ca8f1d12c5215e00a041c9670b54aa9b18a?s=96&d=mm&r=g\",\"caption\":\"MC\"},\"url\":\"https:\\\/\\\/www.webdo.tn\\\/fr\\\/actualite\\\/author\\\/mc\\\/\"}]}<\/script>\n<!-- \/ Yoast SEO Premium plugin. -->","yoast_head_json":{"title":"Tunisie : Abdelaziz Chebil, \u00e9crivain, universitaire et fervent d\u00e9fenseur de la culture, s\u2019est \u00e9teint","description":"C'est une grande perte pour le monde litt\u00e9raire tunisien. Abdelaziz Chebil, \u00e9crivain, universitaire et fervent d\u00e9fenseur de la culture, s'est \u00e9teint ce vendredi...","canonical":"https:\/\/www.webdo.tn\/fr\/actualite\/culture\/tunisie-abdelaziz-chebil-ecrivain-universitaire-et-fervent-defenseur-de-la-culture-s-est-eteint\/218997\/","og_locale":"fr_FR","og_type":"article","og_title":"Tunisie : Abdelaziz Chebil, \u00e9crivain, universitaire et fervent d\u00e9fenseur de la culture, s\u2019est \u00e9teint","og_description":"C'est une grande perte pour le monde litt\u00e9raire tunisien. Abdelaziz Chebil, \u00e9crivain, universitaire et fervent d\u00e9fenseur de la culture, s'est \u00e9teint ce vendredi...","og_url":"https:\/\/www.webdo.tn\/fr\/actualite\/culture\/tunisie-abdelaziz-chebil-ecrivain-universitaire-et-fervent-defenseur-de-la-culture-s-est-eteint\/218997\/","og_site_name":"webdo","article_publisher":"https:\/\/www.facebook.com\/webdotn","article_published_time":"2025-01-11T09:58:00+00:00","article_modified_time":"2025-05-20T22:15:54+00:00","og_image":[{"width":693,"height":370,"url":"https:\/\/www.webdo.tn\/fr\/wp-content\/uploads\/2025\/01\/4ae5fe43e299b453bb4093d1376db549.webp","type":"image\/webp"}],"author":"MC","twitter_card":"summary_large_image","twitter_creator":"@webdo_tn","twitter_site":"@webdo_tn","twitter_misc":{"\u00c9crit par":"MC","Dur\u00e9e de lecture estim\u00e9e":"1 minute"},"schema":{"@context":"https:\/\/schema.org","@graph":[{"@type":"NewsArticle","@id":"https:\/\/www.webdo.tn\/fr\/actualite\/culture\/tunisie-abdelaziz-chebil-ecrivain-universitaire-et-fervent-defenseur-de-la-culture-s-est-eteint\/218997\/#article","isPartOf":{"@id":"https:\/\/www.webdo.tn\/fr\/actualite\/culture\/tunisie-abdelaziz-chebil-ecrivain-universitaire-et-fervent-defenseur-de-la-culture-s-est-eteint\/218997\/"},"author":{"name":"MC","@id":"https:\/\/www.webdo.tn\/fr\/#\/schema\/person\/2c4929cbf5a809e3bd38617c6ce150f6"},"headline":"Tunisie : Abdelaziz Chebil, \u00e9crivain, universitaire et fervent d\u00e9fenseur de la culture, s\u2019est \u00e9teint","datePublished":"2025-01-11T09:58:00+00:00","dateModified":"2025-05-20T22:15:54+00:00","mainEntityOfPage":{"@id":"https:\/\/www.webdo.tn\/fr\/actualite\/culture\/tunisie-abdelaziz-chebil-ecrivain-universitaire-et-fervent-defenseur-de-la-culture-s-est-eteint\/218997\/"},"wordCount":221,"commentCount":0,"publisher":{"@id":"https:\/\/www.webdo.tn\/fr\/#organization"},"image":{"@id":"https:\/\/www.webdo.tn\/fr\/actualite\/culture\/tunisie-abdelaziz-chebil-ecrivain-universitaire-et-fervent-defenseur-de-la-culture-s-est-eteint\/218997\/#primaryimage"},"thumbnailUrl":"https:\/\/www.webdo.tn\/fr\/wp-content\/uploads\/2025\/01\/4ae5fe43e299b453bb4093d1376db549.webp","keywords":["'abdelaziz chebil']","culture","litt\u00e9rature","Tunisie"],"articleSection":["Culture"],"inLanguage":"fr-FR"},{"@type":"WebPage","@id":"https:\/\/www.webdo.tn\/fr\/actualite\/culture\/tunisie-abdelaziz-chebil-ecrivain-universitaire-et-fervent-defenseur-de-la-culture-s-est-eteint\/218997\/","url":"https:\/\/www.webdo.tn\/fr\/actualite\/culture\/tunisie-abdelaziz-chebil-ecrivain-universitaire-et-fervent-defenseur-de-la-culture-s-est-eteint\/218997\/","name":"Tunisie : Abdelaziz Chebil, \u00e9crivain, universitaire et fervent d\u00e9fenseur de la culture, s\u2019est \u00e9teint","isPartOf":{"@id":"https:\/\/www.webdo.tn\/fr\/#website"},"primaryImageOfPage":{"@id":"https:\/\/www.webdo.tn\/fr\/actualite\/culture\/tunisie-abdelaziz-chebil-ecrivain-universitaire-et-fervent-defenseur-de-la-culture-s-est-eteint\/218997\/#primaryimage"},"image":{"@id":"https:\/\/www.webdo.tn\/fr\/actualite\/culture\/tunisie-abdelaziz-chebil-ecrivain-universitaire-et-fervent-defenseur-de-la-culture-s-est-eteint\/218997\/#primaryimage"},"thumbnailUrl":"https:\/\/www.webdo.tn\/fr\/wp-content\/uploads\/2025\/01\/4ae5fe43e299b453bb4093d1376db549.webp","datePublished":"2025-01-11T09:58:00+00:00","dateModified":"2025-05-20T22:15:54+00:00","description":"C'est une grande perte pour le monde litt\u00e9raire tunisien. Abdelaziz Chebil, \u00e9crivain, universitaire et fervent d\u00e9fenseur de la culture, s'est \u00e9teint ce vendredi...","breadcrumb":{"@id":"https:\/\/www.webdo.tn\/fr\/actualite\/culture\/tunisie-abdelaziz-chebil-ecrivain-universitaire-et-fervent-defenseur-de-la-culture-s-est-eteint\/218997\/#breadcrumb"},"inLanguage":"fr-FR","potentialAction":[{"@type":"ReadAction","target":["https:\/\/www.webdo.tn\/fr\/actualite\/culture\/tunisie-abdelaziz-chebil-ecrivain-universitaire-et-fervent-defenseur-de-la-culture-s-est-eteint\/218997\/"]}]},{"@type":"ImageObject","inLanguage":"fr-FR","@id":"https:\/\/www.webdo.tn\/fr\/actualite\/culture\/tunisie-abdelaziz-chebil-ecrivain-universitaire-et-fervent-defenseur-de-la-culture-s-est-eteint\/218997\/#primaryimage","url":"https:\/\/www.webdo.tn\/fr\/wp-content\/uploads\/2025\/01\/4ae5fe43e299b453bb4093d1376db549.webp","contentUrl":"https:\/\/www.webdo.tn\/fr\/wp-content\/uploads\/2025\/01\/4ae5fe43e299b453bb4093d1376db549.webp","width":693,"height":370,"caption":"Tunisie : Abdelaziz Chebil, \u00e9crivain, universitaire et fervent d\u00e9fenseur de la culture, s\u2019est \u00e9teint"},{"@type":"BreadcrumbList","@id":"https:\/\/www.webdo.tn\/fr\/actualite\/culture\/tunisie-abdelaziz-chebil-ecrivain-universitaire-et-fervent-defenseur-de-la-culture-s-est-eteint\/218997\/#breadcrumb","itemListElement":[{"@type":"ListItem","position":1,"name":"Accueil","item":"https:\/\/www.webdo.tn\/fr\/"},{"@type":"ListItem","position":2,"name":"Tunisie : Abdelaziz Chebil, \u00e9crivain, universitaire et fervent d\u00e9fenseur de la culture, s\u2019est \u00e9teint"}]},{"@type":"WebSite","@id":"https:\/\/www.webdo.tn\/fr\/#website","url":"https:\/\/www.webdo.tn\/fr\/","name":"webdo","description":"Tunisie - News en Tunisie et \u00e0 l&#039;international sur Webdo.tn","publisher":{"@id":"https:\/\/www.webdo.tn\/fr\/#organization"},"potentialAction":[{"@type":"SearchAction","target":{"@type":"EntryPoint","urlTemplate":"https:\/\/www.webdo.tn\/fr\/?s={search_term_string}"},"query-input":{"@type":"PropertyValueSpecification","valueRequired":true,"valueName":"search_term_string"}}],"inLanguage":"fr-FR"},{"@type":"Organization","@id":"https:\/\/www.webdo.tn\/fr\/#organization","name":"Webdo","alternateName":"Webdo.tn","url":"https:\/\/www.webdo.tn\/fr\/","logo":{"@type":"ImageObject","inLanguage":"fr-FR","@id":"https:\/\/www.webdo.tn\/fr\/#\/schema\/logo\/image\/","url":"https:\/\/www.webdo.tn\/fr\/wp-content\/uploads\/2025\/06\/Webdo-Tunisie_168377.jpg","contentUrl":"https:\/\/www.webdo.tn\/fr\/wp-content\/uploads\/2025\/06\/Webdo-Tunisie_168377.jpg","width":301,"height":301,"caption":"Webdo"},"image":{"@id":"https:\/\/www.webdo.tn\/fr\/#\/schema\/logo\/image\/"},"sameAs":["https:\/\/www.facebook.com\/webdotn","https:\/\/x.com\/webdo_tn"],"description":"Webdo est un m\u00e9dia num\u00e9rique tunisien fond\u00e9 en 2010, sp\u00e9cialis\u00e9 dans l\u2019actualit\u00e9 nationale et internationale, l\u2019\u00e9conomie, la soci\u00e9t\u00e9 et les analyses politiques. Le site s\u2019adresse \u00e0 un large public francophone et couvre l\u2019information tunisienne en temps r\u00e9el.","email":"redac@webdo.tn","legalName":"YNJ SARL","foundingDate":"2010-09-06","numberOfEmployees":{"@type":"QuantitativeValue","minValue":"11","maxValue":"50"}},{"@type":"Person","@id":"https:\/\/www.webdo.tn\/fr\/#\/schema\/person\/2c4929cbf5a809e3bd38617c6ce150f6","name":"MC","image":{"@type":"ImageObject","inLanguage":"fr-FR","@id":"https:\/\/secure.gravatar.com\/avatar\/a545bbb6f84efdd5553dbbc2895e3ca8f1d12c5215e00a041c9670b54aa9b18a?s=96&d=mm&r=g","url":"https:\/\/secure.gravatar.com\/avatar\/a545bbb6f84efdd5553dbbc2895e3ca8f1d12c5215e00a041c9670b54aa9b18a?s=96&d=mm&r=g","contentUrl":"https:\/\/secure.gravatar.com\/avatar\/a545bbb6f84efdd5553dbbc2895e3ca8f1d12c5215e00a041c9670b54aa9b18a?s=96&d=mm&r=g","caption":"MC"},"url":"https:\/\/www.webdo.tn\/fr\/actualite\/author\/mc\/"}]}},"_links":{"self":[{"href":"https:\/\/www.webdo.tn\/fr\/wp-json\/wp\/v2\/posts\/218997","targetHints":{"allow":["GET"]}}],"collection":[{"href":"https:\/\/www.webdo.tn\/fr\/wp-json\/wp\/v2\/posts"}],"about":[{"href":"https:\/\/www.webdo.tn\/fr\/wp-json\/wp\/v2\/types\/post"}],"author":[{"embeddable":true,"href":"https:\/\/www.webdo.tn\/fr\/wp-json\/wp\/v2\/users\/3162"}],"replies":[{"embeddable":true,"href":"https:\/\/www.webdo.tn\/fr\/wp-json\/wp\/v2\/comments?post=218997"}],"version-history":[{"count":0,"href":"https:\/\/www.webdo.tn\/fr\/wp-json\/wp\/v2\/posts\/218997\/revisions"}],"wp:featuredmedia":[{"embeddable":true,"href":"https:\/\/www.webdo.tn\/fr\/wp-json\/wp\/v2\/media\/291666"}],"wp:attachment":[{"href":"https:\/\/www.webdo.tn\/fr\/wp-json\/wp\/v2\/media?parent=218997"}],"wp:term":[{"taxonomy":"category","embeddable":true,"href":"https:\/\/www.webdo.tn\/fr\/wp-json\/wp\/v2\/categories?post=218997"},{"taxonomy":"post_tag","embeddable":true,"href":"https:\/\/www.webdo.tn\/fr\/wp-json\/wp\/v2\/tags?post=218997"}],"curies":[{"name":"wp","href":"https:\/\/api.w.org\/{rel}","templated":true}]}}