{"id":218990,"date":"2025-01-10T22:41:00","date_gmt":"2025-01-10T22:41:00","guid":{"rendered":"https:\/\/www.webdo.tn\/fr\/blog\/2025\/01\/10\/tunisie-les-nouveautes-du-systeme-fcr-en-2025\/"},"modified":"2025-05-21T09:00:50","modified_gmt":"2025-05-21T09:00:50","slug":"tunisie-les-nouveautes-du-systeme-fcr-en-2025","status":"publish","type":"post","link":"https:\/\/www.webdo.tn\/fr\/actualite\/national\/tunisie-les-nouveautes-du-systeme-fcr-en-2025\/218990\/","title":{"rendered":"Tunisie : Les nouveaut\u00e9s du syst\u00e8me FCR en 2025"},"content":{"rendered":"<p>La douane tunisienne a annonc\u00e9, vendredi 10 janvier 2025, la mise en place d\u2019une mesure visant \u00e0 faciliter la r\u00e9gularisation des situations fiscales des v\u00e9hicules des Tunisiens de l\u2019\u00e9tranger.<\/p>\n<p>\t\t\t\t\t\t\t\t\tConform\u00e9ment \u00e0 l\u2019article 80 de la loi de finances 2025, les propri\u00e9taires de voitures et de motos b\u00e9n\u00e9ficiant du r\u00e9gime d\u2019exon\u00e9ration totale depuis au moins deux ans, en vertu du syst\u00e8me de retour d\u00e9finitif des Tunisiens r\u00e9sidant \u00e0 l\u2019\u00e9tranger (FCR), pourront r\u00e9gulariser la situation de leurs v\u00e9hicules ou motos immatricul\u00e9s sous la s\u00e9rie (R.S) en acquittant seulement 30 % des droits et taxes dus \u00e0 la date de r\u00e9gularisation.<\/p>\n<p>Les int\u00e9ress\u00e9s devront soumettre une demande aupr\u00e8s de n\u2019importe quel bureau r\u00e9gional de la douane ou aux guichets unifi\u00e9s de la circulation des v\u00e9hicules, au plus tard le 31 octobre 2025, accompagn\u00e9e des documents suivants :<\/p>\n<p>\tUne copie de la carte d&rsquo;identit\u00e9 nationale<br \/>\n\tUne copie de la carte grise du v\u00e9hicule ou de la moto<br \/>\n\tUne copie du certificat de contr\u00f4le technique (Annexe 5) en cours de validit\u00e9, d\u00e9livr\u00e9 par les services de l\u2019Agence Technique des Transports Terrestres.<\/p>\n<p>Les d\u00e9marches de r\u00e9gularisation, ainsi que le paiement des taxes requises, devront \u00eatre effectu\u00e9es avant le 30 d\u00e9cembre 2025. Il est \u00e9galement possible de d\u00e9l\u00e9guer un tiers pour effectuer ces formalit\u00e9s, \u00e0 condition que celui-ci soit muni d\u2019une procuration d\u00fbment sign\u00e9e par le propri\u00e9taire du v\u00e9hicule.<\/p>\n","protected":false},"excerpt":{"rendered":"<p>Les Tunisiens r\u00e9sidant \u00e0 l&rsquo;\u00e9tranger peuvent b\u00e9n\u00e9ficier d&rsquo;une r\u00e9duction de 30 % sur les droits de douane pour la r\u00e9gularisation de leurs v\u00e9hicules. D\u00e9tails et d\u00e9&#8230;<\/p>\n","protected":false},"author":3166,"featured_media":242938,"comment_status":"open","ping_status":"open","sticky":false,"template":"","format":"standard","meta":{"footnotes":""},"categories":[44],"tags":[3047,4448,4447,2608],"class_list":["post-218990","post","type-post","status-publish","format-standard","has-post-thumbnail","hentry","category-national","tag-douane","tag-fcr","tag-rs","tag-tunisie"],"yoast_head":"<!-- This site is optimized with the Yoast SEO Premium plugin v27.5 (Yoast SEO v27.5) - https:\/\/yoast.com\/product\/yoast-seo-premium-wordpress\/ -->\n<title>Tunisie : Les nouveaut\u00e9s du syst\u00e8me FCR en 2025<\/title>\n<meta name=\"description\" content=\"Les Tunisiens r\u00e9sidant \u00e0 l&#039;\u00e9tranger peuvent b\u00e9n\u00e9ficier d&#039;une r\u00e9duction de 30 % sur les droits de douane pour la r\u00e9gularisation de leurs v\u00e9hicules. D\u00e9tails et d\u00e9...\" \/>\n<link rel=\"canonical\" href=\"https:\/\/www.webdo.tn\/fr\/actualite\/national\/tunisie-les-nouveautes-du-systeme-fcr-en-2025\/218990\/\" \/>\n<meta property=\"og:locale\" content=\"fr_FR\" \/>\n<meta property=\"og:type\" content=\"article\" \/>\n<meta property=\"og:title\" content=\"Tunisie : Les nouveaut\u00e9s du syst\u00e8me FCR en 2025\" \/>\n<meta property=\"og:description\" content=\"Les Tunisiens r\u00e9sidant \u00e0 l&#039;\u00e9tranger peuvent b\u00e9n\u00e9ficier d&#039;une r\u00e9duction de 30 % sur les droits de douane pour la r\u00e9gularisation de leurs v\u00e9hicules. D\u00e9tails et d\u00e9...\" \/>\n<meta property=\"og:url\" content=\"https:\/\/www.webdo.tn\/fr\/actualite\/national\/tunisie-les-nouveautes-du-systeme-fcr-en-2025\/218990\/\" \/>\n<meta property=\"og:site_name\" content=\"webdo\" \/>\n<meta property=\"article:publisher\" content=\"https:\/\/www.facebook.com\/webdotn\" \/>\n<meta property=\"article:published_time\" content=\"2025-01-10T22:41:00+00:00\" \/>\n<meta property=\"article:modified_time\" content=\"2025-05-21T09:00:50+00:00\" \/>\n<meta property=\"og:image\" content=\"https:\/\/www.webdo.tn\/fr\/wp-content\/uploads\/2025\/05\/8b4019ad6e619e88c09fd8f17dd1f4ab-2.webp\" \/>\n\t<meta property=\"og:image:width\" content=\"750\" \/>\n\t<meta property=\"og:image:height\" content=\"400\" \/>\n\t<meta property=\"og:image:type\" content=\"image\/webp\" \/>\n<meta name=\"author\" content=\"AZ\" \/>\n<meta name=\"twitter:card\" content=\"summary_large_image\" \/>\n<meta name=\"twitter:creator\" content=\"@webdo_tn\" \/>\n<meta name=\"twitter:site\" content=\"@webdo_tn\" \/>\n<meta name=\"twitter:label1\" content=\"\u00c9crit par\" \/>\n\t<meta name=\"twitter:data1\" content=\"AZ\" \/>\n\t<meta name=\"twitter:label2\" content=\"Dur\u00e9e de lecture estim\u00e9e\" \/>\n\t<meta name=\"twitter:data2\" content=\"1 minute\" \/>\n<script type=\"application\/ld+json\" class=\"yoast-schema-graph\">{\"@context\":\"https:\\\/\\\/schema.org\",\"@graph\":[{\"@type\":\"NewsArticle\",\"@id\":\"https:\\\/\\\/www.webdo.tn\\\/fr\\\/actualite\\\/national\\\/tunisie-les-nouveautes-du-systeme-fcr-en-2025\\\/218990\\\/#article\",\"isPartOf\":{\"@id\":\"https:\\\/\\\/www.webdo.tn\\\/fr\\\/actualite\\\/national\\\/tunisie-les-nouveautes-du-systeme-fcr-en-2025\\\/218990\\\/\"},\"author\":{\"name\":\"AZ\",\"@id\":\"https:\\\/\\\/www.webdo.tn\\\/fr\\\/#\\\/schema\\\/person\\\/b8a41c04d93287d375510db360906b34\"},\"headline\":\"Tunisie : Les nouveaut\u00e9s du syst\u00e8me FCR en 2025\",\"datePublished\":\"2025-01-10T22:41:00+00:00\",\"dateModified\":\"2025-05-21T09:00:50+00:00\",\"mainEntityOfPage\":{\"@id\":\"https:\\\/\\\/www.webdo.tn\\\/fr\\\/actualite\\\/national\\\/tunisie-les-nouveautes-du-systeme-fcr-en-2025\\\/218990\\\/\"},\"wordCount\":261,\"commentCount\":0,\"publisher\":{\"@id\":\"https:\\\/\\\/www.webdo.tn\\\/fr\\\/#organization\"},\"image\":{\"@id\":\"https:\\\/\\\/www.webdo.tn\\\/fr\\\/actualite\\\/national\\\/tunisie-les-nouveautes-du-systeme-fcr-en-2025\\\/218990\\\/#primaryimage\"},\"thumbnailUrl\":\"https:\\\/\\\/www.webdo.tn\\\/fr\\\/wp-content\\\/uploads\\\/2025\\\/05\\\/8b4019ad6e619e88c09fd8f17dd1f4ab-2.webp\",\"keywords\":[\"douane\",\"fcr\",\"rs\",\"Tunisie\"],\"articleSection\":[\"National\"],\"inLanguage\":\"fr-FR\"},{\"@type\":\"WebPage\",\"@id\":\"https:\\\/\\\/www.webdo.tn\\\/fr\\\/actualite\\\/national\\\/tunisie-les-nouveautes-du-systeme-fcr-en-2025\\\/218990\\\/\",\"url\":\"https:\\\/\\\/www.webdo.tn\\\/fr\\\/actualite\\\/national\\\/tunisie-les-nouveautes-du-systeme-fcr-en-2025\\\/218990\\\/\",\"name\":\"Tunisie : Les nouveaut\u00e9s du syst\u00e8me FCR en 2025\",\"isPartOf\":{\"@id\":\"https:\\\/\\\/www.webdo.tn\\\/fr\\\/#website\"},\"primaryImageOfPage\":{\"@id\":\"https:\\\/\\\/www.webdo.tn\\\/fr\\\/actualite\\\/national\\\/tunisie-les-nouveautes-du-systeme-fcr-en-2025\\\/218990\\\/#primaryimage\"},\"image\":{\"@id\":\"https:\\\/\\\/www.webdo.tn\\\/fr\\\/actualite\\\/national\\\/tunisie-les-nouveautes-du-systeme-fcr-en-2025\\\/218990\\\/#primaryimage\"},\"thumbnailUrl\":\"https:\\\/\\\/www.webdo.tn\\\/fr\\\/wp-content\\\/uploads\\\/2025\\\/05\\\/8b4019ad6e619e88c09fd8f17dd1f4ab-2.webp\",\"datePublished\":\"2025-01-10T22:41:00+00:00\",\"dateModified\":\"2025-05-21T09:00:50+00:00\",\"description\":\"Les Tunisiens r\u00e9sidant \u00e0 l'\u00e9tranger peuvent b\u00e9n\u00e9ficier d'une r\u00e9duction de 30 % sur les droits de douane pour la r\u00e9gularisation de leurs v\u00e9hicules. D\u00e9tails et d\u00e9...\",\"breadcrumb\":{\"@id\":\"https:\\\/\\\/www.webdo.tn\\\/fr\\\/actualite\\\/national\\\/tunisie-les-nouveautes-du-systeme-fcr-en-2025\\\/218990\\\/#breadcrumb\"},\"inLanguage\":\"fr-FR\",\"potentialAction\":[{\"@type\":\"ReadAction\",\"target\":[\"https:\\\/\\\/www.webdo.tn\\\/fr\\\/actualite\\\/national\\\/tunisie-les-nouveautes-du-systeme-fcr-en-2025\\\/218990\\\/\"]}]},{\"@type\":\"ImageObject\",\"inLanguage\":\"fr-FR\",\"@id\":\"https:\\\/\\\/www.webdo.tn\\\/fr\\\/actualite\\\/national\\\/tunisie-les-nouveautes-du-systeme-fcr-en-2025\\\/218990\\\/#primaryimage\",\"url\":\"https:\\\/\\\/www.webdo.tn\\\/fr\\\/wp-content\\\/uploads\\\/2025\\\/05\\\/8b4019ad6e619e88c09fd8f17dd1f4ab-2.webp\",\"contentUrl\":\"https:\\\/\\\/www.webdo.tn\\\/fr\\\/wp-content\\\/uploads\\\/2025\\\/05\\\/8b4019ad6e619e88c09fd8f17dd1f4ab-2.webp\",\"width\":750,\"height\":400},{\"@type\":\"BreadcrumbList\",\"@id\":\"https:\\\/\\\/www.webdo.tn\\\/fr\\\/actualite\\\/national\\\/tunisie-les-nouveautes-du-systeme-fcr-en-2025\\\/218990\\\/#breadcrumb\",\"itemListElement\":[{\"@type\":\"ListItem\",\"position\":1,\"name\":\"Accueil\",\"item\":\"https:\\\/\\\/www.webdo.tn\\\/fr\\\/\"},{\"@type\":\"ListItem\",\"position\":2,\"name\":\"Tunisie : Les nouveaut\u00e9s du syst\u00e8me FCR en 2025\"}]},{\"@type\":\"WebSite\",\"@id\":\"https:\\\/\\\/www.webdo.tn\\\/fr\\\/#website\",\"url\":\"https:\\\/\\\/www.webdo.tn\\\/fr\\\/\",\"name\":\"webdo\",\"description\":\"Tunisie - News en Tunisie et \u00e0 l&#039;international sur Webdo.tn\",\"publisher\":{\"@id\":\"https:\\\/\\\/www.webdo.tn\\\/fr\\\/#organization\"},\"potentialAction\":[{\"@type\":\"SearchAction\",\"target\":{\"@type\":\"EntryPoint\",\"urlTemplate\":\"https:\\\/\\\/www.webdo.tn\\\/fr\\\/?s={search_term_string}\"},\"query-input\":{\"@type\":\"PropertyValueSpecification\",\"valueRequired\":true,\"valueName\":\"search_term_string\"}}],\"inLanguage\":\"fr-FR\"},{\"@type\":\"Organization\",\"@id\":\"https:\\\/\\\/www.webdo.tn\\\/fr\\\/#organization\",\"name\":\"Webdo\",\"alternateName\":\"Webdo.tn\",\"url\":\"https:\\\/\\\/www.webdo.tn\\\/fr\\\/\",\"logo\":{\"@type\":\"ImageObject\",\"inLanguage\":\"fr-FR\",\"@id\":\"https:\\\/\\\/www.webdo.tn\\\/fr\\\/#\\\/schema\\\/logo\\\/image\\\/\",\"url\":\"https:\\\/\\\/www.webdo.tn\\\/fr\\\/wp-content\\\/uploads\\\/2025\\\/06\\\/Webdo-Tunisie_168377.jpg\",\"contentUrl\":\"https:\\\/\\\/www.webdo.tn\\\/fr\\\/wp-content\\\/uploads\\\/2025\\\/06\\\/Webdo-Tunisie_168377.jpg\",\"width\":301,\"height\":301,\"caption\":\"Webdo\"},\"image\":{\"@id\":\"https:\\\/\\\/www.webdo.tn\\\/fr\\\/#\\\/schema\\\/logo\\\/image\\\/\"},\"sameAs\":[\"https:\\\/\\\/www.facebook.com\\\/webdotn\",\"https:\\\/\\\/x.com\\\/webdo_tn\"],\"description\":\"Webdo est un m\u00e9dia num\u00e9rique tunisien fond\u00e9 en 2010, sp\u00e9cialis\u00e9 dans l\u2019actualit\u00e9 nationale et internationale, l\u2019\u00e9conomie, la soci\u00e9t\u00e9 et les analyses politiques. Le site s\u2019adresse \u00e0 un large public francophone et couvre l\u2019information tunisienne en temps r\u00e9el.\",\"email\":\"redac@webdo.tn\",\"legalName\":\"YNJ SARL\",\"foundingDate\":\"2010-09-06\",\"numberOfEmployees\":{\"@type\":\"QuantitativeValue\",\"minValue\":\"11\",\"maxValue\":\"50\"}},{\"@type\":\"Person\",\"@id\":\"https:\\\/\\\/www.webdo.tn\\\/fr\\\/#\\\/schema\\\/person\\\/b8a41c04d93287d375510db360906b34\",\"name\":\"AZ\",\"image\":{\"@type\":\"ImageObject\",\"inLanguage\":\"fr-FR\",\"@id\":\"https:\\\/\\\/secure.gravatar.com\\\/avatar\\\/492b80bada79439de4201dce15cd41eece6c277cfdf1b53382073c79105c1f89?s=96&d=mm&r=g\",\"url\":\"https:\\\/\\\/secure.gravatar.com\\\/avatar\\\/492b80bada79439de4201dce15cd41eece6c277cfdf1b53382073c79105c1f89?s=96&d=mm&r=g\",\"contentUrl\":\"https:\\\/\\\/secure.gravatar.com\\\/avatar\\\/492b80bada79439de4201dce15cd41eece6c277cfdf1b53382073c79105c1f89?s=96&d=mm&r=g\",\"caption\":\"AZ\"},\"url\":\"https:\\\/\\\/www.webdo.tn\\\/fr\\\/actualite\\\/author\\\/az\\\/\"}]}<\/script>\n<!-- \/ Yoast SEO Premium plugin. -->","yoast_head_json":{"title":"Tunisie : Les nouveaut\u00e9s du syst\u00e8me FCR en 2025","description":"Les Tunisiens r\u00e9sidant \u00e0 l'\u00e9tranger peuvent b\u00e9n\u00e9ficier d'une r\u00e9duction de 30 % sur les droits de douane pour la r\u00e9gularisation de leurs v\u00e9hicules. D\u00e9tails et d\u00e9...","canonical":"https:\/\/www.webdo.tn\/fr\/actualite\/national\/tunisie-les-nouveautes-du-systeme-fcr-en-2025\/218990\/","og_locale":"fr_FR","og_type":"article","og_title":"Tunisie : Les nouveaut\u00e9s du syst\u00e8me FCR en 2025","og_description":"Les Tunisiens r\u00e9sidant \u00e0 l'\u00e9tranger peuvent b\u00e9n\u00e9ficier d'une r\u00e9duction de 30 % sur les droits de douane pour la r\u00e9gularisation de leurs v\u00e9hicules. D\u00e9tails et d\u00e9...","og_url":"https:\/\/www.webdo.tn\/fr\/actualite\/national\/tunisie-les-nouveautes-du-systeme-fcr-en-2025\/218990\/","og_site_name":"webdo","article_publisher":"https:\/\/www.facebook.com\/webdotn","article_published_time":"2025-01-10T22:41:00+00:00","article_modified_time":"2025-05-21T09:00:50+00:00","og_image":[{"width":750,"height":400,"url":"https:\/\/www.webdo.tn\/fr\/wp-content\/uploads\/2025\/05\/8b4019ad6e619e88c09fd8f17dd1f4ab-2.webp","type":"image\/webp"}],"author":"AZ","twitter_card":"summary_large_image","twitter_creator":"@webdo_tn","twitter_site":"@webdo_tn","twitter_misc":{"\u00c9crit par":"AZ","Dur\u00e9e de lecture estim\u00e9e":"1 minute"},"schema":{"@context":"https:\/\/schema.org","@graph":[{"@type":"NewsArticle","@id":"https:\/\/www.webdo.tn\/fr\/actualite\/national\/tunisie-les-nouveautes-du-systeme-fcr-en-2025\/218990\/#article","isPartOf":{"@id":"https:\/\/www.webdo.tn\/fr\/actualite\/national\/tunisie-les-nouveautes-du-systeme-fcr-en-2025\/218990\/"},"author":{"name":"AZ","@id":"https:\/\/www.webdo.tn\/fr\/#\/schema\/person\/b8a41c04d93287d375510db360906b34"},"headline":"Tunisie : Les nouveaut\u00e9s du syst\u00e8me FCR en 2025","datePublished":"2025-01-10T22:41:00+00:00","dateModified":"2025-05-21T09:00:50+00:00","mainEntityOfPage":{"@id":"https:\/\/www.webdo.tn\/fr\/actualite\/national\/tunisie-les-nouveautes-du-systeme-fcr-en-2025\/218990\/"},"wordCount":261,"commentCount":0,"publisher":{"@id":"https:\/\/www.webdo.tn\/fr\/#organization"},"image":{"@id":"https:\/\/www.webdo.tn\/fr\/actualite\/national\/tunisie-les-nouveautes-du-systeme-fcr-en-2025\/218990\/#primaryimage"},"thumbnailUrl":"https:\/\/www.webdo.tn\/fr\/wp-content\/uploads\/2025\/05\/8b4019ad6e619e88c09fd8f17dd1f4ab-2.webp","keywords":["douane","fcr","rs","Tunisie"],"articleSection":["National"],"inLanguage":"fr-FR"},{"@type":"WebPage","@id":"https:\/\/www.webdo.tn\/fr\/actualite\/national\/tunisie-les-nouveautes-du-systeme-fcr-en-2025\/218990\/","url":"https:\/\/www.webdo.tn\/fr\/actualite\/national\/tunisie-les-nouveautes-du-systeme-fcr-en-2025\/218990\/","name":"Tunisie : Les nouveaut\u00e9s du syst\u00e8me FCR en 2025","isPartOf":{"@id":"https:\/\/www.webdo.tn\/fr\/#website"},"primaryImageOfPage":{"@id":"https:\/\/www.webdo.tn\/fr\/actualite\/national\/tunisie-les-nouveautes-du-systeme-fcr-en-2025\/218990\/#primaryimage"},"image":{"@id":"https:\/\/www.webdo.tn\/fr\/actualite\/national\/tunisie-les-nouveautes-du-systeme-fcr-en-2025\/218990\/#primaryimage"},"thumbnailUrl":"https:\/\/www.webdo.tn\/fr\/wp-content\/uploads\/2025\/05\/8b4019ad6e619e88c09fd8f17dd1f4ab-2.webp","datePublished":"2025-01-10T22:41:00+00:00","dateModified":"2025-05-21T09:00:50+00:00","description":"Les Tunisiens r\u00e9sidant \u00e0 l'\u00e9tranger peuvent b\u00e9n\u00e9ficier d'une r\u00e9duction de 30 % sur les droits de douane pour la r\u00e9gularisation de leurs v\u00e9hicules. D\u00e9tails et d\u00e9...","breadcrumb":{"@id":"https:\/\/www.webdo.tn\/fr\/actualite\/national\/tunisie-les-nouveautes-du-systeme-fcr-en-2025\/218990\/#breadcrumb"},"inLanguage":"fr-FR","potentialAction":[{"@type":"ReadAction","target":["https:\/\/www.webdo.tn\/fr\/actualite\/national\/tunisie-les-nouveautes-du-systeme-fcr-en-2025\/218990\/"]}]},{"@type":"ImageObject","inLanguage":"fr-FR","@id":"https:\/\/www.webdo.tn\/fr\/actualite\/national\/tunisie-les-nouveautes-du-systeme-fcr-en-2025\/218990\/#primaryimage","url":"https:\/\/www.webdo.tn\/fr\/wp-content\/uploads\/2025\/05\/8b4019ad6e619e88c09fd8f17dd1f4ab-2.webp","contentUrl":"https:\/\/www.webdo.tn\/fr\/wp-content\/uploads\/2025\/05\/8b4019ad6e619e88c09fd8f17dd1f4ab-2.webp","width":750,"height":400},{"@type":"BreadcrumbList","@id":"https:\/\/www.webdo.tn\/fr\/actualite\/national\/tunisie-les-nouveautes-du-systeme-fcr-en-2025\/218990\/#breadcrumb","itemListElement":[{"@type":"ListItem","position":1,"name":"Accueil","item":"https:\/\/www.webdo.tn\/fr\/"},{"@type":"ListItem","position":2,"name":"Tunisie : Les nouveaut\u00e9s du syst\u00e8me FCR en 2025"}]},{"@type":"WebSite","@id":"https:\/\/www.webdo.tn\/fr\/#website","url":"https:\/\/www.webdo.tn\/fr\/","name":"webdo","description":"Tunisie - News en Tunisie et \u00e0 l&#039;international sur Webdo.tn","publisher":{"@id":"https:\/\/www.webdo.tn\/fr\/#organization"},"potentialAction":[{"@type":"SearchAction","target":{"@type":"EntryPoint","urlTemplate":"https:\/\/www.webdo.tn\/fr\/?s={search_term_string}"},"query-input":{"@type":"PropertyValueSpecification","valueRequired":true,"valueName":"search_term_string"}}],"inLanguage":"fr-FR"},{"@type":"Organization","@id":"https:\/\/www.webdo.tn\/fr\/#organization","name":"Webdo","alternateName":"Webdo.tn","url":"https:\/\/www.webdo.tn\/fr\/","logo":{"@type":"ImageObject","inLanguage":"fr-FR","@id":"https:\/\/www.webdo.tn\/fr\/#\/schema\/logo\/image\/","url":"https:\/\/www.webdo.tn\/fr\/wp-content\/uploads\/2025\/06\/Webdo-Tunisie_168377.jpg","contentUrl":"https:\/\/www.webdo.tn\/fr\/wp-content\/uploads\/2025\/06\/Webdo-Tunisie_168377.jpg","width":301,"height":301,"caption":"Webdo"},"image":{"@id":"https:\/\/www.webdo.tn\/fr\/#\/schema\/logo\/image\/"},"sameAs":["https:\/\/www.facebook.com\/webdotn","https:\/\/x.com\/webdo_tn"],"description":"Webdo est un m\u00e9dia num\u00e9rique tunisien fond\u00e9 en 2010, sp\u00e9cialis\u00e9 dans l\u2019actualit\u00e9 nationale et internationale, l\u2019\u00e9conomie, la soci\u00e9t\u00e9 et les analyses politiques. Le site s\u2019adresse \u00e0 un large public francophone et couvre l\u2019information tunisienne en temps r\u00e9el.","email":"redac@webdo.tn","legalName":"YNJ SARL","foundingDate":"2010-09-06","numberOfEmployees":{"@type":"QuantitativeValue","minValue":"11","maxValue":"50"}},{"@type":"Person","@id":"https:\/\/www.webdo.tn\/fr\/#\/schema\/person\/b8a41c04d93287d375510db360906b34","name":"AZ","image":{"@type":"ImageObject","inLanguage":"fr-FR","@id":"https:\/\/secure.gravatar.com\/avatar\/492b80bada79439de4201dce15cd41eece6c277cfdf1b53382073c79105c1f89?s=96&d=mm&r=g","url":"https:\/\/secure.gravatar.com\/avatar\/492b80bada79439de4201dce15cd41eece6c277cfdf1b53382073c79105c1f89?s=96&d=mm&r=g","contentUrl":"https:\/\/secure.gravatar.com\/avatar\/492b80bada79439de4201dce15cd41eece6c277cfdf1b53382073c79105c1f89?s=96&d=mm&r=g","caption":"AZ"},"url":"https:\/\/www.webdo.tn\/fr\/actualite\/author\/az\/"}]}},"_links":{"self":[{"href":"https:\/\/www.webdo.tn\/fr\/wp-json\/wp\/v2\/posts\/218990","targetHints":{"allow":["GET"]}}],"collection":[{"href":"https:\/\/www.webdo.tn\/fr\/wp-json\/wp\/v2\/posts"}],"about":[{"href":"https:\/\/www.webdo.tn\/fr\/wp-json\/wp\/v2\/types\/post"}],"author":[{"embeddable":true,"href":"https:\/\/www.webdo.tn\/fr\/wp-json\/wp\/v2\/users\/3166"}],"replies":[{"embeddable":true,"href":"https:\/\/www.webdo.tn\/fr\/wp-json\/wp\/v2\/comments?post=218990"}],"version-history":[{"count":0,"href":"https:\/\/www.webdo.tn\/fr\/wp-json\/wp\/v2\/posts\/218990\/revisions"}],"wp:featuredmedia":[{"embeddable":true,"href":"https:\/\/www.webdo.tn\/fr\/wp-json\/wp\/v2\/media\/242938"}],"wp:attachment":[{"href":"https:\/\/www.webdo.tn\/fr\/wp-json\/wp\/v2\/media?parent=218990"}],"wp:term":[{"taxonomy":"category","embeddable":true,"href":"https:\/\/www.webdo.tn\/fr\/wp-json\/wp\/v2\/categories?post=218990"},{"taxonomy":"post_tag","embeddable":true,"href":"https:\/\/www.webdo.tn\/fr\/wp-json\/wp\/v2\/tags?post=218990"}],"curies":[{"name":"wp","href":"https:\/\/api.w.org\/{rel}","templated":true}]}}