{"id":218960,"date":"2025-01-09T18:38:00","date_gmt":"2025-01-09T18:38:00","guid":{"rendered":"https:\/\/www.webdo.tn\/fr\/blog\/2025\/01\/09\/tunisie-une-revision-des-tarifs-de-transport-en-perspective\/"},"modified":"2025-05-20T22:20:38","modified_gmt":"2025-05-20T22:20:38","slug":"tunisie-une-revision-des-tarifs-de-transport-en-perspective","status":"publish","type":"post","link":"https:\/\/www.webdo.tn\/fr\/actualite\/national\/tunisie-une-revision-des-tarifs-de-transport-en-perspective\/218960\/","title":{"rendered":"Tunisie : Une r\u00e9vision des tarifs de transport en perspective ?"},"content":{"rendered":"<p>Le pr\u00e9sident de la commission de planification strat\u00e9gique, du d\u00e9veloppement durable, des transports, des infrastructures et de l\u2019am\u00e9nagement urbain, Saber Jelassi, a d\u00e9clar\u00e9 ce jeudi 9 janvier 2025, qu\u2019un accord a \u00e9t\u00e9 sign\u00e9 avec un consortium chinois pour que la Tunisie re\u00e7oive 300 nouveaux bus en juillet prochain et 419 autres d\u2019ici fin 2025.<\/p>\n<p>\t\t\t\t\t\t\t\t\tLors de son intervention sur les ondes de la Radio Nationale, Jellassi a indiqu\u00e9 que 30 rames de m\u00e9tro seront \u00e9galement livr\u00e9es pour renforcer la flotte de transport afin d\u2019atteindre un niveau r\u00e9pondant aux besoins moyens des citoyens.<\/p>\n<p>L\u2019invit\u00e9 de la Radio Nationale a \u00e9galement relev\u00e9 que les bus d\u2019occasion, souvent sujets de moqueries de la part des citoyens, ne sont que des solutions temporaires et limit\u00e9es, selon ses termes.<\/p>\n<p>Saber Jelassi a pr\u00e9cis\u00e9 que bien que ces bus d\u2019occasion constituent une solution provisoire, ils ont caus\u00e9 de nombreux probl\u00e8mes \u00e0 la Soci\u00e9t\u00e9 des Transports de Tunis en raison de l\u2019absence de pi\u00e8ces de rechange. Ainsi, tout bus tombant en panne ne peut \u00eatre r\u00e9par\u00e9 faute de disponibilit\u00e9 des pi\u00e8ces n\u00e9cessaires.<\/p>\n<p>Il a insist\u00e9 sur l\u2019importance de renouveler et de rajeunir la flotte de transport avec des bus neufs pour mieux r\u00e9pondre aux attentes des citoyens.<\/p>\n<p>En ce qui concerne les tarifs de transport, le pr\u00e9sident de la commission a r\u00e9v\u00e9l\u00e9 qu\u2019une harmonisation des tarifs avait d\u00e9j\u00e0 \u00e9t\u00e9 effectu\u00e9e et que le minist\u00e8re des Transports travaillait actuellement \u00e0 une r\u00e9vision des tarifs pour mieux r\u00e9pondre aux besoins des citoyens.<\/p>\n","protected":false},"excerpt":{"rendered":"<p>Lors de son intervention sur les ondes de la Radio Nationale, Jellassi a indiqu\u00e9 que 30 rames de m\u00e9tro seront \u00e9galement livr\u00e9es pour renforcer la flotte de tran&#8230;<\/p>\n","protected":false},"author":3163,"featured_media":242976,"comment_status":"open","ping_status":"open","sticky":false,"template":"","format":"standard","meta":{"footnotes":""},"categories":[44],"tags":[4464,2818,2608],"class_list":["post-218960","post","type-post","status-publish","format-standard","has-post-thumbnail","hentry","category-national","tag-tarifs","tag-transport","tag-tunisie"],"yoast_head":"<!-- This site is optimized with the Yoast SEO Premium plugin v27.4 (Yoast SEO v27.5) - https:\/\/yoast.com\/product\/yoast-seo-premium-wordpress\/ -->\n<title>Tunisie : Une r\u00e9vision des tarifs de transport en perspective ?<\/title>\n<meta name=\"description\" content=\"Lors de son intervention sur les ondes de la Radio Nationale, Jellassi a indiqu\u00e9 que 30 rames de m\u00e9tro seront \u00e9galement livr\u00e9es pour renforcer la flotte de tran...\" \/>\n<link rel=\"canonical\" href=\"https:\/\/www.webdo.tn\/fr\/actualite\/national\/tunisie-une-revision-des-tarifs-de-transport-en-perspective\/218960\/\" \/>\n<meta property=\"og:locale\" content=\"fr_FR\" \/>\n<meta property=\"og:type\" content=\"article\" \/>\n<meta property=\"og:title\" content=\"Tunisie : Une r\u00e9vision des tarifs de transport en perspective ?\" \/>\n<meta property=\"og:description\" content=\"Lors de son intervention sur les ondes de la Radio Nationale, Jellassi a indiqu\u00e9 que 30 rames de m\u00e9tro seront \u00e9galement livr\u00e9es pour renforcer la flotte de tran...\" \/>\n<meta property=\"og:url\" content=\"https:\/\/www.webdo.tn\/fr\/actualite\/national\/tunisie-une-revision-des-tarifs-de-transport-en-perspective\/218960\/\" \/>\n<meta property=\"og:site_name\" content=\"webdo\" \/>\n<meta property=\"article:publisher\" content=\"https:\/\/www.facebook.com\/webdotn\" \/>\n<meta property=\"article:published_time\" content=\"2025-01-09T18:38:00+00:00\" \/>\n<meta property=\"article:modified_time\" content=\"2025-05-20T22:20:38+00:00\" \/>\n<meta property=\"og:image\" content=\"https:\/\/www.webdo.tn\/fr\/wp-content\/uploads\/2025\/05\/416da19f58d20c42ccf7a8031ace6e0d-2.webp\" \/>\n\t<meta property=\"og:image:width\" content=\"750\" \/>\n\t<meta property=\"og:image:height\" content=\"400\" \/>\n\t<meta property=\"og:image:type\" content=\"image\/webp\" \/>\n<meta name=\"author\" content=\"KJ\" \/>\n<meta name=\"twitter:card\" content=\"summary_large_image\" \/>\n<meta name=\"twitter:creator\" content=\"@webdo_tn\" \/>\n<meta name=\"twitter:site\" content=\"@webdo_tn\" \/>\n<meta name=\"twitter:label1\" content=\"\u00c9crit par\" \/>\n\t<meta name=\"twitter:data1\" content=\"KJ\" \/>\n\t<meta name=\"twitter:label2\" content=\"Dur\u00e9e de lecture estim\u00e9e\" \/>\n\t<meta name=\"twitter:data2\" content=\"1 minute\" \/>\n<script type=\"application\/ld+json\" class=\"yoast-schema-graph\">{\"@context\":\"https:\\\/\\\/schema.org\",\"@graph\":[{\"@type\":\"NewsArticle\",\"@id\":\"https:\\\/\\\/www.webdo.tn\\\/fr\\\/actualite\\\/national\\\/tunisie-une-revision-des-tarifs-de-transport-en-perspective\\\/218960\\\/#article\",\"isPartOf\":{\"@id\":\"https:\\\/\\\/www.webdo.tn\\\/fr\\\/actualite\\\/national\\\/tunisie-une-revision-des-tarifs-de-transport-en-perspective\\\/218960\\\/\"},\"author\":{\"name\":\"KJ\",\"@id\":\"https:\\\/\\\/www.webdo.tn\\\/fr\\\/#\\\/schema\\\/person\\\/82ca085b22037d285e1a3c4b65ba5f71\"},\"headline\":\"Tunisie : Une r\u00e9vision des tarifs de transport en perspective ?\",\"datePublished\":\"2025-01-09T18:38:00+00:00\",\"dateModified\":\"2025-05-20T22:20:38+00:00\",\"mainEntityOfPage\":{\"@id\":\"https:\\\/\\\/www.webdo.tn\\\/fr\\\/actualite\\\/national\\\/tunisie-une-revision-des-tarifs-de-transport-en-perspective\\\/218960\\\/\"},\"wordCount\":281,\"commentCount\":0,\"publisher\":{\"@id\":\"https:\\\/\\\/www.webdo.tn\\\/fr\\\/#organization\"},\"image\":{\"@id\":\"https:\\\/\\\/www.webdo.tn\\\/fr\\\/actualite\\\/national\\\/tunisie-une-revision-des-tarifs-de-transport-en-perspective\\\/218960\\\/#primaryimage\"},\"thumbnailUrl\":\"https:\\\/\\\/www.webdo.tn\\\/fr\\\/wp-content\\\/uploads\\\/2025\\\/05\\\/416da19f58d20c42ccf7a8031ace6e0d-2.webp\",\"keywords\":[\"tarifs\",\"Transport\",\"Tunisie\"],\"articleSection\":[\"National\"],\"inLanguage\":\"fr-FR\"},{\"@type\":\"WebPage\",\"@id\":\"https:\\\/\\\/www.webdo.tn\\\/fr\\\/actualite\\\/national\\\/tunisie-une-revision-des-tarifs-de-transport-en-perspective\\\/218960\\\/\",\"url\":\"https:\\\/\\\/www.webdo.tn\\\/fr\\\/actualite\\\/national\\\/tunisie-une-revision-des-tarifs-de-transport-en-perspective\\\/218960\\\/\",\"name\":\"Tunisie : Une r\u00e9vision des tarifs de transport en perspective ?\",\"isPartOf\":{\"@id\":\"https:\\\/\\\/www.webdo.tn\\\/fr\\\/#website\"},\"primaryImageOfPage\":{\"@id\":\"https:\\\/\\\/www.webdo.tn\\\/fr\\\/actualite\\\/national\\\/tunisie-une-revision-des-tarifs-de-transport-en-perspective\\\/218960\\\/#primaryimage\"},\"image\":{\"@id\":\"https:\\\/\\\/www.webdo.tn\\\/fr\\\/actualite\\\/national\\\/tunisie-une-revision-des-tarifs-de-transport-en-perspective\\\/218960\\\/#primaryimage\"},\"thumbnailUrl\":\"https:\\\/\\\/www.webdo.tn\\\/fr\\\/wp-content\\\/uploads\\\/2025\\\/05\\\/416da19f58d20c42ccf7a8031ace6e0d-2.webp\",\"datePublished\":\"2025-01-09T18:38:00+00:00\",\"dateModified\":\"2025-05-20T22:20:38+00:00\",\"description\":\"Lors de son intervention sur les ondes de la Radio Nationale, Jellassi a indiqu\u00e9 que 30 rames de m\u00e9tro seront \u00e9galement livr\u00e9es pour renforcer la flotte de tran...\",\"breadcrumb\":{\"@id\":\"https:\\\/\\\/www.webdo.tn\\\/fr\\\/actualite\\\/national\\\/tunisie-une-revision-des-tarifs-de-transport-en-perspective\\\/218960\\\/#breadcrumb\"},\"inLanguage\":\"fr-FR\",\"potentialAction\":[{\"@type\":\"ReadAction\",\"target\":[\"https:\\\/\\\/www.webdo.tn\\\/fr\\\/actualite\\\/national\\\/tunisie-une-revision-des-tarifs-de-transport-en-perspective\\\/218960\\\/\"]}]},{\"@type\":\"ImageObject\",\"inLanguage\":\"fr-FR\",\"@id\":\"https:\\\/\\\/www.webdo.tn\\\/fr\\\/actualite\\\/national\\\/tunisie-une-revision-des-tarifs-de-transport-en-perspective\\\/218960\\\/#primaryimage\",\"url\":\"https:\\\/\\\/www.webdo.tn\\\/fr\\\/wp-content\\\/uploads\\\/2025\\\/05\\\/416da19f58d20c42ccf7a8031ace6e0d-2.webp\",\"contentUrl\":\"https:\\\/\\\/www.webdo.tn\\\/fr\\\/wp-content\\\/uploads\\\/2025\\\/05\\\/416da19f58d20c42ccf7a8031ace6e0d-2.webp\",\"width\":750,\"height\":400},{\"@type\":\"BreadcrumbList\",\"@id\":\"https:\\\/\\\/www.webdo.tn\\\/fr\\\/actualite\\\/national\\\/tunisie-une-revision-des-tarifs-de-transport-en-perspective\\\/218960\\\/#breadcrumb\",\"itemListElement\":[{\"@type\":\"ListItem\",\"position\":1,\"name\":\"Accueil\",\"item\":\"https:\\\/\\\/www.webdo.tn\\\/fr\\\/\"},{\"@type\":\"ListItem\",\"position\":2,\"name\":\"Tunisie : Une r\u00e9vision des tarifs de transport en perspective ?\"}]},{\"@type\":\"WebSite\",\"@id\":\"https:\\\/\\\/www.webdo.tn\\\/fr\\\/#website\",\"url\":\"https:\\\/\\\/www.webdo.tn\\\/fr\\\/\",\"name\":\"webdo\",\"description\":\"Tunisie - News en Tunisie et \u00e0 l&#039;international sur Webdo.tn\",\"publisher\":{\"@id\":\"https:\\\/\\\/www.webdo.tn\\\/fr\\\/#organization\"},\"potentialAction\":[{\"@type\":\"SearchAction\",\"target\":{\"@type\":\"EntryPoint\",\"urlTemplate\":\"https:\\\/\\\/www.webdo.tn\\\/fr\\\/?s={search_term_string}\"},\"query-input\":{\"@type\":\"PropertyValueSpecification\",\"valueRequired\":true,\"valueName\":\"search_term_string\"}}],\"inLanguage\":\"fr-FR\"},{\"@type\":\"Organization\",\"@id\":\"https:\\\/\\\/www.webdo.tn\\\/fr\\\/#organization\",\"name\":\"Webdo\",\"alternateName\":\"Webdo.tn\",\"url\":\"https:\\\/\\\/www.webdo.tn\\\/fr\\\/\",\"logo\":{\"@type\":\"ImageObject\",\"inLanguage\":\"fr-FR\",\"@id\":\"https:\\\/\\\/www.webdo.tn\\\/fr\\\/#\\\/schema\\\/logo\\\/image\\\/\",\"url\":\"https:\\\/\\\/www.webdo.tn\\\/fr\\\/wp-content\\\/uploads\\\/2025\\\/06\\\/Webdo-Tunisie_168377.jpg\",\"contentUrl\":\"https:\\\/\\\/www.webdo.tn\\\/fr\\\/wp-content\\\/uploads\\\/2025\\\/06\\\/Webdo-Tunisie_168377.jpg\",\"width\":301,\"height\":301,\"caption\":\"Webdo\"},\"image\":{\"@id\":\"https:\\\/\\\/www.webdo.tn\\\/fr\\\/#\\\/schema\\\/logo\\\/image\\\/\"},\"sameAs\":[\"https:\\\/\\\/www.facebook.com\\\/webdotn\",\"https:\\\/\\\/x.com\\\/webdo_tn\"],\"description\":\"Webdo est un m\u00e9dia num\u00e9rique tunisien fond\u00e9 en 2010, sp\u00e9cialis\u00e9 dans l\u2019actualit\u00e9 nationale et internationale, l\u2019\u00e9conomie, la soci\u00e9t\u00e9 et les analyses politiques. Le site s\u2019adresse \u00e0 un large public francophone et couvre l\u2019information tunisienne en temps r\u00e9el.\",\"email\":\"redac@webdo.tn\",\"legalName\":\"YNJ SARL\",\"foundingDate\":\"2010-09-06\",\"numberOfEmployees\":{\"@type\":\"QuantitativeValue\",\"minValue\":\"11\",\"maxValue\":\"50\"}},{\"@type\":\"Person\",\"@id\":\"https:\\\/\\\/www.webdo.tn\\\/fr\\\/#\\\/schema\\\/person\\\/82ca085b22037d285e1a3c4b65ba5f71\",\"name\":\"KJ\",\"image\":{\"@type\":\"ImageObject\",\"inLanguage\":\"fr-FR\",\"@id\":\"https:\\\/\\\/secure.gravatar.com\\\/avatar\\\/1a1320de1c1971c893f00068f760b4113d69504aa21273da17ee95650c5944fd?s=96&d=mm&r=g\",\"url\":\"https:\\\/\\\/secure.gravatar.com\\\/avatar\\\/1a1320de1c1971c893f00068f760b4113d69504aa21273da17ee95650c5944fd?s=96&d=mm&r=g\",\"contentUrl\":\"https:\\\/\\\/secure.gravatar.com\\\/avatar\\\/1a1320de1c1971c893f00068f760b4113d69504aa21273da17ee95650c5944fd?s=96&d=mm&r=g\",\"caption\":\"KJ\"},\"url\":\"https:\\\/\\\/www.webdo.tn\\\/fr\\\/actualite\\\/author\\\/kj\\\/\"}]}<\/script>\n<!-- \/ Yoast SEO Premium plugin. -->","yoast_head_json":{"title":"Tunisie : Une r\u00e9vision des tarifs de transport en perspective ?","description":"Lors de son intervention sur les ondes de la Radio Nationale, Jellassi a indiqu\u00e9 que 30 rames de m\u00e9tro seront \u00e9galement livr\u00e9es pour renforcer la flotte de tran...","canonical":"https:\/\/www.webdo.tn\/fr\/actualite\/national\/tunisie-une-revision-des-tarifs-de-transport-en-perspective\/218960\/","og_locale":"fr_FR","og_type":"article","og_title":"Tunisie : Une r\u00e9vision des tarifs de transport en perspective ?","og_description":"Lors de son intervention sur les ondes de la Radio Nationale, Jellassi a indiqu\u00e9 que 30 rames de m\u00e9tro seront \u00e9galement livr\u00e9es pour renforcer la flotte de tran...","og_url":"https:\/\/www.webdo.tn\/fr\/actualite\/national\/tunisie-une-revision-des-tarifs-de-transport-en-perspective\/218960\/","og_site_name":"webdo","article_publisher":"https:\/\/www.facebook.com\/webdotn","article_published_time":"2025-01-09T18:38:00+00:00","article_modified_time":"2025-05-20T22:20:38+00:00","og_image":[{"width":750,"height":400,"url":"https:\/\/www.webdo.tn\/fr\/wp-content\/uploads\/2025\/05\/416da19f58d20c42ccf7a8031ace6e0d-2.webp","type":"image\/webp"}],"author":"KJ","twitter_card":"summary_large_image","twitter_creator":"@webdo_tn","twitter_site":"@webdo_tn","twitter_misc":{"\u00c9crit par":"KJ","Dur\u00e9e de lecture estim\u00e9e":"1 minute"},"schema":{"@context":"https:\/\/schema.org","@graph":[{"@type":"NewsArticle","@id":"https:\/\/www.webdo.tn\/fr\/actualite\/national\/tunisie-une-revision-des-tarifs-de-transport-en-perspective\/218960\/#article","isPartOf":{"@id":"https:\/\/www.webdo.tn\/fr\/actualite\/national\/tunisie-une-revision-des-tarifs-de-transport-en-perspective\/218960\/"},"author":{"name":"KJ","@id":"https:\/\/www.webdo.tn\/fr\/#\/schema\/person\/82ca085b22037d285e1a3c4b65ba5f71"},"headline":"Tunisie : Une r\u00e9vision des tarifs de transport en perspective ?","datePublished":"2025-01-09T18:38:00+00:00","dateModified":"2025-05-20T22:20:38+00:00","mainEntityOfPage":{"@id":"https:\/\/www.webdo.tn\/fr\/actualite\/national\/tunisie-une-revision-des-tarifs-de-transport-en-perspective\/218960\/"},"wordCount":281,"commentCount":0,"publisher":{"@id":"https:\/\/www.webdo.tn\/fr\/#organization"},"image":{"@id":"https:\/\/www.webdo.tn\/fr\/actualite\/national\/tunisie-une-revision-des-tarifs-de-transport-en-perspective\/218960\/#primaryimage"},"thumbnailUrl":"https:\/\/www.webdo.tn\/fr\/wp-content\/uploads\/2025\/05\/416da19f58d20c42ccf7a8031ace6e0d-2.webp","keywords":["tarifs","Transport","Tunisie"],"articleSection":["National"],"inLanguage":"fr-FR"},{"@type":"WebPage","@id":"https:\/\/www.webdo.tn\/fr\/actualite\/national\/tunisie-une-revision-des-tarifs-de-transport-en-perspective\/218960\/","url":"https:\/\/www.webdo.tn\/fr\/actualite\/national\/tunisie-une-revision-des-tarifs-de-transport-en-perspective\/218960\/","name":"Tunisie : Une r\u00e9vision des tarifs de transport en perspective ?","isPartOf":{"@id":"https:\/\/www.webdo.tn\/fr\/#website"},"primaryImageOfPage":{"@id":"https:\/\/www.webdo.tn\/fr\/actualite\/national\/tunisie-une-revision-des-tarifs-de-transport-en-perspective\/218960\/#primaryimage"},"image":{"@id":"https:\/\/www.webdo.tn\/fr\/actualite\/national\/tunisie-une-revision-des-tarifs-de-transport-en-perspective\/218960\/#primaryimage"},"thumbnailUrl":"https:\/\/www.webdo.tn\/fr\/wp-content\/uploads\/2025\/05\/416da19f58d20c42ccf7a8031ace6e0d-2.webp","datePublished":"2025-01-09T18:38:00+00:00","dateModified":"2025-05-20T22:20:38+00:00","description":"Lors de son intervention sur les ondes de la Radio Nationale, Jellassi a indiqu\u00e9 que 30 rames de m\u00e9tro seront \u00e9galement livr\u00e9es pour renforcer la flotte de tran...","breadcrumb":{"@id":"https:\/\/www.webdo.tn\/fr\/actualite\/national\/tunisie-une-revision-des-tarifs-de-transport-en-perspective\/218960\/#breadcrumb"},"inLanguage":"fr-FR","potentialAction":[{"@type":"ReadAction","target":["https:\/\/www.webdo.tn\/fr\/actualite\/national\/tunisie-une-revision-des-tarifs-de-transport-en-perspective\/218960\/"]}]},{"@type":"ImageObject","inLanguage":"fr-FR","@id":"https:\/\/www.webdo.tn\/fr\/actualite\/national\/tunisie-une-revision-des-tarifs-de-transport-en-perspective\/218960\/#primaryimage","url":"https:\/\/www.webdo.tn\/fr\/wp-content\/uploads\/2025\/05\/416da19f58d20c42ccf7a8031ace6e0d-2.webp","contentUrl":"https:\/\/www.webdo.tn\/fr\/wp-content\/uploads\/2025\/05\/416da19f58d20c42ccf7a8031ace6e0d-2.webp","width":750,"height":400},{"@type":"BreadcrumbList","@id":"https:\/\/www.webdo.tn\/fr\/actualite\/national\/tunisie-une-revision-des-tarifs-de-transport-en-perspective\/218960\/#breadcrumb","itemListElement":[{"@type":"ListItem","position":1,"name":"Accueil","item":"https:\/\/www.webdo.tn\/fr\/"},{"@type":"ListItem","position":2,"name":"Tunisie : Une r\u00e9vision des tarifs de transport en perspective ?"}]},{"@type":"WebSite","@id":"https:\/\/www.webdo.tn\/fr\/#website","url":"https:\/\/www.webdo.tn\/fr\/","name":"webdo","description":"Tunisie - News en Tunisie et \u00e0 l&#039;international sur Webdo.tn","publisher":{"@id":"https:\/\/www.webdo.tn\/fr\/#organization"},"potentialAction":[{"@type":"SearchAction","target":{"@type":"EntryPoint","urlTemplate":"https:\/\/www.webdo.tn\/fr\/?s={search_term_string}"},"query-input":{"@type":"PropertyValueSpecification","valueRequired":true,"valueName":"search_term_string"}}],"inLanguage":"fr-FR"},{"@type":"Organization","@id":"https:\/\/www.webdo.tn\/fr\/#organization","name":"Webdo","alternateName":"Webdo.tn","url":"https:\/\/www.webdo.tn\/fr\/","logo":{"@type":"ImageObject","inLanguage":"fr-FR","@id":"https:\/\/www.webdo.tn\/fr\/#\/schema\/logo\/image\/","url":"https:\/\/www.webdo.tn\/fr\/wp-content\/uploads\/2025\/06\/Webdo-Tunisie_168377.jpg","contentUrl":"https:\/\/www.webdo.tn\/fr\/wp-content\/uploads\/2025\/06\/Webdo-Tunisie_168377.jpg","width":301,"height":301,"caption":"Webdo"},"image":{"@id":"https:\/\/www.webdo.tn\/fr\/#\/schema\/logo\/image\/"},"sameAs":["https:\/\/www.facebook.com\/webdotn","https:\/\/x.com\/webdo_tn"],"description":"Webdo est un m\u00e9dia num\u00e9rique tunisien fond\u00e9 en 2010, sp\u00e9cialis\u00e9 dans l\u2019actualit\u00e9 nationale et internationale, l\u2019\u00e9conomie, la soci\u00e9t\u00e9 et les analyses politiques. Le site s\u2019adresse \u00e0 un large public francophone et couvre l\u2019information tunisienne en temps r\u00e9el.","email":"redac@webdo.tn","legalName":"YNJ SARL","foundingDate":"2010-09-06","numberOfEmployees":{"@type":"QuantitativeValue","minValue":"11","maxValue":"50"}},{"@type":"Person","@id":"https:\/\/www.webdo.tn\/fr\/#\/schema\/person\/82ca085b22037d285e1a3c4b65ba5f71","name":"KJ","image":{"@type":"ImageObject","inLanguage":"fr-FR","@id":"https:\/\/secure.gravatar.com\/avatar\/1a1320de1c1971c893f00068f760b4113d69504aa21273da17ee95650c5944fd?s=96&d=mm&r=g","url":"https:\/\/secure.gravatar.com\/avatar\/1a1320de1c1971c893f00068f760b4113d69504aa21273da17ee95650c5944fd?s=96&d=mm&r=g","contentUrl":"https:\/\/secure.gravatar.com\/avatar\/1a1320de1c1971c893f00068f760b4113d69504aa21273da17ee95650c5944fd?s=96&d=mm&r=g","caption":"KJ"},"url":"https:\/\/www.webdo.tn\/fr\/actualite\/author\/kj\/"}]}},"_links":{"self":[{"href":"https:\/\/www.webdo.tn\/fr\/wp-json\/wp\/v2\/posts\/218960","targetHints":{"allow":["GET"]}}],"collection":[{"href":"https:\/\/www.webdo.tn\/fr\/wp-json\/wp\/v2\/posts"}],"about":[{"href":"https:\/\/www.webdo.tn\/fr\/wp-json\/wp\/v2\/types\/post"}],"author":[{"embeddable":true,"href":"https:\/\/www.webdo.tn\/fr\/wp-json\/wp\/v2\/users\/3163"}],"replies":[{"embeddable":true,"href":"https:\/\/www.webdo.tn\/fr\/wp-json\/wp\/v2\/comments?post=218960"}],"version-history":[{"count":0,"href":"https:\/\/www.webdo.tn\/fr\/wp-json\/wp\/v2\/posts\/218960\/revisions"}],"wp:featuredmedia":[{"embeddable":true,"href":"https:\/\/www.webdo.tn\/fr\/wp-json\/wp\/v2\/media\/242976"}],"wp:attachment":[{"href":"https:\/\/www.webdo.tn\/fr\/wp-json\/wp\/v2\/media?parent=218960"}],"wp:term":[{"taxonomy":"category","embeddable":true,"href":"https:\/\/www.webdo.tn\/fr\/wp-json\/wp\/v2\/categories?post=218960"},{"taxonomy":"post_tag","embeddable":true,"href":"https:\/\/www.webdo.tn\/fr\/wp-json\/wp\/v2\/tags?post=218960"}],"curies":[{"name":"wp","href":"https:\/\/api.w.org\/{rel}","templated":true}]}}