{"id":218958,"date":"2025-01-09T18:08:00","date_gmt":"2025-01-09T18:08:00","guid":{"rendered":"https:\/\/www.webdo.tn\/fr\/blog\/2025\/01\/09\/electricite-deux-accords-signes-entre-la-tunisie-et-l-algerie\/"},"modified":"2025-05-20T22:20:37","modified_gmt":"2025-05-20T22:20:37","slug":"electricite-deux-accords-signes-entre-la-tunisie-et-l-algerie","status":"publish","type":"post","link":"https:\/\/www.webdo.tn\/fr\/actualite\/national\/electricite-deux-accords-signes-entre-la-tunisie-et-l-algerie\/218958\/","title":{"rendered":"Electricit\u00e9 : Deux accords sign\u00e9s entre la Tunisie et l\u2019Alg\u00e9rie"},"content":{"rendered":"<p>Le renforcement de la coop\u00e9ration tuniso-alg\u00e9rienne dans le secteur de l\u2019\u00e9lectricit\u00e9 a \u00e9t\u00e9 au c\u0153ur de la rencontre qui a r\u00e9uni, ce jeudi 9 janvier 2025, la ministre de l&rsquo;Industrie, des Mines et de l&rsquo;\u00c9nergie, Fatma Thabet Chiboub, avec le pr\u00e9sident-directeur g\u00e9n\u00e9ral de la soci\u00e9t\u00e9 alg\u00e9rienne de l\u2019\u00e9lectricit\u00e9 et du gaz \u00ab\u00a0Sonelgaz\u00a0\u00bb, Mourad Adjal.<\/p>\n<p>Lors de cette r\u00e9union, deux accords ont \u00e9t\u00e9 sign\u00e9s entre la Soci\u00e9t\u00e9 Tunisienne de l&rsquo;\u00c9lectricit\u00e9 et du Gaz (STEG) et son homologue alg\u00e9rienne, selon un communiqu\u00e9 du minist\u00e8re de l&rsquo;Industrie, des Mines et de l&rsquo;\u00c9nergie.\u00a0<\/p>\n<p>Ces accords visent \u00e0 renforcer davantage le partenariat \u00e9conomique et social entre les deux parties, ainsi qu\u2019\u00e0 favoriser l\u2019\u00e9change de connaissances et d\u2019expertises techniques, ce qui contribuera \u00e0 intensifier les \u00e9changes \u00e9lectriques et \u00e0 r\u00e9aliser les projets \u00e9nerg\u00e9tiques futurs dans les deux pays.<\/p>\n<p>La r\u00e9union a \u00e9galement abord\u00e9 le d\u00e9veloppement accru de la coop\u00e9ration dans le secteur \u00e9nerg\u00e9tique et le renforcement de l\u2019interconnexion \u00e9lectrique tripartite entre la Tunisie, l\u2019Alg\u00e9rie et la Libye. Cette initiative vise \u00e0 relever plusieurs d\u00e9fis \u00e9nerg\u00e9tiques, notamment pour r\u00e9pondre aux pics de consommation d\u2019\u00e9lectricit\u00e9 durant l\u2019\u00e9t\u00e9 et r\u00e9duire la pression sur les r\u00e9seaux de transport et de distribution.<\/p>\n<p>La ministre de l\u2019Industrie a soulign\u00e9 l\u2019importance de cette rencontre, qui refl\u00e8te la volont\u00e9 commune des deux pays, au plus haut niveau, de d\u00e9velopper les bases de leur coop\u00e9ration dans tous les domaines, et en particulier dans le secteur \u00e9nerg\u00e9tique, consid\u00e9r\u00e9 aujourd\u2019hui comme l\u2019un des plus dynamiques pour le d\u00e9veloppement \u00e9conomique et social.<\/p>\n<p>De son c\u00f4t\u00e9, Mourad Adjal a insist\u00e9 sur la n\u00e9cessit\u00e9 de redoubler d\u2019efforts de part et d\u2019autre afin d\u2019\u00e9largir les horizons du partenariat bilat\u00e9ral et d\u2019atteindre un plus grand niveau d\u2019int\u00e9gration et de compl\u00e9mentarit\u00e9.<\/p>\n","protected":false},"excerpt":{"rendered":"<p>Lors de cette r\u00e9union, deux accords ont \u00e9t\u00e9 sign\u00e9s entre la Soci\u00e9t\u00e9 Tunisienne de l&rsquo;\u00c9lectricit\u00e9 et du Gaz (STEG) et son homologue alg\u00e9rienne, selon un communiqu&#8230;<\/p>\n","protected":false},"author":3163,"featured_media":242972,"comment_status":"open","ping_status":"open","sticky":false,"template":"","format":"standard","meta":{"footnotes":""},"categories":[44],"tags":[2907,3765,2608],"class_list":["post-218958","post","type-post","status-publish","format-standard","has-post-thumbnail","hentry","category-national","tag-algerie","tag-electricite","tag-tunisie"],"yoast_head":"<!-- This site is optimized with the Yoast SEO Premium plugin v27.4 (Yoast SEO v27.5) - https:\/\/yoast.com\/product\/yoast-seo-premium-wordpress\/ -->\n<title>Electricit\u00e9 : Deux accords sign\u00e9s entre la Tunisie et l\u2019Alg\u00e9rie<\/title>\n<meta name=\"description\" content=\"Lors de cette r\u00e9union, deux accords ont \u00e9t\u00e9 sign\u00e9s entre la Soci\u00e9t\u00e9 Tunisienne de l&#039;\u00c9lectricit\u00e9 et du Gaz (STEG) et son homologue alg\u00e9rienne, selon un communiqu...\" \/>\n<link rel=\"canonical\" href=\"https:\/\/www.webdo.tn\/fr\/actualite\/national\/electricite-deux-accords-signes-entre-la-tunisie-et-l-algerie\/218958\/\" \/>\n<meta property=\"og:locale\" content=\"fr_FR\" \/>\n<meta property=\"og:type\" content=\"article\" \/>\n<meta property=\"og:title\" content=\"Electricit\u00e9 : Deux accords sign\u00e9s entre la Tunisie et l\u2019Alg\u00e9rie\" \/>\n<meta property=\"og:description\" content=\"Lors de cette r\u00e9union, deux accords ont \u00e9t\u00e9 sign\u00e9s entre la Soci\u00e9t\u00e9 Tunisienne de l&#039;\u00c9lectricit\u00e9 et du Gaz (STEG) et son homologue alg\u00e9rienne, selon un communiqu...\" \/>\n<meta property=\"og:url\" content=\"https:\/\/www.webdo.tn\/fr\/actualite\/national\/electricite-deux-accords-signes-entre-la-tunisie-et-l-algerie\/218958\/\" \/>\n<meta property=\"og:site_name\" content=\"webdo\" \/>\n<meta property=\"article:publisher\" content=\"https:\/\/www.facebook.com\/webdotn\" \/>\n<meta property=\"article:published_time\" content=\"2025-01-09T18:08:00+00:00\" \/>\n<meta property=\"article:modified_time\" content=\"2025-05-20T22:20:37+00:00\" \/>\n<meta property=\"og:image\" content=\"https:\/\/www.webdo.tn\/fr\/wp-content\/uploads\/2025\/05\/fbb3150d61b1f40672d950e510cdee45-2.webp\" \/>\n\t<meta property=\"og:image:width\" content=\"750\" \/>\n\t<meta property=\"og:image:height\" content=\"400\" \/>\n\t<meta property=\"og:image:type\" content=\"image\/webp\" \/>\n<meta name=\"author\" content=\"KJ\" \/>\n<meta name=\"twitter:card\" content=\"summary_large_image\" \/>\n<meta name=\"twitter:creator\" content=\"@webdo_tn\" \/>\n<meta name=\"twitter:site\" content=\"@webdo_tn\" \/>\n<meta name=\"twitter:label1\" content=\"\u00c9crit par\" \/>\n\t<meta name=\"twitter:data1\" content=\"KJ\" \/>\n\t<meta name=\"twitter:label2\" content=\"Dur\u00e9e de lecture estim\u00e9e\" \/>\n\t<meta name=\"twitter:data2\" content=\"2 minutes\" \/>\n<script type=\"application\/ld+json\" class=\"yoast-schema-graph\">{\"@context\":\"https:\\\/\\\/schema.org\",\"@graph\":[{\"@type\":\"NewsArticle\",\"@id\":\"https:\\\/\\\/www.webdo.tn\\\/fr\\\/actualite\\\/national\\\/electricite-deux-accords-signes-entre-la-tunisie-et-l-algerie\\\/218958\\\/#article\",\"isPartOf\":{\"@id\":\"https:\\\/\\\/www.webdo.tn\\\/fr\\\/actualite\\\/national\\\/electricite-deux-accords-signes-entre-la-tunisie-et-l-algerie\\\/218958\\\/\"},\"author\":{\"name\":\"KJ\",\"@id\":\"https:\\\/\\\/www.webdo.tn\\\/fr\\\/#\\\/schema\\\/person\\\/82ca085b22037d285e1a3c4b65ba5f71\"},\"headline\":\"Electricit\u00e9 : Deux accords sign\u00e9s entre la Tunisie et l\u2019Alg\u00e9rie\",\"datePublished\":\"2025-01-09T18:08:00+00:00\",\"dateModified\":\"2025-05-20T22:20:37+00:00\",\"mainEntityOfPage\":{\"@id\":\"https:\\\/\\\/www.webdo.tn\\\/fr\\\/actualite\\\/national\\\/electricite-deux-accords-signes-entre-la-tunisie-et-l-algerie\\\/218958\\\/\"},\"wordCount\":343,\"commentCount\":0,\"publisher\":{\"@id\":\"https:\\\/\\\/www.webdo.tn\\\/fr\\\/#organization\"},\"image\":{\"@id\":\"https:\\\/\\\/www.webdo.tn\\\/fr\\\/actualite\\\/national\\\/electricite-deux-accords-signes-entre-la-tunisie-et-l-algerie\\\/218958\\\/#primaryimage\"},\"thumbnailUrl\":\"https:\\\/\\\/www.webdo.tn\\\/fr\\\/wp-content\\\/uploads\\\/2025\\\/05\\\/fbb3150d61b1f40672d950e510cdee45-2.webp\",\"keywords\":[\"Alg\u00e9rie\",\"\u00e9lectricit\u00e9\",\"Tunisie\"],\"articleSection\":[\"National\"],\"inLanguage\":\"fr-FR\"},{\"@type\":\"WebPage\",\"@id\":\"https:\\\/\\\/www.webdo.tn\\\/fr\\\/actualite\\\/national\\\/electricite-deux-accords-signes-entre-la-tunisie-et-l-algerie\\\/218958\\\/\",\"url\":\"https:\\\/\\\/www.webdo.tn\\\/fr\\\/actualite\\\/national\\\/electricite-deux-accords-signes-entre-la-tunisie-et-l-algerie\\\/218958\\\/\",\"name\":\"Electricit\u00e9 : Deux accords sign\u00e9s entre la Tunisie et l\u2019Alg\u00e9rie\",\"isPartOf\":{\"@id\":\"https:\\\/\\\/www.webdo.tn\\\/fr\\\/#website\"},\"primaryImageOfPage\":{\"@id\":\"https:\\\/\\\/www.webdo.tn\\\/fr\\\/actualite\\\/national\\\/electricite-deux-accords-signes-entre-la-tunisie-et-l-algerie\\\/218958\\\/#primaryimage\"},\"image\":{\"@id\":\"https:\\\/\\\/www.webdo.tn\\\/fr\\\/actualite\\\/national\\\/electricite-deux-accords-signes-entre-la-tunisie-et-l-algerie\\\/218958\\\/#primaryimage\"},\"thumbnailUrl\":\"https:\\\/\\\/www.webdo.tn\\\/fr\\\/wp-content\\\/uploads\\\/2025\\\/05\\\/fbb3150d61b1f40672d950e510cdee45-2.webp\",\"datePublished\":\"2025-01-09T18:08:00+00:00\",\"dateModified\":\"2025-05-20T22:20:37+00:00\",\"description\":\"Lors de cette r\u00e9union, deux accords ont \u00e9t\u00e9 sign\u00e9s entre la Soci\u00e9t\u00e9 Tunisienne de l'\u00c9lectricit\u00e9 et du Gaz (STEG) et son homologue alg\u00e9rienne, selon un communiqu...\",\"breadcrumb\":{\"@id\":\"https:\\\/\\\/www.webdo.tn\\\/fr\\\/actualite\\\/national\\\/electricite-deux-accords-signes-entre-la-tunisie-et-l-algerie\\\/218958\\\/#breadcrumb\"},\"inLanguage\":\"fr-FR\",\"potentialAction\":[{\"@type\":\"ReadAction\",\"target\":[\"https:\\\/\\\/www.webdo.tn\\\/fr\\\/actualite\\\/national\\\/electricite-deux-accords-signes-entre-la-tunisie-et-l-algerie\\\/218958\\\/\"]}]},{\"@type\":\"ImageObject\",\"inLanguage\":\"fr-FR\",\"@id\":\"https:\\\/\\\/www.webdo.tn\\\/fr\\\/actualite\\\/national\\\/electricite-deux-accords-signes-entre-la-tunisie-et-l-algerie\\\/218958\\\/#primaryimage\",\"url\":\"https:\\\/\\\/www.webdo.tn\\\/fr\\\/wp-content\\\/uploads\\\/2025\\\/05\\\/fbb3150d61b1f40672d950e510cdee45-2.webp\",\"contentUrl\":\"https:\\\/\\\/www.webdo.tn\\\/fr\\\/wp-content\\\/uploads\\\/2025\\\/05\\\/fbb3150d61b1f40672d950e510cdee45-2.webp\",\"width\":750,\"height\":400},{\"@type\":\"BreadcrumbList\",\"@id\":\"https:\\\/\\\/www.webdo.tn\\\/fr\\\/actualite\\\/national\\\/electricite-deux-accords-signes-entre-la-tunisie-et-l-algerie\\\/218958\\\/#breadcrumb\",\"itemListElement\":[{\"@type\":\"ListItem\",\"position\":1,\"name\":\"Accueil\",\"item\":\"https:\\\/\\\/www.webdo.tn\\\/fr\\\/\"},{\"@type\":\"ListItem\",\"position\":2,\"name\":\"Electricit\u00e9 : Deux accords sign\u00e9s entre la Tunisie et l\u2019Alg\u00e9rie\"}]},{\"@type\":\"WebSite\",\"@id\":\"https:\\\/\\\/www.webdo.tn\\\/fr\\\/#website\",\"url\":\"https:\\\/\\\/www.webdo.tn\\\/fr\\\/\",\"name\":\"webdo\",\"description\":\"Tunisie - News en Tunisie et \u00e0 l&#039;international sur Webdo.tn\",\"publisher\":{\"@id\":\"https:\\\/\\\/www.webdo.tn\\\/fr\\\/#organization\"},\"potentialAction\":[{\"@type\":\"SearchAction\",\"target\":{\"@type\":\"EntryPoint\",\"urlTemplate\":\"https:\\\/\\\/www.webdo.tn\\\/fr\\\/?s={search_term_string}\"},\"query-input\":{\"@type\":\"PropertyValueSpecification\",\"valueRequired\":true,\"valueName\":\"search_term_string\"}}],\"inLanguage\":\"fr-FR\"},{\"@type\":\"Organization\",\"@id\":\"https:\\\/\\\/www.webdo.tn\\\/fr\\\/#organization\",\"name\":\"Webdo\",\"alternateName\":\"Webdo.tn\",\"url\":\"https:\\\/\\\/www.webdo.tn\\\/fr\\\/\",\"logo\":{\"@type\":\"ImageObject\",\"inLanguage\":\"fr-FR\",\"@id\":\"https:\\\/\\\/www.webdo.tn\\\/fr\\\/#\\\/schema\\\/logo\\\/image\\\/\",\"url\":\"https:\\\/\\\/www.webdo.tn\\\/fr\\\/wp-content\\\/uploads\\\/2025\\\/06\\\/Webdo-Tunisie_168377.jpg\",\"contentUrl\":\"https:\\\/\\\/www.webdo.tn\\\/fr\\\/wp-content\\\/uploads\\\/2025\\\/06\\\/Webdo-Tunisie_168377.jpg\",\"width\":301,\"height\":301,\"caption\":\"Webdo\"},\"image\":{\"@id\":\"https:\\\/\\\/www.webdo.tn\\\/fr\\\/#\\\/schema\\\/logo\\\/image\\\/\"},\"sameAs\":[\"https:\\\/\\\/www.facebook.com\\\/webdotn\",\"https:\\\/\\\/x.com\\\/webdo_tn\"],\"description\":\"Webdo est un m\u00e9dia num\u00e9rique tunisien fond\u00e9 en 2010, sp\u00e9cialis\u00e9 dans l\u2019actualit\u00e9 nationale et internationale, l\u2019\u00e9conomie, la soci\u00e9t\u00e9 et les analyses politiques. Le site s\u2019adresse \u00e0 un large public francophone et couvre l\u2019information tunisienne en temps r\u00e9el.\",\"email\":\"redac@webdo.tn\",\"legalName\":\"YNJ SARL\",\"foundingDate\":\"2010-09-06\",\"numberOfEmployees\":{\"@type\":\"QuantitativeValue\",\"minValue\":\"11\",\"maxValue\":\"50\"}},{\"@type\":\"Person\",\"@id\":\"https:\\\/\\\/www.webdo.tn\\\/fr\\\/#\\\/schema\\\/person\\\/82ca085b22037d285e1a3c4b65ba5f71\",\"name\":\"KJ\",\"image\":{\"@type\":\"ImageObject\",\"inLanguage\":\"fr-FR\",\"@id\":\"https:\\\/\\\/secure.gravatar.com\\\/avatar\\\/1a1320de1c1971c893f00068f760b4113d69504aa21273da17ee95650c5944fd?s=96&d=mm&r=g\",\"url\":\"https:\\\/\\\/secure.gravatar.com\\\/avatar\\\/1a1320de1c1971c893f00068f760b4113d69504aa21273da17ee95650c5944fd?s=96&d=mm&r=g\",\"contentUrl\":\"https:\\\/\\\/secure.gravatar.com\\\/avatar\\\/1a1320de1c1971c893f00068f760b4113d69504aa21273da17ee95650c5944fd?s=96&d=mm&r=g\",\"caption\":\"KJ\"},\"url\":\"https:\\\/\\\/www.webdo.tn\\\/fr\\\/actualite\\\/author\\\/kj\\\/\"}]}<\/script>\n<!-- \/ Yoast SEO Premium plugin. -->","yoast_head_json":{"title":"Electricit\u00e9 : Deux accords sign\u00e9s entre la Tunisie et l\u2019Alg\u00e9rie","description":"Lors de cette r\u00e9union, deux accords ont \u00e9t\u00e9 sign\u00e9s entre la Soci\u00e9t\u00e9 Tunisienne de l'\u00c9lectricit\u00e9 et du Gaz (STEG) et son homologue alg\u00e9rienne, selon un communiqu...","canonical":"https:\/\/www.webdo.tn\/fr\/actualite\/national\/electricite-deux-accords-signes-entre-la-tunisie-et-l-algerie\/218958\/","og_locale":"fr_FR","og_type":"article","og_title":"Electricit\u00e9 : Deux accords sign\u00e9s entre la Tunisie et l\u2019Alg\u00e9rie","og_description":"Lors de cette r\u00e9union, deux accords ont \u00e9t\u00e9 sign\u00e9s entre la Soci\u00e9t\u00e9 Tunisienne de l'\u00c9lectricit\u00e9 et du Gaz (STEG) et son homologue alg\u00e9rienne, selon un communiqu...","og_url":"https:\/\/www.webdo.tn\/fr\/actualite\/national\/electricite-deux-accords-signes-entre-la-tunisie-et-l-algerie\/218958\/","og_site_name":"webdo","article_publisher":"https:\/\/www.facebook.com\/webdotn","article_published_time":"2025-01-09T18:08:00+00:00","article_modified_time":"2025-05-20T22:20:37+00:00","og_image":[{"width":750,"height":400,"url":"https:\/\/www.webdo.tn\/fr\/wp-content\/uploads\/2025\/05\/fbb3150d61b1f40672d950e510cdee45-2.webp","type":"image\/webp"}],"author":"KJ","twitter_card":"summary_large_image","twitter_creator":"@webdo_tn","twitter_site":"@webdo_tn","twitter_misc":{"\u00c9crit par":"KJ","Dur\u00e9e de lecture estim\u00e9e":"2 minutes"},"schema":{"@context":"https:\/\/schema.org","@graph":[{"@type":"NewsArticle","@id":"https:\/\/www.webdo.tn\/fr\/actualite\/national\/electricite-deux-accords-signes-entre-la-tunisie-et-l-algerie\/218958\/#article","isPartOf":{"@id":"https:\/\/www.webdo.tn\/fr\/actualite\/national\/electricite-deux-accords-signes-entre-la-tunisie-et-l-algerie\/218958\/"},"author":{"name":"KJ","@id":"https:\/\/www.webdo.tn\/fr\/#\/schema\/person\/82ca085b22037d285e1a3c4b65ba5f71"},"headline":"Electricit\u00e9 : Deux accords sign\u00e9s entre la Tunisie et l\u2019Alg\u00e9rie","datePublished":"2025-01-09T18:08:00+00:00","dateModified":"2025-05-20T22:20:37+00:00","mainEntityOfPage":{"@id":"https:\/\/www.webdo.tn\/fr\/actualite\/national\/electricite-deux-accords-signes-entre-la-tunisie-et-l-algerie\/218958\/"},"wordCount":343,"commentCount":0,"publisher":{"@id":"https:\/\/www.webdo.tn\/fr\/#organization"},"image":{"@id":"https:\/\/www.webdo.tn\/fr\/actualite\/national\/electricite-deux-accords-signes-entre-la-tunisie-et-l-algerie\/218958\/#primaryimage"},"thumbnailUrl":"https:\/\/www.webdo.tn\/fr\/wp-content\/uploads\/2025\/05\/fbb3150d61b1f40672d950e510cdee45-2.webp","keywords":["Alg\u00e9rie","\u00e9lectricit\u00e9","Tunisie"],"articleSection":["National"],"inLanguage":"fr-FR"},{"@type":"WebPage","@id":"https:\/\/www.webdo.tn\/fr\/actualite\/national\/electricite-deux-accords-signes-entre-la-tunisie-et-l-algerie\/218958\/","url":"https:\/\/www.webdo.tn\/fr\/actualite\/national\/electricite-deux-accords-signes-entre-la-tunisie-et-l-algerie\/218958\/","name":"Electricit\u00e9 : Deux accords sign\u00e9s entre la Tunisie et l\u2019Alg\u00e9rie","isPartOf":{"@id":"https:\/\/www.webdo.tn\/fr\/#website"},"primaryImageOfPage":{"@id":"https:\/\/www.webdo.tn\/fr\/actualite\/national\/electricite-deux-accords-signes-entre-la-tunisie-et-l-algerie\/218958\/#primaryimage"},"image":{"@id":"https:\/\/www.webdo.tn\/fr\/actualite\/national\/electricite-deux-accords-signes-entre-la-tunisie-et-l-algerie\/218958\/#primaryimage"},"thumbnailUrl":"https:\/\/www.webdo.tn\/fr\/wp-content\/uploads\/2025\/05\/fbb3150d61b1f40672d950e510cdee45-2.webp","datePublished":"2025-01-09T18:08:00+00:00","dateModified":"2025-05-20T22:20:37+00:00","description":"Lors de cette r\u00e9union, deux accords ont \u00e9t\u00e9 sign\u00e9s entre la Soci\u00e9t\u00e9 Tunisienne de l'\u00c9lectricit\u00e9 et du Gaz (STEG) et son homologue alg\u00e9rienne, selon un communiqu...","breadcrumb":{"@id":"https:\/\/www.webdo.tn\/fr\/actualite\/national\/electricite-deux-accords-signes-entre-la-tunisie-et-l-algerie\/218958\/#breadcrumb"},"inLanguage":"fr-FR","potentialAction":[{"@type":"ReadAction","target":["https:\/\/www.webdo.tn\/fr\/actualite\/national\/electricite-deux-accords-signes-entre-la-tunisie-et-l-algerie\/218958\/"]}]},{"@type":"ImageObject","inLanguage":"fr-FR","@id":"https:\/\/www.webdo.tn\/fr\/actualite\/national\/electricite-deux-accords-signes-entre-la-tunisie-et-l-algerie\/218958\/#primaryimage","url":"https:\/\/www.webdo.tn\/fr\/wp-content\/uploads\/2025\/05\/fbb3150d61b1f40672d950e510cdee45-2.webp","contentUrl":"https:\/\/www.webdo.tn\/fr\/wp-content\/uploads\/2025\/05\/fbb3150d61b1f40672d950e510cdee45-2.webp","width":750,"height":400},{"@type":"BreadcrumbList","@id":"https:\/\/www.webdo.tn\/fr\/actualite\/national\/electricite-deux-accords-signes-entre-la-tunisie-et-l-algerie\/218958\/#breadcrumb","itemListElement":[{"@type":"ListItem","position":1,"name":"Accueil","item":"https:\/\/www.webdo.tn\/fr\/"},{"@type":"ListItem","position":2,"name":"Electricit\u00e9 : Deux accords sign\u00e9s entre la Tunisie et l\u2019Alg\u00e9rie"}]},{"@type":"WebSite","@id":"https:\/\/www.webdo.tn\/fr\/#website","url":"https:\/\/www.webdo.tn\/fr\/","name":"webdo","description":"Tunisie - News en Tunisie et \u00e0 l&#039;international sur Webdo.tn","publisher":{"@id":"https:\/\/www.webdo.tn\/fr\/#organization"},"potentialAction":[{"@type":"SearchAction","target":{"@type":"EntryPoint","urlTemplate":"https:\/\/www.webdo.tn\/fr\/?s={search_term_string}"},"query-input":{"@type":"PropertyValueSpecification","valueRequired":true,"valueName":"search_term_string"}}],"inLanguage":"fr-FR"},{"@type":"Organization","@id":"https:\/\/www.webdo.tn\/fr\/#organization","name":"Webdo","alternateName":"Webdo.tn","url":"https:\/\/www.webdo.tn\/fr\/","logo":{"@type":"ImageObject","inLanguage":"fr-FR","@id":"https:\/\/www.webdo.tn\/fr\/#\/schema\/logo\/image\/","url":"https:\/\/www.webdo.tn\/fr\/wp-content\/uploads\/2025\/06\/Webdo-Tunisie_168377.jpg","contentUrl":"https:\/\/www.webdo.tn\/fr\/wp-content\/uploads\/2025\/06\/Webdo-Tunisie_168377.jpg","width":301,"height":301,"caption":"Webdo"},"image":{"@id":"https:\/\/www.webdo.tn\/fr\/#\/schema\/logo\/image\/"},"sameAs":["https:\/\/www.facebook.com\/webdotn","https:\/\/x.com\/webdo_tn"],"description":"Webdo est un m\u00e9dia num\u00e9rique tunisien fond\u00e9 en 2010, sp\u00e9cialis\u00e9 dans l\u2019actualit\u00e9 nationale et internationale, l\u2019\u00e9conomie, la soci\u00e9t\u00e9 et les analyses politiques. Le site s\u2019adresse \u00e0 un large public francophone et couvre l\u2019information tunisienne en temps r\u00e9el.","email":"redac@webdo.tn","legalName":"YNJ SARL","foundingDate":"2010-09-06","numberOfEmployees":{"@type":"QuantitativeValue","minValue":"11","maxValue":"50"}},{"@type":"Person","@id":"https:\/\/www.webdo.tn\/fr\/#\/schema\/person\/82ca085b22037d285e1a3c4b65ba5f71","name":"KJ","image":{"@type":"ImageObject","inLanguage":"fr-FR","@id":"https:\/\/secure.gravatar.com\/avatar\/1a1320de1c1971c893f00068f760b4113d69504aa21273da17ee95650c5944fd?s=96&d=mm&r=g","url":"https:\/\/secure.gravatar.com\/avatar\/1a1320de1c1971c893f00068f760b4113d69504aa21273da17ee95650c5944fd?s=96&d=mm&r=g","contentUrl":"https:\/\/secure.gravatar.com\/avatar\/1a1320de1c1971c893f00068f760b4113d69504aa21273da17ee95650c5944fd?s=96&d=mm&r=g","caption":"KJ"},"url":"https:\/\/www.webdo.tn\/fr\/actualite\/author\/kj\/"}]}},"_links":{"self":[{"href":"https:\/\/www.webdo.tn\/fr\/wp-json\/wp\/v2\/posts\/218958","targetHints":{"allow":["GET"]}}],"collection":[{"href":"https:\/\/www.webdo.tn\/fr\/wp-json\/wp\/v2\/posts"}],"about":[{"href":"https:\/\/www.webdo.tn\/fr\/wp-json\/wp\/v2\/types\/post"}],"author":[{"embeddable":true,"href":"https:\/\/www.webdo.tn\/fr\/wp-json\/wp\/v2\/users\/3163"}],"replies":[{"embeddable":true,"href":"https:\/\/www.webdo.tn\/fr\/wp-json\/wp\/v2\/comments?post=218958"}],"version-history":[{"count":0,"href":"https:\/\/www.webdo.tn\/fr\/wp-json\/wp\/v2\/posts\/218958\/revisions"}],"wp:featuredmedia":[{"embeddable":true,"href":"https:\/\/www.webdo.tn\/fr\/wp-json\/wp\/v2\/media\/242972"}],"wp:attachment":[{"href":"https:\/\/www.webdo.tn\/fr\/wp-json\/wp\/v2\/media?parent=218958"}],"wp:term":[{"taxonomy":"category","embeddable":true,"href":"https:\/\/www.webdo.tn\/fr\/wp-json\/wp\/v2\/categories?post=218958"},{"taxonomy":"post_tag","embeddable":true,"href":"https:\/\/www.webdo.tn\/fr\/wp-json\/wp\/v2\/tags?post=218958"}],"curies":[{"name":"wp","href":"https:\/\/api.w.org\/{rel}","templated":true}]}}