{"id":218920,"date":"2025-01-08T09:52:00","date_gmt":"2025-01-08T09:52:00","guid":{"rendered":"https:\/\/www.webdo.tn\/fr\/blog\/recrutement-tunisien-une-reponse-a-la-penurie-d-infirmiers-en-italie\/218920\/"},"modified":"2025-01-08T09:52:00","modified_gmt":"2025-01-08T09:52:00","slug":"recrutement-tunisien-une-reponse-a-la-penurie-d-infirmiers-en-italie","status":"publish","type":"post","link":"https:\/\/www.webdo.tn\/fr\/actualite\/national\/recrutement-tunisien-une-reponse-a-la-penurie-d-infirmiers-en-italie\/218920\/","title":{"rendered":"Recrutement tunisien : Une r\u00e9ponse \u00e0 la p\u00e9nurie d\u2019infirmiers en Italie"},"content":{"rendered":"<p>Selon le quotidien italien bas\u00e9 \u00e0 Bologne, \u00ab\u00a0Il Resto Del Carlino\u00a0\u00bb, les cliniques priv\u00e9es et r\u00e9sidences pour personnes \u00e2g\u00e9es en Italie recrutent de plus en plus d&rsquo;infirmiers \u00e9trangers pour pallier une p\u00e9nurie chronique. Parmi les nationalit\u00e9s cibl\u00e9es, les professionnels tunisiens jouent un r\u00f4le croissant, gr\u00e2ce \u00e0 un d\u00e9cret prolongeant jusqu&rsquo;en 2027 les facilit\u00e9s de recrutement international.<\/p>\n<p>\t\t\t\t\t\t\t\t\tLe consorzio Solco, pionnier en la mati\u00e8re, a recrut\u00e9 25 infirmiers \u00e9trangers, dont plusieurs Tunisiens, pour sa structure \u00ab Rosa dei Venti \u00bb \u00e0 Borgo Montone. Ce n\u2019est pas une premi\u00e8re : en 2023, le groupe priv\u00e9 italien \u00ab San Donato \u00bb a annonc\u00e9 un partenariat avec le minist\u00e8re tunisien de la Sant\u00e9 pour recruter 300 personnels param\u00e9dicaux tunisiens. Les candidats, s\u00e9lectionn\u00e9s apr\u00e8s des tests techniques et linguistiques, b\u00e9n\u00e9ficient d\u2019une prise en charge des frais de transport et d\u2019un accompagnement administratif.<\/p>\n<p>Cependant, cette strat\u00e9gie ne r\u00e9sout pas les probl\u00e8mes structurels du secteur. \u00ab Recruter \u00e0 l\u2019\u00e9tranger est une solution d\u2019urgence, mais elle n\u2019adresse pas les causes profondes \u00bb, affirme Luca Lanzillotti de la UILFPL. Il appelle \u00e0 une revalorisation des salaires et \u00e0 de meilleures conditions de travail pour stabiliser le personnel local.<\/p>\n<p>Alors que l\u2019Italie explore des solutions durables, la Tunisie s\u2019impose comme un vivier essentiel pour combler les d\u00e9ficits en sant\u00e9 europ\u00e9enne.<\/p>\n","protected":false},"excerpt":{"rendered":"<p>D\u00e9couvrez comment les infirmiers tunisiens contribuent \u00e0 r\u00e9soudre la p\u00e9nurie de personnel soignant dans la r\u00e9gion de Bologne. Focus sur une initiative qui trans&#8230;<\/p>\n","protected":false},"author":4779,"featured_media":291657,"comment_status":"open","ping_status":"closed","sticky":false,"template":"","format":"standard","meta":{"footnotes":""},"categories":[44],"tags":[10849,10848,10847],"class_list":["post-218920","post","type-post","status-publish","format-standard","has-post-thumbnail","hentry","category-national","tag-consortium-solco","tag-sante-italie","tag-infirmiers-tunisiens"],"yoast_head":"<!-- This site is optimized with the Yoast SEO Premium plugin v27.5 (Yoast SEO v27.5) - https:\/\/yoast.com\/product\/yoast-seo-premium-wordpress\/ -->\n<title>Recrutement tunisien : Une r\u00e9ponse \u00e0 la p\u00e9nurie d\u2019infirmiers en Italie<\/title>\n<meta name=\"description\" content=\"D\u00e9couvrez comment les infirmiers tunisiens contribuent \u00e0 r\u00e9soudre la p\u00e9nurie de personnel soignant dans la r\u00e9gion de Bologne. Focus sur une initiative qui trans...\" \/>\n<link rel=\"canonical\" href=\"https:\/\/www.webdo.tn\/fr\/actualite\/national\/recrutement-tunisien-une-reponse-a-la-penurie-d-infirmiers-en-italie\/218920\/\" \/>\n<meta property=\"og:locale\" content=\"fr_FR\" \/>\n<meta property=\"og:type\" content=\"article\" \/>\n<meta property=\"og:title\" content=\"Recrutement tunisien : Une r\u00e9ponse \u00e0 la p\u00e9nurie d\u2019infirmiers en Italie\" \/>\n<meta property=\"og:description\" content=\"D\u00e9couvrez comment les infirmiers tunisiens contribuent \u00e0 r\u00e9soudre la p\u00e9nurie de personnel soignant dans la r\u00e9gion de Bologne. Focus sur une initiative qui trans...\" \/>\n<meta property=\"og:url\" content=\"https:\/\/www.webdo.tn\/fr\/actualite\/national\/recrutement-tunisien-une-reponse-a-la-penurie-d-infirmiers-en-italie\/218920\/\" \/>\n<meta property=\"og:site_name\" content=\"webdo\" \/>\n<meta property=\"article:publisher\" content=\"https:\/\/www.facebook.com\/webdotn\" \/>\n<meta property=\"article:published_time\" content=\"2025-01-08T09:52:00+00:00\" \/>\n<meta property=\"og:image\" content=\"https:\/\/www.webdo.tn\/fr\/wp-content\/uploads\/2025\/01\/8e63d04e2e3a1aa41987d8060de53346.webp\" \/>\n\t<meta property=\"og:image:width\" content=\"750\" \/>\n\t<meta property=\"og:image:height\" content=\"400\" \/>\n\t<meta property=\"og:image:type\" content=\"image\/webp\" \/>\n<meta name=\"author\" content=\"Firas Ben Abdeltif\" \/>\n<meta name=\"twitter:card\" content=\"summary_large_image\" \/>\n<meta name=\"twitter:creator\" content=\"@webdo_tn\" \/>\n<meta name=\"twitter:site\" content=\"@webdo_tn\" \/>\n<meta name=\"twitter:label1\" content=\"\u00c9crit par\" \/>\n\t<meta name=\"twitter:data1\" content=\"Firas Ben Abdeltif\" \/>\n\t<meta name=\"twitter:label2\" content=\"Dur\u00e9e de lecture estim\u00e9e\" \/>\n\t<meta name=\"twitter:data2\" content=\"1 minute\" \/>\n<script type=\"application\/ld+json\" class=\"yoast-schema-graph\">{\"@context\":\"https:\\\/\\\/schema.org\",\"@graph\":[{\"@type\":\"NewsArticle\",\"@id\":\"https:\\\/\\\/www.webdo.tn\\\/fr\\\/actualite\\\/national\\\/recrutement-tunisien-une-reponse-a-la-penurie-d-infirmiers-en-italie\\\/218920\\\/#article\",\"isPartOf\":{\"@id\":\"https:\\\/\\\/www.webdo.tn\\\/fr\\\/actualite\\\/national\\\/recrutement-tunisien-une-reponse-a-la-penurie-d-infirmiers-en-italie\\\/218920\\\/\"},\"author\":{\"name\":\"Firas Ben Abdeltif\",\"@id\":\"https:\\\/\\\/www.webdo.tn\\\/fr\\\/#\\\/schema\\\/person\\\/19664196c9bfdcda126f3c27709f7d11\"},\"headline\":\"Recrutement tunisien : Une r\u00e9ponse \u00e0 la p\u00e9nurie d\u2019infirmiers en Italie\",\"datePublished\":\"2025-01-08T09:52:00+00:00\",\"mainEntityOfPage\":{\"@id\":\"https:\\\/\\\/www.webdo.tn\\\/fr\\\/actualite\\\/national\\\/recrutement-tunisien-une-reponse-a-la-penurie-d-infirmiers-en-italie\\\/218920\\\/\"},\"wordCount\":239,\"commentCount\":0,\"publisher\":{\"@id\":\"https:\\\/\\\/www.webdo.tn\\\/fr\\\/#organization\"},\"image\":{\"@id\":\"https:\\\/\\\/www.webdo.tn\\\/fr\\\/actualite\\\/national\\\/recrutement-tunisien-une-reponse-a-la-penurie-d-infirmiers-en-italie\\\/218920\\\/#primaryimage\"},\"thumbnailUrl\":\"https:\\\/\\\/www.webdo.tn\\\/fr\\\/wp-content\\\/uploads\\\/2025\\\/01\\\/8e63d04e2e3a1aa41987d8060de53346.webp\",\"keywords\":[\"'consortium Solco']\",\"'sant\u00e9 Italie'\",\"['infirmiers tunisiens'\"],\"articleSection\":[\"National\"],\"inLanguage\":\"fr-FR\"},{\"@type\":\"WebPage\",\"@id\":\"https:\\\/\\\/www.webdo.tn\\\/fr\\\/actualite\\\/national\\\/recrutement-tunisien-une-reponse-a-la-penurie-d-infirmiers-en-italie\\\/218920\\\/\",\"url\":\"https:\\\/\\\/www.webdo.tn\\\/fr\\\/actualite\\\/national\\\/recrutement-tunisien-une-reponse-a-la-penurie-d-infirmiers-en-italie\\\/218920\\\/\",\"name\":\"Recrutement tunisien : Une r\u00e9ponse \u00e0 la p\u00e9nurie d\u2019infirmiers en Italie\",\"isPartOf\":{\"@id\":\"https:\\\/\\\/www.webdo.tn\\\/fr\\\/#website\"},\"primaryImageOfPage\":{\"@id\":\"https:\\\/\\\/www.webdo.tn\\\/fr\\\/actualite\\\/national\\\/recrutement-tunisien-une-reponse-a-la-penurie-d-infirmiers-en-italie\\\/218920\\\/#primaryimage\"},\"image\":{\"@id\":\"https:\\\/\\\/www.webdo.tn\\\/fr\\\/actualite\\\/national\\\/recrutement-tunisien-une-reponse-a-la-penurie-d-infirmiers-en-italie\\\/218920\\\/#primaryimage\"},\"thumbnailUrl\":\"https:\\\/\\\/www.webdo.tn\\\/fr\\\/wp-content\\\/uploads\\\/2025\\\/01\\\/8e63d04e2e3a1aa41987d8060de53346.webp\",\"datePublished\":\"2025-01-08T09:52:00+00:00\",\"description\":\"D\u00e9couvrez comment les infirmiers tunisiens contribuent \u00e0 r\u00e9soudre la p\u00e9nurie de personnel soignant dans la r\u00e9gion de Bologne. Focus sur une initiative qui trans...\",\"breadcrumb\":{\"@id\":\"https:\\\/\\\/www.webdo.tn\\\/fr\\\/actualite\\\/national\\\/recrutement-tunisien-une-reponse-a-la-penurie-d-infirmiers-en-italie\\\/218920\\\/#breadcrumb\"},\"inLanguage\":\"fr-FR\",\"potentialAction\":[{\"@type\":\"ReadAction\",\"target\":[\"https:\\\/\\\/www.webdo.tn\\\/fr\\\/actualite\\\/national\\\/recrutement-tunisien-une-reponse-a-la-penurie-d-infirmiers-en-italie\\\/218920\\\/\"]}]},{\"@type\":\"ImageObject\",\"inLanguage\":\"fr-FR\",\"@id\":\"https:\\\/\\\/www.webdo.tn\\\/fr\\\/actualite\\\/national\\\/recrutement-tunisien-une-reponse-a-la-penurie-d-infirmiers-en-italie\\\/218920\\\/#primaryimage\",\"url\":\"https:\\\/\\\/www.webdo.tn\\\/fr\\\/wp-content\\\/uploads\\\/2025\\\/01\\\/8e63d04e2e3a1aa41987d8060de53346.webp\",\"contentUrl\":\"https:\\\/\\\/www.webdo.tn\\\/fr\\\/wp-content\\\/uploads\\\/2025\\\/01\\\/8e63d04e2e3a1aa41987d8060de53346.webp\",\"width\":750,\"height\":400,\"caption\":\"Recrutement tunisien : Une r\u00e9ponse \u00e0 la p\u00e9nurie d\u2019infirmiers en Italie\"},{\"@type\":\"BreadcrumbList\",\"@id\":\"https:\\\/\\\/www.webdo.tn\\\/fr\\\/actualite\\\/national\\\/recrutement-tunisien-une-reponse-a-la-penurie-d-infirmiers-en-italie\\\/218920\\\/#breadcrumb\",\"itemListElement\":[{\"@type\":\"ListItem\",\"position\":1,\"name\":\"Accueil\",\"item\":\"https:\\\/\\\/www.webdo.tn\\\/fr\\\/\"},{\"@type\":\"ListItem\",\"position\":2,\"name\":\"Recrutement tunisien : Une r\u00e9ponse \u00e0 la p\u00e9nurie d\u2019infirmiers en Italie\"}]},{\"@type\":\"WebSite\",\"@id\":\"https:\\\/\\\/www.webdo.tn\\\/fr\\\/#website\",\"url\":\"https:\\\/\\\/www.webdo.tn\\\/fr\\\/\",\"name\":\"webdo\",\"description\":\"Tunisie - News en Tunisie et \u00e0 l&#039;international sur Webdo.tn\",\"publisher\":{\"@id\":\"https:\\\/\\\/www.webdo.tn\\\/fr\\\/#organization\"},\"potentialAction\":[{\"@type\":\"SearchAction\",\"target\":{\"@type\":\"EntryPoint\",\"urlTemplate\":\"https:\\\/\\\/www.webdo.tn\\\/fr\\\/?s={search_term_string}\"},\"query-input\":{\"@type\":\"PropertyValueSpecification\",\"valueRequired\":true,\"valueName\":\"search_term_string\"}}],\"inLanguage\":\"fr-FR\"},{\"@type\":\"Organization\",\"@id\":\"https:\\\/\\\/www.webdo.tn\\\/fr\\\/#organization\",\"name\":\"Webdo\",\"alternateName\":\"Webdo.tn\",\"url\":\"https:\\\/\\\/www.webdo.tn\\\/fr\\\/\",\"logo\":{\"@type\":\"ImageObject\",\"inLanguage\":\"fr-FR\",\"@id\":\"https:\\\/\\\/www.webdo.tn\\\/fr\\\/#\\\/schema\\\/logo\\\/image\\\/\",\"url\":\"https:\\\/\\\/www.webdo.tn\\\/fr\\\/wp-content\\\/uploads\\\/2025\\\/06\\\/Webdo-Tunisie_168377.jpg\",\"contentUrl\":\"https:\\\/\\\/www.webdo.tn\\\/fr\\\/wp-content\\\/uploads\\\/2025\\\/06\\\/Webdo-Tunisie_168377.jpg\",\"width\":301,\"height\":301,\"caption\":\"Webdo\"},\"image\":{\"@id\":\"https:\\\/\\\/www.webdo.tn\\\/fr\\\/#\\\/schema\\\/logo\\\/image\\\/\"},\"sameAs\":[\"https:\\\/\\\/www.facebook.com\\\/webdotn\",\"https:\\\/\\\/x.com\\\/webdo_tn\"],\"description\":\"Webdo est un m\u00e9dia num\u00e9rique tunisien fond\u00e9 en 2010, sp\u00e9cialis\u00e9 dans l\u2019actualit\u00e9 nationale et internationale, l\u2019\u00e9conomie, la soci\u00e9t\u00e9 et les analyses politiques. Le site s\u2019adresse \u00e0 un large public francophone et couvre l\u2019information tunisienne en temps r\u00e9el.\",\"email\":\"redac@webdo.tn\",\"legalName\":\"YNJ SARL\",\"foundingDate\":\"2010-09-06\",\"numberOfEmployees\":{\"@type\":\"QuantitativeValue\",\"minValue\":\"11\",\"maxValue\":\"50\"}},{\"@type\":\"Person\",\"@id\":\"https:\\\/\\\/www.webdo.tn\\\/fr\\\/#\\\/schema\\\/person\\\/19664196c9bfdcda126f3c27709f7d11\",\"name\":\"Firas Ben Abdeltif\",\"image\":{\"@type\":\"ImageObject\",\"inLanguage\":\"fr-FR\",\"@id\":\"https:\\\/\\\/secure.gravatar.com\\\/avatar\\\/161a347d40df098a084778c52ed133dbd85f14df003867067c5948081241ec55?s=96&d=mm&r=g\",\"url\":\"https:\\\/\\\/secure.gravatar.com\\\/avatar\\\/161a347d40df098a084778c52ed133dbd85f14df003867067c5948081241ec55?s=96&d=mm&r=g\",\"contentUrl\":\"https:\\\/\\\/secure.gravatar.com\\\/avatar\\\/161a347d40df098a084778c52ed133dbd85f14df003867067c5948081241ec55?s=96&d=mm&r=g\",\"caption\":\"Firas Ben Abdeltif\"},\"url\":\"https:\\\/\\\/www.webdo.tn\\\/fr\\\/actualite\\\/author\\\/firas-ben-abdeltif\\\/\"}]}<\/script>\n<!-- \/ Yoast SEO Premium plugin. -->","yoast_head_json":{"title":"Recrutement tunisien : Une r\u00e9ponse \u00e0 la p\u00e9nurie d\u2019infirmiers en Italie","description":"D\u00e9couvrez comment les infirmiers tunisiens contribuent \u00e0 r\u00e9soudre la p\u00e9nurie de personnel soignant dans la r\u00e9gion de Bologne. Focus sur une initiative qui trans...","canonical":"https:\/\/www.webdo.tn\/fr\/actualite\/national\/recrutement-tunisien-une-reponse-a-la-penurie-d-infirmiers-en-italie\/218920\/","og_locale":"fr_FR","og_type":"article","og_title":"Recrutement tunisien : Une r\u00e9ponse \u00e0 la p\u00e9nurie d\u2019infirmiers en Italie","og_description":"D\u00e9couvrez comment les infirmiers tunisiens contribuent \u00e0 r\u00e9soudre la p\u00e9nurie de personnel soignant dans la r\u00e9gion de Bologne. Focus sur une initiative qui trans...","og_url":"https:\/\/www.webdo.tn\/fr\/actualite\/national\/recrutement-tunisien-une-reponse-a-la-penurie-d-infirmiers-en-italie\/218920\/","og_site_name":"webdo","article_publisher":"https:\/\/www.facebook.com\/webdotn","article_published_time":"2025-01-08T09:52:00+00:00","og_image":[{"width":750,"height":400,"url":"https:\/\/www.webdo.tn\/fr\/wp-content\/uploads\/2025\/01\/8e63d04e2e3a1aa41987d8060de53346.webp","type":"image\/webp"}],"author":"Firas Ben Abdeltif","twitter_card":"summary_large_image","twitter_creator":"@webdo_tn","twitter_site":"@webdo_tn","twitter_misc":{"\u00c9crit par":"Firas Ben Abdeltif","Dur\u00e9e de lecture estim\u00e9e":"1 minute"},"schema":{"@context":"https:\/\/schema.org","@graph":[{"@type":"NewsArticle","@id":"https:\/\/www.webdo.tn\/fr\/actualite\/national\/recrutement-tunisien-une-reponse-a-la-penurie-d-infirmiers-en-italie\/218920\/#article","isPartOf":{"@id":"https:\/\/www.webdo.tn\/fr\/actualite\/national\/recrutement-tunisien-une-reponse-a-la-penurie-d-infirmiers-en-italie\/218920\/"},"author":{"name":"Firas Ben Abdeltif","@id":"https:\/\/www.webdo.tn\/fr\/#\/schema\/person\/19664196c9bfdcda126f3c27709f7d11"},"headline":"Recrutement tunisien : Une r\u00e9ponse \u00e0 la p\u00e9nurie d\u2019infirmiers en Italie","datePublished":"2025-01-08T09:52:00+00:00","mainEntityOfPage":{"@id":"https:\/\/www.webdo.tn\/fr\/actualite\/national\/recrutement-tunisien-une-reponse-a-la-penurie-d-infirmiers-en-italie\/218920\/"},"wordCount":239,"commentCount":0,"publisher":{"@id":"https:\/\/www.webdo.tn\/fr\/#organization"},"image":{"@id":"https:\/\/www.webdo.tn\/fr\/actualite\/national\/recrutement-tunisien-une-reponse-a-la-penurie-d-infirmiers-en-italie\/218920\/#primaryimage"},"thumbnailUrl":"https:\/\/www.webdo.tn\/fr\/wp-content\/uploads\/2025\/01\/8e63d04e2e3a1aa41987d8060de53346.webp","keywords":["'consortium Solco']","'sant\u00e9 Italie'","['infirmiers tunisiens'"],"articleSection":["National"],"inLanguage":"fr-FR"},{"@type":"WebPage","@id":"https:\/\/www.webdo.tn\/fr\/actualite\/national\/recrutement-tunisien-une-reponse-a-la-penurie-d-infirmiers-en-italie\/218920\/","url":"https:\/\/www.webdo.tn\/fr\/actualite\/national\/recrutement-tunisien-une-reponse-a-la-penurie-d-infirmiers-en-italie\/218920\/","name":"Recrutement tunisien : Une r\u00e9ponse \u00e0 la p\u00e9nurie d\u2019infirmiers en Italie","isPartOf":{"@id":"https:\/\/www.webdo.tn\/fr\/#website"},"primaryImageOfPage":{"@id":"https:\/\/www.webdo.tn\/fr\/actualite\/national\/recrutement-tunisien-une-reponse-a-la-penurie-d-infirmiers-en-italie\/218920\/#primaryimage"},"image":{"@id":"https:\/\/www.webdo.tn\/fr\/actualite\/national\/recrutement-tunisien-une-reponse-a-la-penurie-d-infirmiers-en-italie\/218920\/#primaryimage"},"thumbnailUrl":"https:\/\/www.webdo.tn\/fr\/wp-content\/uploads\/2025\/01\/8e63d04e2e3a1aa41987d8060de53346.webp","datePublished":"2025-01-08T09:52:00+00:00","description":"D\u00e9couvrez comment les infirmiers tunisiens contribuent \u00e0 r\u00e9soudre la p\u00e9nurie de personnel soignant dans la r\u00e9gion de Bologne. Focus sur une initiative qui trans...","breadcrumb":{"@id":"https:\/\/www.webdo.tn\/fr\/actualite\/national\/recrutement-tunisien-une-reponse-a-la-penurie-d-infirmiers-en-italie\/218920\/#breadcrumb"},"inLanguage":"fr-FR","potentialAction":[{"@type":"ReadAction","target":["https:\/\/www.webdo.tn\/fr\/actualite\/national\/recrutement-tunisien-une-reponse-a-la-penurie-d-infirmiers-en-italie\/218920\/"]}]},{"@type":"ImageObject","inLanguage":"fr-FR","@id":"https:\/\/www.webdo.tn\/fr\/actualite\/national\/recrutement-tunisien-une-reponse-a-la-penurie-d-infirmiers-en-italie\/218920\/#primaryimage","url":"https:\/\/www.webdo.tn\/fr\/wp-content\/uploads\/2025\/01\/8e63d04e2e3a1aa41987d8060de53346.webp","contentUrl":"https:\/\/www.webdo.tn\/fr\/wp-content\/uploads\/2025\/01\/8e63d04e2e3a1aa41987d8060de53346.webp","width":750,"height":400,"caption":"Recrutement tunisien : Une r\u00e9ponse \u00e0 la p\u00e9nurie d\u2019infirmiers en Italie"},{"@type":"BreadcrumbList","@id":"https:\/\/www.webdo.tn\/fr\/actualite\/national\/recrutement-tunisien-une-reponse-a-la-penurie-d-infirmiers-en-italie\/218920\/#breadcrumb","itemListElement":[{"@type":"ListItem","position":1,"name":"Accueil","item":"https:\/\/www.webdo.tn\/fr\/"},{"@type":"ListItem","position":2,"name":"Recrutement tunisien : Une r\u00e9ponse \u00e0 la p\u00e9nurie d\u2019infirmiers en Italie"}]},{"@type":"WebSite","@id":"https:\/\/www.webdo.tn\/fr\/#website","url":"https:\/\/www.webdo.tn\/fr\/","name":"webdo","description":"Tunisie - News en Tunisie et \u00e0 l&#039;international sur Webdo.tn","publisher":{"@id":"https:\/\/www.webdo.tn\/fr\/#organization"},"potentialAction":[{"@type":"SearchAction","target":{"@type":"EntryPoint","urlTemplate":"https:\/\/www.webdo.tn\/fr\/?s={search_term_string}"},"query-input":{"@type":"PropertyValueSpecification","valueRequired":true,"valueName":"search_term_string"}}],"inLanguage":"fr-FR"},{"@type":"Organization","@id":"https:\/\/www.webdo.tn\/fr\/#organization","name":"Webdo","alternateName":"Webdo.tn","url":"https:\/\/www.webdo.tn\/fr\/","logo":{"@type":"ImageObject","inLanguage":"fr-FR","@id":"https:\/\/www.webdo.tn\/fr\/#\/schema\/logo\/image\/","url":"https:\/\/www.webdo.tn\/fr\/wp-content\/uploads\/2025\/06\/Webdo-Tunisie_168377.jpg","contentUrl":"https:\/\/www.webdo.tn\/fr\/wp-content\/uploads\/2025\/06\/Webdo-Tunisie_168377.jpg","width":301,"height":301,"caption":"Webdo"},"image":{"@id":"https:\/\/www.webdo.tn\/fr\/#\/schema\/logo\/image\/"},"sameAs":["https:\/\/www.facebook.com\/webdotn","https:\/\/x.com\/webdo_tn"],"description":"Webdo est un m\u00e9dia num\u00e9rique tunisien fond\u00e9 en 2010, sp\u00e9cialis\u00e9 dans l\u2019actualit\u00e9 nationale et internationale, l\u2019\u00e9conomie, la soci\u00e9t\u00e9 et les analyses politiques. Le site s\u2019adresse \u00e0 un large public francophone et couvre l\u2019information tunisienne en temps r\u00e9el.","email":"redac@webdo.tn","legalName":"YNJ SARL","foundingDate":"2010-09-06","numberOfEmployees":{"@type":"QuantitativeValue","minValue":"11","maxValue":"50"}},{"@type":"Person","@id":"https:\/\/www.webdo.tn\/fr\/#\/schema\/person\/19664196c9bfdcda126f3c27709f7d11","name":"Firas Ben Abdeltif","image":{"@type":"ImageObject","inLanguage":"fr-FR","@id":"https:\/\/secure.gravatar.com\/avatar\/161a347d40df098a084778c52ed133dbd85f14df003867067c5948081241ec55?s=96&d=mm&r=g","url":"https:\/\/secure.gravatar.com\/avatar\/161a347d40df098a084778c52ed133dbd85f14df003867067c5948081241ec55?s=96&d=mm&r=g","contentUrl":"https:\/\/secure.gravatar.com\/avatar\/161a347d40df098a084778c52ed133dbd85f14df003867067c5948081241ec55?s=96&d=mm&r=g","caption":"Firas Ben Abdeltif"},"url":"https:\/\/www.webdo.tn\/fr\/actualite\/author\/firas-ben-abdeltif\/"}]}},"_links":{"self":[{"href":"https:\/\/www.webdo.tn\/fr\/wp-json\/wp\/v2\/posts\/218920","targetHints":{"allow":["GET"]}}],"collection":[{"href":"https:\/\/www.webdo.tn\/fr\/wp-json\/wp\/v2\/posts"}],"about":[{"href":"https:\/\/www.webdo.tn\/fr\/wp-json\/wp\/v2\/types\/post"}],"author":[{"embeddable":true,"href":"https:\/\/www.webdo.tn\/fr\/wp-json\/wp\/v2\/users\/4779"}],"replies":[{"embeddable":true,"href":"https:\/\/www.webdo.tn\/fr\/wp-json\/wp\/v2\/comments?post=218920"}],"version-history":[{"count":0,"href":"https:\/\/www.webdo.tn\/fr\/wp-json\/wp\/v2\/posts\/218920\/revisions"}],"wp:featuredmedia":[{"embeddable":true,"href":"https:\/\/www.webdo.tn\/fr\/wp-json\/wp\/v2\/media\/291657"}],"wp:attachment":[{"href":"https:\/\/www.webdo.tn\/fr\/wp-json\/wp\/v2\/media?parent=218920"}],"wp:term":[{"taxonomy":"category","embeddable":true,"href":"https:\/\/www.webdo.tn\/fr\/wp-json\/wp\/v2\/categories?post=218920"},{"taxonomy":"post_tag","embeddable":true,"href":"https:\/\/www.webdo.tn\/fr\/wp-json\/wp\/v2\/tags?post=218920"}],"curies":[{"name":"wp","href":"https:\/\/api.w.org\/{rel}","templated":true}]}}