{"id":218914,"date":"2025-01-08T08:12:00","date_gmt":"2025-01-08T08:12:00","guid":{"rendered":"https:\/\/www.webdo.tn\/fr\/blog\/2025\/01\/08\/vers-l-exploitation-des-parcs-urbains-du-grand-tunis-par-des-entreprises-communautaires\/"},"modified":"2025-05-20T22:20:41","modified_gmt":"2025-05-20T22:20:41","slug":"vers-l-exploitation-des-parcs-urbains-du-grand-tunis-par-des-entreprises-communautaires","status":"publish","type":"post","link":"https:\/\/www.webdo.tn\/fr\/actualite\/national\/vers-l-exploitation-des-parcs-urbains-du-grand-tunis-par-des-entreprises-communautaires\/218914\/","title":{"rendered":"Vers l\u2019exploitation des parcs urbains du Grand-Tunis par des entreprises communautaires ?"},"content":{"rendered":"<p>Une s\u00e9ance de travail s\u2019est tenue ce mardi au si\u00e8ge du minist\u00e8re de l\u2019Emploi et de la Formation professionnelle, consacr\u00e9e \u00e0 l\u2019\u00e9tude des possibilit\u00e9s d\u2019exploitation des parcs urbains du Grand Tunis par des entreprises communautaires, notamment les parcs de Rad\u00e8s, Mourouj et Ennahli.<\/p>\n<p>Pr\u00e9sid\u00e9e par Hassna Jeballah, secr\u00e9taire d\u2019\u00c9tat aupr\u00e8s du ministre de l\u2019Emploi et de la Formation professionnelle, charg\u00e9e des entreprises communautaires, la r\u00e9union a abord\u00e9 les aspects juridiques et techniques relatifs aux parcs urbains ainsi que les modalit\u00e9s de leur gestion et valorisation, conform\u00e9ment \u00e0 la loi n\u00b0 90 du 3 octobre 2005 relative aux parcs urbains.\u00a0<\/p>\n<p>La secr\u00e9taire d\u2019\u00c9tat a soulign\u00e9 l\u2019importance d\u2019intervenir \u00e0 travers la cr\u00e9ation de ces entreprises proposant des projets novateurs et cr\u00e9atifs, capables de d\u00e9velopper le r\u00f4le de ces parcs pour r\u00e9pondre aux besoins des habitants et promouvoir le bien-\u00eatre social et environnemental.<\/p>\n<p>Il a \u00e9t\u00e9 convenu de cr\u00e9er une commission technique sous la supervision de la secr\u00e9taire d\u2019\u00c9tat qui regroupera des repr\u00e9sentants de l\u2019Instance g\u00e9n\u00e9rale de la prospective et de l\u2019accompagnement du processus de d\u00e9centralisation relevant du minist\u00e8re de l\u2019Int\u00e9rieur, des gouvernorats concern\u00e9s, du minist\u00e8re des Domaines de l\u2019\u00c9tat et des Affaires fonci\u00e8res, du minist\u00e8re de l\u2019Emploi et de la Formation professionnelle, de l\u2019Agence nationale de protection de l\u2019environnement, ainsi que des municipalit\u00e9s concern\u00e9es par les parcs urbains du Grand Tunis. La mission de cette commission sera de suivre l\u2019ex\u00e9cution du plan op\u00e9rationnel dans les d\u00e9lais impartis.<\/p>\n<p>Les municipalit\u00e9s, en coordination avec l\u2019Office de la topographie et du cadastre, seront charg\u00e9es des divers travaux relatifs aux parcs urbains, tandis que le minist\u00e8re des Domaines de l\u2019\u00c9tat et des Affaires fonci\u00e8res m\u00e8nera une enqu\u00eate fonci\u00e8re et pr\u00e9parera des fiches descriptives pour ces parcs.<\/p>\n<p>Il assurera \u00e9galement la coordination avec la Direction g\u00e9n\u00e9rale des expertises relevant du m\u00eame minist\u00e8re afin de d\u00e9terminer la valeur des biens immobiliers des parcs pouvant \u00eatre lou\u00e9s aux soci\u00e9t\u00e9s citoyennes.<\/p>\n","protected":false},"excerpt":{"rendered":"<p>Pr\u00e9sid\u00e9e par Hassna Jeballah, secr\u00e9taire d\u2019\u00c9tat aupr\u00e8s du ministre de l\u2019Emploi et de la Formation professionnelle, charg\u00e9e des entreprises communautaires, la r\u00e9&#8230;<\/p>\n","protected":false},"author":3163,"featured_media":243008,"comment_status":"open","ping_status":"open","sticky":false,"template":"","format":"standard","meta":{"footnotes":""},"categories":[44],"tags":[2899,4485,2608],"class_list":["post-218914","post","type-post","status-publish","format-standard","has-post-thumbnail","hentry","category-national","tag-grand-tunis","tag-parc-urbain","tag-tunisie"],"yoast_head":"<!-- This site is optimized with the Yoast SEO Premium plugin v27.4 (Yoast SEO v27.5) - https:\/\/yoast.com\/product\/yoast-seo-premium-wordpress\/ -->\n<title>Vers l\u2019exploitation des parcs urbains du Grand-Tunis par des entreprises communautaires ?<\/title>\n<meta name=\"description\" content=\"Pr\u00e9sid\u00e9e par Hassna Jeballah, secr\u00e9taire d\u2019\u00c9tat aupr\u00e8s du ministre de l\u2019Emploi et de la Formation professionnelle, charg\u00e9e des entreprises communautaires, la r\u00e9...\" \/>\n<link rel=\"canonical\" href=\"https:\/\/www.webdo.tn\/fr\/actualite\/national\/vers-l-exploitation-des-parcs-urbains-du-grand-tunis-par-des-entreprises-communautaires\/218914\/\" \/>\n<meta property=\"og:locale\" content=\"fr_FR\" \/>\n<meta property=\"og:type\" content=\"article\" \/>\n<meta property=\"og:title\" content=\"Vers l\u2019exploitation des parcs urbains du Grand-Tunis par des entreprises communautaires ?\" \/>\n<meta property=\"og:description\" content=\"Pr\u00e9sid\u00e9e par Hassna Jeballah, secr\u00e9taire d\u2019\u00c9tat aupr\u00e8s du ministre de l\u2019Emploi et de la Formation professionnelle, charg\u00e9e des entreprises communautaires, la r\u00e9...\" \/>\n<meta property=\"og:url\" content=\"https:\/\/www.webdo.tn\/fr\/actualite\/national\/vers-l-exploitation-des-parcs-urbains-du-grand-tunis-par-des-entreprises-communautaires\/218914\/\" \/>\n<meta property=\"og:site_name\" content=\"webdo\" \/>\n<meta property=\"article:publisher\" content=\"https:\/\/www.facebook.com\/webdotn\" \/>\n<meta property=\"article:published_time\" content=\"2025-01-08T08:12:00+00:00\" \/>\n<meta property=\"article:modified_time\" content=\"2025-05-20T22:20:41+00:00\" \/>\n<meta property=\"og:image\" content=\"https:\/\/www.webdo.tn\/fr\/wp-content\/uploads\/2025\/05\/6194cbdafd82a6049567becafa747e83-2.webp\" \/>\n\t<meta property=\"og:image:width\" content=\"750\" \/>\n\t<meta property=\"og:image:height\" content=\"400\" \/>\n\t<meta property=\"og:image:type\" content=\"image\/webp\" \/>\n<meta name=\"author\" content=\"KJ\" \/>\n<meta name=\"twitter:card\" content=\"summary_large_image\" \/>\n<meta name=\"twitter:creator\" content=\"@webdo_tn\" \/>\n<meta name=\"twitter:site\" content=\"@webdo_tn\" \/>\n<meta name=\"twitter:label1\" content=\"\u00c9crit par\" \/>\n\t<meta name=\"twitter:data1\" content=\"KJ\" \/>\n\t<meta name=\"twitter:label2\" content=\"Dur\u00e9e de lecture estim\u00e9e\" \/>\n\t<meta name=\"twitter:data2\" content=\"2 minutes\" \/>\n<script type=\"application\/ld+json\" class=\"yoast-schema-graph\">{\"@context\":\"https:\\\/\\\/schema.org\",\"@graph\":[{\"@type\":\"NewsArticle\",\"@id\":\"https:\\\/\\\/www.webdo.tn\\\/fr\\\/actualite\\\/national\\\/vers-l-exploitation-des-parcs-urbains-du-grand-tunis-par-des-entreprises-communautaires\\\/218914\\\/#article\",\"isPartOf\":{\"@id\":\"https:\\\/\\\/www.webdo.tn\\\/fr\\\/actualite\\\/national\\\/vers-l-exploitation-des-parcs-urbains-du-grand-tunis-par-des-entreprises-communautaires\\\/218914\\\/\"},\"author\":{\"name\":\"KJ\",\"@id\":\"https:\\\/\\\/www.webdo.tn\\\/fr\\\/#\\\/schema\\\/person\\\/82ca085b22037d285e1a3c4b65ba5f71\"},\"headline\":\"Vers l\u2019exploitation des parcs urbains du Grand-Tunis par des entreprises communautaires ?\",\"datePublished\":\"2025-01-08T08:12:00+00:00\",\"dateModified\":\"2025-05-20T22:20:41+00:00\",\"mainEntityOfPage\":{\"@id\":\"https:\\\/\\\/www.webdo.tn\\\/fr\\\/actualite\\\/national\\\/vers-l-exploitation-des-parcs-urbains-du-grand-tunis-par-des-entreprises-communautaires\\\/218914\\\/\"},\"wordCount\":391,\"commentCount\":0,\"publisher\":{\"@id\":\"https:\\\/\\\/www.webdo.tn\\\/fr\\\/#organization\"},\"image\":{\"@id\":\"https:\\\/\\\/www.webdo.tn\\\/fr\\\/actualite\\\/national\\\/vers-l-exploitation-des-parcs-urbains-du-grand-tunis-par-des-entreprises-communautaires\\\/218914\\\/#primaryimage\"},\"thumbnailUrl\":\"https:\\\/\\\/www.webdo.tn\\\/fr\\\/wp-content\\\/uploads\\\/2025\\\/05\\\/6194cbdafd82a6049567becafa747e83-2.webp\",\"keywords\":[\"grand-tunis\",\"Parc urbain\",\"Tunisie\"],\"articleSection\":[\"National\"],\"inLanguage\":\"fr-FR\"},{\"@type\":\"WebPage\",\"@id\":\"https:\\\/\\\/www.webdo.tn\\\/fr\\\/actualite\\\/national\\\/vers-l-exploitation-des-parcs-urbains-du-grand-tunis-par-des-entreprises-communautaires\\\/218914\\\/\",\"url\":\"https:\\\/\\\/www.webdo.tn\\\/fr\\\/actualite\\\/national\\\/vers-l-exploitation-des-parcs-urbains-du-grand-tunis-par-des-entreprises-communautaires\\\/218914\\\/\",\"name\":\"Vers l\u2019exploitation des parcs urbains du Grand-Tunis par des entreprises communautaires ?\",\"isPartOf\":{\"@id\":\"https:\\\/\\\/www.webdo.tn\\\/fr\\\/#website\"},\"primaryImageOfPage\":{\"@id\":\"https:\\\/\\\/www.webdo.tn\\\/fr\\\/actualite\\\/national\\\/vers-l-exploitation-des-parcs-urbains-du-grand-tunis-par-des-entreprises-communautaires\\\/218914\\\/#primaryimage\"},\"image\":{\"@id\":\"https:\\\/\\\/www.webdo.tn\\\/fr\\\/actualite\\\/national\\\/vers-l-exploitation-des-parcs-urbains-du-grand-tunis-par-des-entreprises-communautaires\\\/218914\\\/#primaryimage\"},\"thumbnailUrl\":\"https:\\\/\\\/www.webdo.tn\\\/fr\\\/wp-content\\\/uploads\\\/2025\\\/05\\\/6194cbdafd82a6049567becafa747e83-2.webp\",\"datePublished\":\"2025-01-08T08:12:00+00:00\",\"dateModified\":\"2025-05-20T22:20:41+00:00\",\"description\":\"Pr\u00e9sid\u00e9e par Hassna Jeballah, secr\u00e9taire d\u2019\u00c9tat aupr\u00e8s du ministre de l\u2019Emploi et de la Formation professionnelle, charg\u00e9e des entreprises communautaires, la r\u00e9...\",\"breadcrumb\":{\"@id\":\"https:\\\/\\\/www.webdo.tn\\\/fr\\\/actualite\\\/national\\\/vers-l-exploitation-des-parcs-urbains-du-grand-tunis-par-des-entreprises-communautaires\\\/218914\\\/#breadcrumb\"},\"inLanguage\":\"fr-FR\",\"potentialAction\":[{\"@type\":\"ReadAction\",\"target\":[\"https:\\\/\\\/www.webdo.tn\\\/fr\\\/actualite\\\/national\\\/vers-l-exploitation-des-parcs-urbains-du-grand-tunis-par-des-entreprises-communautaires\\\/218914\\\/\"]}]},{\"@type\":\"ImageObject\",\"inLanguage\":\"fr-FR\",\"@id\":\"https:\\\/\\\/www.webdo.tn\\\/fr\\\/actualite\\\/national\\\/vers-l-exploitation-des-parcs-urbains-du-grand-tunis-par-des-entreprises-communautaires\\\/218914\\\/#primaryimage\",\"url\":\"https:\\\/\\\/www.webdo.tn\\\/fr\\\/wp-content\\\/uploads\\\/2025\\\/05\\\/6194cbdafd82a6049567becafa747e83-2.webp\",\"contentUrl\":\"https:\\\/\\\/www.webdo.tn\\\/fr\\\/wp-content\\\/uploads\\\/2025\\\/05\\\/6194cbdafd82a6049567becafa747e83-2.webp\",\"width\":750,\"height\":400},{\"@type\":\"BreadcrumbList\",\"@id\":\"https:\\\/\\\/www.webdo.tn\\\/fr\\\/actualite\\\/national\\\/vers-l-exploitation-des-parcs-urbains-du-grand-tunis-par-des-entreprises-communautaires\\\/218914\\\/#breadcrumb\",\"itemListElement\":[{\"@type\":\"ListItem\",\"position\":1,\"name\":\"Accueil\",\"item\":\"https:\\\/\\\/www.webdo.tn\\\/fr\\\/\"},{\"@type\":\"ListItem\",\"position\":2,\"name\":\"Vers l\u2019exploitation des parcs urbains du Grand-Tunis par des entreprises communautaires ?\"}]},{\"@type\":\"WebSite\",\"@id\":\"https:\\\/\\\/www.webdo.tn\\\/fr\\\/#website\",\"url\":\"https:\\\/\\\/www.webdo.tn\\\/fr\\\/\",\"name\":\"webdo\",\"description\":\"Tunisie - News en Tunisie et \u00e0 l&#039;international sur Webdo.tn\",\"publisher\":{\"@id\":\"https:\\\/\\\/www.webdo.tn\\\/fr\\\/#organization\"},\"potentialAction\":[{\"@type\":\"SearchAction\",\"target\":{\"@type\":\"EntryPoint\",\"urlTemplate\":\"https:\\\/\\\/www.webdo.tn\\\/fr\\\/?s={search_term_string}\"},\"query-input\":{\"@type\":\"PropertyValueSpecification\",\"valueRequired\":true,\"valueName\":\"search_term_string\"}}],\"inLanguage\":\"fr-FR\"},{\"@type\":\"Organization\",\"@id\":\"https:\\\/\\\/www.webdo.tn\\\/fr\\\/#organization\",\"name\":\"Webdo\",\"alternateName\":\"Webdo.tn\",\"url\":\"https:\\\/\\\/www.webdo.tn\\\/fr\\\/\",\"logo\":{\"@type\":\"ImageObject\",\"inLanguage\":\"fr-FR\",\"@id\":\"https:\\\/\\\/www.webdo.tn\\\/fr\\\/#\\\/schema\\\/logo\\\/image\\\/\",\"url\":\"https:\\\/\\\/www.webdo.tn\\\/fr\\\/wp-content\\\/uploads\\\/2025\\\/06\\\/Webdo-Tunisie_168377.jpg\",\"contentUrl\":\"https:\\\/\\\/www.webdo.tn\\\/fr\\\/wp-content\\\/uploads\\\/2025\\\/06\\\/Webdo-Tunisie_168377.jpg\",\"width\":301,\"height\":301,\"caption\":\"Webdo\"},\"image\":{\"@id\":\"https:\\\/\\\/www.webdo.tn\\\/fr\\\/#\\\/schema\\\/logo\\\/image\\\/\"},\"sameAs\":[\"https:\\\/\\\/www.facebook.com\\\/webdotn\",\"https:\\\/\\\/x.com\\\/webdo_tn\"],\"description\":\"Webdo est un m\u00e9dia num\u00e9rique tunisien fond\u00e9 en 2010, sp\u00e9cialis\u00e9 dans l\u2019actualit\u00e9 nationale et internationale, l\u2019\u00e9conomie, la soci\u00e9t\u00e9 et les analyses politiques. Le site s\u2019adresse \u00e0 un large public francophone et couvre l\u2019information tunisienne en temps r\u00e9el.\",\"email\":\"redac@webdo.tn\",\"legalName\":\"YNJ SARL\",\"foundingDate\":\"2010-09-06\",\"numberOfEmployees\":{\"@type\":\"QuantitativeValue\",\"minValue\":\"11\",\"maxValue\":\"50\"}},{\"@type\":\"Person\",\"@id\":\"https:\\\/\\\/www.webdo.tn\\\/fr\\\/#\\\/schema\\\/person\\\/82ca085b22037d285e1a3c4b65ba5f71\",\"name\":\"KJ\",\"image\":{\"@type\":\"ImageObject\",\"inLanguage\":\"fr-FR\",\"@id\":\"https:\\\/\\\/secure.gravatar.com\\\/avatar\\\/1a1320de1c1971c893f00068f760b4113d69504aa21273da17ee95650c5944fd?s=96&d=mm&r=g\",\"url\":\"https:\\\/\\\/secure.gravatar.com\\\/avatar\\\/1a1320de1c1971c893f00068f760b4113d69504aa21273da17ee95650c5944fd?s=96&d=mm&r=g\",\"contentUrl\":\"https:\\\/\\\/secure.gravatar.com\\\/avatar\\\/1a1320de1c1971c893f00068f760b4113d69504aa21273da17ee95650c5944fd?s=96&d=mm&r=g\",\"caption\":\"KJ\"},\"url\":\"https:\\\/\\\/www.webdo.tn\\\/fr\\\/actualite\\\/author\\\/kj\\\/\"}]}<\/script>\n<!-- \/ Yoast SEO Premium plugin. -->","yoast_head_json":{"title":"Vers l\u2019exploitation des parcs urbains du Grand-Tunis par des entreprises communautaires ?","description":"Pr\u00e9sid\u00e9e par Hassna Jeballah, secr\u00e9taire d\u2019\u00c9tat aupr\u00e8s du ministre de l\u2019Emploi et de la Formation professionnelle, charg\u00e9e des entreprises communautaires, la r\u00e9...","canonical":"https:\/\/www.webdo.tn\/fr\/actualite\/national\/vers-l-exploitation-des-parcs-urbains-du-grand-tunis-par-des-entreprises-communautaires\/218914\/","og_locale":"fr_FR","og_type":"article","og_title":"Vers l\u2019exploitation des parcs urbains du Grand-Tunis par des entreprises communautaires ?","og_description":"Pr\u00e9sid\u00e9e par Hassna Jeballah, secr\u00e9taire d\u2019\u00c9tat aupr\u00e8s du ministre de l\u2019Emploi et de la Formation professionnelle, charg\u00e9e des entreprises communautaires, la r\u00e9...","og_url":"https:\/\/www.webdo.tn\/fr\/actualite\/national\/vers-l-exploitation-des-parcs-urbains-du-grand-tunis-par-des-entreprises-communautaires\/218914\/","og_site_name":"webdo","article_publisher":"https:\/\/www.facebook.com\/webdotn","article_published_time":"2025-01-08T08:12:00+00:00","article_modified_time":"2025-05-20T22:20:41+00:00","og_image":[{"width":750,"height":400,"url":"https:\/\/www.webdo.tn\/fr\/wp-content\/uploads\/2025\/05\/6194cbdafd82a6049567becafa747e83-2.webp","type":"image\/webp"}],"author":"KJ","twitter_card":"summary_large_image","twitter_creator":"@webdo_tn","twitter_site":"@webdo_tn","twitter_misc":{"\u00c9crit par":"KJ","Dur\u00e9e de lecture estim\u00e9e":"2 minutes"},"schema":{"@context":"https:\/\/schema.org","@graph":[{"@type":"NewsArticle","@id":"https:\/\/www.webdo.tn\/fr\/actualite\/national\/vers-l-exploitation-des-parcs-urbains-du-grand-tunis-par-des-entreprises-communautaires\/218914\/#article","isPartOf":{"@id":"https:\/\/www.webdo.tn\/fr\/actualite\/national\/vers-l-exploitation-des-parcs-urbains-du-grand-tunis-par-des-entreprises-communautaires\/218914\/"},"author":{"name":"KJ","@id":"https:\/\/www.webdo.tn\/fr\/#\/schema\/person\/82ca085b22037d285e1a3c4b65ba5f71"},"headline":"Vers l\u2019exploitation des parcs urbains du Grand-Tunis par des entreprises communautaires ?","datePublished":"2025-01-08T08:12:00+00:00","dateModified":"2025-05-20T22:20:41+00:00","mainEntityOfPage":{"@id":"https:\/\/www.webdo.tn\/fr\/actualite\/national\/vers-l-exploitation-des-parcs-urbains-du-grand-tunis-par-des-entreprises-communautaires\/218914\/"},"wordCount":391,"commentCount":0,"publisher":{"@id":"https:\/\/www.webdo.tn\/fr\/#organization"},"image":{"@id":"https:\/\/www.webdo.tn\/fr\/actualite\/national\/vers-l-exploitation-des-parcs-urbains-du-grand-tunis-par-des-entreprises-communautaires\/218914\/#primaryimage"},"thumbnailUrl":"https:\/\/www.webdo.tn\/fr\/wp-content\/uploads\/2025\/05\/6194cbdafd82a6049567becafa747e83-2.webp","keywords":["grand-tunis","Parc urbain","Tunisie"],"articleSection":["National"],"inLanguage":"fr-FR"},{"@type":"WebPage","@id":"https:\/\/www.webdo.tn\/fr\/actualite\/national\/vers-l-exploitation-des-parcs-urbains-du-grand-tunis-par-des-entreprises-communautaires\/218914\/","url":"https:\/\/www.webdo.tn\/fr\/actualite\/national\/vers-l-exploitation-des-parcs-urbains-du-grand-tunis-par-des-entreprises-communautaires\/218914\/","name":"Vers l\u2019exploitation des parcs urbains du Grand-Tunis par des entreprises communautaires ?","isPartOf":{"@id":"https:\/\/www.webdo.tn\/fr\/#website"},"primaryImageOfPage":{"@id":"https:\/\/www.webdo.tn\/fr\/actualite\/national\/vers-l-exploitation-des-parcs-urbains-du-grand-tunis-par-des-entreprises-communautaires\/218914\/#primaryimage"},"image":{"@id":"https:\/\/www.webdo.tn\/fr\/actualite\/national\/vers-l-exploitation-des-parcs-urbains-du-grand-tunis-par-des-entreprises-communautaires\/218914\/#primaryimage"},"thumbnailUrl":"https:\/\/www.webdo.tn\/fr\/wp-content\/uploads\/2025\/05\/6194cbdafd82a6049567becafa747e83-2.webp","datePublished":"2025-01-08T08:12:00+00:00","dateModified":"2025-05-20T22:20:41+00:00","description":"Pr\u00e9sid\u00e9e par Hassna Jeballah, secr\u00e9taire d\u2019\u00c9tat aupr\u00e8s du ministre de l\u2019Emploi et de la Formation professionnelle, charg\u00e9e des entreprises communautaires, la r\u00e9...","breadcrumb":{"@id":"https:\/\/www.webdo.tn\/fr\/actualite\/national\/vers-l-exploitation-des-parcs-urbains-du-grand-tunis-par-des-entreprises-communautaires\/218914\/#breadcrumb"},"inLanguage":"fr-FR","potentialAction":[{"@type":"ReadAction","target":["https:\/\/www.webdo.tn\/fr\/actualite\/national\/vers-l-exploitation-des-parcs-urbains-du-grand-tunis-par-des-entreprises-communautaires\/218914\/"]}]},{"@type":"ImageObject","inLanguage":"fr-FR","@id":"https:\/\/www.webdo.tn\/fr\/actualite\/national\/vers-l-exploitation-des-parcs-urbains-du-grand-tunis-par-des-entreprises-communautaires\/218914\/#primaryimage","url":"https:\/\/www.webdo.tn\/fr\/wp-content\/uploads\/2025\/05\/6194cbdafd82a6049567becafa747e83-2.webp","contentUrl":"https:\/\/www.webdo.tn\/fr\/wp-content\/uploads\/2025\/05\/6194cbdafd82a6049567becafa747e83-2.webp","width":750,"height":400},{"@type":"BreadcrumbList","@id":"https:\/\/www.webdo.tn\/fr\/actualite\/national\/vers-l-exploitation-des-parcs-urbains-du-grand-tunis-par-des-entreprises-communautaires\/218914\/#breadcrumb","itemListElement":[{"@type":"ListItem","position":1,"name":"Accueil","item":"https:\/\/www.webdo.tn\/fr\/"},{"@type":"ListItem","position":2,"name":"Vers l\u2019exploitation des parcs urbains du Grand-Tunis par des entreprises communautaires ?"}]},{"@type":"WebSite","@id":"https:\/\/www.webdo.tn\/fr\/#website","url":"https:\/\/www.webdo.tn\/fr\/","name":"webdo","description":"Tunisie - News en Tunisie et \u00e0 l&#039;international sur Webdo.tn","publisher":{"@id":"https:\/\/www.webdo.tn\/fr\/#organization"},"potentialAction":[{"@type":"SearchAction","target":{"@type":"EntryPoint","urlTemplate":"https:\/\/www.webdo.tn\/fr\/?s={search_term_string}"},"query-input":{"@type":"PropertyValueSpecification","valueRequired":true,"valueName":"search_term_string"}}],"inLanguage":"fr-FR"},{"@type":"Organization","@id":"https:\/\/www.webdo.tn\/fr\/#organization","name":"Webdo","alternateName":"Webdo.tn","url":"https:\/\/www.webdo.tn\/fr\/","logo":{"@type":"ImageObject","inLanguage":"fr-FR","@id":"https:\/\/www.webdo.tn\/fr\/#\/schema\/logo\/image\/","url":"https:\/\/www.webdo.tn\/fr\/wp-content\/uploads\/2025\/06\/Webdo-Tunisie_168377.jpg","contentUrl":"https:\/\/www.webdo.tn\/fr\/wp-content\/uploads\/2025\/06\/Webdo-Tunisie_168377.jpg","width":301,"height":301,"caption":"Webdo"},"image":{"@id":"https:\/\/www.webdo.tn\/fr\/#\/schema\/logo\/image\/"},"sameAs":["https:\/\/www.facebook.com\/webdotn","https:\/\/x.com\/webdo_tn"],"description":"Webdo est un m\u00e9dia num\u00e9rique tunisien fond\u00e9 en 2010, sp\u00e9cialis\u00e9 dans l\u2019actualit\u00e9 nationale et internationale, l\u2019\u00e9conomie, la soci\u00e9t\u00e9 et les analyses politiques. Le site s\u2019adresse \u00e0 un large public francophone et couvre l\u2019information tunisienne en temps r\u00e9el.","email":"redac@webdo.tn","legalName":"YNJ SARL","foundingDate":"2010-09-06","numberOfEmployees":{"@type":"QuantitativeValue","minValue":"11","maxValue":"50"}},{"@type":"Person","@id":"https:\/\/www.webdo.tn\/fr\/#\/schema\/person\/82ca085b22037d285e1a3c4b65ba5f71","name":"KJ","image":{"@type":"ImageObject","inLanguage":"fr-FR","@id":"https:\/\/secure.gravatar.com\/avatar\/1a1320de1c1971c893f00068f760b4113d69504aa21273da17ee95650c5944fd?s=96&d=mm&r=g","url":"https:\/\/secure.gravatar.com\/avatar\/1a1320de1c1971c893f00068f760b4113d69504aa21273da17ee95650c5944fd?s=96&d=mm&r=g","contentUrl":"https:\/\/secure.gravatar.com\/avatar\/1a1320de1c1971c893f00068f760b4113d69504aa21273da17ee95650c5944fd?s=96&d=mm&r=g","caption":"KJ"},"url":"https:\/\/www.webdo.tn\/fr\/actualite\/author\/kj\/"}]}},"_links":{"self":[{"href":"https:\/\/www.webdo.tn\/fr\/wp-json\/wp\/v2\/posts\/218914","targetHints":{"allow":["GET"]}}],"collection":[{"href":"https:\/\/www.webdo.tn\/fr\/wp-json\/wp\/v2\/posts"}],"about":[{"href":"https:\/\/www.webdo.tn\/fr\/wp-json\/wp\/v2\/types\/post"}],"author":[{"embeddable":true,"href":"https:\/\/www.webdo.tn\/fr\/wp-json\/wp\/v2\/users\/3163"}],"replies":[{"embeddable":true,"href":"https:\/\/www.webdo.tn\/fr\/wp-json\/wp\/v2\/comments?post=218914"}],"version-history":[{"count":0,"href":"https:\/\/www.webdo.tn\/fr\/wp-json\/wp\/v2\/posts\/218914\/revisions"}],"wp:featuredmedia":[{"embeddable":true,"href":"https:\/\/www.webdo.tn\/fr\/wp-json\/wp\/v2\/media\/243008"}],"wp:attachment":[{"href":"https:\/\/www.webdo.tn\/fr\/wp-json\/wp\/v2\/media?parent=218914"}],"wp:term":[{"taxonomy":"category","embeddable":true,"href":"https:\/\/www.webdo.tn\/fr\/wp-json\/wp\/v2\/categories?post=218914"},{"taxonomy":"post_tag","embeddable":true,"href":"https:\/\/www.webdo.tn\/fr\/wp-json\/wp\/v2\/tags?post=218914"}],"curies":[{"name":"wp","href":"https:\/\/api.w.org\/{rel}","templated":true}]}}