{"id":218913,"date":"2025-01-08T08:03:00","date_gmt":"2025-01-08T08:03:00","guid":{"rendered":"https:\/\/www.webdo.tn\/fr\/blog\/2025\/01\/08\/l-algerie-repond-a-emmanuel-macron\/"},"modified":"2025-05-20T22:20:40","modified_gmt":"2025-05-20T22:20:40","slug":"l-algerie-repond-a-emmanuel-macron","status":"publish","type":"post","link":"https:\/\/www.webdo.tn\/fr\/actualite\/international\/l-algerie-repond-a-emmanuel-macron\/218913\/","title":{"rendered":"L\u2019Alg\u00e9rie r\u00e9pond \u00e0 Emmanuel Macron"},"content":{"rendered":"<p>Le minist\u00e8re des Affaires \u00e9trang\u00e8res alg\u00e9rien a vivement r\u00e9agi ce mardi 7 janvier aux d\u00e9clarations d\u2019Emmanuel Macron sur l\u2019Alg\u00e9rie et le cas de l\u2019\u00e9crivain Boualem Sansal. Dans un communiqu\u00e9, la diplomatie alg\u00e9rienne a d\u00e9nonc\u00e9 ces propos jug\u00e9s offensants, affirmant qu\u2019ils \u00ab d\u00e9shonorent, avant tout, celui qui les a tenus \u00bb.<\/p>\n<p>\t\t\t\t\t\t\t\t\t\u00ab Le gouvernement alg\u00e9rien a pris acte avec stupeur des d\u00e9clarations du Pr\u00e9sident fran\u00e7ais sur l\u2019Alg\u00e9rie. Ces affirmations, empreintes de d\u00e9sinvolture et de l\u00e9g\u00e8ret\u00e9, traduisent une immixtion inadmissible dans une affaire interne alg\u00e9rienne \u00bb, pr\u00e9cise le texte. Le minist\u00e8re a fermement condamn\u00e9 ce qu\u2019il consid\u00e8re comme une intrusion injustifiable dans la souverainet\u00e9 du pays, qualifiant ces propos de \u00ab r\u00e9pr\u00e9hensibles, rejetables et inacceptables \u00bb.<\/p>\n<p>L\u2019Alg\u00e9rie rejette \u00e9galement la mani\u00e8re dont Emmanuel Macron a pr\u00e9sent\u00e9 cette affaire, la qualifiant de question de libert\u00e9 d\u2019expression. \u00ab Ce que le pr\u00e9sident fran\u00e7ais d\u00e9crit \u00e0 tort comme une probl\u00e9matique li\u00e9e \u00e0 la libert\u00e9 d\u2019expression est, en r\u00e9alit\u00e9, une atteinte \u00e0 l\u2019int\u00e9grit\u00e9 territoriale de l\u2019Alg\u00e9rie, un d\u00e9lit clairement sanctionn\u00e9 par la loi d\u2019un \u00c9tat souverain et ind\u00e9pendant \u00bb, souligne le communiqu\u00e9.<\/p>\n<p>La veille, Emmanuel Macron avait critiqu\u00e9 la d\u00e9tention de Boualem Sansal, \u00e9crivain alg\u00e9ro-fran\u00e7ais arr\u00eat\u00e9 en novembre 2024 \u00e0 Alger. Il avait d\u00e9clar\u00e9 que l\u2019Alg\u00e9rie se \u00ab d\u00e9shonorait \u00bb en refusant de lib\u00e9rer l\u2019\u00e9crivain. Ces d\u00e9clarations ont d\u00e9clench\u00e9 une vive indignation du c\u00f4t\u00e9 alg\u00e9rien, renfor\u00e7ant les tensions diplomatiques entre les deux pays.<\/p>\n","protected":false},"excerpt":{"rendered":"<p>\u00ab Le gouvernement alg\u00e9rien a pris acte avec stupeur des d\u00e9clarations du Pr\u00e9sident fran\u00e7ais sur l\u2019Alg\u00e9rie. Ces affirmations, empreintes de d\u00e9sinvolture et de l\u00e9g&#8230;<\/p>\n","protected":false},"author":3163,"featured_media":243002,"comment_status":"open","ping_status":"open","sticky":false,"template":"","format":"standard","meta":{"footnotes":""},"categories":[2598],"tags":[2907,2998,3535],"class_list":["post-218913","post","type-post","status-publish","format-standard","has-post-thumbnail","hentry","category-international","tag-algerie","tag-france","tag-macron"],"yoast_head":"<!-- This site is optimized with the Yoast SEO Premium plugin v27.5 (Yoast SEO v27.5) - https:\/\/yoast.com\/product\/yoast-seo-premium-wordpress\/ -->\n<title>L\u2019Alg\u00e9rie r\u00e9pond \u00e0 Emmanuel Macron<\/title>\n<meta name=\"description\" content=\"\u00ab Le gouvernement alg\u00e9rien a pris acte avec stupeur des d\u00e9clarations du Pr\u00e9sident fran\u00e7ais sur l\u2019Alg\u00e9rie. Ces affirmations, empreintes de d\u00e9sinvolture et de l\u00e9g...\" \/>\n<link rel=\"canonical\" href=\"https:\/\/www.webdo.tn\/fr\/actualite\/international\/l-algerie-repond-a-emmanuel-macron\/218913\/\" \/>\n<meta property=\"og:locale\" content=\"fr_FR\" \/>\n<meta property=\"og:type\" content=\"article\" \/>\n<meta property=\"og:title\" content=\"L\u2019Alg\u00e9rie r\u00e9pond \u00e0 Emmanuel Macron\" \/>\n<meta property=\"og:description\" content=\"\u00ab Le gouvernement alg\u00e9rien a pris acte avec stupeur des d\u00e9clarations du Pr\u00e9sident fran\u00e7ais sur l\u2019Alg\u00e9rie. Ces affirmations, empreintes de d\u00e9sinvolture et de l\u00e9g...\" \/>\n<meta property=\"og:url\" content=\"https:\/\/www.webdo.tn\/fr\/actualite\/international\/l-algerie-repond-a-emmanuel-macron\/218913\/\" \/>\n<meta property=\"og:site_name\" content=\"webdo\" \/>\n<meta property=\"article:publisher\" content=\"https:\/\/www.facebook.com\/webdotn\" \/>\n<meta property=\"article:published_time\" content=\"2025-01-08T08:03:00+00:00\" \/>\n<meta property=\"article:modified_time\" content=\"2025-05-20T22:20:40+00:00\" \/>\n<meta property=\"og:image\" content=\"https:\/\/www.webdo.tn\/fr\/wp-content\/uploads\/2025\/05\/a1c478ddcad59480e7cc0dcbb09247ee-2.webp\" \/>\n\t<meta property=\"og:image:width\" content=\"734\" \/>\n\t<meta property=\"og:image:height\" content=\"391\" \/>\n\t<meta property=\"og:image:type\" content=\"image\/webp\" \/>\n<meta name=\"author\" content=\"KJ\" \/>\n<meta name=\"twitter:card\" content=\"summary_large_image\" \/>\n<meta name=\"twitter:creator\" content=\"@webdo_tn\" \/>\n<meta name=\"twitter:site\" content=\"@webdo_tn\" \/>\n<meta name=\"twitter:label1\" content=\"\u00c9crit par\" \/>\n\t<meta name=\"twitter:data1\" content=\"KJ\" \/>\n\t<meta name=\"twitter:label2\" content=\"Dur\u00e9e de lecture estim\u00e9e\" \/>\n\t<meta name=\"twitter:data2\" content=\"1 minute\" \/>\n<script type=\"application\/ld+json\" class=\"yoast-schema-graph\">{\"@context\":\"https:\\\/\\\/schema.org\",\"@graph\":[{\"@type\":\"NewsArticle\",\"@id\":\"https:\\\/\\\/www.webdo.tn\\\/fr\\\/actualite\\\/international\\\/l-algerie-repond-a-emmanuel-macron\\\/218913\\\/#article\",\"isPartOf\":{\"@id\":\"https:\\\/\\\/www.webdo.tn\\\/fr\\\/actualite\\\/international\\\/l-algerie-repond-a-emmanuel-macron\\\/218913\\\/\"},\"author\":{\"name\":\"KJ\",\"@id\":\"https:\\\/\\\/www.webdo.tn\\\/fr\\\/#\\\/schema\\\/person\\\/82ca085b22037d285e1a3c4b65ba5f71\"},\"headline\":\"L\u2019Alg\u00e9rie r\u00e9pond \u00e0 Emmanuel Macron\",\"datePublished\":\"2025-01-08T08:03:00+00:00\",\"dateModified\":\"2025-05-20T22:20:40+00:00\",\"mainEntityOfPage\":{\"@id\":\"https:\\\/\\\/www.webdo.tn\\\/fr\\\/actualite\\\/international\\\/l-algerie-repond-a-emmanuel-macron\\\/218913\\\/\"},\"wordCount\":282,\"commentCount\":0,\"publisher\":{\"@id\":\"https:\\\/\\\/www.webdo.tn\\\/fr\\\/#organization\"},\"image\":{\"@id\":\"https:\\\/\\\/www.webdo.tn\\\/fr\\\/actualite\\\/international\\\/l-algerie-repond-a-emmanuel-macron\\\/218913\\\/#primaryimage\"},\"thumbnailUrl\":\"https:\\\/\\\/www.webdo.tn\\\/fr\\\/wp-content\\\/uploads\\\/2025\\\/05\\\/a1c478ddcad59480e7cc0dcbb09247ee-2.webp\",\"keywords\":[\"Alg\u00e9rie\",\"france\",\"macron\"],\"articleSection\":[\"International\"],\"inLanguage\":\"fr-FR\"},{\"@type\":\"WebPage\",\"@id\":\"https:\\\/\\\/www.webdo.tn\\\/fr\\\/actualite\\\/international\\\/l-algerie-repond-a-emmanuel-macron\\\/218913\\\/\",\"url\":\"https:\\\/\\\/www.webdo.tn\\\/fr\\\/actualite\\\/international\\\/l-algerie-repond-a-emmanuel-macron\\\/218913\\\/\",\"name\":\"L\u2019Alg\u00e9rie r\u00e9pond \u00e0 Emmanuel Macron\",\"isPartOf\":{\"@id\":\"https:\\\/\\\/www.webdo.tn\\\/fr\\\/#website\"},\"primaryImageOfPage\":{\"@id\":\"https:\\\/\\\/www.webdo.tn\\\/fr\\\/actualite\\\/international\\\/l-algerie-repond-a-emmanuel-macron\\\/218913\\\/#primaryimage\"},\"image\":{\"@id\":\"https:\\\/\\\/www.webdo.tn\\\/fr\\\/actualite\\\/international\\\/l-algerie-repond-a-emmanuel-macron\\\/218913\\\/#primaryimage\"},\"thumbnailUrl\":\"https:\\\/\\\/www.webdo.tn\\\/fr\\\/wp-content\\\/uploads\\\/2025\\\/05\\\/a1c478ddcad59480e7cc0dcbb09247ee-2.webp\",\"datePublished\":\"2025-01-08T08:03:00+00:00\",\"dateModified\":\"2025-05-20T22:20:40+00:00\",\"description\":\"\u00ab Le gouvernement alg\u00e9rien a pris acte avec stupeur des d\u00e9clarations du Pr\u00e9sident fran\u00e7ais sur l\u2019Alg\u00e9rie. Ces affirmations, empreintes de d\u00e9sinvolture et de l\u00e9g...\",\"breadcrumb\":{\"@id\":\"https:\\\/\\\/www.webdo.tn\\\/fr\\\/actualite\\\/international\\\/l-algerie-repond-a-emmanuel-macron\\\/218913\\\/#breadcrumb\"},\"inLanguage\":\"fr-FR\",\"potentialAction\":[{\"@type\":\"ReadAction\",\"target\":[\"https:\\\/\\\/www.webdo.tn\\\/fr\\\/actualite\\\/international\\\/l-algerie-repond-a-emmanuel-macron\\\/218913\\\/\"]}]},{\"@type\":\"ImageObject\",\"inLanguage\":\"fr-FR\",\"@id\":\"https:\\\/\\\/www.webdo.tn\\\/fr\\\/actualite\\\/international\\\/l-algerie-repond-a-emmanuel-macron\\\/218913\\\/#primaryimage\",\"url\":\"https:\\\/\\\/www.webdo.tn\\\/fr\\\/wp-content\\\/uploads\\\/2025\\\/05\\\/a1c478ddcad59480e7cc0dcbb09247ee-2.webp\",\"contentUrl\":\"https:\\\/\\\/www.webdo.tn\\\/fr\\\/wp-content\\\/uploads\\\/2025\\\/05\\\/a1c478ddcad59480e7cc0dcbb09247ee-2.webp\",\"width\":734,\"height\":391},{\"@type\":\"BreadcrumbList\",\"@id\":\"https:\\\/\\\/www.webdo.tn\\\/fr\\\/actualite\\\/international\\\/l-algerie-repond-a-emmanuel-macron\\\/218913\\\/#breadcrumb\",\"itemListElement\":[{\"@type\":\"ListItem\",\"position\":1,\"name\":\"Accueil\",\"item\":\"https:\\\/\\\/www.webdo.tn\\\/fr\\\/\"},{\"@type\":\"ListItem\",\"position\":2,\"name\":\"L\u2019Alg\u00e9rie r\u00e9pond \u00e0 Emmanuel Macron\"}]},{\"@type\":\"WebSite\",\"@id\":\"https:\\\/\\\/www.webdo.tn\\\/fr\\\/#website\",\"url\":\"https:\\\/\\\/www.webdo.tn\\\/fr\\\/\",\"name\":\"webdo\",\"description\":\"Tunisie - News en Tunisie et \u00e0 l&#039;international sur Webdo.tn\",\"publisher\":{\"@id\":\"https:\\\/\\\/www.webdo.tn\\\/fr\\\/#organization\"},\"potentialAction\":[{\"@type\":\"SearchAction\",\"target\":{\"@type\":\"EntryPoint\",\"urlTemplate\":\"https:\\\/\\\/www.webdo.tn\\\/fr\\\/?s={search_term_string}\"},\"query-input\":{\"@type\":\"PropertyValueSpecification\",\"valueRequired\":true,\"valueName\":\"search_term_string\"}}],\"inLanguage\":\"fr-FR\"},{\"@type\":\"Organization\",\"@id\":\"https:\\\/\\\/www.webdo.tn\\\/fr\\\/#organization\",\"name\":\"Webdo\",\"alternateName\":\"Webdo.tn\",\"url\":\"https:\\\/\\\/www.webdo.tn\\\/fr\\\/\",\"logo\":{\"@type\":\"ImageObject\",\"inLanguage\":\"fr-FR\",\"@id\":\"https:\\\/\\\/www.webdo.tn\\\/fr\\\/#\\\/schema\\\/logo\\\/image\\\/\",\"url\":\"https:\\\/\\\/www.webdo.tn\\\/fr\\\/wp-content\\\/uploads\\\/2025\\\/06\\\/Webdo-Tunisie_168377.jpg\",\"contentUrl\":\"https:\\\/\\\/www.webdo.tn\\\/fr\\\/wp-content\\\/uploads\\\/2025\\\/06\\\/Webdo-Tunisie_168377.jpg\",\"width\":301,\"height\":301,\"caption\":\"Webdo\"},\"image\":{\"@id\":\"https:\\\/\\\/www.webdo.tn\\\/fr\\\/#\\\/schema\\\/logo\\\/image\\\/\"},\"sameAs\":[\"https:\\\/\\\/www.facebook.com\\\/webdotn\",\"https:\\\/\\\/x.com\\\/webdo_tn\"],\"description\":\"Webdo est un m\u00e9dia num\u00e9rique tunisien fond\u00e9 en 2010, sp\u00e9cialis\u00e9 dans l\u2019actualit\u00e9 nationale et internationale, l\u2019\u00e9conomie, la soci\u00e9t\u00e9 et les analyses politiques. Le site s\u2019adresse \u00e0 un large public francophone et couvre l\u2019information tunisienne en temps r\u00e9el.\",\"email\":\"redac@webdo.tn\",\"legalName\":\"YNJ SARL\",\"foundingDate\":\"2010-09-06\",\"numberOfEmployees\":{\"@type\":\"QuantitativeValue\",\"minValue\":\"11\",\"maxValue\":\"50\"}},{\"@type\":\"Person\",\"@id\":\"https:\\\/\\\/www.webdo.tn\\\/fr\\\/#\\\/schema\\\/person\\\/82ca085b22037d285e1a3c4b65ba5f71\",\"name\":\"KJ\",\"image\":{\"@type\":\"ImageObject\",\"inLanguage\":\"fr-FR\",\"@id\":\"https:\\\/\\\/secure.gravatar.com\\\/avatar\\\/1a1320de1c1971c893f00068f760b4113d69504aa21273da17ee95650c5944fd?s=96&d=mm&r=g\",\"url\":\"https:\\\/\\\/secure.gravatar.com\\\/avatar\\\/1a1320de1c1971c893f00068f760b4113d69504aa21273da17ee95650c5944fd?s=96&d=mm&r=g\",\"contentUrl\":\"https:\\\/\\\/secure.gravatar.com\\\/avatar\\\/1a1320de1c1971c893f00068f760b4113d69504aa21273da17ee95650c5944fd?s=96&d=mm&r=g\",\"caption\":\"KJ\"},\"url\":\"https:\\\/\\\/www.webdo.tn\\\/fr\\\/actualite\\\/author\\\/kj\\\/\"}]}<\/script>\n<!-- \/ Yoast SEO Premium plugin. -->","yoast_head_json":{"title":"L\u2019Alg\u00e9rie r\u00e9pond \u00e0 Emmanuel Macron","description":"\u00ab Le gouvernement alg\u00e9rien a pris acte avec stupeur des d\u00e9clarations du Pr\u00e9sident fran\u00e7ais sur l\u2019Alg\u00e9rie. Ces affirmations, empreintes de d\u00e9sinvolture et de l\u00e9g...","canonical":"https:\/\/www.webdo.tn\/fr\/actualite\/international\/l-algerie-repond-a-emmanuel-macron\/218913\/","og_locale":"fr_FR","og_type":"article","og_title":"L\u2019Alg\u00e9rie r\u00e9pond \u00e0 Emmanuel Macron","og_description":"\u00ab Le gouvernement alg\u00e9rien a pris acte avec stupeur des d\u00e9clarations du Pr\u00e9sident fran\u00e7ais sur l\u2019Alg\u00e9rie. Ces affirmations, empreintes de d\u00e9sinvolture et de l\u00e9g...","og_url":"https:\/\/www.webdo.tn\/fr\/actualite\/international\/l-algerie-repond-a-emmanuel-macron\/218913\/","og_site_name":"webdo","article_publisher":"https:\/\/www.facebook.com\/webdotn","article_published_time":"2025-01-08T08:03:00+00:00","article_modified_time":"2025-05-20T22:20:40+00:00","og_image":[{"width":734,"height":391,"url":"https:\/\/www.webdo.tn\/fr\/wp-content\/uploads\/2025\/05\/a1c478ddcad59480e7cc0dcbb09247ee-2.webp","type":"image\/webp"}],"author":"KJ","twitter_card":"summary_large_image","twitter_creator":"@webdo_tn","twitter_site":"@webdo_tn","twitter_misc":{"\u00c9crit par":"KJ","Dur\u00e9e de lecture estim\u00e9e":"1 minute"},"schema":{"@context":"https:\/\/schema.org","@graph":[{"@type":"NewsArticle","@id":"https:\/\/www.webdo.tn\/fr\/actualite\/international\/l-algerie-repond-a-emmanuel-macron\/218913\/#article","isPartOf":{"@id":"https:\/\/www.webdo.tn\/fr\/actualite\/international\/l-algerie-repond-a-emmanuel-macron\/218913\/"},"author":{"name":"KJ","@id":"https:\/\/www.webdo.tn\/fr\/#\/schema\/person\/82ca085b22037d285e1a3c4b65ba5f71"},"headline":"L\u2019Alg\u00e9rie r\u00e9pond \u00e0 Emmanuel Macron","datePublished":"2025-01-08T08:03:00+00:00","dateModified":"2025-05-20T22:20:40+00:00","mainEntityOfPage":{"@id":"https:\/\/www.webdo.tn\/fr\/actualite\/international\/l-algerie-repond-a-emmanuel-macron\/218913\/"},"wordCount":282,"commentCount":0,"publisher":{"@id":"https:\/\/www.webdo.tn\/fr\/#organization"},"image":{"@id":"https:\/\/www.webdo.tn\/fr\/actualite\/international\/l-algerie-repond-a-emmanuel-macron\/218913\/#primaryimage"},"thumbnailUrl":"https:\/\/www.webdo.tn\/fr\/wp-content\/uploads\/2025\/05\/a1c478ddcad59480e7cc0dcbb09247ee-2.webp","keywords":["Alg\u00e9rie","france","macron"],"articleSection":["International"],"inLanguage":"fr-FR"},{"@type":"WebPage","@id":"https:\/\/www.webdo.tn\/fr\/actualite\/international\/l-algerie-repond-a-emmanuel-macron\/218913\/","url":"https:\/\/www.webdo.tn\/fr\/actualite\/international\/l-algerie-repond-a-emmanuel-macron\/218913\/","name":"L\u2019Alg\u00e9rie r\u00e9pond \u00e0 Emmanuel Macron","isPartOf":{"@id":"https:\/\/www.webdo.tn\/fr\/#website"},"primaryImageOfPage":{"@id":"https:\/\/www.webdo.tn\/fr\/actualite\/international\/l-algerie-repond-a-emmanuel-macron\/218913\/#primaryimage"},"image":{"@id":"https:\/\/www.webdo.tn\/fr\/actualite\/international\/l-algerie-repond-a-emmanuel-macron\/218913\/#primaryimage"},"thumbnailUrl":"https:\/\/www.webdo.tn\/fr\/wp-content\/uploads\/2025\/05\/a1c478ddcad59480e7cc0dcbb09247ee-2.webp","datePublished":"2025-01-08T08:03:00+00:00","dateModified":"2025-05-20T22:20:40+00:00","description":"\u00ab Le gouvernement alg\u00e9rien a pris acte avec stupeur des d\u00e9clarations du Pr\u00e9sident fran\u00e7ais sur l\u2019Alg\u00e9rie. Ces affirmations, empreintes de d\u00e9sinvolture et de l\u00e9g...","breadcrumb":{"@id":"https:\/\/www.webdo.tn\/fr\/actualite\/international\/l-algerie-repond-a-emmanuel-macron\/218913\/#breadcrumb"},"inLanguage":"fr-FR","potentialAction":[{"@type":"ReadAction","target":["https:\/\/www.webdo.tn\/fr\/actualite\/international\/l-algerie-repond-a-emmanuel-macron\/218913\/"]}]},{"@type":"ImageObject","inLanguage":"fr-FR","@id":"https:\/\/www.webdo.tn\/fr\/actualite\/international\/l-algerie-repond-a-emmanuel-macron\/218913\/#primaryimage","url":"https:\/\/www.webdo.tn\/fr\/wp-content\/uploads\/2025\/05\/a1c478ddcad59480e7cc0dcbb09247ee-2.webp","contentUrl":"https:\/\/www.webdo.tn\/fr\/wp-content\/uploads\/2025\/05\/a1c478ddcad59480e7cc0dcbb09247ee-2.webp","width":734,"height":391},{"@type":"BreadcrumbList","@id":"https:\/\/www.webdo.tn\/fr\/actualite\/international\/l-algerie-repond-a-emmanuel-macron\/218913\/#breadcrumb","itemListElement":[{"@type":"ListItem","position":1,"name":"Accueil","item":"https:\/\/www.webdo.tn\/fr\/"},{"@type":"ListItem","position":2,"name":"L\u2019Alg\u00e9rie r\u00e9pond \u00e0 Emmanuel Macron"}]},{"@type":"WebSite","@id":"https:\/\/www.webdo.tn\/fr\/#website","url":"https:\/\/www.webdo.tn\/fr\/","name":"webdo","description":"Tunisie - News en Tunisie et \u00e0 l&#039;international sur Webdo.tn","publisher":{"@id":"https:\/\/www.webdo.tn\/fr\/#organization"},"potentialAction":[{"@type":"SearchAction","target":{"@type":"EntryPoint","urlTemplate":"https:\/\/www.webdo.tn\/fr\/?s={search_term_string}"},"query-input":{"@type":"PropertyValueSpecification","valueRequired":true,"valueName":"search_term_string"}}],"inLanguage":"fr-FR"},{"@type":"Organization","@id":"https:\/\/www.webdo.tn\/fr\/#organization","name":"Webdo","alternateName":"Webdo.tn","url":"https:\/\/www.webdo.tn\/fr\/","logo":{"@type":"ImageObject","inLanguage":"fr-FR","@id":"https:\/\/www.webdo.tn\/fr\/#\/schema\/logo\/image\/","url":"https:\/\/www.webdo.tn\/fr\/wp-content\/uploads\/2025\/06\/Webdo-Tunisie_168377.jpg","contentUrl":"https:\/\/www.webdo.tn\/fr\/wp-content\/uploads\/2025\/06\/Webdo-Tunisie_168377.jpg","width":301,"height":301,"caption":"Webdo"},"image":{"@id":"https:\/\/www.webdo.tn\/fr\/#\/schema\/logo\/image\/"},"sameAs":["https:\/\/www.facebook.com\/webdotn","https:\/\/x.com\/webdo_tn"],"description":"Webdo est un m\u00e9dia num\u00e9rique tunisien fond\u00e9 en 2010, sp\u00e9cialis\u00e9 dans l\u2019actualit\u00e9 nationale et internationale, l\u2019\u00e9conomie, la soci\u00e9t\u00e9 et les analyses politiques. Le site s\u2019adresse \u00e0 un large public francophone et couvre l\u2019information tunisienne en temps r\u00e9el.","email":"redac@webdo.tn","legalName":"YNJ SARL","foundingDate":"2010-09-06","numberOfEmployees":{"@type":"QuantitativeValue","minValue":"11","maxValue":"50"}},{"@type":"Person","@id":"https:\/\/www.webdo.tn\/fr\/#\/schema\/person\/82ca085b22037d285e1a3c4b65ba5f71","name":"KJ","image":{"@type":"ImageObject","inLanguage":"fr-FR","@id":"https:\/\/secure.gravatar.com\/avatar\/1a1320de1c1971c893f00068f760b4113d69504aa21273da17ee95650c5944fd?s=96&d=mm&r=g","url":"https:\/\/secure.gravatar.com\/avatar\/1a1320de1c1971c893f00068f760b4113d69504aa21273da17ee95650c5944fd?s=96&d=mm&r=g","contentUrl":"https:\/\/secure.gravatar.com\/avatar\/1a1320de1c1971c893f00068f760b4113d69504aa21273da17ee95650c5944fd?s=96&d=mm&r=g","caption":"KJ"},"url":"https:\/\/www.webdo.tn\/fr\/actualite\/author\/kj\/"}]}},"_links":{"self":[{"href":"https:\/\/www.webdo.tn\/fr\/wp-json\/wp\/v2\/posts\/218913","targetHints":{"allow":["GET"]}}],"collection":[{"href":"https:\/\/www.webdo.tn\/fr\/wp-json\/wp\/v2\/posts"}],"about":[{"href":"https:\/\/www.webdo.tn\/fr\/wp-json\/wp\/v2\/types\/post"}],"author":[{"embeddable":true,"href":"https:\/\/www.webdo.tn\/fr\/wp-json\/wp\/v2\/users\/3163"}],"replies":[{"embeddable":true,"href":"https:\/\/www.webdo.tn\/fr\/wp-json\/wp\/v2\/comments?post=218913"}],"version-history":[{"count":0,"href":"https:\/\/www.webdo.tn\/fr\/wp-json\/wp\/v2\/posts\/218913\/revisions"}],"wp:featuredmedia":[{"embeddable":true,"href":"https:\/\/www.webdo.tn\/fr\/wp-json\/wp\/v2\/media\/243002"}],"wp:attachment":[{"href":"https:\/\/www.webdo.tn\/fr\/wp-json\/wp\/v2\/media?parent=218913"}],"wp:term":[{"taxonomy":"category","embeddable":true,"href":"https:\/\/www.webdo.tn\/fr\/wp-json\/wp\/v2\/categories?post=218913"},{"taxonomy":"post_tag","embeddable":true,"href":"https:\/\/www.webdo.tn\/fr\/wp-json\/wp\/v2\/tags?post=218913"}],"curies":[{"name":"wp","href":"https:\/\/api.w.org\/{rel}","templated":true}]}}