{"id":218912,"date":"2025-01-08T07:51:00","date_gmt":"2025-01-08T07:51:00","guid":{"rendered":"https:\/\/www.webdo.tn\/fr\/blog\/2025\/01\/08\/france-des-rassemblements-pour-celebrer-la-mort-de-jean-marie-le-pen\/"},"modified":"2025-05-20T22:20:39","modified_gmt":"2025-05-20T22:20:39","slug":"france-des-rassemblements-pour-celebrer-la-mort-de-jean-marie-le-pen","status":"publish","type":"post","link":"https:\/\/www.webdo.tn\/fr\/actualite\/international\/france-des-rassemblements-pour-celebrer-la-mort-de-jean-marie-le-pen\/218912\/","title":{"rendered":"France : Des rassemblements pour c\u00e9l\u00e9brer la mort de Jean-Marie Le Pen"},"content":{"rendered":"<p>Mardi 7 janvier, des rassemblements ont eu lieu dans plusieurs villes de France pour c\u00e9l\u00e9brer la disparition de Jean-Marie Le Pen, figure embl\u00e9matique de l\u2019extr\u00eame droite.\u00a0<\/p>\n<p>\t\t\t\t\t\t\t\t\t\u00c0 Paris, la place de la R\u00e9publique a vu se r\u00e9unir quelques centaines de personnes en d\u00e9but de soir\u00e9e, parmi lesquelles flottaient des drapeaux du Nouveau Parti anticapitaliste (NPA). L\u2019ambiance \u00e9tait ponctu\u00e9e de chants, de fumig\u00e8nes et de feux d\u2019artifice, t\u00e9moins d\u2019une c\u00e9l\u00e9bration teint\u00e9e de revendications politiques.<\/p>\n<p>Dans la foule parisienne, une pancarte proclamait sans d\u00e9tour : \u00ab Ce sale raciste est mort \u00bb. Certains manifestants ont grimp\u00e9 sur la statue centrale pour entonner des slogans antifascistes, tandis que d\u2019autres scandaient : \u00ab La jeunesse emmerde le Front national \u00bb. Lyon, de son c\u00f4t\u00e9, a \u00e9galement \u00e9t\u00e9 le th\u00e9\u00e2tre de festivit\u00e9s similaires, avec notamment des tirs de feux d\u2019artifice.<\/p>\n<p>Ces manifestations ont \u00e9t\u00e9 rapport\u00e9es par des journalistes de l\u2019Agence France-Presse (AFP), qui ont d\u00e9crit une mobilisation militante marqu\u00e9e par la symbolique et l\u2019expression d\u2019une opposition claire \u00e0 l\u2019h\u00e9ritage politique de Jean-Marie Le Pen.<\/p>\n","protected":false},"excerpt":{"rendered":"<p>\u00c0 Paris, la place de la R\u00e9publique a vu se r\u00e9unir quelques centaines de personnes en d\u00e9but de soir\u00e9e, parmi lesquelles flottaient des drapeaux du Nouveau Parti&#8230;<\/p>\n","protected":false},"author":3163,"featured_media":242998,"comment_status":"open","ping_status":"open","sticky":false,"template":"","format":"standard","meta":{"footnotes":""},"categories":[2598],"tags":[4477,2998,4478],"class_list":["post-218912","post","type-post","status-publish","format-standard","has-post-thumbnail","hentry","category-international","tag-celebration","tag-france","tag-jean-marie-le-pen"],"yoast_head":"<!-- This site is optimized with the Yoast SEO Premium plugin v27.5 (Yoast SEO v27.5) - https:\/\/yoast.com\/product\/yoast-seo-premium-wordpress\/ -->\n<title>France : Des rassemblements pour c\u00e9l\u00e9brer la mort de Jean-Marie Le Pen<\/title>\n<meta name=\"description\" content=\"\u00c0 Paris, la place de la R\u00e9publique a vu se r\u00e9unir quelques centaines de personnes en d\u00e9but de soir\u00e9e, parmi lesquelles flottaient des drapeaux du Nouveau Parti...\" \/>\n<link rel=\"canonical\" href=\"https:\/\/www.webdo.tn\/fr\/actualite\/international\/france-des-rassemblements-pour-celebrer-la-mort-de-jean-marie-le-pen\/218912\/\" \/>\n<meta property=\"og:locale\" content=\"fr_FR\" \/>\n<meta property=\"og:type\" content=\"article\" \/>\n<meta property=\"og:title\" content=\"France : Des rassemblements pour c\u00e9l\u00e9brer la mort de Jean-Marie Le Pen\" \/>\n<meta property=\"og:description\" content=\"\u00c0 Paris, la place de la R\u00e9publique a vu se r\u00e9unir quelques centaines de personnes en d\u00e9but de soir\u00e9e, parmi lesquelles flottaient des drapeaux du Nouveau Parti...\" \/>\n<meta property=\"og:url\" content=\"https:\/\/www.webdo.tn\/fr\/actualite\/international\/france-des-rassemblements-pour-celebrer-la-mort-de-jean-marie-le-pen\/218912\/\" \/>\n<meta property=\"og:site_name\" content=\"webdo\" \/>\n<meta property=\"article:publisher\" content=\"https:\/\/www.facebook.com\/webdotn\" \/>\n<meta property=\"article:published_time\" content=\"2025-01-08T07:51:00+00:00\" \/>\n<meta property=\"article:modified_time\" content=\"2025-05-20T22:20:39+00:00\" \/>\n<meta property=\"og:image\" content=\"https:\/\/www.webdo.tn\/fr\/wp-content\/uploads\/2025\/05\/4dd1ba71c9270ca8b05171546118bc1f-2.webp\" \/>\n\t<meta property=\"og:image:width\" content=\"750\" \/>\n\t<meta property=\"og:image:height\" content=\"400\" \/>\n\t<meta property=\"og:image:type\" content=\"image\/webp\" \/>\n<meta name=\"author\" content=\"KJ\" \/>\n<meta name=\"twitter:card\" content=\"summary_large_image\" \/>\n<meta name=\"twitter:creator\" content=\"@webdo_tn\" \/>\n<meta name=\"twitter:site\" content=\"@webdo_tn\" \/>\n<meta name=\"twitter:label1\" content=\"\u00c9crit par\" \/>\n\t<meta name=\"twitter:data1\" content=\"KJ\" \/>\n\t<meta name=\"twitter:label2\" content=\"Dur\u00e9e de lecture estim\u00e9e\" \/>\n\t<meta name=\"twitter:data2\" content=\"1 minute\" \/>\n<script type=\"application\/ld+json\" class=\"yoast-schema-graph\">{\"@context\":\"https:\\\/\\\/schema.org\",\"@graph\":[{\"@type\":\"NewsArticle\",\"@id\":\"https:\\\/\\\/www.webdo.tn\\\/fr\\\/actualite\\\/international\\\/france-des-rassemblements-pour-celebrer-la-mort-de-jean-marie-le-pen\\\/218912\\\/#article\",\"isPartOf\":{\"@id\":\"https:\\\/\\\/www.webdo.tn\\\/fr\\\/actualite\\\/international\\\/france-des-rassemblements-pour-celebrer-la-mort-de-jean-marie-le-pen\\\/218912\\\/\"},\"author\":{\"name\":\"KJ\",\"@id\":\"https:\\\/\\\/www.webdo.tn\\\/fr\\\/#\\\/schema\\\/person\\\/82ca085b22037d285e1a3c4b65ba5f71\"},\"headline\":\"France : Des rassemblements pour c\u00e9l\u00e9brer la mort de Jean-Marie Le Pen\",\"datePublished\":\"2025-01-08T07:51:00+00:00\",\"dateModified\":\"2025-05-20T22:20:39+00:00\",\"mainEntityOfPage\":{\"@id\":\"https:\\\/\\\/www.webdo.tn\\\/fr\\\/actualite\\\/international\\\/france-des-rassemblements-pour-celebrer-la-mort-de-jean-marie-le-pen\\\/218912\\\/\"},\"wordCount\":205,\"commentCount\":0,\"publisher\":{\"@id\":\"https:\\\/\\\/www.webdo.tn\\\/fr\\\/#organization\"},\"image\":{\"@id\":\"https:\\\/\\\/www.webdo.tn\\\/fr\\\/actualite\\\/international\\\/france-des-rassemblements-pour-celebrer-la-mort-de-jean-marie-le-pen\\\/218912\\\/#primaryimage\"},\"thumbnailUrl\":\"https:\\\/\\\/www.webdo.tn\\\/fr\\\/wp-content\\\/uploads\\\/2025\\\/05\\\/4dd1ba71c9270ca8b05171546118bc1f-2.webp\",\"keywords\":[\"c\u00e9l\u00e9bration\",\"france\",\"Jean-Marie le Pen\"],\"articleSection\":[\"International\"],\"inLanguage\":\"fr-FR\"},{\"@type\":\"WebPage\",\"@id\":\"https:\\\/\\\/www.webdo.tn\\\/fr\\\/actualite\\\/international\\\/france-des-rassemblements-pour-celebrer-la-mort-de-jean-marie-le-pen\\\/218912\\\/\",\"url\":\"https:\\\/\\\/www.webdo.tn\\\/fr\\\/actualite\\\/international\\\/france-des-rassemblements-pour-celebrer-la-mort-de-jean-marie-le-pen\\\/218912\\\/\",\"name\":\"France : Des rassemblements pour c\u00e9l\u00e9brer la mort de Jean-Marie Le Pen\",\"isPartOf\":{\"@id\":\"https:\\\/\\\/www.webdo.tn\\\/fr\\\/#website\"},\"primaryImageOfPage\":{\"@id\":\"https:\\\/\\\/www.webdo.tn\\\/fr\\\/actualite\\\/international\\\/france-des-rassemblements-pour-celebrer-la-mort-de-jean-marie-le-pen\\\/218912\\\/#primaryimage\"},\"image\":{\"@id\":\"https:\\\/\\\/www.webdo.tn\\\/fr\\\/actualite\\\/international\\\/france-des-rassemblements-pour-celebrer-la-mort-de-jean-marie-le-pen\\\/218912\\\/#primaryimage\"},\"thumbnailUrl\":\"https:\\\/\\\/www.webdo.tn\\\/fr\\\/wp-content\\\/uploads\\\/2025\\\/05\\\/4dd1ba71c9270ca8b05171546118bc1f-2.webp\",\"datePublished\":\"2025-01-08T07:51:00+00:00\",\"dateModified\":\"2025-05-20T22:20:39+00:00\",\"description\":\"\u00c0 Paris, la place de la R\u00e9publique a vu se r\u00e9unir quelques centaines de personnes en d\u00e9but de soir\u00e9e, parmi lesquelles flottaient des drapeaux du Nouveau Parti...\",\"breadcrumb\":{\"@id\":\"https:\\\/\\\/www.webdo.tn\\\/fr\\\/actualite\\\/international\\\/france-des-rassemblements-pour-celebrer-la-mort-de-jean-marie-le-pen\\\/218912\\\/#breadcrumb\"},\"inLanguage\":\"fr-FR\",\"potentialAction\":[{\"@type\":\"ReadAction\",\"target\":[\"https:\\\/\\\/www.webdo.tn\\\/fr\\\/actualite\\\/international\\\/france-des-rassemblements-pour-celebrer-la-mort-de-jean-marie-le-pen\\\/218912\\\/\"]}]},{\"@type\":\"ImageObject\",\"inLanguage\":\"fr-FR\",\"@id\":\"https:\\\/\\\/www.webdo.tn\\\/fr\\\/actualite\\\/international\\\/france-des-rassemblements-pour-celebrer-la-mort-de-jean-marie-le-pen\\\/218912\\\/#primaryimage\",\"url\":\"https:\\\/\\\/www.webdo.tn\\\/fr\\\/wp-content\\\/uploads\\\/2025\\\/05\\\/4dd1ba71c9270ca8b05171546118bc1f-2.webp\",\"contentUrl\":\"https:\\\/\\\/www.webdo.tn\\\/fr\\\/wp-content\\\/uploads\\\/2025\\\/05\\\/4dd1ba71c9270ca8b05171546118bc1f-2.webp\",\"width\":750,\"height\":400},{\"@type\":\"BreadcrumbList\",\"@id\":\"https:\\\/\\\/www.webdo.tn\\\/fr\\\/actualite\\\/international\\\/france-des-rassemblements-pour-celebrer-la-mort-de-jean-marie-le-pen\\\/218912\\\/#breadcrumb\",\"itemListElement\":[{\"@type\":\"ListItem\",\"position\":1,\"name\":\"Accueil\",\"item\":\"https:\\\/\\\/www.webdo.tn\\\/fr\\\/\"},{\"@type\":\"ListItem\",\"position\":2,\"name\":\"France : Des rassemblements pour c\u00e9l\u00e9brer la mort de Jean-Marie Le Pen\"}]},{\"@type\":\"WebSite\",\"@id\":\"https:\\\/\\\/www.webdo.tn\\\/fr\\\/#website\",\"url\":\"https:\\\/\\\/www.webdo.tn\\\/fr\\\/\",\"name\":\"webdo\",\"description\":\"Tunisie - News en Tunisie et \u00e0 l&#039;international sur Webdo.tn\",\"publisher\":{\"@id\":\"https:\\\/\\\/www.webdo.tn\\\/fr\\\/#organization\"},\"potentialAction\":[{\"@type\":\"SearchAction\",\"target\":{\"@type\":\"EntryPoint\",\"urlTemplate\":\"https:\\\/\\\/www.webdo.tn\\\/fr\\\/?s={search_term_string}\"},\"query-input\":{\"@type\":\"PropertyValueSpecification\",\"valueRequired\":true,\"valueName\":\"search_term_string\"}}],\"inLanguage\":\"fr-FR\"},{\"@type\":\"Organization\",\"@id\":\"https:\\\/\\\/www.webdo.tn\\\/fr\\\/#organization\",\"name\":\"Webdo\",\"alternateName\":\"Webdo.tn\",\"url\":\"https:\\\/\\\/www.webdo.tn\\\/fr\\\/\",\"logo\":{\"@type\":\"ImageObject\",\"inLanguage\":\"fr-FR\",\"@id\":\"https:\\\/\\\/www.webdo.tn\\\/fr\\\/#\\\/schema\\\/logo\\\/image\\\/\",\"url\":\"https:\\\/\\\/www.webdo.tn\\\/fr\\\/wp-content\\\/uploads\\\/2025\\\/06\\\/Webdo-Tunisie_168377.jpg\",\"contentUrl\":\"https:\\\/\\\/www.webdo.tn\\\/fr\\\/wp-content\\\/uploads\\\/2025\\\/06\\\/Webdo-Tunisie_168377.jpg\",\"width\":301,\"height\":301,\"caption\":\"Webdo\"},\"image\":{\"@id\":\"https:\\\/\\\/www.webdo.tn\\\/fr\\\/#\\\/schema\\\/logo\\\/image\\\/\"},\"sameAs\":[\"https:\\\/\\\/www.facebook.com\\\/webdotn\",\"https:\\\/\\\/x.com\\\/webdo_tn\"],\"description\":\"Webdo est un m\u00e9dia num\u00e9rique tunisien fond\u00e9 en 2010, sp\u00e9cialis\u00e9 dans l\u2019actualit\u00e9 nationale et internationale, l\u2019\u00e9conomie, la soci\u00e9t\u00e9 et les analyses politiques. Le site s\u2019adresse \u00e0 un large public francophone et couvre l\u2019information tunisienne en temps r\u00e9el.\",\"email\":\"redac@webdo.tn\",\"legalName\":\"YNJ SARL\",\"foundingDate\":\"2010-09-06\",\"numberOfEmployees\":{\"@type\":\"QuantitativeValue\",\"minValue\":\"11\",\"maxValue\":\"50\"}},{\"@type\":\"Person\",\"@id\":\"https:\\\/\\\/www.webdo.tn\\\/fr\\\/#\\\/schema\\\/person\\\/82ca085b22037d285e1a3c4b65ba5f71\",\"name\":\"KJ\",\"image\":{\"@type\":\"ImageObject\",\"inLanguage\":\"fr-FR\",\"@id\":\"https:\\\/\\\/secure.gravatar.com\\\/avatar\\\/1a1320de1c1971c893f00068f760b4113d69504aa21273da17ee95650c5944fd?s=96&d=mm&r=g\",\"url\":\"https:\\\/\\\/secure.gravatar.com\\\/avatar\\\/1a1320de1c1971c893f00068f760b4113d69504aa21273da17ee95650c5944fd?s=96&d=mm&r=g\",\"contentUrl\":\"https:\\\/\\\/secure.gravatar.com\\\/avatar\\\/1a1320de1c1971c893f00068f760b4113d69504aa21273da17ee95650c5944fd?s=96&d=mm&r=g\",\"caption\":\"KJ\"},\"url\":\"https:\\\/\\\/www.webdo.tn\\\/fr\\\/actualite\\\/author\\\/kj\\\/\"}]}<\/script>\n<!-- \/ Yoast SEO Premium plugin. -->","yoast_head_json":{"title":"France : Des rassemblements pour c\u00e9l\u00e9brer la mort de Jean-Marie Le Pen","description":"\u00c0 Paris, la place de la R\u00e9publique a vu se r\u00e9unir quelques centaines de personnes en d\u00e9but de soir\u00e9e, parmi lesquelles flottaient des drapeaux du Nouveau Parti...","canonical":"https:\/\/www.webdo.tn\/fr\/actualite\/international\/france-des-rassemblements-pour-celebrer-la-mort-de-jean-marie-le-pen\/218912\/","og_locale":"fr_FR","og_type":"article","og_title":"France : Des rassemblements pour c\u00e9l\u00e9brer la mort de Jean-Marie Le Pen","og_description":"\u00c0 Paris, la place de la R\u00e9publique a vu se r\u00e9unir quelques centaines de personnes en d\u00e9but de soir\u00e9e, parmi lesquelles flottaient des drapeaux du Nouveau Parti...","og_url":"https:\/\/www.webdo.tn\/fr\/actualite\/international\/france-des-rassemblements-pour-celebrer-la-mort-de-jean-marie-le-pen\/218912\/","og_site_name":"webdo","article_publisher":"https:\/\/www.facebook.com\/webdotn","article_published_time":"2025-01-08T07:51:00+00:00","article_modified_time":"2025-05-20T22:20:39+00:00","og_image":[{"width":750,"height":400,"url":"https:\/\/www.webdo.tn\/fr\/wp-content\/uploads\/2025\/05\/4dd1ba71c9270ca8b05171546118bc1f-2.webp","type":"image\/webp"}],"author":"KJ","twitter_card":"summary_large_image","twitter_creator":"@webdo_tn","twitter_site":"@webdo_tn","twitter_misc":{"\u00c9crit par":"KJ","Dur\u00e9e de lecture estim\u00e9e":"1 minute"},"schema":{"@context":"https:\/\/schema.org","@graph":[{"@type":"NewsArticle","@id":"https:\/\/www.webdo.tn\/fr\/actualite\/international\/france-des-rassemblements-pour-celebrer-la-mort-de-jean-marie-le-pen\/218912\/#article","isPartOf":{"@id":"https:\/\/www.webdo.tn\/fr\/actualite\/international\/france-des-rassemblements-pour-celebrer-la-mort-de-jean-marie-le-pen\/218912\/"},"author":{"name":"KJ","@id":"https:\/\/www.webdo.tn\/fr\/#\/schema\/person\/82ca085b22037d285e1a3c4b65ba5f71"},"headline":"France : Des rassemblements pour c\u00e9l\u00e9brer la mort de Jean-Marie Le Pen","datePublished":"2025-01-08T07:51:00+00:00","dateModified":"2025-05-20T22:20:39+00:00","mainEntityOfPage":{"@id":"https:\/\/www.webdo.tn\/fr\/actualite\/international\/france-des-rassemblements-pour-celebrer-la-mort-de-jean-marie-le-pen\/218912\/"},"wordCount":205,"commentCount":0,"publisher":{"@id":"https:\/\/www.webdo.tn\/fr\/#organization"},"image":{"@id":"https:\/\/www.webdo.tn\/fr\/actualite\/international\/france-des-rassemblements-pour-celebrer-la-mort-de-jean-marie-le-pen\/218912\/#primaryimage"},"thumbnailUrl":"https:\/\/www.webdo.tn\/fr\/wp-content\/uploads\/2025\/05\/4dd1ba71c9270ca8b05171546118bc1f-2.webp","keywords":["c\u00e9l\u00e9bration","france","Jean-Marie le Pen"],"articleSection":["International"],"inLanguage":"fr-FR"},{"@type":"WebPage","@id":"https:\/\/www.webdo.tn\/fr\/actualite\/international\/france-des-rassemblements-pour-celebrer-la-mort-de-jean-marie-le-pen\/218912\/","url":"https:\/\/www.webdo.tn\/fr\/actualite\/international\/france-des-rassemblements-pour-celebrer-la-mort-de-jean-marie-le-pen\/218912\/","name":"France : Des rassemblements pour c\u00e9l\u00e9brer la mort de Jean-Marie Le Pen","isPartOf":{"@id":"https:\/\/www.webdo.tn\/fr\/#website"},"primaryImageOfPage":{"@id":"https:\/\/www.webdo.tn\/fr\/actualite\/international\/france-des-rassemblements-pour-celebrer-la-mort-de-jean-marie-le-pen\/218912\/#primaryimage"},"image":{"@id":"https:\/\/www.webdo.tn\/fr\/actualite\/international\/france-des-rassemblements-pour-celebrer-la-mort-de-jean-marie-le-pen\/218912\/#primaryimage"},"thumbnailUrl":"https:\/\/www.webdo.tn\/fr\/wp-content\/uploads\/2025\/05\/4dd1ba71c9270ca8b05171546118bc1f-2.webp","datePublished":"2025-01-08T07:51:00+00:00","dateModified":"2025-05-20T22:20:39+00:00","description":"\u00c0 Paris, la place de la R\u00e9publique a vu se r\u00e9unir quelques centaines de personnes en d\u00e9but de soir\u00e9e, parmi lesquelles flottaient des drapeaux du Nouveau Parti...","breadcrumb":{"@id":"https:\/\/www.webdo.tn\/fr\/actualite\/international\/france-des-rassemblements-pour-celebrer-la-mort-de-jean-marie-le-pen\/218912\/#breadcrumb"},"inLanguage":"fr-FR","potentialAction":[{"@type":"ReadAction","target":["https:\/\/www.webdo.tn\/fr\/actualite\/international\/france-des-rassemblements-pour-celebrer-la-mort-de-jean-marie-le-pen\/218912\/"]}]},{"@type":"ImageObject","inLanguage":"fr-FR","@id":"https:\/\/www.webdo.tn\/fr\/actualite\/international\/france-des-rassemblements-pour-celebrer-la-mort-de-jean-marie-le-pen\/218912\/#primaryimage","url":"https:\/\/www.webdo.tn\/fr\/wp-content\/uploads\/2025\/05\/4dd1ba71c9270ca8b05171546118bc1f-2.webp","contentUrl":"https:\/\/www.webdo.tn\/fr\/wp-content\/uploads\/2025\/05\/4dd1ba71c9270ca8b05171546118bc1f-2.webp","width":750,"height":400},{"@type":"BreadcrumbList","@id":"https:\/\/www.webdo.tn\/fr\/actualite\/international\/france-des-rassemblements-pour-celebrer-la-mort-de-jean-marie-le-pen\/218912\/#breadcrumb","itemListElement":[{"@type":"ListItem","position":1,"name":"Accueil","item":"https:\/\/www.webdo.tn\/fr\/"},{"@type":"ListItem","position":2,"name":"France : Des rassemblements pour c\u00e9l\u00e9brer la mort de Jean-Marie Le Pen"}]},{"@type":"WebSite","@id":"https:\/\/www.webdo.tn\/fr\/#website","url":"https:\/\/www.webdo.tn\/fr\/","name":"webdo","description":"Tunisie - News en Tunisie et \u00e0 l&#039;international sur Webdo.tn","publisher":{"@id":"https:\/\/www.webdo.tn\/fr\/#organization"},"potentialAction":[{"@type":"SearchAction","target":{"@type":"EntryPoint","urlTemplate":"https:\/\/www.webdo.tn\/fr\/?s={search_term_string}"},"query-input":{"@type":"PropertyValueSpecification","valueRequired":true,"valueName":"search_term_string"}}],"inLanguage":"fr-FR"},{"@type":"Organization","@id":"https:\/\/www.webdo.tn\/fr\/#organization","name":"Webdo","alternateName":"Webdo.tn","url":"https:\/\/www.webdo.tn\/fr\/","logo":{"@type":"ImageObject","inLanguage":"fr-FR","@id":"https:\/\/www.webdo.tn\/fr\/#\/schema\/logo\/image\/","url":"https:\/\/www.webdo.tn\/fr\/wp-content\/uploads\/2025\/06\/Webdo-Tunisie_168377.jpg","contentUrl":"https:\/\/www.webdo.tn\/fr\/wp-content\/uploads\/2025\/06\/Webdo-Tunisie_168377.jpg","width":301,"height":301,"caption":"Webdo"},"image":{"@id":"https:\/\/www.webdo.tn\/fr\/#\/schema\/logo\/image\/"},"sameAs":["https:\/\/www.facebook.com\/webdotn","https:\/\/x.com\/webdo_tn"],"description":"Webdo est un m\u00e9dia num\u00e9rique tunisien fond\u00e9 en 2010, sp\u00e9cialis\u00e9 dans l\u2019actualit\u00e9 nationale et internationale, l\u2019\u00e9conomie, la soci\u00e9t\u00e9 et les analyses politiques. Le site s\u2019adresse \u00e0 un large public francophone et couvre l\u2019information tunisienne en temps r\u00e9el.","email":"redac@webdo.tn","legalName":"YNJ SARL","foundingDate":"2010-09-06","numberOfEmployees":{"@type":"QuantitativeValue","minValue":"11","maxValue":"50"}},{"@type":"Person","@id":"https:\/\/www.webdo.tn\/fr\/#\/schema\/person\/82ca085b22037d285e1a3c4b65ba5f71","name":"KJ","image":{"@type":"ImageObject","inLanguage":"fr-FR","@id":"https:\/\/secure.gravatar.com\/avatar\/1a1320de1c1971c893f00068f760b4113d69504aa21273da17ee95650c5944fd?s=96&d=mm&r=g","url":"https:\/\/secure.gravatar.com\/avatar\/1a1320de1c1971c893f00068f760b4113d69504aa21273da17ee95650c5944fd?s=96&d=mm&r=g","contentUrl":"https:\/\/secure.gravatar.com\/avatar\/1a1320de1c1971c893f00068f760b4113d69504aa21273da17ee95650c5944fd?s=96&d=mm&r=g","caption":"KJ"},"url":"https:\/\/www.webdo.tn\/fr\/actualite\/author\/kj\/"}]}},"_links":{"self":[{"href":"https:\/\/www.webdo.tn\/fr\/wp-json\/wp\/v2\/posts\/218912","targetHints":{"allow":["GET"]}}],"collection":[{"href":"https:\/\/www.webdo.tn\/fr\/wp-json\/wp\/v2\/posts"}],"about":[{"href":"https:\/\/www.webdo.tn\/fr\/wp-json\/wp\/v2\/types\/post"}],"author":[{"embeddable":true,"href":"https:\/\/www.webdo.tn\/fr\/wp-json\/wp\/v2\/users\/3163"}],"replies":[{"embeddable":true,"href":"https:\/\/www.webdo.tn\/fr\/wp-json\/wp\/v2\/comments?post=218912"}],"version-history":[{"count":0,"href":"https:\/\/www.webdo.tn\/fr\/wp-json\/wp\/v2\/posts\/218912\/revisions"}],"wp:featuredmedia":[{"embeddable":true,"href":"https:\/\/www.webdo.tn\/fr\/wp-json\/wp\/v2\/media\/242998"}],"wp:attachment":[{"href":"https:\/\/www.webdo.tn\/fr\/wp-json\/wp\/v2\/media?parent=218912"}],"wp:term":[{"taxonomy":"category","embeddable":true,"href":"https:\/\/www.webdo.tn\/fr\/wp-json\/wp\/v2\/categories?post=218912"},{"taxonomy":"post_tag","embeddable":true,"href":"https:\/\/www.webdo.tn\/fr\/wp-json\/wp\/v2\/tags?post=218912"}],"curies":[{"name":"wp","href":"https:\/\/api.w.org\/{rel}","templated":true}]}}