{"id":218900,"date":"2025-01-07T15:30:00","date_gmt":"2025-01-07T15:30:00","guid":{"rendered":"https:\/\/www.webdo.tn\/fr\/blog\/2025\/01\/07\/dries-arfaoui-nouvelle-recrue-du-club-africain\/"},"modified":"2025-05-20T21:44:23","modified_gmt":"2025-05-20T21:44:23","slug":"dries-arfaoui-nouvelle-recrue-du-club-africain","status":"publish","type":"post","link":"https:\/\/www.webdo.tn\/fr\/actualite\/sport\/dries-arfaoui-nouvelle-recrue-du-club-africain\/218900\/","title":{"rendered":"Dries Arfaoui, nouvelle recrue du Club Africain"},"content":{"rendered":"<p>Le Club Africain a officialis\u00e9, ce mardi, l\u2019arriv\u00e9e du gardien tuniso-belge Dries Arfaoui, qui a sign\u00e9 un contrat de deux saisons et demie avec le club de Bab Jedid. \u00c2g\u00e9 de seulement 20 ans, ce jeune portier suscite beaucoup d\u2019espoir gr\u00e2ce \u00e0 son potentiel et son parcours en Belgique.<\/p>\n<p>\t\t\t\t\t\t\t\t\tLe recrutement de Dries Arfaoui intervient dans un contexte particulier : la grave blessure du gardien titulaire Mouez Hassen. Cette blessure, qui a \u00e9loign\u00e9 Hassen des terrains pour plusieurs mois, a pouss\u00e9 le Club Africain \u00e0 chercher rapidement une solution pour s\u00e9curiser sa cage et renforcer sa profondeur de banc. \u00a0<\/p>\n<p>Arfaoui, bien qu\u2019encore jeune, est per\u00e7u comme un gardien talentueux capable de s\u2019adapter rapidement au championnat tunisien et de relever ce d\u00e9fi. \u00a0<\/p>\n<p>Un parcours formateur en Belgique<\/p>\n<p>Form\u00e9 dans les rangs du prestigieux KV Mechelen, Dries Arfaoui a ensuite rejoint les cat\u00e9gories juniors de KMSK Deinze, un club belge \u00e9voluant en Challenger Pro League (deuxi\u00e8me division belge). Lors de la saison 2023-2024, il a \u00e9t\u00e9 promu dans l\u2019\u00e9quipe professionnelle, gagnant en exp\u00e9rience et consolidant ses qualit\u00e9s de gardien. \u00a0<\/p>\n<p>Arfaoui est reconnu pour ses r\u00e9flexes, son jeu au pied pr\u00e9cis et sa capacit\u00e9 \u00e0 anticiper les actions adverses, des atouts qui lui ont permis de se d\u00e9marquer en Belgique.<\/p>\n<p>Un pari sur l\u2019avenir<\/p>\n<p>Avec cette signature, le Club Africain mise sur un joueur d\u2019avenir, capable de s\u2019imposer comme un pilier de l\u2019\u00e9quipe \u00e0 long terme. Le club esp\u00e8re qu\u2019Arfaoui pourra s\u2019int\u00e9grer rapidement et contribuer aux performances de l\u2019\u00e9quipe, notamment dans les comp\u00e9titions nationales et continentales. \u00a0<\/p>\n<p>Avec l\u2019arriv\u00e9e de Dries Arfaoui, le Club Africain envoie un signal fort : celui de sa volont\u00e9 de continuer \u00e0 investir dans des jeunes talents pour construire une \u00e9quipe comp\u00e9titive et tourn\u00e9e vers l\u2019avenir. Ce recrutement pourrait marquer un tournant d\u00e9cisif pour le jeune gardien, tout en offrant au club une solution fiable.<\/p>\n","protected":false},"excerpt":{"rendered":"<p>Le Club Africain a officialis\u00e9, ce mardi, l\u2019arriv\u00e9e du gardien tuniso-belge Dries Arfaoui, qui a sign\u00e9 un contrat de deux saisons et demie avec le club de Bab J&#8230;<\/p>\n","protected":false},"author":3162,"featured_media":242980,"comment_status":"open","ping_status":"open","sticky":false,"template":"","format":"standard","meta":{"footnotes":""},"categories":[2593],"tags":[3101,4467,2777,3872,2608],"class_list":["post-218900","post","type-post","status-publish","format-standard","has-post-thumbnail","hentry","category-sport","tag-club-africain","tag-dries-arfaoui","tag-ligue-1","tag-recrutement","tag-tunisie"],"yoast_head":"<!-- This site is optimized with the Yoast SEO Premium plugin v27.4 (Yoast SEO v27.5) - https:\/\/yoast.com\/product\/yoast-seo-premium-wordpress\/ -->\n<title>Dries Arfaoui, nouvelle recrue du Club Africain<\/title>\n<meta name=\"description\" content=\"Le Club Africain a officialis\u00e9, ce mardi, l\u2019arriv\u00e9e du gardien tuniso-belge Dries Arfaoui, qui a sign\u00e9 un contrat de deux saisons et demie avec le club de Bab J...\" \/>\n<link rel=\"canonical\" href=\"https:\/\/www.webdo.tn\/fr\/actualite\/sport\/dries-arfaoui-nouvelle-recrue-du-club-africain\/218900\/\" \/>\n<meta property=\"og:locale\" content=\"fr_FR\" \/>\n<meta property=\"og:type\" content=\"article\" \/>\n<meta property=\"og:title\" content=\"Dries Arfaoui, nouvelle recrue du Club Africain\" \/>\n<meta property=\"og:description\" content=\"Le Club Africain a officialis\u00e9, ce mardi, l\u2019arriv\u00e9e du gardien tuniso-belge Dries Arfaoui, qui a sign\u00e9 un contrat de deux saisons et demie avec le club de Bab J...\" \/>\n<meta property=\"og:url\" content=\"https:\/\/www.webdo.tn\/fr\/actualite\/sport\/dries-arfaoui-nouvelle-recrue-du-club-africain\/218900\/\" \/>\n<meta property=\"og:site_name\" content=\"webdo\" \/>\n<meta property=\"article:publisher\" content=\"https:\/\/www.facebook.com\/webdotn\" \/>\n<meta property=\"article:published_time\" content=\"2025-01-07T15:30:00+00:00\" \/>\n<meta property=\"article:modified_time\" content=\"2025-05-20T21:44:23+00:00\" \/>\n<meta property=\"og:image\" content=\"https:\/\/www.webdo.tn\/fr\/wp-content\/uploads\/2025\/05\/35fd72f084871515a80b7b5da79359f8-2.webp\" \/>\n\t<meta property=\"og:image:width\" content=\"750\" \/>\n\t<meta property=\"og:image:height\" content=\"400\" \/>\n\t<meta property=\"og:image:type\" content=\"image\/webp\" \/>\n<meta name=\"author\" content=\"MC\" \/>\n<meta name=\"twitter:card\" content=\"summary_large_image\" \/>\n<meta name=\"twitter:creator\" content=\"@webdo_tn\" \/>\n<meta name=\"twitter:site\" content=\"@webdo_tn\" \/>\n<meta name=\"twitter:label1\" content=\"\u00c9crit par\" \/>\n\t<meta name=\"twitter:data1\" content=\"MC\" \/>\n\t<meta name=\"twitter:label2\" content=\"Dur\u00e9e de lecture estim\u00e9e\" \/>\n\t<meta name=\"twitter:data2\" content=\"2 minutes\" \/>\n<script type=\"application\/ld+json\" class=\"yoast-schema-graph\">{\"@context\":\"https:\\\/\\\/schema.org\",\"@graph\":[{\"@type\":\"NewsArticle\",\"@id\":\"https:\\\/\\\/www.webdo.tn\\\/fr\\\/actualite\\\/sport\\\/dries-arfaoui-nouvelle-recrue-du-club-africain\\\/218900\\\/#article\",\"isPartOf\":{\"@id\":\"https:\\\/\\\/www.webdo.tn\\\/fr\\\/actualite\\\/sport\\\/dries-arfaoui-nouvelle-recrue-du-club-africain\\\/218900\\\/\"},\"author\":{\"name\":\"MC\",\"@id\":\"https:\\\/\\\/www.webdo.tn\\\/fr\\\/#\\\/schema\\\/person\\\/2c4929cbf5a809e3bd38617c6ce150f6\"},\"headline\":\"Dries Arfaoui, nouvelle recrue du Club Africain\",\"datePublished\":\"2025-01-07T15:30:00+00:00\",\"dateModified\":\"2025-05-20T21:44:23+00:00\",\"mainEntityOfPage\":{\"@id\":\"https:\\\/\\\/www.webdo.tn\\\/fr\\\/actualite\\\/sport\\\/dries-arfaoui-nouvelle-recrue-du-club-africain\\\/218900\\\/\"},\"wordCount\":338,\"commentCount\":0,\"publisher\":{\"@id\":\"https:\\\/\\\/www.webdo.tn\\\/fr\\\/#organization\"},\"image\":{\"@id\":\"https:\\\/\\\/www.webdo.tn\\\/fr\\\/actualite\\\/sport\\\/dries-arfaoui-nouvelle-recrue-du-club-africain\\\/218900\\\/#primaryimage\"},\"thumbnailUrl\":\"https:\\\/\\\/www.webdo.tn\\\/fr\\\/wp-content\\\/uploads\\\/2025\\\/05\\\/35fd72f084871515a80b7b5da79359f8-2.webp\",\"keywords\":[\"Club Africain\",\"Dries Arfaoui\",\"Ligue 1\",\"recrutement\",\"Tunisie\"],\"articleSection\":[\"Sport\"],\"inLanguage\":\"fr-FR\"},{\"@type\":\"WebPage\",\"@id\":\"https:\\\/\\\/www.webdo.tn\\\/fr\\\/actualite\\\/sport\\\/dries-arfaoui-nouvelle-recrue-du-club-africain\\\/218900\\\/\",\"url\":\"https:\\\/\\\/www.webdo.tn\\\/fr\\\/actualite\\\/sport\\\/dries-arfaoui-nouvelle-recrue-du-club-africain\\\/218900\\\/\",\"name\":\"Dries Arfaoui, nouvelle recrue du Club Africain\",\"isPartOf\":{\"@id\":\"https:\\\/\\\/www.webdo.tn\\\/fr\\\/#website\"},\"primaryImageOfPage\":{\"@id\":\"https:\\\/\\\/www.webdo.tn\\\/fr\\\/actualite\\\/sport\\\/dries-arfaoui-nouvelle-recrue-du-club-africain\\\/218900\\\/#primaryimage\"},\"image\":{\"@id\":\"https:\\\/\\\/www.webdo.tn\\\/fr\\\/actualite\\\/sport\\\/dries-arfaoui-nouvelle-recrue-du-club-africain\\\/218900\\\/#primaryimage\"},\"thumbnailUrl\":\"https:\\\/\\\/www.webdo.tn\\\/fr\\\/wp-content\\\/uploads\\\/2025\\\/05\\\/35fd72f084871515a80b7b5da79359f8-2.webp\",\"datePublished\":\"2025-01-07T15:30:00+00:00\",\"dateModified\":\"2025-05-20T21:44:23+00:00\",\"description\":\"Le Club Africain a officialis\u00e9, ce mardi, l\u2019arriv\u00e9e du gardien tuniso-belge Dries Arfaoui, qui a sign\u00e9 un contrat de deux saisons et demie avec le club de Bab J...\",\"breadcrumb\":{\"@id\":\"https:\\\/\\\/www.webdo.tn\\\/fr\\\/actualite\\\/sport\\\/dries-arfaoui-nouvelle-recrue-du-club-africain\\\/218900\\\/#breadcrumb\"},\"inLanguage\":\"fr-FR\",\"potentialAction\":[{\"@type\":\"ReadAction\",\"target\":[\"https:\\\/\\\/www.webdo.tn\\\/fr\\\/actualite\\\/sport\\\/dries-arfaoui-nouvelle-recrue-du-club-africain\\\/218900\\\/\"]}]},{\"@type\":\"ImageObject\",\"inLanguage\":\"fr-FR\",\"@id\":\"https:\\\/\\\/www.webdo.tn\\\/fr\\\/actualite\\\/sport\\\/dries-arfaoui-nouvelle-recrue-du-club-africain\\\/218900\\\/#primaryimage\",\"url\":\"https:\\\/\\\/www.webdo.tn\\\/fr\\\/wp-content\\\/uploads\\\/2025\\\/05\\\/35fd72f084871515a80b7b5da79359f8-2.webp\",\"contentUrl\":\"https:\\\/\\\/www.webdo.tn\\\/fr\\\/wp-content\\\/uploads\\\/2025\\\/05\\\/35fd72f084871515a80b7b5da79359f8-2.webp\",\"width\":750,\"height\":400},{\"@type\":\"BreadcrumbList\",\"@id\":\"https:\\\/\\\/www.webdo.tn\\\/fr\\\/actualite\\\/sport\\\/dries-arfaoui-nouvelle-recrue-du-club-africain\\\/218900\\\/#breadcrumb\",\"itemListElement\":[{\"@type\":\"ListItem\",\"position\":1,\"name\":\"Accueil\",\"item\":\"https:\\\/\\\/www.webdo.tn\\\/fr\\\/\"},{\"@type\":\"ListItem\",\"position\":2,\"name\":\"Dries Arfaoui, nouvelle recrue du Club Africain\"}]},{\"@type\":\"WebSite\",\"@id\":\"https:\\\/\\\/www.webdo.tn\\\/fr\\\/#website\",\"url\":\"https:\\\/\\\/www.webdo.tn\\\/fr\\\/\",\"name\":\"webdo\",\"description\":\"Tunisie - News en Tunisie et \u00e0 l&#039;international sur Webdo.tn\",\"publisher\":{\"@id\":\"https:\\\/\\\/www.webdo.tn\\\/fr\\\/#organization\"},\"potentialAction\":[{\"@type\":\"SearchAction\",\"target\":{\"@type\":\"EntryPoint\",\"urlTemplate\":\"https:\\\/\\\/www.webdo.tn\\\/fr\\\/?s={search_term_string}\"},\"query-input\":{\"@type\":\"PropertyValueSpecification\",\"valueRequired\":true,\"valueName\":\"search_term_string\"}}],\"inLanguage\":\"fr-FR\"},{\"@type\":\"Organization\",\"@id\":\"https:\\\/\\\/www.webdo.tn\\\/fr\\\/#organization\",\"name\":\"Webdo\",\"alternateName\":\"Webdo.tn\",\"url\":\"https:\\\/\\\/www.webdo.tn\\\/fr\\\/\",\"logo\":{\"@type\":\"ImageObject\",\"inLanguage\":\"fr-FR\",\"@id\":\"https:\\\/\\\/www.webdo.tn\\\/fr\\\/#\\\/schema\\\/logo\\\/image\\\/\",\"url\":\"https:\\\/\\\/www.webdo.tn\\\/fr\\\/wp-content\\\/uploads\\\/2025\\\/06\\\/Webdo-Tunisie_168377.jpg\",\"contentUrl\":\"https:\\\/\\\/www.webdo.tn\\\/fr\\\/wp-content\\\/uploads\\\/2025\\\/06\\\/Webdo-Tunisie_168377.jpg\",\"width\":301,\"height\":301,\"caption\":\"Webdo\"},\"image\":{\"@id\":\"https:\\\/\\\/www.webdo.tn\\\/fr\\\/#\\\/schema\\\/logo\\\/image\\\/\"},\"sameAs\":[\"https:\\\/\\\/www.facebook.com\\\/webdotn\",\"https:\\\/\\\/x.com\\\/webdo_tn\"],\"description\":\"Webdo est un m\u00e9dia num\u00e9rique tunisien fond\u00e9 en 2010, sp\u00e9cialis\u00e9 dans l\u2019actualit\u00e9 nationale et internationale, l\u2019\u00e9conomie, la soci\u00e9t\u00e9 et les analyses politiques. Le site s\u2019adresse \u00e0 un large public francophone et couvre l\u2019information tunisienne en temps r\u00e9el.\",\"email\":\"redac@webdo.tn\",\"legalName\":\"YNJ SARL\",\"foundingDate\":\"2010-09-06\",\"numberOfEmployees\":{\"@type\":\"QuantitativeValue\",\"minValue\":\"11\",\"maxValue\":\"50\"}},{\"@type\":\"Person\",\"@id\":\"https:\\\/\\\/www.webdo.tn\\\/fr\\\/#\\\/schema\\\/person\\\/2c4929cbf5a809e3bd38617c6ce150f6\",\"name\":\"MC\",\"image\":{\"@type\":\"ImageObject\",\"inLanguage\":\"fr-FR\",\"@id\":\"https:\\\/\\\/secure.gravatar.com\\\/avatar\\\/a545bbb6f84efdd5553dbbc2895e3ca8f1d12c5215e00a041c9670b54aa9b18a?s=96&d=mm&r=g\",\"url\":\"https:\\\/\\\/secure.gravatar.com\\\/avatar\\\/a545bbb6f84efdd5553dbbc2895e3ca8f1d12c5215e00a041c9670b54aa9b18a?s=96&d=mm&r=g\",\"contentUrl\":\"https:\\\/\\\/secure.gravatar.com\\\/avatar\\\/a545bbb6f84efdd5553dbbc2895e3ca8f1d12c5215e00a041c9670b54aa9b18a?s=96&d=mm&r=g\",\"caption\":\"MC\"},\"url\":\"https:\\\/\\\/www.webdo.tn\\\/fr\\\/actualite\\\/author\\\/mc\\\/\"}]}<\/script>\n<!-- \/ Yoast SEO Premium plugin. -->","yoast_head_json":{"title":"Dries Arfaoui, nouvelle recrue du Club Africain","description":"Le Club Africain a officialis\u00e9, ce mardi, l\u2019arriv\u00e9e du gardien tuniso-belge Dries Arfaoui, qui a sign\u00e9 un contrat de deux saisons et demie avec le club de Bab J...","canonical":"https:\/\/www.webdo.tn\/fr\/actualite\/sport\/dries-arfaoui-nouvelle-recrue-du-club-africain\/218900\/","og_locale":"fr_FR","og_type":"article","og_title":"Dries Arfaoui, nouvelle recrue du Club Africain","og_description":"Le Club Africain a officialis\u00e9, ce mardi, l\u2019arriv\u00e9e du gardien tuniso-belge Dries Arfaoui, qui a sign\u00e9 un contrat de deux saisons et demie avec le club de Bab J...","og_url":"https:\/\/www.webdo.tn\/fr\/actualite\/sport\/dries-arfaoui-nouvelle-recrue-du-club-africain\/218900\/","og_site_name":"webdo","article_publisher":"https:\/\/www.facebook.com\/webdotn","article_published_time":"2025-01-07T15:30:00+00:00","article_modified_time":"2025-05-20T21:44:23+00:00","og_image":[{"width":750,"height":400,"url":"https:\/\/www.webdo.tn\/fr\/wp-content\/uploads\/2025\/05\/35fd72f084871515a80b7b5da79359f8-2.webp","type":"image\/webp"}],"author":"MC","twitter_card":"summary_large_image","twitter_creator":"@webdo_tn","twitter_site":"@webdo_tn","twitter_misc":{"\u00c9crit par":"MC","Dur\u00e9e de lecture estim\u00e9e":"2 minutes"},"schema":{"@context":"https:\/\/schema.org","@graph":[{"@type":"NewsArticle","@id":"https:\/\/www.webdo.tn\/fr\/actualite\/sport\/dries-arfaoui-nouvelle-recrue-du-club-africain\/218900\/#article","isPartOf":{"@id":"https:\/\/www.webdo.tn\/fr\/actualite\/sport\/dries-arfaoui-nouvelle-recrue-du-club-africain\/218900\/"},"author":{"name":"MC","@id":"https:\/\/www.webdo.tn\/fr\/#\/schema\/person\/2c4929cbf5a809e3bd38617c6ce150f6"},"headline":"Dries Arfaoui, nouvelle recrue du Club Africain","datePublished":"2025-01-07T15:30:00+00:00","dateModified":"2025-05-20T21:44:23+00:00","mainEntityOfPage":{"@id":"https:\/\/www.webdo.tn\/fr\/actualite\/sport\/dries-arfaoui-nouvelle-recrue-du-club-africain\/218900\/"},"wordCount":338,"commentCount":0,"publisher":{"@id":"https:\/\/www.webdo.tn\/fr\/#organization"},"image":{"@id":"https:\/\/www.webdo.tn\/fr\/actualite\/sport\/dries-arfaoui-nouvelle-recrue-du-club-africain\/218900\/#primaryimage"},"thumbnailUrl":"https:\/\/www.webdo.tn\/fr\/wp-content\/uploads\/2025\/05\/35fd72f084871515a80b7b5da79359f8-2.webp","keywords":["Club Africain","Dries Arfaoui","Ligue 1","recrutement","Tunisie"],"articleSection":["Sport"],"inLanguage":"fr-FR"},{"@type":"WebPage","@id":"https:\/\/www.webdo.tn\/fr\/actualite\/sport\/dries-arfaoui-nouvelle-recrue-du-club-africain\/218900\/","url":"https:\/\/www.webdo.tn\/fr\/actualite\/sport\/dries-arfaoui-nouvelle-recrue-du-club-africain\/218900\/","name":"Dries Arfaoui, nouvelle recrue du Club Africain","isPartOf":{"@id":"https:\/\/www.webdo.tn\/fr\/#website"},"primaryImageOfPage":{"@id":"https:\/\/www.webdo.tn\/fr\/actualite\/sport\/dries-arfaoui-nouvelle-recrue-du-club-africain\/218900\/#primaryimage"},"image":{"@id":"https:\/\/www.webdo.tn\/fr\/actualite\/sport\/dries-arfaoui-nouvelle-recrue-du-club-africain\/218900\/#primaryimage"},"thumbnailUrl":"https:\/\/www.webdo.tn\/fr\/wp-content\/uploads\/2025\/05\/35fd72f084871515a80b7b5da79359f8-2.webp","datePublished":"2025-01-07T15:30:00+00:00","dateModified":"2025-05-20T21:44:23+00:00","description":"Le Club Africain a officialis\u00e9, ce mardi, l\u2019arriv\u00e9e du gardien tuniso-belge Dries Arfaoui, qui a sign\u00e9 un contrat de deux saisons et demie avec le club de Bab J...","breadcrumb":{"@id":"https:\/\/www.webdo.tn\/fr\/actualite\/sport\/dries-arfaoui-nouvelle-recrue-du-club-africain\/218900\/#breadcrumb"},"inLanguage":"fr-FR","potentialAction":[{"@type":"ReadAction","target":["https:\/\/www.webdo.tn\/fr\/actualite\/sport\/dries-arfaoui-nouvelle-recrue-du-club-africain\/218900\/"]}]},{"@type":"ImageObject","inLanguage":"fr-FR","@id":"https:\/\/www.webdo.tn\/fr\/actualite\/sport\/dries-arfaoui-nouvelle-recrue-du-club-africain\/218900\/#primaryimage","url":"https:\/\/www.webdo.tn\/fr\/wp-content\/uploads\/2025\/05\/35fd72f084871515a80b7b5da79359f8-2.webp","contentUrl":"https:\/\/www.webdo.tn\/fr\/wp-content\/uploads\/2025\/05\/35fd72f084871515a80b7b5da79359f8-2.webp","width":750,"height":400},{"@type":"BreadcrumbList","@id":"https:\/\/www.webdo.tn\/fr\/actualite\/sport\/dries-arfaoui-nouvelle-recrue-du-club-africain\/218900\/#breadcrumb","itemListElement":[{"@type":"ListItem","position":1,"name":"Accueil","item":"https:\/\/www.webdo.tn\/fr\/"},{"@type":"ListItem","position":2,"name":"Dries Arfaoui, nouvelle recrue du Club Africain"}]},{"@type":"WebSite","@id":"https:\/\/www.webdo.tn\/fr\/#website","url":"https:\/\/www.webdo.tn\/fr\/","name":"webdo","description":"Tunisie - News en Tunisie et \u00e0 l&#039;international sur Webdo.tn","publisher":{"@id":"https:\/\/www.webdo.tn\/fr\/#organization"},"potentialAction":[{"@type":"SearchAction","target":{"@type":"EntryPoint","urlTemplate":"https:\/\/www.webdo.tn\/fr\/?s={search_term_string}"},"query-input":{"@type":"PropertyValueSpecification","valueRequired":true,"valueName":"search_term_string"}}],"inLanguage":"fr-FR"},{"@type":"Organization","@id":"https:\/\/www.webdo.tn\/fr\/#organization","name":"Webdo","alternateName":"Webdo.tn","url":"https:\/\/www.webdo.tn\/fr\/","logo":{"@type":"ImageObject","inLanguage":"fr-FR","@id":"https:\/\/www.webdo.tn\/fr\/#\/schema\/logo\/image\/","url":"https:\/\/www.webdo.tn\/fr\/wp-content\/uploads\/2025\/06\/Webdo-Tunisie_168377.jpg","contentUrl":"https:\/\/www.webdo.tn\/fr\/wp-content\/uploads\/2025\/06\/Webdo-Tunisie_168377.jpg","width":301,"height":301,"caption":"Webdo"},"image":{"@id":"https:\/\/www.webdo.tn\/fr\/#\/schema\/logo\/image\/"},"sameAs":["https:\/\/www.facebook.com\/webdotn","https:\/\/x.com\/webdo_tn"],"description":"Webdo est un m\u00e9dia num\u00e9rique tunisien fond\u00e9 en 2010, sp\u00e9cialis\u00e9 dans l\u2019actualit\u00e9 nationale et internationale, l\u2019\u00e9conomie, la soci\u00e9t\u00e9 et les analyses politiques. Le site s\u2019adresse \u00e0 un large public francophone et couvre l\u2019information tunisienne en temps r\u00e9el.","email":"redac@webdo.tn","legalName":"YNJ SARL","foundingDate":"2010-09-06","numberOfEmployees":{"@type":"QuantitativeValue","minValue":"11","maxValue":"50"}},{"@type":"Person","@id":"https:\/\/www.webdo.tn\/fr\/#\/schema\/person\/2c4929cbf5a809e3bd38617c6ce150f6","name":"MC","image":{"@type":"ImageObject","inLanguage":"fr-FR","@id":"https:\/\/secure.gravatar.com\/avatar\/a545bbb6f84efdd5553dbbc2895e3ca8f1d12c5215e00a041c9670b54aa9b18a?s=96&d=mm&r=g","url":"https:\/\/secure.gravatar.com\/avatar\/a545bbb6f84efdd5553dbbc2895e3ca8f1d12c5215e00a041c9670b54aa9b18a?s=96&d=mm&r=g","contentUrl":"https:\/\/secure.gravatar.com\/avatar\/a545bbb6f84efdd5553dbbc2895e3ca8f1d12c5215e00a041c9670b54aa9b18a?s=96&d=mm&r=g","caption":"MC"},"url":"https:\/\/www.webdo.tn\/fr\/actualite\/author\/mc\/"}]}},"_links":{"self":[{"href":"https:\/\/www.webdo.tn\/fr\/wp-json\/wp\/v2\/posts\/218900","targetHints":{"allow":["GET"]}}],"collection":[{"href":"https:\/\/www.webdo.tn\/fr\/wp-json\/wp\/v2\/posts"}],"about":[{"href":"https:\/\/www.webdo.tn\/fr\/wp-json\/wp\/v2\/types\/post"}],"author":[{"embeddable":true,"href":"https:\/\/www.webdo.tn\/fr\/wp-json\/wp\/v2\/users\/3162"}],"replies":[{"embeddable":true,"href":"https:\/\/www.webdo.tn\/fr\/wp-json\/wp\/v2\/comments?post=218900"}],"version-history":[{"count":0,"href":"https:\/\/www.webdo.tn\/fr\/wp-json\/wp\/v2\/posts\/218900\/revisions"}],"wp:featuredmedia":[{"embeddable":true,"href":"https:\/\/www.webdo.tn\/fr\/wp-json\/wp\/v2\/media\/242980"}],"wp:attachment":[{"href":"https:\/\/www.webdo.tn\/fr\/wp-json\/wp\/v2\/media?parent=218900"}],"wp:term":[{"taxonomy":"category","embeddable":true,"href":"https:\/\/www.webdo.tn\/fr\/wp-json\/wp\/v2\/categories?post=218900"},{"taxonomy":"post_tag","embeddable":true,"href":"https:\/\/www.webdo.tn\/fr\/wp-json\/wp\/v2\/tags?post=218900"}],"curies":[{"name":"wp","href":"https:\/\/api.w.org\/{rel}","templated":true}]}}